{"id":84179,"date":"2026-08-04T08:40:39","date_gmt":"2026-08-04T06:40:39","guid":{"rendered":"https:\/\/forcadell.com\/propiedades\/park-cugat\/"},"modified":"2026-09-01T08:37:29","modified_gmt":"2026-09-01T06:37:29","slug":"park-cugat","status":"publish","type":"properties_post","link":"https:\/\/forcadell.com\/en\/propiedades\/park-cugat\/","title":{"rendered":"PARK CUGAT"},"content":{"rendered":"<p>Moderno y vers\u00e1til edificio de oficinas situado a pocos minutos de Barcelona, integrado en complejo empresarial AP-7, rodeado de zonas ajardinadas.<br \/>\nUbicado en \u00e1rea m\u00e1s consolidada del P.E. Can Sant Joan en Sant Cugat del Vall\u00e8s, con fachada directa a la AP-7 y estaci\u00f3n<br \/>\nCon una SBA de 12.000 m\u00b2 distribuidos en PB + 4 y con 4 planta bajo rasante con m\u00e1s de 400 plazas de aparcamiento. Cuenta con una superficie por planta de 2.500 m\u00b2, inexistente en otros edificios de Sant Cugat, as\u00ed como con un auditorio con capacidad para albergar hasta 200 personas. <\/p>\n<p>Caracter\u00edsticas generales del Edificio:<br \/>\n3 ascensores<br \/>\nFachada acristalada muro cortina<br \/>\nPlacas solares fotovoltaicas en la cubierta<br \/>\nRestaurante<br \/>\nZona de vestuarios<br \/>\nAlmacenes \/ archivos <\/p>\n<p>Caracter\u00edsticas generales de las oficinas:<br \/>\nPlantas di\u00e1fanas con fachada a los cuatro vientos<br \/>\nN\u00facleos de aseos en zonas comunes<br \/>\nfalse techo con luminarias empotradas<br \/>\nPavimento t\u00e9cnico<br \/>\nClimatizaci\u00f3n fr\u00edo-calor mediante sistema VRV<br \/>\nAltura libre de 2,65 mts.<\/p>\n","protected":false},"template":"","class_list":["post-84179","properties_post","type-properties_post","status-publish","hentry","properties_modality-rent","properties_province-barcelona","properties_zone-periferia","properties_state-sant-cugat-del-valles","properties_subclass-oficinas","properties_type-edificio"],"acf":{"post_type_properties_post_property_code":"243146","post_type_properties_post_property_reference":"23301","post_type_properties_post_owner_id":"29919","post_type_properties_post_owner_name":"CATELLA ASSET MANAGEMENT IBERIA","post_type_properties_post_property_code_encrypted":"MjkkMjc3MTM=","post_type_properties_post_published":"1","post_type_properties_post_property_visibility":"idealista","post_type_properties_post_contact_name":"Forcadell Oficinas Barcelona","post_type_properties_post_contact_email":"forcadell.oficinas.barcelona@movin.cloud","post_type_properties_post_contact_primary_phone_prefix":"34","post_type_properties_post_contact_primary_phone_number":"934965413","post_type_properties_post_address_visibility":"street","post_type_properties_post_address_country":"Spain","post_type_properties_post_address_coordinates_precision":"exact","post_type_properties_post_address_postal_code":"8174","post_type_properties_post_address_coordinates_latitude":"41.4898662","post_type_properties_post_address_coordinates_longitude":"2.0801291","post_type_properties_post_address_street_name":"Avda. Can Fatj\u00f3 dels Aurons 9","post_type_properties_post_address_floor":"","post_type_properties_post_address_town":"Sant Cugat del Vall\u00e8s","post_type_properties_post_building":null,"post_type_properties_post_property":[{"properties_post_description_language":"catalan","properties_post_title":"PARK CUGAT","properties_post_short_description_text_alt":"","properties_post_description_text_alt":"","properties_post_short_description_text":"","properties_post_link_demanda_inmueble":"https:\/\/movin.cloud\/ca\/Forcadell Oficinas Barcelona\/formulari-peticio-immoble\/sth\/2438&&243146","properties_post_link_demanda_calendario_inmueble":"https:\/\/movin.cloud\/ca\/Forcadell Oficinas Barcelona\/calendari-peticio-immoble\/sth\/2438&&243146","properties_post_description_text":"Modern i vers\u00e0til edifici d'oficines situat a pocs minuts de Barcelona, integrat al complex empresarial AP-7, envoltat de zones enjardinades.\nUbicat en \u00e0rea m\u00e9s consolidada del P.E. Can Sant Joan a Sant Cugat del Vall\u00e8s, amb fa\u00e7ana directa a l'AP-7 i estaci\u00f3\nAmb una SBA de 12.000 m\u00b2 distribu\u00efts en PB+4 i amb 4 plantes sota rasant amb m\u00e9s de 400 places d'aparcament. Compta amb una superf\u00edcie per planta de 2.500 m\u00b2, inexistent a altres edificis de Sant Cugat, aix\u00ed com amb un auditori amb capacitat per allotjar fins a 200 persones.\n\nCaracter\u00edstiques generals de l'Edifici:\n3 ascensors\nFa\u00e7ana de vidre mur cortina\nPlaques solars fotovoltaiques a la coberta\nRestaurant\nZona de vestuaris\nMagatzems\/arxius\n\nCaracter\u00edstiques generals de les oficines:\nPlantes di\u00e0fanes amb fa\u00e7ana als quatre vents\nNuclis de cond\u00edcies a zones comuns\nfalse sostre amb llumin\u00e0ries encastades\nPaviment t\u00e8cnic\nClimatitzaci\u00f3 fred-calor mitjan\u00e7ant sistema VRV\nAl\u00e7ada lliure de 2,65 mts.","properties_post_seo_title":"","properties_post_seo_alias":"","properties_post_seo_metadescription":"","properties_post_seo_key_words":"","properties_post_seo_url":"","properties_post_terms_conditions":""},{"properties_post_description_language":"spanish","properties_post_title":"PARK CUGAT","properties_post_short_description_text_alt":"","properties_post_description_text_alt":"","properties_post_short_description_text":"","properties_post_link_demanda_inmueble":"https:\/\/movin.cloud\/es\/Forcadell Oficinas Barcelona\/formulario-peticion-inmueble\/sth\/2438&&243146","properties_post_link_demanda_calendario_inmueble":"https:\/\/movin.cloud\/es\/Forcadell Oficinas Barcelona\/calendario-peticion-inmueble\/sth\/2438&&243146","properties_post_description_text":"Moderno y vers\u00e1til edificio de oficinas situado a pocos minutos de Barcelona, integrado en complejo empresarial AP-7, rodeado de zonas ajardinadas.\nUbicado en \u00e1rea m\u00e1s consolidada del P.E. Can Sant Joan en Sant Cugat del Vall\u00e8s, con fachada directa a la AP-7 y estaci\u00f3n\nCon una SBA de 12.000 m\u00b2 distribuidos en PB + 4 y con 4 planta bajo rasante con m\u00e1s de 400 plazas de aparcamiento. Cuenta con una superficie por planta de 2.500 m\u00b2, inexistente en otros edificios de Sant Cugat, as\u00ed como con un auditorio con capacidad para albergar hasta 200 personas. \n\nCaracter\u00edsticas generales del Edificio:\n3 ascensores\nFachada acristalada muro cortina\nPlacas solares fotovoltaicas en la cubierta\nRestaurante\nZona de vestuarios\nAlmacenes \/ archivos \n\nCaracter\u00edsticas generales de las oficinas:\nPlantas di\u00e1fanas con fachada a los cuatro vientos\nN\u00facleos de aseos en zonas comunes\nfalse techo con luminarias empotradas\nPavimento t\u00e9cnico\nClimatizaci\u00f3n fr\u00edo-calor mediante sistema VRV\nAltura libre de 2,65 mts.\n","properties_post_seo_title":"","properties_post_seo_alias":"","properties_post_seo_metadescription":"","properties_post_seo_key_words":"","properties_post_seo_url":"","properties_post_terms_conditions":""}],"post_type_properties_post_features_type":"building","post_type_properties_post_id_building":"","post_type_properties_post_features_area_constructed":1281,"post_type_properties_post_features_conditioned_air":false,"post_type_properties_post_features_doorman":false,"post_type_properties_post_features_heating":false,"post_type_properties_post_features_equipped_kitchen":false,"post_type_properties_post_features_windows_location":"","post_type_properties_post_features_floors_property":false,"post_type_properties_post_features_storage":false,"post_type_properties_post_features_security_door":false,"post_type_properties_post_features_energy_certificate_rating":"unknown","post_type_properties_post_features_energy_certificate_emissions_rating":"","post_type_properties_post_features_energy_certificate_emissions_value":"","post_type_properties_post_features_energy_certificate_performance":"","post_type_properties_post_features_bathroom_inside":false,"post_type_properties_post_precio":15372,"post_type_properties_post_precio_alquiler":1,"post_type_properties_post_record_type_id":"Edificio","post_type_properties_post_categoria__producto":"Oficinas","post_type_properties_post_amueblado":false,"post_type_properties_post_precio_m2":"","post_type_properties_post_zona__comunitaria":false,"post_type_properties_post_electrodomesticos":false,"post_type_properties_post_patio__interior":false,"post_type_properties_post_certificado_energetico_general":"","post_type_properties_post_certificado_energetico_consumo":"","post_type_properties_post_certificado_energetico_valor_emisiones":"","post_type_properties_post_certificado_energetico_valor_consumo":"","post_type_properties_post_modalidad":"rent","post_type_properties_post_provincia":"Barcelona","post_type_properties_post_poblacion":"Sant Cugat del Vall\u00e8s","post_type_properties_post_centro__urbano":false,"post_type_properties_post_zonificacion":"Periferia","post_type_properties_post_cartera":"","post_type_properties_post_titulo_catalan":"PARK CUGAT","post_type_properties_post_internet_catalan":"Modern i vers\u00e0til edifici d'oficines situat a pocs minuts de Barcelona, integrat al complex empresarial AP-7, envoltat de zones enjardinades.\nUbicat en \u00e0rea m\u00e9s consolidada del P.E. Can Sant Joan a Sant Cugat del Vall\u00e8s, amb fa\u00e7ana directa a l'AP-7 i estaci\u00f3\nAmb una SBA de 12.000 m\u00b2 distribu\u00efts en PB+4 i amb 4 plantes sota rasant amb m\u00e9s de 400 places d'aparcament. Compta amb una superf\u00edcie per planta de 2.500 m\u00b2, inexistent a altres edificis de Sant Cugat, aix\u00ed com amb un auditori amb capacitat per allotjar fins a 200 persones.\n\nCaracter\u00edstiques generals de l'Edifici:\n3 ascensors\nFa\u00e7ana de vidre mur cortina\nPlaques solars fotovoltaiques a la coberta\nRestaurant\nZona de vestuaris\nMagatzems\/arxius\n\nCaracter\u00edstiques generals de les oficines:\nPlantes di\u00e0fanes amb fa\u00e7ana als quatre vents\nNuclis de cond\u00edcies a zones comuns\nfalse sostre amb llumin\u00e0ries encastades\nPaviment t\u00e8cnic\nClimatitzaci\u00f3 fred-calor mitjan\u00e7ant sistema VRV\nAl\u00e7ada lliure de 2,65 mts.","post_type_properties_post_titulo_castellano":"PARK CUGAT","post_type_properties_post_internet_castellano":"Moderno y vers\u00e1til edificio de oficinas situado a pocos minutos de Barcelona, integrado en complejo empresarial AP-7, rodeado de zonas ajardinadas.\nUbicado en \u00e1rea m\u00e1s consolidada del P.E. Can Sant Joan en Sant Cugat del Vall\u00e8s, con fachada directa a la AP-7 y estaci\u00f3n\nCon una SBA de 12.000 m\u00b2 distribuidos en PB + 4 y con 4 planta bajo rasante con m\u00e1s de 400 plazas de aparcamiento. Cuenta con una superficie por planta de 2.500 m\u00b2, inexistente en otros edificios de Sant Cugat, as\u00ed como con un auditorio con capacidad para albergar hasta 200 personas. \n\nCaracter\u00edsticas generales del Edificio:\n3 ascensores\nFachada acristalada muro cortina\nPlacas solares fotovoltaicas en la cubierta\nRestaurante\nZona de vestuarios\nAlmacenes \/ archivos \n\nCaracter\u00edsticas generales de las oficinas:\nPlantas di\u00e1fanas con fachada a los cuatro vientos\nN\u00facleos de aseos en zonas comunes\nfalse techo con luminarias empotradas\nPavimento t\u00e9cnico\nClimatizaci\u00f3n fr\u00edo-calor mediante sistema VRV\nAltura libre de 2,65 mts.\n","post_type_properties_post_titulo_ingles":"","post_type_properties_post_internet_ingles":"","post_type_properties_post_features_classification_commercial":false,"post_type_properties_post_features_conservation":"","post_type_properties_post_features_security_personnel":true,"post_type_properties_post_features_parking_available":false,"post_type_properties_post_features_garage_capacity_type":"","post_type_properties_post_features_bathroom_number":"","post_type_properties_post_eje":"","post_type_properties_post_zona":"","post_type_properties_post_comarca":"","post_type_properties_post_features_built_year":"","post_type_properties_post_renta_mensual":"","post_type_properties_post_fianza":"","post_type_properties_post_features_area_plot":"","post_type_properties_post_features_area_buildable":"","post_type_properties_post_features_classification_industrial":false,"post_type_properties_post_distrito":"","post_type_properties_post_features_balcony":false,"post_type_properties_post_features_bedroom_number":"","post_type_properties_post_features_heating_type":"","post_type_properties_post_features_equipped_with_furniture":false,"post_type_properties_post_features_pets_allowed":false,"post_type_properties_post_features_pool":false,"post_type_properties_post_features_terrace":false,"post_type_properties_post_features_wardrobes":false,"post_type_properties_post_features_lift_available":false,"post_type_properties_post_features_handicap_adapted_access":false,"post_type_properties_post_features_orientation_east":false,"post_type_properties_post_features_orientation_west":false,"post_type_properties_post_features_orientation_north":false,"post_type_properties_post_features_orientation_south":false,"post_type_properties_post_features_parking_spaces_number":"","post_type_properties_post_features_security_alarm":false,"post_type_properties_post_features_security_system":false,"post_type_properties_post_open_plan":false,"post_type_properties_post_acceso_24_7":false,"post_type_properties_post_oficina_privada":false,"post_type_properties_post_sala_reuniones":false,"post_type_properties_post_espacio_eventos":false,"post_type_properties_post_office":false,"post_type_properties_post_restaurant":false,"post_type_properties_post_acepta_traspaso":false,"post_type_properties_post_vigilancia":true,"post_type_properties_post_features_suite":false,"post_type_properties_post_features_vitro":false,"post_type_properties_post_features_oven":false,"post_type_properties_post_features_microwave":false,"post_type_properties_post_features_washing_machine":false,"post_type_properties_post_features_dryer":false,"post_type_properties_post_features_dishwasher":false,"post_type_properties_post_features_fridge":false,"post_type_properties_post_features_fridge_mini":false,"post_type_properties_post_features_kettle":false,"post_type_properties_post_features_toaster":false,"post_type_properties_post_features_coffee_maker":false,"post_type_properties_post_features_iron":false,"post_type_properties_post_features_ironing_board":false,"post_type_properties_post_features_safe":false,"post_type_properties_post_features_internet":false,"post_type_properties_post_features_solarium":false,"post_type_properties_post_features_clean_service":false,"post_type_properties_post_features_t_v":false,"post_type_properties_post_features_satellite_t_v":false,"post_type_properties_post_features_gas_kitchen":false,"post_type_properties_post_features_view_mountain":false,"post_type_properties_post_features_view_sea":false,"post_type_properties_post_features_concierge":true,"post_type_properties_post_features_loading_dock":false,"post_type_properties_post_features_bridge_crane":false,"post_type_properties_post_features_located_at_corner":false,"post_type_properties_post_features_smoke_extraction":false,"post_type_properties_post_features_rooms":"","post_type_properties_post_features_garden_area":"","post_type_properties_post_features_utilities_water":false,"post_type_properties_post_features_utilities_electricity":false,"post_type_properties_post_features_utilities_natural_gas":false,"post_type_properties_post_features_building_adapted":false,"post_type_properties_post_features_garden":false,"post_type_properties_post_features_classification_hotel":false,"post_type_properties_post_features_classification_chalet":false,"post_type_properties_post_certificado_energetico_emisiones":"","post_type_properties_post_barrio":"","post_type_properties_post_distrito_empresa":"","post_type_properties_post_features_property_category_intern":"","post_type_properties_post_implantada":false,"post_type_properties_post_sello_leed":"","post_type_properties_post_sello_well":"","post_type_properties_post_sello_breeam":false,"post_type_properties_post_images":[{"properties_post_image_order":1,"properties_post_image_url":"https:\/\/movin.cloud\/empresas\/2438\/imagenes\/243146\/rent.webp","properties_post_image_url_thumbnail":"https:\/\/movin.cloud\/empresas\/2438\/imagenes\/thumbnails\/243146\/rent.webp","properties_post_title":"rent","properties_post_alt":"rent"},{"properties_post_image_order":2,"properties_post_image_url":"https:\/\/movin.cloud\/empresas\/2438\/imagenes\/243146\/viviendas.webp","properties_post_image_url_thumbnail":"https:\/\/movin.cloud\/empresas\/2438\/imagenes\/thumbnails\/243146\/viviendas.webp","properties_post_title":"viviendas","properties_post_alt":"viviendas"},{"properties_post_image_order":3,"properties_post_image_url":"https:\/\/movin.cloud\/empresas\/2438\/imagenes\/243146\/alquiler-para-idealista.webp","properties_post_image_url_thumbnail":"https:\/\/movin.cloud\/empresas\/2438\/imagenes\/thumbnails\/243146\/alquiler-para-idealista.webp","properties_post_title":"alquiler para idealista","properties_post_alt":"alquiler para idealista"},{"properties_post_image_order":4,"properties_post_image_url":"https:\/\/movin.cloud\/empresas\/2438\/imagenes\/243146\/alquiler-idealistas.webp","properties_post_image_url_thumbnail":"https:\/\/movin.cloud\/empresas\/2438\/imagenes\/thumbnails\/243146\/alquiler-idealistas.webp","properties_post_title":"alquiler idealistas","properties_post_alt":"alquiler idealistas"},{"properties_post_image_order":5,"properties_post_image_url":"https:\/\/movin.cloud\/empresas\/2438\/imagenes\/243146\/habitalia.webp","properties_post_image_url_thumbnail":"https:\/\/movin.cloud\/empresas\/2438\/imagenes\/thumbnails\/243146\/habitalia.webp","properties_post_title":"habitalia","properties_post_alt":"habitalia"},{"properties_post_image_order":6,"properties_post_image_url":"https:\/\/movin.cloud\/empresas\/2438\/imagenes\/243146\/en-alquiler.webp","properties_post_image_url_thumbnail":"https:\/\/movin.cloud\/empresas\/2438\/imagenes\/thumbnails\/243146\/en-alquiler.webp","properties_post_title":"en alquiler","properties_post_alt":"en alquiler"},{"properties_post_image_order":7,"properties_post_image_url":"https:\/\/movin.cloud\/empresas\/2438\/imagenes\/243146\/alquiler.webp","properties_post_image_url_thumbnail":"https:\/\/movin.cloud\/empresas\/2438\/imagenes\/thumbnails\/243146\/alquiler.webp","properties_post_title":"alquiler","properties_post_alt":"alquiler"},{"properties_post_image_order":8,"properties_post_image_url":"https:\/\/movin.cloud\/empresas\/2438\/imagenes\/243146\/alquiler-para-idealistas.webp","properties_post_image_url_thumbnail":"https:\/\/movin.cloud\/empresas\/2438\/imagenes\/thumbnails\/243146\/alquiler-para-idealistas.webp","properties_post_title":"alquiler para idealistas","properties_post_alt":"alquiler para idealistas"}],"post_type_properties_post_videos":null,"post_type_properties_post_tour":null,"post_type_properties_post_dossier_url":"","post_type_properties_post_operation_type":"rent","post_type_properties_post_operation_price":1,"post_type_properties_post_features_hidden_price":false},"yoast_head":"<!-- This site is optimized with the Yoast SEO plugin v27.4 - https:\/\/yoast.com\/product\/yoast-seo-wordpress\/ -->\n<title>PARK CUGAT<\/title>\n<meta name=\"robots\" content=\"index, follow, max-snippet:-1, max-image-preview:large, max-video-preview:-1\" \/>\n<link rel=\"canonical\" href=\"https:\/\/forcadell.com\/en\/propiedades\/park-cugat\/\" \/>\n<meta property=\"og:locale\" content=\"en_US\" \/>\n<meta property=\"og:type\" content=\"article\" \/>\n<meta property=\"og:title\" content=\"PARK CUGAT\" \/>\n<meta property=\"og:description\" content=\"Moderno y vers\u00e1til edificio de oficinas situado a pocos minutos de Barcelona, integrado en complejo empresarial AP-7, rodeado de zonas ajardinadas. Ubicado en \u00e1rea m\u00e1s consolidada del P.E. Can Sant Joan en Sant Cugat del Vall\u00e8s, con fachada directa a la AP-7 y estaci\u00f3n Con una SBA de 12.000 m\u00b2 distribuidos en PB + 4 [&hellip;]\" \/>\n<meta property=\"og:url\" content=\"https:\/\/forcadell.com\/en\/propiedades\/park-cugat\/\" \/>\n<meta property=\"og:site_name\" content=\"Forcadell\" \/>\n<meta property=\"article:modified_time\" content=\"2026-09-01T06:37:29+00:00\" \/>\n<meta name=\"twitter:card\" content=\"summary_large_image\" \/>\n<meta name=\"twitter:label1\" content=\"Est. reading time\" \/>\n\t<meta name=\"twitter:data1\" content=\"1 minute\" \/>\n<script type=\"application\/ld+json\" class=\"yoast-schema-graph\">{\"@context\":\"https:\\\/\\\/schema.org\",\"@graph\":[{\"@type\":\"WebPage\",\"@id\":\"https:\\\/\\\/forcadell.com\\\/en\\\/propiedades\\\/park-cugat\\\/\",\"url\":\"https:\\\/\\\/forcadell.com\\\/en\\\/propiedades\\\/park-cugat\\\/\",\"name\":\"PARK CUGAT\",\"isPartOf\":{\"@id\":\"https:\\\/\\\/forcadell.com\\\/en\\\/#website\"},\"datePublished\":\"2026-08-04T06:40:39+00:00\",\"dateModified\":\"2026-09-01T06:37:29+00:00\",\"breadcrumb\":{\"@id\":\"https:\\\/\\\/forcadell.com\\\/en\\\/propiedades\\\/park-cugat\\\/#breadcrumb\"},\"inLanguage\":\"en-US\",\"potentialAction\":[{\"@type\":\"ReadAction\",\"target\":[\"https:\\\/\\\/forcadell.com\\\/en\\\/propiedades\\\/park-cugat\\\/\"]}]},{\"@type\":\"BreadcrumbList\",\"@id\":\"https:\\\/\\\/forcadell.com\\\/en\\\/propiedades\\\/park-cugat\\\/#breadcrumb\",\"itemListElement\":[{\"@type\":\"ListItem\",\"position\":1,\"name\":\"Portada\",\"item\":\"https:\\\/\\\/forcadell.com\\\/en\\\/\"},{\"@type\":\"ListItem\",\"position\":2,\"name\":\"Properties\",\"item\":\"https:\\\/\\\/forcadell.com\\\/en\\\/propiedades\\\/\"},{\"@type\":\"ListItem\",\"position\":3,\"name\":\"PARK CUGAT\"}]},{\"@type\":\"WebSite\",\"@id\":\"https:\\\/\\\/forcadell.com\\\/en\\\/#website\",\"url\":\"https:\\\/\\\/forcadell.com\\\/en\\\/\",\"name\":\"Forcadell\",\"description\":\"Inmobiliaria Barcelona | Consultores inmobiliarios\",\"potentialAction\":[{\"@type\":\"SearchAction\",\"target\":{\"@type\":\"EntryPoint\",\"urlTemplate\":\"https:\\\/\\\/forcadell.com\\\/en\\\/?s={search_term_string}\"},\"query-input\":{\"@type\":\"PropertyValueSpecification\",\"valueRequired\":true,\"valueName\":\"search_term_string\"}}],\"inLanguage\":\"en-US\"}]}<\/script>\n<!-- \/ Yoast SEO plugin. -->","yoast_head_json":{"title":"PARK CUGAT","robots":{"index":"index","follow":"follow","max-snippet":"max-snippet:-1","max-image-preview":"max-image-preview:large","max-video-preview":"max-video-preview:-1"},"canonical":"https:\/\/forcadell.com\/en\/propiedades\/park-cugat\/","og_locale":"en_US","og_type":"article","og_title":"PARK CUGAT","og_description":"Moderno y vers\u00e1til edificio de oficinas situado a pocos minutos de Barcelona, integrado en complejo empresarial AP-7, rodeado de zonas ajardinadas. Ubicado en \u00e1rea m\u00e1s consolidada del P.E. Can Sant Joan en Sant Cugat del Vall\u00e8s, con fachada directa a la AP-7 y estaci\u00f3n Con una SBA de 12.000 m\u00b2 distribuidos en PB + 4 [&hellip;]","og_url":"https:\/\/forcadell.com\/en\/propiedades\/park-cugat\/","og_site_name":"Forcadell","article_modified_time":"2026-09-01T06:37:29+00:00","twitter_card":"summary_large_image","twitter_misc":{"Est. reading time":"1 minute"},"schema":{"@context":"https:\/\/schema.org","@graph":[{"@type":"WebPage","@id":"https:\/\/forcadell.com\/en\/propiedades\/park-cugat\/","url":"https:\/\/forcadell.com\/en\/propiedades\/park-cugat\/","name":"PARK CUGAT","isPartOf":{"@id":"https:\/\/forcadell.com\/en\/#website"},"datePublished":"2026-08-04T06:40:39+00:00","dateModified":"2026-09-01T06:37:29+00:00","breadcrumb":{"@id":"https:\/\/forcadell.com\/en\/propiedades\/park-cugat\/#breadcrumb"},"inLanguage":"en-US","potentialAction":[{"@type":"ReadAction","target":["https:\/\/forcadell.com\/en\/propiedades\/park-cugat\/"]}]},{"@type":"BreadcrumbList","@id":"https:\/\/forcadell.com\/en\/propiedades\/park-cugat\/#breadcrumb","itemListElement":[{"@type":"ListItem","position":1,"name":"Portada","item":"https:\/\/forcadell.com\/en\/"},{"@type":"ListItem","position":2,"name":"Properties","item":"https:\/\/forcadell.com\/en\/propiedades\/"},{"@type":"ListItem","position":3,"name":"PARK CUGAT"}]},{"@type":"WebSite","@id":"https:\/\/forcadell.com\/en\/#website","url":"https:\/\/forcadell.com\/en\/","name":"Forcadell","description":"Inmobiliaria Barcelona | Consultores inmobiliarios","potentialAction":[{"@type":"SearchAction","target":{"@type":"EntryPoint","urlTemplate":"https:\/\/forcadell.com\/en\/?s={search_term_string}"},"query-input":{"@type":"PropertyValueSpecification","valueRequired":true,"valueName":"search_term_string"}}],"inLanguage":"en-US"}]}},"_links":{"self":[{"href":"https:\/\/forcadell.com\/en\/wp-json\/wp\/v2\/properties_post\/84179","targetHints":{"allow":["GET"]}}],"collection":[{"href":"https:\/\/forcadell.com\/en\/wp-json\/wp\/v2\/properties_post"}],"about":[{"href":"https:\/\/forcadell.com\/en\/wp-json\/wp\/v2\/types\/properties_post"}],"wp:attachment":[{"href":"https:\/\/forcadell.com\/en\/wp-json\/wp\/v2\/media?parent=84179"}],"curies":[{"name":"wp","href":"https:\/\/api.w.org\/{rel}","templated":true}]}}