{"id":84104,"date":"2026-08-04T08:37:57","date_gmt":"2026-08-04T06:37:57","guid":{"rendered":"https:\/\/forcadell.com\/propiedades\/plaza-de-parking-de-1395-m%c2%b2-junto-a-la-rambla-de-sabadell-2\/"},"modified":"2026-09-01T08:36:46","modified_gmt":"2026-09-01T06:36:46","slug":"plaza-de-parking-de-1395-m%c2%b2-junto-a-la-rambla-de-sabadell-2","status":"publish","type":"properties_post","link":"https:\/\/forcadell.com\/en\/propiedades\/plaza-de-parking-de-1395-m%c2%b2-junto-a-la-rambla-de-sabadell-2\/","title":{"rendered":"Plaza de Parking de 13,95 m\u00b2 junto a la Rambla de Sabadell"},"content":{"rendered":"<p>FORCADELL vende plaza de aparcamiento situada en la calle Sant Pau, en pleno centro de Sabadell, ubicada en la planta s\u00f3tano -1.<\/p>\n<p>Plaza de 11,02 m\u00b2 (2,25 x 4,90 m).<\/p>\n<p>El acceso peatonal es independiente, aportando mayor comodidad y seguridad.<\/p>\n<p>Su excelente ubicaci\u00f3n, junto a la Rambla de Sabadell, la convierte en una magn\u00edfica opci\u00f3n tanto para uso propio como para inversi\u00f3n.<\/p>\n","protected":false},"template":"","class_list":["post-84104","properties_post","type-properties_post","status-publish","hentry","properties_modality-sale","properties_province-barcelona","properties_state-sabadell","properties_subclass-parking","properties_type-parking"],"acf":{"post_type_properties_post_property_code":"11249632","post_type_properties_post_property_reference":"TER_3896","post_type_properties_post_owner_id":"","post_type_properties_post_owner_name":"","post_type_properties_post_property_code_encrypted":"MjQ5JDM0MTk5","post_type_properties_post_published":"1","post_type_properties_post_property_visibility":"idealista","post_type_properties_post_contact_name":"Forcadell Terrassa","post_type_properties_post_contact_email":"forcadell.terrassa@movin.cloud","post_type_properties_post_contact_primary_phone_prefix":"34","post_type_properties_post_contact_primary_phone_number":"934965408","post_type_properties_post_address_visibility":"street","post_type_properties_post_address_country":"Spain","post_type_properties_post_address_coordinates_precision":"exact","post_type_properties_post_address_postal_code":"08208","post_type_properties_post_address_coordinates_latitude":"41.552599","post_type_properties_post_address_coordinates_longitude":"2.0989209","post_type_properties_post_address_street_name":"C\/ Sant Pau ","post_type_properties_post_address_floor":"","post_type_properties_post_address_town":"Sabadell","post_type_properties_post_building":null,"post_type_properties_post_property":[{"properties_post_description_language":"catalan","properties_post_title":"Pla\u00e7a d'Aparcament de 13,95 m\u00b2 al costat de la Rambla de Sabadell","properties_post_short_description_text_alt":"","properties_post_description_text_alt":"","properties_post_short_description_text":"Pla\u00e7a d'Aparcament de 13,95 m\u00b2 al costat de la Rambla de Sabadell","properties_post_link_demanda_inmueble":"https:\/\/movin.cloud\/ca\/Forcadell Terrassa\/formulari-peticio-immoble\/sth\/1876&&11249632","properties_post_link_demanda_calendario_inmueble":"https:\/\/movin.cloud\/ca\/Forcadell Terrassa\/calendari-peticio-immoble\/sth\/1876&&11249632","properties_post_description_text":"FORCADELL ven pla\u00e7a d'aparcament situada al carrer Sant Pau, al centre de Sabadell, ubicada a la planta soterrani -1.\n\nPla\u00e7a d'11,02 m\u00b2 (2,25 x 4,90 m).\n\nL'acc\u00e9s de vianants \u00e9s independent, aportant m\u00e9s comoditat i seguretat.\n\nLa seva excel\u00b7lent ubicaci\u00f3, al costat de la Rambla de Sabadell, la converteix en una magn\u00edfica opci\u00f3 tant per a \u00fas propi com per a inversi\u00f3.","properties_post_seo_title":"","properties_post_seo_alias":"","properties_post_seo_metadescription":"","properties_post_seo_key_words":"","properties_post_seo_url":"","properties_post_terms_conditions":""},{"properties_post_description_language":"spanish","properties_post_title":"Plaza de Parking de 13,95 m\u00b2 junto a la Rambla de Sabadell","properties_post_short_description_text_alt":"","properties_post_description_text_alt":"","properties_post_short_description_text":"Plaza de Parking de 13,95 m\u00b2 junto a la Rambla de Sabadell","properties_post_link_demanda_inmueble":"https:\/\/movin.cloud\/es\/Forcadell Terrassa\/formulario-peticion-inmueble\/sth\/1876&&11249632","properties_post_link_demanda_calendario_inmueble":"https:\/\/movin.cloud\/es\/Forcadell Terrassa\/calendario-peticion-inmueble\/sth\/1876&&11249632","properties_post_description_text":"FORCADELL vende plaza de aparcamiento situada en la calle Sant Pau, en pleno centro de Sabadell, ubicada en la planta s\u00f3tano -1.\n\nPlaza de 11,02 m\u00b2 (2,25 x 4,90 m).\n\nEl acceso peatonal es independiente, aportando mayor comodidad y seguridad.\n\nSu excelente ubicaci\u00f3n, junto a la Rambla de Sabadell, la convierte en una magn\u00edfica opci\u00f3n tanto para uso propio como para inversi\u00f3n.","properties_post_seo_title":"","properties_post_seo_alias":"","properties_post_seo_metadescription":"","properties_post_seo_key_words":"","properties_post_seo_url":"","properties_post_terms_conditions":""},{"properties_post_description_language":"english","properties_post_title":"13.95 m\u00b2 Parking Space Next to La Rambla in Sabadell","properties_post_short_description_text_alt":"","properties_post_description_text_alt":"","properties_post_short_description_text":"13.95 m\u00b2 Parking Space Next to La Rambla in Sabadell","properties_post_link_demanda_inmueble":"https:\/\/movin.cloud\/en\/Forcadell Terrassa\/property-form-request\/sth\/1876&&11249632","properties_post_link_demanda_calendario_inmueble":"https:\/\/movin.cloud\/en\/Forcadell Terrassa\/property-calendar-request\/sth\/1876&&11249632","properties_post_description_text":"FORCADELL offers for sale a parking space located on Sant Pau Street, in the centre of Sabadell, on basement level -1.\n\nParking space of 11.02 m\u00b2 (2.25 x 4.90 m).\n\nIt benefits from an independent pedestrian entrance, providing added convenience and security.\n\nIts excellent location next to La Rambla in Sabadell makes it an ideal option for both personal use and investment.","properties_post_seo_title":"","properties_post_seo_alias":"","properties_post_seo_metadescription":"","properties_post_seo_key_words":"","properties_post_seo_url":"","properties_post_terms_conditions":""}],"post_type_properties_post_features_type":"garage","post_type_properties_post_id_building":"","post_type_properties_post_features_area_constructed":11,"post_type_properties_post_features_conditioned_air":false,"post_type_properties_post_features_doorman":false,"post_type_properties_post_features_heating":false,"post_type_properties_post_features_equipped_kitchen":false,"post_type_properties_post_features_windows_location":"","post_type_properties_post_features_floors_property":false,"post_type_properties_post_features_storage":false,"post_type_properties_post_features_security_door":false,"post_type_properties_post_features_energy_certificate_rating":"","post_type_properties_post_features_energy_certificate_emissions_rating":"","post_type_properties_post_features_energy_certificate_emissions_value":"","post_type_properties_post_features_energy_certificate_performance":"","post_type_properties_post_features_bathroom_inside":false,"post_type_properties_post_precio":16000,"post_type_properties_post_precio_alquiler":16000,"post_type_properties_post_record_type_id":"Parking","post_type_properties_post_categoria__producto":"Parking","post_type_properties_post_amueblado":false,"post_type_properties_post_precio_m2":1071.43,"post_type_properties_post_zona__comunitaria":false,"post_type_properties_post_electrodomesticos":false,"post_type_properties_post_patio__interior":false,"post_type_properties_post_certificado_energetico_general":"","post_type_properties_post_certificado_energetico_consumo":"X (Exento)","post_type_properties_post_certificado_energetico_valor_emisiones":"","post_type_properties_post_certificado_energetico_valor_consumo":"","post_type_properties_post_modalidad":"sale","post_type_properties_post_provincia":"Barcelona","post_type_properties_post_poblacion":"Sabadell","post_type_properties_post_centro__urbano":true,"post_type_properties_post_zonificacion":"","post_type_properties_post_cartera":"","post_type_properties_post_titulo_catalan":"Pla\u00e7a d'Aparcament de 13,95 m\u00b2 al costat de la Rambla de Sabadell","post_type_properties_post_internet_catalan":"FORCADELL ven pla\u00e7a d'aparcament situada al carrer Sant Pau, al centre de Sabadell, ubicada a la planta soterrani -1.\n\nPla\u00e7a d'11,02 m\u00b2 (2,25 x 4,90 m).\n\nL'acc\u00e9s de vianants \u00e9s independent, aportant m\u00e9s comoditat i seguretat.\n\nLa seva excel\u00b7lent ubicaci\u00f3, al costat de la Rambla de Sabadell, la converteix en una magn\u00edfica opci\u00f3 tant per a \u00fas propi com per a inversi\u00f3.","post_type_properties_post_titulo_castellano":"Plaza de Parking de 13,95 m\u00b2 junto a la Rambla de Sabadell","post_type_properties_post_internet_castellano":"FORCADELL vende plaza de aparcamiento situada en la calle Sant Pau, en pleno centro de Sabadell, ubicada en la planta s\u00f3tano -1.\n\nPlaza de 11,02 m\u00b2 (2,25 x 4,90 m).\n\nEl acceso peatonal es independiente, aportando mayor comodidad y seguridad.\n\nSu excelente ubicaci\u00f3n, junto a la Rambla de Sabadell, la convierte en una magn\u00edfica opci\u00f3n tanto para uso propio como para inversi\u00f3n.","post_type_properties_post_titulo_ingles":"13.95 m\u00b2 Parking Space Next to La Rambla in Sabadell","post_type_properties_post_internet_ingles":"FORCADELL offers for sale a parking space located on Sant Pau Street, in the centre of Sabadell, on basement level -1.\n\nParking space of 11.02 m\u00b2 (2.25 x 4.90 m).\n\nIt benefits from an independent pedestrian entrance, providing added convenience and security.\n\nIts excellent location next to La Rambla in Sabadell makes it an ideal option for both personal use and investment.","post_type_properties_post_features_classification_commercial":false,"post_type_properties_post_features_conservation":"","post_type_properties_post_features_security_personnel":false,"post_type_properties_post_features_parking_available":false,"post_type_properties_post_features_garage_capacity_type":"unknown","post_type_properties_post_features_bathroom_number":"","post_type_properties_post_eje":"","post_type_properties_post_zona":"","post_type_properties_post_comarca":"","post_type_properties_post_features_built_year":"","post_type_properties_post_renta_mensual":"","post_type_properties_post_fianza":"","post_type_properties_post_features_area_plot":"","post_type_properties_post_features_area_buildable":"","post_type_properties_post_features_classification_industrial":false,"post_type_properties_post_distrito":"","post_type_properties_post_features_balcony":false,"post_type_properties_post_features_bedroom_number":"","post_type_properties_post_features_heating_type":"","post_type_properties_post_features_equipped_with_furniture":false,"post_type_properties_post_features_pets_allowed":false,"post_type_properties_post_features_pool":false,"post_type_properties_post_features_terrace":false,"post_type_properties_post_features_wardrobes":false,"post_type_properties_post_features_lift_available":false,"post_type_properties_post_features_handicap_adapted_access":false,"post_type_properties_post_features_orientation_east":false,"post_type_properties_post_features_orientation_west":false,"post_type_properties_post_features_orientation_north":false,"post_type_properties_post_features_orientation_south":false,"post_type_properties_post_features_parking_spaces_number":"","post_type_properties_post_features_security_alarm":false,"post_type_properties_post_features_security_system":false,"post_type_properties_post_open_plan":false,"post_type_properties_post_acceso_24_7":false,"post_type_properties_post_oficina_privada":false,"post_type_properties_post_sala_reuniones":false,"post_type_properties_post_espacio_eventos":false,"post_type_properties_post_office":false,"post_type_properties_post_restaurant":false,"post_type_properties_post_acepta_traspaso":false,"post_type_properties_post_vigilancia":false,"post_type_properties_post_features_suite":false,"post_type_properties_post_features_vitro":false,"post_type_properties_post_features_oven":false,"post_type_properties_post_features_microwave":false,"post_type_properties_post_features_washing_machine":false,"post_type_properties_post_features_dryer":false,"post_type_properties_post_features_dishwasher":false,"post_type_properties_post_features_fridge":false,"post_type_properties_post_features_fridge_mini":false,"post_type_properties_post_features_kettle":false,"post_type_properties_post_features_toaster":false,"post_type_properties_post_features_coffee_maker":false,"post_type_properties_post_features_iron":false,"post_type_properties_post_features_ironing_board":false,"post_type_properties_post_features_safe":false,"post_type_properties_post_features_internet":false,"post_type_properties_post_features_solarium":false,"post_type_properties_post_features_clean_service":false,"post_type_properties_post_features_t_v":false,"post_type_properties_post_features_satellite_t_v":false,"post_type_properties_post_features_gas_kitchen":false,"post_type_properties_post_features_view_mountain":false,"post_type_properties_post_features_view_sea":false,"post_type_properties_post_features_concierge":false,"post_type_properties_post_features_loading_dock":false,"post_type_properties_post_features_bridge_crane":false,"post_type_properties_post_features_located_at_corner":false,"post_type_properties_post_features_smoke_extraction":false,"post_type_properties_post_features_rooms":"","post_type_properties_post_features_garden_area":"","post_type_properties_post_features_utilities_water":false,"post_type_properties_post_features_utilities_electricity":false,"post_type_properties_post_features_utilities_natural_gas":false,"post_type_properties_post_features_building_adapted":false,"post_type_properties_post_features_garden":false,"post_type_properties_post_features_classification_hotel":false,"post_type_properties_post_features_classification_chalet":false,"post_type_properties_post_certificado_energetico_emisiones":"","post_type_properties_post_barrio":"","post_type_properties_post_distrito_empresa":"","post_type_properties_post_features_property_category_intern":"","post_type_properties_post_implantada":false,"post_type_properties_post_sello_leed":"","post_type_properties_post_sello_well":"","post_type_properties_post_sello_breeam":false,"post_type_properties_post_images":[{"properties_post_image_order":1,"properties_post_image_url":"https:\/\/movin.cloud\/empresas\/1876\/imagenes\/11249632\/viviendas-sabadell.webp","properties_post_image_url_thumbnail":"https:\/\/movin.cloud\/empresas\/1876\/imagenes\/thumbnails\/11249632\/viviendas-sabadell.webp","properties_post_title":"viviendas sabadell","properties_post_alt":"viviendas sabadell"},{"properties_post_image_order":2,"properties_post_image_url":"https:\/\/movin.cloud\/empresas\/1876\/imagenes\/11249632\/venta-viviendas-sabadell.webp","properties_post_image_url_thumbnail":"https:\/\/movin.cloud\/empresas\/1876\/imagenes\/thumbnails\/11249632\/venta-viviendas-sabadell.webp","properties_post_title":"venta viviendas sabadell","properties_post_alt":"venta viviendas sabadell"},{"properties_post_image_order":3,"properties_post_image_url":"https:\/\/movin.cloud\/empresas\/1876\/imagenes\/11249632\/parkings-sabadell.webp","properties_post_image_url_thumbnail":"https:\/\/movin.cloud\/empresas\/1876\/imagenes\/thumbnails\/11249632\/parkings-sabadell.webp","properties_post_title":"parkings sabadell","properties_post_alt":"parkings sabadell"}],"post_type_properties_post_videos":null,"post_type_properties_post_tour":null,"post_type_properties_post_dossier_url":"","post_type_properties_post_operation_type":"sale","post_type_properties_post_operation_price":16000,"post_type_properties_post_features_hidden_price":false},"yoast_head":"<!-- This site is optimized with the Yoast SEO plugin v27.4 - https:\/\/yoast.com\/product\/yoast-seo-wordpress\/ -->\n<title>Plaza de Parking de 13,95 m\u00b2 junto a la Rambla de Sabadell<\/title>\n<meta name=\"description\" content=\"Plaza de Parking de 13,95 m\u00b2 junto a la Rambla de Sabadell\" \/>\n<meta name=\"robots\" content=\"index, follow, max-snippet:-1, max-image-preview:large, max-video-preview:-1\" \/>\n<link rel=\"canonical\" href=\"https:\/\/forcadell.com\/en\/propiedades\/plaza-de-parking-de-1395-m%c2%b2-junto-a-la-rambla-de-sabadell-2\/\" \/>\n<meta property=\"og:locale\" content=\"en_US\" \/>\n<meta property=\"og:type\" content=\"article\" \/>\n<meta property=\"og:title\" content=\"Plaza de Parking de 13,95 m\u00b2 junto a la Rambla de Sabadell\" \/>\n<meta property=\"og:description\" content=\"Plaza de Parking de 13,95 m\u00b2 junto a la Rambla de Sabadell\" \/>\n<meta property=\"og:url\" content=\"https:\/\/forcadell.com\/en\/propiedades\/plaza-de-parking-de-1395-m%c2%b2-junto-a-la-rambla-de-sabadell-2\/\" \/>\n<meta property=\"og:site_name\" content=\"Forcadell\" \/>\n<meta property=\"article:modified_time\" content=\"2026-09-01T06:36:46+00:00\" \/>\n<meta name=\"twitter:card\" content=\"summary_large_image\" \/>\n<script type=\"application\/ld+json\" class=\"yoast-schema-graph\">{\"@context\":\"https:\\\/\\\/schema.org\",\"@graph\":[{\"@type\":\"WebPage\",\"@id\":\"https:\\\/\\\/forcadell.com\\\/en\\\/propiedades\\\/plaza-de-parking-de-1395-m%c2%b2-junto-a-la-rambla-de-sabadell-2\\\/\",\"url\":\"https:\\\/\\\/forcadell.com\\\/en\\\/propiedades\\\/plaza-de-parking-de-1395-m%c2%b2-junto-a-la-rambla-de-sabadell-2\\\/\",\"name\":\"Plaza de Parking de 13,95 m\u00b2 junto a la Rambla de Sabadell\",\"isPartOf\":{\"@id\":\"https:\\\/\\\/forcadell.com\\\/en\\\/#website\"},\"datePublished\":\"2026-08-04T06:37:57+00:00\",\"dateModified\":\"2026-09-01T06:36:46+00:00\",\"description\":\"Plaza de Parking de 13,95 m\u00b2 junto a la Rambla de Sabadell\",\"breadcrumb\":{\"@id\":\"https:\\\/\\\/forcadell.com\\\/en\\\/propiedades\\\/plaza-de-parking-de-1395-m%c2%b2-junto-a-la-rambla-de-sabadell-2\\\/#breadcrumb\"},\"inLanguage\":\"en-US\",\"potentialAction\":[{\"@type\":\"ReadAction\",\"target\":[\"https:\\\/\\\/forcadell.com\\\/en\\\/propiedades\\\/plaza-de-parking-de-1395-m%c2%b2-junto-a-la-rambla-de-sabadell-2\\\/\"]}]},{\"@type\":\"BreadcrumbList\",\"@id\":\"https:\\\/\\\/forcadell.com\\\/en\\\/propiedades\\\/plaza-de-parking-de-1395-m%c2%b2-junto-a-la-rambla-de-sabadell-2\\\/#breadcrumb\",\"itemListElement\":[{\"@type\":\"ListItem\",\"position\":1,\"name\":\"Portada\",\"item\":\"https:\\\/\\\/forcadell.com\\\/en\\\/\"},{\"@type\":\"ListItem\",\"position\":2,\"name\":\"Properties\",\"item\":\"https:\\\/\\\/forcadell.com\\\/en\\\/propiedades\\\/\"},{\"@type\":\"ListItem\",\"position\":3,\"name\":\"Plaza de Parking de 13,95 m\u00b2 junto a la Rambla de Sabadell\"}]},{\"@type\":\"WebSite\",\"@id\":\"https:\\\/\\\/forcadell.com\\\/en\\\/#website\",\"url\":\"https:\\\/\\\/forcadell.com\\\/en\\\/\",\"name\":\"Forcadell\",\"description\":\"Inmobiliaria Barcelona | Consultores inmobiliarios\",\"potentialAction\":[{\"@type\":\"SearchAction\",\"target\":{\"@type\":\"EntryPoint\",\"urlTemplate\":\"https:\\\/\\\/forcadell.com\\\/en\\\/?s={search_term_string}\"},\"query-input\":{\"@type\":\"PropertyValueSpecification\",\"valueRequired\":true,\"valueName\":\"search_term_string\"}}],\"inLanguage\":\"en-US\"}]}<\/script>\n<!-- \/ Yoast SEO plugin. -->","yoast_head_json":{"title":"Plaza de Parking de 13,95 m\u00b2 junto a la Rambla de Sabadell","description":"Plaza de Parking de 13,95 m\u00b2 junto a la Rambla de Sabadell","robots":{"index":"index","follow":"follow","max-snippet":"max-snippet:-1","max-image-preview":"max-image-preview:large","max-video-preview":"max-video-preview:-1"},"canonical":"https:\/\/forcadell.com\/en\/propiedades\/plaza-de-parking-de-1395-m%c2%b2-junto-a-la-rambla-de-sabadell-2\/","og_locale":"en_US","og_type":"article","og_title":"Plaza de Parking de 13,95 m\u00b2 junto a la Rambla de Sabadell","og_description":"Plaza de Parking de 13,95 m\u00b2 junto a la Rambla de Sabadell","og_url":"https:\/\/forcadell.com\/en\/propiedades\/plaza-de-parking-de-1395-m%c2%b2-junto-a-la-rambla-de-sabadell-2\/","og_site_name":"Forcadell","article_modified_time":"2026-09-01T06:36:46+00:00","twitter_card":"summary_large_image","schema":{"@context":"https:\/\/schema.org","@graph":[{"@type":"WebPage","@id":"https:\/\/forcadell.com\/en\/propiedades\/plaza-de-parking-de-1395-m%c2%b2-junto-a-la-rambla-de-sabadell-2\/","url":"https:\/\/forcadell.com\/en\/propiedades\/plaza-de-parking-de-1395-m%c2%b2-junto-a-la-rambla-de-sabadell-2\/","name":"Plaza de Parking de 13,95 m\u00b2 junto a la Rambla de Sabadell","isPartOf":{"@id":"https:\/\/forcadell.com\/en\/#website"},"datePublished":"2026-08-04T06:37:57+00:00","dateModified":"2026-09-01T06:36:46+00:00","description":"Plaza de Parking de 13,95 m\u00b2 junto a la Rambla de Sabadell","breadcrumb":{"@id":"https:\/\/forcadell.com\/en\/propiedades\/plaza-de-parking-de-1395-m%c2%b2-junto-a-la-rambla-de-sabadell-2\/#breadcrumb"},"inLanguage":"en-US","potentialAction":[{"@type":"ReadAction","target":["https:\/\/forcadell.com\/en\/propiedades\/plaza-de-parking-de-1395-m%c2%b2-junto-a-la-rambla-de-sabadell-2\/"]}]},{"@type":"BreadcrumbList","@id":"https:\/\/forcadell.com\/en\/propiedades\/plaza-de-parking-de-1395-m%c2%b2-junto-a-la-rambla-de-sabadell-2\/#breadcrumb","itemListElement":[{"@type":"ListItem","position":1,"name":"Portada","item":"https:\/\/forcadell.com\/en\/"},{"@type":"ListItem","position":2,"name":"Properties","item":"https:\/\/forcadell.com\/en\/propiedades\/"},{"@type":"ListItem","position":3,"name":"Plaza de Parking de 13,95 m\u00b2 junto a la Rambla de Sabadell"}]},{"@type":"WebSite","@id":"https:\/\/forcadell.com\/en\/#website","url":"https:\/\/forcadell.com\/en\/","name":"Forcadell","description":"Inmobiliaria Barcelona | Consultores inmobiliarios","potentialAction":[{"@type":"SearchAction","target":{"@type":"EntryPoint","urlTemplate":"https:\/\/forcadell.com\/en\/?s={search_term_string}"},"query-input":{"@type":"PropertyValueSpecification","valueRequired":true,"valueName":"search_term_string"}}],"inLanguage":"en-US"}]}},"_links":{"self":[{"href":"https:\/\/forcadell.com\/en\/wp-json\/wp\/v2\/properties_post\/84104","targetHints":{"allow":["GET"]}}],"collection":[{"href":"https:\/\/forcadell.com\/en\/wp-json\/wp\/v2\/properties_post"}],"about":[{"href":"https:\/\/forcadell.com\/en\/wp-json\/wp\/v2\/types\/properties_post"}],"wp:attachment":[{"href":"https:\/\/forcadell.com\/en\/wp-json\/wp\/v2\/media?parent=84104"}],"curies":[{"name":"wp","href":"https:\/\/api.w.org\/{rel}","templated":true}]}}