{"id":84075,"date":"2026-08-04T08:36:21","date_gmt":"2026-08-04T06:36:21","guid":{"rendered":"https:\/\/forcadell.com\/propiedades\/plaza-s-1-ud-o-hasta-4-ud-de-aparcamiento-zona-av-angel-sallent-esquina-c-dr-salva\/"},"modified":"2026-09-01T08:36:34","modified_gmt":"2026-09-01T06:36:34","slug":"plaza-s-1-ud-o-hasta-4-ud-de-aparcamiento-zona-av-angel-sallent-esquina-c-dr-salva","status":"publish","type":"properties_post","link":"https:\/\/forcadell.com\/en\/propiedades\/plaza-s-1-ud-o-hasta-4-ud-de-aparcamiento-zona-av-angel-sallent-esquina-c-dr-salva\/","title":{"rendered":"Plaza (s), 1 ud o hasta 4 ud, de Aparcamiento (Zona Av. \u00c0ngel Sallent esquina c\/ Dr. Salv\u00e0)"},"content":{"rendered":"<p>Amplia (s) plaza (s) de aparcamiento para coche grande y moto; se encuentra (n) en Planta -1 y cuenta (n) con 4,2 m de largo x 2,25 m de ancho. <\/p>\n<p>Adem\u00e1s, presenta (n) f\u00e1cil acceso mediante puerta autom\u00e1tica, amplia rampa y f\u00e1cil maniobra a trav\u00e9s de amplias circulaciones para entrada y salida. F\u00e1cil conexi\u00f3n a v\u00edas principales como Av. \u00c0ngel Sallent, Ronda Ponent, C-16 (Luego C-58) y Ctra. de Martorell (Estaci\u00f3n de FGC- Terrassa Rambla caminando a 12 minutos y Autobus 3 cercano). <\/p>\n<p>IMPORTANTE: Esta plaza se puede comprar individual o en un conjunto de 4 plazas en total (Contig\u00fcas y similares en precio y medidas).<\/p>\n","protected":false},"template":"","class_list":["post-84075","properties_post","type-properties_post","status-publish","hentry","properties_modality-sale","properties_province-barcelona","properties_state-terrassa","properties_subclass-parking","properties_type-parking"],"acf":{"post_type_properties_post_property_code":"11249181","post_type_properties_post_property_reference":"TER_3800","post_type_properties_post_owner_id":"320371","post_type_properties_post_owner_name":"Francisco Ruiz Montes","post_type_properties_post_property_code_encrypted":"MjQ5JDMzNzQ4","post_type_properties_post_published":"1","post_type_properties_post_property_visibility":"idealista","post_type_properties_post_contact_name":"Forcadell Terrassa","post_type_properties_post_contact_email":"forcadell.terrassa@movin.cloud","post_type_properties_post_contact_primary_phone_prefix":"34","post_type_properties_post_contact_primary_phone_number":"934965408","post_type_properties_post_address_visibility":"street","post_type_properties_post_address_country":"Spain","post_type_properties_post_address_coordinates_precision":"exact","post_type_properties_post_address_postal_code":"08224","post_type_properties_post_address_coordinates_latitude":"41.5602602","post_type_properties_post_address_coordinates_longitude":"2.0016015","post_type_properties_post_address_street_name":"C\/ Doctor Salva ","post_type_properties_post_address_floor":"","post_type_properties_post_address_town":"Terrassa","post_type_properties_post_building":null,"post_type_properties_post_property":[{"properties_post_description_language":"catalan","properties_post_title":"Pla\u00e7a(es), 1 unitat o fins a 4 unitats, d\u2019aparcament (Zona Av. \u00c0ngel Sallent cantonada c\/ Dr. Salv\u00e0)","properties_post_short_description_text_alt":"","properties_post_description_text_alt":"","properties_post_short_description_text":"Pla\u00e7a(es), 1 unitat o fins a 4 unitats, d\u2019aparcament (Zona Av. \u00c0ngel Sallent cantonada c\/ Dr. Salv\u00e0)","properties_post_link_demanda_inmueble":"https:\/\/movin.cloud\/ca\/Forcadell Terrassa\/formulari-peticio-immoble\/sth\/1876&&11249181","properties_post_link_demanda_calendario_inmueble":"https:\/\/movin.cloud\/ca\/Forcadell Terrassa\/calendari-peticio-immoble\/sth\/1876&&11249181","properties_post_description_text":"\u00c0mplia(es) pla\u00e7a(es) d\u2019aparcament per a cotxe gran i moto; es troba(en) a la planta -1 i compta(en) amb 4,2 m de llarg x 2,25 m d\u2019ample. A m\u00e9s, presenta(en) f\u00e0cil acc\u00e9s mitjan\u00e7ant porta autom\u00e0tica, rampa \u00e0mplia i maniobra senzilla gr\u00e0cies a \u00e0mplies zones de circulaci\u00f3 per a entrada i sortida.\n\nF\u00e0cil connexi\u00f3 a vies principals com Av. \u00c0ngel Sallent, Ronda de Ponent, C-16 (despr\u00e9s C-58) i Ctra. de Martorell (Estaci\u00f3 de FGC - Terrassa Rambla a 12 minuts caminant i Autob\u00fas 3 proper).\n\nIMPORTANT: Aquesta pla\u00e7a es pot comprar de manera individual o en un conjunt de 4 places en total (contig\u00fces i similars en preu i mesures).","properties_post_seo_title":"","properties_post_seo_alias":"","properties_post_seo_metadescription":"","properties_post_seo_key_words":"","properties_post_seo_url":"","properties_post_terms_conditions":""},{"properties_post_description_language":"spanish","properties_post_title":"Plaza (s), 1 ud o hasta 4 ud, de Aparcamiento (Zona Av. \u00c0ngel Sallent esquina c\/ Dr. Salv\u00e0)","properties_post_short_description_text_alt":"","properties_post_description_text_alt":"","properties_post_short_description_text":"Plaza (s), 1 ud o hasta 4 ud, de Aparcamiento (Zona Av. \u00c0ngel Sallent esquina c\/ Dr. Salv\u00e0)","properties_post_link_demanda_inmueble":"https:\/\/movin.cloud\/es\/Forcadell Terrassa\/formulario-peticion-inmueble\/sth\/1876&&11249181","properties_post_link_demanda_calendario_inmueble":"https:\/\/movin.cloud\/es\/Forcadell Terrassa\/calendario-peticion-inmueble\/sth\/1876&&11249181","properties_post_description_text":"Amplia (s) plaza (s) de aparcamiento para coche grande y moto; se encuentra (n) en Planta -1 y cuenta (n) con 4,2 m de largo x 2,25 m de ancho. \n\nAdem\u00e1s, presenta (n) f\u00e1cil acceso mediante puerta autom\u00e1tica, amplia rampa y f\u00e1cil maniobra a trav\u00e9s de amplias circulaciones para entrada y salida. F\u00e1cil conexi\u00f3n a v\u00edas principales como Av. \u00c0ngel Sallent, Ronda Ponent, C-16 (Luego C-58) y Ctra. de Martorell (Estaci\u00f3n de FGC- Terrassa Rambla caminando a 12 minutos y Autobus 3 cercano). \n\nIMPORTANTE: Esta plaza se puede comprar individual o en un conjunto de 4 plazas en total (Contig\u00fcas y similares en precio y medidas).\n","properties_post_seo_title":"","properties_post_seo_alias":"","properties_post_seo_metadescription":"","properties_post_seo_key_words":"","properties_post_seo_url":"","properties_post_terms_conditions":""},{"properties_post_description_language":"english","properties_post_title":"Parking space(s), 1 unit or up to 4 units (Area: Av. \u00c0ngel Sallent, corner with Dr. Salv\u00e0 Street)","properties_post_short_description_text_alt":"","properties_post_description_text_alt":"","properties_post_short_description_text":"Parking space(s), 1 unit or up to 4 units (Area: Av. \u00c0ngel Sallent, corner with Dr. Salv\u00e0 Street)","properties_post_link_demanda_inmueble":"https:\/\/movin.cloud\/en\/Forcadell Terrassa\/property-form-request\/sth\/1876&&11249181","properties_post_link_demanda_calendario_inmueble":"https:\/\/movin.cloud\/en\/Forcadell Terrassa\/property-calendar-request\/sth\/1876&&11249181","properties_post_description_text":"Spacious parking space(s) for a large car and a motorcycle; located on level -1 and measuring 4.2 m in length x 2.25 m in width. It also offers easy access via an automatic gate, a wide ramp, and convenient maneuvering thanks to ample circulation areas for entry and exit.\n\nWell connected to main roads such as Av. \u00c0ngel Sallent, Ronda de Ponent, C-16 (then C-58) and Ctra. de Martorell (FGC Terrassa Rambla station is a 12-minute walk away and Bus line 3 is nearby).\n\nIMPORTANT: This parking space can be purchased individually or as part of a set of 4 spaces in total (adjacent and similar in price and size).","properties_post_seo_title":"","properties_post_seo_alias":"","properties_post_seo_metadescription":"","properties_post_seo_key_words":"","properties_post_seo_url":"","properties_post_terms_conditions":""}],"post_type_properties_post_features_type":"garage","post_type_properties_post_id_building":"","post_type_properties_post_features_area_constructed":9,"post_type_properties_post_features_conditioned_air":false,"post_type_properties_post_features_doorman":false,"post_type_properties_post_features_heating":false,"post_type_properties_post_features_equipped_kitchen":false,"post_type_properties_post_features_windows_location":"","post_type_properties_post_features_floors_property":false,"post_type_properties_post_features_storage":false,"post_type_properties_post_features_security_door":false,"post_type_properties_post_features_energy_certificate_rating":"","post_type_properties_post_features_energy_certificate_emissions_rating":"","post_type_properties_post_features_energy_certificate_emissions_value":"","post_type_properties_post_features_energy_certificate_performance":"","post_type_properties_post_features_bathroom_inside":false,"post_type_properties_post_precio":11500,"post_type_properties_post_precio_alquiler":11500,"post_type_properties_post_record_type_id":"Parking","post_type_properties_post_categoria__producto":"Parking","post_type_properties_post_amueblado":false,"post_type_properties_post_precio_m2":1231.06,"post_type_properties_post_zona__comunitaria":false,"post_type_properties_post_electrodomesticos":false,"post_type_properties_post_patio__interior":false,"post_type_properties_post_certificado_energetico_general":"","post_type_properties_post_certificado_energetico_consumo":"X (Exento)","post_type_properties_post_certificado_energetico_valor_emisiones":"","post_type_properties_post_certificado_energetico_valor_consumo":"","post_type_properties_post_modalidad":"sale","post_type_properties_post_provincia":"Barcelona","post_type_properties_post_poblacion":"Terrassa","post_type_properties_post_centro__urbano":true,"post_type_properties_post_zonificacion":"","post_type_properties_post_cartera":"","post_type_properties_post_titulo_catalan":"Pla\u00e7a(es), 1 unitat o fins a 4 unitats, d\u2019aparcament (Zona Av. \u00c0ngel Sallent cantonada c\/ Dr. Salv\u00e0)","post_type_properties_post_internet_catalan":"\u00c0mplia(es) pla\u00e7a(es) d\u2019aparcament per a cotxe gran i moto; es troba(en) a la planta -1 i compta(en) amb 4,2 m de llarg x 2,25 m d\u2019ample. A m\u00e9s, presenta(en) f\u00e0cil acc\u00e9s mitjan\u00e7ant porta autom\u00e0tica, rampa \u00e0mplia i maniobra senzilla gr\u00e0cies a \u00e0mplies zones de circulaci\u00f3 per a entrada i sortida.\n\nF\u00e0cil connexi\u00f3 a vies principals com Av. \u00c0ngel Sallent, Ronda de Ponent, C-16 (despr\u00e9s C-58) i Ctra. de Martorell (Estaci\u00f3 de FGC - Terrassa Rambla a 12 minuts caminant i Autob\u00fas 3 proper).\n\nIMPORTANT: Aquesta pla\u00e7a es pot comprar de manera individual o en un conjunt de 4 places en total (contig\u00fces i similars en preu i mesures).","post_type_properties_post_titulo_castellano":"Plaza (s), 1 ud o hasta 4 ud, de Aparcamiento (Zona Av. \u00c0ngel Sallent esquina c\/ Dr. Salv\u00e0)","post_type_properties_post_internet_castellano":"Amplia (s) plaza (s) de aparcamiento para coche grande y moto; se encuentra (n) en Planta -1 y cuenta (n) con 4,2 m de largo x 2,25 m de ancho. \n\nAdem\u00e1s, presenta (n) f\u00e1cil acceso mediante puerta autom\u00e1tica, amplia rampa y f\u00e1cil maniobra a trav\u00e9s de amplias circulaciones para entrada y salida. F\u00e1cil conexi\u00f3n a v\u00edas principales como Av. \u00c0ngel Sallent, Ronda Ponent, C-16 (Luego C-58) y Ctra. de Martorell (Estaci\u00f3n de FGC- Terrassa Rambla caminando a 12 minutos y Autobus 3 cercano). \n\nIMPORTANTE: Esta plaza se puede comprar individual o en un conjunto de 4 plazas en total (Contig\u00fcas y similares en precio y medidas).\n","post_type_properties_post_titulo_ingles":"Parking space(s), 1 unit or up to 4 units (Area: Av. \u00c0ngel Sallent, corner with Dr. Salv\u00e0 Street)","post_type_properties_post_internet_ingles":"Spacious parking space(s) for a large car and a motorcycle; located on level -1 and measuring 4.2 m in length x 2.25 m in width. It also offers easy access via an automatic gate, a wide ramp, and convenient maneuvering thanks to ample circulation areas for entry and exit.\n\nWell connected to main roads such as Av. \u00c0ngel Sallent, Ronda de Ponent, C-16 (then C-58) and Ctra. de Martorell (FGC Terrassa Rambla station is a 12-minute walk away and Bus line 3 is nearby).\n\nIMPORTANT: This parking space can be purchased individually or as part of a set of 4 spaces in total (adjacent and similar in price and size).","post_type_properties_post_features_classification_commercial":false,"post_type_properties_post_features_conservation":"","post_type_properties_post_features_security_personnel":false,"post_type_properties_post_features_parking_available":false,"post_type_properties_post_features_garage_capacity_type":"unknown","post_type_properties_post_features_bathroom_number":"","post_type_properties_post_eje":"","post_type_properties_post_zona":"","post_type_properties_post_comarca":"","post_type_properties_post_features_built_year":"","post_type_properties_post_renta_mensual":"","post_type_properties_post_fianza":"","post_type_properties_post_features_area_plot":"","post_type_properties_post_features_area_buildable":"","post_type_properties_post_features_classification_industrial":false,"post_type_properties_post_distrito":"","post_type_properties_post_features_balcony":false,"post_type_properties_post_features_bedroom_number":"","post_type_properties_post_features_heating_type":"","post_type_properties_post_features_equipped_with_furniture":false,"post_type_properties_post_features_pets_allowed":false,"post_type_properties_post_features_pool":false,"post_type_properties_post_features_terrace":false,"post_type_properties_post_features_wardrobes":false,"post_type_properties_post_features_lift_available":false,"post_type_properties_post_features_handicap_adapted_access":false,"post_type_properties_post_features_orientation_east":false,"post_type_properties_post_features_orientation_west":false,"post_type_properties_post_features_orientation_north":false,"post_type_properties_post_features_orientation_south":false,"post_type_properties_post_features_parking_spaces_number":"","post_type_properties_post_features_security_alarm":false,"post_type_properties_post_features_security_system":false,"post_type_properties_post_open_plan":false,"post_type_properties_post_acceso_24_7":false,"post_type_properties_post_oficina_privada":false,"post_type_properties_post_sala_reuniones":false,"post_type_properties_post_espacio_eventos":false,"post_type_properties_post_office":false,"post_type_properties_post_restaurant":false,"post_type_properties_post_acepta_traspaso":false,"post_type_properties_post_vigilancia":false,"post_type_properties_post_features_suite":false,"post_type_properties_post_features_vitro":false,"post_type_properties_post_features_oven":false,"post_type_properties_post_features_microwave":false,"post_type_properties_post_features_washing_machine":false,"post_type_properties_post_features_dryer":false,"post_type_properties_post_features_dishwasher":false,"post_type_properties_post_features_fridge":false,"post_type_properties_post_features_fridge_mini":false,"post_type_properties_post_features_kettle":false,"post_type_properties_post_features_toaster":false,"post_type_properties_post_features_coffee_maker":false,"post_type_properties_post_features_iron":false,"post_type_properties_post_features_ironing_board":false,"post_type_properties_post_features_safe":false,"post_type_properties_post_features_internet":false,"post_type_properties_post_features_solarium":false,"post_type_properties_post_features_clean_service":false,"post_type_properties_post_features_t_v":false,"post_type_properties_post_features_satellite_t_v":false,"post_type_properties_post_features_gas_kitchen":false,"post_type_properties_post_features_view_mountain":false,"post_type_properties_post_features_view_sea":false,"post_type_properties_post_features_concierge":false,"post_type_properties_post_features_loading_dock":false,"post_type_properties_post_features_bridge_crane":false,"post_type_properties_post_features_located_at_corner":false,"post_type_properties_post_features_smoke_extraction":false,"post_type_properties_post_features_rooms":"","post_type_properties_post_features_garden_area":"","post_type_properties_post_features_utilities_water":false,"post_type_properties_post_features_utilities_electricity":false,"post_type_properties_post_features_utilities_natural_gas":false,"post_type_properties_post_features_building_adapted":false,"post_type_properties_post_features_garden":false,"post_type_properties_post_features_classification_hotel":false,"post_type_properties_post_features_classification_chalet":false,"post_type_properties_post_certificado_energetico_emisiones":"","post_type_properties_post_barrio":"","post_type_properties_post_distrito_empresa":"","post_type_properties_post_features_property_category_intern":"","post_type_properties_post_implantada":false,"post_type_properties_post_sello_leed":"","post_type_properties_post_sello_well":"","post_type_properties_post_sello_breeam":false,"post_type_properties_post_images":[{"properties_post_image_order":1,"properties_post_image_url":"https:\/\/movin.cloud\/empresas\/1876\/imagenes\/11249181\/terrassa-compra.webp","properties_post_image_url_thumbnail":"https:\/\/movin.cloud\/empresas\/1876\/imagenes\/thumbnails\/11249181\/terrassa-compra.webp","properties_post_title":"terrassa compra","properties_post_alt":"terrassa compra"},{"properties_post_image_order":2,"properties_post_image_url":"https:\/\/movin.cloud\/empresas\/1876\/imagenes\/11249181\/terrassa-habitalia.webp","properties_post_image_url_thumbnail":"https:\/\/movin.cloud\/empresas\/1876\/imagenes\/thumbnails\/11249181\/terrassa-habitalia.webp","properties_post_title":"terrassa habitalia","properties_post_alt":"terrassa habitalia"},{"properties_post_image_order":3,"properties_post_image_url":"https:\/\/movin.cloud\/empresas\/1876\/imagenes\/11249181\/terrassa-venta.webp","properties_post_image_url_thumbnail":"https:\/\/movin.cloud\/empresas\/1876\/imagenes\/thumbnails\/11249181\/terrassa-venta.webp","properties_post_title":"terrassa venta","properties_post_alt":"terrassa venta"}],"post_type_properties_post_videos":null,"post_type_properties_post_tour":null,"post_type_properties_post_dossier_url":"","post_type_properties_post_operation_type":"sale","post_type_properties_post_operation_price":11500,"post_type_properties_post_features_hidden_price":false},"yoast_head":"<!-- This site is optimized with the Yoast SEO plugin v27.4 - https:\/\/yoast.com\/product\/yoast-seo-wordpress\/ -->\n<title>Plaza (s), 1 ud o hasta 4 ud, de Aparcamiento (Zona Av. \u00c0ngel Sallent esquina c\/ Dr. Salv\u00e0)<\/title>\n<meta name=\"description\" content=\"Plaza (s), 1 ud o hasta 4 ud, de Aparcamiento (Zona Av. \u00c0ngel Sallent esquina c\/ Dr. Salv\u00e0)\" \/>\n<meta name=\"robots\" content=\"index, follow, max-snippet:-1, max-image-preview:large, max-video-preview:-1\" \/>\n<link rel=\"canonical\" href=\"https:\/\/forcadell.com\/en\/propiedades\/plaza-s-1-ud-o-hasta-4-ud-de-aparcamiento-zona-av-angel-sallent-esquina-c-dr-salva\/\" \/>\n<meta property=\"og:locale\" content=\"en_US\" \/>\n<meta property=\"og:type\" content=\"article\" \/>\n<meta property=\"og:title\" content=\"Plaza (s), 1 ud o hasta 4 ud, de Aparcamiento (Zona Av. \u00c0ngel Sallent esquina c\/ Dr. Salv\u00e0)\" \/>\n<meta property=\"og:description\" content=\"Plaza (s), 1 ud o hasta 4 ud, de Aparcamiento (Zona Av. \u00c0ngel Sallent esquina c\/ Dr. Salv\u00e0)\" \/>\n<meta property=\"og:url\" content=\"https:\/\/forcadell.com\/en\/propiedades\/plaza-s-1-ud-o-hasta-4-ud-de-aparcamiento-zona-av-angel-sallent-esquina-c-dr-salva\/\" \/>\n<meta property=\"og:site_name\" content=\"Forcadell\" \/>\n<meta property=\"article:modified_time\" content=\"2026-09-01T06:36:34+00:00\" \/>\n<meta name=\"twitter:card\" content=\"summary_large_image\" \/>\n<meta name=\"twitter:label1\" content=\"Est. reading time\" \/>\n\t<meta name=\"twitter:data1\" content=\"1 minute\" \/>\n<script type=\"application\/ld+json\" class=\"yoast-schema-graph\">{\"@context\":\"https:\\\/\\\/schema.org\",\"@graph\":[{\"@type\":\"WebPage\",\"@id\":\"https:\\\/\\\/forcadell.com\\\/en\\\/propiedades\\\/plaza-s-1-ud-o-hasta-4-ud-de-aparcamiento-zona-av-angel-sallent-esquina-c-dr-salva\\\/\",\"url\":\"https:\\\/\\\/forcadell.com\\\/en\\\/propiedades\\\/plaza-s-1-ud-o-hasta-4-ud-de-aparcamiento-zona-av-angel-sallent-esquina-c-dr-salva\\\/\",\"name\":\"Plaza (s), 1 ud o hasta 4 ud, de Aparcamiento (Zona Av. \u00c0ngel Sallent esquina c\\\/ Dr. Salv\u00e0)\",\"isPartOf\":{\"@id\":\"https:\\\/\\\/forcadell.com\\\/en\\\/#website\"},\"datePublished\":\"2026-08-04T06:36:21+00:00\",\"dateModified\":\"2026-09-01T06:36:34+00:00\",\"description\":\"Plaza (s), 1 ud o hasta 4 ud, de Aparcamiento (Zona Av. \u00c0ngel Sallent esquina c\\\/ Dr. Salv\u00e0)\",\"breadcrumb\":{\"@id\":\"https:\\\/\\\/forcadell.com\\\/en\\\/propiedades\\\/plaza-s-1-ud-o-hasta-4-ud-de-aparcamiento-zona-av-angel-sallent-esquina-c-dr-salva\\\/#breadcrumb\"},\"inLanguage\":\"en-US\",\"potentialAction\":[{\"@type\":\"ReadAction\",\"target\":[\"https:\\\/\\\/forcadell.com\\\/en\\\/propiedades\\\/plaza-s-1-ud-o-hasta-4-ud-de-aparcamiento-zona-av-angel-sallent-esquina-c-dr-salva\\\/\"]}]},{\"@type\":\"BreadcrumbList\",\"@id\":\"https:\\\/\\\/forcadell.com\\\/en\\\/propiedades\\\/plaza-s-1-ud-o-hasta-4-ud-de-aparcamiento-zona-av-angel-sallent-esquina-c-dr-salva\\\/#breadcrumb\",\"itemListElement\":[{\"@type\":\"ListItem\",\"position\":1,\"name\":\"Portada\",\"item\":\"https:\\\/\\\/forcadell.com\\\/en\\\/\"},{\"@type\":\"ListItem\",\"position\":2,\"name\":\"Properties\",\"item\":\"https:\\\/\\\/forcadell.com\\\/en\\\/propiedades\\\/\"},{\"@type\":\"ListItem\",\"position\":3,\"name\":\"Plaza (s), 1 ud o hasta 4 ud, de Aparcamiento (Zona Av. \u00c0ngel Sallent esquina c\\\/ Dr. Salv\u00e0)\"}]},{\"@type\":\"WebSite\",\"@id\":\"https:\\\/\\\/forcadell.com\\\/en\\\/#website\",\"url\":\"https:\\\/\\\/forcadell.com\\\/en\\\/\",\"name\":\"Forcadell\",\"description\":\"Inmobiliaria Barcelona | Consultores inmobiliarios\",\"potentialAction\":[{\"@type\":\"SearchAction\",\"target\":{\"@type\":\"EntryPoint\",\"urlTemplate\":\"https:\\\/\\\/forcadell.com\\\/en\\\/?s={search_term_string}\"},\"query-input\":{\"@type\":\"PropertyValueSpecification\",\"valueRequired\":true,\"valueName\":\"search_term_string\"}}],\"inLanguage\":\"en-US\"}]}<\/script>\n<!-- \/ Yoast SEO plugin. -->","yoast_head_json":{"title":"Plaza (s), 1 ud o hasta 4 ud, de Aparcamiento (Zona Av. \u00c0ngel Sallent esquina c\/ Dr. Salv\u00e0)","description":"Plaza (s), 1 ud o hasta 4 ud, de Aparcamiento (Zona Av. \u00c0ngel Sallent esquina c\/ Dr. Salv\u00e0)","robots":{"index":"index","follow":"follow","max-snippet":"max-snippet:-1","max-image-preview":"max-image-preview:large","max-video-preview":"max-video-preview:-1"},"canonical":"https:\/\/forcadell.com\/en\/propiedades\/plaza-s-1-ud-o-hasta-4-ud-de-aparcamiento-zona-av-angel-sallent-esquina-c-dr-salva\/","og_locale":"en_US","og_type":"article","og_title":"Plaza (s), 1 ud o hasta 4 ud, de Aparcamiento (Zona Av. \u00c0ngel Sallent esquina c\/ Dr. Salv\u00e0)","og_description":"Plaza (s), 1 ud o hasta 4 ud, de Aparcamiento (Zona Av. \u00c0ngel Sallent esquina c\/ Dr. Salv\u00e0)","og_url":"https:\/\/forcadell.com\/en\/propiedades\/plaza-s-1-ud-o-hasta-4-ud-de-aparcamiento-zona-av-angel-sallent-esquina-c-dr-salva\/","og_site_name":"Forcadell","article_modified_time":"2026-09-01T06:36:34+00:00","twitter_card":"summary_large_image","twitter_misc":{"Est. reading time":"1 minute"},"schema":{"@context":"https:\/\/schema.org","@graph":[{"@type":"WebPage","@id":"https:\/\/forcadell.com\/en\/propiedades\/plaza-s-1-ud-o-hasta-4-ud-de-aparcamiento-zona-av-angel-sallent-esquina-c-dr-salva\/","url":"https:\/\/forcadell.com\/en\/propiedades\/plaza-s-1-ud-o-hasta-4-ud-de-aparcamiento-zona-av-angel-sallent-esquina-c-dr-salva\/","name":"Plaza (s), 1 ud o hasta 4 ud, de Aparcamiento (Zona Av. \u00c0ngel Sallent esquina c\/ Dr. Salv\u00e0)","isPartOf":{"@id":"https:\/\/forcadell.com\/en\/#website"},"datePublished":"2026-08-04T06:36:21+00:00","dateModified":"2026-09-01T06:36:34+00:00","description":"Plaza (s), 1 ud o hasta 4 ud, de Aparcamiento (Zona Av. \u00c0ngel Sallent esquina c\/ Dr. Salv\u00e0)","breadcrumb":{"@id":"https:\/\/forcadell.com\/en\/propiedades\/plaza-s-1-ud-o-hasta-4-ud-de-aparcamiento-zona-av-angel-sallent-esquina-c-dr-salva\/#breadcrumb"},"inLanguage":"en-US","potentialAction":[{"@type":"ReadAction","target":["https:\/\/forcadell.com\/en\/propiedades\/plaza-s-1-ud-o-hasta-4-ud-de-aparcamiento-zona-av-angel-sallent-esquina-c-dr-salva\/"]}]},{"@type":"BreadcrumbList","@id":"https:\/\/forcadell.com\/en\/propiedades\/plaza-s-1-ud-o-hasta-4-ud-de-aparcamiento-zona-av-angel-sallent-esquina-c-dr-salva\/#breadcrumb","itemListElement":[{"@type":"ListItem","position":1,"name":"Portada","item":"https:\/\/forcadell.com\/en\/"},{"@type":"ListItem","position":2,"name":"Properties","item":"https:\/\/forcadell.com\/en\/propiedades\/"},{"@type":"ListItem","position":3,"name":"Plaza (s), 1 ud o hasta 4 ud, de Aparcamiento (Zona Av. \u00c0ngel Sallent esquina c\/ Dr. Salv\u00e0)"}]},{"@type":"WebSite","@id":"https:\/\/forcadell.com\/en\/#website","url":"https:\/\/forcadell.com\/en\/","name":"Forcadell","description":"Inmobiliaria Barcelona | Consultores inmobiliarios","potentialAction":[{"@type":"SearchAction","target":{"@type":"EntryPoint","urlTemplate":"https:\/\/forcadell.com\/en\/?s={search_term_string}"},"query-input":{"@type":"PropertyValueSpecification","valueRequired":true,"valueName":"search_term_string"}}],"inLanguage":"en-US"}]}},"_links":{"self":[{"href":"https:\/\/forcadell.com\/en\/wp-json\/wp\/v2\/properties_post\/84075","targetHints":{"allow":["GET"]}}],"collection":[{"href":"https:\/\/forcadell.com\/en\/wp-json\/wp\/v2\/properties_post"}],"about":[{"href":"https:\/\/forcadell.com\/en\/wp-json\/wp\/v2\/types\/properties_post"}],"wp:attachment":[{"href":"https:\/\/forcadell.com\/en\/wp-json\/wp\/v2\/media?parent=84075"}],"curies":[{"name":"wp","href":"https:\/\/api.w.org\/{rel}","templated":true}]}}