{"id":84049,"date":"2026-08-04T08:34:57","date_gmt":"2026-08-04T06:34:57","guid":{"rendered":"https:\/\/forcadell.com\/propiedades\/plaza-de-parking-en-av-barcelona-111-sant-joan-despi-2\/"},"modified":"2026-09-01T08:36:12","modified_gmt":"2026-09-01T06:36:12","slug":"plaza-de-parking-en-av-barcelona-111-sant-joan-despi-2","status":"publish","type":"properties_post","link":"https:\/\/forcadell.com\/en\/propiedades\/plaza-de-parking-en-av-barcelona-111-sant-joan-despi-2\/","title":{"rendered":"Plaza de parking en Av. Barcelona, 111, Sant Joan Desp\u00ed"},"content":{"rendered":"<p>Se vende amplia y c\u00f3moda plaza de parking ubicada en la planta s\u00f3tano -3 de una finca moderna del a\u00f1o 2009 en Sant Joan Desp\u00ed, en Av. Barcelona, 111.<\/p>\n<p>El parking cuenta con accesos c\u00f3modos y pasillos amplios que permiten maniobrar con facilidad y aparcar de forma r\u00e1pida y pr\u00e1ctica. La plaza est\u00e1 bien situada dentro del garaje, ofreciendo comodidad para el d\u00eda a d\u00eda y f\u00e1cil entrada y salida.<\/p>\n<p>Ideal tanto para uso propio como para inversi\u00f3n, en una zona donde disponer de aparcamiento es cada vez m\u00e1s valorado.<\/p>\n","protected":false},"template":"","class_list":["post-84049","properties_post","type-properties_post","status-publish","hentry","properties_modality-sale","properties_province-barcelona","properties_state-barcelona","properties_subclass-parking","properties_type-parking"],"acf":{"post_type_properties_post_property_code":"11249216","post_type_properties_post_property_reference":"SGER_3815","post_type_properties_post_owner_id":"","post_type_properties_post_owner_name":"","post_type_properties_post_property_code_encrypted":"MjQ5JDMzNzgz","post_type_properties_post_published":"1","post_type_properties_post_property_visibility":"idealista","post_type_properties_post_contact_name":"Forcadell Sant Gervasi","post_type_properties_post_contact_email":"forcadell.santgervasi@movin.cloud","post_type_properties_post_contact_primary_phone_prefix":"34","post_type_properties_post_contact_primary_phone_number":"934965408","post_type_properties_post_address_visibility":"street","post_type_properties_post_address_country":"Spain","post_type_properties_post_address_coordinates_precision":"exact","post_type_properties_post_address_postal_code":"08970","post_type_properties_post_address_coordinates_latitude":"41.3679031","post_type_properties_post_address_coordinates_longitude":"2.0657515","post_type_properties_post_address_street_name":"C\/ Avinguda Barcelona ","post_type_properties_post_address_floor":"","post_type_properties_post_address_town":"Barcelona","post_type_properties_post_building":null,"post_type_properties_post_property":[{"properties_post_description_language":"catalan","properties_post_title":"Pla\u00e7a d\u2019aparcament a Av. Barcelona, 111, Sant Joan Desp\u00ed","properties_post_short_description_text_alt":"","properties_post_description_text_alt":"","properties_post_short_description_text":"Pla\u00e7a d\u2019aparcament a Av. Barcelona, 111, Sant Joan Desp\u00ed","properties_post_link_demanda_inmueble":"https:\/\/movin.cloud\/ca\/Forcadell Sant Gervasi\/formulari-peticio-immoble\/sth\/1875&&11249216","properties_post_link_demanda_calendario_inmueble":"https:\/\/movin.cloud\/ca\/Forcadell Sant Gervasi\/calendari-peticio-immoble\/sth\/1875&&11249216","properties_post_description_text":"Es ven \u00e0mplia i c\u00f2moda pla\u00e7a d\u2019aparcament situada a la planta soterrani -3 d\u2019una finca moderna de l\u2019any 2009 a Sant Joan Desp\u00ed, a l\u2019Av. Barcelona, 111.\n\nEl p\u00e0rquing disposa d\u2019accessos c\u00f2modes i passadissos amplis que permeten maniobrar amb facilitat i aparcar de manera r\u00e0pida i pr\u00e0ctica. La pla\u00e7a est\u00e0 ben situada dins del garatge, oferint comoditat per al dia a dia i una entrada i sortida f\u00e0cils.\n\nIdeal tant per a \u00fas propi com per a inversi\u00f3, en una zona on disposar d\u2019aparcament \u00e9s cada vegada m\u00e9s valorat.","properties_post_seo_title":"","properties_post_seo_alias":"","properties_post_seo_metadescription":"","properties_post_seo_key_words":"","properties_post_seo_url":"","properties_post_terms_conditions":""},{"properties_post_description_language":"spanish","properties_post_title":"Plaza de parking en Av. Barcelona, 111, Sant Joan Desp\u00ed","properties_post_short_description_text_alt":"","properties_post_description_text_alt":"","properties_post_short_description_text":"Plaza de parking en Av. Barcelona, 111, Sant Joan Desp\u00ed","properties_post_link_demanda_inmueble":"https:\/\/movin.cloud\/es\/Forcadell Sant Gervasi\/formulario-peticion-inmueble\/sth\/1875&&11249216","properties_post_link_demanda_calendario_inmueble":"https:\/\/movin.cloud\/es\/Forcadell Sant Gervasi\/calendario-peticion-inmueble\/sth\/1875&&11249216","properties_post_description_text":"Se vende amplia y c\u00f3moda plaza de parking ubicada en la planta s\u00f3tano -3 de una finca moderna del a\u00f1o 2009 en Sant Joan Desp\u00ed, en Av. Barcelona, 111.\n\nEl parking cuenta con accesos c\u00f3modos y pasillos amplios que permiten maniobrar con facilidad y aparcar de forma r\u00e1pida y pr\u00e1ctica. La plaza est\u00e1 bien situada dentro del garaje, ofreciendo comodidad para el d\u00eda a d\u00eda y f\u00e1cil entrada y salida.\n\nIdeal tanto para uso propio como para inversi\u00f3n, en una zona donde disponer de aparcamiento es cada vez m\u00e1s valorado.","properties_post_seo_title":"","properties_post_seo_alias":"","properties_post_seo_metadescription":"","properties_post_seo_key_words":"","properties_post_seo_url":"","properties_post_terms_conditions":""},{"properties_post_description_language":"english","properties_post_title":"Parking space on Av. Barcelona, 111, Sant Joan Desp\u00ed","properties_post_short_description_text_alt":"","properties_post_description_text_alt":"","properties_post_short_description_text":"Parking space on Av. Barcelona, 111, Sant Joan Desp\u00ed","properties_post_link_demanda_inmueble":"https:\/\/movin.cloud\/en\/Forcadell Sant Gervasi\/property-form-request\/sth\/1875&&11249216","properties_post_link_demanda_calendario_inmueble":"https:\/\/movin.cloud\/en\/Forcadell Sant Gervasi\/property-calendar-request\/sth\/1875&&11249216","properties_post_description_text":"Parking space on Av. Barcelona, 111, Sant Joan Desp\u00ed\nSpacious and comfortable parking space for sale, located on basement level -3 of a modern building from 2009 in Sant Joan Desp\u00ed, at Av. Barcelona, 111.\n\nThe parking facility features convenient access and wide corridors that allow easy maneuvering and quick, practical parking. The space is well located within the garage, offering everyday comfort and easy entry and exit.\n\nIdeal both for personal use and as an investment, in an area where parking availability is increasingly valued.","properties_post_seo_title":"","properties_post_seo_alias":"","properties_post_seo_metadescription":"","properties_post_seo_key_words":"","properties_post_seo_url":"","properties_post_terms_conditions":""}],"post_type_properties_post_features_type":"garage","post_type_properties_post_id_building":"","post_type_properties_post_features_area_constructed":11,"post_type_properties_post_features_conditioned_air":false,"post_type_properties_post_features_doorman":false,"post_type_properties_post_features_heating":false,"post_type_properties_post_features_equipped_kitchen":false,"post_type_properties_post_features_windows_location":"","post_type_properties_post_features_floors_property":false,"post_type_properties_post_features_storage":false,"post_type_properties_post_features_security_door":false,"post_type_properties_post_features_energy_certificate_rating":"","post_type_properties_post_features_energy_certificate_emissions_rating":"","post_type_properties_post_features_energy_certificate_emissions_value":"","post_type_properties_post_features_energy_certificate_performance":"","post_type_properties_post_features_bathroom_inside":false,"post_type_properties_post_precio":11500,"post_type_properties_post_precio_alquiler":11500,"post_type_properties_post_record_type_id":"Parking","post_type_properties_post_categoria__producto":"Parking","post_type_properties_post_amueblado":false,"post_type_properties_post_precio_m2":1376.15,"post_type_properties_post_zona__comunitaria":false,"post_type_properties_post_electrodomesticos":false,"post_type_properties_post_patio__interior":false,"post_type_properties_post_certificado_energetico_general":"","post_type_properties_post_certificado_energetico_consumo":"X (Exento)","post_type_properties_post_certificado_energetico_valor_emisiones":"","post_type_properties_post_certificado_energetico_valor_consumo":"","post_type_properties_post_modalidad":"sale","post_type_properties_post_provincia":"Barcelona","post_type_properties_post_poblacion":"Barcelona","post_type_properties_post_centro__urbano":true,"post_type_properties_post_zonificacion":"","post_type_properties_post_cartera":"","post_type_properties_post_titulo_catalan":"Pla\u00e7a d\u2019aparcament a Av. Barcelona, 111, Sant Joan Desp\u00ed","post_type_properties_post_internet_catalan":"Es ven \u00e0mplia i c\u00f2moda pla\u00e7a d\u2019aparcament situada a la planta soterrani -3 d\u2019una finca moderna de l\u2019any 2009 a Sant Joan Desp\u00ed, a l\u2019Av. Barcelona, 111.\n\nEl p\u00e0rquing disposa d\u2019accessos c\u00f2modes i passadissos amplis que permeten maniobrar amb facilitat i aparcar de manera r\u00e0pida i pr\u00e0ctica. La pla\u00e7a est\u00e0 ben situada dins del garatge, oferint comoditat per al dia a dia i una entrada i sortida f\u00e0cils.\n\nIdeal tant per a \u00fas propi com per a inversi\u00f3, en una zona on disposar d\u2019aparcament \u00e9s cada vegada m\u00e9s valorat.","post_type_properties_post_titulo_castellano":"Plaza de parking en Av. Barcelona, 111, Sant Joan Desp\u00ed","post_type_properties_post_internet_castellano":"Se vende amplia y c\u00f3moda plaza de parking ubicada en la planta s\u00f3tano -3 de una finca moderna del a\u00f1o 2009 en Sant Joan Desp\u00ed, en Av. Barcelona, 111.\n\nEl parking cuenta con accesos c\u00f3modos y pasillos amplios que permiten maniobrar con facilidad y aparcar de forma r\u00e1pida y pr\u00e1ctica. La plaza est\u00e1 bien situada dentro del garaje, ofreciendo comodidad para el d\u00eda a d\u00eda y f\u00e1cil entrada y salida.\n\nIdeal tanto para uso propio como para inversi\u00f3n, en una zona donde disponer de aparcamiento es cada vez m\u00e1s valorado.","post_type_properties_post_titulo_ingles":"Parking space on Av. Barcelona, 111, Sant Joan Desp\u00ed","post_type_properties_post_internet_ingles":"Parking space on Av. Barcelona, 111, Sant Joan Desp\u00ed\nSpacious and comfortable parking space for sale, located on basement level -3 of a modern building from 2009 in Sant Joan Desp\u00ed, at Av. Barcelona, 111.\n\nThe parking facility features convenient access and wide corridors that allow easy maneuvering and quick, practical parking. The space is well located within the garage, offering everyday comfort and easy entry and exit.\n\nIdeal both for personal use and as an investment, in an area where parking availability is increasingly valued.","post_type_properties_post_features_classification_commercial":false,"post_type_properties_post_features_conservation":"","post_type_properties_post_features_security_personnel":false,"post_type_properties_post_features_parking_available":false,"post_type_properties_post_features_garage_capacity_type":"unknown","post_type_properties_post_features_bathroom_number":"","post_type_properties_post_eje":"","post_type_properties_post_zona":"","post_type_properties_post_comarca":"","post_type_properties_post_features_built_year":"","post_type_properties_post_renta_mensual":"","post_type_properties_post_fianza":"","post_type_properties_post_features_area_plot":"","post_type_properties_post_features_area_buildable":"","post_type_properties_post_features_classification_industrial":false,"post_type_properties_post_distrito":"","post_type_properties_post_features_balcony":false,"post_type_properties_post_features_bedroom_number":"","post_type_properties_post_features_heating_type":"","post_type_properties_post_features_equipped_with_furniture":false,"post_type_properties_post_features_pets_allowed":false,"post_type_properties_post_features_pool":false,"post_type_properties_post_features_terrace":false,"post_type_properties_post_features_wardrobes":false,"post_type_properties_post_features_lift_available":false,"post_type_properties_post_features_handicap_adapted_access":false,"post_type_properties_post_features_orientation_east":false,"post_type_properties_post_features_orientation_west":false,"post_type_properties_post_features_orientation_north":false,"post_type_properties_post_features_orientation_south":false,"post_type_properties_post_features_parking_spaces_number":"","post_type_properties_post_features_security_alarm":false,"post_type_properties_post_features_security_system":false,"post_type_properties_post_open_plan":false,"post_type_properties_post_acceso_24_7":false,"post_type_properties_post_oficina_privada":false,"post_type_properties_post_sala_reuniones":false,"post_type_properties_post_espacio_eventos":false,"post_type_properties_post_office":false,"post_type_properties_post_restaurant":false,"post_type_properties_post_acepta_traspaso":false,"post_type_properties_post_vigilancia":false,"post_type_properties_post_features_suite":false,"post_type_properties_post_features_vitro":false,"post_type_properties_post_features_oven":false,"post_type_properties_post_features_microwave":false,"post_type_properties_post_features_washing_machine":false,"post_type_properties_post_features_dryer":false,"post_type_properties_post_features_dishwasher":false,"post_type_properties_post_features_fridge":false,"post_type_properties_post_features_fridge_mini":false,"post_type_properties_post_features_kettle":false,"post_type_properties_post_features_toaster":false,"post_type_properties_post_features_coffee_maker":false,"post_type_properties_post_features_iron":false,"post_type_properties_post_features_ironing_board":false,"post_type_properties_post_features_safe":false,"post_type_properties_post_features_internet":false,"post_type_properties_post_features_solarium":false,"post_type_properties_post_features_clean_service":false,"post_type_properties_post_features_t_v":false,"post_type_properties_post_features_satellite_t_v":false,"post_type_properties_post_features_gas_kitchen":false,"post_type_properties_post_features_view_mountain":false,"post_type_properties_post_features_view_sea":false,"post_type_properties_post_features_concierge":false,"post_type_properties_post_features_loading_dock":false,"post_type_properties_post_features_bridge_crane":false,"post_type_properties_post_features_located_at_corner":false,"post_type_properties_post_features_smoke_extraction":false,"post_type_properties_post_features_rooms":"","post_type_properties_post_features_garden_area":"","post_type_properties_post_features_utilities_water":false,"post_type_properties_post_features_utilities_electricity":false,"post_type_properties_post_features_utilities_natural_gas":false,"post_type_properties_post_features_building_adapted":false,"post_type_properties_post_features_garden":false,"post_type_properties_post_features_classification_hotel":false,"post_type_properties_post_features_classification_chalet":false,"post_type_properties_post_certificado_energetico_emisiones":"","post_type_properties_post_barrio":"","post_type_properties_post_distrito_empresa":"","post_type_properties_post_features_property_category_intern":"","post_type_properties_post_implantada":false,"post_type_properties_post_sello_leed":"","post_type_properties_post_sello_well":"","post_type_properties_post_sello_breeam":false,"post_type_properties_post_images":[{"properties_post_image_order":1,"properties_post_image_url":"https:\/\/movin.cloud\/empresas\/1875\/imagenes\/11249216\/inmobiliaria-sant-joan-despi.webp","properties_post_image_url_thumbnail":"https:\/\/movin.cloud\/empresas\/1875\/imagenes\/thumbnails\/11249216\/inmobiliaria-sant-joan-despi.webp","properties_post_title":"inmobiliaria sant joan despi","properties_post_alt":"inmobiliaria sant joan despi"},{"properties_post_image_order":2,"properties_post_image_url":"https:\/\/movin.cloud\/empresas\/1875\/imagenes\/11249216\/sant-joan-despi-compra-para-idealistas.webp","properties_post_image_url_thumbnail":"https:\/\/movin.cloud\/empresas\/1875\/imagenes\/thumbnails\/11249216\/sant-joan-despi-compra-para-idealistas.webp","properties_post_title":"sant joan despi compra para idealistas","properties_post_alt":"sant joan despi compra para idealistas"},{"properties_post_image_order":3,"properties_post_image_url":"https:\/\/movin.cloud\/empresas\/1875\/imagenes\/11249216\/sant-joan-despi-viviendas.webp","properties_post_image_url_thumbnail":"https:\/\/movin.cloud\/empresas\/1875\/imagenes\/thumbnails\/11249216\/sant-joan-despi-viviendas.webp","properties_post_title":"sant joan despi viviendas","properties_post_alt":"sant joan despi viviendas"},{"properties_post_image_order":4,"properties_post_image_url":"https:\/\/movin.cloud\/empresas\/1875\/imagenes\/11249216\/sant-joan-despi-venta-viviendas.webp","properties_post_image_url_thumbnail":"https:\/\/movin.cloud\/empresas\/1875\/imagenes\/thumbnails\/11249216\/sant-joan-despi-venta-viviendas.webp","properties_post_title":"sant joan despi venta viviendas","properties_post_alt":"sant joan despi venta viviendas"},{"properties_post_image_order":5,"properties_post_image_url":"https:\/\/movin.cloud\/empresas\/1875\/imagenes\/11249216\/inmobiliarias-sant-joan-despi.webp","properties_post_image_url_thumbnail":"https:\/\/movin.cloud\/empresas\/1875\/imagenes\/thumbnails\/11249216\/inmobiliarias-sant-joan-despi.webp","properties_post_title":"inmobiliarias sant joan despi","properties_post_alt":"inmobiliarias sant joan despi"},{"properties_post_image_order":6,"properties_post_image_url":"https:\/\/movin.cloud\/empresas\/1875\/imagenes\/11249216\/sant-joan-despi-compra.webp","properties_post_image_url_thumbnail":"https:\/\/movin.cloud\/empresas\/1875\/imagenes\/thumbnails\/11249216\/sant-joan-despi-compra.webp","properties_post_title":"sant joan despi compra","properties_post_alt":"sant joan despi compra"},{"properties_post_image_order":7,"properties_post_image_url":"https:\/\/movin.cloud\/empresas\/1875\/imagenes\/11249216\/sant-joan-despi-comprar.webp","properties_post_image_url_thumbnail":"https:\/\/movin.cloud\/empresas\/1875\/imagenes\/thumbnails\/11249216\/sant-joan-despi-comprar.webp","properties_post_title":"sant joan despi comprar","properties_post_alt":"sant joan despi comprar"},{"properties_post_image_order":8,"properties_post_image_url":"https:\/\/movin.cloud\/empresas\/1875\/imagenes\/11249216\/sant-joan-despi-fincas.webp","properties_post_image_url_thumbnail":"https:\/\/movin.cloud\/empresas\/1875\/imagenes\/thumbnails\/11249216\/sant-joan-despi-fincas.webp","properties_post_title":"sant joan despi fincas","properties_post_alt":"sant joan despi fincas"},{"properties_post_image_order":9,"properties_post_image_url":"https:\/\/movin.cloud\/empresas\/1875\/imagenes\/11249216\/sant-joan-despi-parkings.webp","properties_post_image_url_thumbnail":"https:\/\/movin.cloud\/empresas\/1875\/imagenes\/thumbnails\/11249216\/sant-joan-despi-parkings.webp","properties_post_title":"sant joan despi parkings","properties_post_alt":"sant joan despi parkings"},{"properties_post_image_order":10,"properties_post_image_url":"https:\/\/movin.cloud\/empresas\/1875\/imagenes\/11249216\/sant-joan-despi-habitalia.webp","properties_post_image_url_thumbnail":"https:\/\/movin.cloud\/empresas\/1875\/imagenes\/thumbnails\/11249216\/sant-joan-despi-habitalia.webp","properties_post_title":"sant joan despi habitalia","properties_post_alt":"sant joan despi habitalia"},{"properties_post_image_order":11,"properties_post_image_url":"https:\/\/movin.cloud\/empresas\/1875\/imagenes\/11249216\/sant-joan-despi-venta.webp","properties_post_image_url_thumbnail":"https:\/\/movin.cloud\/empresas\/1875\/imagenes\/thumbnails\/11249216\/sant-joan-despi-venta.webp","properties_post_title":"sant joan despi venta","properties_post_alt":"sant joan despi venta"}],"post_type_properties_post_videos":null,"post_type_properties_post_tour":null,"post_type_properties_post_dossier_url":"","post_type_properties_post_operation_type":"sale","post_type_properties_post_operation_price":11500,"post_type_properties_post_features_hidden_price":false},"yoast_head":"<!-- This site is optimized with the Yoast SEO plugin v27.4 - https:\/\/yoast.com\/product\/yoast-seo-wordpress\/ -->\n<title>Plaza de parking en Av. Barcelona, 111, Sant Joan Desp\u00ed<\/title>\n<meta name=\"description\" content=\"Plaza de parking en Av. Barcelona, 111, Sant Joan Desp\u00ed\" \/>\n<meta name=\"robots\" content=\"index, follow, max-snippet:-1, max-image-preview:large, max-video-preview:-1\" \/>\n<link rel=\"canonical\" href=\"https:\/\/forcadell.com\/en\/propiedades\/plaza-de-parking-en-av-barcelona-111-sant-joan-despi-2\/\" \/>\n<meta property=\"og:locale\" content=\"en_US\" \/>\n<meta property=\"og:type\" content=\"article\" \/>\n<meta property=\"og:title\" content=\"Plaza de parking en Av. Barcelona, 111, Sant Joan Desp\u00ed\" \/>\n<meta property=\"og:description\" content=\"Plaza de parking en Av. Barcelona, 111, Sant Joan Desp\u00ed\" \/>\n<meta property=\"og:url\" content=\"https:\/\/forcadell.com\/en\/propiedades\/plaza-de-parking-en-av-barcelona-111-sant-joan-despi-2\/\" \/>\n<meta property=\"og:site_name\" content=\"Forcadell\" \/>\n<meta property=\"article:modified_time\" content=\"2026-09-01T06:36:12+00:00\" \/>\n<meta name=\"twitter:card\" content=\"summary_large_image\" \/>\n<script type=\"application\/ld+json\" class=\"yoast-schema-graph\">{\"@context\":\"https:\\\/\\\/schema.org\",\"@graph\":[{\"@type\":\"WebPage\",\"@id\":\"https:\\\/\\\/forcadell.com\\\/en\\\/propiedades\\\/plaza-de-parking-en-av-barcelona-111-sant-joan-despi-2\\\/\",\"url\":\"https:\\\/\\\/forcadell.com\\\/en\\\/propiedades\\\/plaza-de-parking-en-av-barcelona-111-sant-joan-despi-2\\\/\",\"name\":\"Plaza de parking en Av. Barcelona, 111, Sant Joan Desp\u00ed\",\"isPartOf\":{\"@id\":\"https:\\\/\\\/forcadell.com\\\/en\\\/#website\"},\"datePublished\":\"2026-08-04T06:34:57+00:00\",\"dateModified\":\"2026-09-01T06:36:12+00:00\",\"description\":\"Plaza de parking en Av. Barcelona, 111, Sant Joan Desp\u00ed\",\"breadcrumb\":{\"@id\":\"https:\\\/\\\/forcadell.com\\\/en\\\/propiedades\\\/plaza-de-parking-en-av-barcelona-111-sant-joan-despi-2\\\/#breadcrumb\"},\"inLanguage\":\"en-US\",\"potentialAction\":[{\"@type\":\"ReadAction\",\"target\":[\"https:\\\/\\\/forcadell.com\\\/en\\\/propiedades\\\/plaza-de-parking-en-av-barcelona-111-sant-joan-despi-2\\\/\"]}]},{\"@type\":\"BreadcrumbList\",\"@id\":\"https:\\\/\\\/forcadell.com\\\/en\\\/propiedades\\\/plaza-de-parking-en-av-barcelona-111-sant-joan-despi-2\\\/#breadcrumb\",\"itemListElement\":[{\"@type\":\"ListItem\",\"position\":1,\"name\":\"Portada\",\"item\":\"https:\\\/\\\/forcadell.com\\\/en\\\/\"},{\"@type\":\"ListItem\",\"position\":2,\"name\":\"Properties\",\"item\":\"https:\\\/\\\/forcadell.com\\\/en\\\/propiedades\\\/\"},{\"@type\":\"ListItem\",\"position\":3,\"name\":\"Plaza de parking en Av. Barcelona, 111, Sant Joan Desp\u00ed\"}]},{\"@type\":\"WebSite\",\"@id\":\"https:\\\/\\\/forcadell.com\\\/en\\\/#website\",\"url\":\"https:\\\/\\\/forcadell.com\\\/en\\\/\",\"name\":\"Forcadell\",\"description\":\"Inmobiliaria Barcelona | Consultores inmobiliarios\",\"potentialAction\":[{\"@type\":\"SearchAction\",\"target\":{\"@type\":\"EntryPoint\",\"urlTemplate\":\"https:\\\/\\\/forcadell.com\\\/en\\\/?s={search_term_string}\"},\"query-input\":{\"@type\":\"PropertyValueSpecification\",\"valueRequired\":true,\"valueName\":\"search_term_string\"}}],\"inLanguage\":\"en-US\"}]}<\/script>\n<!-- \/ Yoast SEO plugin. -->","yoast_head_json":{"title":"Plaza de parking en Av. Barcelona, 111, Sant Joan Desp\u00ed","description":"Plaza de parking en Av. Barcelona, 111, Sant Joan Desp\u00ed","robots":{"index":"index","follow":"follow","max-snippet":"max-snippet:-1","max-image-preview":"max-image-preview:large","max-video-preview":"max-video-preview:-1"},"canonical":"https:\/\/forcadell.com\/en\/propiedades\/plaza-de-parking-en-av-barcelona-111-sant-joan-despi-2\/","og_locale":"en_US","og_type":"article","og_title":"Plaza de parking en Av. Barcelona, 111, Sant Joan Desp\u00ed","og_description":"Plaza de parking en Av. Barcelona, 111, Sant Joan Desp\u00ed","og_url":"https:\/\/forcadell.com\/en\/propiedades\/plaza-de-parking-en-av-barcelona-111-sant-joan-despi-2\/","og_site_name":"Forcadell","article_modified_time":"2026-09-01T06:36:12+00:00","twitter_card":"summary_large_image","schema":{"@context":"https:\/\/schema.org","@graph":[{"@type":"WebPage","@id":"https:\/\/forcadell.com\/en\/propiedades\/plaza-de-parking-en-av-barcelona-111-sant-joan-despi-2\/","url":"https:\/\/forcadell.com\/en\/propiedades\/plaza-de-parking-en-av-barcelona-111-sant-joan-despi-2\/","name":"Plaza de parking en Av. Barcelona, 111, Sant Joan Desp\u00ed","isPartOf":{"@id":"https:\/\/forcadell.com\/en\/#website"},"datePublished":"2026-08-04T06:34:57+00:00","dateModified":"2026-09-01T06:36:12+00:00","description":"Plaza de parking en Av. Barcelona, 111, Sant Joan Desp\u00ed","breadcrumb":{"@id":"https:\/\/forcadell.com\/en\/propiedades\/plaza-de-parking-en-av-barcelona-111-sant-joan-despi-2\/#breadcrumb"},"inLanguage":"en-US","potentialAction":[{"@type":"ReadAction","target":["https:\/\/forcadell.com\/en\/propiedades\/plaza-de-parking-en-av-barcelona-111-sant-joan-despi-2\/"]}]},{"@type":"BreadcrumbList","@id":"https:\/\/forcadell.com\/en\/propiedades\/plaza-de-parking-en-av-barcelona-111-sant-joan-despi-2\/#breadcrumb","itemListElement":[{"@type":"ListItem","position":1,"name":"Portada","item":"https:\/\/forcadell.com\/en\/"},{"@type":"ListItem","position":2,"name":"Properties","item":"https:\/\/forcadell.com\/en\/propiedades\/"},{"@type":"ListItem","position":3,"name":"Plaza de parking en Av. Barcelona, 111, Sant Joan Desp\u00ed"}]},{"@type":"WebSite","@id":"https:\/\/forcadell.com\/en\/#website","url":"https:\/\/forcadell.com\/en\/","name":"Forcadell","description":"Inmobiliaria Barcelona | Consultores inmobiliarios","potentialAction":[{"@type":"SearchAction","target":{"@type":"EntryPoint","urlTemplate":"https:\/\/forcadell.com\/en\/?s={search_term_string}"},"query-input":{"@type":"PropertyValueSpecification","valueRequired":true,"valueName":"search_term_string"}}],"inLanguage":"en-US"}]}},"_links":{"self":[{"href":"https:\/\/forcadell.com\/en\/wp-json\/wp\/v2\/properties_post\/84049","targetHints":{"allow":["GET"]}}],"collection":[{"href":"https:\/\/forcadell.com\/en\/wp-json\/wp\/v2\/properties_post"}],"about":[{"href":"https:\/\/forcadell.com\/en\/wp-json\/wp\/v2\/types\/properties_post"}],"wp:attachment":[{"href":"https:\/\/forcadell.com\/en\/wp-json\/wp\/v2\/media?parent=84049"}],"curies":[{"name":"wp","href":"https:\/\/api.w.org\/{rel}","templated":true}]}}