{"id":84041,"date":"2026-08-04T08:34:34","date_gmt":"2026-08-04T06:34:34","guid":{"rendered":"https:\/\/forcadell.com\/propiedades\/plaza-de-parking-de-concesion-municipal-hasta-nov-2045\/"},"modified":"2026-09-01T08:36:09","modified_gmt":"2026-09-01T06:36:09","slug":"plaza-de-parking-de-concesion-municipal-hasta-nov-2045","status":"publish","type":"properties_post","link":"https:\/\/forcadell.com\/en\/propiedades\/plaza-de-parking-de-concesion-municipal-hasta-nov-2045\/","title":{"rendered":"PLAZA DE PARKING DE CONCESI\u00d3N MUNICIPAL HASTA NOV 2045"},"content":{"rendered":"<p>De concesi\u00f3n administrativa del Ayuntamiento hasta noviembre del 2045.<\/p>\n<p>Plaza de parking con vigilancia permanente. Ubicada en la primera planta, pr\u00f3ximo a la puerta de entrada y salida. Medidas: 4,528m. (Largo) X 2,200m. (Ancho). Muy buena ubicaci\u00f3n, cerca de acceso y salida. Puerta autom\u00e1tica.<\/p>\n<p>Ubicado en la misma Rambla Brasil con la intersecci\u00f3n de la Avenida Madrid. en el barrio de Sants, casi en la frontera con Les Corts (a solo 100 metros del distrito de Les Corts). Y que desde la misma zona se accede rapid\u00edsimo a Ronda del Mig, Gran V\u00eda Carles III, Avenida Diagonal y Ronda de Dalt a 1-5 minutos.<\/p>\n","protected":false},"template":"","class_list":["post-84041","properties_post","type-properties_post","status-publish","hentry","properties_modality-sale","properties_district-sants-montjuic","properties_province-barcelona","properties_state-barcelona","properties_subclass-parking","properties_type-parking"],"acf":{"post_type_properties_post_property_code":"11248167","post_type_properties_post_property_reference":"SGER_3591","post_type_properties_post_owner_id":"258610","post_type_properties_post_owner_name":"Jaume","post_type_properties_post_property_code_encrypted":"MjQ5JDMyNzM0","post_type_properties_post_published":"1","post_type_properties_post_property_visibility":"idealista","post_type_properties_post_contact_name":"Forcadell Sant Gervasi","post_type_properties_post_contact_email":"forcadell.santgervasi@movin.cloud","post_type_properties_post_contact_primary_phone_prefix":"34","post_type_properties_post_contact_primary_phone_number":"934965408","post_type_properties_post_address_visibility":"street","post_type_properties_post_address_country":"Spain","post_type_properties_post_address_coordinates_precision":"exact","post_type_properties_post_address_postal_code":"08028","post_type_properties_post_address_coordinates_latitude":"41.3773968","post_type_properties_post_address_coordinates_longitude":"2.1297541","post_type_properties_post_address_street_name":"C\/ Rambla Brasil ","post_type_properties_post_address_floor":"","post_type_properties_post_address_town":"Barcelona","post_type_properties_post_building":null,"post_type_properties_post_property":[{"properties_post_description_language":"catalan","properties_post_title":"PLA\u00c7A D\u2019APARCAMENT DE CONCESSI\u00d3 MUNICIPAL FINS AL NOVEMBRE DE 2045","properties_post_short_description_text_alt":"","properties_post_description_text_alt":"","properties_post_short_description_text":"PLA\u00c7A D\u2019APARCAMENT DE CONCESSI\u00d3 MUNICIPAL FINS AL NOVEMBRE DE 2045","properties_post_link_demanda_inmueble":"https:\/\/movin.cloud\/ca\/Forcadell Sant Gervasi\/formulari-peticio-immoble\/sth\/1875&&11248167","properties_post_link_demanda_calendario_inmueble":"https:\/\/movin.cloud\/ca\/Forcadell Sant Gervasi\/calendari-peticio-immoble\/sth\/1875&&11248167","properties_post_description_text":"De concessi\u00f3 administrativa de l\u2019Ajuntament fins al novembre de 2045.\n\nPla\u00e7a d\u2019aparcament amb vigil\u00e0ncia permanent. Situada a la primera planta, prop de la porta d\u2019entrada i sortida. Mides: 4,528 m (llarg) x 2,200 m (ample). Molt bona ubicaci\u00f3, a prop de l\u2019acc\u00e9s i la sortida. Porta autom\u00e0tica.\n\nUbicada a la mateixa Rambla del Brasil amb la intersecci\u00f3 de l\u2019Avinguda de Madrid, al barri de Sants, gaireb\u00e9 a la frontera amb Les Corts (a nom\u00e9s 100 metres del districte de Les Corts). Des d\u2019aquesta mateixa zona s\u2019accedeix molt r\u00e0pidament a la Ronda del Mig, Gran Via Carles III, Avinguda Diagonal i Ronda de Dalt, en nom\u00e9s 1-5 minuts.","properties_post_seo_title":"","properties_post_seo_alias":"","properties_post_seo_metadescription":"","properties_post_seo_key_words":"","properties_post_seo_url":"","properties_post_terms_conditions":""},{"properties_post_description_language":"spanish","properties_post_title":"PLAZA DE PARKING DE CONCESI\u00d3N MUNICIPAL HASTA NOV 2045","properties_post_short_description_text_alt":"","properties_post_description_text_alt":"","properties_post_short_description_text":"PLAZA DE PARKING DE CONCESI\u00d3N MUNICIPAL HASTA NOV 2045","properties_post_link_demanda_inmueble":"https:\/\/movin.cloud\/es\/Forcadell Sant Gervasi\/formulario-peticion-inmueble\/sth\/1875&&11248167","properties_post_link_demanda_calendario_inmueble":"https:\/\/movin.cloud\/es\/Forcadell Sant Gervasi\/calendario-peticion-inmueble\/sth\/1875&&11248167","properties_post_description_text":"De concesi\u00f3n administrativa del Ayuntamiento hasta noviembre del 2045.\n\nPlaza de parking con vigilancia permanente. Ubicada en la primera planta, pr\u00f3ximo a la puerta de entrada y salida. Medidas: 4,528m. (Largo) X 2,200m. (Ancho). Muy buena ubicaci\u00f3n, cerca de acceso y salida. Puerta autom\u00e1tica.\n\nUbicado en la misma Rambla Brasil con la intersecci\u00f3n de la Avenida Madrid. en el barrio de Sants, casi en la frontera con Les Corts (a solo 100 metros del distrito de Les Corts). Y que desde la misma zona se accede rapid\u00edsimo a Ronda del Mig, Gran V\u00eda Carles III, Avenida Diagonal y Ronda de Dalt a 1-5 minutos.\n","properties_post_seo_title":"","properties_post_seo_alias":"","properties_post_seo_metadescription":"","properties_post_seo_key_words":"","properties_post_seo_url":"","properties_post_terms_conditions":""},{"properties_post_description_language":"english","properties_post_title":"MUNICIPAL CONCESSION PARKING SPACE UNTIL NOVEMBER 2045","properties_post_short_description_text_alt":"","properties_post_description_text_alt":"","properties_post_short_description_text":"MUNICIPAL CONCESSION PARKING SPACE UNTIL NOVEMBER 2045","properties_post_link_demanda_inmueble":"https:\/\/movin.cloud\/en\/Forcadell Sant Gervasi\/property-form-request\/sth\/1875&&11248167","properties_post_link_demanda_calendario_inmueble":"https:\/\/movin.cloud\/en\/Forcadell Sant Gervasi\/property-calendar-request\/sth\/1875&&11248167","properties_post_description_text":"Administrative concession from the City Council until November 2045.\n\nParking space with permanent surveillance. Located on the first floor, close to the entrance and exit gate. Dimensions: 4.528 m (length) x 2.200 m (width). Excellent location, near access and exit. Automatic gate.\n\nLocated right on Rambla Brasil at the intersection with Avinguda Madrid, in the Sants neighborhood, almost on the border with Les Corts (just 100 meters from the Les Corts district). From this area, there is quick access to \nRonda del Mig, Gran Via Carles III, Avinguda Diagonal, and Ronda de Dalt in just 1\u20135 minutes.","properties_post_seo_title":"","properties_post_seo_alias":"","properties_post_seo_metadescription":"","properties_post_seo_key_words":"","properties_post_seo_url":"","properties_post_terms_conditions":""}],"post_type_properties_post_features_type":"garage","post_type_properties_post_id_building":"","post_type_properties_post_features_area_constructed":10,"post_type_properties_post_features_conditioned_air":false,"post_type_properties_post_features_doorman":false,"post_type_properties_post_features_heating":false,"post_type_properties_post_features_equipped_kitchen":false,"post_type_properties_post_features_windows_location":"","post_type_properties_post_features_floors_property":false,"post_type_properties_post_features_storage":false,"post_type_properties_post_features_security_door":false,"post_type_properties_post_features_energy_certificate_rating":"","post_type_properties_post_features_energy_certificate_emissions_rating":"","post_type_properties_post_features_energy_certificate_emissions_value":"","post_type_properties_post_features_energy_certificate_performance":"","post_type_properties_post_features_bathroom_inside":false,"post_type_properties_post_precio":13500,"post_type_properties_post_precio_alquiler":13500,"post_type_properties_post_record_type_id":"Parking","post_type_properties_post_categoria__producto":"Parking","post_type_properties_post_amueblado":false,"post_type_properties_post_precio_m2":1350,"post_type_properties_post_zona__comunitaria":false,"post_type_properties_post_electrodomesticos":false,"post_type_properties_post_patio__interior":false,"post_type_properties_post_certificado_energetico_general":"","post_type_properties_post_certificado_energetico_consumo":"X (Exento)","post_type_properties_post_certificado_energetico_valor_emisiones":"","post_type_properties_post_certificado_energetico_valor_consumo":"","post_type_properties_post_modalidad":"sale","post_type_properties_post_provincia":"Barcelona","post_type_properties_post_poblacion":"Barcelona","post_type_properties_post_centro__urbano":true,"post_type_properties_post_zonificacion":"","post_type_properties_post_cartera":"","post_type_properties_post_titulo_catalan":"PLA\u00c7A D\u2019APARCAMENT DE CONCESSI\u00d3 MUNICIPAL FINS AL NOVEMBRE DE 2045","post_type_properties_post_internet_catalan":"De concessi\u00f3 administrativa de l\u2019Ajuntament fins al novembre de 2045.\n\nPla\u00e7a d\u2019aparcament amb vigil\u00e0ncia permanent. Situada a la primera planta, prop de la porta d\u2019entrada i sortida. Mides: 4,528 m (llarg) x 2,200 m (ample). Molt bona ubicaci\u00f3, a prop de l\u2019acc\u00e9s i la sortida. Porta autom\u00e0tica.\n\nUbicada a la mateixa Rambla del Brasil amb la intersecci\u00f3 de l\u2019Avinguda de Madrid, al barri de Sants, gaireb\u00e9 a la frontera amb Les Corts (a nom\u00e9s 100 metres del districte de Les Corts). Des d\u2019aquesta mateixa zona s\u2019accedeix molt r\u00e0pidament a la Ronda del Mig, Gran Via Carles III, Avinguda Diagonal i Ronda de Dalt, en nom\u00e9s 1-5 minuts.","post_type_properties_post_titulo_castellano":"PLAZA DE PARKING DE CONCESI\u00d3N MUNICIPAL HASTA NOV 2045","post_type_properties_post_internet_castellano":"De concesi\u00f3n administrativa del Ayuntamiento hasta noviembre del 2045.\n\nPlaza de parking con vigilancia permanente. Ubicada en la primera planta, pr\u00f3ximo a la puerta de entrada y salida. Medidas: 4,528m. (Largo) X 2,200m. (Ancho). Muy buena ubicaci\u00f3n, cerca de acceso y salida. Puerta autom\u00e1tica.\n\nUbicado en la misma Rambla Brasil con la intersecci\u00f3n de la Avenida Madrid. en el barrio de Sants, casi en la frontera con Les Corts (a solo 100 metros del distrito de Les Corts). Y que desde la misma zona se accede rapid\u00edsimo a Ronda del Mig, Gran V\u00eda Carles III, Avenida Diagonal y Ronda de Dalt a 1-5 minutos.\n","post_type_properties_post_titulo_ingles":"MUNICIPAL CONCESSION PARKING SPACE UNTIL NOVEMBER 2045","post_type_properties_post_internet_ingles":"Administrative concession from the City Council until November 2045.\n\nParking space with permanent surveillance. Located on the first floor, close to the entrance and exit gate. Dimensions: 4.528 m (length) x 2.200 m (width). Excellent location, near access and exit. Automatic gate.\n\nLocated right on Rambla Brasil at the intersection with Avinguda Madrid, in the Sants neighborhood, almost on the border with Les Corts (just 100 meters from the Les Corts district). From this area, there is quick access to \nRonda del Mig, Gran Via Carles III, Avinguda Diagonal, and Ronda de Dalt in just 1\u20135 minutes.","post_type_properties_post_features_classification_commercial":false,"post_type_properties_post_features_conservation":"","post_type_properties_post_features_security_personnel":false,"post_type_properties_post_features_parking_available":false,"post_type_properties_post_features_garage_capacity_type":"unknown","post_type_properties_post_features_bathroom_number":"","post_type_properties_post_eje":"","post_type_properties_post_zona":"","post_type_properties_post_comarca":"","post_type_properties_post_features_built_year":"","post_type_properties_post_renta_mensual":"","post_type_properties_post_fianza":"","post_type_properties_post_features_area_plot":"","post_type_properties_post_features_area_buildable":"","post_type_properties_post_features_classification_industrial":false,"post_type_properties_post_distrito":"","post_type_properties_post_features_balcony":false,"post_type_properties_post_features_bedroom_number":"","post_type_properties_post_features_heating_type":"","post_type_properties_post_features_equipped_with_furniture":false,"post_type_properties_post_features_pets_allowed":false,"post_type_properties_post_features_pool":false,"post_type_properties_post_features_terrace":false,"post_type_properties_post_features_wardrobes":false,"post_type_properties_post_features_lift_available":false,"post_type_properties_post_features_handicap_adapted_access":false,"post_type_properties_post_features_orientation_east":false,"post_type_properties_post_features_orientation_west":false,"post_type_properties_post_features_orientation_north":false,"post_type_properties_post_features_orientation_south":false,"post_type_properties_post_features_parking_spaces_number":"","post_type_properties_post_features_security_alarm":false,"post_type_properties_post_features_security_system":false,"post_type_properties_post_open_plan":false,"post_type_properties_post_acceso_24_7":false,"post_type_properties_post_oficina_privada":false,"post_type_properties_post_sala_reuniones":false,"post_type_properties_post_espacio_eventos":false,"post_type_properties_post_office":false,"post_type_properties_post_restaurant":false,"post_type_properties_post_acepta_traspaso":false,"post_type_properties_post_vigilancia":false,"post_type_properties_post_features_suite":false,"post_type_properties_post_features_vitro":false,"post_type_properties_post_features_oven":false,"post_type_properties_post_features_microwave":false,"post_type_properties_post_features_washing_machine":false,"post_type_properties_post_features_dryer":false,"post_type_properties_post_features_dishwasher":false,"post_type_properties_post_features_fridge":false,"post_type_properties_post_features_fridge_mini":false,"post_type_properties_post_features_kettle":false,"post_type_properties_post_features_toaster":false,"post_type_properties_post_features_coffee_maker":false,"post_type_properties_post_features_iron":false,"post_type_properties_post_features_ironing_board":false,"post_type_properties_post_features_safe":false,"post_type_properties_post_features_internet":false,"post_type_properties_post_features_solarium":false,"post_type_properties_post_features_clean_service":false,"post_type_properties_post_features_t_v":false,"post_type_properties_post_features_satellite_t_v":false,"post_type_properties_post_features_gas_kitchen":false,"post_type_properties_post_features_view_mountain":false,"post_type_properties_post_features_view_sea":false,"post_type_properties_post_features_concierge":false,"post_type_properties_post_features_loading_dock":false,"post_type_properties_post_features_bridge_crane":false,"post_type_properties_post_features_located_at_corner":false,"post_type_properties_post_features_smoke_extraction":false,"post_type_properties_post_features_rooms":"","post_type_properties_post_features_garden_area":"","post_type_properties_post_features_utilities_water":false,"post_type_properties_post_features_utilities_electricity":false,"post_type_properties_post_features_utilities_natural_gas":false,"post_type_properties_post_features_building_adapted":false,"post_type_properties_post_features_garden":false,"post_type_properties_post_features_classification_hotel":false,"post_type_properties_post_features_classification_chalet":false,"post_type_properties_post_certificado_energetico_emisiones":"","post_type_properties_post_barrio":"","post_type_properties_post_distrito_empresa":"Sants-Montju\u00efc","post_type_properties_post_features_property_category_intern":"","post_type_properties_post_implantada":false,"post_type_properties_post_sello_leed":"","post_type_properties_post_sello_well":"","post_type_properties_post_sello_breeam":false,"post_type_properties_post_images":[{"properties_post_image_order":1,"properties_post_image_url":"https:\/\/movin.cloud\/empresas\/1875\/imagenes\/11248167\/comprar.webp","properties_post_image_url_thumbnail":"https:\/\/movin.cloud\/empresas\/1875\/imagenes\/thumbnails\/11248167\/comprar.webp","properties_post_title":"comprar","properties_post_alt":"comprar"},{"properties_post_image_order":2,"properties_post_image_url":"https:\/\/movin.cloud\/empresas\/1875\/imagenes\/11248167\/compra.webp","properties_post_image_url_thumbnail":"https:\/\/movin.cloud\/empresas\/1875\/imagenes\/thumbnails\/11248167\/compra.webp","properties_post_title":"compra","properties_post_alt":"compra"},{"properties_post_image_order":3,"properties_post_image_url":"https:\/\/movin.cloud\/empresas\/1875\/imagenes\/11248167\/habitalia.webp","properties_post_image_url_thumbnail":"https:\/\/movin.cloud\/empresas\/1875\/imagenes\/thumbnails\/11248167\/habitalia.webp","properties_post_title":"habitalia","properties_post_alt":"habitalia"},{"properties_post_image_order":4,"properties_post_image_url":"https:\/\/movin.cloud\/empresas\/1875\/imagenes\/11248167\/viviendas.webp","properties_post_image_url_thumbnail":"https:\/\/movin.cloud\/empresas\/1875\/imagenes\/thumbnails\/11248167\/viviendas.webp","properties_post_title":"viviendas","properties_post_alt":"viviendas"},{"properties_post_image_order":5,"properties_post_image_url":"https:\/\/movin.cloud\/empresas\/1875\/imagenes\/11248167\/venta-viviendas.webp","properties_post_image_url_thumbnail":"https:\/\/movin.cloud\/empresas\/1875\/imagenes\/thumbnails\/11248167\/venta-viviendas.webp","properties_post_title":"venta viviendas","properties_post_alt":"venta viviendas"},{"properties_post_image_order":6,"properties_post_image_url":"https:\/\/movin.cloud\/empresas\/1875\/imagenes\/11248167\/venta.webp","properties_post_image_url_thumbnail":"https:\/\/movin.cloud\/empresas\/1875\/imagenes\/thumbnails\/11248167\/venta.webp","properties_post_title":"venta","properties_post_alt":"venta"},{"properties_post_image_order":7,"properties_post_image_url":"https:\/\/movin.cloud\/empresas\/1875\/imagenes\/11248167\/parkings.webp","properties_post_image_url_thumbnail":"https:\/\/movin.cloud\/empresas\/1875\/imagenes\/thumbnails\/11248167\/parkings.webp","properties_post_title":"parkings","properties_post_alt":"parkings"}],"post_type_properties_post_videos":[{"properties_post_video_url":"https:\/\/www.youtube.com\/watch?v=daJliQMBFas","properties_post_video_order":"999"}],"post_type_properties_post_tour":null,"post_type_properties_post_dossier_url":"","post_type_properties_post_operation_type":"sale","post_type_properties_post_operation_price":13500,"post_type_properties_post_features_hidden_price":false},"yoast_head":"<!-- This site is optimized with the Yoast SEO plugin v27.4 - https:\/\/yoast.com\/product\/yoast-seo-wordpress\/ -->\n<title>PLAZA DE PARKING DE CONCESI\u00d3N MUNICIPAL HASTA NOV 2045<\/title>\n<meta name=\"description\" content=\"PLAZA DE PARKING DE CONCESI\u00d3N MUNICIPAL HASTA NOV 2045\" \/>\n<meta name=\"robots\" content=\"index, follow, max-snippet:-1, max-image-preview:large, max-video-preview:-1\" \/>\n<link rel=\"canonical\" href=\"https:\/\/forcadell.com\/en\/propiedades\/plaza-de-parking-de-concesion-municipal-hasta-nov-2045\/\" \/>\n<meta property=\"og:locale\" content=\"en_US\" \/>\n<meta property=\"og:type\" content=\"article\" \/>\n<meta property=\"og:title\" content=\"PLAZA DE PARKING DE CONCESI\u00d3N MUNICIPAL HASTA NOV 2045\" \/>\n<meta property=\"og:description\" content=\"PLAZA DE PARKING DE CONCESI\u00d3N MUNICIPAL HASTA NOV 2045\" \/>\n<meta property=\"og:url\" content=\"https:\/\/forcadell.com\/en\/propiedades\/plaza-de-parking-de-concesion-municipal-hasta-nov-2045\/\" \/>\n<meta property=\"og:site_name\" content=\"Forcadell\" \/>\n<meta property=\"article:modified_time\" content=\"2026-09-01T06:36:09+00:00\" \/>\n<meta name=\"twitter:card\" content=\"summary_large_image\" \/>\n<meta name=\"twitter:label1\" content=\"Est. reading time\" \/>\n\t<meta name=\"twitter:data1\" content=\"1 minute\" \/>\n<script type=\"application\/ld+json\" class=\"yoast-schema-graph\">{\"@context\":\"https:\\\/\\\/schema.org\",\"@graph\":[{\"@type\":\"WebPage\",\"@id\":\"https:\\\/\\\/forcadell.com\\\/en\\\/propiedades\\\/plaza-de-parking-de-concesion-municipal-hasta-nov-2045\\\/\",\"url\":\"https:\\\/\\\/forcadell.com\\\/en\\\/propiedades\\\/plaza-de-parking-de-concesion-municipal-hasta-nov-2045\\\/\",\"name\":\"PLAZA DE PARKING DE CONCESI\u00d3N MUNICIPAL HASTA NOV 2045\",\"isPartOf\":{\"@id\":\"https:\\\/\\\/forcadell.com\\\/en\\\/#website\"},\"datePublished\":\"2026-08-04T06:34:34+00:00\",\"dateModified\":\"2026-09-01T06:36:09+00:00\",\"description\":\"PLAZA DE PARKING DE CONCESI\u00d3N MUNICIPAL HASTA NOV 2045\",\"breadcrumb\":{\"@id\":\"https:\\\/\\\/forcadell.com\\\/en\\\/propiedades\\\/plaza-de-parking-de-concesion-municipal-hasta-nov-2045\\\/#breadcrumb\"},\"inLanguage\":\"en-US\",\"potentialAction\":[{\"@type\":\"ReadAction\",\"target\":[\"https:\\\/\\\/forcadell.com\\\/en\\\/propiedades\\\/plaza-de-parking-de-concesion-municipal-hasta-nov-2045\\\/\"]}]},{\"@type\":\"BreadcrumbList\",\"@id\":\"https:\\\/\\\/forcadell.com\\\/en\\\/propiedades\\\/plaza-de-parking-de-concesion-municipal-hasta-nov-2045\\\/#breadcrumb\",\"itemListElement\":[{\"@type\":\"ListItem\",\"position\":1,\"name\":\"Portada\",\"item\":\"https:\\\/\\\/forcadell.com\\\/en\\\/\"},{\"@type\":\"ListItem\",\"position\":2,\"name\":\"Properties\",\"item\":\"https:\\\/\\\/forcadell.com\\\/en\\\/propiedades\\\/\"},{\"@type\":\"ListItem\",\"position\":3,\"name\":\"PLAZA DE PARKING DE CONCESI\u00d3N MUNICIPAL HASTA NOV 2045\"}]},{\"@type\":\"WebSite\",\"@id\":\"https:\\\/\\\/forcadell.com\\\/en\\\/#website\",\"url\":\"https:\\\/\\\/forcadell.com\\\/en\\\/\",\"name\":\"Forcadell\",\"description\":\"Inmobiliaria Barcelona | Consultores inmobiliarios\",\"potentialAction\":[{\"@type\":\"SearchAction\",\"target\":{\"@type\":\"EntryPoint\",\"urlTemplate\":\"https:\\\/\\\/forcadell.com\\\/en\\\/?s={search_term_string}\"},\"query-input\":{\"@type\":\"PropertyValueSpecification\",\"valueRequired\":true,\"valueName\":\"search_term_string\"}}],\"inLanguage\":\"en-US\"}]}<\/script>\n<!-- \/ Yoast SEO plugin. -->","yoast_head_json":{"title":"PLAZA DE PARKING DE CONCESI\u00d3N MUNICIPAL HASTA NOV 2045","description":"PLAZA DE PARKING DE CONCESI\u00d3N MUNICIPAL HASTA NOV 2045","robots":{"index":"index","follow":"follow","max-snippet":"max-snippet:-1","max-image-preview":"max-image-preview:large","max-video-preview":"max-video-preview:-1"},"canonical":"https:\/\/forcadell.com\/en\/propiedades\/plaza-de-parking-de-concesion-municipal-hasta-nov-2045\/","og_locale":"en_US","og_type":"article","og_title":"PLAZA DE PARKING DE CONCESI\u00d3N MUNICIPAL HASTA NOV 2045","og_description":"PLAZA DE PARKING DE CONCESI\u00d3N MUNICIPAL HASTA NOV 2045","og_url":"https:\/\/forcadell.com\/en\/propiedades\/plaza-de-parking-de-concesion-municipal-hasta-nov-2045\/","og_site_name":"Forcadell","article_modified_time":"2026-09-01T06:36:09+00:00","twitter_card":"summary_large_image","twitter_misc":{"Est. reading time":"1 minute"},"schema":{"@context":"https:\/\/schema.org","@graph":[{"@type":"WebPage","@id":"https:\/\/forcadell.com\/en\/propiedades\/plaza-de-parking-de-concesion-municipal-hasta-nov-2045\/","url":"https:\/\/forcadell.com\/en\/propiedades\/plaza-de-parking-de-concesion-municipal-hasta-nov-2045\/","name":"PLAZA DE PARKING DE CONCESI\u00d3N MUNICIPAL HASTA NOV 2045","isPartOf":{"@id":"https:\/\/forcadell.com\/en\/#website"},"datePublished":"2026-08-04T06:34:34+00:00","dateModified":"2026-09-01T06:36:09+00:00","description":"PLAZA DE PARKING DE CONCESI\u00d3N MUNICIPAL HASTA NOV 2045","breadcrumb":{"@id":"https:\/\/forcadell.com\/en\/propiedades\/plaza-de-parking-de-concesion-municipal-hasta-nov-2045\/#breadcrumb"},"inLanguage":"en-US","potentialAction":[{"@type":"ReadAction","target":["https:\/\/forcadell.com\/en\/propiedades\/plaza-de-parking-de-concesion-municipal-hasta-nov-2045\/"]}]},{"@type":"BreadcrumbList","@id":"https:\/\/forcadell.com\/en\/propiedades\/plaza-de-parking-de-concesion-municipal-hasta-nov-2045\/#breadcrumb","itemListElement":[{"@type":"ListItem","position":1,"name":"Portada","item":"https:\/\/forcadell.com\/en\/"},{"@type":"ListItem","position":2,"name":"Properties","item":"https:\/\/forcadell.com\/en\/propiedades\/"},{"@type":"ListItem","position":3,"name":"PLAZA DE PARKING DE CONCESI\u00d3N MUNICIPAL HASTA NOV 2045"}]},{"@type":"WebSite","@id":"https:\/\/forcadell.com\/en\/#website","url":"https:\/\/forcadell.com\/en\/","name":"Forcadell","description":"Inmobiliaria Barcelona | Consultores inmobiliarios","potentialAction":[{"@type":"SearchAction","target":{"@type":"EntryPoint","urlTemplate":"https:\/\/forcadell.com\/en\/?s={search_term_string}"},"query-input":{"@type":"PropertyValueSpecification","valueRequired":true,"valueName":"search_term_string"}}],"inLanguage":"en-US"}]}},"_links":{"self":[{"href":"https:\/\/forcadell.com\/en\/wp-json\/wp\/v2\/properties_post\/84041","targetHints":{"allow":["GET"]}}],"collection":[{"href":"https:\/\/forcadell.com\/en\/wp-json\/wp\/v2\/properties_post"}],"about":[{"href":"https:\/\/forcadell.com\/en\/wp-json\/wp\/v2\/types\/properties_post"}],"wp:attachment":[{"href":"https:\/\/forcadell.com\/en\/wp-json\/wp\/v2\/media?parent=84041"}],"curies":[{"name":"wp","href":"https:\/\/api.w.org\/{rel}","templated":true}]}}