{"id":84040,"date":"2026-08-04T08:34:33","date_gmt":"2026-08-04T06:34:33","guid":{"rendered":"https:\/\/forcadell.com\/propiedades\/plaza-de-parking-en-venta-en-el-centro-de-barcelona-2\/"},"modified":"2026-08-31T08:45:24","modified_gmt":"2026-08-31T06:45:24","slug":"plaza-de-parking-en-venta-en-el-centro-de-barcelona-2","status":"publish","type":"properties_post","link":"https:\/\/forcadell.com\/en\/propiedades\/plaza-de-parking-en-venta-en-el-centro-de-barcelona-2\/","title":{"rendered":"Plaza de parking en venta en el centro de Barcelona"},"content":{"rendered":"<p>Ubicaci\u00f3n: Calle Diputaci\u00f3n, 92, Barcelona, en el barrio la Nova Esquerra de l\u00b4Eixample.<\/p>\n<p>Medidas: 446 cm de largo x 190 cm de ancho. Ideal para coche mediano.<\/p>\n<p>El parking est\u00e1 equipado con c\u00e1maras de vigilancia, puerta autom\u00e1tica y acceso directo mediante ascensor. Los accesos son amplios y c\u00f3modos, sin maniobras complicadas.<\/p>\n<p>Aprovecha esta oportunidad para asegurar tu plaza en una ubicaci\u00f3n privilegiada del Eixample. \u00a1No lo dejes escapar!<\/p>\n<p>\u00a1Cont\u00e1ctanos ahora para m\u00e1s informaci\u00f3n o una visita!<\/p>\n","protected":false},"template":"","class_list":["post-84040","properties_post","type-properties_post","status-publish","hentry","properties_modality-sale","properties_district-eixample","properties_province-barcelona","properties_state-barcelona","properties_subclass-parking","properties_type-parking"],"acf":{"post_type_properties_post_property_code":"11247620","post_type_properties_post_property_reference":"SGER_3470","post_type_properties_post_owner_id":"238217","post_type_properties_post_owner_name":"Josep Viladrich Roa","post_type_properties_post_property_code_encrypted":"MjQ5JDMyMTg3","post_type_properties_post_published":"1","post_type_properties_post_property_visibility":"idealista","post_type_properties_post_contact_name":"Forcadell Sant Gervasi","post_type_properties_post_contact_email":"forcadell.santgervasi@movin.cloud","post_type_properties_post_contact_primary_phone_prefix":"34","post_type_properties_post_contact_primary_phone_number":"934965408","post_type_properties_post_address_visibility":"street","post_type_properties_post_address_country":"Spain","post_type_properties_post_address_coordinates_precision":"exact","post_type_properties_post_address_postal_code":"08015","post_type_properties_post_address_coordinates_latitude":"41.3797826","post_type_properties_post_address_coordinates_longitude":"2.1529848","post_type_properties_post_address_street_name":"C\/ Diputaci\u00f3 ","post_type_properties_post_address_floor":"","post_type_properties_post_address_town":"Barcelona","post_type_properties_post_building":null,"post_type_properties_post_property":[{"properties_post_description_language":"catalan","properties_post_title":"Pla\u00e7a d\u2019aparcament en venda al centre de Barcelona","properties_post_short_description_text_alt":"","properties_post_description_text_alt":"","properties_post_short_description_text":"Pla\u00e7a d\u2019aparcament en venda al centre de Barcelona","properties_post_link_demanda_inmueble":"https:\/\/movin.cloud\/ca\/Forcadell Sant Gervasi\/formulari-peticio-immoble\/sth\/1875&&11247620","properties_post_link_demanda_calendario_inmueble":"https:\/\/movin.cloud\/ca\/Forcadell Sant Gervasi\/calendari-peticio-immoble\/sth\/1875&&11247620","properties_post_description_text":"Ubicaci\u00f3: Carrer Diputaci\u00f3, 92, Barcelona, al barri de la Nova Esquerra de l\u2019Eixample.\n\nMides: 446 cm de llarg per 190 cm d\u2019ample. Ideal per a cotxe mitj\u00e0.\n\nL\u2019aparcament est\u00e0 equipat amb c\u00e0meres de vigil\u00e0ncia, porta autom\u00e0tica i acc\u00e9s directe mitjan\u00e7ant ascensor. Els accessos s\u00f3n amplis i c\u00f2modes, sense maniobres complicades.\n\nAprofita aquesta oportunitat per assegurar la teva pla\u00e7a en una ubicaci\u00f3 privilegiada de l\u2019Eixample. No la deixis escapar!\n\nContacta\u2019ns ara per a m\u00e9s informaci\u00f3 o per concertar una visita!","properties_post_seo_title":"","properties_post_seo_alias":"","properties_post_seo_metadescription":"","properties_post_seo_key_words":"","properties_post_seo_url":"","properties_post_terms_conditions":""},{"properties_post_description_language":"spanish","properties_post_title":"Plaza de parking en venta en el centro de Barcelona","properties_post_short_description_text_alt":"","properties_post_description_text_alt":"","properties_post_short_description_text":"Plaza de parking en venta en el centro de Barcelona","properties_post_link_demanda_inmueble":"https:\/\/movin.cloud\/es\/Forcadell Sant Gervasi\/formulario-peticion-inmueble\/sth\/1875&&11247620","properties_post_link_demanda_calendario_inmueble":"https:\/\/movin.cloud\/es\/Forcadell Sant Gervasi\/calendario-peticion-inmueble\/sth\/1875&&11247620","properties_post_description_text":"Ubicaci\u00f3n: Calle Diputaci\u00f3n, 92, Barcelona, en el barrio la Nova Esquerra de l\u00b4Eixample.\n\nMedidas: 446 cm de largo x 190 cm de ancho. Ideal para coche mediano.\n\nEl parking est\u00e1 equipado con c\u00e1maras de vigilancia, puerta autom\u00e1tica y acceso directo mediante ascensor. Los accesos son amplios y c\u00f3modos, sin maniobras complicadas.\n\nAprovecha esta oportunidad para asegurar tu plaza en una ubicaci\u00f3n privilegiada del Eixample. \u00a1No lo dejes escapar!\n\n\u00a1Cont\u00e1ctanos ahora para m\u00e1s informaci\u00f3n o una visita!","properties_post_seo_title":"","properties_post_seo_alias":"","properties_post_seo_metadescription":"","properties_post_seo_key_words":"","properties_post_seo_url":"","properties_post_terms_conditions":""},{"properties_post_description_language":"english","properties_post_title":"Parking space for sale in the center of Barcelona","properties_post_short_description_text_alt":"","properties_post_description_text_alt":"","properties_post_short_description_text":"Parking space for sale in the center of Barcelona","properties_post_link_demanda_inmueble":"https:\/\/movin.cloud\/en\/Forcadell Sant Gervasi\/property-form-request\/sth\/1875&&11247620","properties_post_link_demanda_calendario_inmueble":"https:\/\/movin.cloud\/en\/Forcadell Sant Gervasi\/property-calendar-request\/sth\/1875&&11247620","properties_post_description_text":"Location: Calle Diputaci\u00f3n, 92, Barcelona, in the Nova Esquerra de l\u2019Eixample neighborhood.\n\nDimensions: 446 cm long x 190 cm wide. Ideal for a medium-sized car.\n\nThe parking facility is equipped with surveillance cameras, an automatic gate, and direct access via elevator. The entrances are wide and convenient, with no tricky maneuvers required.\n\nTake advantage of this opportunity to secure your spot in a prime Eixample location. Don\u2019t miss out!\n\nContact us now for more information or to schedule a visit!","properties_post_seo_title":"","properties_post_seo_alias":"","properties_post_seo_metadescription":"","properties_post_seo_key_words":"","properties_post_seo_url":"","properties_post_terms_conditions":""}],"post_type_properties_post_features_type":"garage","post_type_properties_post_id_building":"","post_type_properties_post_features_area_constructed":8,"post_type_properties_post_features_conditioned_air":false,"post_type_properties_post_features_doorman":false,"post_type_properties_post_features_heating":false,"post_type_properties_post_features_equipped_kitchen":false,"post_type_properties_post_features_windows_location":"","post_type_properties_post_features_floors_property":false,"post_type_properties_post_features_storage":false,"post_type_properties_post_features_security_door":false,"post_type_properties_post_features_energy_certificate_rating":"","post_type_properties_post_features_energy_certificate_emissions_rating":"","post_type_properties_post_features_energy_certificate_emissions_value":"","post_type_properties_post_features_energy_certificate_performance":"","post_type_properties_post_features_bathroom_inside":false,"post_type_properties_post_precio":24500,"post_type_properties_post_precio_alquiler":24500,"post_type_properties_post_record_type_id":"Parking","post_type_properties_post_categoria__producto":"Parking","post_type_properties_post_amueblado":false,"post_type_properties_post_precio_m2":2882.35,"post_type_properties_post_zona__comunitaria":false,"post_type_properties_post_electrodomesticos":false,"post_type_properties_post_patio__interior":false,"post_type_properties_post_certificado_energetico_general":"","post_type_properties_post_certificado_energetico_consumo":"X (Exento)","post_type_properties_post_certificado_energetico_valor_emisiones":"","post_type_properties_post_certificado_energetico_valor_consumo":"","post_type_properties_post_modalidad":"sale","post_type_properties_post_provincia":"Barcelona","post_type_properties_post_poblacion":"Barcelona","post_type_properties_post_centro__urbano":true,"post_type_properties_post_zonificacion":"","post_type_properties_post_cartera":"","post_type_properties_post_titulo_catalan":"Pla\u00e7a d\u2019aparcament en venda al centre de Barcelona","post_type_properties_post_internet_catalan":"Ubicaci\u00f3: Carrer Diputaci\u00f3, 92, Barcelona, al barri de la Nova Esquerra de l\u2019Eixample.\n\nMides: 446 cm de llarg per 190 cm d\u2019ample. Ideal per a cotxe mitj\u00e0.\n\nL\u2019aparcament est\u00e0 equipat amb c\u00e0meres de vigil\u00e0ncia, porta autom\u00e0tica i acc\u00e9s directe mitjan\u00e7ant ascensor. Els accessos s\u00f3n amplis i c\u00f2modes, sense maniobres complicades.\n\nAprofita aquesta oportunitat per assegurar la teva pla\u00e7a en una ubicaci\u00f3 privilegiada de l\u2019Eixample. No la deixis escapar!\n\nContacta\u2019ns ara per a m\u00e9s informaci\u00f3 o per concertar una visita!","post_type_properties_post_titulo_castellano":"Plaza de parking en venta en el centro de Barcelona","post_type_properties_post_internet_castellano":"Ubicaci\u00f3n: Calle Diputaci\u00f3n, 92, Barcelona, en el barrio la Nova Esquerra de l\u00b4Eixample.\n\nMedidas: 446 cm de largo x 190 cm de ancho. Ideal para coche mediano.\n\nEl parking est\u00e1 equipado con c\u00e1maras de vigilancia, puerta autom\u00e1tica y acceso directo mediante ascensor. Los accesos son amplios y c\u00f3modos, sin maniobras complicadas.\n\nAprovecha esta oportunidad para asegurar tu plaza en una ubicaci\u00f3n privilegiada del Eixample. \u00a1No lo dejes escapar!\n\n\u00a1Cont\u00e1ctanos ahora para m\u00e1s informaci\u00f3n o una visita!","post_type_properties_post_titulo_ingles":"Parking space for sale in the center of Barcelona","post_type_properties_post_internet_ingles":"Location: Calle Diputaci\u00f3n, 92, Barcelona, in the Nova Esquerra de l\u2019Eixample neighborhood.\n\nDimensions: 446 cm long x 190 cm wide. Ideal for a medium-sized car.\n\nThe parking facility is equipped with surveillance cameras, an automatic gate, and direct access via elevator. The entrances are wide and convenient, with no tricky maneuvers required.\n\nTake advantage of this opportunity to secure your spot in a prime Eixample location. Don\u2019t miss out!\n\nContact us now for more information or to schedule a visit!","post_type_properties_post_features_classification_commercial":false,"post_type_properties_post_features_conservation":"","post_type_properties_post_features_security_personnel":false,"post_type_properties_post_features_parking_available":false,"post_type_properties_post_features_garage_capacity_type":"unknown","post_type_properties_post_features_bathroom_number":"","post_type_properties_post_eje":"","post_type_properties_post_zona":"","post_type_properties_post_comarca":"","post_type_properties_post_features_built_year":"","post_type_properties_post_renta_mensual":"","post_type_properties_post_fianza":"","post_type_properties_post_features_area_plot":"","post_type_properties_post_features_area_buildable":"","post_type_properties_post_features_classification_industrial":false,"post_type_properties_post_distrito":"","post_type_properties_post_features_balcony":false,"post_type_properties_post_features_bedroom_number":"","post_type_properties_post_features_heating_type":"","post_type_properties_post_features_equipped_with_furniture":false,"post_type_properties_post_features_pets_allowed":false,"post_type_properties_post_features_pool":false,"post_type_properties_post_features_terrace":false,"post_type_properties_post_features_wardrobes":false,"post_type_properties_post_features_lift_available":false,"post_type_properties_post_features_handicap_adapted_access":false,"post_type_properties_post_features_orientation_east":false,"post_type_properties_post_features_orientation_west":false,"post_type_properties_post_features_orientation_north":false,"post_type_properties_post_features_orientation_south":false,"post_type_properties_post_features_parking_spaces_number":"","post_type_properties_post_features_security_alarm":false,"post_type_properties_post_features_security_system":false,"post_type_properties_post_open_plan":false,"post_type_properties_post_acceso_24_7":false,"post_type_properties_post_oficina_privada":false,"post_type_properties_post_sala_reuniones":false,"post_type_properties_post_espacio_eventos":false,"post_type_properties_post_office":false,"post_type_properties_post_restaurant":false,"post_type_properties_post_acepta_traspaso":false,"post_type_properties_post_vigilancia":false,"post_type_properties_post_features_suite":false,"post_type_properties_post_features_vitro":false,"post_type_properties_post_features_oven":false,"post_type_properties_post_features_microwave":false,"post_type_properties_post_features_washing_machine":false,"post_type_properties_post_features_dryer":false,"post_type_properties_post_features_dishwasher":false,"post_type_properties_post_features_fridge":false,"post_type_properties_post_features_fridge_mini":false,"post_type_properties_post_features_kettle":false,"post_type_properties_post_features_toaster":false,"post_type_properties_post_features_coffee_maker":false,"post_type_properties_post_features_iron":false,"post_type_properties_post_features_ironing_board":false,"post_type_properties_post_features_safe":false,"post_type_properties_post_features_internet":false,"post_type_properties_post_features_solarium":false,"post_type_properties_post_features_clean_service":false,"post_type_properties_post_features_t_v":false,"post_type_properties_post_features_satellite_t_v":false,"post_type_properties_post_features_gas_kitchen":false,"post_type_properties_post_features_view_mountain":false,"post_type_properties_post_features_view_sea":false,"post_type_properties_post_features_concierge":false,"post_type_properties_post_features_loading_dock":false,"post_type_properties_post_features_bridge_crane":false,"post_type_properties_post_features_located_at_corner":false,"post_type_properties_post_features_smoke_extraction":false,"post_type_properties_post_features_rooms":"","post_type_properties_post_features_garden_area":"","post_type_properties_post_features_utilities_water":false,"post_type_properties_post_features_utilities_electricity":false,"post_type_properties_post_features_utilities_natural_gas":false,"post_type_properties_post_features_building_adapted":false,"post_type_properties_post_features_garden":false,"post_type_properties_post_features_classification_hotel":false,"post_type_properties_post_features_classification_chalet":false,"post_type_properties_post_certificado_energetico_emisiones":"","post_type_properties_post_barrio":"","post_type_properties_post_distrito_empresa":"Eixample","post_type_properties_post_features_property_category_intern":"","post_type_properties_post_implantada":false,"post_type_properties_post_sello_leed":"","post_type_properties_post_sello_well":"","post_type_properties_post_sello_breeam":false,"post_type_properties_post_images":[{"properties_post_image_order":1,"properties_post_image_url":"https:\/\/movin.cloud\/empresas\/1875\/imagenes\/11247620\/viviendas.webp","properties_post_image_url_thumbnail":"https:\/\/movin.cloud\/empresas\/1875\/imagenes\/thumbnails\/11247620\/viviendas.webp","properties_post_title":"viviendas","properties_post_alt":"viviendas"},{"properties_post_image_order":2,"properties_post_image_url":"https:\/\/movin.cloud\/empresas\/1875\/imagenes\/11247620\/venta-viviendas.webp","properties_post_image_url_thumbnail":"https:\/\/movin.cloud\/empresas\/1875\/imagenes\/thumbnails\/11247620\/venta-viviendas.webp","properties_post_title":"venta viviendas","properties_post_alt":"venta viviendas"},{"properties_post_image_order":3,"properties_post_image_url":"https:\/\/movin.cloud\/empresas\/1875\/imagenes\/11247620\/parkings.webp","properties_post_image_url_thumbnail":"https:\/\/movin.cloud\/empresas\/1875\/imagenes\/thumbnails\/11247620\/parkings.webp","properties_post_title":"parkings","properties_post_alt":"parkings"},{"properties_post_image_order":4,"properties_post_image_url":"https:\/\/movin.cloud\/empresas\/1875\/imagenes\/11247620\/compra.webp","properties_post_image_url_thumbnail":"https:\/\/movin.cloud\/empresas\/1875\/imagenes\/thumbnails\/11247620\/compra.webp","properties_post_title":"compra","properties_post_alt":"compra"},{"properties_post_image_order":5,"properties_post_image_url":"https:\/\/movin.cloud\/empresas\/1875\/imagenes\/11247620\/habitalia.webp","properties_post_image_url_thumbnail":"https:\/\/movin.cloud\/empresas\/1875\/imagenes\/thumbnails\/11247620\/habitalia.webp","properties_post_title":"habitalia","properties_post_alt":"habitalia"},{"properties_post_image_order":6,"properties_post_image_url":"https:\/\/movin.cloud\/empresas\/1875\/imagenes\/11247620\/venta.webp","properties_post_image_url_thumbnail":"https:\/\/movin.cloud\/empresas\/1875\/imagenes\/thumbnails\/11247620\/venta.webp","properties_post_title":"venta","properties_post_alt":"venta"},{"properties_post_image_order":7,"properties_post_image_url":"https:\/\/movin.cloud\/empresas\/1875\/imagenes\/11247620\/comprar.webp","properties_post_image_url_thumbnail":"https:\/\/movin.cloud\/empresas\/1875\/imagenes\/thumbnails\/11247620\/comprar.webp","properties_post_title":"comprar","properties_post_alt":"comprar"},{"properties_post_image_order":8,"properties_post_image_url":"https:\/\/movin.cloud\/empresas\/1875\/imagenes\/11247620\/fincas.webp","properties_post_image_url_thumbnail":"https:\/\/movin.cloud\/empresas\/1875\/imagenes\/thumbnails\/11247620\/fincas.webp","properties_post_title":"fincas","properties_post_alt":"fincas"}],"post_type_properties_post_videos":[{"properties_post_video_url":"https:\/\/www.youtube.com\/watch?v=daJliQMBFas","properties_post_video_order":"999"}],"post_type_properties_post_tour":null,"post_type_properties_post_dossier_url":"","post_type_properties_post_operation_type":"sale","post_type_properties_post_operation_price":24500,"post_type_properties_post_features_hidden_price":false},"yoast_head":"<!-- This site is optimized with the Yoast SEO plugin v27.4 - https:\/\/yoast.com\/product\/yoast-seo-wordpress\/ -->\n<title>Plaza de parking en venta en el centro de Barcelona<\/title>\n<meta name=\"description\" content=\"Plaza de parking en venta en el centro de Barcelona\" \/>\n<meta name=\"robots\" content=\"index, follow, max-snippet:-1, max-image-preview:large, max-video-preview:-1\" \/>\n<link rel=\"canonical\" href=\"https:\/\/forcadell.com\/en\/propiedades\/plaza-de-parking-en-venta-en-el-centro-de-barcelona-2\/\" \/>\n<meta property=\"og:locale\" content=\"en_US\" \/>\n<meta property=\"og:type\" content=\"article\" \/>\n<meta property=\"og:title\" content=\"Plaza de parking en venta en el centro de Barcelona\" \/>\n<meta property=\"og:description\" content=\"Plaza de parking en venta en el centro de Barcelona\" \/>\n<meta property=\"og:url\" content=\"https:\/\/forcadell.com\/en\/propiedades\/plaza-de-parking-en-venta-en-el-centro-de-barcelona-2\/\" \/>\n<meta property=\"og:site_name\" content=\"Forcadell\" \/>\n<meta property=\"article:modified_time\" content=\"2026-08-31T06:45:24+00:00\" \/>\n<meta name=\"twitter:card\" content=\"summary_large_image\" \/>\n<script type=\"application\/ld+json\" class=\"yoast-schema-graph\">{\"@context\":\"https:\\\/\\\/schema.org\",\"@graph\":[{\"@type\":\"WebPage\",\"@id\":\"https:\\\/\\\/forcadell.com\\\/en\\\/propiedades\\\/plaza-de-parking-en-venta-en-el-centro-de-barcelona-2\\\/\",\"url\":\"https:\\\/\\\/forcadell.com\\\/en\\\/propiedades\\\/plaza-de-parking-en-venta-en-el-centro-de-barcelona-2\\\/\",\"name\":\"Plaza de parking en venta en el centro de Barcelona\",\"isPartOf\":{\"@id\":\"https:\\\/\\\/forcadell.com\\\/en\\\/#website\"},\"datePublished\":\"2026-08-04T06:34:33+00:00\",\"dateModified\":\"2026-08-31T06:45:24+00:00\",\"description\":\"Plaza de parking en venta en el centro de Barcelona\",\"breadcrumb\":{\"@id\":\"https:\\\/\\\/forcadell.com\\\/en\\\/propiedades\\\/plaza-de-parking-en-venta-en-el-centro-de-barcelona-2\\\/#breadcrumb\"},\"inLanguage\":\"en-US\",\"potentialAction\":[{\"@type\":\"ReadAction\",\"target\":[\"https:\\\/\\\/forcadell.com\\\/en\\\/propiedades\\\/plaza-de-parking-en-venta-en-el-centro-de-barcelona-2\\\/\"]}]},{\"@type\":\"BreadcrumbList\",\"@id\":\"https:\\\/\\\/forcadell.com\\\/en\\\/propiedades\\\/plaza-de-parking-en-venta-en-el-centro-de-barcelona-2\\\/#breadcrumb\",\"itemListElement\":[{\"@type\":\"ListItem\",\"position\":1,\"name\":\"Portada\",\"item\":\"https:\\\/\\\/forcadell.com\\\/en\\\/\"},{\"@type\":\"ListItem\",\"position\":2,\"name\":\"Properties\",\"item\":\"https:\\\/\\\/forcadell.com\\\/en\\\/propiedades\\\/\"},{\"@type\":\"ListItem\",\"position\":3,\"name\":\"Plaza de parking en venta en el centro de Barcelona\"}]},{\"@type\":\"WebSite\",\"@id\":\"https:\\\/\\\/forcadell.com\\\/en\\\/#website\",\"url\":\"https:\\\/\\\/forcadell.com\\\/en\\\/\",\"name\":\"Forcadell\",\"description\":\"Inmobiliaria Barcelona | Consultores inmobiliarios\",\"potentialAction\":[{\"@type\":\"SearchAction\",\"target\":{\"@type\":\"EntryPoint\",\"urlTemplate\":\"https:\\\/\\\/forcadell.com\\\/en\\\/?s={search_term_string}\"},\"query-input\":{\"@type\":\"PropertyValueSpecification\",\"valueRequired\":true,\"valueName\":\"search_term_string\"}}],\"inLanguage\":\"en-US\"}]}<\/script>\n<!-- \/ Yoast SEO plugin. -->","yoast_head_json":{"title":"Plaza de parking en venta en el centro de Barcelona","description":"Plaza de parking en venta en el centro de Barcelona","robots":{"index":"index","follow":"follow","max-snippet":"max-snippet:-1","max-image-preview":"max-image-preview:large","max-video-preview":"max-video-preview:-1"},"canonical":"https:\/\/forcadell.com\/en\/propiedades\/plaza-de-parking-en-venta-en-el-centro-de-barcelona-2\/","og_locale":"en_US","og_type":"article","og_title":"Plaza de parking en venta en el centro de Barcelona","og_description":"Plaza de parking en venta en el centro de Barcelona","og_url":"https:\/\/forcadell.com\/en\/propiedades\/plaza-de-parking-en-venta-en-el-centro-de-barcelona-2\/","og_site_name":"Forcadell","article_modified_time":"2026-08-31T06:45:24+00:00","twitter_card":"summary_large_image","schema":{"@context":"https:\/\/schema.org","@graph":[{"@type":"WebPage","@id":"https:\/\/forcadell.com\/en\/propiedades\/plaza-de-parking-en-venta-en-el-centro-de-barcelona-2\/","url":"https:\/\/forcadell.com\/en\/propiedades\/plaza-de-parking-en-venta-en-el-centro-de-barcelona-2\/","name":"Plaza de parking en venta en el centro de Barcelona","isPartOf":{"@id":"https:\/\/forcadell.com\/en\/#website"},"datePublished":"2026-08-04T06:34:33+00:00","dateModified":"2026-08-31T06:45:24+00:00","description":"Plaza de parking en venta en el centro de Barcelona","breadcrumb":{"@id":"https:\/\/forcadell.com\/en\/propiedades\/plaza-de-parking-en-venta-en-el-centro-de-barcelona-2\/#breadcrumb"},"inLanguage":"en-US","potentialAction":[{"@type":"ReadAction","target":["https:\/\/forcadell.com\/en\/propiedades\/plaza-de-parking-en-venta-en-el-centro-de-barcelona-2\/"]}]},{"@type":"BreadcrumbList","@id":"https:\/\/forcadell.com\/en\/propiedades\/plaza-de-parking-en-venta-en-el-centro-de-barcelona-2\/#breadcrumb","itemListElement":[{"@type":"ListItem","position":1,"name":"Portada","item":"https:\/\/forcadell.com\/en\/"},{"@type":"ListItem","position":2,"name":"Properties","item":"https:\/\/forcadell.com\/en\/propiedades\/"},{"@type":"ListItem","position":3,"name":"Plaza de parking en venta en el centro de Barcelona"}]},{"@type":"WebSite","@id":"https:\/\/forcadell.com\/en\/#website","url":"https:\/\/forcadell.com\/en\/","name":"Forcadell","description":"Inmobiliaria Barcelona | Consultores inmobiliarios","potentialAction":[{"@type":"SearchAction","target":{"@type":"EntryPoint","urlTemplate":"https:\/\/forcadell.com\/en\/?s={search_term_string}"},"query-input":{"@type":"PropertyValueSpecification","valueRequired":true,"valueName":"search_term_string"}}],"inLanguage":"en-US"}]}},"_links":{"self":[{"href":"https:\/\/forcadell.com\/en\/wp-json\/wp\/v2\/properties_post\/84040","targetHints":{"allow":["GET"]}}],"collection":[{"href":"https:\/\/forcadell.com\/en\/wp-json\/wp\/v2\/properties_post"}],"about":[{"href":"https:\/\/forcadell.com\/en\/wp-json\/wp\/v2\/types\/properties_post"}],"wp:attachment":[{"href":"https:\/\/forcadell.com\/en\/wp-json\/wp\/v2\/media?parent=84040"}],"curies":[{"name":"wp","href":"https:\/\/api.w.org\/{rel}","templated":true}]}}