{"id":84037,"date":"2026-08-04T08:34:18","date_gmt":"2026-08-04T06:34:18","guid":{"rendered":"https:\/\/forcadell.com\/propiedades\/plaza-de-parking-de-25-m%c2%b2-en-venta-en-la-calle-rector-triado-en-el-barrio-de-sants-2\/"},"modified":"2026-08-31T08:45:22","modified_gmt":"2026-08-31T06:45:22","slug":"plaza-de-parking-de-25-m%c2%b2-en-venta-en-la-calle-rector-triado-en-el-barrio-de-sants-2","status":"publish","type":"properties_post","link":"https:\/\/forcadell.com\/en\/propiedades\/plaza-de-parking-de-25-m%c2%b2-en-venta-en-la-calle-rector-triado-en-el-barrio-de-sants-2\/","title":{"rendered":"Plaza de parking de 25 m\u00b2 en venta en la calle Rector Triad\u00f3, en el barrio de Sants."},"content":{"rendered":"<p>Plaza de parking en venta en la calle Rector Triad\u00f3, en el barrio de Sants de la ciudad de Barcelona.<br \/>\nConsta de una superficie total de 25 m\u00b2. La plaza se encuentra ubicada en planta s\u00f3tano -2, con un acceso sencillo y margen de maniobra para estacionar con comodidad.<br \/>\nCerca de todo tipo de servicios y muy bien comunicado, a 2 minutos de estaci\u00f3n de Sants.<\/p>\n","protected":false},"template":"","class_list":["post-84037","properties_post","type-properties_post","status-publish","hentry","properties_modality-sale","properties_district-sants-montjuic","properties_province-barcelona","properties_state-barcelona","properties_subclass-parking","properties_type-parking"],"acf":{"post_type_properties_post_property_code":"11244711","post_type_properties_post_property_reference":"SGER_2811","post_type_properties_post_owner_id":"137563","post_type_properties_post_owner_name":"Jordi Pineda Lopez","post_type_properties_post_property_code_encrypted":"MjQ5JDI5Mjc4","post_type_properties_post_published":"1","post_type_properties_post_property_visibility":"idealista","post_type_properties_post_contact_name":"Forcadell Sant Gervasi","post_type_properties_post_contact_email":"forcadell.santgervasi@movin.cloud","post_type_properties_post_contact_primary_phone_prefix":"34","post_type_properties_post_contact_primary_phone_number":"934965408","post_type_properties_post_address_visibility":"street","post_type_properties_post_address_country":"Spain","post_type_properties_post_address_coordinates_precision":"exact","post_type_properties_post_address_postal_code":"08014","post_type_properties_post_address_coordinates_latitude":"41.3779246","post_type_properties_post_address_coordinates_longitude":"2.1432372","post_type_properties_post_address_street_name":"c\/ Rector Triad\u00f3 ","post_type_properties_post_address_floor":"","post_type_properties_post_address_town":"Barcelona","post_type_properties_post_building":null,"post_type_properties_post_property":[{"properties_post_description_language":"catalan","properties_post_title":"Pla\u00e7a d'aparcament de 25 m\u00b2 en venda al carrer Rector Triad\u00f3, al barri de Sants.","properties_post_short_description_text_alt":"","properties_post_description_text_alt":"","properties_post_short_description_text":"Pla\u00e7a d'aparcament de 25 m\u00b2 en venda al carrer Rector Triad\u00f3, al barri de Sants.","properties_post_link_demanda_inmueble":"https:\/\/movin.cloud\/ca\/Forcadell Sant Gervasi\/formulari-peticio-immoble\/sth\/1875&&11244711","properties_post_link_demanda_calendario_inmueble":"https:\/\/movin.cloud\/ca\/Forcadell Sant Gervasi\/calendari-peticio-immoble\/sth\/1875&&11244711","properties_post_description_text":"\nPla\u00e7a d'aparcament en venda al carrer Rector Triad\u00f3, al barri de Sants de la ciutat de Barcelona. \nT\u00e9 una superf\u00edcie total de 25 m\u00b2. La pla\u00e7a est\u00e0 ubicada en planta soterr\u00e0nia -2, amb un acc\u00e9s senzill i marge de maniobra per estacionar amb comoditat. \nA prop de tota mena de serveis i molt ben comunicat a 2 minuts de l'estaci\u00f3 de Sants.","properties_post_seo_title":"","properties_post_seo_alias":"","properties_post_seo_metadescription":"","properties_post_seo_key_words":"","properties_post_seo_url":"","properties_post_terms_conditions":""},{"properties_post_description_language":"spanish","properties_post_title":"Plaza de parking de 25 m\u00b2 en venta en la calle Rector Triad\u00f3, en el barrio de Sants.","properties_post_short_description_text_alt":"","properties_post_description_text_alt":"","properties_post_short_description_text":"Plaza de parking de 25 m\u00b2 en venta en la calle Rector Triad\u00f3, en el barrio de Sants.","properties_post_link_demanda_inmueble":"https:\/\/movin.cloud\/es\/Forcadell Sant Gervasi\/formulario-peticion-inmueble\/sth\/1875&&11244711","properties_post_link_demanda_calendario_inmueble":"https:\/\/movin.cloud\/es\/Forcadell Sant Gervasi\/calendario-peticion-inmueble\/sth\/1875&&11244711","properties_post_description_text":"Plaza de parking en venta en la calle Rector Triad\u00f3, en el barrio de Sants de la ciudad de Barcelona. \nConsta de una superficie total de 25 m\u00b2. La plaza se encuentra ubicada en planta s\u00f3tano -2, con un acceso sencillo y margen de maniobra para estacionar con comodidad. \nCerca de todo tipo de servicios y muy bien comunicado, a 2 minutos de estaci\u00f3n de Sants.\n","properties_post_seo_title":"","properties_post_seo_alias":"","properties_post_seo_metadescription":"","properties_post_seo_key_words":"","properties_post_seo_url":"","properties_post_terms_conditions":""},{"properties_post_description_language":"english","properties_post_title":"Parking space for sale on Rector Triad\u00f3 street, in the Sants neighborhood","properties_post_short_description_text_alt":"","properties_post_description_text_alt":"","properties_post_short_description_text":"Parking space for sale on Rector Triad\u00f3 street, in the Sants neighborhood","properties_post_link_demanda_inmueble":"https:\/\/movin.cloud\/en\/Forcadell Sant Gervasi\/property-form-request\/sth\/1875&&11244711","properties_post_link_demanda_calendario_inmueble":"https:\/\/movin.cloud\/en\/Forcadell Sant Gervasi\/property-calendar-request\/sth\/1875&&11244711","properties_post_description_text":"Parking space for sale on Rector Triad\u00f3 street, in the Sants neighborhood of Barcelona city.\nIt has a total surface area of 25 m\u00b2. The space is located on basement level -2, with easy access and maneuvering room for comfortable parking. \nClose to all kinds of services and very well-connected, just 2 minutes from Sants station.","properties_post_seo_title":"","properties_post_seo_alias":"","properties_post_seo_metadescription":"","properties_post_seo_key_words":"","properties_post_seo_url":"","properties_post_terms_conditions":""}],"post_type_properties_post_features_type":"garage","post_type_properties_post_id_building":"","post_type_properties_post_features_area_constructed":25,"post_type_properties_post_features_conditioned_air":false,"post_type_properties_post_features_doorman":false,"post_type_properties_post_features_heating":false,"post_type_properties_post_features_equipped_kitchen":false,"post_type_properties_post_features_windows_location":"","post_type_properties_post_features_floors_property":false,"post_type_properties_post_features_storage":false,"post_type_properties_post_features_security_door":false,"post_type_properties_post_features_energy_certificate_rating":"","post_type_properties_post_features_energy_certificate_emissions_rating":"","post_type_properties_post_features_energy_certificate_emissions_value":"","post_type_properties_post_features_energy_certificate_performance":"","post_type_properties_post_features_bathroom_inside":false,"post_type_properties_post_precio":22000,"post_type_properties_post_precio_alquiler":22000,"post_type_properties_post_record_type_id":"Parking","post_type_properties_post_categoria__producto":"Parking","post_type_properties_post_amueblado":false,"post_type_properties_post_precio_m2":800,"post_type_properties_post_zona__comunitaria":false,"post_type_properties_post_electrodomesticos":false,"post_type_properties_post_patio__interior":false,"post_type_properties_post_certificado_energetico_general":"","post_type_properties_post_certificado_energetico_consumo":"","post_type_properties_post_certificado_energetico_valor_emisiones":"","post_type_properties_post_certificado_energetico_valor_consumo":"","post_type_properties_post_modalidad":"sale","post_type_properties_post_provincia":"Barcelona","post_type_properties_post_poblacion":"Barcelona","post_type_properties_post_centro__urbano":true,"post_type_properties_post_zonificacion":"","post_type_properties_post_cartera":"","post_type_properties_post_titulo_catalan":"Pla\u00e7a d'aparcament de 25 m\u00b2 en venda al carrer Rector Triad\u00f3, al barri de Sants.","post_type_properties_post_internet_catalan":"\nPla\u00e7a d'aparcament en venda al carrer Rector Triad\u00f3, al barri de Sants de la ciutat de Barcelona. \nT\u00e9 una superf\u00edcie total de 25 m\u00b2. La pla\u00e7a est\u00e0 ubicada en planta soterr\u00e0nia -2, amb un acc\u00e9s senzill i marge de maniobra per estacionar amb comoditat. \nA prop de tota mena de serveis i molt ben comunicat a 2 minuts de l'estaci\u00f3 de Sants.","post_type_properties_post_titulo_castellano":"Plaza de parking de 25 m\u00b2 en venta en la calle Rector Triad\u00f3, en el barrio de Sants.","post_type_properties_post_internet_castellano":"Plaza de parking en venta en la calle Rector Triad\u00f3, en el barrio de Sants de la ciudad de Barcelona. \nConsta de una superficie total de 25 m\u00b2. La plaza se encuentra ubicada en planta s\u00f3tano -2, con un acceso sencillo y margen de maniobra para estacionar con comodidad. \nCerca de todo tipo de servicios y muy bien comunicado, a 2 minutos de estaci\u00f3n de Sants.\n","post_type_properties_post_titulo_ingles":"Parking space for sale on Rector Triad\u00f3 street, in the Sants neighborhood","post_type_properties_post_internet_ingles":"Parking space for sale on Rector Triad\u00f3 street, in the Sants neighborhood of Barcelona city.\nIt has a total surface area of 25 m\u00b2. The space is located on basement level -2, with easy access and maneuvering room for comfortable parking. \nClose to all kinds of services and very well-connected, just 2 minutes from Sants station.","post_type_properties_post_features_classification_commercial":false,"post_type_properties_post_features_conservation":"","post_type_properties_post_features_security_personnel":false,"post_type_properties_post_features_parking_available":false,"post_type_properties_post_features_garage_capacity_type":"unknown","post_type_properties_post_features_bathroom_number":"","post_type_properties_post_eje":"","post_type_properties_post_zona":"","post_type_properties_post_comarca":"","post_type_properties_post_features_built_year":"","post_type_properties_post_renta_mensual":22000,"post_type_properties_post_fianza":"","post_type_properties_post_features_area_plot":"","post_type_properties_post_features_area_buildable":"","post_type_properties_post_features_classification_industrial":false,"post_type_properties_post_distrito":"","post_type_properties_post_features_balcony":false,"post_type_properties_post_features_bedroom_number":"","post_type_properties_post_features_heating_type":"","post_type_properties_post_features_equipped_with_furniture":false,"post_type_properties_post_features_pets_allowed":false,"post_type_properties_post_features_pool":false,"post_type_properties_post_features_terrace":false,"post_type_properties_post_features_wardrobes":false,"post_type_properties_post_features_lift_available":false,"post_type_properties_post_features_handicap_adapted_access":false,"post_type_properties_post_features_orientation_east":false,"post_type_properties_post_features_orientation_west":false,"post_type_properties_post_features_orientation_north":false,"post_type_properties_post_features_orientation_south":false,"post_type_properties_post_features_parking_spaces_number":"","post_type_properties_post_features_security_alarm":false,"post_type_properties_post_features_security_system":false,"post_type_properties_post_open_plan":false,"post_type_properties_post_acceso_24_7":false,"post_type_properties_post_oficina_privada":false,"post_type_properties_post_sala_reuniones":false,"post_type_properties_post_espacio_eventos":false,"post_type_properties_post_office":false,"post_type_properties_post_restaurant":false,"post_type_properties_post_acepta_traspaso":false,"post_type_properties_post_vigilancia":false,"post_type_properties_post_features_suite":false,"post_type_properties_post_features_vitro":false,"post_type_properties_post_features_oven":false,"post_type_properties_post_features_microwave":false,"post_type_properties_post_features_washing_machine":false,"post_type_properties_post_features_dryer":false,"post_type_properties_post_features_dishwasher":false,"post_type_properties_post_features_fridge":false,"post_type_properties_post_features_fridge_mini":false,"post_type_properties_post_features_kettle":false,"post_type_properties_post_features_toaster":false,"post_type_properties_post_features_coffee_maker":false,"post_type_properties_post_features_iron":false,"post_type_properties_post_features_ironing_board":false,"post_type_properties_post_features_safe":false,"post_type_properties_post_features_internet":false,"post_type_properties_post_features_solarium":false,"post_type_properties_post_features_clean_service":false,"post_type_properties_post_features_t_v":false,"post_type_properties_post_features_satellite_t_v":false,"post_type_properties_post_features_gas_kitchen":false,"post_type_properties_post_features_view_mountain":false,"post_type_properties_post_features_view_sea":false,"post_type_properties_post_features_concierge":false,"post_type_properties_post_features_loading_dock":false,"post_type_properties_post_features_bridge_crane":false,"post_type_properties_post_features_located_at_corner":false,"post_type_properties_post_features_smoke_extraction":false,"post_type_properties_post_features_rooms":"","post_type_properties_post_features_garden_area":"","post_type_properties_post_features_utilities_water":false,"post_type_properties_post_features_utilities_electricity":false,"post_type_properties_post_features_utilities_natural_gas":false,"post_type_properties_post_features_building_adapted":false,"post_type_properties_post_features_garden":false,"post_type_properties_post_features_classification_hotel":false,"post_type_properties_post_features_classification_chalet":false,"post_type_properties_post_certificado_energetico_emisiones":"","post_type_properties_post_barrio":"","post_type_properties_post_distrito_empresa":"Sants-Montju\u00efc","post_type_properties_post_features_property_category_intern":"","post_type_properties_post_implantada":false,"post_type_properties_post_sello_leed":"","post_type_properties_post_sello_well":"","post_type_properties_post_sello_breeam":false,"post_type_properties_post_images":[{"properties_post_image_order":1,"properties_post_image_url":"https:\/\/movin.cloud\/empresas\/1875\/imagenes\/11244711\/comprar.webp","properties_post_image_url_thumbnail":"https:\/\/movin.cloud\/empresas\/1875\/imagenes\/thumbnails\/11244711\/comprar.webp","properties_post_title":"comprar","properties_post_alt":"comprar"},{"properties_post_image_order":2,"properties_post_image_url":"https:\/\/movin.cloud\/empresas\/1875\/imagenes\/11244711\/compra-para-idealistas.webp","properties_post_image_url_thumbnail":"https:\/\/movin.cloud\/empresas\/1875\/imagenes\/thumbnails\/11244711\/compra-para-idealistas.webp","properties_post_title":"compra para idealistas","properties_post_alt":"compra para idealistas"},{"properties_post_image_order":3,"properties_post_image_url":"https:\/\/movin.cloud\/empresas\/1875\/imagenes\/11244711\/inmobiliarias.webp","properties_post_image_url_thumbnail":"https:\/\/movin.cloud\/empresas\/1875\/imagenes\/thumbnails\/11244711\/inmobiliarias.webp","properties_post_title":"inmobiliarias","properties_post_alt":"inmobiliarias"},{"properties_post_image_order":4,"properties_post_image_url":"https:\/\/movin.cloud\/empresas\/1875\/imagenes\/11244711\/fincas.webp","properties_post_image_url_thumbnail":"https:\/\/movin.cloud\/empresas\/1875\/imagenes\/thumbnails\/11244711\/fincas.webp","properties_post_title":"fincas","properties_post_alt":"fincas"}],"post_type_properties_post_videos":[{"properties_post_video_url":"https:\/\/www.youtube.com\/watch?v=daJliQMBFas","properties_post_video_order":"999"}],"post_type_properties_post_tour":null,"post_type_properties_post_dossier_url":"","post_type_properties_post_operation_type":"sale","post_type_properties_post_operation_price":22000,"post_type_properties_post_features_hidden_price":false},"yoast_head":"<!-- This site is optimized with the Yoast SEO plugin v27.4 - https:\/\/yoast.com\/product\/yoast-seo-wordpress\/ -->\n<title>Plaza de parking de 25 m\u00b2 en venta en la calle Rector Triad\u00f3, en el barrio de Sants.<\/title>\n<meta name=\"description\" content=\"Plaza de parking de 25 m\u00b2 en venta en la calle Rector Triad\u00f3, en el barrio de Sants.\" \/>\n<meta name=\"robots\" content=\"index, follow, max-snippet:-1, max-image-preview:large, max-video-preview:-1\" \/>\n<link rel=\"canonical\" href=\"https:\/\/forcadell.com\/en\/propiedades\/plaza-de-parking-de-25-m%c2%b2-en-venta-en-la-calle-rector-triado-en-el-barrio-de-sants-2\/\" \/>\n<meta property=\"og:locale\" content=\"en_US\" \/>\n<meta property=\"og:type\" content=\"article\" \/>\n<meta property=\"og:title\" content=\"Plaza de parking de 25 m\u00b2 en venta en la calle Rector Triad\u00f3, en el barrio de Sants.\" \/>\n<meta property=\"og:description\" content=\"Plaza de parking de 25 m\u00b2 en venta en la calle Rector Triad\u00f3, en el barrio de Sants.\" \/>\n<meta property=\"og:url\" content=\"https:\/\/forcadell.com\/en\/propiedades\/plaza-de-parking-de-25-m%c2%b2-en-venta-en-la-calle-rector-triado-en-el-barrio-de-sants-2\/\" \/>\n<meta property=\"og:site_name\" content=\"Forcadell\" \/>\n<meta property=\"article:modified_time\" content=\"2026-08-31T06:45:22+00:00\" \/>\n<meta name=\"twitter:card\" content=\"summary_large_image\" \/>\n<script type=\"application\/ld+json\" class=\"yoast-schema-graph\">{\"@context\":\"https:\\\/\\\/schema.org\",\"@graph\":[{\"@type\":\"WebPage\",\"@id\":\"https:\\\/\\\/forcadell.com\\\/en\\\/propiedades\\\/plaza-de-parking-de-25-m%c2%b2-en-venta-en-la-calle-rector-triado-en-el-barrio-de-sants-2\\\/\",\"url\":\"https:\\\/\\\/forcadell.com\\\/en\\\/propiedades\\\/plaza-de-parking-de-25-m%c2%b2-en-venta-en-la-calle-rector-triado-en-el-barrio-de-sants-2\\\/\",\"name\":\"Plaza de parking de 25 m\u00b2 en venta en la calle Rector Triad\u00f3, en el barrio de Sants.\",\"isPartOf\":{\"@id\":\"https:\\\/\\\/forcadell.com\\\/en\\\/#website\"},\"datePublished\":\"2026-08-04T06:34:18+00:00\",\"dateModified\":\"2026-08-31T06:45:22+00:00\",\"description\":\"Plaza de parking de 25 m\u00b2 en venta en la calle Rector Triad\u00f3, en el barrio de Sants.\",\"breadcrumb\":{\"@id\":\"https:\\\/\\\/forcadell.com\\\/en\\\/propiedades\\\/plaza-de-parking-de-25-m%c2%b2-en-venta-en-la-calle-rector-triado-en-el-barrio-de-sants-2\\\/#breadcrumb\"},\"inLanguage\":\"en-US\",\"potentialAction\":[{\"@type\":\"ReadAction\",\"target\":[\"https:\\\/\\\/forcadell.com\\\/en\\\/propiedades\\\/plaza-de-parking-de-25-m%c2%b2-en-venta-en-la-calle-rector-triado-en-el-barrio-de-sants-2\\\/\"]}]},{\"@type\":\"BreadcrumbList\",\"@id\":\"https:\\\/\\\/forcadell.com\\\/en\\\/propiedades\\\/plaza-de-parking-de-25-m%c2%b2-en-venta-en-la-calle-rector-triado-en-el-barrio-de-sants-2\\\/#breadcrumb\",\"itemListElement\":[{\"@type\":\"ListItem\",\"position\":1,\"name\":\"Portada\",\"item\":\"https:\\\/\\\/forcadell.com\\\/en\\\/\"},{\"@type\":\"ListItem\",\"position\":2,\"name\":\"Properties\",\"item\":\"https:\\\/\\\/forcadell.com\\\/en\\\/propiedades\\\/\"},{\"@type\":\"ListItem\",\"position\":3,\"name\":\"Plaza de parking de 25 m\u00b2 en venta en la calle Rector Triad\u00f3, en el barrio de Sants.\"}]},{\"@type\":\"WebSite\",\"@id\":\"https:\\\/\\\/forcadell.com\\\/en\\\/#website\",\"url\":\"https:\\\/\\\/forcadell.com\\\/en\\\/\",\"name\":\"Forcadell\",\"description\":\"Inmobiliaria Barcelona | Consultores inmobiliarios\",\"potentialAction\":[{\"@type\":\"SearchAction\",\"target\":{\"@type\":\"EntryPoint\",\"urlTemplate\":\"https:\\\/\\\/forcadell.com\\\/en\\\/?s={search_term_string}\"},\"query-input\":{\"@type\":\"PropertyValueSpecification\",\"valueRequired\":true,\"valueName\":\"search_term_string\"}}],\"inLanguage\":\"en-US\"}]}<\/script>\n<!-- \/ Yoast SEO plugin. -->","yoast_head_json":{"title":"Plaza de parking de 25 m\u00b2 en venta en la calle Rector Triad\u00f3, en el barrio de Sants.","description":"Plaza de parking de 25 m\u00b2 en venta en la calle Rector Triad\u00f3, en el barrio de Sants.","robots":{"index":"index","follow":"follow","max-snippet":"max-snippet:-1","max-image-preview":"max-image-preview:large","max-video-preview":"max-video-preview:-1"},"canonical":"https:\/\/forcadell.com\/en\/propiedades\/plaza-de-parking-de-25-m%c2%b2-en-venta-en-la-calle-rector-triado-en-el-barrio-de-sants-2\/","og_locale":"en_US","og_type":"article","og_title":"Plaza de parking de 25 m\u00b2 en venta en la calle Rector Triad\u00f3, en el barrio de Sants.","og_description":"Plaza de parking de 25 m\u00b2 en venta en la calle Rector Triad\u00f3, en el barrio de Sants.","og_url":"https:\/\/forcadell.com\/en\/propiedades\/plaza-de-parking-de-25-m%c2%b2-en-venta-en-la-calle-rector-triado-en-el-barrio-de-sants-2\/","og_site_name":"Forcadell","article_modified_time":"2026-08-31T06:45:22+00:00","twitter_card":"summary_large_image","schema":{"@context":"https:\/\/schema.org","@graph":[{"@type":"WebPage","@id":"https:\/\/forcadell.com\/en\/propiedades\/plaza-de-parking-de-25-m%c2%b2-en-venta-en-la-calle-rector-triado-en-el-barrio-de-sants-2\/","url":"https:\/\/forcadell.com\/en\/propiedades\/plaza-de-parking-de-25-m%c2%b2-en-venta-en-la-calle-rector-triado-en-el-barrio-de-sants-2\/","name":"Plaza de parking de 25 m\u00b2 en venta en la calle Rector Triad\u00f3, en el barrio de Sants.","isPartOf":{"@id":"https:\/\/forcadell.com\/en\/#website"},"datePublished":"2026-08-04T06:34:18+00:00","dateModified":"2026-08-31T06:45:22+00:00","description":"Plaza de parking de 25 m\u00b2 en venta en la calle Rector Triad\u00f3, en el barrio de Sants.","breadcrumb":{"@id":"https:\/\/forcadell.com\/en\/propiedades\/plaza-de-parking-de-25-m%c2%b2-en-venta-en-la-calle-rector-triado-en-el-barrio-de-sants-2\/#breadcrumb"},"inLanguage":"en-US","potentialAction":[{"@type":"ReadAction","target":["https:\/\/forcadell.com\/en\/propiedades\/plaza-de-parking-de-25-m%c2%b2-en-venta-en-la-calle-rector-triado-en-el-barrio-de-sants-2\/"]}]},{"@type":"BreadcrumbList","@id":"https:\/\/forcadell.com\/en\/propiedades\/plaza-de-parking-de-25-m%c2%b2-en-venta-en-la-calle-rector-triado-en-el-barrio-de-sants-2\/#breadcrumb","itemListElement":[{"@type":"ListItem","position":1,"name":"Portada","item":"https:\/\/forcadell.com\/en\/"},{"@type":"ListItem","position":2,"name":"Properties","item":"https:\/\/forcadell.com\/en\/propiedades\/"},{"@type":"ListItem","position":3,"name":"Plaza de parking de 25 m\u00b2 en venta en la calle Rector Triad\u00f3, en el barrio de Sants."}]},{"@type":"WebSite","@id":"https:\/\/forcadell.com\/en\/#website","url":"https:\/\/forcadell.com\/en\/","name":"Forcadell","description":"Inmobiliaria Barcelona | Consultores inmobiliarios","potentialAction":[{"@type":"SearchAction","target":{"@type":"EntryPoint","urlTemplate":"https:\/\/forcadell.com\/en\/?s={search_term_string}"},"query-input":{"@type":"PropertyValueSpecification","valueRequired":true,"valueName":"search_term_string"}}],"inLanguage":"en-US"}]}},"_links":{"self":[{"href":"https:\/\/forcadell.com\/en\/wp-json\/wp\/v2\/properties_post\/84037","targetHints":{"allow":["GET"]}}],"collection":[{"href":"https:\/\/forcadell.com\/en\/wp-json\/wp\/v2\/properties_post"}],"about":[{"href":"https:\/\/forcadell.com\/en\/wp-json\/wp\/v2\/types\/properties_post"}],"wp:attachment":[{"href":"https:\/\/forcadell.com\/en\/wp-json\/wp\/v2\/media?parent=84037"}],"curies":[{"name":"wp","href":"https:\/\/api.w.org\/{rel}","templated":true}]}}