{"id":84032,"date":"2026-08-04T08:34:04","date_gmt":"2026-08-04T06:34:04","guid":{"rendered":"https:\/\/forcadell.com\/propiedades\/plaza-de-parking-en-calle-sancho-de-avila-en-el-barrio-del-poblenou\/"},"modified":"2026-09-01T08:36:04","modified_gmt":"2026-09-01T06:36:04","slug":"plaza-de-parking-en-calle-sancho-de-avila-en-el-barrio-del-poblenou","status":"publish","type":"properties_post","link":"https:\/\/forcadell.com\/en\/propiedades\/plaza-de-parking-en-calle-sancho-de-avila-en-el-barrio-del-poblenou\/","title":{"rendered":"Plaza de parking en calle Sancho de \u00c1vila en el barrio del Poblenou"},"content":{"rendered":"<p>Plaza de parking en calle Sancho de \u00c1vila en el barrio del Poblenou de Barcelona.<br \/>\nParking de 11 m\u00b2, amplio y c\u00f3modo, en muy buen estado, excelentes accesos.<br \/>\nLa plaza de aparcamiento se encuentra ubicada en la planta s\u00f3tano -2.<\/p>\n","protected":false},"template":"","class_list":["post-84032","properties_post","type-properties_post","status-publish","hentry","properties_modality-sale","properties_district-sant-marti","properties_province-barcelona","properties_state-barcelona","properties_subclass-parking","properties_type-parking"],"acf":{"post_type_properties_post_property_code":"SGER_2294","post_type_properties_post_property_reference":"SGER_2294","post_type_properties_post_owner_id":"141350","post_type_properties_post_owner_name":"Aurora Garcia Barbos","post_type_properties_post_property_code_encrypted":"MjQkMzQ1Njc=","post_type_properties_post_published":"1","post_type_properties_post_property_visibility":"idealista","post_type_properties_post_contact_name":"Forcadell Sant Gervasi","post_type_properties_post_contact_email":"forcadell.santgervasi@movin.cloud","post_type_properties_post_contact_primary_phone_prefix":"34","post_type_properties_post_contact_primary_phone_number":"934965408","post_type_properties_post_address_visibility":"street","post_type_properties_post_address_country":"Spain","post_type_properties_post_address_coordinates_precision":"exact","post_type_properties_post_address_postal_code":"08018","post_type_properties_post_address_coordinates_latitude":"41.3961906","post_type_properties_post_address_coordinates_longitude":"2.1884845","post_type_properties_post_address_street_name":"Sancho de \u00c1vila","post_type_properties_post_address_floor":"","post_type_properties_post_address_town":"Barcelona","post_type_properties_post_building":null,"post_type_properties_post_property":[{"properties_post_description_language":"catalan","properties_post_title":"Pla\u00e7a de p\u00e0rquing al carrer Sancho de \u00c1vila al barri del Poblenou","properties_post_short_description_text_alt":"","properties_post_description_text_alt":"","properties_post_short_description_text":"Pla\u00e7a de p\u00e0rquing al carrer Sancho de \u00c1vila al barri del Poblenou de Barcelona. \nP\u00e0rquing d'11 m\u00b2, ampli i c\u00f2mode, en molt bon estat, excel\u00b7lents accessos. \nLa pla\u00e7a de p\u00e0rquing est\u00e0 situada a la planta soterrani -2.","properties_post_link_demanda_inmueble":"https:\/\/movin.cloud\/ca\/Forcadell Sant Gervasi\/formulari-peticio-immoble\/sth\/1875&&216949","properties_post_link_demanda_calendario_inmueble":"https:\/\/movin.cloud\/ca\/Forcadell Sant Gervasi\/calendari-peticio-immoble\/sth\/1875&&216949","properties_post_description_text":"Pla\u00e7a de p\u00e0rquing al carrer Sancho de \u00c1vila al barri del Poblenou de Barcelona. \nP\u00e0rquing d'11 m\u00b2, ampli i c\u00f2mode, en molt bon estat, excel\u00b7lents accessos. \nLa pla\u00e7a de p\u00e0rquing est\u00e0 situada a la planta soterrani -2.","properties_post_seo_title":"","properties_post_seo_alias":"","properties_post_seo_metadescription":"","properties_post_seo_key_words":"","properties_post_seo_url":"","properties_post_terms_conditions":""},{"properties_post_description_language":"spanish","properties_post_title":"Plaza de parking en calle Sancho de \u00c1vila en el barrio del Poblenou","properties_post_short_description_text_alt":"","properties_post_description_text_alt":"","properties_post_short_description_text":"Plaza de parking en calle Sancho de \u00c1vila en el barrio del Poblenou de Barcelona. \nParking de 11 m\u00b2, amplio y c\u00f3modo, en muy buen estado, excelentes accesos. \nLa plaza de aparcamiento se encuentra ubicada en la planta s\u00f3tano -2.","properties_post_link_demanda_inmueble":"https:\/\/movin.cloud\/es\/Forcadell Sant Gervasi\/formulario-peticion-inmueble\/sth\/1875&&216949","properties_post_link_demanda_calendario_inmueble":"https:\/\/movin.cloud\/es\/Forcadell Sant Gervasi\/calendario-peticion-inmueble\/sth\/1875&&216949","properties_post_description_text":"Plaza de parking en calle Sancho de \u00c1vila en el barrio del Poblenou de Barcelona. \nParking de 11 m\u00b2, amplio y c\u00f3modo, en muy buen estado, excelentes accesos. \nLa plaza de aparcamiento se encuentra ubicada en la planta s\u00f3tano -2.","properties_post_seo_title":"","properties_post_seo_alias":"","properties_post_seo_metadescription":"","properties_post_seo_key_words":"","properties_post_seo_url":"","properties_post_terms_conditions":""},{"properties_post_description_language":"english","properties_post_title":"Parking space on Sancho de \u00c1vila street in Poblenou ","properties_post_short_description_text_alt":"","properties_post_description_text_alt":"","properties_post_short_description_text":"Parking space on Sancho de \u00c1vila street in the Poblenou neighbourhood of Barcelona. \nParking of 11 m\u00b2, spacious and comfortable, in very good condition, excellent access. \nThe parking space is located in the basement -2 level.","properties_post_link_demanda_inmueble":"https:\/\/movin.cloud\/en\/Forcadell Sant Gervasi\/property-form-request\/sth\/1875&&216949","properties_post_link_demanda_calendario_inmueble":"https:\/\/movin.cloud\/en\/Forcadell Sant Gervasi\/property-calendar-request\/sth\/1875&&216949","properties_post_description_text":"Parking space on Sancho de \u00c1vila street in the Poblenou neighbourhood of Barcelona. \nParking of 11 m\u00b2, spacious and comfortable, in very good condition, excellent access. \nThe parking space is located in the basement -2 level.","properties_post_seo_title":"","properties_post_seo_alias":"","properties_post_seo_metadescription":"","properties_post_seo_key_words":"","properties_post_seo_url":"","properties_post_terms_conditions":""}],"post_type_properties_post_features_type":"garage","post_type_properties_post_id_building":"","post_type_properties_post_features_area_constructed":11,"post_type_properties_post_features_conditioned_air":false,"post_type_properties_post_features_doorman":false,"post_type_properties_post_features_heating":false,"post_type_properties_post_features_equipped_kitchen":false,"post_type_properties_post_features_windows_location":"","post_type_properties_post_features_floors_property":false,"post_type_properties_post_features_storage":false,"post_type_properties_post_features_security_door":false,"post_type_properties_post_features_energy_certificate_rating":"","post_type_properties_post_features_energy_certificate_emissions_rating":"","post_type_properties_post_features_energy_certificate_emissions_value":"","post_type_properties_post_features_energy_certificate_performance":"","post_type_properties_post_features_bathroom_inside":false,"post_type_properties_post_precio":20000,"post_type_properties_post_precio_alquiler":20000,"post_type_properties_post_record_type_id":"Parking","post_type_properties_post_categoria__producto":"Parking","post_type_properties_post_amueblado":false,"post_type_properties_post_precio_m2":1909.09,"post_type_properties_post_zona__comunitaria":false,"post_type_properties_post_electrodomesticos":false,"post_type_properties_post_patio__interior":false,"post_type_properties_post_certificado_energetico_general":"","post_type_properties_post_certificado_energetico_consumo":"","post_type_properties_post_certificado_energetico_valor_emisiones":"","post_type_properties_post_certificado_energetico_valor_consumo":"","post_type_properties_post_modalidad":"sale","post_type_properties_post_provincia":"Barcelona","post_type_properties_post_poblacion":"Barcelona","post_type_properties_post_centro__urbano":true,"post_type_properties_post_zonificacion":"","post_type_properties_post_cartera":"","post_type_properties_post_titulo_catalan":"Pla\u00e7a de p\u00e0rquing al carrer Sancho de \u00c1vila al barri del Poblenou","post_type_properties_post_internet_catalan":"Pla\u00e7a de p\u00e0rquing al carrer Sancho de \u00c1vila al barri del Poblenou de Barcelona. \nP\u00e0rquing d'11 m\u00b2, ampli i c\u00f2mode, en molt bon estat, excel\u00b7lents accessos. \nLa pla\u00e7a de p\u00e0rquing est\u00e0 situada a la planta soterrani -2.","post_type_properties_post_titulo_castellano":"Plaza de parking en calle Sancho de \u00c1vila en el barrio del Poblenou","post_type_properties_post_internet_castellano":"Plaza de parking en calle Sancho de \u00c1vila en el barrio del Poblenou de Barcelona. \nParking de 11 m\u00b2, amplio y c\u00f3modo, en muy buen estado, excelentes accesos. \nLa plaza de aparcamiento se encuentra ubicada en la planta s\u00f3tano -2.","post_type_properties_post_titulo_ingles":"Parking space on Sancho de \u00c1vila street in Poblenou ","post_type_properties_post_internet_ingles":"Parking space on Sancho de \u00c1vila street in the Poblenou neighbourhood of Barcelona. \nParking of 11 m\u00b2, spacious and comfortable, in very good condition, excellent access. \nThe parking space is located in the basement -2 level.","post_type_properties_post_features_classification_commercial":false,"post_type_properties_post_features_conservation":"","post_type_properties_post_features_security_personnel":false,"post_type_properties_post_features_parking_available":false,"post_type_properties_post_features_garage_capacity_type":"unknown","post_type_properties_post_features_bathroom_number":"","post_type_properties_post_eje":"","post_type_properties_post_zona":"","post_type_properties_post_comarca":"","post_type_properties_post_features_built_year":"","post_type_properties_post_renta_mensual":20000,"post_type_properties_post_fianza":"","post_type_properties_post_features_area_plot":"","post_type_properties_post_features_area_buildable":"","post_type_properties_post_features_classification_industrial":false,"post_type_properties_post_distrito":"","post_type_properties_post_features_balcony":false,"post_type_properties_post_features_bedroom_number":"","post_type_properties_post_features_heating_type":"","post_type_properties_post_features_equipped_with_furniture":false,"post_type_properties_post_features_pets_allowed":false,"post_type_properties_post_features_pool":false,"post_type_properties_post_features_terrace":false,"post_type_properties_post_features_wardrobes":false,"post_type_properties_post_features_lift_available":false,"post_type_properties_post_features_handicap_adapted_access":false,"post_type_properties_post_features_orientation_east":false,"post_type_properties_post_features_orientation_west":false,"post_type_properties_post_features_orientation_north":false,"post_type_properties_post_features_orientation_south":false,"post_type_properties_post_features_parking_spaces_number":"","post_type_properties_post_features_security_alarm":false,"post_type_properties_post_features_security_system":false,"post_type_properties_post_open_plan":false,"post_type_properties_post_acceso_24_7":false,"post_type_properties_post_oficina_privada":false,"post_type_properties_post_sala_reuniones":false,"post_type_properties_post_espacio_eventos":false,"post_type_properties_post_office":false,"post_type_properties_post_restaurant":false,"post_type_properties_post_acepta_traspaso":false,"post_type_properties_post_vigilancia":false,"post_type_properties_post_features_suite":false,"post_type_properties_post_features_vitro":false,"post_type_properties_post_features_oven":false,"post_type_properties_post_features_microwave":false,"post_type_properties_post_features_washing_machine":false,"post_type_properties_post_features_dryer":false,"post_type_properties_post_features_dishwasher":false,"post_type_properties_post_features_fridge":false,"post_type_properties_post_features_fridge_mini":false,"post_type_properties_post_features_kettle":false,"post_type_properties_post_features_toaster":false,"post_type_properties_post_features_coffee_maker":false,"post_type_properties_post_features_iron":false,"post_type_properties_post_features_ironing_board":false,"post_type_properties_post_features_safe":false,"post_type_properties_post_features_internet":false,"post_type_properties_post_features_solarium":false,"post_type_properties_post_features_clean_service":false,"post_type_properties_post_features_t_v":false,"post_type_properties_post_features_satellite_t_v":false,"post_type_properties_post_features_gas_kitchen":false,"post_type_properties_post_features_view_mountain":false,"post_type_properties_post_features_view_sea":false,"post_type_properties_post_features_concierge":false,"post_type_properties_post_features_loading_dock":false,"post_type_properties_post_features_bridge_crane":false,"post_type_properties_post_features_located_at_corner":false,"post_type_properties_post_features_smoke_extraction":false,"post_type_properties_post_features_rooms":"","post_type_properties_post_features_garden_area":"","post_type_properties_post_features_utilities_water":false,"post_type_properties_post_features_utilities_electricity":false,"post_type_properties_post_features_utilities_natural_gas":false,"post_type_properties_post_features_building_adapted":false,"post_type_properties_post_features_garden":false,"post_type_properties_post_features_classification_hotel":false,"post_type_properties_post_features_classification_chalet":false,"post_type_properties_post_certificado_energetico_emisiones":"","post_type_properties_post_barrio":"","post_type_properties_post_distrito_empresa":"Sant Mart\u00ed","post_type_properties_post_features_property_category_intern":"","post_type_properties_post_implantada":false,"post_type_properties_post_sello_leed":"","post_type_properties_post_sello_well":"","post_type_properties_post_sello_breeam":false,"post_type_properties_post_images":[{"properties_post_image_order":1,"properties_post_image_url":"https:\/\/movin.cloud\/empresas\/1875\/imagenes\/216949\/venta-viviendas.webp","properties_post_image_url_thumbnail":"https:\/\/movin.cloud\/empresas\/1875\/imagenes\/thumbnails\/216949\/venta-viviendas.webp","properties_post_title":"venta viviendas","properties_post_alt":"venta viviendas"},{"properties_post_image_order":2,"properties_post_image_url":"https:\/\/movin.cloud\/empresas\/1875\/imagenes\/216949\/compra-para-idealistas.webp","properties_post_image_url_thumbnail":"https:\/\/movin.cloud\/empresas\/1875\/imagenes\/thumbnails\/216949\/compra-para-idealistas.webp","properties_post_title":"compra para idealistas","properties_post_alt":"compra para idealistas"},{"properties_post_image_order":3,"properties_post_image_url":"https:\/\/movin.cloud\/empresas\/1875\/imagenes\/216949\/viviendas.webp","properties_post_image_url_thumbnail":"https:\/\/movin.cloud\/empresas\/1875\/imagenes\/thumbnails\/216949\/viviendas.webp","properties_post_title":"viviendas","properties_post_alt":"viviendas"},{"properties_post_image_order":4,"properties_post_image_url":"https:\/\/movin.cloud\/empresas\/1875\/imagenes\/216949\/parkings.webp","properties_post_image_url_thumbnail":"https:\/\/movin.cloud\/empresas\/1875\/imagenes\/thumbnails\/216949\/parkings.webp","properties_post_title":"parkings","properties_post_alt":"parkings"}],"post_type_properties_post_videos":[{"properties_post_video_url":"https:\/\/www.youtube.com\/watch?v=daJliQMBFas","properties_post_video_order":"1"}],"post_type_properties_post_tour":null,"post_type_properties_post_dossier_url":"","post_type_properties_post_operation_type":"sale","post_type_properties_post_operation_price":20000,"post_type_properties_post_features_hidden_price":false},"yoast_head":"<!-- This site is optimized with the Yoast SEO plugin v27.4 - https:\/\/yoast.com\/product\/yoast-seo-wordpress\/ -->\n<title>Plaza de parking en calle Sancho de \u00c1vila en el barrio del Poblenou<\/title>\n<meta name=\"description\" content=\"Plaza de parking en calle Sancho de \u00c1vila en el barrio del Poblenou de Barcelona. Parking de 11 m\u00b2, amplio y c\u00f3modo, en muy buen estado, excelentes acc\u2026\" \/>\n<meta name=\"robots\" content=\"index, follow, max-snippet:-1, max-image-preview:large, max-video-preview:-1\" \/>\n<link rel=\"canonical\" href=\"https:\/\/forcadell.com\/en\/propiedades\/plaza-de-parking-en-calle-sancho-de-avila-en-el-barrio-del-poblenou\/\" \/>\n<meta property=\"og:locale\" content=\"en_US\" \/>\n<meta property=\"og:type\" content=\"article\" \/>\n<meta property=\"og:title\" content=\"Plaza de parking en calle Sancho de \u00c1vila en el barrio del Poblenou\" \/>\n<meta property=\"og:description\" content=\"Plaza de parking en calle Sancho de \u00c1vila en el barrio del Poblenou de Barcelona. Parking de 11 m\u00b2, amplio y c\u00f3modo, en muy buen estado, excelentes acc\u2026\" \/>\n<meta property=\"og:url\" content=\"https:\/\/forcadell.com\/en\/propiedades\/plaza-de-parking-en-calle-sancho-de-avila-en-el-barrio-del-poblenou\/\" \/>\n<meta property=\"og:site_name\" content=\"Forcadell\" \/>\n<meta property=\"article:modified_time\" content=\"2026-09-01T06:36:04+00:00\" \/>\n<meta name=\"twitter:card\" content=\"summary_large_image\" \/>\n<script type=\"application\/ld+json\" class=\"yoast-schema-graph\">{\"@context\":\"https:\\\/\\\/schema.org\",\"@graph\":[{\"@type\":\"WebPage\",\"@id\":\"https:\\\/\\\/forcadell.com\\\/en\\\/propiedades\\\/plaza-de-parking-en-calle-sancho-de-avila-en-el-barrio-del-poblenou\\\/\",\"url\":\"https:\\\/\\\/forcadell.com\\\/en\\\/propiedades\\\/plaza-de-parking-en-calle-sancho-de-avila-en-el-barrio-del-poblenou\\\/\",\"name\":\"Plaza de parking en calle Sancho de \u00c1vila en el barrio del Poblenou\",\"isPartOf\":{\"@id\":\"https:\\\/\\\/forcadell.com\\\/en\\\/#website\"},\"datePublished\":\"2026-08-04T06:34:04+00:00\",\"dateModified\":\"2026-09-01T06:36:04+00:00\",\"description\":\"Plaza de parking en calle Sancho de \u00c1vila en el barrio del Poblenou de Barcelona. Parking de 11 m\u00b2, amplio y c\u00f3modo, en muy buen estado, excelentes acc\u2026\",\"breadcrumb\":{\"@id\":\"https:\\\/\\\/forcadell.com\\\/en\\\/propiedades\\\/plaza-de-parking-en-calle-sancho-de-avila-en-el-barrio-del-poblenou\\\/#breadcrumb\"},\"inLanguage\":\"en-US\",\"potentialAction\":[{\"@type\":\"ReadAction\",\"target\":[\"https:\\\/\\\/forcadell.com\\\/en\\\/propiedades\\\/plaza-de-parking-en-calle-sancho-de-avila-en-el-barrio-del-poblenou\\\/\"]}]},{\"@type\":\"BreadcrumbList\",\"@id\":\"https:\\\/\\\/forcadell.com\\\/en\\\/propiedades\\\/plaza-de-parking-en-calle-sancho-de-avila-en-el-barrio-del-poblenou\\\/#breadcrumb\",\"itemListElement\":[{\"@type\":\"ListItem\",\"position\":1,\"name\":\"Portada\",\"item\":\"https:\\\/\\\/forcadell.com\\\/en\\\/\"},{\"@type\":\"ListItem\",\"position\":2,\"name\":\"Properties\",\"item\":\"https:\\\/\\\/forcadell.com\\\/en\\\/propiedades\\\/\"},{\"@type\":\"ListItem\",\"position\":3,\"name\":\"Plaza de parking en calle Sancho de \u00c1vila en el barrio del Poblenou\"}]},{\"@type\":\"WebSite\",\"@id\":\"https:\\\/\\\/forcadell.com\\\/en\\\/#website\",\"url\":\"https:\\\/\\\/forcadell.com\\\/en\\\/\",\"name\":\"Forcadell\",\"description\":\"Inmobiliaria Barcelona | Consultores inmobiliarios\",\"potentialAction\":[{\"@type\":\"SearchAction\",\"target\":{\"@type\":\"EntryPoint\",\"urlTemplate\":\"https:\\\/\\\/forcadell.com\\\/en\\\/?s={search_term_string}\"},\"query-input\":{\"@type\":\"PropertyValueSpecification\",\"valueRequired\":true,\"valueName\":\"search_term_string\"}}],\"inLanguage\":\"en-US\"}]}<\/script>\n<!-- \/ Yoast SEO plugin. -->","yoast_head_json":{"title":"Plaza de parking en calle Sancho de \u00c1vila en el barrio del Poblenou","description":"Plaza de parking en calle Sancho de \u00c1vila en el barrio del Poblenou de Barcelona. Parking de 11 m\u00b2, amplio y c\u00f3modo, en muy buen estado, excelentes acc\u2026","robots":{"index":"index","follow":"follow","max-snippet":"max-snippet:-1","max-image-preview":"max-image-preview:large","max-video-preview":"max-video-preview:-1"},"canonical":"https:\/\/forcadell.com\/en\/propiedades\/plaza-de-parking-en-calle-sancho-de-avila-en-el-barrio-del-poblenou\/","og_locale":"en_US","og_type":"article","og_title":"Plaza de parking en calle Sancho de \u00c1vila en el barrio del Poblenou","og_description":"Plaza de parking en calle Sancho de \u00c1vila en el barrio del Poblenou de Barcelona. Parking de 11 m\u00b2, amplio y c\u00f3modo, en muy buen estado, excelentes acc\u2026","og_url":"https:\/\/forcadell.com\/en\/propiedades\/plaza-de-parking-en-calle-sancho-de-avila-en-el-barrio-del-poblenou\/","og_site_name":"Forcadell","article_modified_time":"2026-09-01T06:36:04+00:00","twitter_card":"summary_large_image","schema":{"@context":"https:\/\/schema.org","@graph":[{"@type":"WebPage","@id":"https:\/\/forcadell.com\/en\/propiedades\/plaza-de-parking-en-calle-sancho-de-avila-en-el-barrio-del-poblenou\/","url":"https:\/\/forcadell.com\/en\/propiedades\/plaza-de-parking-en-calle-sancho-de-avila-en-el-barrio-del-poblenou\/","name":"Plaza de parking en calle Sancho de \u00c1vila en el barrio del Poblenou","isPartOf":{"@id":"https:\/\/forcadell.com\/en\/#website"},"datePublished":"2026-08-04T06:34:04+00:00","dateModified":"2026-09-01T06:36:04+00:00","description":"Plaza de parking en calle Sancho de \u00c1vila en el barrio del Poblenou de Barcelona. Parking de 11 m\u00b2, amplio y c\u00f3modo, en muy buen estado, excelentes acc\u2026","breadcrumb":{"@id":"https:\/\/forcadell.com\/en\/propiedades\/plaza-de-parking-en-calle-sancho-de-avila-en-el-barrio-del-poblenou\/#breadcrumb"},"inLanguage":"en-US","potentialAction":[{"@type":"ReadAction","target":["https:\/\/forcadell.com\/en\/propiedades\/plaza-de-parking-en-calle-sancho-de-avila-en-el-barrio-del-poblenou\/"]}]},{"@type":"BreadcrumbList","@id":"https:\/\/forcadell.com\/en\/propiedades\/plaza-de-parking-en-calle-sancho-de-avila-en-el-barrio-del-poblenou\/#breadcrumb","itemListElement":[{"@type":"ListItem","position":1,"name":"Portada","item":"https:\/\/forcadell.com\/en\/"},{"@type":"ListItem","position":2,"name":"Properties","item":"https:\/\/forcadell.com\/en\/propiedades\/"},{"@type":"ListItem","position":3,"name":"Plaza de parking en calle Sancho de \u00c1vila en el barrio del Poblenou"}]},{"@type":"WebSite","@id":"https:\/\/forcadell.com\/en\/#website","url":"https:\/\/forcadell.com\/en\/","name":"Forcadell","description":"Inmobiliaria Barcelona | Consultores inmobiliarios","potentialAction":[{"@type":"SearchAction","target":{"@type":"EntryPoint","urlTemplate":"https:\/\/forcadell.com\/en\/?s={search_term_string}"},"query-input":{"@type":"PropertyValueSpecification","valueRequired":true,"valueName":"search_term_string"}}],"inLanguage":"en-US"}]}},"_links":{"self":[{"href":"https:\/\/forcadell.com\/en\/wp-json\/wp\/v2\/properties_post\/84032","targetHints":{"allow":["GET"]}}],"collection":[{"href":"https:\/\/forcadell.com\/en\/wp-json\/wp\/v2\/properties_post"}],"about":[{"href":"https:\/\/forcadell.com\/en\/wp-json\/wp\/v2\/types\/properties_post"}],"wp:attachment":[{"href":"https:\/\/forcadell.com\/en\/wp-json\/wp\/v2\/media?parent=84032"}],"curies":[{"name":"wp","href":"https:\/\/api.w.org\/{rel}","templated":true}]}}