{"id":84007,"date":"2026-08-04T08:32:55","date_gmt":"2026-08-04T06:32:55","guid":{"rendered":"https:\/\/forcadell.com\/propiedades\/plazas-de-aparcamiento-en-zona-can-pantiquet-vallehermoso-de-mollet-del-valles\/"},"modified":"2026-09-01T08:35:50","modified_gmt":"2026-09-01T06:35:50","slug":"plazas-de-aparcamiento-en-zona-can-pantiquet-vallehermoso-de-mollet-del-valles","status":"publish","type":"properties_post","link":"https:\/\/forcadell.com\/en\/propiedades\/plazas-de-aparcamiento-en-zona-can-pantiquet-vallehermoso-de-mollet-del-valles\/","title":{"rendered":"Plazas de aparcamiento en zona Can Pantiquet\/ Vallehermoso de Mollet del Valles."},"content":{"rendered":"<p>Plazas de aparcamiento en zona Can Pantiquet\/ vallehermoso.<\/p>\n<p>Dos plazas de aparcamiento en carrer de les Puntaires.<\/p>\n<p>No des m\u00e1s vueltas para encontrar aparcamiento, cada d\u00eda m\u00e1s complicado, ten la comodidad de dejar tu veh\u00edculo cerca de casa, se venden las dos juntas o por separado.<br \/>\n\u2022 F\u00e1cil acceso<br \/>\n\u2022 Puerta oscilante con mando a distancia<br \/>\n\u2022 Ideal para despreocuparte del aparcamiento<br \/>\n\u00a1No pierdas la oportunidad de aparcar c\u00f3modamente tu veh\u00edculo!<\/p>\n","protected":false},"template":"","class_list":["post-84007","properties_post","type-properties_post","status-publish","hentry","properties_modality-sale","properties_province-barcelona","properties_state-mollet-del-valles","properties_subclass-parking","properties_type-parking"],"acf":{"post_type_properties_post_property_code":"11249744","post_type_properties_post_property_reference":"MOL_3921","post_type_properties_post_owner_id":"248474","post_type_properties_post_owner_name":"Luis Alberto","post_type_properties_post_property_code_encrypted":"MjQ5JDM0MzEx","post_type_properties_post_published":"1","post_type_properties_post_property_visibility":"idealista","post_type_properties_post_contact_name":"Forcadell Mollet","post_type_properties_post_contact_email":"forcadell.granollers@movin.cloud","post_type_properties_post_contact_primary_phone_prefix":"34","post_type_properties_post_contact_primary_phone_number":"934965408","post_type_properties_post_address_visibility":"street","post_type_properties_post_address_country":"Spain","post_type_properties_post_address_coordinates_precision":"exact","post_type_properties_post_address_postal_code":"08100","post_type_properties_post_address_coordinates_latitude":"41.5412886","post_type_properties_post_address_coordinates_longitude":"2.2194911","post_type_properties_post_address_street_name":"Puntaires, 1","post_type_properties_post_address_floor":"","post_type_properties_post_address_town":"Mollet del Vall\u00e8s","post_type_properties_post_building":null,"post_type_properties_post_property":[{"properties_post_description_language":"catalan","properties_post_title":"Places d'aparcament en venda a la zona de Can Pantiquet \/ Vallehermoso","properties_post_short_description_text_alt":"","properties_post_description_text_alt":"","properties_post_short_description_text":"Places d'aparcament en venda a la zona de Can Pantiquet \/ Vallehermoso","properties_post_link_demanda_inmueble":"https:\/\/movin.cloud\/ca\/Forcadell Mollet\/formulari-peticio-immoble\/sth\/1885&&11249744","properties_post_link_demanda_calendario_inmueble":"https:\/\/movin.cloud\/ca\/Forcadell Mollet\/calendari-peticio-immoble\/sth\/1885&&11249744","properties_post_description_text":"Places d'aparcament en venda a la zona de Can Pantiquet \/ Vallehermoso\n\nDues places d'aparcament situades al carrer de les Puntaires.\n\nNo donis m\u00e9s voltes buscant aparcament. Cada dia \u00e9s m\u00e9s complicat trobar lloc per estacionar. Gaudeix de la comoditat de deixar el teu vehicle a prop de casa. Les places es venen conjuntament o per separat.\n\nCaracter\u00edstiques:\n\nF\u00e0cil acc\u00e9s.\nPorta basculant amb comandament a dist\u00e0ncia.\nIdeals per oblidar-te dels problemes d'aparcament.\n\nNo deixis escapar aquesta oportunitat d'aparcar el teu vehicle de manera c\u00f2moda i segura!","properties_post_seo_title":"","properties_post_seo_alias":"","properties_post_seo_metadescription":"","properties_post_seo_key_words":"","properties_post_seo_url":"","properties_post_terms_conditions":""},{"properties_post_description_language":"spanish","properties_post_title":"Plazas de aparcamiento en zona Can Pantiquet\/ Vallehermoso de Mollet del Valles.","properties_post_short_description_text_alt":"","properties_post_description_text_alt":"","properties_post_short_description_text":"Plazas de aparcamiento en zona Can Pantiquet\/ Vallehermoso de Mollet del Valles","properties_post_link_demanda_inmueble":"https:\/\/movin.cloud\/es\/Forcadell Mollet\/formulario-peticion-inmueble\/sth\/1885&&11249744","properties_post_link_demanda_calendario_inmueble":"https:\/\/movin.cloud\/es\/Forcadell Mollet\/calendario-peticion-inmueble\/sth\/1885&&11249744","properties_post_description_text":"Plazas de aparcamiento en zona Can Pantiquet\/ vallehermoso.\n\nDos plazas de aparcamiento en carrer de les Puntaires.\n\nNo des m\u00e1s vueltas para encontrar aparcamiento, cada d\u00eda m\u00e1s complicado, ten la comodidad de dejar tu veh\u00edculo cerca de casa, se venden las dos juntas o por separado.\n\u2022 F\u00e1cil acceso\n\u2022 Puerta oscilante con mando a distancia\n\u2022 Ideal para despreocuparte del aparcamiento\n\u00a1No pierdas la oportunidad de aparcar c\u00f3modamente tu veh\u00edculo!\n","properties_post_seo_title":"","properties_post_seo_alias":"","properties_post_seo_metadescription":"","properties_post_seo_key_words":"","properties_post_seo_url":"","properties_post_terms_conditions":""},{"properties_post_description_language":"english","properties_post_title":"Parking Spaces for Sale in the Can Pantiquet \/ Vallehermoso Area","properties_post_short_description_text_alt":"","properties_post_description_text_alt":"","properties_post_short_description_text":"Parking Spaces for Sale in the Can Pantiquet \/ Vallehermoso Area","properties_post_link_demanda_inmueble":"https:\/\/movin.cloud\/en\/Forcadell Mollet\/property-form-request\/sth\/1885&&11249744","properties_post_link_demanda_calendario_inmueble":"https:\/\/movin.cloud\/en\/Forcadell Mollet\/property-calendar-request\/sth\/1885&&11249744","properties_post_description_text":"Parking Spaces for Sale in the Can Pantiquet \/ Vallehermoso Area\n\nTwo parking spaces available for sale on Carrer de les Puntaires.\n\nStop wasting time looking for a parking space every day. Enjoy the convenience of keeping your vehicle close to home. The spaces can be purchased together or separately.\n\nFeatures:\n\nEasy access\nSwing gate with remote control\nIdeal for hassle-free parking\n\nDon't miss this opportunity to secure a convenient and safe parking space for your vehicle!","properties_post_seo_title":"","properties_post_seo_alias":"","properties_post_seo_metadescription":"","properties_post_seo_key_words":"","properties_post_seo_url":"","properties_post_terms_conditions":""}],"post_type_properties_post_features_type":"garage","post_type_properties_post_id_building":"","post_type_properties_post_features_area_constructed":10,"post_type_properties_post_features_conditioned_air":false,"post_type_properties_post_features_doorman":false,"post_type_properties_post_features_heating":false,"post_type_properties_post_features_equipped_kitchen":false,"post_type_properties_post_features_windows_location":"","post_type_properties_post_features_floors_property":false,"post_type_properties_post_features_storage":false,"post_type_properties_post_features_security_door":false,"post_type_properties_post_features_energy_certificate_rating":"","post_type_properties_post_features_energy_certificate_emissions_rating":"","post_type_properties_post_features_energy_certificate_emissions_value":"","post_type_properties_post_features_energy_certificate_performance":"","post_type_properties_post_features_bathroom_inside":false,"post_type_properties_post_precio":12000,"post_type_properties_post_precio_alquiler":12000,"post_type_properties_post_record_type_id":"Parking","post_type_properties_post_categoria__producto":"Parking","post_type_properties_post_amueblado":false,"post_type_properties_post_precio_m2":1200,"post_type_properties_post_zona__comunitaria":false,"post_type_properties_post_electrodomesticos":false,"post_type_properties_post_patio__interior":false,"post_type_properties_post_certificado_energetico_general":"","post_type_properties_post_certificado_energetico_consumo":"","post_type_properties_post_certificado_energetico_valor_emisiones":"","post_type_properties_post_certificado_energetico_valor_consumo":"","post_type_properties_post_modalidad":"sale","post_type_properties_post_provincia":"Barcelona","post_type_properties_post_poblacion":"Mollet del Vall\u00e8s","post_type_properties_post_centro__urbano":true,"post_type_properties_post_zonificacion":"","post_type_properties_post_cartera":"","post_type_properties_post_titulo_catalan":"Places d'aparcament en venda a la zona de Can Pantiquet \/ Vallehermoso","post_type_properties_post_internet_catalan":"Places d'aparcament en venda a la zona de Can Pantiquet \/ Vallehermoso\n\nDues places d'aparcament situades al carrer de les Puntaires.\n\nNo donis m\u00e9s voltes buscant aparcament. Cada dia \u00e9s m\u00e9s complicat trobar lloc per estacionar. Gaudeix de la comoditat de deixar el teu vehicle a prop de casa. Les places es venen conjuntament o per separat.\n\nCaracter\u00edstiques:\n\nF\u00e0cil acc\u00e9s.\nPorta basculant amb comandament a dist\u00e0ncia.\nIdeals per oblidar-te dels problemes d'aparcament.\n\nNo deixis escapar aquesta oportunitat d'aparcar el teu vehicle de manera c\u00f2moda i segura!","post_type_properties_post_titulo_castellano":"Plazas de aparcamiento en zona Can Pantiquet\/ Vallehermoso de Mollet del Valles.","post_type_properties_post_internet_castellano":"Plazas de aparcamiento en zona Can Pantiquet\/ vallehermoso.\n\nDos plazas de aparcamiento en carrer de les Puntaires.\n\nNo des m\u00e1s vueltas para encontrar aparcamiento, cada d\u00eda m\u00e1s complicado, ten la comodidad de dejar tu veh\u00edculo cerca de casa, se venden las dos juntas o por separado.\n\u2022 F\u00e1cil acceso\n\u2022 Puerta oscilante con mando a distancia\n\u2022 Ideal para despreocuparte del aparcamiento\n\u00a1No pierdas la oportunidad de aparcar c\u00f3modamente tu veh\u00edculo!\n","post_type_properties_post_titulo_ingles":"Parking Spaces for Sale in the Can Pantiquet \/ Vallehermoso Area","post_type_properties_post_internet_ingles":"Parking Spaces for Sale in the Can Pantiquet \/ Vallehermoso Area\n\nTwo parking spaces available for sale on Carrer de les Puntaires.\n\nStop wasting time looking for a parking space every day. Enjoy the convenience of keeping your vehicle close to home. The spaces can be purchased together or separately.\n\nFeatures:\n\nEasy access\nSwing gate with remote control\nIdeal for hassle-free parking\n\nDon't miss this opportunity to secure a convenient and safe parking space for your vehicle!","post_type_properties_post_features_classification_commercial":false,"post_type_properties_post_features_conservation":"","post_type_properties_post_features_security_personnel":false,"post_type_properties_post_features_parking_available":false,"post_type_properties_post_features_garage_capacity_type":"unknown","post_type_properties_post_features_bathroom_number":"","post_type_properties_post_eje":"","post_type_properties_post_zona":"","post_type_properties_post_comarca":"","post_type_properties_post_features_built_year":"","post_type_properties_post_renta_mensual":"","post_type_properties_post_fianza":"","post_type_properties_post_features_area_plot":"","post_type_properties_post_features_area_buildable":"","post_type_properties_post_features_classification_industrial":false,"post_type_properties_post_distrito":"","post_type_properties_post_features_balcony":false,"post_type_properties_post_features_bedroom_number":"","post_type_properties_post_features_heating_type":"","post_type_properties_post_features_equipped_with_furniture":false,"post_type_properties_post_features_pets_allowed":false,"post_type_properties_post_features_pool":false,"post_type_properties_post_features_terrace":false,"post_type_properties_post_features_wardrobes":false,"post_type_properties_post_features_lift_available":false,"post_type_properties_post_features_handicap_adapted_access":false,"post_type_properties_post_features_orientation_east":false,"post_type_properties_post_features_orientation_west":false,"post_type_properties_post_features_orientation_north":false,"post_type_properties_post_features_orientation_south":false,"post_type_properties_post_features_parking_spaces_number":"","post_type_properties_post_features_security_alarm":false,"post_type_properties_post_features_security_system":false,"post_type_properties_post_open_plan":false,"post_type_properties_post_acceso_24_7":false,"post_type_properties_post_oficina_privada":false,"post_type_properties_post_sala_reuniones":false,"post_type_properties_post_espacio_eventos":false,"post_type_properties_post_office":false,"post_type_properties_post_restaurant":false,"post_type_properties_post_acepta_traspaso":false,"post_type_properties_post_vigilancia":false,"post_type_properties_post_features_suite":false,"post_type_properties_post_features_vitro":false,"post_type_properties_post_features_oven":false,"post_type_properties_post_features_microwave":false,"post_type_properties_post_features_washing_machine":false,"post_type_properties_post_features_dryer":false,"post_type_properties_post_features_dishwasher":false,"post_type_properties_post_features_fridge":false,"post_type_properties_post_features_fridge_mini":false,"post_type_properties_post_features_kettle":false,"post_type_properties_post_features_toaster":false,"post_type_properties_post_features_coffee_maker":false,"post_type_properties_post_features_iron":false,"post_type_properties_post_features_ironing_board":false,"post_type_properties_post_features_safe":false,"post_type_properties_post_features_internet":false,"post_type_properties_post_features_solarium":false,"post_type_properties_post_features_clean_service":false,"post_type_properties_post_features_t_v":false,"post_type_properties_post_features_satellite_t_v":false,"post_type_properties_post_features_gas_kitchen":false,"post_type_properties_post_features_view_mountain":false,"post_type_properties_post_features_view_sea":false,"post_type_properties_post_features_concierge":false,"post_type_properties_post_features_loading_dock":false,"post_type_properties_post_features_bridge_crane":false,"post_type_properties_post_features_located_at_corner":false,"post_type_properties_post_features_smoke_extraction":false,"post_type_properties_post_features_rooms":"","post_type_properties_post_features_garden_area":"","post_type_properties_post_features_utilities_water":false,"post_type_properties_post_features_utilities_electricity":false,"post_type_properties_post_features_utilities_natural_gas":false,"post_type_properties_post_features_building_adapted":false,"post_type_properties_post_features_garden":false,"post_type_properties_post_features_classification_hotel":false,"post_type_properties_post_features_classification_chalet":false,"post_type_properties_post_certificado_energetico_emisiones":"","post_type_properties_post_barrio":"","post_type_properties_post_distrito_empresa":"","post_type_properties_post_features_property_category_intern":"","post_type_properties_post_implantada":false,"post_type_properties_post_sello_leed":"","post_type_properties_post_sello_well":"","post_type_properties_post_sello_breeam":false,"post_type_properties_post_images":[{"properties_post_image_order":1,"properties_post_image_url":"https:\/\/movin.cloud\/empresas\/1885\/imagenes\/11249744\/viviendas.webp","properties_post_image_url_thumbnail":"https:\/\/movin.cloud\/empresas\/1885\/imagenes\/thumbnails\/11249744\/viviendas.webp","properties_post_title":"viviendas","properties_post_alt":"viviendas"},{"properties_post_image_order":2,"properties_post_image_url":"https:\/\/movin.cloud\/empresas\/1885\/imagenes\/11249744\/venta-viviendas.webp","properties_post_image_url_thumbnail":"https:\/\/movin.cloud\/empresas\/1885\/imagenes\/thumbnails\/11249744\/venta-viviendas.webp","properties_post_title":"venta viviendas","properties_post_alt":"venta viviendas"},{"properties_post_image_order":3,"properties_post_image_url":"https:\/\/movin.cloud\/empresas\/1885\/imagenes\/11249744\/compra.webp","properties_post_image_url_thumbnail":"https:\/\/movin.cloud\/empresas\/1885\/imagenes\/thumbnails\/11249744\/compra.webp","properties_post_title":"compra","properties_post_alt":"compra"},{"properties_post_image_order":4,"properties_post_image_url":"https:\/\/movin.cloud\/empresas\/1885\/imagenes\/11249744\/habitalia.webp","properties_post_image_url_thumbnail":"https:\/\/movin.cloud\/empresas\/1885\/imagenes\/thumbnails\/11249744\/habitalia.webp","properties_post_title":"habitalia","properties_post_alt":"habitalia"},{"properties_post_image_order":5,"properties_post_image_url":"https:\/\/movin.cloud\/empresas\/1885\/imagenes\/11249744\/venta.webp","properties_post_image_url_thumbnail":"https:\/\/movin.cloud\/empresas\/1885\/imagenes\/thumbnails\/11249744\/venta.webp","properties_post_title":"venta","properties_post_alt":"venta"},{"properties_post_image_order":6,"properties_post_image_url":"https:\/\/movin.cloud\/empresas\/1885\/imagenes\/11249744\/comprar.webp","properties_post_image_url_thumbnail":"https:\/\/movin.cloud\/empresas\/1885\/imagenes\/thumbnails\/11249744\/comprar.webp","properties_post_title":"comprar","properties_post_alt":"comprar"},{"properties_post_image_order":7,"properties_post_image_url":"https:\/\/movin.cloud\/empresas\/1885\/imagenes\/11249744\/fincas.webp","properties_post_image_url_thumbnail":"https:\/\/movin.cloud\/empresas\/1885\/imagenes\/thumbnails\/11249744\/fincas.webp","properties_post_title":"fincas","properties_post_alt":"fincas"},{"properties_post_image_order":8,"properties_post_image_url":"https:\/\/movin.cloud\/empresas\/1885\/imagenes\/11249744\/inmobiliarias.webp","properties_post_image_url_thumbnail":"https:\/\/movin.cloud\/empresas\/1885\/imagenes\/thumbnails\/11249744\/inmobiliarias.webp","properties_post_title":"inmobiliarias","properties_post_alt":"inmobiliarias"},{"properties_post_image_order":9,"properties_post_image_url":"https:\/\/movin.cloud\/empresas\/1885\/imagenes\/11249744\/inmobiliaria.webp","properties_post_image_url_thumbnail":"https:\/\/movin.cloud\/empresas\/1885\/imagenes\/thumbnails\/11249744\/inmobiliaria.webp","properties_post_title":"inmobiliaria","properties_post_alt":"inmobiliaria"},{"properties_post_image_order":10,"properties_post_image_url":"https:\/\/movin.cloud\/empresas\/1885\/imagenes\/11249744\/compra-para-idealistas-mollet-del-valles.webp","properties_post_image_url_thumbnail":"https:\/\/movin.cloud\/empresas\/1885\/imagenes\/thumbnails\/11249744\/compra-para-idealistas-mollet-del-valles.webp","properties_post_title":"compra para idealistas mollet del valles","properties_post_alt":"compra para idealistas mollet del valles"},{"properties_post_image_order":11,"properties_post_image_url":"https:\/\/movin.cloud\/empresas\/1885\/imagenes\/11249744\/viviendas-mollet-del-valles.webp","properties_post_image_url_thumbnail":"https:\/\/movin.cloud\/empresas\/1885\/imagenes\/thumbnails\/11249744\/viviendas-mollet-del-valles.webp","properties_post_title":"viviendas mollet del valles","properties_post_alt":"viviendas mollet del valles"},{"properties_post_image_order":12,"properties_post_image_url":"https:\/\/movin.cloud\/empresas\/1885\/imagenes\/11249744\/venta-viviendas-mollet-del-valles.webp","properties_post_image_url_thumbnail":"https:\/\/movin.cloud\/empresas\/1885\/imagenes\/thumbnails\/11249744\/venta-viviendas-mollet-del-valles.webp","properties_post_title":"venta viviendas mollet del valles","properties_post_alt":"venta viviendas mollet del valles"},{"properties_post_image_order":13,"properties_post_image_url":"https:\/\/movin.cloud\/empresas\/1885\/imagenes\/11249744\/parkings-mollet-del-valles.webp","properties_post_image_url_thumbnail":"https:\/\/movin.cloud\/empresas\/1885\/imagenes\/thumbnails\/11249744\/parkings-mollet-del-valles.webp","properties_post_title":"parkings mollet del valles","properties_post_alt":"parkings mollet del valles"}],"post_type_properties_post_videos":[{"properties_post_video_url":"https:\/\/www.youtube.com\/watch?v=daJliQMBFas","properties_post_video_order":"999"}],"post_type_properties_post_tour":null,"post_type_properties_post_dossier_url":"","post_type_properties_post_operation_type":"sale","post_type_properties_post_operation_price":12000,"post_type_properties_post_features_hidden_price":false},"yoast_head":"<!-- This site is optimized with the Yoast SEO plugin v27.4 - https:\/\/yoast.com\/product\/yoast-seo-wordpress\/ -->\n<title>Plazas de aparcamiento en zona Can Pantiquet\/ Vallehermoso de Mollet del Valles.<\/title>\n<meta name=\"description\" content=\"Plazas de aparcamiento en zona Can Pantiquet\/ Vallehermoso de Mollet del Valles\" \/>\n<meta name=\"robots\" content=\"index, follow, max-snippet:-1, max-image-preview:large, max-video-preview:-1\" \/>\n<link rel=\"canonical\" href=\"https:\/\/forcadell.com\/en\/propiedades\/plazas-de-aparcamiento-en-zona-can-pantiquet-vallehermoso-de-mollet-del-valles\/\" \/>\n<meta property=\"og:locale\" content=\"en_US\" \/>\n<meta property=\"og:type\" content=\"article\" \/>\n<meta property=\"og:title\" content=\"Plazas de aparcamiento en zona Can Pantiquet\/ Vallehermoso de Mollet del Valles.\" \/>\n<meta property=\"og:description\" content=\"Plazas de aparcamiento en zona Can Pantiquet\/ Vallehermoso de Mollet del Valles\" \/>\n<meta property=\"og:url\" content=\"https:\/\/forcadell.com\/en\/propiedades\/plazas-de-aparcamiento-en-zona-can-pantiquet-vallehermoso-de-mollet-del-valles\/\" \/>\n<meta property=\"og:site_name\" content=\"Forcadell\" \/>\n<meta property=\"article:modified_time\" content=\"2026-09-01T06:35:50+00:00\" \/>\n<meta name=\"twitter:card\" content=\"summary_large_image\" \/>\n<script type=\"application\/ld+json\" class=\"yoast-schema-graph\">{\"@context\":\"https:\\\/\\\/schema.org\",\"@graph\":[{\"@type\":\"WebPage\",\"@id\":\"https:\\\/\\\/forcadell.com\\\/en\\\/propiedades\\\/plazas-de-aparcamiento-en-zona-can-pantiquet-vallehermoso-de-mollet-del-valles\\\/\",\"url\":\"https:\\\/\\\/forcadell.com\\\/en\\\/propiedades\\\/plazas-de-aparcamiento-en-zona-can-pantiquet-vallehermoso-de-mollet-del-valles\\\/\",\"name\":\"Plazas de aparcamiento en zona Can Pantiquet\\\/ Vallehermoso de Mollet del Valles.\",\"isPartOf\":{\"@id\":\"https:\\\/\\\/forcadell.com\\\/en\\\/#website\"},\"datePublished\":\"2026-08-04T06:32:55+00:00\",\"dateModified\":\"2026-09-01T06:35:50+00:00\",\"description\":\"Plazas de aparcamiento en zona Can Pantiquet\\\/ Vallehermoso de Mollet del Valles\",\"breadcrumb\":{\"@id\":\"https:\\\/\\\/forcadell.com\\\/en\\\/propiedades\\\/plazas-de-aparcamiento-en-zona-can-pantiquet-vallehermoso-de-mollet-del-valles\\\/#breadcrumb\"},\"inLanguage\":\"en-US\",\"potentialAction\":[{\"@type\":\"ReadAction\",\"target\":[\"https:\\\/\\\/forcadell.com\\\/en\\\/propiedades\\\/plazas-de-aparcamiento-en-zona-can-pantiquet-vallehermoso-de-mollet-del-valles\\\/\"]}]},{\"@type\":\"BreadcrumbList\",\"@id\":\"https:\\\/\\\/forcadell.com\\\/en\\\/propiedades\\\/plazas-de-aparcamiento-en-zona-can-pantiquet-vallehermoso-de-mollet-del-valles\\\/#breadcrumb\",\"itemListElement\":[{\"@type\":\"ListItem\",\"position\":1,\"name\":\"Portada\",\"item\":\"https:\\\/\\\/forcadell.com\\\/en\\\/\"},{\"@type\":\"ListItem\",\"position\":2,\"name\":\"Properties\",\"item\":\"https:\\\/\\\/forcadell.com\\\/en\\\/propiedades\\\/\"},{\"@type\":\"ListItem\",\"position\":3,\"name\":\"Plazas de aparcamiento en zona Can Pantiquet\\\/ Vallehermoso de Mollet del Valles.\"}]},{\"@type\":\"WebSite\",\"@id\":\"https:\\\/\\\/forcadell.com\\\/en\\\/#website\",\"url\":\"https:\\\/\\\/forcadell.com\\\/en\\\/\",\"name\":\"Forcadell\",\"description\":\"Inmobiliaria Barcelona | Consultores inmobiliarios\",\"potentialAction\":[{\"@type\":\"SearchAction\",\"target\":{\"@type\":\"EntryPoint\",\"urlTemplate\":\"https:\\\/\\\/forcadell.com\\\/en\\\/?s={search_term_string}\"},\"query-input\":{\"@type\":\"PropertyValueSpecification\",\"valueRequired\":true,\"valueName\":\"search_term_string\"}}],\"inLanguage\":\"en-US\"}]}<\/script>\n<!-- \/ Yoast SEO plugin. -->","yoast_head_json":{"title":"Plazas de aparcamiento en zona Can Pantiquet\/ Vallehermoso de Mollet del Valles.","description":"Plazas de aparcamiento en zona Can Pantiquet\/ Vallehermoso de Mollet del Valles","robots":{"index":"index","follow":"follow","max-snippet":"max-snippet:-1","max-image-preview":"max-image-preview:large","max-video-preview":"max-video-preview:-1"},"canonical":"https:\/\/forcadell.com\/en\/propiedades\/plazas-de-aparcamiento-en-zona-can-pantiquet-vallehermoso-de-mollet-del-valles\/","og_locale":"en_US","og_type":"article","og_title":"Plazas de aparcamiento en zona Can Pantiquet\/ Vallehermoso de Mollet del Valles.","og_description":"Plazas de aparcamiento en zona Can Pantiquet\/ Vallehermoso de Mollet del Valles","og_url":"https:\/\/forcadell.com\/en\/propiedades\/plazas-de-aparcamiento-en-zona-can-pantiquet-vallehermoso-de-mollet-del-valles\/","og_site_name":"Forcadell","article_modified_time":"2026-09-01T06:35:50+00:00","twitter_card":"summary_large_image","schema":{"@context":"https:\/\/schema.org","@graph":[{"@type":"WebPage","@id":"https:\/\/forcadell.com\/en\/propiedades\/plazas-de-aparcamiento-en-zona-can-pantiquet-vallehermoso-de-mollet-del-valles\/","url":"https:\/\/forcadell.com\/en\/propiedades\/plazas-de-aparcamiento-en-zona-can-pantiquet-vallehermoso-de-mollet-del-valles\/","name":"Plazas de aparcamiento en zona Can Pantiquet\/ Vallehermoso de Mollet del Valles.","isPartOf":{"@id":"https:\/\/forcadell.com\/en\/#website"},"datePublished":"2026-08-04T06:32:55+00:00","dateModified":"2026-09-01T06:35:50+00:00","description":"Plazas de aparcamiento en zona Can Pantiquet\/ Vallehermoso de Mollet del Valles","breadcrumb":{"@id":"https:\/\/forcadell.com\/en\/propiedades\/plazas-de-aparcamiento-en-zona-can-pantiquet-vallehermoso-de-mollet-del-valles\/#breadcrumb"},"inLanguage":"en-US","potentialAction":[{"@type":"ReadAction","target":["https:\/\/forcadell.com\/en\/propiedades\/plazas-de-aparcamiento-en-zona-can-pantiquet-vallehermoso-de-mollet-del-valles\/"]}]},{"@type":"BreadcrumbList","@id":"https:\/\/forcadell.com\/en\/propiedades\/plazas-de-aparcamiento-en-zona-can-pantiquet-vallehermoso-de-mollet-del-valles\/#breadcrumb","itemListElement":[{"@type":"ListItem","position":1,"name":"Portada","item":"https:\/\/forcadell.com\/en\/"},{"@type":"ListItem","position":2,"name":"Properties","item":"https:\/\/forcadell.com\/en\/propiedades\/"},{"@type":"ListItem","position":3,"name":"Plazas de aparcamiento en zona Can Pantiquet\/ Vallehermoso de Mollet del Valles."}]},{"@type":"WebSite","@id":"https:\/\/forcadell.com\/en\/#website","url":"https:\/\/forcadell.com\/en\/","name":"Forcadell","description":"Inmobiliaria Barcelona | Consultores inmobiliarios","potentialAction":[{"@type":"SearchAction","target":{"@type":"EntryPoint","urlTemplate":"https:\/\/forcadell.com\/en\/?s={search_term_string}"},"query-input":{"@type":"PropertyValueSpecification","valueRequired":true,"valueName":"search_term_string"}}],"inLanguage":"en-US"}]}},"_links":{"self":[{"href":"https:\/\/forcadell.com\/en\/wp-json\/wp\/v2\/properties_post\/84007","targetHints":{"allow":["GET"]}}],"collection":[{"href":"https:\/\/forcadell.com\/en\/wp-json\/wp\/v2\/properties_post"}],"about":[{"href":"https:\/\/forcadell.com\/en\/wp-json\/wp\/v2\/types\/properties_post"}],"wp:attachment":[{"href":"https:\/\/forcadell.com\/en\/wp-json\/wp\/v2\/media?parent=84007"}],"curies":[{"name":"wp","href":"https:\/\/api.w.org\/{rel}","templated":true}]}}