{"id":83987,"date":"2026-08-04T08:32:15","date_gmt":"2026-08-04T06:32:15","guid":{"rendered":"https:\/\/forcadell.com\/propiedades\/plaza-de-aparcamiento-en-venta-en-mollet-del-valles\/"},"modified":"2026-08-31T08:40:25","modified_gmt":"2026-08-31T06:40:25","slug":"plaza-de-aparcamiento-en-venta-en-mollet-del-valles","status":"publish","type":"properties_post","link":"https:\/\/forcadell.com\/en\/propiedades\/plaza-de-aparcamiento-en-venta-en-mollet-del-valles\/","title":{"rendered":"Plaza de aparcamiento en venta en Mollet del Vall\u00e8s"},"content":{"rendered":"<p>Plaza de parking en venta en Mollet del Vall\u00e8s para veh\u00edculo de tama\u00f1o mediano.<\/p>\n<p>Tiene una superficie de 10m\u00b2, situado en la planta -1 de un edificio con f\u00e1cil acceso mediante rampa y buen \u00e1ngulo de giro para aparcar c\u00f3modamente.<\/p>\n<p>Puerta autom\u00e1tica con apertura mediante mando a distancia.<\/p>\n<p>Aparcamiento ubicado en zona residencial, rodeado de servicios y comercios.<\/p>\n","protected":false},"template":"","class_list":["post-83987","properties_post","type-properties_post","status-publish","hentry","properties_modality-sale","properties_province-barcelona","properties_zone-centre-mollet","properties_state-mollet-del-valles","properties_subclass-parking","properties_type-parking"],"acf":{"post_type_properties_post_property_code":"MOL-GRAGAR_408","post_type_properties_post_property_reference":"MOL-GRAGAR_408","post_type_properties_post_owner_id":"","post_type_properties_post_owner_name":"","post_type_properties_post_property_code_encrypted":"MjQkMzQ1Njc=","post_type_properties_post_published":"1","post_type_properties_post_property_visibility":"idealista","post_type_properties_post_contact_name":"Forcadell Mollet","post_type_properties_post_contact_email":"forcadell.granollers@movin.cloud","post_type_properties_post_contact_primary_phone_prefix":"34","post_type_properties_post_contact_primary_phone_number":"934965408","post_type_properties_post_address_visibility":"street","post_type_properties_post_address_country":"Spain","post_type_properties_post_address_coordinates_precision":"exact","post_type_properties_post_address_postal_code":"08100","post_type_properties_post_address_coordinates_latitude":"41.5402277","post_type_properties_post_address_coordinates_longitude":"2.2165572","post_type_properties_post_address_street_name":"Anselm Clav\u00e9","post_type_properties_post_address_floor":"","post_type_properties_post_address_town":"Mollet del Vall\u00e8s","post_type_properties_post_building":null,"post_type_properties_post_property":[{"properties_post_description_language":"catalan","properties_post_title":"Pla\u00e7a d'aparcament en venda a Mollet del Vall\u00e8s","properties_post_short_description_text_alt":"","properties_post_description_text_alt":"","properties_post_short_description_text":"Pla\u00e7a de p\u00e0rquing en venda a Mollet del Vall\u00e8s per a vehicle de mida mitjana.\n\nT\u00e9 una superf\u00edcie de 10m\u00b2, situat a la planta -1 d'un edifici amb f\u00e0cil acc\u00e9s mitjan\u00e7ant rampa i bon angle de gir per aparcar c\u00f2modament.\n\nPorta autom\u00e0tica amb obertura mitjan\u00e7ant comandament a dist\u00e0ncia.\n\nAparcament situat a zona residencial, envoltat de serveis i comer\u00e7os.","properties_post_link_demanda_inmueble":"https:\/\/movin.cloud\/ca\/Forcadell Mollet\/formulari-peticio-immoble\/sth\/1885&&180850","properties_post_link_demanda_calendario_inmueble":"https:\/\/movin.cloud\/ca\/Forcadell Mollet\/calendari-peticio-immoble\/sth\/1885&&180850","properties_post_description_text":"Pla\u00e7a de p\u00e0rquing en venda a Mollet del Vall\u00e8s per a vehicle de mida mitjana.\n\nT\u00e9 una superf\u00edcie de 10m\u00b2, situat a la planta -1 d'un edifici amb f\u00e0cil acc\u00e9s mitjan\u00e7ant rampa i bon angle de gir per aparcar c\u00f2modament.\n\nPorta autom\u00e0tica amb obertura mitjan\u00e7ant comandament a dist\u00e0ncia.\n\nAparcament situat a zona residencial, envoltat de serveis i comer\u00e7os.","properties_post_seo_title":"","properties_post_seo_alias":"","properties_post_seo_metadescription":"","properties_post_seo_key_words":"","properties_post_seo_url":"","properties_post_terms_conditions":""},{"properties_post_description_language":"spanish","properties_post_title":"Plaza de aparcamiento en venta en Mollet del Vall\u00e8s","properties_post_short_description_text_alt":"","properties_post_description_text_alt":"","properties_post_short_description_text":"Plaza de parking en venta en Mollet del Vall\u00e8s para veh\u00edculo de tama\u00f1o mediano.\n\nTiene una superficie de 10m\u00b2, situado en la planta -1 de un edificio con f\u00e1cil acceso mediante rampa y buen \u00e1ngulo de giro para aparcar c\u00f3modamente.\n\nPuerta autom\u00e1tica con apertura mediante mando a distancia.\n\nAparcamiento ubicado en zona residencial, rodeado de servicios y comercios.","properties_post_link_demanda_inmueble":"https:\/\/movin.cloud\/es\/Forcadell Mollet\/formulario-peticion-inmueble\/sth\/1885&&180850","properties_post_link_demanda_calendario_inmueble":"https:\/\/movin.cloud\/es\/Forcadell Mollet\/calendario-peticion-inmueble\/sth\/1885&&180850","properties_post_description_text":"Plaza de parking en venta en Mollet del Vall\u00e8s para veh\u00edculo de tama\u00f1o mediano.\n\nTiene una superficie de 10m\u00b2, situado en la planta -1 de un edificio con f\u00e1cil acceso mediante rampa y buen \u00e1ngulo de giro para aparcar c\u00f3modamente.\n\nPuerta autom\u00e1tica con apertura mediante mando a distancia.\n\nAparcamiento ubicado en zona residencial, rodeado de servicios y comercios.","properties_post_seo_title":"","properties_post_seo_alias":"","properties_post_seo_metadescription":"","properties_post_seo_key_words":"","properties_post_seo_url":"","properties_post_terms_conditions":""},{"properties_post_description_language":"english","properties_post_title":"Parking space for sale in Mollet del Vall\u00e8s","properties_post_short_description_text_alt":"","properties_post_description_text_alt":"","properties_post_short_description_text":"Parking space for sale in Mollet del Vall\u00e8s for a medium-sized vehicle.\n\nIt has an area of 10m\u00b2, it is located on the -1 floor of a building with easy access by ramp and a good turning angle to park easily.\n\nAutomatic door with remote control opening.\n\nCar park located in a residential area, surrounded by services and shops.","properties_post_link_demanda_inmueble":"https:\/\/movin.cloud\/en\/Forcadell Mollet\/property-form-request\/sth\/1885&&180850","properties_post_link_demanda_calendario_inmueble":"https:\/\/movin.cloud\/en\/Forcadell Mollet\/property-calendar-request\/sth\/1885&&180850","properties_post_description_text":"Parking space for sale in Mollet del Vall\u00e8s for a medium-sized vehicle.\n\nIt has an area of 10m\u00b2, it is located on the -1 floor of a building with easy access by ramp and a good turning angle to park easily.\n\nAutomatic door with remote control opening.\n\nCar park located in a residential area, surrounded by services and shops.","properties_post_seo_title":"","properties_post_seo_alias":"","properties_post_seo_metadescription":"","properties_post_seo_key_words":"","properties_post_seo_url":"","properties_post_terms_conditions":""}],"post_type_properties_post_features_type":"garage","post_type_properties_post_id_building":"","post_type_properties_post_features_area_constructed":10,"post_type_properties_post_features_conditioned_air":false,"post_type_properties_post_features_doorman":false,"post_type_properties_post_features_heating":false,"post_type_properties_post_features_equipped_kitchen":false,"post_type_properties_post_features_windows_location":"","post_type_properties_post_features_floors_property":false,"post_type_properties_post_features_storage":false,"post_type_properties_post_features_security_door":false,"post_type_properties_post_features_energy_certificate_rating":"","post_type_properties_post_features_energy_certificate_emissions_rating":"","post_type_properties_post_features_energy_certificate_emissions_value":"","post_type_properties_post_features_energy_certificate_performance":"","post_type_properties_post_features_bathroom_inside":false,"post_type_properties_post_precio":10000,"post_type_properties_post_precio_alquiler":10000,"post_type_properties_post_record_type_id":"Parking","post_type_properties_post_categoria__producto":"Parking","post_type_properties_post_amueblado":false,"post_type_properties_post_precio_m2":1000,"post_type_properties_post_zona__comunitaria":false,"post_type_properties_post_electrodomesticos":false,"post_type_properties_post_patio__interior":false,"post_type_properties_post_certificado_energetico_general":"","post_type_properties_post_certificado_energetico_consumo":"","post_type_properties_post_certificado_energetico_valor_emisiones":"","post_type_properties_post_certificado_energetico_valor_consumo":"","post_type_properties_post_modalidad":"sale","post_type_properties_post_provincia":"Barcelona","post_type_properties_post_poblacion":"Mollet del Vall\u00e8s","post_type_properties_post_centro__urbano":true,"post_type_properties_post_zonificacion":"Centre-Mollet","post_type_properties_post_cartera":"","post_type_properties_post_titulo_catalan":"Pla\u00e7a d'aparcament en venda a Mollet del Vall\u00e8s","post_type_properties_post_internet_catalan":"Pla\u00e7a de p\u00e0rquing en venda a Mollet del Vall\u00e8s per a vehicle de mida mitjana.\n\nT\u00e9 una superf\u00edcie de 10m\u00b2, situat a la planta -1 d'un edifici amb f\u00e0cil acc\u00e9s mitjan\u00e7ant rampa i bon angle de gir per aparcar c\u00f2modament.\n\nPorta autom\u00e0tica amb obertura mitjan\u00e7ant comandament a dist\u00e0ncia.\n\nAparcament situat a zona residencial, envoltat de serveis i comer\u00e7os.","post_type_properties_post_titulo_castellano":"Plaza de aparcamiento en venta en Mollet del Vall\u00e8s","post_type_properties_post_internet_castellano":"Plaza de parking en venta en Mollet del Vall\u00e8s para veh\u00edculo de tama\u00f1o mediano.\n\nTiene una superficie de 10m\u00b2, situado en la planta -1 de un edificio con f\u00e1cil acceso mediante rampa y buen \u00e1ngulo de giro para aparcar c\u00f3modamente.\n\nPuerta autom\u00e1tica con apertura mediante mando a distancia.\n\nAparcamiento ubicado en zona residencial, rodeado de servicios y comercios.","post_type_properties_post_titulo_ingles":"Parking space for sale in Mollet del Vall\u00e8s","post_type_properties_post_internet_ingles":"Parking space for sale in Mollet del Vall\u00e8s for a medium-sized vehicle.\n\nIt has an area of 10m\u00b2, it is located on the -1 floor of a building with easy access by ramp and a good turning angle to park easily.\n\nAutomatic door with remote control opening.\n\nCar park located in a residential area, surrounded by services and shops.","post_type_properties_post_features_classification_commercial":false,"post_type_properties_post_features_conservation":"","post_type_properties_post_features_security_personnel":false,"post_type_properties_post_features_parking_available":false,"post_type_properties_post_features_garage_capacity_type":"unknown","post_type_properties_post_features_bathroom_number":"","post_type_properties_post_eje":"","post_type_properties_post_zona":"","post_type_properties_post_comarca":"","post_type_properties_post_features_built_year":"","post_type_properties_post_renta_mensual":10000,"post_type_properties_post_fianza":"","post_type_properties_post_features_area_plot":"","post_type_properties_post_features_area_buildable":"","post_type_properties_post_features_classification_industrial":false,"post_type_properties_post_distrito":"","post_type_properties_post_features_balcony":false,"post_type_properties_post_features_bedroom_number":"","post_type_properties_post_features_heating_type":"","post_type_properties_post_features_equipped_with_furniture":false,"post_type_properties_post_features_pets_allowed":false,"post_type_properties_post_features_pool":false,"post_type_properties_post_features_terrace":false,"post_type_properties_post_features_wardrobes":false,"post_type_properties_post_features_lift_available":false,"post_type_properties_post_features_handicap_adapted_access":false,"post_type_properties_post_features_orientation_east":false,"post_type_properties_post_features_orientation_west":false,"post_type_properties_post_features_orientation_north":false,"post_type_properties_post_features_orientation_south":false,"post_type_properties_post_features_parking_spaces_number":"","post_type_properties_post_features_security_alarm":false,"post_type_properties_post_features_security_system":false,"post_type_properties_post_open_plan":false,"post_type_properties_post_acceso_24_7":false,"post_type_properties_post_oficina_privada":false,"post_type_properties_post_sala_reuniones":false,"post_type_properties_post_espacio_eventos":false,"post_type_properties_post_office":false,"post_type_properties_post_restaurant":false,"post_type_properties_post_acepta_traspaso":false,"post_type_properties_post_vigilancia":false,"post_type_properties_post_features_suite":false,"post_type_properties_post_features_vitro":false,"post_type_properties_post_features_oven":false,"post_type_properties_post_features_microwave":false,"post_type_properties_post_features_washing_machine":false,"post_type_properties_post_features_dryer":false,"post_type_properties_post_features_dishwasher":false,"post_type_properties_post_features_fridge":false,"post_type_properties_post_features_fridge_mini":false,"post_type_properties_post_features_kettle":false,"post_type_properties_post_features_toaster":false,"post_type_properties_post_features_coffee_maker":false,"post_type_properties_post_features_iron":false,"post_type_properties_post_features_ironing_board":false,"post_type_properties_post_features_safe":false,"post_type_properties_post_features_internet":false,"post_type_properties_post_features_solarium":false,"post_type_properties_post_features_clean_service":false,"post_type_properties_post_features_t_v":false,"post_type_properties_post_features_satellite_t_v":false,"post_type_properties_post_features_gas_kitchen":false,"post_type_properties_post_features_view_mountain":false,"post_type_properties_post_features_view_sea":false,"post_type_properties_post_features_concierge":false,"post_type_properties_post_features_loading_dock":false,"post_type_properties_post_features_bridge_crane":false,"post_type_properties_post_features_located_at_corner":false,"post_type_properties_post_features_smoke_extraction":false,"post_type_properties_post_features_rooms":"","post_type_properties_post_features_garden_area":"","post_type_properties_post_features_utilities_water":false,"post_type_properties_post_features_utilities_electricity":false,"post_type_properties_post_features_utilities_natural_gas":false,"post_type_properties_post_features_building_adapted":false,"post_type_properties_post_features_garden":false,"post_type_properties_post_features_classification_hotel":false,"post_type_properties_post_features_classification_chalet":false,"post_type_properties_post_certificado_energetico_emisiones":"","post_type_properties_post_barrio":"","post_type_properties_post_distrito_empresa":"","post_type_properties_post_features_property_category_intern":"","post_type_properties_post_implantada":false,"post_type_properties_post_sello_leed":"","post_type_properties_post_sello_well":"","post_type_properties_post_sello_breeam":false,"post_type_properties_post_images":[{"properties_post_image_order":1,"properties_post_image_url":"https:\/\/movin.cloud\/empresas\/1885\/imagenes\/180850\/compra-para-idealistas.webp","properties_post_image_url_thumbnail":"https:\/\/movin.cloud\/empresas\/1885\/imagenes\/thumbnails\/180850\/compra-para-idealistas.webp","properties_post_title":"compra para idealistas","properties_post_alt":"compra para idealistas"},{"properties_post_image_order":2,"properties_post_image_url":"https:\/\/movin.cloud\/empresas\/1885\/imagenes\/180850\/venta-viviendas.webp","properties_post_image_url_thumbnail":"https:\/\/movin.cloud\/empresas\/1885\/imagenes\/thumbnails\/180850\/venta-viviendas.webp","properties_post_title":"venta viviendas","properties_post_alt":"venta viviendas"},{"properties_post_image_order":3,"properties_post_image_url":"https:\/\/movin.cloud\/empresas\/1885\/imagenes\/180850\/parkings.webp","properties_post_image_url_thumbnail":"https:\/\/movin.cloud\/empresas\/1885\/imagenes\/thumbnails\/180850\/parkings.webp","properties_post_title":"parkings","properties_post_alt":"parkings"},{"properties_post_image_order":4,"properties_post_image_url":"https:\/\/movin.cloud\/empresas\/1885\/imagenes\/180850\/compra.webp","properties_post_image_url_thumbnail":"https:\/\/movin.cloud\/empresas\/1885\/imagenes\/thumbnails\/180850\/compra.webp","properties_post_title":"compra","properties_post_alt":"compra"},{"properties_post_image_order":5,"properties_post_image_url":"https:\/\/movin.cloud\/empresas\/1885\/imagenes\/180850\/habitalia.webp","properties_post_image_url_thumbnail":"https:\/\/movin.cloud\/empresas\/1885\/imagenes\/thumbnails\/180850\/habitalia.webp","properties_post_title":"habitalia","properties_post_alt":"habitalia"}],"post_type_properties_post_videos":[{"properties_post_video_url":"https:\/\/www.youtube.com\/watch?v=daJliQMBFas","properties_post_video_order":"1"}],"post_type_properties_post_tour":null,"post_type_properties_post_dossier_url":"","post_type_properties_post_operation_type":"sale","post_type_properties_post_operation_price":10000,"post_type_properties_post_features_hidden_price":false},"yoast_head":"<!-- This site is optimized with the Yoast SEO plugin v27.4 - https:\/\/yoast.com\/product\/yoast-seo-wordpress\/ -->\n<title>Plaza de aparcamiento en venta en Mollet del Vall\u00e8s<\/title>\n<meta name=\"description\" content=\"Plaza de parking en venta en Mollet del Vall\u00e8s para veh\u00edculo de tama\u00f1o mediano. Tiene una superficie de 10m\u00b2, situado en la planta -1 de un edificio co\u2026\" \/>\n<meta name=\"robots\" content=\"index, follow, max-snippet:-1, max-image-preview:large, max-video-preview:-1\" \/>\n<link rel=\"canonical\" href=\"https:\/\/forcadell.com\/en\/propiedades\/plaza-de-aparcamiento-en-venta-en-mollet-del-valles\/\" \/>\n<meta property=\"og:locale\" content=\"en_US\" \/>\n<meta property=\"og:type\" content=\"article\" \/>\n<meta property=\"og:title\" content=\"Plaza de aparcamiento en venta en Mollet del Vall\u00e8s\" \/>\n<meta property=\"og:description\" content=\"Plaza de parking en venta en Mollet del Vall\u00e8s para veh\u00edculo de tama\u00f1o mediano. Tiene una superficie de 10m\u00b2, situado en la planta -1 de un edificio co\u2026\" \/>\n<meta property=\"og:url\" content=\"https:\/\/forcadell.com\/en\/propiedades\/plaza-de-aparcamiento-en-venta-en-mollet-del-valles\/\" \/>\n<meta property=\"og:site_name\" content=\"Forcadell\" \/>\n<meta property=\"article:modified_time\" content=\"2026-08-31T06:40:25+00:00\" \/>\n<meta name=\"twitter:card\" content=\"summary_large_image\" \/>\n<script type=\"application\/ld+json\" class=\"yoast-schema-graph\">{\"@context\":\"https:\\\/\\\/schema.org\",\"@graph\":[{\"@type\":\"WebPage\",\"@id\":\"https:\\\/\\\/forcadell.com\\\/en\\\/propiedades\\\/plaza-de-aparcamiento-en-venta-en-mollet-del-valles\\\/\",\"url\":\"https:\\\/\\\/forcadell.com\\\/en\\\/propiedades\\\/plaza-de-aparcamiento-en-venta-en-mollet-del-valles\\\/\",\"name\":\"Plaza de aparcamiento en venta en Mollet del Vall\u00e8s\",\"isPartOf\":{\"@id\":\"https:\\\/\\\/forcadell.com\\\/en\\\/#website\"},\"datePublished\":\"2026-08-04T06:32:15+00:00\",\"dateModified\":\"2026-08-31T06:40:25+00:00\",\"description\":\"Plaza de parking en venta en Mollet del Vall\u00e8s para veh\u00edculo de tama\u00f1o mediano. Tiene una superficie de 10m\u00b2, situado en la planta -1 de un edificio co\u2026\",\"breadcrumb\":{\"@id\":\"https:\\\/\\\/forcadell.com\\\/en\\\/propiedades\\\/plaza-de-aparcamiento-en-venta-en-mollet-del-valles\\\/#breadcrumb\"},\"inLanguage\":\"en-US\",\"potentialAction\":[{\"@type\":\"ReadAction\",\"target\":[\"https:\\\/\\\/forcadell.com\\\/en\\\/propiedades\\\/plaza-de-aparcamiento-en-venta-en-mollet-del-valles\\\/\"]}]},{\"@type\":\"BreadcrumbList\",\"@id\":\"https:\\\/\\\/forcadell.com\\\/en\\\/propiedades\\\/plaza-de-aparcamiento-en-venta-en-mollet-del-valles\\\/#breadcrumb\",\"itemListElement\":[{\"@type\":\"ListItem\",\"position\":1,\"name\":\"Portada\",\"item\":\"https:\\\/\\\/forcadell.com\\\/en\\\/\"},{\"@type\":\"ListItem\",\"position\":2,\"name\":\"Properties\",\"item\":\"https:\\\/\\\/forcadell.com\\\/en\\\/propiedades\\\/\"},{\"@type\":\"ListItem\",\"position\":3,\"name\":\"Plaza de aparcamiento en venta en Mollet del Vall\u00e8s\"}]},{\"@type\":\"WebSite\",\"@id\":\"https:\\\/\\\/forcadell.com\\\/en\\\/#website\",\"url\":\"https:\\\/\\\/forcadell.com\\\/en\\\/\",\"name\":\"Forcadell\",\"description\":\"Inmobiliaria Barcelona | Consultores inmobiliarios\",\"potentialAction\":[{\"@type\":\"SearchAction\",\"target\":{\"@type\":\"EntryPoint\",\"urlTemplate\":\"https:\\\/\\\/forcadell.com\\\/en\\\/?s={search_term_string}\"},\"query-input\":{\"@type\":\"PropertyValueSpecification\",\"valueRequired\":true,\"valueName\":\"search_term_string\"}}],\"inLanguage\":\"en-US\"}]}<\/script>\n<!-- \/ Yoast SEO plugin. -->","yoast_head_json":{"title":"Plaza de aparcamiento en venta en Mollet del Vall\u00e8s","description":"Plaza de parking en venta en Mollet del Vall\u00e8s para veh\u00edculo de tama\u00f1o mediano. Tiene una superficie de 10m\u00b2, situado en la planta -1 de un edificio co\u2026","robots":{"index":"index","follow":"follow","max-snippet":"max-snippet:-1","max-image-preview":"max-image-preview:large","max-video-preview":"max-video-preview:-1"},"canonical":"https:\/\/forcadell.com\/en\/propiedades\/plaza-de-aparcamiento-en-venta-en-mollet-del-valles\/","og_locale":"en_US","og_type":"article","og_title":"Plaza de aparcamiento en venta en Mollet del Vall\u00e8s","og_description":"Plaza de parking en venta en Mollet del Vall\u00e8s para veh\u00edculo de tama\u00f1o mediano. Tiene una superficie de 10m\u00b2, situado en la planta -1 de un edificio co\u2026","og_url":"https:\/\/forcadell.com\/en\/propiedades\/plaza-de-aparcamiento-en-venta-en-mollet-del-valles\/","og_site_name":"Forcadell","article_modified_time":"2026-08-31T06:40:25+00:00","twitter_card":"summary_large_image","schema":{"@context":"https:\/\/schema.org","@graph":[{"@type":"WebPage","@id":"https:\/\/forcadell.com\/en\/propiedades\/plaza-de-aparcamiento-en-venta-en-mollet-del-valles\/","url":"https:\/\/forcadell.com\/en\/propiedades\/plaza-de-aparcamiento-en-venta-en-mollet-del-valles\/","name":"Plaza de aparcamiento en venta en Mollet del Vall\u00e8s","isPartOf":{"@id":"https:\/\/forcadell.com\/en\/#website"},"datePublished":"2026-08-04T06:32:15+00:00","dateModified":"2026-08-31T06:40:25+00:00","description":"Plaza de parking en venta en Mollet del Vall\u00e8s para veh\u00edculo de tama\u00f1o mediano. Tiene una superficie de 10m\u00b2, situado en la planta -1 de un edificio co\u2026","breadcrumb":{"@id":"https:\/\/forcadell.com\/en\/propiedades\/plaza-de-aparcamiento-en-venta-en-mollet-del-valles\/#breadcrumb"},"inLanguage":"en-US","potentialAction":[{"@type":"ReadAction","target":["https:\/\/forcadell.com\/en\/propiedades\/plaza-de-aparcamiento-en-venta-en-mollet-del-valles\/"]}]},{"@type":"BreadcrumbList","@id":"https:\/\/forcadell.com\/en\/propiedades\/plaza-de-aparcamiento-en-venta-en-mollet-del-valles\/#breadcrumb","itemListElement":[{"@type":"ListItem","position":1,"name":"Portada","item":"https:\/\/forcadell.com\/en\/"},{"@type":"ListItem","position":2,"name":"Properties","item":"https:\/\/forcadell.com\/en\/propiedades\/"},{"@type":"ListItem","position":3,"name":"Plaza de aparcamiento en venta en Mollet del Vall\u00e8s"}]},{"@type":"WebSite","@id":"https:\/\/forcadell.com\/en\/#website","url":"https:\/\/forcadell.com\/en\/","name":"Forcadell","description":"Inmobiliaria Barcelona | Consultores inmobiliarios","potentialAction":[{"@type":"SearchAction","target":{"@type":"EntryPoint","urlTemplate":"https:\/\/forcadell.com\/en\/?s={search_term_string}"},"query-input":{"@type":"PropertyValueSpecification","valueRequired":true,"valueName":"search_term_string"}}],"inLanguage":"en-US"}]}},"_links":{"self":[{"href":"https:\/\/forcadell.com\/en\/wp-json\/wp\/v2\/properties_post\/83987","targetHints":{"allow":["GET"]}}],"collection":[{"href":"https:\/\/forcadell.com\/en\/wp-json\/wp\/v2\/properties_post"}],"about":[{"href":"https:\/\/forcadell.com\/en\/wp-json\/wp\/v2\/types\/properties_post"}],"wp:attachment":[{"href":"https:\/\/forcadell.com\/en\/wp-json\/wp\/v2\/media?parent=83987"}],"curies":[{"name":"wp","href":"https:\/\/api.w.org\/{rel}","templated":true}]}}