{"id":83965,"date":"2026-08-04T08:30:52","date_gmt":"2026-08-04T06:30:52","guid":{"rendered":"https:\/\/forcadell.com\/propiedades\/oportunidad-parking-en-c-valencia\/"},"modified":"2026-09-01T08:35:23","modified_gmt":"2026-09-01T06:35:23","slug":"oportunidad-parking-en-c-valencia","status":"publish","type":"properties_post","link":"https:\/\/forcadell.com\/en\/propiedades\/oportunidad-parking-en-c-valencia\/","title":{"rendered":"Oportunidad parking en C\/Valencia"},"content":{"rendered":"<p>\u00a1Gran oportunidad en Granollers! Se vende plaza de parking en calle Valencia, n\u00famero 24. Ubicada en la primera planta, con f\u00e1cil acceso y 9,6m\u00b2 de espacio. \u00a1No pierdas la oportunidad de asegurar tu propio espacio de estacionamiento en una zona de alta demanda! Cont\u00e1ctanos para m\u00e1s detalles.<\/p>\n","protected":false},"template":"","class_list":["post-83965","properties_post","type-properties_post","status-publish","hentry","properties_modality-sale","properties_province-barcelona","properties_state-granollers","properties_subclass-parking","properties_type-parking"],"acf":{"post_type_properties_post_property_code":"11244055","post_type_properties_post_property_reference":"GRA_2659","post_type_properties_post_owner_id":"146480","post_type_properties_post_owner_name":"Mercedes Fernandez Gir\u00f3","post_type_properties_post_property_code_encrypted":"MjQ5JDI4NjIy","post_type_properties_post_published":"1","post_type_properties_post_property_visibility":"idealista","post_type_properties_post_contact_name":"Forcadell Granollers","post_type_properties_post_contact_email":"forcadell.granollers@movin.cloud","post_type_properties_post_contact_primary_phone_prefix":"34","post_type_properties_post_contact_primary_phone_number":"934965408","post_type_properties_post_address_visibility":"street","post_type_properties_post_address_country":"Spain","post_type_properties_post_address_coordinates_precision":"exact","post_type_properties_post_address_postal_code":"08401","post_type_properties_post_address_coordinates_latitude":"41.6127208","post_type_properties_post_address_coordinates_longitude":"2.2883503","post_type_properties_post_address_street_name":"C\/Valencia ","post_type_properties_post_address_floor":"","post_type_properties_post_address_town":"Granollers","post_type_properties_post_building":null,"post_type_properties_post_property":[{"properties_post_description_language":"catalan","properties_post_title":"\u00a1Oportunitat d'aparcament a Carrer Val\u00e8ncia!","properties_post_short_description_text_alt":"","properties_post_description_text_alt":"","properties_post_short_description_text":"\u00a1Oportunitat d'aparcament a Carrer Val\u00e8ncia!","properties_post_link_demanda_inmueble":"https:\/\/movin.cloud\/ca\/Forcadell Granollers\/formulari-peticio-immoble\/sth\/726&&11244055","properties_post_link_demanda_calendario_inmueble":"https:\/\/movin.cloud\/ca\/Forcadell Granollers\/calendari-peticio-immoble\/sth\/726&&11244055","properties_post_description_text":"Gran oportunitat a Granollers! Es ven pla\u00e7a d'aparcament al carrer Val\u00e8ncia, n\u00famero 24. Situada a la primera planta, amb f\u00e0cil acc\u00e9s i 9,6 m\u00b2 d'espai. No perdis l'oportunitat d'assegurar-te el teu propi espai d'estacionament en una zona de gran demanda! Contacta amb nosaltres per a m\u00e9s detalls.","properties_post_seo_title":"","properties_post_seo_alias":"","properties_post_seo_metadescription":"","properties_post_seo_key_words":"","properties_post_seo_url":"","properties_post_terms_conditions":""},{"properties_post_description_language":"spanish","properties_post_title":"Oportunidad parking en C\/Valencia","properties_post_short_description_text_alt":"","properties_post_description_text_alt":"","properties_post_short_description_text":"Oportunidad parking en C\/Valencia","properties_post_link_demanda_inmueble":"https:\/\/movin.cloud\/es\/Forcadell Granollers\/formulario-peticion-inmueble\/sth\/726&&11244055","properties_post_link_demanda_calendario_inmueble":"https:\/\/movin.cloud\/es\/Forcadell Granollers\/calendario-peticion-inmueble\/sth\/726&&11244055","properties_post_description_text":"\u00a1Gran oportunidad en Granollers! Se vende plaza de parking en calle Valencia, n\u00famero 24. Ubicada en la primera planta, con f\u00e1cil acceso y 9,6m\u00b2 de espacio. \u00a1No pierdas la oportunidad de asegurar tu propio espacio de estacionamiento en una zona de alta demanda! Cont\u00e1ctanos para m\u00e1s detalles.","properties_post_seo_title":"","properties_post_seo_alias":"","properties_post_seo_metadescription":"","properties_post_seo_key_words":"","properties_post_seo_url":"","properties_post_terms_conditions":""},{"properties_post_description_language":"english","properties_post_title":"Oportunidad parking en C\/Valencia","properties_post_short_description_text_alt":"","properties_post_description_text_alt":"","properties_post_short_description_text":"Oportunidad parking en C\/Valencia","properties_post_link_demanda_inmueble":"https:\/\/movin.cloud\/en\/Forcadell Granollers\/property-form-request\/sth\/726&&11244055","properties_post_link_demanda_calendario_inmueble":"https:\/\/movin.cloud\/en\/Forcadell Granollers\/property-calendar-request\/sth\/726&&11244055","properties_post_description_text":"Great opportunity in Granollers! Parking space for sale on Valencia Street, number 24. Located on the first floor, with easy access and 9.6m\u00b2 of space. Don't miss the chance to secure your own parking spot in a high-demand area! Contact us for more details.","properties_post_seo_title":"","properties_post_seo_alias":"","properties_post_seo_metadescription":"","properties_post_seo_key_words":"","properties_post_seo_url":"","properties_post_terms_conditions":""}],"post_type_properties_post_features_type":"garage","post_type_properties_post_id_building":"","post_type_properties_post_features_area_constructed":9,"post_type_properties_post_features_conditioned_air":false,"post_type_properties_post_features_doorman":false,"post_type_properties_post_features_heating":false,"post_type_properties_post_features_equipped_kitchen":false,"post_type_properties_post_features_windows_location":"","post_type_properties_post_features_floors_property":false,"post_type_properties_post_features_storage":false,"post_type_properties_post_features_security_door":false,"post_type_properties_post_features_energy_certificate_rating":"","post_type_properties_post_features_energy_certificate_emissions_rating":"","post_type_properties_post_features_energy_certificate_emissions_value":"","post_type_properties_post_features_energy_certificate_performance":"","post_type_properties_post_features_bathroom_inside":false,"post_type_properties_post_precio":15000,"post_type_properties_post_precio_alquiler":15000,"post_type_properties_post_record_type_id":"Parking","post_type_properties_post_categoria__producto":"Parking","post_type_properties_post_amueblado":false,"post_type_properties_post_precio_m2":1562.5,"post_type_properties_post_zona__comunitaria":false,"post_type_properties_post_electrodomesticos":false,"post_type_properties_post_patio__interior":false,"post_type_properties_post_certificado_energetico_general":"","post_type_properties_post_certificado_energetico_consumo":"","post_type_properties_post_certificado_energetico_valor_emisiones":"","post_type_properties_post_certificado_energetico_valor_consumo":"","post_type_properties_post_modalidad":"sale","post_type_properties_post_provincia":"Barcelona","post_type_properties_post_poblacion":"Granollers","post_type_properties_post_centro__urbano":true,"post_type_properties_post_zonificacion":"","post_type_properties_post_cartera":"","post_type_properties_post_titulo_catalan":"\u00a1Oportunitat d'aparcament a Carrer Val\u00e8ncia!","post_type_properties_post_internet_catalan":"Gran oportunitat a Granollers! Es ven pla\u00e7a d'aparcament al carrer Val\u00e8ncia, n\u00famero 24. Situada a la primera planta, amb f\u00e0cil acc\u00e9s i 9,6 m\u00b2 d'espai. No perdis l'oportunitat d'assegurar-te el teu propi espai d'estacionament en una zona de gran demanda! Contacta amb nosaltres per a m\u00e9s detalls.","post_type_properties_post_titulo_castellano":"Oportunidad parking en C\/Valencia","post_type_properties_post_internet_castellano":"\u00a1Gran oportunidad en Granollers! Se vende plaza de parking en calle Valencia, n\u00famero 24. Ubicada en la primera planta, con f\u00e1cil acceso y 9,6m\u00b2 de espacio. \u00a1No pierdas la oportunidad de asegurar tu propio espacio de estacionamiento en una zona de alta demanda! Cont\u00e1ctanos para m\u00e1s detalles.","post_type_properties_post_titulo_ingles":"Oportunidad parking en C\/Valencia","post_type_properties_post_internet_ingles":"Great opportunity in Granollers! Parking space for sale on Valencia Street, number 24. Located on the first floor, with easy access and 9.6m\u00b2 of space. Don't miss the chance to secure your own parking spot in a high-demand area! Contact us for more details.","post_type_properties_post_features_classification_commercial":false,"post_type_properties_post_features_conservation":"","post_type_properties_post_features_security_personnel":false,"post_type_properties_post_features_parking_available":false,"post_type_properties_post_features_garage_capacity_type":"unknown","post_type_properties_post_features_bathroom_number":"","post_type_properties_post_eje":"","post_type_properties_post_zona":"","post_type_properties_post_comarca":"","post_type_properties_post_features_built_year":"","post_type_properties_post_renta_mensual":15000,"post_type_properties_post_fianza":"","post_type_properties_post_features_area_plot":"","post_type_properties_post_features_area_buildable":"","post_type_properties_post_features_classification_industrial":false,"post_type_properties_post_distrito":"","post_type_properties_post_features_balcony":false,"post_type_properties_post_features_bedroom_number":"","post_type_properties_post_features_heating_type":"","post_type_properties_post_features_equipped_with_furniture":false,"post_type_properties_post_features_pets_allowed":false,"post_type_properties_post_features_pool":false,"post_type_properties_post_features_terrace":false,"post_type_properties_post_features_wardrobes":false,"post_type_properties_post_features_lift_available":false,"post_type_properties_post_features_handicap_adapted_access":false,"post_type_properties_post_features_orientation_east":false,"post_type_properties_post_features_orientation_west":false,"post_type_properties_post_features_orientation_north":false,"post_type_properties_post_features_orientation_south":false,"post_type_properties_post_features_parking_spaces_number":"","post_type_properties_post_features_security_alarm":false,"post_type_properties_post_features_security_system":false,"post_type_properties_post_open_plan":false,"post_type_properties_post_acceso_24_7":false,"post_type_properties_post_oficina_privada":false,"post_type_properties_post_sala_reuniones":false,"post_type_properties_post_espacio_eventos":false,"post_type_properties_post_office":false,"post_type_properties_post_restaurant":false,"post_type_properties_post_acepta_traspaso":false,"post_type_properties_post_vigilancia":false,"post_type_properties_post_features_suite":false,"post_type_properties_post_features_vitro":false,"post_type_properties_post_features_oven":false,"post_type_properties_post_features_microwave":false,"post_type_properties_post_features_washing_machine":false,"post_type_properties_post_features_dryer":false,"post_type_properties_post_features_dishwasher":false,"post_type_properties_post_features_fridge":false,"post_type_properties_post_features_fridge_mini":false,"post_type_properties_post_features_kettle":false,"post_type_properties_post_features_toaster":false,"post_type_properties_post_features_coffee_maker":false,"post_type_properties_post_features_iron":false,"post_type_properties_post_features_ironing_board":false,"post_type_properties_post_features_safe":false,"post_type_properties_post_features_internet":false,"post_type_properties_post_features_solarium":false,"post_type_properties_post_features_clean_service":false,"post_type_properties_post_features_t_v":false,"post_type_properties_post_features_satellite_t_v":false,"post_type_properties_post_features_gas_kitchen":false,"post_type_properties_post_features_view_mountain":false,"post_type_properties_post_features_view_sea":false,"post_type_properties_post_features_concierge":false,"post_type_properties_post_features_loading_dock":false,"post_type_properties_post_features_bridge_crane":false,"post_type_properties_post_features_located_at_corner":false,"post_type_properties_post_features_smoke_extraction":false,"post_type_properties_post_features_rooms":"","post_type_properties_post_features_garden_area":"","post_type_properties_post_features_utilities_water":false,"post_type_properties_post_features_utilities_electricity":false,"post_type_properties_post_features_utilities_natural_gas":false,"post_type_properties_post_features_building_adapted":false,"post_type_properties_post_features_garden":false,"post_type_properties_post_features_classification_hotel":false,"post_type_properties_post_features_classification_chalet":false,"post_type_properties_post_certificado_energetico_emisiones":"","post_type_properties_post_barrio":"","post_type_properties_post_distrito_empresa":"","post_type_properties_post_features_property_category_intern":"","post_type_properties_post_implantada":false,"post_type_properties_post_sello_leed":"","post_type_properties_post_sello_well":"","post_type_properties_post_sello_breeam":false,"post_type_properties_post_images":[{"properties_post_image_order":1,"properties_post_image_url":"https:\/\/movin.cloud\/empresas\/726\/imagenes\/11244055\/compra-para-idealistas.webp","properties_post_image_url_thumbnail":"https:\/\/movin.cloud\/empresas\/726\/imagenes\/thumbnails\/11244055\/compra-para-idealistas.webp","properties_post_title":"compra para idealistas","properties_post_alt":"compra para idealistas"},{"properties_post_image_order":2,"properties_post_image_url":"https:\/\/movin.cloud\/empresas\/726\/imagenes\/11244055\/viviendas.webp","properties_post_image_url_thumbnail":"https:\/\/movin.cloud\/empresas\/726\/imagenes\/thumbnails\/11244055\/viviendas.webp","properties_post_title":"viviendas","properties_post_alt":"viviendas"},{"properties_post_image_order":9,"properties_post_image_url":"https:\/\/movin.cloud\/empresas\/726\/imagenes\/11244055\/fincas.webp","properties_post_image_url_thumbnail":"https:\/\/movin.cloud\/empresas\/726\/imagenes\/thumbnails\/11244055\/fincas.webp","properties_post_title":"fincas","properties_post_alt":"fincas"},{"properties_post_image_order":10,"properties_post_image_url":"https:\/\/movin.cloud\/empresas\/726\/imagenes\/11244055\/inmobiliarias.webp","properties_post_image_url_thumbnail":"https:\/\/movin.cloud\/empresas\/726\/imagenes\/thumbnails\/11244055\/inmobiliarias.webp","properties_post_title":"inmobiliarias","properties_post_alt":"inmobiliarias"},{"properties_post_image_order":11,"properties_post_image_url":"https:\/\/movin.cloud\/empresas\/726\/imagenes\/11244055\/inmobiliaria.webp","properties_post_image_url_thumbnail":"https:\/\/movin.cloud\/empresas\/726\/imagenes\/thumbnails\/11244055\/inmobiliaria.webp","properties_post_title":"inmobiliaria","properties_post_alt":"inmobiliaria"},{"properties_post_image_order":12,"properties_post_image_url":"https:\/\/movin.cloud\/empresas\/726\/imagenes\/11244055\/compra-para-idealistas-granollers.webp","properties_post_image_url_thumbnail":"https:\/\/movin.cloud\/empresas\/726\/imagenes\/thumbnails\/11244055\/compra-para-idealistas-granollers.webp","properties_post_title":"compra para idealistas granollers","properties_post_alt":"compra para idealistas granollers"},{"properties_post_image_order":13,"properties_post_image_url":"https:\/\/movin.cloud\/empresas\/726\/imagenes\/11244055\/viviendas-granollers.webp","properties_post_image_url_thumbnail":"https:\/\/movin.cloud\/empresas\/726\/imagenes\/thumbnails\/11244055\/viviendas-granollers.webp","properties_post_title":"viviendas granollers","properties_post_alt":"viviendas granollers"},{"properties_post_image_order":14,"properties_post_image_url":"https:\/\/movin.cloud\/empresas\/726\/imagenes\/11244055\/venta-viviendas-granollers.webp","properties_post_image_url_thumbnail":"https:\/\/movin.cloud\/empresas\/726\/imagenes\/thumbnails\/11244055\/venta-viviendas-granollers.webp","properties_post_title":"venta viviendas granollers","properties_post_alt":"venta viviendas granollers"},{"properties_post_image_order":15,"properties_post_image_url":"https:\/\/movin.cloud\/empresas\/726\/imagenes\/11244055\/parkings-granollers.webp","properties_post_image_url_thumbnail":"https:\/\/movin.cloud\/empresas\/726\/imagenes\/thumbnails\/11244055\/parkings-granollers.webp","properties_post_title":"parkings granollers","properties_post_alt":"parkings granollers"},{"properties_post_image_order":16,"properties_post_image_url":"https:\/\/movin.cloud\/empresas\/726\/imagenes\/11244055\/compra-granollers.webp","properties_post_image_url_thumbnail":"https:\/\/movin.cloud\/empresas\/726\/imagenes\/thumbnails\/11244055\/compra-granollers.webp","properties_post_title":"compra granollers","properties_post_alt":"compra granollers"},{"properties_post_image_order":17,"properties_post_image_url":"https:\/\/movin.cloud\/empresas\/726\/imagenes\/11244055\/habitalia-granollers.webp","properties_post_image_url_thumbnail":"https:\/\/movin.cloud\/empresas\/726\/imagenes\/thumbnails\/11244055\/habitalia-granollers.webp","properties_post_title":"habitalia granollers","properties_post_alt":"habitalia granollers"}],"post_type_properties_post_videos":[{"properties_post_video_url":"https:\/\/www.youtube.com\/watch?v=daJliQMBFas","properties_post_video_order":"999"}],"post_type_properties_post_tour":null,"post_type_properties_post_dossier_url":"","post_type_properties_post_operation_type":"sale","post_type_properties_post_operation_price":15000,"post_type_properties_post_features_hidden_price":false},"yoast_head":"<!-- This site is optimized with the Yoast SEO plugin v27.4 - https:\/\/yoast.com\/product\/yoast-seo-wordpress\/ -->\n<title>Oportunidad parking en C\/Valencia<\/title>\n<meta name=\"description\" content=\"Oportunidad parking en C\/Valencia\" \/>\n<meta name=\"robots\" content=\"index, follow, max-snippet:-1, max-image-preview:large, max-video-preview:-1\" \/>\n<link rel=\"canonical\" href=\"https:\/\/forcadell.com\/en\/propiedades\/oportunidad-parking-en-c-valencia\/\" \/>\n<meta property=\"og:locale\" content=\"en_US\" \/>\n<meta property=\"og:type\" content=\"article\" \/>\n<meta property=\"og:title\" content=\"Oportunidad parking en C\/Valencia\" \/>\n<meta property=\"og:description\" content=\"Oportunidad parking en C\/Valencia\" \/>\n<meta property=\"og:url\" content=\"https:\/\/forcadell.com\/en\/propiedades\/oportunidad-parking-en-c-valencia\/\" \/>\n<meta property=\"og:site_name\" content=\"Forcadell\" \/>\n<meta property=\"article:modified_time\" content=\"2026-09-01T06:35:23+00:00\" \/>\n<meta name=\"twitter:card\" content=\"summary_large_image\" \/>\n<script type=\"application\/ld+json\" class=\"yoast-schema-graph\">{\"@context\":\"https:\\\/\\\/schema.org\",\"@graph\":[{\"@type\":\"WebPage\",\"@id\":\"https:\\\/\\\/forcadell.com\\\/en\\\/propiedades\\\/oportunidad-parking-en-c-valencia\\\/\",\"url\":\"https:\\\/\\\/forcadell.com\\\/en\\\/propiedades\\\/oportunidad-parking-en-c-valencia\\\/\",\"name\":\"Oportunidad parking en C\\\/Valencia\",\"isPartOf\":{\"@id\":\"https:\\\/\\\/forcadell.com\\\/en\\\/#website\"},\"datePublished\":\"2026-08-04T06:30:52+00:00\",\"dateModified\":\"2026-09-01T06:35:23+00:00\",\"description\":\"Oportunidad parking en C\\\/Valencia\",\"breadcrumb\":{\"@id\":\"https:\\\/\\\/forcadell.com\\\/en\\\/propiedades\\\/oportunidad-parking-en-c-valencia\\\/#breadcrumb\"},\"inLanguage\":\"en-US\",\"potentialAction\":[{\"@type\":\"ReadAction\",\"target\":[\"https:\\\/\\\/forcadell.com\\\/en\\\/propiedades\\\/oportunidad-parking-en-c-valencia\\\/\"]}]},{\"@type\":\"BreadcrumbList\",\"@id\":\"https:\\\/\\\/forcadell.com\\\/en\\\/propiedades\\\/oportunidad-parking-en-c-valencia\\\/#breadcrumb\",\"itemListElement\":[{\"@type\":\"ListItem\",\"position\":1,\"name\":\"Portada\",\"item\":\"https:\\\/\\\/forcadell.com\\\/en\\\/\"},{\"@type\":\"ListItem\",\"position\":2,\"name\":\"Properties\",\"item\":\"https:\\\/\\\/forcadell.com\\\/en\\\/propiedades\\\/\"},{\"@type\":\"ListItem\",\"position\":3,\"name\":\"Oportunidad parking en C\\\/Valencia\"}]},{\"@type\":\"WebSite\",\"@id\":\"https:\\\/\\\/forcadell.com\\\/en\\\/#website\",\"url\":\"https:\\\/\\\/forcadell.com\\\/en\\\/\",\"name\":\"Forcadell\",\"description\":\"Inmobiliaria Barcelona | Consultores inmobiliarios\",\"potentialAction\":[{\"@type\":\"SearchAction\",\"target\":{\"@type\":\"EntryPoint\",\"urlTemplate\":\"https:\\\/\\\/forcadell.com\\\/en\\\/?s={search_term_string}\"},\"query-input\":{\"@type\":\"PropertyValueSpecification\",\"valueRequired\":true,\"valueName\":\"search_term_string\"}}],\"inLanguage\":\"en-US\"}]}<\/script>\n<!-- \/ Yoast SEO plugin. -->","yoast_head_json":{"title":"Oportunidad parking en C\/Valencia","description":"Oportunidad parking en C\/Valencia","robots":{"index":"index","follow":"follow","max-snippet":"max-snippet:-1","max-image-preview":"max-image-preview:large","max-video-preview":"max-video-preview:-1"},"canonical":"https:\/\/forcadell.com\/en\/propiedades\/oportunidad-parking-en-c-valencia\/","og_locale":"en_US","og_type":"article","og_title":"Oportunidad parking en C\/Valencia","og_description":"Oportunidad parking en C\/Valencia","og_url":"https:\/\/forcadell.com\/en\/propiedades\/oportunidad-parking-en-c-valencia\/","og_site_name":"Forcadell","article_modified_time":"2026-09-01T06:35:23+00:00","twitter_card":"summary_large_image","schema":{"@context":"https:\/\/schema.org","@graph":[{"@type":"WebPage","@id":"https:\/\/forcadell.com\/en\/propiedades\/oportunidad-parking-en-c-valencia\/","url":"https:\/\/forcadell.com\/en\/propiedades\/oportunidad-parking-en-c-valencia\/","name":"Oportunidad parking en C\/Valencia","isPartOf":{"@id":"https:\/\/forcadell.com\/en\/#website"},"datePublished":"2026-08-04T06:30:52+00:00","dateModified":"2026-09-01T06:35:23+00:00","description":"Oportunidad parking en C\/Valencia","breadcrumb":{"@id":"https:\/\/forcadell.com\/en\/propiedades\/oportunidad-parking-en-c-valencia\/#breadcrumb"},"inLanguage":"en-US","potentialAction":[{"@type":"ReadAction","target":["https:\/\/forcadell.com\/en\/propiedades\/oportunidad-parking-en-c-valencia\/"]}]},{"@type":"BreadcrumbList","@id":"https:\/\/forcadell.com\/en\/propiedades\/oportunidad-parking-en-c-valencia\/#breadcrumb","itemListElement":[{"@type":"ListItem","position":1,"name":"Portada","item":"https:\/\/forcadell.com\/en\/"},{"@type":"ListItem","position":2,"name":"Properties","item":"https:\/\/forcadell.com\/en\/propiedades\/"},{"@type":"ListItem","position":3,"name":"Oportunidad parking en C\/Valencia"}]},{"@type":"WebSite","@id":"https:\/\/forcadell.com\/en\/#website","url":"https:\/\/forcadell.com\/en\/","name":"Forcadell","description":"Inmobiliaria Barcelona | Consultores inmobiliarios","potentialAction":[{"@type":"SearchAction","target":{"@type":"EntryPoint","urlTemplate":"https:\/\/forcadell.com\/en\/?s={search_term_string}"},"query-input":{"@type":"PropertyValueSpecification","valueRequired":true,"valueName":"search_term_string"}}],"inLanguage":"en-US"}]}},"_links":{"self":[{"href":"https:\/\/forcadell.com\/en\/wp-json\/wp\/v2\/properties_post\/83965","targetHints":{"allow":["GET"]}}],"collection":[{"href":"https:\/\/forcadell.com\/en\/wp-json\/wp\/v2\/properties_post"}],"about":[{"href":"https:\/\/forcadell.com\/en\/wp-json\/wp\/v2\/types\/properties_post"}],"wp:attachment":[{"href":"https:\/\/forcadell.com\/en\/wp-json\/wp\/v2\/media?parent=83965"}],"curies":[{"name":"wp","href":"https:\/\/api.w.org\/{rel}","templated":true}]}}