{"id":83937,"date":"2026-08-04T08:28:59","date_gmt":"2026-08-04T06:28:59","guid":{"rendered":"https:\/\/forcadell.com\/propiedades\/plaza-de-parking-en-venta-junto-a-placa-de-la-universitat-ubicacion-centrica-y-alta-demanda-en-barcelona\/"},"modified":"2026-09-01T08:34:58","modified_gmt":"2026-09-01T06:34:58","slug":"plaza-de-parking-en-venta-junto-a-placa-de-la-universitat-ubicacion-centrica-y-alta-demanda-en-barcelona","status":"publish","type":"properties_post","link":"https:\/\/forcadell.com\/en\/propiedades\/plaza-de-parking-en-venta-junto-a-placa-de-la-universitat-ubicacion-centrica-y-alta-demanda-en-barcelona\/","title":{"rendered":"Plaza de parking en venta junto a Pla\u00e7a de la Universitat \u2013 Ubicaci\u00f3n c\u00e9ntrica y alta demanda en Barcelona"},"content":{"rendered":"<p>Se vende plaza de aparcamiento en la calle Torre i Amat 7, Barcelona, situada junto a Plaza Universitat, en pleno centro de la ciudad y en una zona de alta demanda de estacionamiento.<\/p>\n<p>La plaza dispone de f\u00e1cil acceso y c\u00f3moda maniobrabilidad, con buenas entradas y salidas al aparcamiento. El edificio cuenta con ascensor y sistema de c\u00e1maras de vigilancia, lo que proporciona comodidad y seguridad.<\/p>\n<p>Medidas de la plaza: 4,33 metros de largo por 1,97 metros de ancho, adecuada para coche de tama\u00f1o medio.<\/p>\n<p>Excelente oportunidad, tanto para uso propio como para inversi\u00f3n, en una ubicaci\u00f3n c\u00e9ntrica y muy solicitada. Para m\u00e1s informaci\u00f3n o concertar una visita, contactar sin compromiso.<\/p>\n","protected":false},"template":"","class_list":["post-83937","properties_post","type-properties_post","status-publish","hentry","properties_modality-sale","properties_district-ciutat-vella","properties_province-barcelona","properties_state-barcelona","properties_subclass-parking","properties_type-parking"],"acf":{"post_type_properties_post_property_code":"11248816","post_type_properties_post_property_reference":"EIX_3696","post_type_properties_post_owner_id":"","post_type_properties_post_owner_name":"","post_type_properties_post_property_code_encrypted":"MjQ5JDMzMzgz","post_type_properties_post_published":"1","post_type_properties_post_property_visibility":"idealista","post_type_properties_post_contact_name":"Forcadell Eixample","post_type_properties_post_contact_email":"forcadell.eixample@movin.cloud","post_type_properties_post_contact_primary_phone_prefix":"34","post_type_properties_post_contact_primary_phone_number":"934965408","post_type_properties_post_address_visibility":"street","post_type_properties_post_address_country":"Spain","post_type_properties_post_address_coordinates_precision":"exact","post_type_properties_post_address_postal_code":"08001","post_type_properties_post_address_coordinates_latitude":"41.3845457","post_type_properties_post_address_coordinates_longitude":"2.165004","post_type_properties_post_address_street_name":"C\/ Torres i Amat ","post_type_properties_post_address_floor":"","post_type_properties_post_address_town":"Barcelona","post_type_properties_post_building":null,"post_type_properties_post_property":[{"properties_post_description_language":"catalan","properties_post_title":"Pla\u00e7a d\u2019aparcament en venda al costat de la Pla\u00e7a de la Universitat \u2013 Ubicaci\u00f3 c\u00e8ntrica i alta demanda a Barcelona","properties_post_short_description_text_alt":"","properties_post_description_text_alt":"","properties_post_short_description_text":"Pla\u00e7a d\u2019aparcament en venda al costat de la Pla\u00e7a de la Universitat \u2013 Ubicaci\u00f3 c\u00e8ntrica i alta demanda a Barcelona","properties_post_link_demanda_inmueble":"https:\/\/movin.cloud\/ca\/Forcadell Eixample\/formulari-peticio-immoble\/sth\/1498&&11248816","properties_post_link_demanda_calendario_inmueble":"https:\/\/movin.cloud\/ca\/Forcadell Eixample\/calendari-peticio-immoble\/sth\/1498&&11248816","properties_post_description_text":"Es ven pla\u00e7a d\u2019aparcament al carrer de Torre i Amat 7, Barcelona, situada al costat de la Pla\u00e7a de la Universitat, en ple centre de la ciutat i en una zona amb alta demanda d\u2019aparcament. La pla\u00e7a disposa de f\u00e0cil acc\u00e9s i c\u00f2moda maniobrabilitat, amb bones entrades i sortides a l\u2019aparcament. L\u2019edifici compta amb ascensor i sistema de c\u00e0meres de vigil\u00e0ncia, fet que proporciona comoditat i seguretat.\n\nMides de la pla\u00e7a: 4,33 metres de llarg per 1,97 metres d\u2019ample, adequada per a cotxe de mida mitjana.\n\nExcel\u00b7lent oportunitat tant per a \u00fas propi com per a inversi\u00f3 en una ubicaci\u00f3 c\u00e8ntrica i molt sol\u00b7licitada. Per a m\u00e9s informaci\u00f3 o concertar una visita, contacteu sense comprom\u00eds.","properties_post_seo_title":"","properties_post_seo_alias":"","properties_post_seo_metadescription":"","properties_post_seo_key_words":"","properties_post_seo_url":"","properties_post_terms_conditions":""},{"properties_post_description_language":"spanish","properties_post_title":"Plaza de parking en venta junto a Pla\u00e7a de la Universitat \u2013 Ubicaci\u00f3n c\u00e9ntrica y alta demanda en Barcelona","properties_post_short_description_text_alt":"","properties_post_description_text_alt":"","properties_post_short_description_text":"Plaza de parking en venta junto a Pla\u00e7a de la Universitat \u2013 Ubicaci\u00f3n c\u00e9ntrica y alta demanda en Barcelona","properties_post_link_demanda_inmueble":"https:\/\/movin.cloud\/es\/Forcadell Eixample\/formulario-peticion-inmueble\/sth\/1498&&11248816","properties_post_link_demanda_calendario_inmueble":"https:\/\/movin.cloud\/es\/Forcadell Eixample\/calendario-peticion-inmueble\/sth\/1498&&11248816","properties_post_description_text":"Se vende plaza de aparcamiento en la calle Torre i Amat 7, Barcelona, situada junto a Plaza Universitat, en pleno centro de la ciudad y en una zona de alta demanda de estacionamiento.\n\nLa plaza dispone de f\u00e1cil acceso y c\u00f3moda maniobrabilidad, con buenas entradas y salidas al aparcamiento. El edificio cuenta con ascensor y sistema de c\u00e1maras de vigilancia, lo que proporciona comodidad y seguridad.\n\nMedidas de la plaza: 4,33 metros de largo por 1,97 metros de ancho, adecuada para coche de tama\u00f1o medio.\n\nExcelente oportunidad, tanto para uso propio como para inversi\u00f3n, en una ubicaci\u00f3n c\u00e9ntrica y muy solicitada. Para m\u00e1s informaci\u00f3n o concertar una visita, contactar sin compromiso.","properties_post_seo_title":"","properties_post_seo_alias":"","properties_post_seo_metadescription":"","properties_post_seo_key_words":"","properties_post_seo_url":"","properties_post_terms_conditions":""},{"properties_post_description_language":"english","properties_post_title":"Parking space for sale next to Pla\u00e7a de la Universitat \u2013 Central location and high demand in Barcelona","properties_post_short_description_text_alt":"","properties_post_description_text_alt":"","properties_post_short_description_text":"Parking space for sale next to Pla\u00e7a de la Universitat \u2013 Central location and high demand in Barcelona","properties_post_link_demanda_inmueble":"https:\/\/movin.cloud\/en\/Forcadell Eixample\/property-form-request\/sth\/1498&&11248816","properties_post_link_demanda_calendario_inmueble":"https:\/\/movin.cloud\/en\/Forcadell Eixample\/property-calendar-request\/sth\/1498&&11248816","properties_post_description_text":"Parking space for sale at Torre i Amat Street 7, Barcelona, located next to Pla\u00e7a de la Universitat, in the very heart of the city and in an area with high parking demand. The space offers easy access and comfortable manoeuvrability, with convenient entry and exit to the parking area. The building has a lift and a CCTV surveillance system, providing comfort and security.\n\nParking space dimensions: 4.33 metres long and 1.97 metres wide, suitable for a medium-sized car.\n\nExcellent opportunity both for personal use or investment in a central and highly sought-after location. For more information or to arrange a viewing, please contact us with no obligation.","properties_post_seo_title":"","properties_post_seo_alias":"","properties_post_seo_metadescription":"","properties_post_seo_key_words":"","properties_post_seo_url":"","properties_post_terms_conditions":""}],"post_type_properties_post_features_type":"garage","post_type_properties_post_id_building":"","post_type_properties_post_features_area_constructed":8,"post_type_properties_post_features_conditioned_air":false,"post_type_properties_post_features_doorman":false,"post_type_properties_post_features_heating":false,"post_type_properties_post_features_equipped_kitchen":false,"post_type_properties_post_features_windows_location":"","post_type_properties_post_features_floors_property":false,"post_type_properties_post_features_storage":false,"post_type_properties_post_features_security_door":false,"post_type_properties_post_features_energy_certificate_rating":"","post_type_properties_post_features_energy_certificate_emissions_rating":"","post_type_properties_post_features_energy_certificate_emissions_value":"","post_type_properties_post_features_energy_certificate_performance":"","post_type_properties_post_features_bathroom_inside":false,"post_type_properties_post_precio":17000,"post_type_properties_post_precio_alquiler":17000,"post_type_properties_post_record_type_id":"Parking","post_type_properties_post_categoria__producto":"Parking","post_type_properties_post_amueblado":false,"post_type_properties_post_precio_m2":2215.71,"post_type_properties_post_zona__comunitaria":false,"post_type_properties_post_electrodomesticos":false,"post_type_properties_post_patio__interior":false,"post_type_properties_post_certificado_energetico_general":"","post_type_properties_post_certificado_energetico_consumo":"X (Exento)","post_type_properties_post_certificado_energetico_valor_emisiones":"","post_type_properties_post_certificado_energetico_valor_consumo":"","post_type_properties_post_modalidad":"sale","post_type_properties_post_provincia":"Barcelona","post_type_properties_post_poblacion":"Barcelona","post_type_properties_post_centro__urbano":true,"post_type_properties_post_zonificacion":"","post_type_properties_post_cartera":"","post_type_properties_post_titulo_catalan":"Pla\u00e7a d\u2019aparcament en venda al costat de la Pla\u00e7a de la Universitat \u2013 Ubicaci\u00f3 c\u00e8ntrica i alta demanda a Barcelona","post_type_properties_post_internet_catalan":"Es ven pla\u00e7a d\u2019aparcament al carrer de Torre i Amat 7, Barcelona, situada al costat de la Pla\u00e7a de la Universitat, en ple centre de la ciutat i en una zona amb alta demanda d\u2019aparcament. La pla\u00e7a disposa de f\u00e0cil acc\u00e9s i c\u00f2moda maniobrabilitat, amb bones entrades i sortides a l\u2019aparcament. L\u2019edifici compta amb ascensor i sistema de c\u00e0meres de vigil\u00e0ncia, fet que proporciona comoditat i seguretat.\n\nMides de la pla\u00e7a: 4,33 metres de llarg per 1,97 metres d\u2019ample, adequada per a cotxe de mida mitjana.\n\nExcel\u00b7lent oportunitat tant per a \u00fas propi com per a inversi\u00f3 en una ubicaci\u00f3 c\u00e8ntrica i molt sol\u00b7licitada. Per a m\u00e9s informaci\u00f3 o concertar una visita, contacteu sense comprom\u00eds.","post_type_properties_post_titulo_castellano":"Plaza de parking en venta junto a Pla\u00e7a de la Universitat \u2013 Ubicaci\u00f3n c\u00e9ntrica y alta demanda en Barcelona","post_type_properties_post_internet_castellano":"Se vende plaza de aparcamiento en la calle Torre i Amat 7, Barcelona, situada junto a Plaza Universitat, en pleno centro de la ciudad y en una zona de alta demanda de estacionamiento.\n\nLa plaza dispone de f\u00e1cil acceso y c\u00f3moda maniobrabilidad, con buenas entradas y salidas al aparcamiento. El edificio cuenta con ascensor y sistema de c\u00e1maras de vigilancia, lo que proporciona comodidad y seguridad.\n\nMedidas de la plaza: 4,33 metros de largo por 1,97 metros de ancho, adecuada para coche de tama\u00f1o medio.\n\nExcelente oportunidad, tanto para uso propio como para inversi\u00f3n, en una ubicaci\u00f3n c\u00e9ntrica y muy solicitada. Para m\u00e1s informaci\u00f3n o concertar una visita, contactar sin compromiso.","post_type_properties_post_titulo_ingles":"Parking space for sale next to Pla\u00e7a de la Universitat \u2013 Central location and high demand in Barcelona","post_type_properties_post_internet_ingles":"Parking space for sale at Torre i Amat Street 7, Barcelona, located next to Pla\u00e7a de la Universitat, in the very heart of the city and in an area with high parking demand. The space offers easy access and comfortable manoeuvrability, with convenient entry and exit to the parking area. The building has a lift and a CCTV surveillance system, providing comfort and security.\n\nParking space dimensions: 4.33 metres long and 1.97 metres wide, suitable for a medium-sized car.\n\nExcellent opportunity both for personal use or investment in a central and highly sought-after location. For more information or to arrange a viewing, please contact us with no obligation.","post_type_properties_post_features_classification_commercial":false,"post_type_properties_post_features_conservation":"","post_type_properties_post_features_security_personnel":false,"post_type_properties_post_features_parking_available":false,"post_type_properties_post_features_garage_capacity_type":"unknown","post_type_properties_post_features_bathroom_number":"","post_type_properties_post_eje":"","post_type_properties_post_zona":"","post_type_properties_post_comarca":"","post_type_properties_post_features_built_year":"","post_type_properties_post_renta_mensual":"","post_type_properties_post_fianza":"","post_type_properties_post_features_area_plot":"","post_type_properties_post_features_area_buildable":"","post_type_properties_post_features_classification_industrial":false,"post_type_properties_post_distrito":"","post_type_properties_post_features_balcony":false,"post_type_properties_post_features_bedroom_number":"","post_type_properties_post_features_heating_type":"","post_type_properties_post_features_equipped_with_furniture":false,"post_type_properties_post_features_pets_allowed":false,"post_type_properties_post_features_pool":false,"post_type_properties_post_features_terrace":false,"post_type_properties_post_features_wardrobes":false,"post_type_properties_post_features_lift_available":false,"post_type_properties_post_features_handicap_adapted_access":false,"post_type_properties_post_features_orientation_east":false,"post_type_properties_post_features_orientation_west":false,"post_type_properties_post_features_orientation_north":false,"post_type_properties_post_features_orientation_south":false,"post_type_properties_post_features_parking_spaces_number":"","post_type_properties_post_features_security_alarm":false,"post_type_properties_post_features_security_system":false,"post_type_properties_post_open_plan":false,"post_type_properties_post_acceso_24_7":false,"post_type_properties_post_oficina_privada":false,"post_type_properties_post_sala_reuniones":false,"post_type_properties_post_espacio_eventos":false,"post_type_properties_post_office":false,"post_type_properties_post_restaurant":false,"post_type_properties_post_acepta_traspaso":false,"post_type_properties_post_vigilancia":false,"post_type_properties_post_features_suite":false,"post_type_properties_post_features_vitro":false,"post_type_properties_post_features_oven":false,"post_type_properties_post_features_microwave":false,"post_type_properties_post_features_washing_machine":false,"post_type_properties_post_features_dryer":false,"post_type_properties_post_features_dishwasher":false,"post_type_properties_post_features_fridge":false,"post_type_properties_post_features_fridge_mini":false,"post_type_properties_post_features_kettle":false,"post_type_properties_post_features_toaster":false,"post_type_properties_post_features_coffee_maker":false,"post_type_properties_post_features_iron":false,"post_type_properties_post_features_ironing_board":false,"post_type_properties_post_features_safe":false,"post_type_properties_post_features_internet":false,"post_type_properties_post_features_solarium":false,"post_type_properties_post_features_clean_service":false,"post_type_properties_post_features_t_v":false,"post_type_properties_post_features_satellite_t_v":false,"post_type_properties_post_features_gas_kitchen":false,"post_type_properties_post_features_view_mountain":false,"post_type_properties_post_features_view_sea":false,"post_type_properties_post_features_concierge":false,"post_type_properties_post_features_loading_dock":false,"post_type_properties_post_features_bridge_crane":false,"post_type_properties_post_features_located_at_corner":false,"post_type_properties_post_features_smoke_extraction":false,"post_type_properties_post_features_rooms":"","post_type_properties_post_features_garden_area":"","post_type_properties_post_features_utilities_water":false,"post_type_properties_post_features_utilities_electricity":false,"post_type_properties_post_features_utilities_natural_gas":false,"post_type_properties_post_features_building_adapted":false,"post_type_properties_post_features_garden":false,"post_type_properties_post_features_classification_hotel":false,"post_type_properties_post_features_classification_chalet":false,"post_type_properties_post_certificado_energetico_emisiones":"","post_type_properties_post_barrio":"","post_type_properties_post_distrito_empresa":"Ciutat Vella","post_type_properties_post_features_property_category_intern":"","post_type_properties_post_implantada":false,"post_type_properties_post_sello_leed":"","post_type_properties_post_sello_well":"","post_type_properties_post_sello_breeam":false,"post_type_properties_post_images":[{"properties_post_image_order":1,"properties_post_image_url":"https:\/\/movin.cloud\/empresas\/1498\/imagenes\/11248816\/compra-para-idealistas.webp","properties_post_image_url_thumbnail":"https:\/\/movin.cloud\/empresas\/1498\/imagenes\/thumbnails\/11248816\/compra-para-idealistas.webp","properties_post_title":"compra para idealistas","properties_post_alt":"compra para idealistas"},{"properties_post_image_order":2,"properties_post_image_url":"https:\/\/movin.cloud\/empresas\/1498\/imagenes\/11248816\/viviendas.webp","properties_post_image_url_thumbnail":"https:\/\/movin.cloud\/empresas\/1498\/imagenes\/thumbnails\/11248816\/viviendas.webp","properties_post_title":"viviendas","properties_post_alt":"viviendas"},{"properties_post_image_order":3,"properties_post_image_url":"https:\/\/movin.cloud\/empresas\/1498\/imagenes\/11248816\/venta-viviendas.webp","properties_post_image_url_thumbnail":"https:\/\/movin.cloud\/empresas\/1498\/imagenes\/thumbnails\/11248816\/venta-viviendas.webp","properties_post_title":"venta viviendas","properties_post_alt":"venta viviendas"},{"properties_post_image_order":4,"properties_post_image_url":"https:\/\/movin.cloud\/empresas\/1498\/imagenes\/11248816\/parkings.webp","properties_post_image_url_thumbnail":"https:\/\/movin.cloud\/empresas\/1498\/imagenes\/thumbnails\/11248816\/parkings.webp","properties_post_title":"parkings","properties_post_alt":"parkings"},{"properties_post_image_order":5,"properties_post_image_url":"https:\/\/movin.cloud\/empresas\/1498\/imagenes\/11248816\/compra.webp","properties_post_image_url_thumbnail":"https:\/\/movin.cloud\/empresas\/1498\/imagenes\/thumbnails\/11248816\/compra.webp","properties_post_title":"compra","properties_post_alt":"compra"},{"properties_post_image_order":6,"properties_post_image_url":"https:\/\/movin.cloud\/empresas\/1498\/imagenes\/11248816\/habitalia.webp","properties_post_image_url_thumbnail":"https:\/\/movin.cloud\/empresas\/1498\/imagenes\/thumbnails\/11248816\/habitalia.webp","properties_post_title":"habitalia","properties_post_alt":"habitalia"}],"post_type_properties_post_videos":[{"properties_post_video_url":"https:\/\/www.youtube.com\/watch?v=daJliQMBFas","properties_post_video_order":"999"}],"post_type_properties_post_tour":null,"post_type_properties_post_dossier_url":"","post_type_properties_post_operation_type":"sale","post_type_properties_post_operation_price":17000,"post_type_properties_post_features_hidden_price":false},"yoast_head":"<!-- This site is optimized with the Yoast SEO plugin v27.4 - https:\/\/yoast.com\/product\/yoast-seo-wordpress\/ -->\n<title>Plaza de parking en venta junto a Pla\u00e7a de la Universitat \u2013 Ubicaci\u00f3n c\u00e9ntrica y alta demanda en Barcelona<\/title>\n<meta name=\"description\" content=\"Plaza de parking en venta junto a Pla\u00e7a de la Universitat \u2013 Ubicaci\u00f3n c\u00e9ntrica y alta demanda en Barcelona\" \/>\n<meta name=\"robots\" content=\"index, follow, max-snippet:-1, max-image-preview:large, max-video-preview:-1\" \/>\n<link rel=\"canonical\" href=\"https:\/\/forcadell.com\/en\/propiedades\/plaza-de-parking-en-venta-junto-a-placa-de-la-universitat-ubicacion-centrica-y-alta-demanda-en-barcelona\/\" \/>\n<meta property=\"og:locale\" content=\"en_US\" \/>\n<meta property=\"og:type\" content=\"article\" \/>\n<meta property=\"og:title\" content=\"Plaza de parking en venta junto a Pla\u00e7a de la Universitat \u2013 Ubicaci\u00f3n c\u00e9ntrica y alta demanda en Barcelona\" \/>\n<meta property=\"og:description\" content=\"Plaza de parking en venta junto a Pla\u00e7a de la Universitat \u2013 Ubicaci\u00f3n c\u00e9ntrica y alta demanda en Barcelona\" \/>\n<meta property=\"og:url\" content=\"https:\/\/forcadell.com\/en\/propiedades\/plaza-de-parking-en-venta-junto-a-placa-de-la-universitat-ubicacion-centrica-y-alta-demanda-en-barcelona\/\" \/>\n<meta property=\"og:site_name\" content=\"Forcadell\" \/>\n<meta property=\"article:modified_time\" content=\"2026-09-01T06:34:58+00:00\" \/>\n<meta name=\"twitter:card\" content=\"summary_large_image\" \/>\n<meta name=\"twitter:label1\" content=\"Est. reading time\" \/>\n\t<meta name=\"twitter:data1\" content=\"1 minute\" \/>\n<script type=\"application\/ld+json\" class=\"yoast-schema-graph\">{\"@context\":\"https:\\\/\\\/schema.org\",\"@graph\":[{\"@type\":\"WebPage\",\"@id\":\"https:\\\/\\\/forcadell.com\\\/en\\\/propiedades\\\/plaza-de-parking-en-venta-junto-a-placa-de-la-universitat-ubicacion-centrica-y-alta-demanda-en-barcelona\\\/\",\"url\":\"https:\\\/\\\/forcadell.com\\\/en\\\/propiedades\\\/plaza-de-parking-en-venta-junto-a-placa-de-la-universitat-ubicacion-centrica-y-alta-demanda-en-barcelona\\\/\",\"name\":\"Plaza de parking en venta junto a Pla\u00e7a de la Universitat \u2013 Ubicaci\u00f3n c\u00e9ntrica y alta demanda en Barcelona\",\"isPartOf\":{\"@id\":\"https:\\\/\\\/forcadell.com\\\/en\\\/#website\"},\"datePublished\":\"2026-08-04T06:28:59+00:00\",\"dateModified\":\"2026-09-01T06:34:58+00:00\",\"description\":\"Plaza de parking en venta junto a Pla\u00e7a de la Universitat \u2013 Ubicaci\u00f3n c\u00e9ntrica y alta demanda en Barcelona\",\"breadcrumb\":{\"@id\":\"https:\\\/\\\/forcadell.com\\\/en\\\/propiedades\\\/plaza-de-parking-en-venta-junto-a-placa-de-la-universitat-ubicacion-centrica-y-alta-demanda-en-barcelona\\\/#breadcrumb\"},\"inLanguage\":\"en-US\",\"potentialAction\":[{\"@type\":\"ReadAction\",\"target\":[\"https:\\\/\\\/forcadell.com\\\/en\\\/propiedades\\\/plaza-de-parking-en-venta-junto-a-placa-de-la-universitat-ubicacion-centrica-y-alta-demanda-en-barcelona\\\/\"]}]},{\"@type\":\"BreadcrumbList\",\"@id\":\"https:\\\/\\\/forcadell.com\\\/en\\\/propiedades\\\/plaza-de-parking-en-venta-junto-a-placa-de-la-universitat-ubicacion-centrica-y-alta-demanda-en-barcelona\\\/#breadcrumb\",\"itemListElement\":[{\"@type\":\"ListItem\",\"position\":1,\"name\":\"Portada\",\"item\":\"https:\\\/\\\/forcadell.com\\\/en\\\/\"},{\"@type\":\"ListItem\",\"position\":2,\"name\":\"Properties\",\"item\":\"https:\\\/\\\/forcadell.com\\\/en\\\/propiedades\\\/\"},{\"@type\":\"ListItem\",\"position\":3,\"name\":\"Plaza de parking en venta junto a Pla\u00e7a de la Universitat \u2013 Ubicaci\u00f3n c\u00e9ntrica y alta demanda en Barcelona\"}]},{\"@type\":\"WebSite\",\"@id\":\"https:\\\/\\\/forcadell.com\\\/en\\\/#website\",\"url\":\"https:\\\/\\\/forcadell.com\\\/en\\\/\",\"name\":\"Forcadell\",\"description\":\"Inmobiliaria Barcelona | Consultores inmobiliarios\",\"potentialAction\":[{\"@type\":\"SearchAction\",\"target\":{\"@type\":\"EntryPoint\",\"urlTemplate\":\"https:\\\/\\\/forcadell.com\\\/en\\\/?s={search_term_string}\"},\"query-input\":{\"@type\":\"PropertyValueSpecification\",\"valueRequired\":true,\"valueName\":\"search_term_string\"}}],\"inLanguage\":\"en-US\"}]}<\/script>\n<!-- \/ Yoast SEO plugin. -->","yoast_head_json":{"title":"Plaza de parking en venta junto a Pla\u00e7a de la Universitat \u2013 Ubicaci\u00f3n c\u00e9ntrica y alta demanda en Barcelona","description":"Plaza de parking en venta junto a Pla\u00e7a de la Universitat \u2013 Ubicaci\u00f3n c\u00e9ntrica y alta demanda en Barcelona","robots":{"index":"index","follow":"follow","max-snippet":"max-snippet:-1","max-image-preview":"max-image-preview:large","max-video-preview":"max-video-preview:-1"},"canonical":"https:\/\/forcadell.com\/en\/propiedades\/plaza-de-parking-en-venta-junto-a-placa-de-la-universitat-ubicacion-centrica-y-alta-demanda-en-barcelona\/","og_locale":"en_US","og_type":"article","og_title":"Plaza de parking en venta junto a Pla\u00e7a de la Universitat \u2013 Ubicaci\u00f3n c\u00e9ntrica y alta demanda en Barcelona","og_description":"Plaza de parking en venta junto a Pla\u00e7a de la Universitat \u2013 Ubicaci\u00f3n c\u00e9ntrica y alta demanda en Barcelona","og_url":"https:\/\/forcadell.com\/en\/propiedades\/plaza-de-parking-en-venta-junto-a-placa-de-la-universitat-ubicacion-centrica-y-alta-demanda-en-barcelona\/","og_site_name":"Forcadell","article_modified_time":"2026-09-01T06:34:58+00:00","twitter_card":"summary_large_image","twitter_misc":{"Est. reading time":"1 minute"},"schema":{"@context":"https:\/\/schema.org","@graph":[{"@type":"WebPage","@id":"https:\/\/forcadell.com\/en\/propiedades\/plaza-de-parking-en-venta-junto-a-placa-de-la-universitat-ubicacion-centrica-y-alta-demanda-en-barcelona\/","url":"https:\/\/forcadell.com\/en\/propiedades\/plaza-de-parking-en-venta-junto-a-placa-de-la-universitat-ubicacion-centrica-y-alta-demanda-en-barcelona\/","name":"Plaza de parking en venta junto a Pla\u00e7a de la Universitat \u2013 Ubicaci\u00f3n c\u00e9ntrica y alta demanda en Barcelona","isPartOf":{"@id":"https:\/\/forcadell.com\/en\/#website"},"datePublished":"2026-08-04T06:28:59+00:00","dateModified":"2026-09-01T06:34:58+00:00","description":"Plaza de parking en venta junto a Pla\u00e7a de la Universitat \u2013 Ubicaci\u00f3n c\u00e9ntrica y alta demanda en Barcelona","breadcrumb":{"@id":"https:\/\/forcadell.com\/en\/propiedades\/plaza-de-parking-en-venta-junto-a-placa-de-la-universitat-ubicacion-centrica-y-alta-demanda-en-barcelona\/#breadcrumb"},"inLanguage":"en-US","potentialAction":[{"@type":"ReadAction","target":["https:\/\/forcadell.com\/en\/propiedades\/plaza-de-parking-en-venta-junto-a-placa-de-la-universitat-ubicacion-centrica-y-alta-demanda-en-barcelona\/"]}]},{"@type":"BreadcrumbList","@id":"https:\/\/forcadell.com\/en\/propiedades\/plaza-de-parking-en-venta-junto-a-placa-de-la-universitat-ubicacion-centrica-y-alta-demanda-en-barcelona\/#breadcrumb","itemListElement":[{"@type":"ListItem","position":1,"name":"Portada","item":"https:\/\/forcadell.com\/en\/"},{"@type":"ListItem","position":2,"name":"Properties","item":"https:\/\/forcadell.com\/en\/propiedades\/"},{"@type":"ListItem","position":3,"name":"Plaza de parking en venta junto a Pla\u00e7a de la Universitat \u2013 Ubicaci\u00f3n c\u00e9ntrica y alta demanda en Barcelona"}]},{"@type":"WebSite","@id":"https:\/\/forcadell.com\/en\/#website","url":"https:\/\/forcadell.com\/en\/","name":"Forcadell","description":"Inmobiliaria Barcelona | Consultores inmobiliarios","potentialAction":[{"@type":"SearchAction","target":{"@type":"EntryPoint","urlTemplate":"https:\/\/forcadell.com\/en\/?s={search_term_string}"},"query-input":{"@type":"PropertyValueSpecification","valueRequired":true,"valueName":"search_term_string"}}],"inLanguage":"en-US"}]}},"_links":{"self":[{"href":"https:\/\/forcadell.com\/en\/wp-json\/wp\/v2\/properties_post\/83937","targetHints":{"allow":["GET"]}}],"collection":[{"href":"https:\/\/forcadell.com\/en\/wp-json\/wp\/v2\/properties_post"}],"about":[{"href":"https:\/\/forcadell.com\/en\/wp-json\/wp\/v2\/types\/properties_post"}],"wp:attachment":[{"href":"https:\/\/forcadell.com\/en\/wp-json\/wp\/v2\/media?parent=83937"}],"curies":[{"name":"wp","href":"https:\/\/api.w.org\/{rel}","templated":true}]}}