{"id":83932,"date":"2026-08-04T08:28:36","date_gmt":"2026-08-04T06:28:36","guid":{"rendered":"https:\/\/forcadell.com\/propiedades\/plaza-de-aparcamiento-en-venta-junto-a-la-plaza-universitat\/"},"modified":"2026-09-01T08:34:54","modified_gmt":"2026-09-01T06:34:54","slug":"plaza-de-aparcamiento-en-venta-junto-a-la-plaza-universitat","status":"publish","type":"properties_post","link":"https:\/\/forcadell.com\/en\/propiedades\/plaza-de-aparcamiento-en-venta-junto-a-la-plaza-universitat\/","title":{"rendered":"Plaza de aparcamiento en venta junto a la plaza Universitat"},"content":{"rendered":"<p>Situada en la calle Joaquim Costa, entre Ronda Sant Antoni y la Plaza Universitat, esta plaza es una oportunidad ideal para quien desee aparcar c\u00f3modamente en el coraz\u00f3n de la ciudad. Con unas medidas de 1,90 m de ancho por 4,50 m de largo.<\/p>\n<p>El aparcamiento es amplio, con rampa y pasillos anchos que facilitan las maniobras. Su ubicaci\u00f3n es inmejorable: a pocos minutos de Plaza Universitat, Plaza Catalunya, Las Ramblas y el Mercado de Sant Antoni, en una zona viva, segura y con todos los servicios al alcance.<\/p>\n<p>\u00a1Una excelente oportunidad tanto para uso propio como para inversi\u00f3n!<\/p>\n","protected":false},"template":"","class_list":["post-83932","properties_post","type-properties_post","status-publish","hentry","properties_modality-sale","properties_district-eixample","properties_province-barcelona","properties_state-barcelona","properties_subclass-parking","properties_type-parking"],"acf":{"post_type_properties_post_property_code":"11248101","post_type_properties_post_property_reference":"EIX_3576","post_type_properties_post_owner_id":"261228","post_type_properties_post_owner_name":"Jose Moreno Perdices","post_type_properties_post_property_code_encrypted":"MjQ5JDMyNjY4","post_type_properties_post_published":"1","post_type_properties_post_property_visibility":"idealista","post_type_properties_post_contact_name":"Forcadell Eixample","post_type_properties_post_contact_email":"forcadell.eixample@movin.cloud","post_type_properties_post_contact_primary_phone_prefix":"34","post_type_properties_post_contact_primary_phone_number":"934965408","post_type_properties_post_address_visibility":"street","post_type_properties_post_address_country":"Spain","post_type_properties_post_address_coordinates_precision":"exact","post_type_properties_post_address_postal_code":"08001","post_type_properties_post_address_coordinates_latitude":"41.3823212","post_type_properties_post_address_coordinates_longitude":"2.1660337","post_type_properties_post_address_street_name":"C\/ Ronda Universitat","post_type_properties_post_address_floor":"","post_type_properties_post_address_town":"Barcelona","post_type_properties_post_building":null,"post_type_properties_post_property":[{"properties_post_description_language":"catalan","properties_post_title":"Pla\u00e7a d'aparcament en venda al costat de la pla\u00e7a Universitat","properties_post_short_description_text_alt":"","properties_post_description_text_alt":"","properties_post_short_description_text":"Pla\u00e7a d'aparcament en venda al costat de la pla\u00e7a Universitat","properties_post_link_demanda_inmueble":"https:\/\/movin.cloud\/ca\/Forcadell Eixample\/formulari-peticio-immoble\/sth\/1498&&11248101","properties_post_link_demanda_calendario_inmueble":"https:\/\/movin.cloud\/ca\/Forcadell Eixample\/calendari-peticio-immoble\/sth\/1498&&11248101","properties_post_description_text":"Situada al carrer Joaquim Costa, entre Ronda Sant Antoni i la Pla\u00e7a Universitat, aquesta pla\u00e7a \u00e9s una oportunitat ideal per qui vulgui aparcar c\u00f2modament al cor de la ciutat. \n\nAmb unes mides de 1,90 m d\u2019ample per 4,50 m de llarg. L\u2019aparcament \u00e9s ampli, amb rampa i passadissos amples que faciliten les maniobres. La seva ubicaci\u00f3 \u00e9s immillorable: a pocs minuts de Pla\u00e7a Universitat, Pla\u00e7a Catalunya, les Rambles i el Mercat de Sant Antoni, en una zona viva, segura i amb tots els serveis a l\u2019abast. \n\nUna excel\u00b7lent oportunitat tant per a \u00fas propi com per a inversi\u00f3!","properties_post_seo_title":"","properties_post_seo_alias":"","properties_post_seo_metadescription":"","properties_post_seo_key_words":"","properties_post_seo_url":"","properties_post_terms_conditions":""},{"properties_post_description_language":"spanish","properties_post_title":"Plaza de aparcamiento en venta junto a la plaza Universitat","properties_post_short_description_text_alt":"","properties_post_description_text_alt":"","properties_post_short_description_text":"Plaza de aparcamiento en venta junto a la plaza Universitat","properties_post_link_demanda_inmueble":"https:\/\/movin.cloud\/es\/Forcadell Eixample\/formulario-peticion-inmueble\/sth\/1498&&11248101","properties_post_link_demanda_calendario_inmueble":"https:\/\/movin.cloud\/es\/Forcadell Eixample\/calendario-peticion-inmueble\/sth\/1498&&11248101","properties_post_description_text":"Situada en la calle Joaquim Costa, entre Ronda Sant Antoni y la Plaza Universitat, esta plaza es una oportunidad ideal para quien desee aparcar c\u00f3modamente en el coraz\u00f3n de la ciudad. Con unas medidas de 1,90 m de ancho por 4,50 m de largo.\n\nEl aparcamiento es amplio, con rampa y pasillos anchos que facilitan las maniobras. Su ubicaci\u00f3n es inmejorable: a pocos minutos de Plaza Universitat, Plaza Catalunya, Las Ramblas y el Mercado de Sant Antoni, en una zona viva, segura y con todos los servicios al alcance.\n\n\u00a1Una excelente oportunidad tanto para uso propio como para inversi\u00f3n!","properties_post_seo_title":"","properties_post_seo_alias":"","properties_post_seo_metadescription":"","properties_post_seo_key_words":"","properties_post_seo_url":"","properties_post_terms_conditions":""},{"properties_post_description_language":"english","properties_post_title":"Parking space for sale next to Pla\u00e7a Universitat","properties_post_short_description_text_alt":"","properties_post_description_text_alt":"","properties_post_short_description_text":"Parking space for sale next to Pla\u00e7a Universitat","properties_post_link_demanda_inmueble":"https:\/\/movin.cloud\/en\/Forcadell Eixample\/property-form-request\/sth\/1498&&11248101","properties_post_link_demanda_calendario_inmueble":"https:\/\/movin.cloud\/en\/Forcadell Eixample\/property-calendar-request\/sth\/1498&&11248101","properties_post_description_text":"Located on Joaquim Costa Street, between Ronda Sant Antoni and Pla\u00e7a Universitat, this parking space is an ideal opportunity for those who want to park comfortably in the heart of the city. It measures 1.90 m wide by 4.50 m long.\n\nThe parking area is spacious, with a ramp and wide corridors that make maneuvering easy. Its location is unbeatable\u2014just a few minutes from Pla\u00e7a Universitat, Pla\u00e7a Catalunya, Las Ramblas, and the Sant Antoni Market, in a lively, safe area with all services nearby.\n\nAn excellent opportunity for both personal use and investment!","properties_post_seo_title":"","properties_post_seo_alias":"","properties_post_seo_metadescription":"","properties_post_seo_key_words":"","properties_post_seo_url":"","properties_post_terms_conditions":""}],"post_type_properties_post_features_type":"garage","post_type_properties_post_id_building":"","post_type_properties_post_features_area_constructed":8,"post_type_properties_post_features_conditioned_air":false,"post_type_properties_post_features_doorman":false,"post_type_properties_post_features_heating":false,"post_type_properties_post_features_equipped_kitchen":false,"post_type_properties_post_features_windows_location":"","post_type_properties_post_features_floors_property":false,"post_type_properties_post_features_storage":false,"post_type_properties_post_features_security_door":false,"post_type_properties_post_features_energy_certificate_rating":"","post_type_properties_post_features_energy_certificate_emissions_rating":"","post_type_properties_post_features_energy_certificate_emissions_value":"","post_type_properties_post_features_energy_certificate_performance":"","post_type_properties_post_features_bathroom_inside":false,"post_type_properties_post_precio":15000,"post_type_properties_post_precio_alquiler":15000,"post_type_properties_post_record_type_id":"Parking","post_type_properties_post_categoria__producto":"Parking","post_type_properties_post_amueblado":false,"post_type_properties_post_precio_m2":2105.26,"post_type_properties_post_zona__comunitaria":false,"post_type_properties_post_electrodomesticos":false,"post_type_properties_post_patio__interior":false,"post_type_properties_post_certificado_energetico_general":"","post_type_properties_post_certificado_energetico_consumo":"X (Exento)","post_type_properties_post_certificado_energetico_valor_emisiones":"","post_type_properties_post_certificado_energetico_valor_consumo":"","post_type_properties_post_modalidad":"sale","post_type_properties_post_provincia":"Barcelona","post_type_properties_post_poblacion":"Barcelona","post_type_properties_post_centro__urbano":true,"post_type_properties_post_zonificacion":"","post_type_properties_post_cartera":"","post_type_properties_post_titulo_catalan":"Pla\u00e7a d'aparcament en venda al costat de la pla\u00e7a Universitat","post_type_properties_post_internet_catalan":"Situada al carrer Joaquim Costa, entre Ronda Sant Antoni i la Pla\u00e7a Universitat, aquesta pla\u00e7a \u00e9s una oportunitat ideal per qui vulgui aparcar c\u00f2modament al cor de la ciutat. \n\nAmb unes mides de 1,90 m d\u2019ample per 4,50 m de llarg. L\u2019aparcament \u00e9s ampli, amb rampa i passadissos amples que faciliten les maniobres. La seva ubicaci\u00f3 \u00e9s immillorable: a pocs minuts de Pla\u00e7a Universitat, Pla\u00e7a Catalunya, les Rambles i el Mercat de Sant Antoni, en una zona viva, segura i amb tots els serveis a l\u2019abast. \n\nUna excel\u00b7lent oportunitat tant per a \u00fas propi com per a inversi\u00f3!","post_type_properties_post_titulo_castellano":"Plaza de aparcamiento en venta junto a la plaza Universitat","post_type_properties_post_internet_castellano":"Situada en la calle Joaquim Costa, entre Ronda Sant Antoni y la Plaza Universitat, esta plaza es una oportunidad ideal para quien desee aparcar c\u00f3modamente en el coraz\u00f3n de la ciudad. Con unas medidas de 1,90 m de ancho por 4,50 m de largo.\n\nEl aparcamiento es amplio, con rampa y pasillos anchos que facilitan las maniobras. Su ubicaci\u00f3n es inmejorable: a pocos minutos de Plaza Universitat, Plaza Catalunya, Las Ramblas y el Mercado de Sant Antoni, en una zona viva, segura y con todos los servicios al alcance.\n\n\u00a1Una excelente oportunidad tanto para uso propio como para inversi\u00f3n!","post_type_properties_post_titulo_ingles":"Parking space for sale next to Pla\u00e7a Universitat","post_type_properties_post_internet_ingles":"Located on Joaquim Costa Street, between Ronda Sant Antoni and Pla\u00e7a Universitat, this parking space is an ideal opportunity for those who want to park comfortably in the heart of the city. It measures 1.90 m wide by 4.50 m long.\n\nThe parking area is spacious, with a ramp and wide corridors that make maneuvering easy. Its location is unbeatable\u2014just a few minutes from Pla\u00e7a Universitat, Pla\u00e7a Catalunya, Las Ramblas, and the Sant Antoni Market, in a lively, safe area with all services nearby.\n\nAn excellent opportunity for both personal use and investment!","post_type_properties_post_features_classification_commercial":false,"post_type_properties_post_features_conservation":"","post_type_properties_post_features_security_personnel":false,"post_type_properties_post_features_parking_available":false,"post_type_properties_post_features_garage_capacity_type":"unknown","post_type_properties_post_features_bathroom_number":"","post_type_properties_post_eje":"","post_type_properties_post_zona":"","post_type_properties_post_comarca":"","post_type_properties_post_features_built_year":"","post_type_properties_post_renta_mensual":"","post_type_properties_post_fianza":"","post_type_properties_post_features_area_plot":"","post_type_properties_post_features_area_buildable":"","post_type_properties_post_features_classification_industrial":false,"post_type_properties_post_distrito":"","post_type_properties_post_features_balcony":false,"post_type_properties_post_features_bedroom_number":"","post_type_properties_post_features_heating_type":"","post_type_properties_post_features_equipped_with_furniture":false,"post_type_properties_post_features_pets_allowed":false,"post_type_properties_post_features_pool":false,"post_type_properties_post_features_terrace":false,"post_type_properties_post_features_wardrobes":false,"post_type_properties_post_features_lift_available":false,"post_type_properties_post_features_handicap_adapted_access":false,"post_type_properties_post_features_orientation_east":false,"post_type_properties_post_features_orientation_west":false,"post_type_properties_post_features_orientation_north":false,"post_type_properties_post_features_orientation_south":false,"post_type_properties_post_features_parking_spaces_number":"","post_type_properties_post_features_security_alarm":false,"post_type_properties_post_features_security_system":false,"post_type_properties_post_open_plan":false,"post_type_properties_post_acceso_24_7":false,"post_type_properties_post_oficina_privada":false,"post_type_properties_post_sala_reuniones":false,"post_type_properties_post_espacio_eventos":false,"post_type_properties_post_office":false,"post_type_properties_post_restaurant":false,"post_type_properties_post_acepta_traspaso":false,"post_type_properties_post_vigilancia":false,"post_type_properties_post_features_suite":false,"post_type_properties_post_features_vitro":false,"post_type_properties_post_features_oven":false,"post_type_properties_post_features_microwave":false,"post_type_properties_post_features_washing_machine":false,"post_type_properties_post_features_dryer":false,"post_type_properties_post_features_dishwasher":false,"post_type_properties_post_features_fridge":false,"post_type_properties_post_features_fridge_mini":false,"post_type_properties_post_features_kettle":false,"post_type_properties_post_features_toaster":false,"post_type_properties_post_features_coffee_maker":false,"post_type_properties_post_features_iron":false,"post_type_properties_post_features_ironing_board":false,"post_type_properties_post_features_safe":false,"post_type_properties_post_features_internet":false,"post_type_properties_post_features_solarium":false,"post_type_properties_post_features_clean_service":false,"post_type_properties_post_features_t_v":false,"post_type_properties_post_features_satellite_t_v":false,"post_type_properties_post_features_gas_kitchen":false,"post_type_properties_post_features_view_mountain":false,"post_type_properties_post_features_view_sea":false,"post_type_properties_post_features_concierge":false,"post_type_properties_post_features_loading_dock":false,"post_type_properties_post_features_bridge_crane":false,"post_type_properties_post_features_located_at_corner":false,"post_type_properties_post_features_smoke_extraction":false,"post_type_properties_post_features_rooms":"","post_type_properties_post_features_garden_area":"","post_type_properties_post_features_utilities_water":false,"post_type_properties_post_features_utilities_electricity":false,"post_type_properties_post_features_utilities_natural_gas":false,"post_type_properties_post_features_building_adapted":false,"post_type_properties_post_features_garden":false,"post_type_properties_post_features_classification_hotel":false,"post_type_properties_post_features_classification_chalet":false,"post_type_properties_post_certificado_energetico_emisiones":"","post_type_properties_post_barrio":"","post_type_properties_post_distrito_empresa":"Eixample","post_type_properties_post_features_property_category_intern":"","post_type_properties_post_implantada":false,"post_type_properties_post_sello_leed":"","post_type_properties_post_sello_well":"","post_type_properties_post_sello_breeam":false,"post_type_properties_post_images":[{"properties_post_image_order":1,"properties_post_image_url":"https:\/\/movin.cloud\/empresas\/1498\/imagenes\/11248101\/inmobiliaria.webp","properties_post_image_url_thumbnail":"https:\/\/movin.cloud\/empresas\/1498\/imagenes\/thumbnails\/11248101\/inmobiliaria.webp","properties_post_title":"inmobiliaria","properties_post_alt":"inmobiliaria"},{"properties_post_image_order":2,"properties_post_image_url":"https:\/\/movin.cloud\/empresas\/1498\/imagenes\/11248101\/venta-viviendas-barcelona.webp","properties_post_image_url_thumbnail":"https:\/\/movin.cloud\/empresas\/1498\/imagenes\/thumbnails\/11248101\/venta-viviendas-barcelona.webp","properties_post_title":"venta viviendas barcelona","properties_post_alt":"venta viviendas barcelona"},{"properties_post_image_order":3,"properties_post_image_url":"https:\/\/movin.cloud\/empresas\/1498\/imagenes\/11248101\/viviendas.webp","properties_post_image_url_thumbnail":"https:\/\/movin.cloud\/empresas\/1498\/imagenes\/thumbnails\/11248101\/viviendas.webp","properties_post_title":"viviendas","properties_post_alt":"viviendas"},{"properties_post_image_order":4,"properties_post_image_url":"https:\/\/movin.cloud\/empresas\/1498\/imagenes\/11248101\/venta.webp","properties_post_image_url_thumbnail":"https:\/\/movin.cloud\/empresas\/1498\/imagenes\/thumbnails\/11248101\/venta.webp","properties_post_title":"venta","properties_post_alt":"venta"},{"properties_post_image_order":5,"properties_post_image_url":"https:\/\/movin.cloud\/empresas\/1498\/imagenes\/11248101\/compra-barcelona.webp","properties_post_image_url_thumbnail":"https:\/\/movin.cloud\/empresas\/1498\/imagenes\/thumbnails\/11248101\/compra-barcelona.webp","properties_post_title":"compra barcelona","properties_post_alt":"compra barcelona"},{"properties_post_image_order":6,"properties_post_image_url":"https:\/\/movin.cloud\/empresas\/1498\/imagenes\/11248101\/parkings-barcelona.webp","properties_post_image_url_thumbnail":"https:\/\/movin.cloud\/empresas\/1498\/imagenes\/thumbnails\/11248101\/parkings-barcelona.webp","properties_post_title":"parkings barcelona","properties_post_alt":"parkings barcelona"},{"properties_post_image_order":7,"properties_post_image_url":"https:\/\/movin.cloud\/empresas\/1498\/imagenes\/11248101\/inmobiliarias.webp","properties_post_image_url_thumbnail":"https:\/\/movin.cloud\/empresas\/1498\/imagenes\/thumbnails\/11248101\/inmobiliarias.webp","properties_post_title":"inmobiliarias","properties_post_alt":"inmobiliarias"},{"properties_post_image_order":8,"properties_post_image_url":"https:\/\/movin.cloud\/empresas\/1498\/imagenes\/11248101\/parkings.webp","properties_post_image_url_thumbnail":"https:\/\/movin.cloud\/empresas\/1498\/imagenes\/thumbnails\/11248101\/parkings.webp","properties_post_title":"parkings","properties_post_alt":"parkings"},{"properties_post_image_order":9,"properties_post_image_url":"https:\/\/movin.cloud\/empresas\/1498\/imagenes\/11248101\/habitalia.webp","properties_post_image_url_thumbnail":"https:\/\/movin.cloud\/empresas\/1498\/imagenes\/thumbnails\/11248101\/habitalia.webp","properties_post_title":"habitalia","properties_post_alt":"habitalia"},{"properties_post_image_order":10,"properties_post_image_url":"https:\/\/movin.cloud\/empresas\/1498\/imagenes\/11248101\/compra-para-idealistas.webp","properties_post_image_url_thumbnail":"https:\/\/movin.cloud\/empresas\/1498\/imagenes\/thumbnails\/11248101\/compra-para-idealistas.webp","properties_post_title":"compra para idealistas","properties_post_alt":"compra para idealistas"},{"properties_post_image_order":11,"properties_post_image_url":"https:\/\/movin.cloud\/empresas\/1498\/imagenes\/11248101\/compra-para-idealistas-barcelona.webp","properties_post_image_url_thumbnail":"https:\/\/movin.cloud\/empresas\/1498\/imagenes\/thumbnails\/11248101\/compra-para-idealistas-barcelona.webp","properties_post_title":"compra para idealistas barcelona","properties_post_alt":"compra para idealistas barcelona"},{"properties_post_image_order":12,"properties_post_image_url":"https:\/\/movin.cloud\/empresas\/1498\/imagenes\/11248101\/fincas.webp","properties_post_image_url_thumbnail":"https:\/\/movin.cloud\/empresas\/1498\/imagenes\/thumbnails\/11248101\/fincas.webp","properties_post_title":"fincas","properties_post_alt":"fincas"}],"post_type_properties_post_videos":null,"post_type_properties_post_tour":null,"post_type_properties_post_dossier_url":"","post_type_properties_post_operation_type":"sale","post_type_properties_post_operation_price":15000,"post_type_properties_post_features_hidden_price":false},"yoast_head":"<!-- This site is optimized with the Yoast SEO plugin v27.4 - https:\/\/yoast.com\/product\/yoast-seo-wordpress\/ -->\n<title>Plaza de aparcamiento en venta junto a la plaza Universitat<\/title>\n<meta name=\"description\" content=\"Plaza de aparcamiento en venta junto a la plaza Universitat\" \/>\n<meta name=\"robots\" content=\"index, follow, max-snippet:-1, max-image-preview:large, max-video-preview:-1\" \/>\n<link rel=\"canonical\" href=\"https:\/\/forcadell.com\/en\/propiedades\/plaza-de-aparcamiento-en-venta-junto-a-la-plaza-universitat\/\" \/>\n<meta property=\"og:locale\" content=\"en_US\" \/>\n<meta property=\"og:type\" content=\"article\" \/>\n<meta property=\"og:title\" content=\"Plaza de aparcamiento en venta junto a la plaza Universitat\" \/>\n<meta property=\"og:description\" content=\"Plaza de aparcamiento en venta junto a la plaza Universitat\" \/>\n<meta property=\"og:url\" content=\"https:\/\/forcadell.com\/en\/propiedades\/plaza-de-aparcamiento-en-venta-junto-a-la-plaza-universitat\/\" \/>\n<meta property=\"og:site_name\" content=\"Forcadell\" \/>\n<meta property=\"article:modified_time\" content=\"2026-09-01T06:34:54+00:00\" \/>\n<meta name=\"twitter:card\" content=\"summary_large_image\" \/>\n<meta name=\"twitter:label1\" content=\"Est. reading time\" \/>\n\t<meta name=\"twitter:data1\" content=\"1 minute\" \/>\n<script type=\"application\/ld+json\" class=\"yoast-schema-graph\">{\"@context\":\"https:\\\/\\\/schema.org\",\"@graph\":[{\"@type\":\"WebPage\",\"@id\":\"https:\\\/\\\/forcadell.com\\\/en\\\/propiedades\\\/plaza-de-aparcamiento-en-venta-junto-a-la-plaza-universitat\\\/\",\"url\":\"https:\\\/\\\/forcadell.com\\\/en\\\/propiedades\\\/plaza-de-aparcamiento-en-venta-junto-a-la-plaza-universitat\\\/\",\"name\":\"Plaza de aparcamiento en venta junto a la plaza Universitat\",\"isPartOf\":{\"@id\":\"https:\\\/\\\/forcadell.com\\\/en\\\/#website\"},\"datePublished\":\"2026-08-04T06:28:36+00:00\",\"dateModified\":\"2026-09-01T06:34:54+00:00\",\"description\":\"Plaza de aparcamiento en venta junto a la plaza Universitat\",\"breadcrumb\":{\"@id\":\"https:\\\/\\\/forcadell.com\\\/en\\\/propiedades\\\/plaza-de-aparcamiento-en-venta-junto-a-la-plaza-universitat\\\/#breadcrumb\"},\"inLanguage\":\"en-US\",\"potentialAction\":[{\"@type\":\"ReadAction\",\"target\":[\"https:\\\/\\\/forcadell.com\\\/en\\\/propiedades\\\/plaza-de-aparcamiento-en-venta-junto-a-la-plaza-universitat\\\/\"]}]},{\"@type\":\"BreadcrumbList\",\"@id\":\"https:\\\/\\\/forcadell.com\\\/en\\\/propiedades\\\/plaza-de-aparcamiento-en-venta-junto-a-la-plaza-universitat\\\/#breadcrumb\",\"itemListElement\":[{\"@type\":\"ListItem\",\"position\":1,\"name\":\"Portada\",\"item\":\"https:\\\/\\\/forcadell.com\\\/en\\\/\"},{\"@type\":\"ListItem\",\"position\":2,\"name\":\"Properties\",\"item\":\"https:\\\/\\\/forcadell.com\\\/en\\\/propiedades\\\/\"},{\"@type\":\"ListItem\",\"position\":3,\"name\":\"Plaza de aparcamiento en venta junto a la plaza Universitat\"}]},{\"@type\":\"WebSite\",\"@id\":\"https:\\\/\\\/forcadell.com\\\/en\\\/#website\",\"url\":\"https:\\\/\\\/forcadell.com\\\/en\\\/\",\"name\":\"Forcadell\",\"description\":\"Inmobiliaria Barcelona | Consultores inmobiliarios\",\"potentialAction\":[{\"@type\":\"SearchAction\",\"target\":{\"@type\":\"EntryPoint\",\"urlTemplate\":\"https:\\\/\\\/forcadell.com\\\/en\\\/?s={search_term_string}\"},\"query-input\":{\"@type\":\"PropertyValueSpecification\",\"valueRequired\":true,\"valueName\":\"search_term_string\"}}],\"inLanguage\":\"en-US\"}]}<\/script>\n<!-- \/ Yoast SEO plugin. -->","yoast_head_json":{"title":"Plaza de aparcamiento en venta junto a la plaza Universitat","description":"Plaza de aparcamiento en venta junto a la plaza Universitat","robots":{"index":"index","follow":"follow","max-snippet":"max-snippet:-1","max-image-preview":"max-image-preview:large","max-video-preview":"max-video-preview:-1"},"canonical":"https:\/\/forcadell.com\/en\/propiedades\/plaza-de-aparcamiento-en-venta-junto-a-la-plaza-universitat\/","og_locale":"en_US","og_type":"article","og_title":"Plaza de aparcamiento en venta junto a la plaza Universitat","og_description":"Plaza de aparcamiento en venta junto a la plaza Universitat","og_url":"https:\/\/forcadell.com\/en\/propiedades\/plaza-de-aparcamiento-en-venta-junto-a-la-plaza-universitat\/","og_site_name":"Forcadell","article_modified_time":"2026-09-01T06:34:54+00:00","twitter_card":"summary_large_image","twitter_misc":{"Est. reading time":"1 minute"},"schema":{"@context":"https:\/\/schema.org","@graph":[{"@type":"WebPage","@id":"https:\/\/forcadell.com\/en\/propiedades\/plaza-de-aparcamiento-en-venta-junto-a-la-plaza-universitat\/","url":"https:\/\/forcadell.com\/en\/propiedades\/plaza-de-aparcamiento-en-venta-junto-a-la-plaza-universitat\/","name":"Plaza de aparcamiento en venta junto a la plaza Universitat","isPartOf":{"@id":"https:\/\/forcadell.com\/en\/#website"},"datePublished":"2026-08-04T06:28:36+00:00","dateModified":"2026-09-01T06:34:54+00:00","description":"Plaza de aparcamiento en venta junto a la plaza Universitat","breadcrumb":{"@id":"https:\/\/forcadell.com\/en\/propiedades\/plaza-de-aparcamiento-en-venta-junto-a-la-plaza-universitat\/#breadcrumb"},"inLanguage":"en-US","potentialAction":[{"@type":"ReadAction","target":["https:\/\/forcadell.com\/en\/propiedades\/plaza-de-aparcamiento-en-venta-junto-a-la-plaza-universitat\/"]}]},{"@type":"BreadcrumbList","@id":"https:\/\/forcadell.com\/en\/propiedades\/plaza-de-aparcamiento-en-venta-junto-a-la-plaza-universitat\/#breadcrumb","itemListElement":[{"@type":"ListItem","position":1,"name":"Portada","item":"https:\/\/forcadell.com\/en\/"},{"@type":"ListItem","position":2,"name":"Properties","item":"https:\/\/forcadell.com\/en\/propiedades\/"},{"@type":"ListItem","position":3,"name":"Plaza de aparcamiento en venta junto a la plaza Universitat"}]},{"@type":"WebSite","@id":"https:\/\/forcadell.com\/en\/#website","url":"https:\/\/forcadell.com\/en\/","name":"Forcadell","description":"Inmobiliaria Barcelona | Consultores inmobiliarios","potentialAction":[{"@type":"SearchAction","target":{"@type":"EntryPoint","urlTemplate":"https:\/\/forcadell.com\/en\/?s={search_term_string}"},"query-input":{"@type":"PropertyValueSpecification","valueRequired":true,"valueName":"search_term_string"}}],"inLanguage":"en-US"}]}},"_links":{"self":[{"href":"https:\/\/forcadell.com\/en\/wp-json\/wp\/v2\/properties_post\/83932","targetHints":{"allow":["GET"]}}],"collection":[{"href":"https:\/\/forcadell.com\/en\/wp-json\/wp\/v2\/properties_post"}],"about":[{"href":"https:\/\/forcadell.com\/en\/wp-json\/wp\/v2\/types\/properties_post"}],"wp:attachment":[{"href":"https:\/\/forcadell.com\/en\/wp-json\/wp\/v2\/media?parent=83932"}],"curies":[{"name":"wp","href":"https:\/\/api.w.org\/{rel}","templated":true}]}}