{"id":83927,"date":"2026-08-04T08:28:12","date_gmt":"2026-08-04T06:28:12","guid":{"rendered":"https:\/\/forcadell.com\/propiedades\/plaza-de-aparcamiento-en-venta-en-gracia-calle-bruniquer\/"},"modified":"2026-08-31T08:35:15","modified_gmt":"2026-08-31T06:35:15","slug":"plaza-de-aparcamiento-en-venta-en-gracia-calle-bruniquer","status":"publish","type":"properties_post","link":"https:\/\/forcadell.com\/en\/propiedades\/plaza-de-aparcamiento-en-venta-en-gracia-calle-bruniquer\/","title":{"rendered":"Plaza de aparcamiento en venta en Gr\u00e0cia, calle Bruniquer"},"content":{"rendered":"<p>Plaza de aparcamiento en venta en la calle Bruniquer, en el barrio de Gr\u00e0cia. Tiene unas medidas de 3,11 metros de ancho por 4,49 metros de largo, ideales para coche grande o SUV, o bien para combinar coche con motos y bicicletas. El aparcamiento est\u00e1 vigilado las 24 horas del d\u00eda durante todo el a\u00f1o y dispone de un acceso c\u00f3modo con buena maniobra. Ubicaci\u00f3n excelente, cerca de la Plaza Joanic, el Paseo de Sant Joan, la Sagrada Familia y el Hospital de Sant Pau. Una gran oportunidad para disponer de un aparcamiento seguro y perfectamente comunicado en Barcelona.<\/p>\n","protected":false},"template":"","class_list":["post-83927","properties_post","type-properties_post","status-publish","hentry","properties_modality-sale","properties_district-gracia","properties_province-barcelona","properties_state-barcelona","properties_subclass-parking","properties_type-parking"],"acf":{"post_type_properties_post_property_code":"11247799","post_type_properties_post_property_reference":"EIX_3511","post_type_properties_post_owner_id":"149327","post_type_properties_post_owner_name":"Antoni \u00c0ngel Pich","post_type_properties_post_property_code_encrypted":"MjQ5JDMyMzY2","post_type_properties_post_published":"1","post_type_properties_post_property_visibility":"idealista","post_type_properties_post_contact_name":"Forcadell Eixample","post_type_properties_post_contact_email":"forcadell.eixample@movin.cloud","post_type_properties_post_contact_primary_phone_prefix":"34","post_type_properties_post_contact_primary_phone_number":"934965408","post_type_properties_post_address_visibility":"street","post_type_properties_post_address_country":"Spain","post_type_properties_post_address_coordinates_precision":"exact","post_type_properties_post_address_postal_code":"08024","post_type_properties_post_address_coordinates_latitude":"41.4052531","post_type_properties_post_address_coordinates_longitude":"2.161645","post_type_properties_post_address_street_name":"C\/ Bruniquer ","post_type_properties_post_address_floor":"","post_type_properties_post_address_town":"Barcelona","post_type_properties_post_building":null,"post_type_properties_post_property":[{"properties_post_description_language":"catalan","properties_post_title":"Pla\u00e7a d\u2019aparcament en venda a Gr\u00e0cia, carrer Bruniquer","properties_post_short_description_text_alt":"","properties_post_description_text_alt":"","properties_post_short_description_text":"Pla\u00e7a d\u2019aparcament en venda a Gr\u00e0cia, carrer Bruniquer","properties_post_link_demanda_inmueble":"https:\/\/movin.cloud\/ca\/Forcadell Eixample\/formulari-peticio-immoble\/sth\/1498&&11247799","properties_post_link_demanda_calendario_inmueble":"https:\/\/movin.cloud\/ca\/Forcadell Eixample\/calendari-peticio-immoble\/sth\/1498&&11247799","properties_post_description_text":"Pla\u00e7a d\u2019aparcament en venda al carrer Bruniquer, al barri de Gr\u00e0cia. T\u00e9 unes mides de 3,11 metres d\u2019ample per 4,49 metres de llarg, ideals per a cotxe gran o SUV, o b\u00e9 per combinar cotxe amb motos i bicicletes. L\u2019aparcament est\u00e0 vigilat les 24 hores del dia durant tot l\u2019any i disposa d\u2019un acc\u00e9s c\u00f2mode amb bona maniobra. Ubicaci\u00f3 excel\u00b7lent, a prop de la Pla\u00e7a Joanic, el Passeig de Sant Joan, la Sagrada Fam\u00edlia i l\u2019Hospital de Sant Pau. Una gran oportunitat per disposar d\u2019un aparcament segur i perfectament comunicat a Barcelona.","properties_post_seo_title":"","properties_post_seo_alias":"","properties_post_seo_metadescription":"","properties_post_seo_key_words":"","properties_post_seo_url":"","properties_post_terms_conditions":""},{"properties_post_description_language":"spanish","properties_post_title":"Plaza de aparcamiento en venta en Gr\u00e0cia, calle Bruniquer\n","properties_post_short_description_text_alt":"","properties_post_description_text_alt":"","properties_post_short_description_text":"Plaza de aparcamiento en venta en Gr\u00e0cia, calle Bruniquer\n","properties_post_link_demanda_inmueble":"https:\/\/movin.cloud\/es\/Forcadell Eixample\/formulario-peticion-inmueble\/sth\/1498&&11247799","properties_post_link_demanda_calendario_inmueble":"https:\/\/movin.cloud\/es\/Forcadell Eixample\/calendario-peticion-inmueble\/sth\/1498&&11247799","properties_post_description_text":"Plaza de aparcamiento en venta en la calle Bruniquer, en el barrio de Gr\u00e0cia. Tiene unas medidas de 3,11 metros de ancho por 4,49 metros de largo, ideales para coche grande o SUV, o bien para combinar coche con motos y bicicletas. El aparcamiento est\u00e1 vigilado las 24 horas del d\u00eda durante todo el a\u00f1o y dispone de un acceso c\u00f3modo con buena maniobra. Ubicaci\u00f3n excelente, cerca de la Plaza Joanic, el Paseo de Sant Joan, la Sagrada Familia y el Hospital de Sant Pau. Una gran oportunidad para disponer de un aparcamiento seguro y perfectamente comunicado en Barcelona.","properties_post_seo_title":"","properties_post_seo_alias":"","properties_post_seo_metadescription":"","properties_post_seo_key_words":"","properties_post_seo_url":"","properties_post_terms_conditions":""},{"properties_post_description_language":"english","properties_post_title":"Parking space for sale in Gr\u00e0cia, Bruniquer Street","properties_post_short_description_text_alt":"","properties_post_description_text_alt":"","properties_post_short_description_text":"Parking space for sale in Gr\u00e0cia, Bruniquer Street","properties_post_link_demanda_inmueble":"https:\/\/movin.cloud\/en\/Forcadell Eixample\/property-form-request\/sth\/1498&&11247799","properties_post_link_demanda_calendario_inmueble":"https:\/\/movin.cloud\/en\/Forcadell Eixample\/property-calendar-request\/sth\/1498&&11247799","properties_post_description_text":"Parking space for sale on Bruniquer Street, in the Gr\u00e0cia neighborhood. It measures 3.11 meters wide by 4.49 meters long, ideal for a large car or SUV, or for combining a car with motorbikes and bicycles. The parking facility is monitored 24 hours a day all year round and offers easy access with good maneuverability. Excellent location, close to Joanic Square, Passeig de Sant Joan, the Sagrada Fam\u00edlia and Sant Pau Hospital. A great opportunity to have a safe and well-connected parking space in Barcelona.","properties_post_seo_title":"","properties_post_seo_alias":"","properties_post_seo_metadescription":"","properties_post_seo_key_words":"","properties_post_seo_url":"","properties_post_terms_conditions":""}],"post_type_properties_post_features_type":"garage","post_type_properties_post_id_building":"","post_type_properties_post_features_area_constructed":13,"post_type_properties_post_features_conditioned_air":false,"post_type_properties_post_features_doorman":false,"post_type_properties_post_features_heating":false,"post_type_properties_post_features_equipped_kitchen":false,"post_type_properties_post_features_windows_location":"","post_type_properties_post_features_floors_property":false,"post_type_properties_post_features_storage":false,"post_type_properties_post_features_security_door":false,"post_type_properties_post_features_energy_certificate_rating":"","post_type_properties_post_features_energy_certificate_emissions_rating":"","post_type_properties_post_features_energy_certificate_emissions_value":"","post_type_properties_post_features_energy_certificate_performance":"","post_type_properties_post_features_bathroom_inside":false,"post_type_properties_post_precio":22000,"post_type_properties_post_precio_alquiler":22000,"post_type_properties_post_record_type_id":"Parking","post_type_properties_post_categoria__producto":"Parking","post_type_properties_post_amueblado":false,"post_type_properties_post_precio_m2":1575.93,"post_type_properties_post_zona__comunitaria":false,"post_type_properties_post_electrodomesticos":false,"post_type_properties_post_patio__interior":false,"post_type_properties_post_certificado_energetico_general":"","post_type_properties_post_certificado_energetico_consumo":"X (Exento)","post_type_properties_post_certificado_energetico_valor_emisiones":"","post_type_properties_post_certificado_energetico_valor_consumo":"","post_type_properties_post_modalidad":"sale","post_type_properties_post_provincia":"Barcelona","post_type_properties_post_poblacion":"Barcelona","post_type_properties_post_centro__urbano":true,"post_type_properties_post_zonificacion":"","post_type_properties_post_cartera":"","post_type_properties_post_titulo_catalan":"Pla\u00e7a d\u2019aparcament en venda a Gr\u00e0cia, carrer Bruniquer","post_type_properties_post_internet_catalan":"Pla\u00e7a d\u2019aparcament en venda al carrer Bruniquer, al barri de Gr\u00e0cia. T\u00e9 unes mides de 3,11 metres d\u2019ample per 4,49 metres de llarg, ideals per a cotxe gran o SUV, o b\u00e9 per combinar cotxe amb motos i bicicletes. L\u2019aparcament est\u00e0 vigilat les 24 hores del dia durant tot l\u2019any i disposa d\u2019un acc\u00e9s c\u00f2mode amb bona maniobra. Ubicaci\u00f3 excel\u00b7lent, a prop de la Pla\u00e7a Joanic, el Passeig de Sant Joan, la Sagrada Fam\u00edlia i l\u2019Hospital de Sant Pau. Una gran oportunitat per disposar d\u2019un aparcament segur i perfectament comunicat a Barcelona.","post_type_properties_post_titulo_castellano":"Plaza de aparcamiento en venta en Gr\u00e0cia, calle Bruniquer\n","post_type_properties_post_internet_castellano":"Plaza de aparcamiento en venta en la calle Bruniquer, en el barrio de Gr\u00e0cia. Tiene unas medidas de 3,11 metros de ancho por 4,49 metros de largo, ideales para coche grande o SUV, o bien para combinar coche con motos y bicicletas. El aparcamiento est\u00e1 vigilado las 24 horas del d\u00eda durante todo el a\u00f1o y dispone de un acceso c\u00f3modo con buena maniobra. Ubicaci\u00f3n excelente, cerca de la Plaza Joanic, el Paseo de Sant Joan, la Sagrada Familia y el Hospital de Sant Pau. Una gran oportunidad para disponer de un aparcamiento seguro y perfectamente comunicado en Barcelona.","post_type_properties_post_titulo_ingles":"Parking space for sale in Gr\u00e0cia, Bruniquer Street","post_type_properties_post_internet_ingles":"Parking space for sale on Bruniquer Street, in the Gr\u00e0cia neighborhood. It measures 3.11 meters wide by 4.49 meters long, ideal for a large car or SUV, or for combining a car with motorbikes and bicycles. The parking facility is monitored 24 hours a day all year round and offers easy access with good maneuverability. Excellent location, close to Joanic Square, Passeig de Sant Joan, the Sagrada Fam\u00edlia and Sant Pau Hospital. A great opportunity to have a safe and well-connected parking space in Barcelona.","post_type_properties_post_features_classification_commercial":false,"post_type_properties_post_features_conservation":"","post_type_properties_post_features_security_personnel":false,"post_type_properties_post_features_parking_available":false,"post_type_properties_post_features_garage_capacity_type":"unknown","post_type_properties_post_features_bathroom_number":"","post_type_properties_post_eje":"","post_type_properties_post_zona":"","post_type_properties_post_comarca":"","post_type_properties_post_features_built_year":"","post_type_properties_post_renta_mensual":"","post_type_properties_post_fianza":"","post_type_properties_post_features_area_plot":"","post_type_properties_post_features_area_buildable":"","post_type_properties_post_features_classification_industrial":false,"post_type_properties_post_distrito":"","post_type_properties_post_features_balcony":false,"post_type_properties_post_features_bedroom_number":"","post_type_properties_post_features_heating_type":"","post_type_properties_post_features_equipped_with_furniture":false,"post_type_properties_post_features_pets_allowed":false,"post_type_properties_post_features_pool":false,"post_type_properties_post_features_terrace":false,"post_type_properties_post_features_wardrobes":false,"post_type_properties_post_features_lift_available":false,"post_type_properties_post_features_handicap_adapted_access":false,"post_type_properties_post_features_orientation_east":false,"post_type_properties_post_features_orientation_west":false,"post_type_properties_post_features_orientation_north":false,"post_type_properties_post_features_orientation_south":false,"post_type_properties_post_features_parking_spaces_number":"","post_type_properties_post_features_security_alarm":false,"post_type_properties_post_features_security_system":false,"post_type_properties_post_open_plan":false,"post_type_properties_post_acceso_24_7":false,"post_type_properties_post_oficina_privada":false,"post_type_properties_post_sala_reuniones":false,"post_type_properties_post_espacio_eventos":false,"post_type_properties_post_office":false,"post_type_properties_post_restaurant":false,"post_type_properties_post_acepta_traspaso":false,"post_type_properties_post_vigilancia":false,"post_type_properties_post_features_suite":false,"post_type_properties_post_features_vitro":false,"post_type_properties_post_features_oven":false,"post_type_properties_post_features_microwave":false,"post_type_properties_post_features_washing_machine":false,"post_type_properties_post_features_dryer":false,"post_type_properties_post_features_dishwasher":false,"post_type_properties_post_features_fridge":false,"post_type_properties_post_features_fridge_mini":false,"post_type_properties_post_features_kettle":false,"post_type_properties_post_features_toaster":false,"post_type_properties_post_features_coffee_maker":false,"post_type_properties_post_features_iron":false,"post_type_properties_post_features_ironing_board":false,"post_type_properties_post_features_safe":false,"post_type_properties_post_features_internet":false,"post_type_properties_post_features_solarium":false,"post_type_properties_post_features_clean_service":false,"post_type_properties_post_features_t_v":false,"post_type_properties_post_features_satellite_t_v":false,"post_type_properties_post_features_gas_kitchen":false,"post_type_properties_post_features_view_mountain":false,"post_type_properties_post_features_view_sea":false,"post_type_properties_post_features_concierge":false,"post_type_properties_post_features_loading_dock":false,"post_type_properties_post_features_bridge_crane":false,"post_type_properties_post_features_located_at_corner":false,"post_type_properties_post_features_smoke_extraction":false,"post_type_properties_post_features_rooms":"","post_type_properties_post_features_garden_area":"","post_type_properties_post_features_utilities_water":false,"post_type_properties_post_features_utilities_electricity":false,"post_type_properties_post_features_utilities_natural_gas":false,"post_type_properties_post_features_building_adapted":false,"post_type_properties_post_features_garden":false,"post_type_properties_post_features_classification_hotel":false,"post_type_properties_post_features_classification_chalet":false,"post_type_properties_post_certificado_energetico_emisiones":"","post_type_properties_post_barrio":"","post_type_properties_post_distrito_empresa":"Gr\u00e0cia","post_type_properties_post_features_property_category_intern":"","post_type_properties_post_implantada":false,"post_type_properties_post_sello_leed":"","post_type_properties_post_sello_well":"","post_type_properties_post_sello_breeam":false,"post_type_properties_post_images":[{"properties_post_image_order":1,"properties_post_image_url":"https:\/\/movin.cloud\/empresas\/1498\/imagenes\/11247799\/habitalia.webp","properties_post_image_url_thumbnail":"https:\/\/movin.cloud\/empresas\/1498\/imagenes\/thumbnails\/11247799\/habitalia.webp","properties_post_title":"habitalia","properties_post_alt":"habitalia"},{"properties_post_image_order":2,"properties_post_image_url":"https:\/\/movin.cloud\/empresas\/1498\/imagenes\/11247799\/venta-viviendas.webp","properties_post_image_url_thumbnail":"https:\/\/movin.cloud\/empresas\/1498\/imagenes\/thumbnails\/11247799\/venta-viviendas.webp","properties_post_title":"venta viviendas","properties_post_alt":"venta viviendas"},{"properties_post_image_order":3,"properties_post_image_url":"https:\/\/movin.cloud\/empresas\/1498\/imagenes\/11247799\/compra.webp","properties_post_image_url_thumbnail":"https:\/\/movin.cloud\/empresas\/1498\/imagenes\/thumbnails\/11247799\/compra.webp","properties_post_title":"compra","properties_post_alt":"compra"},{"properties_post_image_order":4,"properties_post_image_url":"https:\/\/movin.cloud\/empresas\/1498\/imagenes\/11247799\/viviendas.webp","properties_post_image_url_thumbnail":"https:\/\/movin.cloud\/empresas\/1498\/imagenes\/thumbnails\/11247799\/viviendas.webp","properties_post_title":"viviendas","properties_post_alt":"viviendas"},{"properties_post_image_order":5,"properties_post_image_url":"https:\/\/movin.cloud\/empresas\/1498\/imagenes\/11247799\/comprar.webp","properties_post_image_url_thumbnail":"https:\/\/movin.cloud\/empresas\/1498\/imagenes\/thumbnails\/11247799\/comprar.webp","properties_post_title":"comprar","properties_post_alt":"comprar"},{"properties_post_image_order":6,"properties_post_image_url":"https:\/\/movin.cloud\/empresas\/1498\/imagenes\/11247799\/fincas.webp","properties_post_image_url_thumbnail":"https:\/\/movin.cloud\/empresas\/1498\/imagenes\/thumbnails\/11247799\/fincas.webp","properties_post_title":"fincas","properties_post_alt":"fincas"},{"properties_post_image_order":7,"properties_post_image_url":"https:\/\/movin.cloud\/empresas\/1498\/imagenes\/11247799\/inmobiliarias.webp","properties_post_image_url_thumbnail":"https:\/\/movin.cloud\/empresas\/1498\/imagenes\/thumbnails\/11247799\/inmobiliarias.webp","properties_post_title":"inmobiliarias","properties_post_alt":"inmobiliarias"},{"properties_post_image_order":8,"properties_post_image_url":"https:\/\/movin.cloud\/empresas\/1498\/imagenes\/11247799\/habitalia-barcelona.webp","properties_post_image_url_thumbnail":"https:\/\/movin.cloud\/empresas\/1498\/imagenes\/thumbnails\/11247799\/habitalia-barcelona.webp","properties_post_title":"habitalia barcelona","properties_post_alt":"habitalia barcelona"},{"properties_post_image_order":9,"properties_post_image_url":"https:\/\/movin.cloud\/empresas\/1498\/imagenes\/11247799\/viviendas-barcelona.webp","properties_post_image_url_thumbnail":"https:\/\/movin.cloud\/empresas\/1498\/imagenes\/thumbnails\/11247799\/viviendas-barcelona.webp","properties_post_title":"viviendas barcelona","properties_post_alt":"viviendas barcelona"},{"properties_post_image_order":10,"properties_post_image_url":"https:\/\/movin.cloud\/empresas\/1498\/imagenes\/11247799\/compra-para-idealistas-barcelona.webp","properties_post_image_url_thumbnail":"https:\/\/movin.cloud\/empresas\/1498\/imagenes\/thumbnails\/11247799\/compra-para-idealistas-barcelona.webp","properties_post_title":"compra para idealistas barcelona","properties_post_alt":"compra para idealistas barcelona"},{"properties_post_image_order":11,"properties_post_image_url":"https:\/\/movin.cloud\/empresas\/1498\/imagenes\/11247799\/compra-barcelona.webp","properties_post_image_url_thumbnail":"https:\/\/movin.cloud\/empresas\/1498\/imagenes\/thumbnails\/11247799\/compra-barcelona.webp","properties_post_title":"compra barcelona","properties_post_alt":"compra barcelona"},{"properties_post_image_order":12,"properties_post_image_url":"https:\/\/movin.cloud\/empresas\/1498\/imagenes\/11247799\/venta.webp","properties_post_image_url_thumbnail":"https:\/\/movin.cloud\/empresas\/1498\/imagenes\/thumbnails\/11247799\/venta.webp","properties_post_title":"venta","properties_post_alt":"venta"},{"properties_post_image_order":13,"properties_post_image_url":"https:\/\/movin.cloud\/empresas\/1498\/imagenes\/11247799\/inmobiliaria.webp","properties_post_image_url_thumbnail":"https:\/\/movin.cloud\/empresas\/1498\/imagenes\/thumbnails\/11247799\/inmobiliaria.webp","properties_post_title":"inmobiliaria","properties_post_alt":"inmobiliaria"},{"properties_post_image_order":14,"properties_post_image_url":"https:\/\/movin.cloud\/empresas\/1498\/imagenes\/11247799\/parkings-barcelona.webp","properties_post_image_url_thumbnail":"https:\/\/movin.cloud\/empresas\/1498\/imagenes\/thumbnails\/11247799\/parkings-barcelona.webp","properties_post_title":"parkings barcelona","properties_post_alt":"parkings barcelona"},{"properties_post_image_order":15,"properties_post_image_url":"https:\/\/movin.cloud\/empresas\/1498\/imagenes\/11247799\/comprar-barcelona.webp","properties_post_image_url_thumbnail":"https:\/\/movin.cloud\/empresas\/1498\/imagenes\/thumbnails\/11247799\/comprar-barcelona.webp","properties_post_title":"comprar barcelona","properties_post_alt":"comprar barcelona"}],"post_type_properties_post_videos":[{"properties_post_video_url":"https:\/\/www.youtube.com\/watch?v=daJliQMBFas","properties_post_video_order":"999"}],"post_type_properties_post_tour":null,"post_type_properties_post_dossier_url":"","post_type_properties_post_operation_type":"sale","post_type_properties_post_operation_price":22000,"post_type_properties_post_features_hidden_price":false},"yoast_head":"<!-- This site is optimized with the Yoast SEO plugin v27.4 - https:\/\/yoast.com\/product\/yoast-seo-wordpress\/ -->\n<title>Plaza de aparcamiento en venta en Gr\u00e0cia, calle Bruniquer<\/title>\n<meta name=\"description\" content=\"Plaza de aparcamiento en venta en Gr\u00e0cia, calle Bruniquer\" \/>\n<meta name=\"robots\" content=\"index, follow, max-snippet:-1, max-image-preview:large, max-video-preview:-1\" \/>\n<link rel=\"canonical\" href=\"https:\/\/forcadell.com\/en\/propiedades\/plaza-de-aparcamiento-en-venta-en-gracia-calle-bruniquer\/\" \/>\n<meta property=\"og:locale\" content=\"en_US\" \/>\n<meta property=\"og:type\" content=\"article\" \/>\n<meta property=\"og:title\" content=\"Plaza de aparcamiento en venta en Gr\u00e0cia, calle Bruniquer\" \/>\n<meta property=\"og:description\" content=\"Plaza de aparcamiento en venta en Gr\u00e0cia, calle Bruniquer\" \/>\n<meta property=\"og:url\" content=\"https:\/\/forcadell.com\/en\/propiedades\/plaza-de-aparcamiento-en-venta-en-gracia-calle-bruniquer\/\" \/>\n<meta property=\"og:site_name\" content=\"Forcadell\" \/>\n<meta property=\"article:modified_time\" content=\"2026-08-31T06:35:15+00:00\" \/>\n<meta name=\"twitter:card\" content=\"summary_large_image\" \/>\n<meta name=\"twitter:label1\" content=\"Est. reading time\" \/>\n\t<meta name=\"twitter:data1\" content=\"1 minute\" \/>\n<script type=\"application\/ld+json\" class=\"yoast-schema-graph\">{\"@context\":\"https:\\\/\\\/schema.org\",\"@graph\":[{\"@type\":\"WebPage\",\"@id\":\"https:\\\/\\\/forcadell.com\\\/en\\\/propiedades\\\/plaza-de-aparcamiento-en-venta-en-gracia-calle-bruniquer\\\/\",\"url\":\"https:\\\/\\\/forcadell.com\\\/en\\\/propiedades\\\/plaza-de-aparcamiento-en-venta-en-gracia-calle-bruniquer\\\/\",\"name\":\"Plaza de aparcamiento en venta en Gr\u00e0cia, calle Bruniquer\",\"isPartOf\":{\"@id\":\"https:\\\/\\\/forcadell.com\\\/en\\\/#website\"},\"datePublished\":\"2026-08-04T06:28:12+00:00\",\"dateModified\":\"2026-08-31T06:35:15+00:00\",\"description\":\"Plaza de aparcamiento en venta en Gr\u00e0cia, calle Bruniquer\",\"breadcrumb\":{\"@id\":\"https:\\\/\\\/forcadell.com\\\/en\\\/propiedades\\\/plaza-de-aparcamiento-en-venta-en-gracia-calle-bruniquer\\\/#breadcrumb\"},\"inLanguage\":\"en-US\",\"potentialAction\":[{\"@type\":\"ReadAction\",\"target\":[\"https:\\\/\\\/forcadell.com\\\/en\\\/propiedades\\\/plaza-de-aparcamiento-en-venta-en-gracia-calle-bruniquer\\\/\"]}]},{\"@type\":\"BreadcrumbList\",\"@id\":\"https:\\\/\\\/forcadell.com\\\/en\\\/propiedades\\\/plaza-de-aparcamiento-en-venta-en-gracia-calle-bruniquer\\\/#breadcrumb\",\"itemListElement\":[{\"@type\":\"ListItem\",\"position\":1,\"name\":\"Portada\",\"item\":\"https:\\\/\\\/forcadell.com\\\/en\\\/\"},{\"@type\":\"ListItem\",\"position\":2,\"name\":\"Properties\",\"item\":\"https:\\\/\\\/forcadell.com\\\/en\\\/propiedades\\\/\"},{\"@type\":\"ListItem\",\"position\":3,\"name\":\"Plaza de aparcamiento en venta en Gr\u00e0cia, calle Bruniquer\"}]},{\"@type\":\"WebSite\",\"@id\":\"https:\\\/\\\/forcadell.com\\\/en\\\/#website\",\"url\":\"https:\\\/\\\/forcadell.com\\\/en\\\/\",\"name\":\"Forcadell\",\"description\":\"Inmobiliaria Barcelona | Consultores inmobiliarios\",\"potentialAction\":[{\"@type\":\"SearchAction\",\"target\":{\"@type\":\"EntryPoint\",\"urlTemplate\":\"https:\\\/\\\/forcadell.com\\\/en\\\/?s={search_term_string}\"},\"query-input\":{\"@type\":\"PropertyValueSpecification\",\"valueRequired\":true,\"valueName\":\"search_term_string\"}}],\"inLanguage\":\"en-US\"}]}<\/script>\n<!-- \/ Yoast SEO plugin. -->","yoast_head_json":{"title":"Plaza de aparcamiento en venta en Gr\u00e0cia, calle Bruniquer","description":"Plaza de aparcamiento en venta en Gr\u00e0cia, calle Bruniquer","robots":{"index":"index","follow":"follow","max-snippet":"max-snippet:-1","max-image-preview":"max-image-preview:large","max-video-preview":"max-video-preview:-1"},"canonical":"https:\/\/forcadell.com\/en\/propiedades\/plaza-de-aparcamiento-en-venta-en-gracia-calle-bruniquer\/","og_locale":"en_US","og_type":"article","og_title":"Plaza de aparcamiento en venta en Gr\u00e0cia, calle Bruniquer","og_description":"Plaza de aparcamiento en venta en Gr\u00e0cia, calle Bruniquer","og_url":"https:\/\/forcadell.com\/en\/propiedades\/plaza-de-aparcamiento-en-venta-en-gracia-calle-bruniquer\/","og_site_name":"Forcadell","article_modified_time":"2026-08-31T06:35:15+00:00","twitter_card":"summary_large_image","twitter_misc":{"Est. reading time":"1 minute"},"schema":{"@context":"https:\/\/schema.org","@graph":[{"@type":"WebPage","@id":"https:\/\/forcadell.com\/en\/propiedades\/plaza-de-aparcamiento-en-venta-en-gracia-calle-bruniquer\/","url":"https:\/\/forcadell.com\/en\/propiedades\/plaza-de-aparcamiento-en-venta-en-gracia-calle-bruniquer\/","name":"Plaza de aparcamiento en venta en Gr\u00e0cia, calle Bruniquer","isPartOf":{"@id":"https:\/\/forcadell.com\/en\/#website"},"datePublished":"2026-08-04T06:28:12+00:00","dateModified":"2026-08-31T06:35:15+00:00","description":"Plaza de aparcamiento en venta en Gr\u00e0cia, calle Bruniquer","breadcrumb":{"@id":"https:\/\/forcadell.com\/en\/propiedades\/plaza-de-aparcamiento-en-venta-en-gracia-calle-bruniquer\/#breadcrumb"},"inLanguage":"en-US","potentialAction":[{"@type":"ReadAction","target":["https:\/\/forcadell.com\/en\/propiedades\/plaza-de-aparcamiento-en-venta-en-gracia-calle-bruniquer\/"]}]},{"@type":"BreadcrumbList","@id":"https:\/\/forcadell.com\/en\/propiedades\/plaza-de-aparcamiento-en-venta-en-gracia-calle-bruniquer\/#breadcrumb","itemListElement":[{"@type":"ListItem","position":1,"name":"Portada","item":"https:\/\/forcadell.com\/en\/"},{"@type":"ListItem","position":2,"name":"Properties","item":"https:\/\/forcadell.com\/en\/propiedades\/"},{"@type":"ListItem","position":3,"name":"Plaza de aparcamiento en venta en Gr\u00e0cia, calle Bruniquer"}]},{"@type":"WebSite","@id":"https:\/\/forcadell.com\/en\/#website","url":"https:\/\/forcadell.com\/en\/","name":"Forcadell","description":"Inmobiliaria Barcelona | Consultores inmobiliarios","potentialAction":[{"@type":"SearchAction","target":{"@type":"EntryPoint","urlTemplate":"https:\/\/forcadell.com\/en\/?s={search_term_string}"},"query-input":{"@type":"PropertyValueSpecification","valueRequired":true,"valueName":"search_term_string"}}],"inLanguage":"en-US"}]}},"_links":{"self":[{"href":"https:\/\/forcadell.com\/en\/wp-json\/wp\/v2\/properties_post\/83927","targetHints":{"allow":["GET"]}}],"collection":[{"href":"https:\/\/forcadell.com\/en\/wp-json\/wp\/v2\/properties_post"}],"about":[{"href":"https:\/\/forcadell.com\/en\/wp-json\/wp\/v2\/types\/properties_post"}],"wp:attachment":[{"href":"https:\/\/forcadell.com\/en\/wp-json\/wp\/v2\/media?parent=83927"}],"curies":[{"name":"wp","href":"https:\/\/api.w.org\/{rel}","templated":true}]}}