{"id":83925,"date":"2026-08-04T08:28:07","date_gmt":"2026-08-04T06:28:07","guid":{"rendered":"https:\/\/forcadell.com\/propiedades\/oportunidad-de-plaza-de-aparcamiento-en-el-centro-de-barcelona\/"},"modified":"2026-09-01T08:34:50","modified_gmt":"2026-09-01T06:34:50","slug":"oportunidad-de-plaza-de-aparcamiento-en-el-centro-de-barcelona","status":"publish","type":"properties_post","link":"https:\/\/forcadell.com\/en\/propiedades\/oportunidad-de-plaza-de-aparcamiento-en-el-centro-de-barcelona\/","title":{"rendered":"Oportunidad de Plaza de Aparcamiento en el Centro de Barcelona"},"content":{"rendered":"<p>Se vende plaza de aparcamiento situada en el centro de Barcelona, concretamente en la confluencia entre la Pla\u00e7a Castella y la calle Tallers, una ubicaci\u00f3n inmejorable junto a Pla\u00e7a Universitat, Las Ramblas y la Ronda Sant Antoni. <\/p>\n<p>Se trata de una plaza ideal para un coche peque\u00f1o o dos motos, con unas dimensiones de 3,47 metros de largo por 1,52 metros de ancho. El acceso al parking es muy c\u00f3modo, con rampas y pasillos amplios que facilitan las maniobras. Adem\u00e1s, el parking dispone de puerta autom\u00e1tica, lo que garantiza seguridad y comodidad. <\/p>\n<p>Es una muy buena oportunidad tanto para uso propio como para inversi\u00f3n, ya que el aparcamiento en esta zona es muy limitado y siempre hay demanda. Si buscas una soluci\u00f3n pr\u00e1ctica y segura para aparcar en el coraz\u00f3n de Barcelona, esta plaza es para ti.<\/p>\n","protected":false},"template":"","class_list":["post-83925","properties_post","type-properties_post","status-publish","hentry","properties_modality-sale","properties_district-ciutat-vella","properties_province-barcelona","properties_state-barcelona","properties_subclass-parking","properties_type-parking"],"acf":{"post_type_properties_post_property_code":"11247654","post_type_properties_post_property_reference":"EIX_3480","post_type_properties_post_owner_id":"218577","post_type_properties_post_owner_name":"Montse Mart\u00ed","post_type_properties_post_property_code_encrypted":"MjQ5JDMyMjIx","post_type_properties_post_published":"1","post_type_properties_post_property_visibility":"idealista","post_type_properties_post_contact_name":"Forcadell Eixample","post_type_properties_post_contact_email":"forcadell.eixample@movin.cloud","post_type_properties_post_contact_primary_phone_prefix":"34","post_type_properties_post_contact_primary_phone_number":"934965408","post_type_properties_post_address_visibility":"street","post_type_properties_post_address_country":"Spain","post_type_properties_post_address_coordinates_precision":"exact","post_type_properties_post_address_postal_code":"08001","post_type_properties_post_address_coordinates_latitude":"41.3848264","post_type_properties_post_address_coordinates_longitude":"2.16522","post_type_properties_post_address_street_name":"C\/ Pla\u00e7a Castella ","post_type_properties_post_address_floor":"","post_type_properties_post_address_town":"Barcelona","post_type_properties_post_building":null,"post_type_properties_post_property":[{"properties_post_description_language":"catalan","properties_post_title":"Oportunitat de pla\u00e7a d\u2019aparcament al cor de Barcelona","properties_post_short_description_text_alt":"","properties_post_description_text_alt":"","properties_post_short_description_text":"Oportunitat de pla\u00e7a d\u2019aparcament al cor de Barcelona","properties_post_link_demanda_inmueble":"https:\/\/movin.cloud\/ca\/Forcadell Eixample\/formulari-peticio-immoble\/sth\/1498&&11247654","properties_post_link_demanda_calendario_inmueble":"https:\/\/movin.cloud\/ca\/Forcadell Eixample\/calendari-peticio-immoble\/sth\/1498&&11247654","properties_post_description_text":"Es ven pla\u00e7a d\u2019aparcament situada al centre de Barcelona, concretament a la conflu\u00e8ncia entre la Pla\u00e7a Castella i el carrer Tallers, una ubicaci\u00f3 immillorable a tocar de Pla\u00e7a Universitat, Les Rambles i la Ronda Sant Antoni. \n\nEs tracta d\u2019una pla\u00e7a ideal per a un cotxe petit o dues motos, amb unes dimensions de 3,47 metres de llarg per 1,52 metres d\u2019ample. L\u2019acc\u00e9s al p\u00e0rquing \u00e9s molt c\u00f2mode, amb rampes i passadissos amples que faciliten les maniobres. A m\u00e9s, el p\u00e0rquing disposa de porta autom\u00e0tica, cosa que garanteix seguretat i comoditat. \n\n\u00c9s una molt bona oportunitat tant per a \u00fas propi com per a inversi\u00f3, ja que l\u2019aparcament en aquesta zona \u00e9s molt limitat i sempre hi ha demanda. Si busques una soluci\u00f3 pr\u00e0ctica i segura per aparcar al cor de Barcelona, aquesta pla\u00e7a \u00e9s per a tu.","properties_post_seo_title":"","properties_post_seo_alias":"","properties_post_seo_metadescription":"","properties_post_seo_key_words":"","properties_post_seo_url":"","properties_post_terms_conditions":""},{"properties_post_description_language":"spanish","properties_post_title":" Oportunidad de Plaza de Aparcamiento en el Centro de Barcelona","properties_post_short_description_text_alt":"","properties_post_description_text_alt":"","properties_post_short_description_text":" Oportunidad de Plaza de Aparcamiento en el Centro de Barcelona","properties_post_link_demanda_inmueble":"https:\/\/movin.cloud\/es\/Forcadell Eixample\/formulario-peticion-inmueble\/sth\/1498&&11247654","properties_post_link_demanda_calendario_inmueble":"https:\/\/movin.cloud\/es\/Forcadell Eixample\/calendario-peticion-inmueble\/sth\/1498&&11247654","properties_post_description_text":"Se vende plaza de aparcamiento situada en el centro de Barcelona, concretamente en la confluencia entre la Pla\u00e7a Castella y la calle Tallers, una ubicaci\u00f3n inmejorable junto a Pla\u00e7a Universitat, Las Ramblas y la Ronda Sant Antoni. \n\nSe trata de una plaza ideal para un coche peque\u00f1o o dos motos, con unas dimensiones de 3,47 metros de largo por 1,52 metros de ancho. El acceso al parking es muy c\u00f3modo, con rampas y pasillos amplios que facilitan las maniobras. Adem\u00e1s, el parking dispone de puerta autom\u00e1tica, lo que garantiza seguridad y comodidad. \n\nEs una muy buena oportunidad tanto para uso propio como para inversi\u00f3n, ya que el aparcamiento en esta zona es muy limitado y siempre hay demanda. Si buscas una soluci\u00f3n pr\u00e1ctica y segura para aparcar en el coraz\u00f3n de Barcelona, esta plaza es para ti.","properties_post_seo_title":"","properties_post_seo_alias":"","properties_post_seo_metadescription":"","properties_post_seo_key_words":"","properties_post_seo_url":"","properties_post_terms_conditions":""},{"properties_post_description_language":"english","properties_post_title":"Parking Space Opportunity in the Heart of Barcelona","properties_post_short_description_text_alt":"","properties_post_description_text_alt":"","properties_post_short_description_text":"Parking Space Opportunity in the Heart of Barcelona","properties_post_link_demanda_inmueble":"https:\/\/movin.cloud\/en\/Forcadell Eixample\/property-form-request\/sth\/1498&&11247654","properties_post_link_demanda_calendario_inmueble":"https:\/\/movin.cloud\/en\/Forcadell Eixample\/property-calendar-request\/sth\/1498&&11247654","properties_post_description_text":"Parking space for sale located in the center of Barcelona, specifically at the junction of Pla\u00e7a Castella and Carrer Tallers\u2014an unbeatable location near Pla\u00e7a Universitat, Las Ramblas, and Ronda Sant Antoni. \n\nThis space is ideal for a small car or two motorbikes, with dimensions of 3.47 meters in length and 1.52 meters in width. The parking access is very convenient, with wide ramps and corridors that make maneuvering easy. Additionally, the parking facility has an automatic door, ensuring both security and convenience. \n\nThis is a great opportunity for personal use or as an investment, as parking in this area is very limited and always in demand. If you're looking for a practical and secure parking solution in the heart of Barcelona, this space is for you.","properties_post_seo_title":"","properties_post_seo_alias":"","properties_post_seo_metadescription":"","properties_post_seo_key_words":"","properties_post_seo_url":"","properties_post_terms_conditions":""}],"post_type_properties_post_features_type":"garage","post_type_properties_post_id_building":"","post_type_properties_post_features_area_constructed":5,"post_type_properties_post_features_conditioned_air":false,"post_type_properties_post_features_doorman":false,"post_type_properties_post_features_heating":false,"post_type_properties_post_features_equipped_kitchen":false,"post_type_properties_post_features_windows_location":"","post_type_properties_post_features_floors_property":false,"post_type_properties_post_features_storage":false,"post_type_properties_post_features_security_door":false,"post_type_properties_post_features_energy_certificate_rating":"","post_type_properties_post_features_energy_certificate_emissions_rating":"","post_type_properties_post_features_energy_certificate_emissions_value":"","post_type_properties_post_features_energy_certificate_performance":"","post_type_properties_post_features_bathroom_inside":false,"post_type_properties_post_precio":12000,"post_type_properties_post_precio_alquiler":12000,"post_type_properties_post_record_type_id":"Parking","post_type_properties_post_categoria__producto":"Parking","post_type_properties_post_amueblado":false,"post_type_properties_post_precio_m2":2277.04,"post_type_properties_post_zona__comunitaria":false,"post_type_properties_post_electrodomesticos":false,"post_type_properties_post_patio__interior":false,"post_type_properties_post_certificado_energetico_general":"","post_type_properties_post_certificado_energetico_consumo":"X (Exento)","post_type_properties_post_certificado_energetico_valor_emisiones":"","post_type_properties_post_certificado_energetico_valor_consumo":"","post_type_properties_post_modalidad":"sale","post_type_properties_post_provincia":"Barcelona","post_type_properties_post_poblacion":"Barcelona","post_type_properties_post_centro__urbano":true,"post_type_properties_post_zonificacion":"","post_type_properties_post_cartera":"","post_type_properties_post_titulo_catalan":"Oportunitat de pla\u00e7a d\u2019aparcament al cor de Barcelona","post_type_properties_post_internet_catalan":"Es ven pla\u00e7a d\u2019aparcament situada al centre de Barcelona, concretament a la conflu\u00e8ncia entre la Pla\u00e7a Castella i el carrer Tallers, una ubicaci\u00f3 immillorable a tocar de Pla\u00e7a Universitat, Les Rambles i la Ronda Sant Antoni. \n\nEs tracta d\u2019una pla\u00e7a ideal per a un cotxe petit o dues motos, amb unes dimensions de 3,47 metres de llarg per 1,52 metres d\u2019ample. L\u2019acc\u00e9s al p\u00e0rquing \u00e9s molt c\u00f2mode, amb rampes i passadissos amples que faciliten les maniobres. A m\u00e9s, el p\u00e0rquing disposa de porta autom\u00e0tica, cosa que garanteix seguretat i comoditat. \n\n\u00c9s una molt bona oportunitat tant per a \u00fas propi com per a inversi\u00f3, ja que l\u2019aparcament en aquesta zona \u00e9s molt limitat i sempre hi ha demanda. Si busques una soluci\u00f3 pr\u00e0ctica i segura per aparcar al cor de Barcelona, aquesta pla\u00e7a \u00e9s per a tu.","post_type_properties_post_titulo_castellano":" Oportunidad de Plaza de Aparcamiento en el Centro de Barcelona","post_type_properties_post_internet_castellano":"Se vende plaza de aparcamiento situada en el centro de Barcelona, concretamente en la confluencia entre la Pla\u00e7a Castella y la calle Tallers, una ubicaci\u00f3n inmejorable junto a Pla\u00e7a Universitat, Las Ramblas y la Ronda Sant Antoni. \n\nSe trata de una plaza ideal para un coche peque\u00f1o o dos motos, con unas dimensiones de 3,47 metros de largo por 1,52 metros de ancho. El acceso al parking es muy c\u00f3modo, con rampas y pasillos amplios que facilitan las maniobras. Adem\u00e1s, el parking dispone de puerta autom\u00e1tica, lo que garantiza seguridad y comodidad. \n\nEs una muy buena oportunidad tanto para uso propio como para inversi\u00f3n, ya que el aparcamiento en esta zona es muy limitado y siempre hay demanda. Si buscas una soluci\u00f3n pr\u00e1ctica y segura para aparcar en el coraz\u00f3n de Barcelona, esta plaza es para ti.","post_type_properties_post_titulo_ingles":"Parking Space Opportunity in the Heart of Barcelona","post_type_properties_post_internet_ingles":"Parking space for sale located in the center of Barcelona, specifically at the junction of Pla\u00e7a Castella and Carrer Tallers\u2014an unbeatable location near Pla\u00e7a Universitat, Las Ramblas, and Ronda Sant Antoni. \n\nThis space is ideal for a small car or two motorbikes, with dimensions of 3.47 meters in length and 1.52 meters in width. The parking access is very convenient, with wide ramps and corridors that make maneuvering easy. Additionally, the parking facility has an automatic door, ensuring both security and convenience. \n\nThis is a great opportunity for personal use or as an investment, as parking in this area is very limited and always in demand. If you're looking for a practical and secure parking solution in the heart of Barcelona, this space is for you.","post_type_properties_post_features_classification_commercial":false,"post_type_properties_post_features_conservation":"","post_type_properties_post_features_security_personnel":false,"post_type_properties_post_features_parking_available":false,"post_type_properties_post_features_garage_capacity_type":"unknown","post_type_properties_post_features_bathroom_number":"","post_type_properties_post_eje":"","post_type_properties_post_zona":"","post_type_properties_post_comarca":"","post_type_properties_post_features_built_year":"","post_type_properties_post_renta_mensual":"","post_type_properties_post_fianza":"","post_type_properties_post_features_area_plot":"","post_type_properties_post_features_area_buildable":"","post_type_properties_post_features_classification_industrial":false,"post_type_properties_post_distrito":"","post_type_properties_post_features_balcony":false,"post_type_properties_post_features_bedroom_number":"","post_type_properties_post_features_heating_type":"","post_type_properties_post_features_equipped_with_furniture":false,"post_type_properties_post_features_pets_allowed":false,"post_type_properties_post_features_pool":false,"post_type_properties_post_features_terrace":false,"post_type_properties_post_features_wardrobes":false,"post_type_properties_post_features_lift_available":false,"post_type_properties_post_features_handicap_adapted_access":false,"post_type_properties_post_features_orientation_east":false,"post_type_properties_post_features_orientation_west":false,"post_type_properties_post_features_orientation_north":false,"post_type_properties_post_features_orientation_south":false,"post_type_properties_post_features_parking_spaces_number":"","post_type_properties_post_features_security_alarm":false,"post_type_properties_post_features_security_system":false,"post_type_properties_post_open_plan":false,"post_type_properties_post_acceso_24_7":false,"post_type_properties_post_oficina_privada":false,"post_type_properties_post_sala_reuniones":false,"post_type_properties_post_espacio_eventos":false,"post_type_properties_post_office":false,"post_type_properties_post_restaurant":false,"post_type_properties_post_acepta_traspaso":false,"post_type_properties_post_vigilancia":false,"post_type_properties_post_features_suite":false,"post_type_properties_post_features_vitro":false,"post_type_properties_post_features_oven":false,"post_type_properties_post_features_microwave":false,"post_type_properties_post_features_washing_machine":false,"post_type_properties_post_features_dryer":false,"post_type_properties_post_features_dishwasher":false,"post_type_properties_post_features_fridge":false,"post_type_properties_post_features_fridge_mini":false,"post_type_properties_post_features_kettle":false,"post_type_properties_post_features_toaster":false,"post_type_properties_post_features_coffee_maker":false,"post_type_properties_post_features_iron":false,"post_type_properties_post_features_ironing_board":false,"post_type_properties_post_features_safe":false,"post_type_properties_post_features_internet":false,"post_type_properties_post_features_solarium":false,"post_type_properties_post_features_clean_service":false,"post_type_properties_post_features_t_v":false,"post_type_properties_post_features_satellite_t_v":false,"post_type_properties_post_features_gas_kitchen":false,"post_type_properties_post_features_view_mountain":false,"post_type_properties_post_features_view_sea":false,"post_type_properties_post_features_concierge":false,"post_type_properties_post_features_loading_dock":false,"post_type_properties_post_features_bridge_crane":false,"post_type_properties_post_features_located_at_corner":false,"post_type_properties_post_features_smoke_extraction":false,"post_type_properties_post_features_rooms":"","post_type_properties_post_features_garden_area":"","post_type_properties_post_features_utilities_water":false,"post_type_properties_post_features_utilities_electricity":false,"post_type_properties_post_features_utilities_natural_gas":false,"post_type_properties_post_features_building_adapted":false,"post_type_properties_post_features_garden":false,"post_type_properties_post_features_classification_hotel":false,"post_type_properties_post_features_classification_chalet":false,"post_type_properties_post_certificado_energetico_emisiones":"","post_type_properties_post_barrio":"","post_type_properties_post_distrito_empresa":"Ciutat Vella","post_type_properties_post_features_property_category_intern":"","post_type_properties_post_implantada":false,"post_type_properties_post_sello_leed":"","post_type_properties_post_sello_well":"","post_type_properties_post_sello_breeam":false,"post_type_properties_post_images":[{"properties_post_image_order":1,"properties_post_image_url":"https:\/\/movin.cloud\/empresas\/1498\/imagenes\/11247654\/habitalia.webp","properties_post_image_url_thumbnail":"https:\/\/movin.cloud\/empresas\/1498\/imagenes\/thumbnails\/11247654\/habitalia.webp","properties_post_title":"habitalia","properties_post_alt":"habitalia"},{"properties_post_image_order":2,"properties_post_image_url":"https:\/\/movin.cloud\/empresas\/1498\/imagenes\/11247654\/inmobiliaria.webp","properties_post_image_url_thumbnail":"https:\/\/movin.cloud\/empresas\/1498\/imagenes\/thumbnails\/11247654\/inmobiliaria.webp","properties_post_title":"inmobiliaria","properties_post_alt":"inmobiliaria"},{"properties_post_image_order":3,"properties_post_image_url":"https:\/\/movin.cloud\/empresas\/1498\/imagenes\/11247654\/comprar.webp","properties_post_image_url_thumbnail":"https:\/\/movin.cloud\/empresas\/1498\/imagenes\/thumbnails\/11247654\/comprar.webp","properties_post_title":"comprar","properties_post_alt":"comprar"},{"properties_post_image_order":4,"properties_post_image_url":"https:\/\/movin.cloud\/empresas\/1498\/imagenes\/11247654\/fincas.webp","properties_post_image_url_thumbnail":"https:\/\/movin.cloud\/empresas\/1498\/imagenes\/thumbnails\/11247654\/fincas.webp","properties_post_title":"fincas","properties_post_alt":"fincas"},{"properties_post_image_order":5,"properties_post_image_url":"https:\/\/movin.cloud\/empresas\/1498\/imagenes\/11247654\/viviendas.webp","properties_post_image_url_thumbnail":"https:\/\/movin.cloud\/empresas\/1498\/imagenes\/thumbnails\/11247654\/viviendas.webp","properties_post_title":"viviendas","properties_post_alt":"viviendas"},{"properties_post_image_order":6,"properties_post_image_url":"https:\/\/movin.cloud\/empresas\/1498\/imagenes\/11247654\/venta-viviendas.webp","properties_post_image_url_thumbnail":"https:\/\/movin.cloud\/empresas\/1498\/imagenes\/thumbnails\/11247654\/venta-viviendas.webp","properties_post_title":"venta viviendas","properties_post_alt":"venta viviendas"},{"properties_post_image_order":7,"properties_post_image_url":"https:\/\/movin.cloud\/empresas\/1498\/imagenes\/11247654\/venta.webp","properties_post_image_url_thumbnail":"https:\/\/movin.cloud\/empresas\/1498\/imagenes\/thumbnails\/11247654\/venta.webp","properties_post_title":"venta","properties_post_alt":"venta"},{"properties_post_image_order":8,"properties_post_image_url":"https:\/\/movin.cloud\/empresas\/1498\/imagenes\/11247654\/viviendas-barcelona.webp","properties_post_image_url_thumbnail":"https:\/\/movin.cloud\/empresas\/1498\/imagenes\/thumbnails\/11247654\/viviendas-barcelona.webp","properties_post_title":"viviendas barcelona","properties_post_alt":"viviendas barcelona"},{"properties_post_image_order":9,"properties_post_image_url":"https:\/\/movin.cloud\/empresas\/1498\/imagenes\/11247654\/compra-barcelona.webp","properties_post_image_url_thumbnail":"https:\/\/movin.cloud\/empresas\/1498\/imagenes\/thumbnails\/11247654\/compra-barcelona.webp","properties_post_title":"compra barcelona","properties_post_alt":"compra barcelona"},{"properties_post_image_order":10,"properties_post_image_url":"https:\/\/movin.cloud\/empresas\/1498\/imagenes\/11247654\/inmobiliarias.webp","properties_post_image_url_thumbnail":"https:\/\/movin.cloud\/empresas\/1498\/imagenes\/thumbnails\/11247654\/inmobiliarias.webp","properties_post_title":"inmobiliarias","properties_post_alt":"inmobiliarias"},{"properties_post_image_order":11,"properties_post_image_url":"https:\/\/movin.cloud\/empresas\/1498\/imagenes\/11247654\/parkings-barcelona.webp","properties_post_image_url_thumbnail":"https:\/\/movin.cloud\/empresas\/1498\/imagenes\/thumbnails\/11247654\/parkings-barcelona.webp","properties_post_title":"parkings barcelona","properties_post_alt":"parkings barcelona"},{"properties_post_image_order":12,"properties_post_image_url":"https:\/\/movin.cloud\/empresas\/1498\/imagenes\/11247654\/compra.webp","properties_post_image_url_thumbnail":"https:\/\/movin.cloud\/empresas\/1498\/imagenes\/thumbnails\/11247654\/compra.webp","properties_post_title":"compra","properties_post_alt":"compra"},{"properties_post_image_order":13,"properties_post_image_url":"https:\/\/movin.cloud\/empresas\/1498\/imagenes\/11247654\/compra-para-idealistas-barcelona.webp","properties_post_image_url_thumbnail":"https:\/\/movin.cloud\/empresas\/1498\/imagenes\/thumbnails\/11247654\/compra-para-idealistas-barcelona.webp","properties_post_title":"compra para idealistas barcelona","properties_post_alt":"compra para idealistas barcelona"},{"properties_post_image_order":14,"properties_post_image_url":"https:\/\/movin.cloud\/empresas\/1498\/imagenes\/11247654\/compra-para-idealistas.webp","properties_post_image_url_thumbnail":"https:\/\/movin.cloud\/empresas\/1498\/imagenes\/thumbnails\/11247654\/compra-para-idealistas.webp","properties_post_title":"compra para idealistas","properties_post_alt":"compra para idealistas"},{"properties_post_image_order":15,"properties_post_image_url":"https:\/\/movin.cloud\/empresas\/1498\/imagenes\/11247654\/parkings.webp","properties_post_image_url_thumbnail":"https:\/\/movin.cloud\/empresas\/1498\/imagenes\/thumbnails\/11247654\/parkings.webp","properties_post_title":"parkings","properties_post_alt":"parkings"},{"properties_post_image_order":16,"properties_post_image_url":"https:\/\/movin.cloud\/empresas\/1498\/imagenes\/11247654\/habitalia-barcelona.webp","properties_post_image_url_thumbnail":"https:\/\/movin.cloud\/empresas\/1498\/imagenes\/thumbnails\/11247654\/habitalia-barcelona.webp","properties_post_title":"habitalia barcelona","properties_post_alt":"habitalia barcelona"}],"post_type_properties_post_videos":[{"properties_post_video_url":"https:\/\/www.youtube.com\/watch?v=daJliQMBFas","properties_post_video_order":"999"}],"post_type_properties_post_tour":null,"post_type_properties_post_dossier_url":"","post_type_properties_post_operation_type":"sale","post_type_properties_post_operation_price":12000,"post_type_properties_post_features_hidden_price":false},"yoast_head":"<!-- This site is optimized with the Yoast SEO plugin v27.4 - https:\/\/yoast.com\/product\/yoast-seo-wordpress\/ -->\n<title>Oportunidad de Plaza de Aparcamiento en el Centro de Barcelona<\/title>\n<meta name=\"description\" content=\"Oportunidad de Plaza de Aparcamiento en el Centro de Barcelona\" \/>\n<meta name=\"robots\" content=\"index, follow, max-snippet:-1, max-image-preview:large, max-video-preview:-1\" \/>\n<link rel=\"canonical\" href=\"https:\/\/forcadell.com\/en\/propiedades\/oportunidad-de-plaza-de-aparcamiento-en-el-centro-de-barcelona\/\" \/>\n<meta property=\"og:locale\" content=\"en_US\" \/>\n<meta property=\"og:type\" content=\"article\" \/>\n<meta property=\"og:title\" content=\"Oportunidad de Plaza de Aparcamiento en el Centro de Barcelona\" \/>\n<meta property=\"og:description\" content=\"Oportunidad de Plaza de Aparcamiento en el Centro de Barcelona\" \/>\n<meta property=\"og:url\" content=\"https:\/\/forcadell.com\/en\/propiedades\/oportunidad-de-plaza-de-aparcamiento-en-el-centro-de-barcelona\/\" \/>\n<meta property=\"og:site_name\" content=\"Forcadell\" \/>\n<meta property=\"article:modified_time\" content=\"2026-09-01T06:34:50+00:00\" \/>\n<meta name=\"twitter:card\" content=\"summary_large_image\" \/>\n<meta name=\"twitter:label1\" content=\"Est. reading time\" \/>\n\t<meta name=\"twitter:data1\" content=\"1 minute\" \/>\n<script type=\"application\/ld+json\" class=\"yoast-schema-graph\">{\"@context\":\"https:\\\/\\\/schema.org\",\"@graph\":[{\"@type\":\"WebPage\",\"@id\":\"https:\\\/\\\/forcadell.com\\\/en\\\/propiedades\\\/oportunidad-de-plaza-de-aparcamiento-en-el-centro-de-barcelona\\\/\",\"url\":\"https:\\\/\\\/forcadell.com\\\/en\\\/propiedades\\\/oportunidad-de-plaza-de-aparcamiento-en-el-centro-de-barcelona\\\/\",\"name\":\"Oportunidad de Plaza de Aparcamiento en el Centro de Barcelona\",\"isPartOf\":{\"@id\":\"https:\\\/\\\/forcadell.com\\\/en\\\/#website\"},\"datePublished\":\"2026-08-04T06:28:07+00:00\",\"dateModified\":\"2026-09-01T06:34:50+00:00\",\"description\":\"Oportunidad de Plaza de Aparcamiento en el Centro de Barcelona\",\"breadcrumb\":{\"@id\":\"https:\\\/\\\/forcadell.com\\\/en\\\/propiedades\\\/oportunidad-de-plaza-de-aparcamiento-en-el-centro-de-barcelona\\\/#breadcrumb\"},\"inLanguage\":\"en-US\",\"potentialAction\":[{\"@type\":\"ReadAction\",\"target\":[\"https:\\\/\\\/forcadell.com\\\/en\\\/propiedades\\\/oportunidad-de-plaza-de-aparcamiento-en-el-centro-de-barcelona\\\/\"]}]},{\"@type\":\"BreadcrumbList\",\"@id\":\"https:\\\/\\\/forcadell.com\\\/en\\\/propiedades\\\/oportunidad-de-plaza-de-aparcamiento-en-el-centro-de-barcelona\\\/#breadcrumb\",\"itemListElement\":[{\"@type\":\"ListItem\",\"position\":1,\"name\":\"Portada\",\"item\":\"https:\\\/\\\/forcadell.com\\\/en\\\/\"},{\"@type\":\"ListItem\",\"position\":2,\"name\":\"Properties\",\"item\":\"https:\\\/\\\/forcadell.com\\\/en\\\/propiedades\\\/\"},{\"@type\":\"ListItem\",\"position\":3,\"name\":\"Oportunidad de Plaza de Aparcamiento en el Centro de Barcelona\"}]},{\"@type\":\"WebSite\",\"@id\":\"https:\\\/\\\/forcadell.com\\\/en\\\/#website\",\"url\":\"https:\\\/\\\/forcadell.com\\\/en\\\/\",\"name\":\"Forcadell\",\"description\":\"Inmobiliaria Barcelona | Consultores inmobiliarios\",\"potentialAction\":[{\"@type\":\"SearchAction\",\"target\":{\"@type\":\"EntryPoint\",\"urlTemplate\":\"https:\\\/\\\/forcadell.com\\\/en\\\/?s={search_term_string}\"},\"query-input\":{\"@type\":\"PropertyValueSpecification\",\"valueRequired\":true,\"valueName\":\"search_term_string\"}}],\"inLanguage\":\"en-US\"}]}<\/script>\n<!-- \/ Yoast SEO plugin. -->","yoast_head_json":{"title":"Oportunidad de Plaza de Aparcamiento en el Centro de Barcelona","description":"Oportunidad de Plaza de Aparcamiento en el Centro de Barcelona","robots":{"index":"index","follow":"follow","max-snippet":"max-snippet:-1","max-image-preview":"max-image-preview:large","max-video-preview":"max-video-preview:-1"},"canonical":"https:\/\/forcadell.com\/en\/propiedades\/oportunidad-de-plaza-de-aparcamiento-en-el-centro-de-barcelona\/","og_locale":"en_US","og_type":"article","og_title":"Oportunidad de Plaza de Aparcamiento en el Centro de Barcelona","og_description":"Oportunidad de Plaza de Aparcamiento en el Centro de Barcelona","og_url":"https:\/\/forcadell.com\/en\/propiedades\/oportunidad-de-plaza-de-aparcamiento-en-el-centro-de-barcelona\/","og_site_name":"Forcadell","article_modified_time":"2026-09-01T06:34:50+00:00","twitter_card":"summary_large_image","twitter_misc":{"Est. reading time":"1 minute"},"schema":{"@context":"https:\/\/schema.org","@graph":[{"@type":"WebPage","@id":"https:\/\/forcadell.com\/en\/propiedades\/oportunidad-de-plaza-de-aparcamiento-en-el-centro-de-barcelona\/","url":"https:\/\/forcadell.com\/en\/propiedades\/oportunidad-de-plaza-de-aparcamiento-en-el-centro-de-barcelona\/","name":"Oportunidad de Plaza de Aparcamiento en el Centro de Barcelona","isPartOf":{"@id":"https:\/\/forcadell.com\/en\/#website"},"datePublished":"2026-08-04T06:28:07+00:00","dateModified":"2026-09-01T06:34:50+00:00","description":"Oportunidad de Plaza de Aparcamiento en el Centro de Barcelona","breadcrumb":{"@id":"https:\/\/forcadell.com\/en\/propiedades\/oportunidad-de-plaza-de-aparcamiento-en-el-centro-de-barcelona\/#breadcrumb"},"inLanguage":"en-US","potentialAction":[{"@type":"ReadAction","target":["https:\/\/forcadell.com\/en\/propiedades\/oportunidad-de-plaza-de-aparcamiento-en-el-centro-de-barcelona\/"]}]},{"@type":"BreadcrumbList","@id":"https:\/\/forcadell.com\/en\/propiedades\/oportunidad-de-plaza-de-aparcamiento-en-el-centro-de-barcelona\/#breadcrumb","itemListElement":[{"@type":"ListItem","position":1,"name":"Portada","item":"https:\/\/forcadell.com\/en\/"},{"@type":"ListItem","position":2,"name":"Properties","item":"https:\/\/forcadell.com\/en\/propiedades\/"},{"@type":"ListItem","position":3,"name":"Oportunidad de Plaza de Aparcamiento en el Centro de Barcelona"}]},{"@type":"WebSite","@id":"https:\/\/forcadell.com\/en\/#website","url":"https:\/\/forcadell.com\/en\/","name":"Forcadell","description":"Inmobiliaria Barcelona | Consultores inmobiliarios","potentialAction":[{"@type":"SearchAction","target":{"@type":"EntryPoint","urlTemplate":"https:\/\/forcadell.com\/en\/?s={search_term_string}"},"query-input":{"@type":"PropertyValueSpecification","valueRequired":true,"valueName":"search_term_string"}}],"inLanguage":"en-US"}]}},"_links":{"self":[{"href":"https:\/\/forcadell.com\/en\/wp-json\/wp\/v2\/properties_post\/83925","targetHints":{"allow":["GET"]}}],"collection":[{"href":"https:\/\/forcadell.com\/en\/wp-json\/wp\/v2\/properties_post"}],"about":[{"href":"https:\/\/forcadell.com\/en\/wp-json\/wp\/v2\/types\/properties_post"}],"wp:attachment":[{"href":"https:\/\/forcadell.com\/en\/wp-json\/wp\/v2\/media?parent=83925"}],"curies":[{"name":"wp","href":"https:\/\/api.w.org\/{rel}","templated":true}]}}