{"id":83920,"date":"2026-08-04T08:27:54","date_gmt":"2026-08-04T06:27:54","guid":{"rendered":"https:\/\/forcadell.com\/propiedades\/plaza-de-parking-en-venta-en-el-centro-de-barcelona\/"},"modified":"2026-09-01T08:34:48","modified_gmt":"2026-09-01T06:34:48","slug":"plaza-de-parking-en-venta-en-el-centro-de-barcelona","status":"publish","type":"properties_post","link":"https:\/\/forcadell.com\/en\/propiedades\/plaza-de-parking-en-venta-en-el-centro-de-barcelona\/","title":{"rendered":"\u00a1Plaza de parking en venta en el centro de Barcelona!"},"content":{"rendered":"<p>\u00a1Plaza de parking en venta en el centro de Barcelona! <\/p>\n<p>Ubicaci\u00f3n: Calle Diputaci\u00f3, 92, Barcelona.<\/p>\n<p>Medidas: 473 cm de largo x 190 cm de ancho. Ideal para coche mediano.<\/p>\n<p>Seguridad: Parking equipado con c\u00e1maras de vigilancia para tu tranquilidad.<\/p>\n<p>Comodidad: Accesos amplios y c\u00f3modos, \u00a1sin maniobras complicadas!<\/p>\n<p>Extras: Acceso directo mediante ascensor.<\/p>\n<p>Aprovecha esta oportunidad para asegurar tu plaza en una ubicaci\u00f3n privilegiada del Eixample. \u00a1No lo dejes escapar!<br \/>\n\u00a1Cont\u00e1ctanos ahora para m\u00e1s informaci\u00f3n o una visita!<\/p>\n","protected":false},"template":"","class_list":["post-83920","properties_post","type-properties_post","status-publish","hentry","properties_modality-sale","properties_district-eixample","properties_province-barcelona","properties_state-barcelona","properties_subclass-parking","properties_type-parking"],"acf":{"post_type_properties_post_property_code":"11246428","post_type_properties_post_property_reference":"EIX_3164","post_type_properties_post_owner_id":"184352","post_type_properties_post_owner_name":"Serafin P\u00e9rez","post_type_properties_post_property_code_encrypted":"MjQ5JDMwOTk1","post_type_properties_post_published":"1","post_type_properties_post_property_visibility":"idealista","post_type_properties_post_contact_name":"Forcadell Eixample","post_type_properties_post_contact_email":"forcadell.eixample@movin.cloud","post_type_properties_post_contact_primary_phone_prefix":"34","post_type_properties_post_contact_primary_phone_number":"934965408","post_type_properties_post_address_visibility":"street","post_type_properties_post_address_country":"Spain","post_type_properties_post_address_coordinates_precision":"exact","post_type_properties_post_address_postal_code":"08015","post_type_properties_post_address_coordinates_latitude":"41.3798601","post_type_properties_post_address_coordinates_longitude":"2.1530816","post_type_properties_post_address_street_name":"C\/ Diputaci\u00f3 ","post_type_properties_post_address_floor":"","post_type_properties_post_address_town":"Barcelona","post_type_properties_post_building":null,"post_type_properties_post_property":[{"properties_post_description_language":"catalan","properties_post_title":"Pla\u00e7a de p\u00e0rquing en venda al centre de Barcelona!","properties_post_short_description_text_alt":"","properties_post_description_text_alt":"","properties_post_short_description_text":"Pla\u00e7a de p\u00e0rquing en venda al centre de Barcelona!","properties_post_link_demanda_inmueble":"https:\/\/movin.cloud\/ca\/Forcadell Eixample\/formulari-peticio-immoble\/sth\/1498&&11246428","properties_post_link_demanda_calendario_inmueble":"https:\/\/movin.cloud\/ca\/Forcadell Eixample\/calendari-peticio-immoble\/sth\/1498&&11246428","properties_post_description_text":"Pla\u00e7a de p\u00e0rquing en venda al centre de Barcelona!\n\nUbicaci\u00f3: Carrer Diputaci\u00f3, 92, Barcelona.\n\nMides: 473 cm de llarg x 190 cm d\u2019ample. Ideal per a cotxe mitj\u00e0.\n\nSeguretat: P\u00e0rquing equipat amb c\u00e0meres de vigil\u00e0ncia per a la teva tranquil\u00b7litat.\n\nComoditat: Accessos amplis i c\u00f2modes, sense maniobres complicades!\n\nExtres: Acc\u00e9s directe mitjan\u00e7ant ascensor.\n\nAprofita aquesta oportunitat per assegurar la teva pla\u00e7a en una ubicaci\u00f3 privilegiada de l\u2019Eixample. No la deixis escapar!\nContacta amb nosaltres ara per a m\u00e9s informaci\u00f3 o una visita!","properties_post_seo_title":"","properties_post_seo_alias":"","properties_post_seo_metadescription":"","properties_post_seo_key_words":"","properties_post_seo_url":"","properties_post_terms_conditions":""},{"properties_post_description_language":"spanish","properties_post_title":"\u00a1Plaza de parking en venta en el centro de Barcelona! ","properties_post_short_description_text_alt":"","properties_post_description_text_alt":"","properties_post_short_description_text":"\u00a1Plaza de parking en venta en el centro de Barcelona! ","properties_post_link_demanda_inmueble":"https:\/\/movin.cloud\/es\/Forcadell Eixample\/formulario-peticion-inmueble\/sth\/1498&&11246428","properties_post_link_demanda_calendario_inmueble":"https:\/\/movin.cloud\/es\/Forcadell Eixample\/calendario-peticion-inmueble\/sth\/1498&&11246428","properties_post_description_text":"\u00a1Plaza de parking en venta en el centro de Barcelona! \n\nUbicaci\u00f3n: Calle Diputaci\u00f3, 92, Barcelona.\n\nMedidas: 473 cm de largo x 190 cm de ancho. Ideal para coche mediano.\n\nSeguridad: Parking equipado con c\u00e1maras de vigilancia para tu tranquilidad.\n\nComodidad: Accesos amplios y c\u00f3modos, \u00a1sin maniobras complicadas!\n\nExtras: Acceso directo mediante ascensor.\n\nAprovecha esta oportunidad para asegurar tu plaza en una ubicaci\u00f3n privilegiada del Eixample. \u00a1No lo dejes escapar!\n\u00a1Cont\u00e1ctanos ahora para m\u00e1s informaci\u00f3n o una visita!\n","properties_post_seo_title":"","properties_post_seo_alias":"","properties_post_seo_metadescription":"","properties_post_seo_key_words":"","properties_post_seo_url":"","properties_post_terms_conditions":""},{"properties_post_description_language":"english","properties_post_title":"Parking space for sale in the heart of Barcelona!","properties_post_short_description_text_alt":"","properties_post_description_text_alt":"","properties_post_short_description_text":"Parking space for sale in the heart of Barcelona!","properties_post_link_demanda_inmueble":"https:\/\/movin.cloud\/en\/Forcadell Eixample\/property-form-request\/sth\/1498&&11246428","properties_post_link_demanda_calendario_inmueble":"https:\/\/movin.cloud\/en\/Forcadell Eixample\/property-calendar-request\/sth\/1498&&11246428","properties_post_description_text":"Parking space for sale in the heart of Barcelona!\n\nLocation: Calle Diputaci\u00f3, 92, Barcelona.\n\nDimensions: 473 cm long x 190 cm wide. Ideal for a medium-sized car.\n\nSecurity: Parking equipped with surveillance cameras for your peace of mind.\n\nConvenience: Wide and easy access, no tricky manoeuvres!\n\nExtras: Direct access via lift.\n\nTake advantage of this opportunity to secure your spot in a prime location in the Eixample. Don\u2019t miss out!\nContact us now for more information or a viewing!","properties_post_seo_title":"","properties_post_seo_alias":"","properties_post_seo_metadescription":"","properties_post_seo_key_words":"","properties_post_seo_url":"","properties_post_terms_conditions":""}],"post_type_properties_post_features_type":"garage","post_type_properties_post_id_building":"","post_type_properties_post_features_area_constructed":8,"post_type_properties_post_features_conditioned_air":false,"post_type_properties_post_features_doorman":false,"post_type_properties_post_features_heating":false,"post_type_properties_post_features_equipped_kitchen":false,"post_type_properties_post_features_windows_location":"","post_type_properties_post_features_floors_property":false,"post_type_properties_post_features_storage":false,"post_type_properties_post_features_security_door":false,"post_type_properties_post_features_energy_certificate_rating":"","post_type_properties_post_features_energy_certificate_emissions_rating":"","post_type_properties_post_features_energy_certificate_emissions_value":"","post_type_properties_post_features_energy_certificate_performance":"","post_type_properties_post_features_bathroom_inside":false,"post_type_properties_post_precio":17000,"post_type_properties_post_precio_alquiler":17000,"post_type_properties_post_record_type_id":"Parking","post_type_properties_post_categoria__producto":"Parking","post_type_properties_post_amueblado":false,"post_type_properties_post_precio_m2":2004.45,"post_type_properties_post_zona__comunitaria":false,"post_type_properties_post_electrodomesticos":false,"post_type_properties_post_patio__interior":false,"post_type_properties_post_certificado_energetico_general":"","post_type_properties_post_certificado_energetico_consumo":"","post_type_properties_post_certificado_energetico_valor_emisiones":"","post_type_properties_post_certificado_energetico_valor_consumo":"","post_type_properties_post_modalidad":"sale","post_type_properties_post_provincia":"Barcelona","post_type_properties_post_poblacion":"Barcelona","post_type_properties_post_centro__urbano":true,"post_type_properties_post_zonificacion":"","post_type_properties_post_cartera":"","post_type_properties_post_titulo_catalan":"Pla\u00e7a de p\u00e0rquing en venda al centre de Barcelona!","post_type_properties_post_internet_catalan":"Pla\u00e7a de p\u00e0rquing en venda al centre de Barcelona!\n\nUbicaci\u00f3: Carrer Diputaci\u00f3, 92, Barcelona.\n\nMides: 473 cm de llarg x 190 cm d\u2019ample. Ideal per a cotxe mitj\u00e0.\n\nSeguretat: P\u00e0rquing equipat amb c\u00e0meres de vigil\u00e0ncia per a la teva tranquil\u00b7litat.\n\nComoditat: Accessos amplis i c\u00f2modes, sense maniobres complicades!\n\nExtres: Acc\u00e9s directe mitjan\u00e7ant ascensor.\n\nAprofita aquesta oportunitat per assegurar la teva pla\u00e7a en una ubicaci\u00f3 privilegiada de l\u2019Eixample. No la deixis escapar!\nContacta amb nosaltres ara per a m\u00e9s informaci\u00f3 o una visita!","post_type_properties_post_titulo_castellano":"\u00a1Plaza de parking en venta en el centro de Barcelona! ","post_type_properties_post_internet_castellano":"\u00a1Plaza de parking en venta en el centro de Barcelona! \n\nUbicaci\u00f3n: Calle Diputaci\u00f3, 92, Barcelona.\n\nMedidas: 473 cm de largo x 190 cm de ancho. Ideal para coche mediano.\n\nSeguridad: Parking equipado con c\u00e1maras de vigilancia para tu tranquilidad.\n\nComodidad: Accesos amplios y c\u00f3modos, \u00a1sin maniobras complicadas!\n\nExtras: Acceso directo mediante ascensor.\n\nAprovecha esta oportunidad para asegurar tu plaza en una ubicaci\u00f3n privilegiada del Eixample. \u00a1No lo dejes escapar!\n\u00a1Cont\u00e1ctanos ahora para m\u00e1s informaci\u00f3n o una visita!\n","post_type_properties_post_titulo_ingles":"Parking space for sale in the heart of Barcelona!","post_type_properties_post_internet_ingles":"Parking space for sale in the heart of Barcelona!\n\nLocation: Calle Diputaci\u00f3, 92, Barcelona.\n\nDimensions: 473 cm long x 190 cm wide. Ideal for a medium-sized car.\n\nSecurity: Parking equipped with surveillance cameras for your peace of mind.\n\nConvenience: Wide and easy access, no tricky manoeuvres!\n\nExtras: Direct access via lift.\n\nTake advantage of this opportunity to secure your spot in a prime location in the Eixample. Don\u2019t miss out!\nContact us now for more information or a viewing!","post_type_properties_post_features_classification_commercial":false,"post_type_properties_post_features_conservation":"","post_type_properties_post_features_security_personnel":false,"post_type_properties_post_features_parking_available":false,"post_type_properties_post_features_garage_capacity_type":"unknown","post_type_properties_post_features_bathroom_number":"","post_type_properties_post_eje":"","post_type_properties_post_zona":"","post_type_properties_post_comarca":"","post_type_properties_post_features_built_year":"","post_type_properties_post_renta_mensual":"","post_type_properties_post_fianza":"","post_type_properties_post_features_area_plot":"","post_type_properties_post_features_area_buildable":"","post_type_properties_post_features_classification_industrial":false,"post_type_properties_post_distrito":"","post_type_properties_post_features_balcony":false,"post_type_properties_post_features_bedroom_number":"","post_type_properties_post_features_heating_type":"","post_type_properties_post_features_equipped_with_furniture":false,"post_type_properties_post_features_pets_allowed":false,"post_type_properties_post_features_pool":false,"post_type_properties_post_features_terrace":false,"post_type_properties_post_features_wardrobes":false,"post_type_properties_post_features_lift_available":false,"post_type_properties_post_features_handicap_adapted_access":false,"post_type_properties_post_features_orientation_east":false,"post_type_properties_post_features_orientation_west":false,"post_type_properties_post_features_orientation_north":false,"post_type_properties_post_features_orientation_south":false,"post_type_properties_post_features_parking_spaces_number":"","post_type_properties_post_features_security_alarm":false,"post_type_properties_post_features_security_system":false,"post_type_properties_post_open_plan":false,"post_type_properties_post_acceso_24_7":false,"post_type_properties_post_oficina_privada":false,"post_type_properties_post_sala_reuniones":false,"post_type_properties_post_espacio_eventos":false,"post_type_properties_post_office":false,"post_type_properties_post_restaurant":false,"post_type_properties_post_acepta_traspaso":false,"post_type_properties_post_vigilancia":false,"post_type_properties_post_features_suite":false,"post_type_properties_post_features_vitro":false,"post_type_properties_post_features_oven":false,"post_type_properties_post_features_microwave":false,"post_type_properties_post_features_washing_machine":false,"post_type_properties_post_features_dryer":false,"post_type_properties_post_features_dishwasher":false,"post_type_properties_post_features_fridge":false,"post_type_properties_post_features_fridge_mini":false,"post_type_properties_post_features_kettle":false,"post_type_properties_post_features_toaster":false,"post_type_properties_post_features_coffee_maker":false,"post_type_properties_post_features_iron":false,"post_type_properties_post_features_ironing_board":false,"post_type_properties_post_features_safe":false,"post_type_properties_post_features_internet":false,"post_type_properties_post_features_solarium":false,"post_type_properties_post_features_clean_service":false,"post_type_properties_post_features_t_v":false,"post_type_properties_post_features_satellite_t_v":false,"post_type_properties_post_features_gas_kitchen":false,"post_type_properties_post_features_view_mountain":false,"post_type_properties_post_features_view_sea":false,"post_type_properties_post_features_concierge":false,"post_type_properties_post_features_loading_dock":false,"post_type_properties_post_features_bridge_crane":false,"post_type_properties_post_features_located_at_corner":false,"post_type_properties_post_features_smoke_extraction":false,"post_type_properties_post_features_rooms":"","post_type_properties_post_features_garden_area":"","post_type_properties_post_features_utilities_water":false,"post_type_properties_post_features_utilities_electricity":false,"post_type_properties_post_features_utilities_natural_gas":false,"post_type_properties_post_features_building_adapted":false,"post_type_properties_post_features_garden":false,"post_type_properties_post_features_classification_hotel":false,"post_type_properties_post_features_classification_chalet":false,"post_type_properties_post_certificado_energetico_emisiones":"","post_type_properties_post_barrio":"","post_type_properties_post_distrito_empresa":"Eixample","post_type_properties_post_features_property_category_intern":"","post_type_properties_post_implantada":false,"post_type_properties_post_sello_leed":"","post_type_properties_post_sello_well":"","post_type_properties_post_sello_breeam":false,"post_type_properties_post_images":[{"properties_post_image_order":1,"properties_post_image_url":"https:\/\/movin.cloud\/empresas\/1498\/imagenes\/11246428\/compra-para-idealistas.webp","properties_post_image_url_thumbnail":"https:\/\/movin.cloud\/empresas\/1498\/imagenes\/thumbnails\/11246428\/compra-para-idealistas.webp","properties_post_title":"compra para idealistas","properties_post_alt":"compra para idealistas"},{"properties_post_image_order":2,"properties_post_image_url":"https:\/\/movin.cloud\/empresas\/1498\/imagenes\/11246428\/viviendas.webp","properties_post_image_url_thumbnail":"https:\/\/movin.cloud\/empresas\/1498\/imagenes\/thumbnails\/11246428\/viviendas.webp","properties_post_title":"viviendas","properties_post_alt":"viviendas"},{"properties_post_image_order":3,"properties_post_image_url":"https:\/\/movin.cloud\/empresas\/1498\/imagenes\/11246428\/venta-viviendas.webp","properties_post_image_url_thumbnail":"https:\/\/movin.cloud\/empresas\/1498\/imagenes\/thumbnails\/11246428\/venta-viviendas.webp","properties_post_title":"venta viviendas","properties_post_alt":"venta viviendas"}],"post_type_properties_post_videos":[{"properties_post_video_url":"https:\/\/www.youtube.com\/watch?v=daJliQMBFas","properties_post_video_order":"999"}],"post_type_properties_post_tour":null,"post_type_properties_post_dossier_url":"","post_type_properties_post_operation_type":"sale","post_type_properties_post_operation_price":17000,"post_type_properties_post_features_hidden_price":false},"yoast_head":"<!-- This site is optimized with the Yoast SEO plugin v27.4 - https:\/\/yoast.com\/product\/yoast-seo-wordpress\/ -->\n<title>\u00a1Plaza de parking en venta en el centro de Barcelona!<\/title>\n<meta name=\"description\" content=\"\u00a1Plaza de parking en venta en el centro de Barcelona!\" \/>\n<meta name=\"robots\" content=\"index, follow, max-snippet:-1, max-image-preview:large, max-video-preview:-1\" \/>\n<link rel=\"canonical\" href=\"https:\/\/forcadell.com\/en\/propiedades\/plaza-de-parking-en-venta-en-el-centro-de-barcelona\/\" \/>\n<meta property=\"og:locale\" content=\"en_US\" \/>\n<meta property=\"og:type\" content=\"article\" \/>\n<meta property=\"og:title\" content=\"\u00a1Plaza de parking en venta en el centro de Barcelona!\" \/>\n<meta property=\"og:description\" content=\"\u00a1Plaza de parking en venta en el centro de Barcelona!\" \/>\n<meta property=\"og:url\" content=\"https:\/\/forcadell.com\/en\/propiedades\/plaza-de-parking-en-venta-en-el-centro-de-barcelona\/\" \/>\n<meta property=\"og:site_name\" content=\"Forcadell\" \/>\n<meta property=\"article:modified_time\" content=\"2026-09-01T06:34:48+00:00\" \/>\n<meta name=\"twitter:card\" content=\"summary_large_image\" \/>\n<script type=\"application\/ld+json\" class=\"yoast-schema-graph\">{\"@context\":\"https:\\\/\\\/schema.org\",\"@graph\":[{\"@type\":\"WebPage\",\"@id\":\"https:\\\/\\\/forcadell.com\\\/en\\\/propiedades\\\/plaza-de-parking-en-venta-en-el-centro-de-barcelona\\\/\",\"url\":\"https:\\\/\\\/forcadell.com\\\/en\\\/propiedades\\\/plaza-de-parking-en-venta-en-el-centro-de-barcelona\\\/\",\"name\":\"\u00a1Plaza de parking en venta en el centro de Barcelona!\",\"isPartOf\":{\"@id\":\"https:\\\/\\\/forcadell.com\\\/en\\\/#website\"},\"datePublished\":\"2026-08-04T06:27:54+00:00\",\"dateModified\":\"2026-09-01T06:34:48+00:00\",\"description\":\"\u00a1Plaza de parking en venta en el centro de Barcelona!\",\"breadcrumb\":{\"@id\":\"https:\\\/\\\/forcadell.com\\\/en\\\/propiedades\\\/plaza-de-parking-en-venta-en-el-centro-de-barcelona\\\/#breadcrumb\"},\"inLanguage\":\"en-US\",\"potentialAction\":[{\"@type\":\"ReadAction\",\"target\":[\"https:\\\/\\\/forcadell.com\\\/en\\\/propiedades\\\/plaza-de-parking-en-venta-en-el-centro-de-barcelona\\\/\"]}]},{\"@type\":\"BreadcrumbList\",\"@id\":\"https:\\\/\\\/forcadell.com\\\/en\\\/propiedades\\\/plaza-de-parking-en-venta-en-el-centro-de-barcelona\\\/#breadcrumb\",\"itemListElement\":[{\"@type\":\"ListItem\",\"position\":1,\"name\":\"Portada\",\"item\":\"https:\\\/\\\/forcadell.com\\\/en\\\/\"},{\"@type\":\"ListItem\",\"position\":2,\"name\":\"Properties\",\"item\":\"https:\\\/\\\/forcadell.com\\\/en\\\/propiedades\\\/\"},{\"@type\":\"ListItem\",\"position\":3,\"name\":\"\u00a1Plaza de parking en venta en el centro de Barcelona!\"}]},{\"@type\":\"WebSite\",\"@id\":\"https:\\\/\\\/forcadell.com\\\/en\\\/#website\",\"url\":\"https:\\\/\\\/forcadell.com\\\/en\\\/\",\"name\":\"Forcadell\",\"description\":\"Inmobiliaria Barcelona | Consultores inmobiliarios\",\"potentialAction\":[{\"@type\":\"SearchAction\",\"target\":{\"@type\":\"EntryPoint\",\"urlTemplate\":\"https:\\\/\\\/forcadell.com\\\/en\\\/?s={search_term_string}\"},\"query-input\":{\"@type\":\"PropertyValueSpecification\",\"valueRequired\":true,\"valueName\":\"search_term_string\"}}],\"inLanguage\":\"en-US\"}]}<\/script>\n<!-- \/ Yoast SEO plugin. -->","yoast_head_json":{"title":"\u00a1Plaza de parking en venta en el centro de Barcelona!","description":"\u00a1Plaza de parking en venta en el centro de Barcelona!","robots":{"index":"index","follow":"follow","max-snippet":"max-snippet:-1","max-image-preview":"max-image-preview:large","max-video-preview":"max-video-preview:-1"},"canonical":"https:\/\/forcadell.com\/en\/propiedades\/plaza-de-parking-en-venta-en-el-centro-de-barcelona\/","og_locale":"en_US","og_type":"article","og_title":"\u00a1Plaza de parking en venta en el centro de Barcelona!","og_description":"\u00a1Plaza de parking en venta en el centro de Barcelona!","og_url":"https:\/\/forcadell.com\/en\/propiedades\/plaza-de-parking-en-venta-en-el-centro-de-barcelona\/","og_site_name":"Forcadell","article_modified_time":"2026-09-01T06:34:48+00:00","twitter_card":"summary_large_image","schema":{"@context":"https:\/\/schema.org","@graph":[{"@type":"WebPage","@id":"https:\/\/forcadell.com\/en\/propiedades\/plaza-de-parking-en-venta-en-el-centro-de-barcelona\/","url":"https:\/\/forcadell.com\/en\/propiedades\/plaza-de-parking-en-venta-en-el-centro-de-barcelona\/","name":"\u00a1Plaza de parking en venta en el centro de Barcelona!","isPartOf":{"@id":"https:\/\/forcadell.com\/en\/#website"},"datePublished":"2026-08-04T06:27:54+00:00","dateModified":"2026-09-01T06:34:48+00:00","description":"\u00a1Plaza de parking en venta en el centro de Barcelona!","breadcrumb":{"@id":"https:\/\/forcadell.com\/en\/propiedades\/plaza-de-parking-en-venta-en-el-centro-de-barcelona\/#breadcrumb"},"inLanguage":"en-US","potentialAction":[{"@type":"ReadAction","target":["https:\/\/forcadell.com\/en\/propiedades\/plaza-de-parking-en-venta-en-el-centro-de-barcelona\/"]}]},{"@type":"BreadcrumbList","@id":"https:\/\/forcadell.com\/en\/propiedades\/plaza-de-parking-en-venta-en-el-centro-de-barcelona\/#breadcrumb","itemListElement":[{"@type":"ListItem","position":1,"name":"Portada","item":"https:\/\/forcadell.com\/en\/"},{"@type":"ListItem","position":2,"name":"Properties","item":"https:\/\/forcadell.com\/en\/propiedades\/"},{"@type":"ListItem","position":3,"name":"\u00a1Plaza de parking en venta en el centro de Barcelona!"}]},{"@type":"WebSite","@id":"https:\/\/forcadell.com\/en\/#website","url":"https:\/\/forcadell.com\/en\/","name":"Forcadell","description":"Inmobiliaria Barcelona | Consultores inmobiliarios","potentialAction":[{"@type":"SearchAction","target":{"@type":"EntryPoint","urlTemplate":"https:\/\/forcadell.com\/en\/?s={search_term_string}"},"query-input":{"@type":"PropertyValueSpecification","valueRequired":true,"valueName":"search_term_string"}}],"inLanguage":"en-US"}]}},"_links":{"self":[{"href":"https:\/\/forcadell.com\/en\/wp-json\/wp\/v2\/properties_post\/83920","targetHints":{"allow":["GET"]}}],"collection":[{"href":"https:\/\/forcadell.com\/en\/wp-json\/wp\/v2\/properties_post"}],"about":[{"href":"https:\/\/forcadell.com\/en\/wp-json\/wp\/v2\/types\/properties_post"}],"wp:attachment":[{"href":"https:\/\/forcadell.com\/en\/wp-json\/wp\/v2\/media?parent=83920"}],"curies":[{"name":"wp","href":"https:\/\/api.w.org\/{rel}","templated":true}]}}