{"id":83918,"date":"2026-08-04T08:27:49","date_gmt":"2026-08-04T06:27:49","guid":{"rendered":"https:\/\/forcadell.com\/propiedades\/plaza-de-aparcamiento-en-venta-en-la-calle-arago-con-av-diagonal-en-la-zona-de-leixample-dreta\/"},"modified":"2026-09-01T08:34:47","modified_gmt":"2026-09-01T06:34:47","slug":"plaza-de-aparcamiento-en-venta-en-la-calle-arago-con-av-diagonal-en-la-zona-de-leixample-dreta","status":"publish","type":"properties_post","link":"https:\/\/forcadell.com\/en\/propiedades\/plaza-de-aparcamiento-en-venta-en-la-calle-arago-con-av-diagonal-en-la-zona-de-leixample-dreta\/","title":{"rendered":"Plaza de aparcamiento en venta en la calle Arag\u00f3 con Av. Diagonal, en la zona de l&#8217;eixample dreta"},"content":{"rendered":"<p>La plaza de aparcamiento cuenta con unas dimensiones de 4,18 metros de largo por 1,80m de ancho, y se encuentra ubicada en la planta -1.<\/p>\n<p>Con acceso directo desde dos calles, la calle Arag\u00f3 y la Av. Diagonal. Dispone de rampas y pasillos muy amplios que proporcionan una maniobrabilidad excepcional.<\/p>\n<p>Su acceso es f\u00e1cil por encontrarse en la primera planta, con pasillos muy amplios y facilitando la entrada y salida de tu veh\u00edculo sin problemas.<\/p>\n<p>Aprovecha esta oportunidad para adquirir una plaza de aparcamiento en una ubicaci\u00f3n privilegiada y con todas las comodidades que necesitas. \u00a1No dejes pasar esta oferta!<\/p>\n<p>Para m\u00e1s informaci\u00f3n o para concertar una visita, por favor, cont\u00e1ctanos.<\/p>\n","protected":false},"template":"","class_list":["post-83918","properties_post","type-properties_post","status-publish","hentry","properties_modality-sale","properties_district-eixample","properties_province-barcelona","properties_state-barcelona","properties_subclass-parking","properties_type-parking"],"acf":{"post_type_properties_post_property_code":"11246018","post_type_properties_post_property_reference":"EIX_3081","post_type_properties_post_owner_id":"140120","post_type_properties_post_owner_name":"Silvia Esteve","post_type_properties_post_property_code_encrypted":"MjQ5JDMwNTg1","post_type_properties_post_published":"1","post_type_properties_post_property_visibility":"idealista","post_type_properties_post_contact_name":"Forcadell Eixample","post_type_properties_post_contact_email":"forcadell.eixample@movin.cloud","post_type_properties_post_contact_primary_phone_prefix":"34","post_type_properties_post_contact_primary_phone_number":"934965408","post_type_properties_post_address_visibility":"street","post_type_properties_post_address_country":"Spain","post_type_properties_post_address_coordinates_precision":"exact","post_type_properties_post_address_postal_code":"08013","post_type_properties_post_address_coordinates_latitude":"41.4013251","post_type_properties_post_address_coordinates_longitude":"2.1770807","post_type_properties_post_address_street_name":"C\/ Arag\u00f3 ","post_type_properties_post_address_floor":"","post_type_properties_post_address_town":"Barcelona","post_type_properties_post_building":null,"post_type_properties_post_property":[{"properties_post_description_language":"catalan","properties_post_title":"Pla\u00e7a d'aparcament en venda al carrer Arag\u00f3 amb Av. Diagonal, a la zona de l'Eixample Dreta","properties_post_short_description_text_alt":"","properties_post_description_text_alt":"","properties_post_short_description_text":"Pla\u00e7a d'aparcament en venda al carrer Arag\u00f3 amb Av. Diagonal, a la zona de l'Eixample Dreta","properties_post_link_demanda_inmueble":"https:\/\/movin.cloud\/ca\/Forcadell Eixample\/formulari-peticio-immoble\/sth\/1498&&11246018","properties_post_link_demanda_calendario_inmueble":"https:\/\/movin.cloud\/ca\/Forcadell Eixample\/calendari-peticio-immoble\/sth\/1498&&11246018","properties_post_description_text":"La pla\u00e7a d'aparcament t\u00e9 unes dimensions de 4,18 metres de llarg per 1,80 metres d'ample, i est\u00e0 situada a la planta -1. \n\nT\u00e9 acc\u00e9s directe des de dos carrers: el carrer Arag\u00f3 i l'Av Diagonal. Disposa de rampes i passadissos molt amples que proporcionen una maniobrabilitat excepcional. El seu acc\u00e9s \u00e9s f\u00e0cil per trobar-se a la primera planta, amb passadissos molt amples, facilitant l'entrada i sortida del teu vehicle sense problemes.\n\nAprofita aquesta oportunitat per adquirir una pla\u00e7a d'aparcament en una ubicaci\u00f3 privilegiada i amb totes les comoditats que necessites. No deixis escapar aquesta oferta!\n\nPer a m\u00e9s informaci\u00f3 o per concertar una visita, si us plau, contacta amb nosaltres.","properties_post_seo_title":"","properties_post_seo_alias":"","properties_post_seo_metadescription":"","properties_post_seo_key_words":"","properties_post_seo_url":"","properties_post_terms_conditions":""},{"properties_post_description_language":"spanish","properties_post_title":"Plaza de aparcamiento en venta en la calle Arag\u00f3 con Av. Diagonal, en la zona de l'eixample dreta","properties_post_short_description_text_alt":"","properties_post_description_text_alt":"","properties_post_short_description_text":"Plaza de aparcamiento en venta en la calle Arag\u00f3 con Av. Diagonal, en la zona de l'eixample dreta","properties_post_link_demanda_inmueble":"https:\/\/movin.cloud\/es\/Forcadell Eixample\/formulario-peticion-inmueble\/sth\/1498&&11246018","properties_post_link_demanda_calendario_inmueble":"https:\/\/movin.cloud\/es\/Forcadell Eixample\/calendario-peticion-inmueble\/sth\/1498&&11246018","properties_post_description_text":"La plaza de aparcamiento cuenta con unas dimensiones de 4,18 metros de largo por 1,80m de ancho, y se encuentra ubicada en la planta -1.\n\nCon acceso directo desde dos calles, la calle Arag\u00f3 y la Av. Diagonal. Dispone de rampas y pasillos muy amplios que proporcionan una maniobrabilidad excepcional.\n\nSu acceso es f\u00e1cil por encontrarse en la primera planta, con pasillos muy amplios y facilitando la entrada y salida de tu veh\u00edculo sin problemas.\n \nAprovecha esta oportunidad para adquirir una plaza de aparcamiento en una ubicaci\u00f3n privilegiada y con todas las comodidades que necesitas. \u00a1No dejes pasar esta oferta!\n\nPara m\u00e1s informaci\u00f3n o para concertar una visita, por favor, cont\u00e1ctanos.\n","properties_post_seo_title":"","properties_post_seo_alias":"","properties_post_seo_metadescription":"","properties_post_seo_key_words":"","properties_post_seo_url":"","properties_post_terms_conditions":""},{"properties_post_description_language":"english","properties_post_title":"Parking space for sale on Arag\u00f3 Street with Av. Diagonal, in the Eixample Dreta area","properties_post_short_description_text_alt":"","properties_post_description_text_alt":"","properties_post_short_description_text":"Parking space for sale on Arag\u00f3 Street with Av. Diagonal, in the Eixample Dreta area","properties_post_link_demanda_inmueble":"https:\/\/movin.cloud\/en\/Forcadell Eixample\/property-form-request\/sth\/1498&&11246018","properties_post_link_demanda_calendario_inmueble":"https:\/\/movin.cloud\/en\/Forcadell Eixample\/property-calendar-request\/sth\/1498&&11246018","properties_post_description_text":"The parking space has dimensions of 4.18 meters long by 1.80m2 wide, and it is located on floor -1. \n\nIt has direct access from two streets: Arag\u00f3 Street and Av. Diagonal. It features wide ramps and hallways that provide exceptional manoeuvrability. Its access is easy, being on the first floor, with wide hallways, making it simple to enter and exit your vehicle without problems.\n\nTake advantage of this opportunity to acquire a parking space in a privileged location with all the amenities you need. Don't miss out on this offer!\n\nFor more information or to schedule a visit, please contact us.","properties_post_seo_title":"","properties_post_seo_alias":"","properties_post_seo_metadescription":"","properties_post_seo_key_words":"","properties_post_seo_url":"","properties_post_terms_conditions":""}],"post_type_properties_post_features_type":"garage","post_type_properties_post_id_building":"","post_type_properties_post_features_area_constructed":7,"post_type_properties_post_features_conditioned_air":false,"post_type_properties_post_features_doorman":false,"post_type_properties_post_features_heating":false,"post_type_properties_post_features_equipped_kitchen":false,"post_type_properties_post_features_windows_location":"","post_type_properties_post_features_floors_property":false,"post_type_properties_post_features_storage":false,"post_type_properties_post_features_security_door":false,"post_type_properties_post_features_energy_certificate_rating":"","post_type_properties_post_features_energy_certificate_emissions_rating":"","post_type_properties_post_features_energy_certificate_emissions_value":"","post_type_properties_post_features_energy_certificate_performance":"","post_type_properties_post_features_bathroom_inside":false,"post_type_properties_post_precio":13000,"post_type_properties_post_precio_alquiler":13000,"post_type_properties_post_record_type_id":"Parking","post_type_properties_post_categoria__producto":"Parking","post_type_properties_post_amueblado":false,"post_type_properties_post_precio_m2":2393.62,"post_type_properties_post_zona__comunitaria":false,"post_type_properties_post_electrodomesticos":false,"post_type_properties_post_patio__interior":false,"post_type_properties_post_certificado_energetico_general":"","post_type_properties_post_certificado_energetico_consumo":"","post_type_properties_post_certificado_energetico_valor_emisiones":"","post_type_properties_post_certificado_energetico_valor_consumo":"","post_type_properties_post_modalidad":"sale","post_type_properties_post_provincia":"Barcelona","post_type_properties_post_poblacion":"Barcelona","post_type_properties_post_centro__urbano":true,"post_type_properties_post_zonificacion":"","post_type_properties_post_cartera":"","post_type_properties_post_titulo_catalan":"Pla\u00e7a d'aparcament en venda al carrer Arag\u00f3 amb Av. Diagonal, a la zona de l'Eixample Dreta","post_type_properties_post_internet_catalan":"La pla\u00e7a d'aparcament t\u00e9 unes dimensions de 4,18 metres de llarg per 1,80 metres d'ample, i est\u00e0 situada a la planta -1. \n\nT\u00e9 acc\u00e9s directe des de dos carrers: el carrer Arag\u00f3 i l'Av Diagonal. Disposa de rampes i passadissos molt amples que proporcionen una maniobrabilitat excepcional. El seu acc\u00e9s \u00e9s f\u00e0cil per trobar-se a la primera planta, amb passadissos molt amples, facilitant l'entrada i sortida del teu vehicle sense problemes.\n\nAprofita aquesta oportunitat per adquirir una pla\u00e7a d'aparcament en una ubicaci\u00f3 privilegiada i amb totes les comoditats que necessites. No deixis escapar aquesta oferta!\n\nPer a m\u00e9s informaci\u00f3 o per concertar una visita, si us plau, contacta amb nosaltres.","post_type_properties_post_titulo_castellano":"Plaza de aparcamiento en venta en la calle Arag\u00f3 con Av. Diagonal, en la zona de l'eixample dreta","post_type_properties_post_internet_castellano":"La plaza de aparcamiento cuenta con unas dimensiones de 4,18 metros de largo por 1,80m de ancho, y se encuentra ubicada en la planta -1.\n\nCon acceso directo desde dos calles, la calle Arag\u00f3 y la Av. Diagonal. Dispone de rampas y pasillos muy amplios que proporcionan una maniobrabilidad excepcional.\n\nSu acceso es f\u00e1cil por encontrarse en la primera planta, con pasillos muy amplios y facilitando la entrada y salida de tu veh\u00edculo sin problemas.\n \nAprovecha esta oportunidad para adquirir una plaza de aparcamiento en una ubicaci\u00f3n privilegiada y con todas las comodidades que necesitas. \u00a1No dejes pasar esta oferta!\n\nPara m\u00e1s informaci\u00f3n o para concertar una visita, por favor, cont\u00e1ctanos.\n","post_type_properties_post_titulo_ingles":"Parking space for sale on Arag\u00f3 Street with Av. Diagonal, in the Eixample Dreta area","post_type_properties_post_internet_ingles":"The parking space has dimensions of 4.18 meters long by 1.80m2 wide, and it is located on floor -1. \n\nIt has direct access from two streets: Arag\u00f3 Street and Av. Diagonal. It features wide ramps and hallways that provide exceptional manoeuvrability. Its access is easy, being on the first floor, with wide hallways, making it simple to enter and exit your vehicle without problems.\n\nTake advantage of this opportunity to acquire a parking space in a privileged location with all the amenities you need. Don't miss out on this offer!\n\nFor more information or to schedule a visit, please contact us.","post_type_properties_post_features_classification_commercial":false,"post_type_properties_post_features_conservation":"","post_type_properties_post_features_security_personnel":false,"post_type_properties_post_features_parking_available":false,"post_type_properties_post_features_garage_capacity_type":"unknown","post_type_properties_post_features_bathroom_number":"","post_type_properties_post_eje":"","post_type_properties_post_zona":"","post_type_properties_post_comarca":"","post_type_properties_post_features_built_year":"","post_type_properties_post_renta_mensual":"","post_type_properties_post_fianza":"","post_type_properties_post_features_area_plot":"","post_type_properties_post_features_area_buildable":"","post_type_properties_post_features_classification_industrial":false,"post_type_properties_post_distrito":"","post_type_properties_post_features_balcony":false,"post_type_properties_post_features_bedroom_number":"","post_type_properties_post_features_heating_type":"","post_type_properties_post_features_equipped_with_furniture":false,"post_type_properties_post_features_pets_allowed":false,"post_type_properties_post_features_pool":false,"post_type_properties_post_features_terrace":false,"post_type_properties_post_features_wardrobes":false,"post_type_properties_post_features_lift_available":false,"post_type_properties_post_features_handicap_adapted_access":false,"post_type_properties_post_features_orientation_east":false,"post_type_properties_post_features_orientation_west":false,"post_type_properties_post_features_orientation_north":false,"post_type_properties_post_features_orientation_south":false,"post_type_properties_post_features_parking_spaces_number":"","post_type_properties_post_features_security_alarm":false,"post_type_properties_post_features_security_system":false,"post_type_properties_post_open_plan":false,"post_type_properties_post_acceso_24_7":false,"post_type_properties_post_oficina_privada":false,"post_type_properties_post_sala_reuniones":false,"post_type_properties_post_espacio_eventos":false,"post_type_properties_post_office":false,"post_type_properties_post_restaurant":false,"post_type_properties_post_acepta_traspaso":false,"post_type_properties_post_vigilancia":false,"post_type_properties_post_features_suite":false,"post_type_properties_post_features_vitro":false,"post_type_properties_post_features_oven":false,"post_type_properties_post_features_microwave":false,"post_type_properties_post_features_washing_machine":false,"post_type_properties_post_features_dryer":false,"post_type_properties_post_features_dishwasher":false,"post_type_properties_post_features_fridge":false,"post_type_properties_post_features_fridge_mini":false,"post_type_properties_post_features_kettle":false,"post_type_properties_post_features_toaster":false,"post_type_properties_post_features_coffee_maker":false,"post_type_properties_post_features_iron":false,"post_type_properties_post_features_ironing_board":false,"post_type_properties_post_features_safe":false,"post_type_properties_post_features_internet":false,"post_type_properties_post_features_solarium":false,"post_type_properties_post_features_clean_service":false,"post_type_properties_post_features_t_v":false,"post_type_properties_post_features_satellite_t_v":false,"post_type_properties_post_features_gas_kitchen":false,"post_type_properties_post_features_view_mountain":false,"post_type_properties_post_features_view_sea":false,"post_type_properties_post_features_concierge":false,"post_type_properties_post_features_loading_dock":false,"post_type_properties_post_features_bridge_crane":false,"post_type_properties_post_features_located_at_corner":false,"post_type_properties_post_features_smoke_extraction":false,"post_type_properties_post_features_rooms":"","post_type_properties_post_features_garden_area":"","post_type_properties_post_features_utilities_water":false,"post_type_properties_post_features_utilities_electricity":false,"post_type_properties_post_features_utilities_natural_gas":false,"post_type_properties_post_features_building_adapted":false,"post_type_properties_post_features_garden":false,"post_type_properties_post_features_classification_hotel":false,"post_type_properties_post_features_classification_chalet":false,"post_type_properties_post_certificado_energetico_emisiones":"","post_type_properties_post_barrio":"","post_type_properties_post_distrito_empresa":"Eixample","post_type_properties_post_features_property_category_intern":"","post_type_properties_post_implantada":false,"post_type_properties_post_sello_leed":"","post_type_properties_post_sello_well":"","post_type_properties_post_sello_breeam":false,"post_type_properties_post_images":[{"properties_post_image_order":1,"properties_post_image_url":"https:\/\/movin.cloud\/empresas\/1498\/imagenes\/11246018\/compra-para-idealistas.webp","properties_post_image_url_thumbnail":"https:\/\/movin.cloud\/empresas\/1498\/imagenes\/thumbnails\/11246018\/compra-para-idealistas.webp","properties_post_title":"compra para idealistas","properties_post_alt":"compra para idealistas"},{"properties_post_image_order":2,"properties_post_image_url":"https:\/\/movin.cloud\/empresas\/1498\/imagenes\/11246018\/viviendas.webp","properties_post_image_url_thumbnail":"https:\/\/movin.cloud\/empresas\/1498\/imagenes\/thumbnails\/11246018\/viviendas.webp","properties_post_title":"viviendas","properties_post_alt":"viviendas"},{"properties_post_image_order":3,"properties_post_image_url":"https:\/\/movin.cloud\/empresas\/1498\/imagenes\/11246018\/venta-viviendas.webp","properties_post_image_url_thumbnail":"https:\/\/movin.cloud\/empresas\/1498\/imagenes\/thumbnails\/11246018\/venta-viviendas.webp","properties_post_title":"venta viviendas","properties_post_alt":"venta viviendas"},{"properties_post_image_order":4,"properties_post_image_url":"https:\/\/movin.cloud\/empresas\/1498\/imagenes\/11246018\/parkings.webp","properties_post_image_url_thumbnail":"https:\/\/movin.cloud\/empresas\/1498\/imagenes\/thumbnails\/11246018\/parkings.webp","properties_post_title":"parkings","properties_post_alt":"parkings"},{"properties_post_image_order":5,"properties_post_image_url":"https:\/\/movin.cloud\/empresas\/1498\/imagenes\/11246018\/compra.webp","properties_post_image_url_thumbnail":"https:\/\/movin.cloud\/empresas\/1498\/imagenes\/thumbnails\/11246018\/compra.webp","properties_post_title":"compra","properties_post_alt":"compra"},{"properties_post_image_order":6,"properties_post_image_url":"https:\/\/movin.cloud\/empresas\/1498\/imagenes\/11246018\/habitalia.webp","properties_post_image_url_thumbnail":"https:\/\/movin.cloud\/empresas\/1498\/imagenes\/thumbnails\/11246018\/habitalia.webp","properties_post_title":"habitalia","properties_post_alt":"habitalia"},{"properties_post_image_order":7,"properties_post_image_url":"https:\/\/movin.cloud\/empresas\/1498\/imagenes\/11246018\/venta.webp","properties_post_image_url_thumbnail":"https:\/\/movin.cloud\/empresas\/1498\/imagenes\/thumbnails\/11246018\/venta.webp","properties_post_title":"venta","properties_post_alt":"venta"},{"properties_post_image_order":8,"properties_post_image_url":"https:\/\/movin.cloud\/empresas\/1498\/imagenes\/11246018\/comprar.webp","properties_post_image_url_thumbnail":"https:\/\/movin.cloud\/empresas\/1498\/imagenes\/thumbnails\/11246018\/comprar.webp","properties_post_title":"comprar","properties_post_alt":"comprar"},{"properties_post_image_order":9,"properties_post_image_url":"https:\/\/movin.cloud\/empresas\/1498\/imagenes\/11246018\/fincas.webp","properties_post_image_url_thumbnail":"https:\/\/movin.cloud\/empresas\/1498\/imagenes\/thumbnails\/11246018\/fincas.webp","properties_post_title":"fincas","properties_post_alt":"fincas"},{"properties_post_image_order":10,"properties_post_image_url":"https:\/\/movin.cloud\/empresas\/1498\/imagenes\/11246018\/inmobiliarias.webp","properties_post_image_url_thumbnail":"https:\/\/movin.cloud\/empresas\/1498\/imagenes\/thumbnails\/11246018\/inmobiliarias.webp","properties_post_title":"inmobiliarias","properties_post_alt":"inmobiliarias"},{"properties_post_image_order":11,"properties_post_image_url":"https:\/\/movin.cloud\/empresas\/1498\/imagenes\/11246018\/inmobiliaria.webp","properties_post_image_url_thumbnail":"https:\/\/movin.cloud\/empresas\/1498\/imagenes\/thumbnails\/11246018\/inmobiliaria.webp","properties_post_title":"inmobiliaria","properties_post_alt":"inmobiliaria"}],"post_type_properties_post_videos":[{"properties_post_video_url":"https:\/\/www.youtube.com\/watch?v=daJliQMBFas","properties_post_video_order":"999"}],"post_type_properties_post_tour":null,"post_type_properties_post_dossier_url":"","post_type_properties_post_operation_type":"sale","post_type_properties_post_operation_price":13000,"post_type_properties_post_features_hidden_price":false},"yoast_head":"<!-- This site is optimized with the Yoast SEO plugin v27.4 - https:\/\/yoast.com\/product\/yoast-seo-wordpress\/ -->\n<title>Plaza de aparcamiento en venta en la calle Arag\u00f3 con Av. Diagonal, en la zona de l&#039;eixample dreta<\/title>\n<meta name=\"description\" content=\"Plaza de aparcamiento en venta en la calle Arag\u00f3 con Av. Diagonal, en la zona de l&#039;eixample dreta\" \/>\n<meta name=\"robots\" content=\"index, follow, max-snippet:-1, max-image-preview:large, max-video-preview:-1\" \/>\n<link rel=\"canonical\" href=\"https:\/\/forcadell.com\/en\/propiedades\/plaza-de-aparcamiento-en-venta-en-la-calle-arago-con-av-diagonal-en-la-zona-de-leixample-dreta\/\" \/>\n<meta property=\"og:locale\" content=\"en_US\" \/>\n<meta property=\"og:type\" content=\"article\" \/>\n<meta property=\"og:title\" content=\"Plaza de aparcamiento en venta en la calle Arag\u00f3 con Av. Diagonal, en la zona de l&#039;eixample dreta\" \/>\n<meta property=\"og:description\" content=\"Plaza de aparcamiento en venta en la calle Arag\u00f3 con Av. Diagonal, en la zona de l&#039;eixample dreta\" \/>\n<meta property=\"og:url\" content=\"https:\/\/forcadell.com\/en\/propiedades\/plaza-de-aparcamiento-en-venta-en-la-calle-arago-con-av-diagonal-en-la-zona-de-leixample-dreta\/\" \/>\n<meta property=\"og:site_name\" content=\"Forcadell\" \/>\n<meta property=\"article:modified_time\" content=\"2026-09-01T06:34:47+00:00\" \/>\n<meta name=\"twitter:card\" content=\"summary_large_image\" \/>\n<meta name=\"twitter:label1\" content=\"Est. reading time\" \/>\n\t<meta name=\"twitter:data1\" content=\"1 minute\" \/>\n<script type=\"application\/ld+json\" class=\"yoast-schema-graph\">{\"@context\":\"https:\\\/\\\/schema.org\",\"@graph\":[{\"@type\":\"WebPage\",\"@id\":\"https:\\\/\\\/forcadell.com\\\/en\\\/propiedades\\\/plaza-de-aparcamiento-en-venta-en-la-calle-arago-con-av-diagonal-en-la-zona-de-leixample-dreta\\\/\",\"url\":\"https:\\\/\\\/forcadell.com\\\/en\\\/propiedades\\\/plaza-de-aparcamiento-en-venta-en-la-calle-arago-con-av-diagonal-en-la-zona-de-leixample-dreta\\\/\",\"name\":\"Plaza de aparcamiento en venta en la calle Arag\u00f3 con Av. Diagonal, en la zona de l'eixample dreta\",\"isPartOf\":{\"@id\":\"https:\\\/\\\/forcadell.com\\\/en\\\/#website\"},\"datePublished\":\"2026-08-04T06:27:49+00:00\",\"dateModified\":\"2026-09-01T06:34:47+00:00\",\"description\":\"Plaza de aparcamiento en venta en la calle Arag\u00f3 con Av. Diagonal, en la zona de l'eixample dreta\",\"breadcrumb\":{\"@id\":\"https:\\\/\\\/forcadell.com\\\/en\\\/propiedades\\\/plaza-de-aparcamiento-en-venta-en-la-calle-arago-con-av-diagonal-en-la-zona-de-leixample-dreta\\\/#breadcrumb\"},\"inLanguage\":\"en-US\",\"potentialAction\":[{\"@type\":\"ReadAction\",\"target\":[\"https:\\\/\\\/forcadell.com\\\/en\\\/propiedades\\\/plaza-de-aparcamiento-en-venta-en-la-calle-arago-con-av-diagonal-en-la-zona-de-leixample-dreta\\\/\"]}]},{\"@type\":\"BreadcrumbList\",\"@id\":\"https:\\\/\\\/forcadell.com\\\/en\\\/propiedades\\\/plaza-de-aparcamiento-en-venta-en-la-calle-arago-con-av-diagonal-en-la-zona-de-leixample-dreta\\\/#breadcrumb\",\"itemListElement\":[{\"@type\":\"ListItem\",\"position\":1,\"name\":\"Portada\",\"item\":\"https:\\\/\\\/forcadell.com\\\/en\\\/\"},{\"@type\":\"ListItem\",\"position\":2,\"name\":\"Properties\",\"item\":\"https:\\\/\\\/forcadell.com\\\/en\\\/propiedades\\\/\"},{\"@type\":\"ListItem\",\"position\":3,\"name\":\"Plaza de aparcamiento en venta en la calle Arag\u00f3 con Av. Diagonal, en la zona de l&#8217;eixample dreta\"}]},{\"@type\":\"WebSite\",\"@id\":\"https:\\\/\\\/forcadell.com\\\/en\\\/#website\",\"url\":\"https:\\\/\\\/forcadell.com\\\/en\\\/\",\"name\":\"Forcadell\",\"description\":\"Inmobiliaria Barcelona | Consultores inmobiliarios\",\"potentialAction\":[{\"@type\":\"SearchAction\",\"target\":{\"@type\":\"EntryPoint\",\"urlTemplate\":\"https:\\\/\\\/forcadell.com\\\/en\\\/?s={search_term_string}\"},\"query-input\":{\"@type\":\"PropertyValueSpecification\",\"valueRequired\":true,\"valueName\":\"search_term_string\"}}],\"inLanguage\":\"en-US\"}]}<\/script>\n<!-- \/ Yoast SEO plugin. -->","yoast_head_json":{"title":"Plaza de aparcamiento en venta en la calle Arag\u00f3 con Av. Diagonal, en la zona de l'eixample dreta","description":"Plaza de aparcamiento en venta en la calle Arag\u00f3 con Av. Diagonal, en la zona de l'eixample dreta","robots":{"index":"index","follow":"follow","max-snippet":"max-snippet:-1","max-image-preview":"max-image-preview:large","max-video-preview":"max-video-preview:-1"},"canonical":"https:\/\/forcadell.com\/en\/propiedades\/plaza-de-aparcamiento-en-venta-en-la-calle-arago-con-av-diagonal-en-la-zona-de-leixample-dreta\/","og_locale":"en_US","og_type":"article","og_title":"Plaza de aparcamiento en venta en la calle Arag\u00f3 con Av. Diagonal, en la zona de l'eixample dreta","og_description":"Plaza de aparcamiento en venta en la calle Arag\u00f3 con Av. Diagonal, en la zona de l'eixample dreta","og_url":"https:\/\/forcadell.com\/en\/propiedades\/plaza-de-aparcamiento-en-venta-en-la-calle-arago-con-av-diagonal-en-la-zona-de-leixample-dreta\/","og_site_name":"Forcadell","article_modified_time":"2026-09-01T06:34:47+00:00","twitter_card":"summary_large_image","twitter_misc":{"Est. reading time":"1 minute"},"schema":{"@context":"https:\/\/schema.org","@graph":[{"@type":"WebPage","@id":"https:\/\/forcadell.com\/en\/propiedades\/plaza-de-aparcamiento-en-venta-en-la-calle-arago-con-av-diagonal-en-la-zona-de-leixample-dreta\/","url":"https:\/\/forcadell.com\/en\/propiedades\/plaza-de-aparcamiento-en-venta-en-la-calle-arago-con-av-diagonal-en-la-zona-de-leixample-dreta\/","name":"Plaza de aparcamiento en venta en la calle Arag\u00f3 con Av. Diagonal, en la zona de l'eixample dreta","isPartOf":{"@id":"https:\/\/forcadell.com\/en\/#website"},"datePublished":"2026-08-04T06:27:49+00:00","dateModified":"2026-09-01T06:34:47+00:00","description":"Plaza de aparcamiento en venta en la calle Arag\u00f3 con Av. Diagonal, en la zona de l'eixample dreta","breadcrumb":{"@id":"https:\/\/forcadell.com\/en\/propiedades\/plaza-de-aparcamiento-en-venta-en-la-calle-arago-con-av-diagonal-en-la-zona-de-leixample-dreta\/#breadcrumb"},"inLanguage":"en-US","potentialAction":[{"@type":"ReadAction","target":["https:\/\/forcadell.com\/en\/propiedades\/plaza-de-aparcamiento-en-venta-en-la-calle-arago-con-av-diagonal-en-la-zona-de-leixample-dreta\/"]}]},{"@type":"BreadcrumbList","@id":"https:\/\/forcadell.com\/en\/propiedades\/plaza-de-aparcamiento-en-venta-en-la-calle-arago-con-av-diagonal-en-la-zona-de-leixample-dreta\/#breadcrumb","itemListElement":[{"@type":"ListItem","position":1,"name":"Portada","item":"https:\/\/forcadell.com\/en\/"},{"@type":"ListItem","position":2,"name":"Properties","item":"https:\/\/forcadell.com\/en\/propiedades\/"},{"@type":"ListItem","position":3,"name":"Plaza de aparcamiento en venta en la calle Arag\u00f3 con Av. Diagonal, en la zona de l&#8217;eixample dreta"}]},{"@type":"WebSite","@id":"https:\/\/forcadell.com\/en\/#website","url":"https:\/\/forcadell.com\/en\/","name":"Forcadell","description":"Inmobiliaria Barcelona | Consultores inmobiliarios","potentialAction":[{"@type":"SearchAction","target":{"@type":"EntryPoint","urlTemplate":"https:\/\/forcadell.com\/en\/?s={search_term_string}"},"query-input":{"@type":"PropertyValueSpecification","valueRequired":true,"valueName":"search_term_string"}}],"inLanguage":"en-US"}]}},"_links":{"self":[{"href":"https:\/\/forcadell.com\/en\/wp-json\/wp\/v2\/properties_post\/83918","targetHints":{"allow":["GET"]}}],"collection":[{"href":"https:\/\/forcadell.com\/en\/wp-json\/wp\/v2\/properties_post"}],"about":[{"href":"https:\/\/forcadell.com\/en\/wp-json\/wp\/v2\/types\/properties_post"}],"wp:attachment":[{"href":"https:\/\/forcadell.com\/en\/wp-json\/wp\/v2\/media?parent=83918"}],"curies":[{"name":"wp","href":"https:\/\/api.w.org\/{rel}","templated":true}]}}