{"id":83910,"date":"2026-08-04T08:27:31","date_gmt":"2026-08-04T06:27:31","guid":{"rendered":"https:\/\/forcadell.com\/propiedades\/en-venta-4-plazas-de-parking-en-mollet-del-valles\/"},"modified":"2026-08-31T08:35:09","modified_gmt":"2026-08-31T06:35:09","slug":"en-venta-4-plazas-de-parking-en-mollet-del-valles","status":"publish","type":"properties_post","link":"https:\/\/forcadell.com\/en\/propiedades\/en-venta-4-plazas-de-parking-en-mollet-del-valles\/","title":{"rendered":"En venta 4 plazas de parking en Mollet del Vall\u00e8s"},"content":{"rendered":"<p>Plazas de parking en venta de 9 m\u00b2 en el centro de Mollet del Vall\u00e8s. Tienen entrada peatonal por calle Gaiet\u00e0 Vinzia con entrada y salida por la calle Sant Lloren\u00e7.Son unas plazas de f\u00e1cil acceso, con ascensor, mando y pocos veh\u00edculos. El parking no se ve afectado los martes por el mercadillo.Hay 6 disponibles en venta de manera independiente con precio desde 9000\u20ac hasta 10.000\u20ac. Precio inmejorable. FINCAS FORCADELL. SLU AICAT 163 Anselm Clav\u00e9, 88 de Mollet del Vall\u00e9s.<\/p>\n","protected":false},"template":"","class_list":["post-83910","properties_post","type-properties_post","status-publish","hentry","properties_modality-sale","properties_province-barcelona","properties_zone-centre-mollet","properties_state-mollet-del-valles","properties_subclass-parking","properties_type-parking"],"acf":{"post_type_properties_post_property_code":"35473","post_type_properties_post_property_reference":"35473","post_type_properties_post_owner_id":"2530","post_type_properties_post_owner_name":"Jos\u00e9 Alarc\u00f3n Mir","post_type_properties_post_property_code_encrypted":"MjUkMjAwNDA=","post_type_properties_post_published":"1","post_type_properties_post_property_visibility":"idealista","post_type_properties_post_contact_name":"Forcadell Mollet","post_type_properties_post_contact_email":"forcadell.granollers@movin.cloud","post_type_properties_post_contact_primary_phone_prefix":"34","post_type_properties_post_contact_primary_phone_number":"934965408","post_type_properties_post_address_visibility":"street","post_type_properties_post_address_country":"Spain","post_type_properties_post_address_coordinates_precision":"exact","post_type_properties_post_address_postal_code":"08100","post_type_properties_post_address_coordinates_latitude":"41.5405729","post_type_properties_post_address_coordinates_longitude":"2.2120893","post_type_properties_post_address_street_name":"Carrer de Sant Lloren\u00e7 ","post_type_properties_post_address_floor":"","post_type_properties_post_address_town":"Mollet del Vall\u00e8s","post_type_properties_post_building":null,"post_type_properties_post_property":[{"properties_post_description_language":"catalan","properties_post_title":"En venda 4 places de p\u00e0rquing a Mollet del Vall\u00e8s\n","properties_post_short_description_text_alt":"","properties_post_description_text_alt":"","properties_post_short_description_text":"Places de p\u00e0rquing en venda de 9 m\u00b2 en el centre de Mollet del Vall\u00e8s\n","properties_post_link_demanda_inmueble":"https:\/\/movin.cloud\/ca\/Forcadell Mollet\/formulari-peticio-immoble\/sth\/1885&&158072","properties_post_link_demanda_calendario_inmueble":"https:\/\/movin.cloud\/ca\/Forcadell Mollet\/calendari-peticio-immoble\/sth\/1885&&158072","properties_post_description_text":"Places de p\u00e0rquing en venda de 9 m\u00b2 en el centre de Mollet del Vall\u00e8s. Tenen entrada per als vianants per carrer Gaiet\u00e0 Vinzia amb entrada i sortida pel carrer Sant Lloren\u00e7.S\u00f3n unes places de f\u00e0cil acc\u00e9s. amb ascensor. comandament i pocs vehicles. El p\u00e0rquing no es veu afectat els dimarts pel mercat ambulant.Hi ha 6 disponibles en venda de manera independent amb preu des de 9000\u20ac fins a 10.000\u20ac. Preu immillorable.FINQUES FORCADELL. SLU AICAT 163 Anselm Clav\u00e9. 88 de Mollet del Vall\u00e9s.\n","properties_post_seo_title":"","properties_post_seo_alias":"","properties_post_seo_metadescription":"","properties_post_seo_key_words":"","properties_post_seo_url":"","properties_post_terms_conditions":""},{"properties_post_description_language":"spanish","properties_post_title":"En venta 4 plazas de parking en Mollet del Vall\u00e8s","properties_post_short_description_text_alt":"","properties_post_description_text_alt":"","properties_post_short_description_text":"Plazas de parking en venta de 9 m\u00b2 en el centro de Mollet del Vall\u00e8s","properties_post_link_demanda_inmueble":"https:\/\/movin.cloud\/es\/Forcadell Mollet\/formulario-peticion-inmueble\/sth\/1885&&158072","properties_post_link_demanda_calendario_inmueble":"https:\/\/movin.cloud\/es\/Forcadell Mollet\/calendario-peticion-inmueble\/sth\/1885&&158072","properties_post_description_text":"Plazas de parking en venta de 9 m\u00b2 en el centro de Mollet del Vall\u00e8s. Tienen entrada peatonal por calle Gaiet\u00e0 Vinzia con entrada y salida por la calle Sant Lloren\u00e7.Son unas plazas de f\u00e1cil acceso, con ascensor, mando y pocos veh\u00edculos. El parking no se ve afectado los martes por el mercadillo.Hay 6 disponibles en venta de manera independiente con precio desde 9000\u20ac hasta 10.000\u20ac. Precio inmejorable. FINCAS FORCADELL. SLU AICAT 163 Anselm Clav\u00e9, 88 de Mollet del Vall\u00e9s.\n","properties_post_seo_title":"","properties_post_seo_alias":"","properties_post_seo_metadescription":"","properties_post_seo_key_words":"","properties_post_seo_url":"","properties_post_terms_conditions":""},{"properties_post_description_language":"english","properties_post_title":"For sale 4 parking spaces in Mollet del Vall\u00e8s","properties_post_short_description_text_alt":"","properties_post_description_text_alt":"","properties_post_short_description_text":"Parking spaces for sale of 9 m\u00b2 in the centre of Mollet del Vall\u00e8s","properties_post_link_demanda_inmueble":"https:\/\/movin.cloud\/en\/Forcadell Mollet\/property-form-request\/sth\/1885&&158072","properties_post_link_demanda_calendario_inmueble":"https:\/\/movin.cloud\/en\/Forcadell Mollet\/property-calendar-request\/sth\/1885&&158072","properties_post_description_text":"Parking spaces for sale of 9 m\u00b2 in the centre of Mollet del Vall\u00e8s. They have pedestrian entrance on Gaiet\u00e0 Vinzia street with entrance and exit on Sant Lloren\u00e7 street, easy access, with lift, control and few vehicles. The parking is not affected on Tuesdays by the street market.6 parking spaces are available for sale independently with price from 9000\u20ac to 10.000\u20ac. Unbeatable price.FINCAS FORCADELL. SLU AICAT 163 Anselm Clav\u00e9. 88 of Mollet del Vall\u00e9s.\n\n","properties_post_seo_title":"","properties_post_seo_alias":"","properties_post_seo_metadescription":"","properties_post_seo_key_words":"","properties_post_seo_url":"","properties_post_terms_conditions":""}],"post_type_properties_post_features_type":"garage","post_type_properties_post_id_building":"","post_type_properties_post_features_area_constructed":9,"post_type_properties_post_features_conditioned_air":false,"post_type_properties_post_features_doorman":false,"post_type_properties_post_features_heating":false,"post_type_properties_post_features_equipped_kitchen":false,"post_type_properties_post_features_windows_location":"","post_type_properties_post_features_floors_property":false,"post_type_properties_post_features_storage":false,"post_type_properties_post_features_security_door":false,"post_type_properties_post_features_energy_certificate_rating":"","post_type_properties_post_features_energy_certificate_emissions_rating":"","post_type_properties_post_features_energy_certificate_emissions_value":"","post_type_properties_post_features_energy_certificate_performance":"","post_type_properties_post_features_bathroom_inside":false,"post_type_properties_post_precio":8000,"post_type_properties_post_precio_alquiler":8000,"post_type_properties_post_record_type_id":"Parking","post_type_properties_post_categoria__producto":"Parking","post_type_properties_post_amueblado":false,"post_type_properties_post_precio_m2":1000,"post_type_properties_post_zona__comunitaria":false,"post_type_properties_post_electrodomesticos":false,"post_type_properties_post_patio__interior":false,"post_type_properties_post_certificado_energetico_general":"","post_type_properties_post_certificado_energetico_consumo":"X (Exento)","post_type_properties_post_certificado_energetico_valor_emisiones":"","post_type_properties_post_certificado_energetico_valor_consumo":"","post_type_properties_post_modalidad":"sale","post_type_properties_post_provincia":"Barcelona","post_type_properties_post_poblacion":"Mollet del Vall\u00e8s","post_type_properties_post_centro__urbano":false,"post_type_properties_post_zonificacion":"Centre-Mollet","post_type_properties_post_cartera":"","post_type_properties_post_titulo_catalan":"En venda 4 places de p\u00e0rquing a Mollet del Vall\u00e8s\n","post_type_properties_post_internet_catalan":"Places de p\u00e0rquing en venda de 9 m\u00b2 en el centre de Mollet del Vall\u00e8s. Tenen entrada per als vianants per carrer Gaiet\u00e0 Vinzia amb entrada i sortida pel carrer Sant Lloren\u00e7.S\u00f3n unes places de f\u00e0cil acc\u00e9s. amb ascensor. comandament i pocs vehicles. El p\u00e0rquing no es veu afectat els dimarts pel mercat ambulant.Hi ha 6 disponibles en venda de manera independent amb preu des de 9000\u20ac fins a 10.000\u20ac. Preu immillorable.FINQUES FORCADELL. SLU AICAT 163 Anselm Clav\u00e9. 88 de Mollet del Vall\u00e9s.\n","post_type_properties_post_titulo_castellano":"En venta 4 plazas de parking en Mollet del Vall\u00e8s","post_type_properties_post_internet_castellano":"Plazas de parking en venta de 9 m\u00b2 en el centro de Mollet del Vall\u00e8s. Tienen entrada peatonal por calle Gaiet\u00e0 Vinzia con entrada y salida por la calle Sant Lloren\u00e7.Son unas plazas de f\u00e1cil acceso, con ascensor, mando y pocos veh\u00edculos. El parking no se ve afectado los martes por el mercadillo.Hay 6 disponibles en venta de manera independiente con precio desde 9000\u20ac hasta 10.000\u20ac. Precio inmejorable. FINCAS FORCADELL. SLU AICAT 163 Anselm Clav\u00e9, 88 de Mollet del Vall\u00e9s.\n","post_type_properties_post_titulo_ingles":"For sale 4 parking spaces in Mollet del Vall\u00e8s","post_type_properties_post_internet_ingles":"Parking spaces for sale of 9 m\u00b2 in the centre of Mollet del Vall\u00e8s. They have pedestrian entrance on Gaiet\u00e0 Vinzia street with entrance and exit on Sant Lloren\u00e7 street, easy access, with lift, control and few vehicles. The parking is not affected on Tuesdays by the street market.6 parking spaces are available for sale independently with price from 9000\u20ac to 10.000\u20ac. Unbeatable price.FINCAS FORCADELL. SLU AICAT 163 Anselm Clav\u00e9. 88 of Mollet del Vall\u00e9s.\n\n","post_type_properties_post_features_classification_commercial":false,"post_type_properties_post_features_conservation":"","post_type_properties_post_features_security_personnel":false,"post_type_properties_post_features_parking_available":false,"post_type_properties_post_features_garage_capacity_type":"unknown","post_type_properties_post_features_bathroom_number":"","post_type_properties_post_eje":"","post_type_properties_post_zona":"","post_type_properties_post_comarca":"","post_type_properties_post_features_built_year":"","post_type_properties_post_renta_mensual":8000,"post_type_properties_post_fianza":"","post_type_properties_post_features_area_plot":"","post_type_properties_post_features_area_buildable":"","post_type_properties_post_features_classification_industrial":false,"post_type_properties_post_distrito":"","post_type_properties_post_features_balcony":false,"post_type_properties_post_features_bedroom_number":"","post_type_properties_post_features_heating_type":"","post_type_properties_post_features_equipped_with_furniture":false,"post_type_properties_post_features_pets_allowed":false,"post_type_properties_post_features_pool":false,"post_type_properties_post_features_terrace":false,"post_type_properties_post_features_wardrobes":false,"post_type_properties_post_features_lift_available":false,"post_type_properties_post_features_handicap_adapted_access":false,"post_type_properties_post_features_orientation_east":false,"post_type_properties_post_features_orientation_west":false,"post_type_properties_post_features_orientation_north":false,"post_type_properties_post_features_orientation_south":false,"post_type_properties_post_features_parking_spaces_number":"","post_type_properties_post_features_security_alarm":false,"post_type_properties_post_features_security_system":false,"post_type_properties_post_open_plan":false,"post_type_properties_post_acceso_24_7":false,"post_type_properties_post_oficina_privada":false,"post_type_properties_post_sala_reuniones":false,"post_type_properties_post_espacio_eventos":false,"post_type_properties_post_office":false,"post_type_properties_post_restaurant":false,"post_type_properties_post_acepta_traspaso":false,"post_type_properties_post_vigilancia":false,"post_type_properties_post_features_suite":false,"post_type_properties_post_features_vitro":false,"post_type_properties_post_features_oven":false,"post_type_properties_post_features_microwave":false,"post_type_properties_post_features_washing_machine":false,"post_type_properties_post_features_dryer":false,"post_type_properties_post_features_dishwasher":false,"post_type_properties_post_features_fridge":false,"post_type_properties_post_features_fridge_mini":false,"post_type_properties_post_features_kettle":false,"post_type_properties_post_features_toaster":false,"post_type_properties_post_features_coffee_maker":false,"post_type_properties_post_features_iron":false,"post_type_properties_post_features_ironing_board":false,"post_type_properties_post_features_safe":false,"post_type_properties_post_features_internet":false,"post_type_properties_post_features_solarium":false,"post_type_properties_post_features_clean_service":false,"post_type_properties_post_features_t_v":false,"post_type_properties_post_features_satellite_t_v":false,"post_type_properties_post_features_gas_kitchen":false,"post_type_properties_post_features_view_mountain":false,"post_type_properties_post_features_view_sea":false,"post_type_properties_post_features_concierge":false,"post_type_properties_post_features_loading_dock":false,"post_type_properties_post_features_bridge_crane":false,"post_type_properties_post_features_located_at_corner":false,"post_type_properties_post_features_smoke_extraction":false,"post_type_properties_post_features_rooms":"","post_type_properties_post_features_garden_area":"","post_type_properties_post_features_utilities_water":false,"post_type_properties_post_features_utilities_electricity":false,"post_type_properties_post_features_utilities_natural_gas":false,"post_type_properties_post_features_building_adapted":false,"post_type_properties_post_features_garden":false,"post_type_properties_post_features_classification_hotel":false,"post_type_properties_post_features_classification_chalet":false,"post_type_properties_post_certificado_energetico_emisiones":"","post_type_properties_post_barrio":"","post_type_properties_post_distrito_empresa":"","post_type_properties_post_features_property_category_intern":"","post_type_properties_post_implantada":false,"post_type_properties_post_sello_leed":"","post_type_properties_post_sello_well":"","post_type_properties_post_sello_breeam":false,"post_type_properties_post_images":[{"properties_post_image_order":1,"properties_post_image_url":"https:\/\/movin.cloud\/empresas\/1885\/imagenes\/158072\/compra-para-idealistas.webp","properties_post_image_url_thumbnail":"https:\/\/movin.cloud\/empresas\/1885\/imagenes\/thumbnails\/158072\/compra-para-idealistas.webp","properties_post_title":"compra para idealistas","properties_post_alt":"compra para idealistas"},{"properties_post_image_order":2,"properties_post_image_url":"https:\/\/movin.cloud\/empresas\/1885\/imagenes\/158072\/viviendas.webp","properties_post_image_url_thumbnail":"https:\/\/movin.cloud\/empresas\/1885\/imagenes\/thumbnails\/158072\/viviendas.webp","properties_post_title":"viviendas","properties_post_alt":"viviendas"},{"properties_post_image_order":3,"properties_post_image_url":"https:\/\/movin.cloud\/empresas\/1885\/imagenes\/158072\/venta-viviendas.webp","properties_post_image_url_thumbnail":"https:\/\/movin.cloud\/empresas\/1885\/imagenes\/thumbnails\/158072\/venta-viviendas.webp","properties_post_title":"venta viviendas","properties_post_alt":"venta viviendas"},{"properties_post_image_order":4,"properties_post_image_url":"https:\/\/movin.cloud\/empresas\/1885\/imagenes\/158072\/parkings.webp","properties_post_image_url_thumbnail":"https:\/\/movin.cloud\/empresas\/1885\/imagenes\/thumbnails\/158072\/parkings.webp","properties_post_title":"parkings","properties_post_alt":"parkings"},{"properties_post_image_order":5,"properties_post_image_url":"https:\/\/movin.cloud\/empresas\/1885\/imagenes\/158072\/compra.webp","properties_post_image_url_thumbnail":"https:\/\/movin.cloud\/empresas\/1885\/imagenes\/thumbnails\/158072\/compra.webp","properties_post_title":"compra","properties_post_alt":"compra"},{"properties_post_image_order":6,"properties_post_image_url":"https:\/\/movin.cloud\/empresas\/1885\/imagenes\/158072\/habitalia.webp","properties_post_image_url_thumbnail":"https:\/\/movin.cloud\/empresas\/1885\/imagenes\/thumbnails\/158072\/habitalia.webp","properties_post_title":"habitalia","properties_post_alt":"habitalia"},{"properties_post_image_order":7,"properties_post_image_url":"https:\/\/movin.cloud\/empresas\/1885\/imagenes\/158072\/venta.webp","properties_post_image_url_thumbnail":"https:\/\/movin.cloud\/empresas\/1885\/imagenes\/thumbnails\/158072\/venta.webp","properties_post_title":"venta","properties_post_alt":"venta"},{"properties_post_image_order":8,"properties_post_image_url":"https:\/\/movin.cloud\/empresas\/1885\/imagenes\/158072\/comprar.webp","properties_post_image_url_thumbnail":"https:\/\/movin.cloud\/empresas\/1885\/imagenes\/thumbnails\/158072\/comprar.webp","properties_post_title":"comprar","properties_post_alt":"comprar"},{"properties_post_image_order":9,"properties_post_image_url":"https:\/\/movin.cloud\/empresas\/1885\/imagenes\/158072\/fincas.webp","properties_post_image_url_thumbnail":"https:\/\/movin.cloud\/empresas\/1885\/imagenes\/thumbnails\/158072\/fincas.webp","properties_post_title":"fincas","properties_post_alt":"fincas"},{"properties_post_image_order":10,"properties_post_image_url":"https:\/\/movin.cloud\/empresas\/1885\/imagenes\/158072\/inmobiliarias.webp","properties_post_image_url_thumbnail":"https:\/\/movin.cloud\/empresas\/1885\/imagenes\/thumbnails\/158072\/inmobiliarias.webp","properties_post_title":"inmobiliarias","properties_post_alt":"inmobiliarias"},{"properties_post_image_order":11,"properties_post_image_url":"https:\/\/movin.cloud\/empresas\/1885\/imagenes\/158072\/inmobiliaria.webp","properties_post_image_url_thumbnail":"https:\/\/movin.cloud\/empresas\/1885\/imagenes\/thumbnails\/158072\/inmobiliaria.webp","properties_post_title":"inmobiliaria","properties_post_alt":"inmobiliaria"},{"properties_post_image_order":12,"properties_post_image_url":"https:\/\/movin.cloud\/empresas\/1885\/imagenes\/158072\/compra-para-idealistas-.webp","properties_post_image_url_thumbnail":"https:\/\/movin.cloud\/empresas\/1885\/imagenes\/thumbnails\/158072\/compra-para-idealistas-.webp","properties_post_title":"compra para idealistas ","properties_post_alt":"compra para idealistas "},{"properties_post_image_order":13,"properties_post_image_url":"https:\/\/movin.cloud\/empresas\/1885\/imagenes\/158072\/viviendas-.webp","properties_post_image_url_thumbnail":"https:\/\/movin.cloud\/empresas\/1885\/imagenes\/thumbnails\/158072\/viviendas-.webp","properties_post_title":"viviendas ","properties_post_alt":"viviendas "},{"properties_post_image_order":14,"properties_post_image_url":"https:\/\/movin.cloud\/empresas\/1885\/imagenes\/158072\/venta-viviendas-.webp","properties_post_image_url_thumbnail":"https:\/\/movin.cloud\/empresas\/1885\/imagenes\/thumbnails\/158072\/venta-viviendas-.webp","properties_post_title":"venta viviendas ","properties_post_alt":"venta viviendas "},{"properties_post_image_order":15,"properties_post_image_url":"https:\/\/movin.cloud\/empresas\/1885\/imagenes\/158072\/parkings-.webp","properties_post_image_url_thumbnail":"https:\/\/movin.cloud\/empresas\/1885\/imagenes\/thumbnails\/158072\/parkings-.webp","properties_post_title":"parkings ","properties_post_alt":"parkings "},{"properties_post_image_order":16,"properties_post_image_url":"https:\/\/movin.cloud\/empresas\/1885\/imagenes\/158072\/compra-.webp","properties_post_image_url_thumbnail":"https:\/\/movin.cloud\/empresas\/1885\/imagenes\/thumbnails\/158072\/compra-.webp","properties_post_title":"compra ","properties_post_alt":"compra "}],"post_type_properties_post_videos":[{"properties_post_video_url":"https:\/\/www.youtube.com\/watch?v=daJliQMBFas","properties_post_video_order":"1"}],"post_type_properties_post_tour":null,"post_type_properties_post_dossier_url":"","post_type_properties_post_operation_type":"sale","post_type_properties_post_operation_price":8000,"post_type_properties_post_features_hidden_price":false},"yoast_head":"<!-- This site is optimized with the Yoast SEO plugin v27.4 - https:\/\/yoast.com\/product\/yoast-seo-wordpress\/ -->\n<title>En venta 4 plazas de parking en Mollet del Vall\u00e8s<\/title>\n<meta name=\"description\" content=\"Plazas de parking en venta de 9 m\u00b2 en el centro de Mollet del Vall\u00e8s\" \/>\n<meta name=\"robots\" content=\"index, follow, max-snippet:-1, max-image-preview:large, max-video-preview:-1\" \/>\n<link rel=\"canonical\" href=\"https:\/\/forcadell.com\/en\/propiedades\/en-venta-4-plazas-de-parking-en-mollet-del-valles\/\" \/>\n<meta property=\"og:locale\" content=\"en_US\" \/>\n<meta property=\"og:type\" content=\"article\" \/>\n<meta property=\"og:title\" content=\"En venta 4 plazas de parking en Mollet del Vall\u00e8s\" \/>\n<meta property=\"og:description\" content=\"Plazas de parking en venta de 9 m\u00b2 en el centro de Mollet del Vall\u00e8s\" \/>\n<meta property=\"og:url\" content=\"https:\/\/forcadell.com\/en\/propiedades\/en-venta-4-plazas-de-parking-en-mollet-del-valles\/\" \/>\n<meta property=\"og:site_name\" content=\"Forcadell\" \/>\n<meta property=\"article:modified_time\" content=\"2026-08-31T06:35:09+00:00\" \/>\n<meta name=\"twitter:card\" content=\"summary_large_image\" \/>\n<script type=\"application\/ld+json\" class=\"yoast-schema-graph\">{\"@context\":\"https:\\\/\\\/schema.org\",\"@graph\":[{\"@type\":\"WebPage\",\"@id\":\"https:\\\/\\\/forcadell.com\\\/en\\\/propiedades\\\/en-venta-4-plazas-de-parking-en-mollet-del-valles\\\/\",\"url\":\"https:\\\/\\\/forcadell.com\\\/en\\\/propiedades\\\/en-venta-4-plazas-de-parking-en-mollet-del-valles\\\/\",\"name\":\"En venta 4 plazas de parking en Mollet del Vall\u00e8s\",\"isPartOf\":{\"@id\":\"https:\\\/\\\/forcadell.com\\\/en\\\/#website\"},\"datePublished\":\"2026-08-04T06:27:31+00:00\",\"dateModified\":\"2026-08-31T06:35:09+00:00\",\"description\":\"Plazas de parking en venta de 9 m\u00b2 en el centro de Mollet del Vall\u00e8s\",\"breadcrumb\":{\"@id\":\"https:\\\/\\\/forcadell.com\\\/en\\\/propiedades\\\/en-venta-4-plazas-de-parking-en-mollet-del-valles\\\/#breadcrumb\"},\"inLanguage\":\"en-US\",\"potentialAction\":[{\"@type\":\"ReadAction\",\"target\":[\"https:\\\/\\\/forcadell.com\\\/en\\\/propiedades\\\/en-venta-4-plazas-de-parking-en-mollet-del-valles\\\/\"]}]},{\"@type\":\"BreadcrumbList\",\"@id\":\"https:\\\/\\\/forcadell.com\\\/en\\\/propiedades\\\/en-venta-4-plazas-de-parking-en-mollet-del-valles\\\/#breadcrumb\",\"itemListElement\":[{\"@type\":\"ListItem\",\"position\":1,\"name\":\"Portada\",\"item\":\"https:\\\/\\\/forcadell.com\\\/en\\\/\"},{\"@type\":\"ListItem\",\"position\":2,\"name\":\"Properties\",\"item\":\"https:\\\/\\\/forcadell.com\\\/en\\\/propiedades\\\/\"},{\"@type\":\"ListItem\",\"position\":3,\"name\":\"En venta 4 plazas de parking en Mollet del Vall\u00e8s\"}]},{\"@type\":\"WebSite\",\"@id\":\"https:\\\/\\\/forcadell.com\\\/en\\\/#website\",\"url\":\"https:\\\/\\\/forcadell.com\\\/en\\\/\",\"name\":\"Forcadell\",\"description\":\"Inmobiliaria Barcelona | Consultores inmobiliarios\",\"potentialAction\":[{\"@type\":\"SearchAction\",\"target\":{\"@type\":\"EntryPoint\",\"urlTemplate\":\"https:\\\/\\\/forcadell.com\\\/en\\\/?s={search_term_string}\"},\"query-input\":{\"@type\":\"PropertyValueSpecification\",\"valueRequired\":true,\"valueName\":\"search_term_string\"}}],\"inLanguage\":\"en-US\"}]}<\/script>\n<!-- \/ Yoast SEO plugin. -->","yoast_head_json":{"title":"En venta 4 plazas de parking en Mollet del Vall\u00e8s","description":"Plazas de parking en venta de 9 m\u00b2 en el centro de Mollet del Vall\u00e8s","robots":{"index":"index","follow":"follow","max-snippet":"max-snippet:-1","max-image-preview":"max-image-preview:large","max-video-preview":"max-video-preview:-1"},"canonical":"https:\/\/forcadell.com\/en\/propiedades\/en-venta-4-plazas-de-parking-en-mollet-del-valles\/","og_locale":"en_US","og_type":"article","og_title":"En venta 4 plazas de parking en Mollet del Vall\u00e8s","og_description":"Plazas de parking en venta de 9 m\u00b2 en el centro de Mollet del Vall\u00e8s","og_url":"https:\/\/forcadell.com\/en\/propiedades\/en-venta-4-plazas-de-parking-en-mollet-del-valles\/","og_site_name":"Forcadell","article_modified_time":"2026-08-31T06:35:09+00:00","twitter_card":"summary_large_image","schema":{"@context":"https:\/\/schema.org","@graph":[{"@type":"WebPage","@id":"https:\/\/forcadell.com\/en\/propiedades\/en-venta-4-plazas-de-parking-en-mollet-del-valles\/","url":"https:\/\/forcadell.com\/en\/propiedades\/en-venta-4-plazas-de-parking-en-mollet-del-valles\/","name":"En venta 4 plazas de parking en Mollet del Vall\u00e8s","isPartOf":{"@id":"https:\/\/forcadell.com\/en\/#website"},"datePublished":"2026-08-04T06:27:31+00:00","dateModified":"2026-08-31T06:35:09+00:00","description":"Plazas de parking en venta de 9 m\u00b2 en el centro de Mollet del Vall\u00e8s","breadcrumb":{"@id":"https:\/\/forcadell.com\/en\/propiedades\/en-venta-4-plazas-de-parking-en-mollet-del-valles\/#breadcrumb"},"inLanguage":"en-US","potentialAction":[{"@type":"ReadAction","target":["https:\/\/forcadell.com\/en\/propiedades\/en-venta-4-plazas-de-parking-en-mollet-del-valles\/"]}]},{"@type":"BreadcrumbList","@id":"https:\/\/forcadell.com\/en\/propiedades\/en-venta-4-plazas-de-parking-en-mollet-del-valles\/#breadcrumb","itemListElement":[{"@type":"ListItem","position":1,"name":"Portada","item":"https:\/\/forcadell.com\/en\/"},{"@type":"ListItem","position":2,"name":"Properties","item":"https:\/\/forcadell.com\/en\/propiedades\/"},{"@type":"ListItem","position":3,"name":"En venta 4 plazas de parking en Mollet del Vall\u00e8s"}]},{"@type":"WebSite","@id":"https:\/\/forcadell.com\/en\/#website","url":"https:\/\/forcadell.com\/en\/","name":"Forcadell","description":"Inmobiliaria Barcelona | Consultores inmobiliarios","potentialAction":[{"@type":"SearchAction","target":{"@type":"EntryPoint","urlTemplate":"https:\/\/forcadell.com\/en\/?s={search_term_string}"},"query-input":{"@type":"PropertyValueSpecification","valueRequired":true,"valueName":"search_term_string"}}],"inLanguage":"en-US"}]}},"_links":{"self":[{"href":"https:\/\/forcadell.com\/en\/wp-json\/wp\/v2\/properties_post\/83910","targetHints":{"allow":["GET"]}}],"collection":[{"href":"https:\/\/forcadell.com\/en\/wp-json\/wp\/v2\/properties_post"}],"about":[{"href":"https:\/\/forcadell.com\/en\/wp-json\/wp\/v2\/types\/properties_post"}],"wp:attachment":[{"href":"https:\/\/forcadell.com\/en\/wp-json\/wp\/v2\/media?parent=83910"}],"curies":[{"name":"wp","href":"https:\/\/api.w.org\/{rel}","templated":true}]}}