{"id":83908,"date":"2026-08-04T08:27:26","date_gmt":"2026-08-04T06:27:26","guid":{"rendered":"https:\/\/forcadell.com\/propiedades\/plaza-de-parking-en-venta-en-mollet-del-valles-3\/"},"modified":"2026-08-31T08:35:08","modified_gmt":"2026-08-31T06:35:08","slug":"plaza-de-parking-en-venta-en-mollet-del-valles-3","status":"publish","type":"properties_post","link":"https:\/\/forcadell.com\/en\/propiedades\/plaza-de-parking-en-venta-en-mollet-del-valles-3\/","title":{"rendered":"Plaza de parking en venta en Mollet del Vall\u00e8s"},"content":{"rendered":"<p>Plaza de aparcamiento en venta en Mollet del Vall\u00e8s, zona estaci\u00f3n Mollet-Sant Fost.<br \/>\nPlaza de parking de 10 m\u00b2 seg\u00fan catastro. Bien ubicada, en calle Alexander Fleming.<\/p>\n<p>FINCAS FORCADELL, SLU AICAT 163 Anselm Clav\u00e9, 88 (Mollet del Vall\u00e8s).<\/p>\n","protected":false},"template":"","class_list":["post-83908","properties_post","type-properties_post","status-publish","hentry","properties_modality-sale","properties_province-barcelona","properties_state-mollet-del-valles","properties_subclass-parking","properties_type-parking"],"acf":{"post_type_properties_post_property_code":"32559","post_type_properties_post_property_reference":"32559","post_type_properties_post_owner_id":"1916","post_type_properties_post_owner_name":"Francisca Buend\u00eda Zamora","post_type_properties_post_property_code_encrypted":"MjUkMTcxMjY=","post_type_properties_post_published":"1","post_type_properties_post_property_visibility":"idealista","post_type_properties_post_contact_name":"Forcadell Mollet","post_type_properties_post_contact_email":"forcadell.granollers@movin.cloud","post_type_properties_post_contact_primary_phone_prefix":"34","post_type_properties_post_contact_primary_phone_number":"934965408","post_type_properties_post_address_visibility":"street","post_type_properties_post_address_country":"Spain","post_type_properties_post_address_coordinates_precision":"exact","post_type_properties_post_address_postal_code":"08100","post_type_properties_post_address_coordinates_latitude":"41.5343727","post_type_properties_post_address_coordinates_longitude":"2.2142978","post_type_properties_post_address_street_name":"Alexander Fleming","post_type_properties_post_address_floor":"","post_type_properties_post_address_town":"Mollet del Vall\u00e8s","post_type_properties_post_building":null,"post_type_properties_post_property":[{"properties_post_description_language":"catalan","properties_post_title":"Pla\u00e7a de p\u00e0rquing en venda a Mollet del Vall\u00e8s","properties_post_short_description_text_alt":"","properties_post_description_text_alt":"","properties_post_short_description_text":"Pla\u00e7a d'aparcament en venda a Mollet del Vall\u00e8s, zona estaci\u00f3 Mollet-Sant Fost. \nPla\u00e7a de p\u00e0rquing de 10 m\u00b2 segons cadastre. Ben situada, al carrer Alexander Fleming.\n\nFINQUES FORCADELL, SLU AICAT 163 Anselm Clav\u00e9, 88 (Mollet del Vall\u00e8s).","properties_post_link_demanda_inmueble":"https:\/\/movin.cloud\/ca\/Forcadell Mollet\/formulari-peticio-immoble\/sth\/1885&&158103","properties_post_link_demanda_calendario_inmueble":"https:\/\/movin.cloud\/ca\/Forcadell Mollet\/calendari-peticio-immoble\/sth\/1885&&158103","properties_post_description_text":"Pla\u00e7a d'aparcament en venda a Mollet del Vall\u00e8s, zona estaci\u00f3 Mollet-Sant Fost. \nPla\u00e7a de p\u00e0rquing de 10 m\u00b2 segons cadastre. Ben situada, al carrer Alexander Fleming.\n\nFINQUES FORCADELL, SLU AICAT 163 Anselm Clav\u00e9, 88 (Mollet del Vall\u00e8s).","properties_post_seo_title":"","properties_post_seo_alias":"","properties_post_seo_metadescription":"","properties_post_seo_key_words":"","properties_post_seo_url":"","properties_post_terms_conditions":""},{"properties_post_description_language":"spanish","properties_post_title":"Plaza de parking en venta en Mollet del Vall\u00e8s","properties_post_short_description_text_alt":"","properties_post_description_text_alt":"","properties_post_short_description_text":"Plaza de aparcamiento en venta en Mollet del Vall\u00e8s, zona estaci\u00f3n Mollet-Sant Fost. \nPlaza de parking de 10 m\u00b2 seg\u00fan catastro. Bien ubicada, en calle Alexander Fleming.\n\nFINCAS FORCADELL, SLU AICAT 163 Anselm Clav\u00e9, 88 (Mollet del Vall\u00e8s).","properties_post_link_demanda_inmueble":"https:\/\/movin.cloud\/es\/Forcadell Mollet\/formulario-peticion-inmueble\/sth\/1885&&158103","properties_post_link_demanda_calendario_inmueble":"https:\/\/movin.cloud\/es\/Forcadell Mollet\/calendario-peticion-inmueble\/sth\/1885&&158103","properties_post_description_text":"Plaza de aparcamiento en venta en Mollet del Vall\u00e8s, zona estaci\u00f3n Mollet-Sant Fost. \nPlaza de parking de 10 m\u00b2 seg\u00fan catastro. Bien ubicada, en calle Alexander Fleming.\n\nFINCAS FORCADELL, SLU AICAT 163 Anselm Clav\u00e9, 88 (Mollet del Vall\u00e8s).","properties_post_seo_title":"","properties_post_seo_alias":"","properties_post_seo_metadescription":"","properties_post_seo_key_words":"","properties_post_seo_url":"","properties_post_terms_conditions":""},{"properties_post_description_language":"english","properties_post_title":"Parking space for sale in Mollet del Vall\u00e8s","properties_post_short_description_text_alt":"","properties_post_description_text_alt":"","properties_post_short_description_text":"Plaza de aparcamiento en venta en Mollet del Vall\u00e8s, zona estaci\u00f3n Mollet-Sant Fost. \nPlaza de parking de 10 m\u00b2 seg\u00fan catastro. Bien ubicada, en calle Alexander Fleming.\n\nFINCAS FORCADELL, SLU AICAT 163 Anselm Clav\u00e9, 88 (Mollet del Vall\u00e8s).","properties_post_link_demanda_inmueble":"https:\/\/movin.cloud\/en\/Forcadell Mollet\/property-form-request\/sth\/1885&&158103","properties_post_link_demanda_calendario_inmueble":"https:\/\/movin.cloud\/en\/Forcadell Mollet\/property-calendar-request\/sth\/1885&&158103","properties_post_description_text":"Parking space for sale in Mollet del Vall\u00e8s. Mollet-Sant Fost train station area. \nParking space of 10 m\u00b2 according to the land registry. Well located, on Alexander Fleming street.\n\nFINCAS FORCADELL, SLU AICAT 163 Anselm Clav\u00e9, 88 (Mollet del Vall\u00e8s).","properties_post_seo_title":"","properties_post_seo_alias":"","properties_post_seo_metadescription":"","properties_post_seo_key_words":"","properties_post_seo_url":"","properties_post_terms_conditions":""}],"post_type_properties_post_features_type":"garage","post_type_properties_post_id_building":"","post_type_properties_post_features_area_constructed":10,"post_type_properties_post_features_conditioned_air":false,"post_type_properties_post_features_doorman":false,"post_type_properties_post_features_heating":false,"post_type_properties_post_features_equipped_kitchen":false,"post_type_properties_post_features_windows_location":"","post_type_properties_post_features_floors_property":false,"post_type_properties_post_features_storage":false,"post_type_properties_post_features_security_door":false,"post_type_properties_post_features_energy_certificate_rating":"","post_type_properties_post_features_energy_certificate_emissions_rating":"","post_type_properties_post_features_energy_certificate_emissions_value":"","post_type_properties_post_features_energy_certificate_performance":"","post_type_properties_post_features_bathroom_inside":false,"post_type_properties_post_precio":8000,"post_type_properties_post_precio_alquiler":8000,"post_type_properties_post_record_type_id":"Parking","post_type_properties_post_categoria__producto":"Parking","post_type_properties_post_amueblado":false,"post_type_properties_post_precio_m2":800,"post_type_properties_post_zona__comunitaria":false,"post_type_properties_post_electrodomesticos":false,"post_type_properties_post_patio__interior":false,"post_type_properties_post_certificado_energetico_general":"","post_type_properties_post_certificado_energetico_consumo":"X (Exento)","post_type_properties_post_certificado_energetico_valor_emisiones":"","post_type_properties_post_certificado_energetico_valor_consumo":"","post_type_properties_post_modalidad":"sale","post_type_properties_post_provincia":"Barcelona","post_type_properties_post_poblacion":"Mollet del Vall\u00e8s","post_type_properties_post_centro__urbano":false,"post_type_properties_post_zonificacion":"","post_type_properties_post_cartera":"","post_type_properties_post_titulo_catalan":"Pla\u00e7a de p\u00e0rquing en venda a Mollet del Vall\u00e8s","post_type_properties_post_internet_catalan":"Pla\u00e7a d'aparcament en venda a Mollet del Vall\u00e8s, zona estaci\u00f3 Mollet-Sant Fost. \nPla\u00e7a de p\u00e0rquing de 10 m\u00b2 segons cadastre. Ben situada, al carrer Alexander Fleming.\n\nFINQUES FORCADELL, SLU AICAT 163 Anselm Clav\u00e9, 88 (Mollet del Vall\u00e8s).","post_type_properties_post_titulo_castellano":"Plaza de parking en venta en Mollet del Vall\u00e8s","post_type_properties_post_internet_castellano":"Plaza de aparcamiento en venta en Mollet del Vall\u00e8s, zona estaci\u00f3n Mollet-Sant Fost. \nPlaza de parking de 10 m\u00b2 seg\u00fan catastro. Bien ubicada, en calle Alexander Fleming.\n\nFINCAS FORCADELL, SLU AICAT 163 Anselm Clav\u00e9, 88 (Mollet del Vall\u00e8s).","post_type_properties_post_titulo_ingles":"Parking space for sale in Mollet del Vall\u00e8s","post_type_properties_post_internet_ingles":"Parking space for sale in Mollet del Vall\u00e8s. Mollet-Sant Fost train station area. \nParking space of 10 m\u00b2 according to the land registry. Well located, on Alexander Fleming street.\n\nFINCAS FORCADELL, SLU AICAT 163 Anselm Clav\u00e9, 88 (Mollet del Vall\u00e8s).","post_type_properties_post_features_classification_commercial":false,"post_type_properties_post_features_conservation":"","post_type_properties_post_features_security_personnel":false,"post_type_properties_post_features_parking_available":false,"post_type_properties_post_features_garage_capacity_type":"unknown","post_type_properties_post_features_bathroom_number":"","post_type_properties_post_eje":"","post_type_properties_post_zona":"","post_type_properties_post_comarca":"","post_type_properties_post_features_built_year":"","post_type_properties_post_renta_mensual":8000,"post_type_properties_post_fianza":"","post_type_properties_post_features_area_plot":"","post_type_properties_post_features_area_buildable":"","post_type_properties_post_features_classification_industrial":false,"post_type_properties_post_distrito":"","post_type_properties_post_features_balcony":false,"post_type_properties_post_features_bedroom_number":"","post_type_properties_post_features_heating_type":"","post_type_properties_post_features_equipped_with_furniture":false,"post_type_properties_post_features_pets_allowed":false,"post_type_properties_post_features_pool":false,"post_type_properties_post_features_terrace":false,"post_type_properties_post_features_wardrobes":false,"post_type_properties_post_features_lift_available":false,"post_type_properties_post_features_handicap_adapted_access":false,"post_type_properties_post_features_orientation_east":false,"post_type_properties_post_features_orientation_west":false,"post_type_properties_post_features_orientation_north":false,"post_type_properties_post_features_orientation_south":false,"post_type_properties_post_features_parking_spaces_number":"","post_type_properties_post_features_security_alarm":false,"post_type_properties_post_features_security_system":false,"post_type_properties_post_open_plan":false,"post_type_properties_post_acceso_24_7":false,"post_type_properties_post_oficina_privada":false,"post_type_properties_post_sala_reuniones":false,"post_type_properties_post_espacio_eventos":false,"post_type_properties_post_office":false,"post_type_properties_post_restaurant":false,"post_type_properties_post_acepta_traspaso":false,"post_type_properties_post_vigilancia":false,"post_type_properties_post_features_suite":false,"post_type_properties_post_features_vitro":false,"post_type_properties_post_features_oven":false,"post_type_properties_post_features_microwave":false,"post_type_properties_post_features_washing_machine":false,"post_type_properties_post_features_dryer":false,"post_type_properties_post_features_dishwasher":false,"post_type_properties_post_features_fridge":false,"post_type_properties_post_features_fridge_mini":false,"post_type_properties_post_features_kettle":false,"post_type_properties_post_features_toaster":false,"post_type_properties_post_features_coffee_maker":false,"post_type_properties_post_features_iron":false,"post_type_properties_post_features_ironing_board":false,"post_type_properties_post_features_safe":false,"post_type_properties_post_features_internet":false,"post_type_properties_post_features_solarium":false,"post_type_properties_post_features_clean_service":false,"post_type_properties_post_features_t_v":false,"post_type_properties_post_features_satellite_t_v":false,"post_type_properties_post_features_gas_kitchen":false,"post_type_properties_post_features_view_mountain":false,"post_type_properties_post_features_view_sea":false,"post_type_properties_post_features_concierge":false,"post_type_properties_post_features_loading_dock":false,"post_type_properties_post_features_bridge_crane":false,"post_type_properties_post_features_located_at_corner":false,"post_type_properties_post_features_smoke_extraction":false,"post_type_properties_post_features_rooms":"","post_type_properties_post_features_garden_area":"","post_type_properties_post_features_utilities_water":false,"post_type_properties_post_features_utilities_electricity":false,"post_type_properties_post_features_utilities_natural_gas":false,"post_type_properties_post_features_building_adapted":false,"post_type_properties_post_features_garden":false,"post_type_properties_post_features_classification_hotel":false,"post_type_properties_post_features_classification_chalet":false,"post_type_properties_post_certificado_energetico_emisiones":"","post_type_properties_post_barrio":"","post_type_properties_post_distrito_empresa":"","post_type_properties_post_features_property_category_intern":"","post_type_properties_post_implantada":false,"post_type_properties_post_sello_leed":"","post_type_properties_post_sello_well":"","post_type_properties_post_sello_breeam":false,"post_type_properties_post_images":[{"properties_post_image_order":1,"properties_post_image_url":"https:\/\/movin.cloud\/empresas\/1885\/imagenes\/158103\/compra-para-idealistas.webp","properties_post_image_url_thumbnail":"https:\/\/movin.cloud\/empresas\/1885\/imagenes\/thumbnails\/158103\/compra-para-idealistas.webp","properties_post_title":"compra para idealistas","properties_post_alt":"compra para idealistas"},{"properties_post_image_order":2,"properties_post_image_url":"https:\/\/movin.cloud\/empresas\/1885\/imagenes\/158103\/compra.webp","properties_post_image_url_thumbnail":"https:\/\/movin.cloud\/empresas\/1885\/imagenes\/thumbnails\/158103\/compra.webp","properties_post_title":"compra","properties_post_alt":"compra"},{"properties_post_image_order":3,"properties_post_image_url":"https:\/\/movin.cloud\/empresas\/1885\/imagenes\/158103\/habitalia.webp","properties_post_image_url_thumbnail":"https:\/\/movin.cloud\/empresas\/1885\/imagenes\/thumbnails\/158103\/habitalia.webp","properties_post_title":"habitalia","properties_post_alt":"habitalia"},{"properties_post_image_order":4,"properties_post_image_url":"https:\/\/movin.cloud\/empresas\/1885\/imagenes\/158103\/parkings.webp","properties_post_image_url_thumbnail":"https:\/\/movin.cloud\/empresas\/1885\/imagenes\/thumbnails\/158103\/parkings.webp","properties_post_title":"parkings","properties_post_alt":"parkings"},{"properties_post_image_order":5,"properties_post_image_url":"https:\/\/movin.cloud\/empresas\/1885\/imagenes\/158103\/viviendas.webp","properties_post_image_url_thumbnail":"https:\/\/movin.cloud\/empresas\/1885\/imagenes\/thumbnails\/158103\/viviendas.webp","properties_post_title":"viviendas","properties_post_alt":"viviendas"},{"properties_post_image_order":6,"properties_post_image_url":"https:\/\/movin.cloud\/empresas\/1885\/imagenes\/158103\/venta-viviendas.webp","properties_post_image_url_thumbnail":"https:\/\/movin.cloud\/empresas\/1885\/imagenes\/thumbnails\/158103\/venta-viviendas.webp","properties_post_title":"venta viviendas","properties_post_alt":"venta viviendas"}],"post_type_properties_post_videos":[{"properties_post_video_url":"https:\/\/www.youtube.com\/watch?v=daJliQMBFas","properties_post_video_order":"1"}],"post_type_properties_post_tour":null,"post_type_properties_post_dossier_url":"","post_type_properties_post_operation_type":"sale","post_type_properties_post_operation_price":8000,"post_type_properties_post_features_hidden_price":false},"yoast_head":"<!-- This site is optimized with the Yoast SEO plugin v27.4 - https:\/\/yoast.com\/product\/yoast-seo-wordpress\/ -->\n<title>Plaza de parking en venta en Mollet del Vall\u00e8s<\/title>\n<meta name=\"description\" content=\"Plaza de aparcamiento en venta en Mollet del Vall\u00e8s, zona estaci\u00f3n Mollet-Sant Fost. Plaza de parking de 10 m\u00b2 seg\u00fan catastro. Bien ubicada, en calle A\u2026\" \/>\n<meta name=\"robots\" content=\"index, follow, max-snippet:-1, max-image-preview:large, max-video-preview:-1\" \/>\n<link rel=\"canonical\" href=\"https:\/\/forcadell.com\/en\/propiedades\/plaza-de-parking-en-venta-en-mollet-del-valles-3\/\" \/>\n<meta property=\"og:locale\" content=\"en_US\" \/>\n<meta property=\"og:type\" content=\"article\" \/>\n<meta property=\"og:title\" content=\"Plaza de parking en venta en Mollet del Vall\u00e8s\" \/>\n<meta property=\"og:description\" content=\"Plaza de aparcamiento en venta en Mollet del Vall\u00e8s, zona estaci\u00f3n Mollet-Sant Fost. Plaza de parking de 10 m\u00b2 seg\u00fan catastro. Bien ubicada, en calle A\u2026\" \/>\n<meta property=\"og:url\" content=\"https:\/\/forcadell.com\/en\/propiedades\/plaza-de-parking-en-venta-en-mollet-del-valles-3\/\" \/>\n<meta property=\"og:site_name\" content=\"Forcadell\" \/>\n<meta property=\"article:modified_time\" content=\"2026-08-31T06:35:08+00:00\" \/>\n<meta name=\"twitter:card\" content=\"summary_large_image\" \/>\n<script type=\"application\/ld+json\" class=\"yoast-schema-graph\">{\"@context\":\"https:\\\/\\\/schema.org\",\"@graph\":[{\"@type\":\"WebPage\",\"@id\":\"https:\\\/\\\/forcadell.com\\\/en\\\/propiedades\\\/plaza-de-parking-en-venta-en-mollet-del-valles-3\\\/\",\"url\":\"https:\\\/\\\/forcadell.com\\\/en\\\/propiedades\\\/plaza-de-parking-en-venta-en-mollet-del-valles-3\\\/\",\"name\":\"Plaza de parking en venta en Mollet del Vall\u00e8s\",\"isPartOf\":{\"@id\":\"https:\\\/\\\/forcadell.com\\\/en\\\/#website\"},\"datePublished\":\"2026-08-04T06:27:26+00:00\",\"dateModified\":\"2026-08-31T06:35:08+00:00\",\"description\":\"Plaza de aparcamiento en venta en Mollet del Vall\u00e8s, zona estaci\u00f3n Mollet-Sant Fost. Plaza de parking de 10 m\u00b2 seg\u00fan catastro. Bien ubicada, en calle A\u2026\",\"breadcrumb\":{\"@id\":\"https:\\\/\\\/forcadell.com\\\/en\\\/propiedades\\\/plaza-de-parking-en-venta-en-mollet-del-valles-3\\\/#breadcrumb\"},\"inLanguage\":\"en-US\",\"potentialAction\":[{\"@type\":\"ReadAction\",\"target\":[\"https:\\\/\\\/forcadell.com\\\/en\\\/propiedades\\\/plaza-de-parking-en-venta-en-mollet-del-valles-3\\\/\"]}]},{\"@type\":\"BreadcrumbList\",\"@id\":\"https:\\\/\\\/forcadell.com\\\/en\\\/propiedades\\\/plaza-de-parking-en-venta-en-mollet-del-valles-3\\\/#breadcrumb\",\"itemListElement\":[{\"@type\":\"ListItem\",\"position\":1,\"name\":\"Portada\",\"item\":\"https:\\\/\\\/forcadell.com\\\/en\\\/\"},{\"@type\":\"ListItem\",\"position\":2,\"name\":\"Properties\",\"item\":\"https:\\\/\\\/forcadell.com\\\/en\\\/propiedades\\\/\"},{\"@type\":\"ListItem\",\"position\":3,\"name\":\"Plaza de parking en venta en Mollet del Vall\u00e8s\"}]},{\"@type\":\"WebSite\",\"@id\":\"https:\\\/\\\/forcadell.com\\\/en\\\/#website\",\"url\":\"https:\\\/\\\/forcadell.com\\\/en\\\/\",\"name\":\"Forcadell\",\"description\":\"Inmobiliaria Barcelona | Consultores inmobiliarios\",\"potentialAction\":[{\"@type\":\"SearchAction\",\"target\":{\"@type\":\"EntryPoint\",\"urlTemplate\":\"https:\\\/\\\/forcadell.com\\\/en\\\/?s={search_term_string}\"},\"query-input\":{\"@type\":\"PropertyValueSpecification\",\"valueRequired\":true,\"valueName\":\"search_term_string\"}}],\"inLanguage\":\"en-US\"}]}<\/script>\n<!-- \/ Yoast SEO plugin. -->","yoast_head_json":{"title":"Plaza de parking en venta en Mollet del Vall\u00e8s","description":"Plaza de aparcamiento en venta en Mollet del Vall\u00e8s, zona estaci\u00f3n Mollet-Sant Fost. Plaza de parking de 10 m\u00b2 seg\u00fan catastro. Bien ubicada, en calle A\u2026","robots":{"index":"index","follow":"follow","max-snippet":"max-snippet:-1","max-image-preview":"max-image-preview:large","max-video-preview":"max-video-preview:-1"},"canonical":"https:\/\/forcadell.com\/en\/propiedades\/plaza-de-parking-en-venta-en-mollet-del-valles-3\/","og_locale":"en_US","og_type":"article","og_title":"Plaza de parking en venta en Mollet del Vall\u00e8s","og_description":"Plaza de aparcamiento en venta en Mollet del Vall\u00e8s, zona estaci\u00f3n Mollet-Sant Fost. Plaza de parking de 10 m\u00b2 seg\u00fan catastro. Bien ubicada, en calle A\u2026","og_url":"https:\/\/forcadell.com\/en\/propiedades\/plaza-de-parking-en-venta-en-mollet-del-valles-3\/","og_site_name":"Forcadell","article_modified_time":"2026-08-31T06:35:08+00:00","twitter_card":"summary_large_image","schema":{"@context":"https:\/\/schema.org","@graph":[{"@type":"WebPage","@id":"https:\/\/forcadell.com\/en\/propiedades\/plaza-de-parking-en-venta-en-mollet-del-valles-3\/","url":"https:\/\/forcadell.com\/en\/propiedades\/plaza-de-parking-en-venta-en-mollet-del-valles-3\/","name":"Plaza de parking en venta en Mollet del Vall\u00e8s","isPartOf":{"@id":"https:\/\/forcadell.com\/en\/#website"},"datePublished":"2026-08-04T06:27:26+00:00","dateModified":"2026-08-31T06:35:08+00:00","description":"Plaza de aparcamiento en venta en Mollet del Vall\u00e8s, zona estaci\u00f3n Mollet-Sant Fost. Plaza de parking de 10 m\u00b2 seg\u00fan catastro. Bien ubicada, en calle A\u2026","breadcrumb":{"@id":"https:\/\/forcadell.com\/en\/propiedades\/plaza-de-parking-en-venta-en-mollet-del-valles-3\/#breadcrumb"},"inLanguage":"en-US","potentialAction":[{"@type":"ReadAction","target":["https:\/\/forcadell.com\/en\/propiedades\/plaza-de-parking-en-venta-en-mollet-del-valles-3\/"]}]},{"@type":"BreadcrumbList","@id":"https:\/\/forcadell.com\/en\/propiedades\/plaza-de-parking-en-venta-en-mollet-del-valles-3\/#breadcrumb","itemListElement":[{"@type":"ListItem","position":1,"name":"Portada","item":"https:\/\/forcadell.com\/en\/"},{"@type":"ListItem","position":2,"name":"Properties","item":"https:\/\/forcadell.com\/en\/propiedades\/"},{"@type":"ListItem","position":3,"name":"Plaza de parking en venta en Mollet del Vall\u00e8s"}]},{"@type":"WebSite","@id":"https:\/\/forcadell.com\/en\/#website","url":"https:\/\/forcadell.com\/en\/","name":"Forcadell","description":"Inmobiliaria Barcelona | Consultores inmobiliarios","potentialAction":[{"@type":"SearchAction","target":{"@type":"EntryPoint","urlTemplate":"https:\/\/forcadell.com\/en\/?s={search_term_string}"},"query-input":{"@type":"PropertyValueSpecification","valueRequired":true,"valueName":"search_term_string"}}],"inLanguage":"en-US"}]}},"_links":{"self":[{"href":"https:\/\/forcadell.com\/en\/wp-json\/wp\/v2\/properties_post\/83908","targetHints":{"allow":["GET"]}}],"collection":[{"href":"https:\/\/forcadell.com\/en\/wp-json\/wp\/v2\/properties_post"}],"about":[{"href":"https:\/\/forcadell.com\/en\/wp-json\/wp\/v2\/types\/properties_post"}],"wp:attachment":[{"href":"https:\/\/forcadell.com\/en\/wp-json\/wp\/v2\/media?parent=83908"}],"curies":[{"name":"wp","href":"https:\/\/api.w.org\/{rel}","templated":true}]}}