{"id":66223,"date":"2026-04-30T12:53:29","date_gmt":"2026-04-30T10:53:29","guid":{"rendered":"https:\/\/forcadell.com\/propiedades\/oficina-alquiler-madrid-paseo-de-la-castellana-6\/"},"modified":"2026-04-30T16:14:05","modified_gmt":"2026-04-30T14:14:05","slug":"oficina-alquiler-madrid-paseo-de-la-castellana-6","status":"publish","type":"properties_post","link":"https:\/\/forcadell.com\/en\/propiedades\/oficina-alquiler-madrid-paseo-de-la-castellana-6\/","title":{"rendered":"Oficina alquiler Madrid. Paseo de la Castellana."},"content":{"rendered":"<p>Oficina en alquiler en el coraz\u00f3n financiero de Paseo de la Castellana. Se distribuye en espacios di\u00e1fanos con excelente iluminaci\u00f3n natural y cuenta con acceso independiente desde el n\u00facleo de ascensores. Dispone de falso techo con iluminaci\u00f3n LED, suelo t\u00e9cnico, ventanas practicables, office independiente y 2 aseos por planta.<\/p>\n<p>Edificio exclusivo de oficinas, ha sido reformado para brindar confort a sus usuarios. Destaca por su moderno lobby con acceso directo desde Paseo de la Castellana y una terraza en la planta 10\u00aa con vistas a la ciudad. Adem\u00e1s, cuenta con recepci\u00f3n, control de accesos y aparcamiento interior con plazas aptas para coches el\u00e9ctricos y bicicletas.<\/p>\n<p>Ubicaci\u00f3n privilegiada junto al barrio de Salamanca, una zona de gran actividad donde se encuentran empresas del sector financiero y bancario, embajadas y comercios de lujo. Adem\u00e1s, ofrece una variedad de servicios y una excelente comunicaci\u00f3n con el transporte p\u00fablico.<\/p>\n<p>Transportes:<br \/>\nMetro: L5 &#8211; Rub\u00e9n Dar\u00edo; L5, L9 &#8211; N\u00fa\u00f1ez de Balboa.<br \/>\nAutobuses: 5, 9, 14, 19, 27, 45, 51, 150, N1, N22, N24.<\/p>\n<p>Renta de parking: 200 \u20ac\/plaza\/mes.<\/p>\n<p>**Las im\u00e1genes corresponden a una oficina tipo**<\/p>\n","protected":false},"template":"","class_list":["post-66223","properties_post","type-properties_post","status-publish","hentry","properties_modality-rent","properties_district-salamanca","properties_province-madrid","properties_zone-prime","properties_state-madrid","properties_subclass-oficina","properties_type-oficina"],"acf":{"post_type_properties_post_property_code":"11249176","post_type_properties_post_property_reference":"IE-227369","post_type_properties_post_owner_id":"38563","post_type_properties_post_owner_name":"ALBA PATRIMONIO INMOBILIARIO SAU (30958) #1","post_type_properties_post_property_code_encrypted":"MjQ5JDMzNzQz","post_type_properties_post_published":"1","post_type_properties_post_property_visibility":"idealista","post_type_properties_post_contact_name":"Forcadell Oficinas Madrid","post_type_properties_post_contact_email":"forcadell.oficinas.madrid@movin.cloud","post_type_properties_post_contact_primary_phone_prefix":"34","post_type_properties_post_contact_primary_phone_number":"917886880","post_type_properties_post_address_visibility":"street","post_type_properties_post_address_country":"Spain","post_type_properties_post_address_coordinates_precision":"exact","post_type_properties_post_address_postal_code":"28046","post_type_properties_post_address_coordinates_latitude":"40.433368900002","post_type_properties_post_address_coordinates_longitude":"-3.687646899998","post_type_properties_post_address_street_name":"PS de la Castellana 42.","post_type_properties_post_address_floor":"4","post_type_properties_post_address_town":"Madrid","post_type_properties_post_building":null,"post_type_properties_post_property":[{"properties_post_description_language":"catalan","properties_post_title":"Oficina lloguer Madrid. Passeig de la Castellana.","properties_post_short_description_text_alt":"","properties_post_description_text_alt":"","properties_post_short_description_text":"Despatx per llogar al cor financer del Passeig de la Castellana. Es divideix en espais di\u00e0fans amb una excel\u00b7lent il\u00b7luminaci\u00f3 natural i t\u00e9 acc\u00e9s independent des del nucli d'ascensors. Disposa de fals sostre amb il\u00b7luminaci\u00f3 LED, terra t\u00e8cnic, finestres practicables, cuina independent i 2 banys per planta.\n\nEdifici exclusiu d'oficines, ha estat reformat per oferir comoditat als seus usuaris. Es destaca pel seu modern lobby amb acc\u00e9s directe des del Passeig de la Castellana i una terrassa a la planta 10\u00aa amb vistes a la ciutat. A m\u00e9s, compta amb recepci\u00f3, control d'acc\u00e9s i aparcament interior amb places aptes per a cotxes el\u00e8ctrics i bicicletes.\n\nUbicaci\u00f3 privilegiada al costat del Barri de Salamanca, una zona d'intensa activitat on es troben empreses del sector financer i bancari, ambaixades i comer\u00e7os de luxe. A m\u00e9s, ofereix una varietat de serveis i una excel\u00b7lent comunicaci\u00f3 amb els transports p\u00fablics.\n\nTransports:\nMetro: L5 - Rub\u00e9n Dar\u00edo; L5, L9 - N\u00fa\u00f1ez de Balboa.\nAutobusos: 5, 9, ","properties_post_link_demanda_inmueble":"https:\/\/movin.cloud\/ca\/Forcadell Oficinas Madrid\/formulari-peticio-immoble\/sth\/2462&&11249176","properties_post_link_demanda_calendario_inmueble":"https:\/\/movin.cloud\/ca\/Forcadell Oficinas Madrid\/calendari-peticio-immoble\/sth\/2462&&11249176","properties_post_description_text":"Despatx per llogar al cor financer del Passeig de la Castellana. Es divideix en espais di\u00e0fans amb una excel\u00b7lent il\u00b7luminaci\u00f3 natural i t\u00e9 acc\u00e9s independent des del nucli d'ascensors. Disposa de fals sostre amb il\u00b7luminaci\u00f3 LED, terra t\u00e8cnic, finestres practicables, cuina independent i 2 banys per planta.\n\nEdifici exclusiu d'oficines, ha estat reformat per oferir comoditat als seus usuaris. Es destaca pel seu modern lobby amb acc\u00e9s directe des del Passeig de la Castellana i una terrassa a la planta 10\u00aa amb vistes a la ciutat. A m\u00e9s, compta amb recepci\u00f3, control d'acc\u00e9s i aparcament interior amb places aptes per a cotxes el\u00e8ctrics i bicicletes.\n\nUbicaci\u00f3 privilegiada al costat del Barri de Salamanca, una zona d'intensa activitat on es troben empreses del sector financer i bancari, ambaixades i comer\u00e7os de luxe. A m\u00e9s, ofereix una varietat de serveis i una excel\u00b7lent comunicaci\u00f3 amb els transports p\u00fablics.\n\nTransports:\nMetro: L5 - Rub\u00e9n Dar\u00edo; L5, L9 - N\u00fa\u00f1ez de Balboa.\nAutobusos: 5, 9, 14, 19, 27, 45, 51, 150, N1, N22, N24.\n\nLloguer de p\u00e0rquing: 190 \u20ac\/pla\u00e7a\/mes.\n\n**Les imatges corresponen a un despatx tipus**.","properties_post_seo_title":"","properties_post_seo_alias":"","properties_post_seo_metadescription":"","properties_post_seo_key_words":"oficina lloguer Paseo de la Castellana, lloguer oficina Paseo de la Castellana, oficina Paseo de la Castellana","properties_post_seo_url":"","properties_post_terms_conditions":""},{"properties_post_description_language":"spanish","properties_post_title":"Oficina alquiler Madrid. Paseo de la Castellana.","properties_post_short_description_text_alt":"","properties_post_description_text_alt":"","properties_post_short_description_text":"Oficina en alquiler en el coraz\u00f3n financiero de Paseo de la Castellana. Se distribuye en espacios di\u00e1fanos con excelente iluminaci\u00f3n natural y cuenta con acceso independiente desde el n\u00facleo de ascensores. Dispone de falso techo con iluminaci\u00f3n LED, suelo t\u00e9cnico, ventanas practicables, office independiente y 2 aseos por planta. \n \nEdificio exclusivo de oficinas, ha sido reformado para brindar confort a sus usuarios. Destaca por su moderno lobby con acceso directo desde Paseo de la Castellana y una terraza en la planta 10\u00aa con vistas a la ciudad. Adem\u00e1s, cuenta con recepci\u00f3n, control de accesos y aparcamiento interior con plazas aptas para coches el\u00e9ctricos y bicicletas. \n \nUbicaci\u00f3n privilegiada junto al barrio de Salamanca, una zona de gran actividad donde se encuentran empresas del sector financiero y bancario, embajadas y comercios de lujo. Adem\u00e1s, ofrece una variedad de servicios y una excelente comunicaci\u00f3n con el transporte p\u00fablico. \n \nTransportes: \nMetro: L5 - Rub\u00e9n Dar\u00edo; L5, ","properties_post_link_demanda_inmueble":"https:\/\/movin.cloud\/es\/Forcadell Oficinas Madrid\/formulario-peticion-inmueble\/sth\/2462&&11249176","properties_post_link_demanda_calendario_inmueble":"https:\/\/movin.cloud\/es\/Forcadell Oficinas Madrid\/calendario-peticion-inmueble\/sth\/2462&&11249176","properties_post_description_text":"Oficina en alquiler en el coraz\u00f3n financiero de Paseo de la Castellana. Se distribuye en espacios di\u00e1fanos con excelente iluminaci\u00f3n natural y cuenta con acceso independiente desde el n\u00facleo de ascensores. Dispone de falso techo con iluminaci\u00f3n LED, suelo t\u00e9cnico, ventanas practicables, office independiente y 2 aseos por planta.\n\nEdificio exclusivo de oficinas, ha sido reformado para brindar confort a sus usuarios. Destaca por su moderno lobby con acceso directo desde Paseo de la Castellana y una terraza en la planta 10\u00aa con vistas a la ciudad. Adem\u00e1s, cuenta con recepci\u00f3n, control de accesos y aparcamiento interior con plazas aptas para coches el\u00e9ctricos y bicicletas.\n\nUbicaci\u00f3n privilegiada junto al barrio de Salamanca, una zona de gran actividad donde se encuentran empresas del sector financiero y bancario, embajadas y comercios de lujo. Adem\u00e1s, ofrece una variedad de servicios y una excelente comunicaci\u00f3n con el transporte p\u00fablico.\n\nTransportes:\nMetro: L5 - Rub\u00e9n Dar\u00edo; L5, L9 - N\u00fa\u00f1ez de Balboa.\nAutobuses: 5, 9, 14, 19, 27, 45, 51, 150, N1, N22, N24.\n\nRenta de parking: 200 \u20ac\/plaza\/mes.\n\n**Las im\u00e1genes corresponden a una oficina tipo**","properties_post_seo_title":"","properties_post_seo_alias":"","properties_post_seo_metadescription":"oficina alquiler Madrid. Paseo de la Castellana. Barrio Salamanca. Forcadell","properties_post_seo_key_words":"oficina alquiler Paseo de la Castellana, alquiler oficina Paseo de la Castellana, oficina Paseo de la Castellana","properties_post_seo_url":"","properties_post_terms_conditions":""},{"properties_post_description_language":"english","properties_post_title":"Office rental in Madrid. Paseo de la Castellana","properties_post_short_description_text_alt":"","properties_post_description_text_alt":"","properties_post_short_description_text":"Office for rent in the financial heart of Paseo de la Castellana. It is distributed in open spaces with excellent natural lighting and has independent access from the elevator core. It has a false ceiling with LED lighting, technical flooring, operable windows, separate kitchenette, and 2 toilets per floor.\n\nExclusive office building, which has been renovated to provide comfort to its users. It stands out for its modern lobby with direct access from Paseo de la Castellana and a terrace on the 10th floor with city views. In addition, it has a reception area, access control, and indoor parking with spaces suitable for electric cars and bicycles.\n\nPrivileged location next to the Salamanca neighborhood, an area with great activity where financial and banking companies, embassies, and luxury shops are located. In addition, it offers a variety of services and excellent public transportation connections.\n\nTransports:\nMetro: Line 5 - Rub\u00e9n Dar\u00edo; Line 5, Line 9 - N\u00fa\u00f1ez de Balboa.\nBuses: 5, 9, ","properties_post_link_demanda_inmueble":"https:\/\/movin.cloud\/en\/Forcadell Oficinas Madrid\/property-form-request\/sth\/2462&&11249176","properties_post_link_demanda_calendario_inmueble":"https:\/\/movin.cloud\/en\/Forcadell Oficinas Madrid\/property-calendar-request\/sth\/2462&&11249176","properties_post_description_text":"Office for rent in the financial heart of Paseo de la Castellana. It is distributed in open spaces with excellent natural lighting and has independent access from the elevator core. It has a false ceiling with LED lighting, technical flooring, operable windows, separate kitchenette, and 2 toilets per floor.\n\nExclusive office building, which has been renovated to provide comfort to its users. It stands out for its modern lobby with direct access from Paseo de la Castellana and a terrace on the 10th floor with city views. In addition, it has a reception area, access control, and indoor parking with spaces suitable for electric cars and bicycles.\n\nPrivileged location next to the Salamanca neighborhood, an area with great activity where financial and banking companies, embassies, and luxury shops are located. In addition, it offers a variety of services and excellent public transportation connections.\n\nTransports:\nMetro: Line 5 - Rub\u00e9n Dar\u00edo; Line 5, Line 9 - N\u00fa\u00f1ez de Balboa.\nBuses: 5, 9, 14, 19, 27, 45, 51, 150, N1, N22, N24.\n\nParking rent: \u20ac190\/space\/month.\n\n**The images correspond to a type office.**","properties_post_seo_title":"","properties_post_seo_alias":"","properties_post_seo_metadescription":"","properties_post_seo_key_words":"","properties_post_seo_url":"","properties_post_terms_conditions":""}],"post_type_properties_post_features_type":"office","post_type_properties_post_id_building":"","post_type_properties_post_features_area_constructed":453,"post_type_properties_post_features_conditioned_air":true,"post_type_properties_post_features_doorman":false,"post_type_properties_post_features_heating":true,"post_type_properties_post_features_equipped_kitchen":false,"post_type_properties_post_features_windows_location":"exterior","post_type_properties_post_features_floors_property":false,"post_type_properties_post_features_storage":false,"post_type_properties_post_features_security_door":false,"post_type_properties_post_features_energy_certificate_rating":"unknown","post_type_properties_post_features_energy_certificate_emissions_rating":"","post_type_properties_post_features_energy_certificate_emissions_value":"","post_type_properties_post_features_energy_certificate_performance":"","post_type_properties_post_features_bathroom_inside":true,"post_type_properties_post_precio":20385,"post_type_properties_post_precio_alquiler":20385,"post_type_properties_post_record_type_id":"Oficina","post_type_properties_post_categoria__producto":"Oficina","post_type_properties_post_amueblado":false,"post_type_properties_post_precio_m2":45,"post_type_properties_post_zona__comunitaria":false,"post_type_properties_post_electrodomesticos":false,"post_type_properties_post_patio__interior":true,"post_type_properties_post_certificado_energetico_general":"","post_type_properties_post_certificado_energetico_consumo":"","post_type_properties_post_certificado_energetico_valor_emisiones":"","post_type_properties_post_certificado_energetico_valor_consumo":"","post_type_properties_post_modalidad":"rent","post_type_properties_post_provincia":"Madrid","post_type_properties_post_poblacion":"Madrid","post_type_properties_post_centro__urbano":false,"post_type_properties_post_zonificacion":"Prime","post_type_properties_post_cartera":"Segunda mano","post_type_properties_post_titulo_catalan":"Oficina lloguer Madrid. Passeig de la Castellana.","post_type_properties_post_internet_catalan":"Despatx per llogar al cor financer del Passeig de la Castellana. Es divideix en espais di\u00e0fans amb una excel\u00b7lent il\u00b7luminaci\u00f3 natural i t\u00e9 acc\u00e9s independent des del nucli d'ascensors. Disposa de fals sostre amb il\u00b7luminaci\u00f3 LED, terra t\u00e8cnic, finestres practicables, cuina independent i 2 banys per planta.\n\nEdifici exclusiu d'oficines, ha estat reformat per oferir comoditat als seus usuaris. Es destaca pel seu modern lobby amb acc\u00e9s directe des del Passeig de la Castellana i una terrassa a la planta 10\u00aa amb vistes a la ciutat. A m\u00e9s, compta amb recepci\u00f3, control d'acc\u00e9s i aparcament interior amb places aptes per a cotxes el\u00e8ctrics i bicicletes.\n\nUbicaci\u00f3 privilegiada al costat del Barri de Salamanca, una zona d'intensa activitat on es troben empreses del sector financer i bancari, ambaixades i comer\u00e7os de luxe. A m\u00e9s, ofereix una varietat de serveis i una excel\u00b7lent comunicaci\u00f3 amb els transports p\u00fablics.\n\nTransports:\nMetro: L5 - Rub\u00e9n Dar\u00edo; L5, L9 - N\u00fa\u00f1ez de Balboa.\nAutobusos: 5, 9, 14, 19, 27, 45, 51, 150, N1, N22, N24.\n\nLloguer de p\u00e0rquing: 190 \u20ac\/pla\u00e7a\/mes.\n\n**Les imatges corresponen a un despatx tipus**.","post_type_properties_post_titulo_castellano":"Oficina alquiler Madrid. Paseo de la Castellana.","post_type_properties_post_internet_castellano":"Oficina en alquiler en el coraz\u00f3n financiero de Paseo de la Castellana. Se distribuye en espacios di\u00e1fanos con excelente iluminaci\u00f3n natural y cuenta con acceso independiente desde el n\u00facleo de ascensores. Dispone de falso techo con iluminaci\u00f3n LED, suelo t\u00e9cnico, ventanas practicables, office independiente y 2 aseos por planta.\n\nEdificio exclusivo de oficinas, ha sido reformado para brindar confort a sus usuarios. Destaca por su moderno lobby con acceso directo desde Paseo de la Castellana y una terraza en la planta 10\u00aa con vistas a la ciudad. Adem\u00e1s, cuenta con recepci\u00f3n, control de accesos y aparcamiento interior con plazas aptas para coches el\u00e9ctricos y bicicletas.\n\nUbicaci\u00f3n privilegiada junto al barrio de Salamanca, una zona de gran actividad donde se encuentran empresas del sector financiero y bancario, embajadas y comercios de lujo. Adem\u00e1s, ofrece una variedad de servicios y una excelente comunicaci\u00f3n con el transporte p\u00fablico.\n\nTransportes:\nMetro: L5 - Rub\u00e9n Dar\u00edo; L5, L9 - N\u00fa\u00f1ez de Balboa.\nAutobuses: 5, 9, 14, 19, 27, 45, 51, 150, N1, N22, N24.\n\nRenta de parking: 200 \u20ac\/plaza\/mes.\n\n**Las im\u00e1genes corresponden a una oficina tipo**","post_type_properties_post_titulo_ingles":"Office rental in Madrid. Paseo de la Castellana","post_type_properties_post_internet_ingles":"Office for rent in the financial heart of Paseo de la Castellana. It is distributed in open spaces with excellent natural lighting and has independent access from the elevator core. It has a false ceiling with LED lighting, technical flooring, operable windows, separate kitchenette, and 2 toilets per floor.\n\nExclusive office building, which has been renovated to provide comfort to its users. It stands out for its modern lobby with direct access from Paseo de la Castellana and a terrace on the 10th floor with city views. In addition, it has a reception area, access control, and indoor parking with spaces suitable for electric cars and bicycles.\n\nPrivileged location next to the Salamanca neighborhood, an area with great activity where financial and banking companies, embassies, and luxury shops are located. In addition, it offers a variety of services and excellent public transportation connections.\n\nTransports:\nMetro: Line 5 - Rub\u00e9n Dar\u00edo; Line 5, Line 9 - N\u00fa\u00f1ez de Balboa.\nBuses: 5, 9, 14, 19, 27, 45, 51, 150, N1, N22, N24.\n\nParking rent: \u20ac190\/space\/month.\n\n**The images correspond to a type office.**","post_type_properties_post_features_classification_commercial":false,"post_type_properties_post_features_conservation":"","post_type_properties_post_features_security_personnel":false,"post_type_properties_post_features_parking_available":false,"post_type_properties_post_features_garage_capacity_type":"","post_type_properties_post_features_bathroom_number":"","post_type_properties_post_eje":"","post_type_properties_post_zona":"","post_type_properties_post_comarca":"","post_type_properties_post_features_built_year":"","post_type_properties_post_renta_mensual":15402,"post_type_properties_post_fianza":"","post_type_properties_post_features_area_plot":"","post_type_properties_post_features_area_buildable":"","post_type_properties_post_features_classification_industrial":false,"post_type_properties_post_distrito":"","post_type_properties_post_features_balcony":false,"post_type_properties_post_features_bedroom_number":"","post_type_properties_post_features_heating_type":"","post_type_properties_post_features_equipped_with_furniture":false,"post_type_properties_post_features_pets_allowed":false,"post_type_properties_post_features_pool":false,"post_type_properties_post_features_terrace":false,"post_type_properties_post_features_wardrobes":false,"post_type_properties_post_features_lift_available":false,"post_type_properties_post_features_handicap_adapted_access":false,"post_type_properties_post_features_orientation_east":false,"post_type_properties_post_features_orientation_west":false,"post_type_properties_post_features_orientation_north":false,"post_type_properties_post_features_orientation_south":false,"post_type_properties_post_features_parking_spaces_number":"","post_type_properties_post_features_security_alarm":false,"post_type_properties_post_features_security_system":false,"post_type_properties_post_open_plan":false,"post_type_properties_post_acceso_24_7":false,"post_type_properties_post_oficina_privada":false,"post_type_properties_post_sala_reuniones":false,"post_type_properties_post_espacio_eventos":false,"post_type_properties_post_office":false,"post_type_properties_post_restaurant":false,"post_type_properties_post_acepta_traspaso":false,"post_type_properties_post_vigilancia":false,"post_type_properties_post_features_suite":false,"post_type_properties_post_features_vitro":false,"post_type_properties_post_features_oven":false,"post_type_properties_post_features_microwave":false,"post_type_properties_post_features_washing_machine":false,"post_type_properties_post_features_dryer":false,"post_type_properties_post_features_dishwasher":false,"post_type_properties_post_features_fridge":false,"post_type_properties_post_features_fridge_mini":false,"post_type_properties_post_features_kettle":false,"post_type_properties_post_features_toaster":false,"post_type_properties_post_features_coffee_maker":false,"post_type_properties_post_features_iron":false,"post_type_properties_post_features_ironing_board":false,"post_type_properties_post_features_safe":false,"post_type_properties_post_features_internet":false,"post_type_properties_post_features_solarium":false,"post_type_properties_post_features_clean_service":false,"post_type_properties_post_features_t_v":false,"post_type_properties_post_features_satellite_t_v":false,"post_type_properties_post_features_gas_kitchen":false,"post_type_properties_post_features_view_mountain":false,"post_type_properties_post_features_view_sea":false,"post_type_properties_post_features_concierge":false,"post_type_properties_post_features_loading_dock":false,"post_type_properties_post_features_bridge_crane":false,"post_type_properties_post_features_located_at_corner":false,"post_type_properties_post_features_smoke_extraction":false,"post_type_properties_post_features_rooms":"","post_type_properties_post_features_garden_area":"","post_type_properties_post_features_utilities_water":false,"post_type_properties_post_features_utilities_electricity":false,"post_type_properties_post_features_utilities_natural_gas":false,"post_type_properties_post_features_building_adapted":false,"post_type_properties_post_features_garden":false,"post_type_properties_post_features_classification_hotel":false,"post_type_properties_post_features_classification_chalet":false,"post_type_properties_post_certificado_energetico_emisiones":"","post_type_properties_post_barrio":"","post_type_properties_post_distrito_empresa":"Salamanca","post_type_properties_post_features_property_category_intern":"","post_type_properties_post_implantada":false,"post_type_properties_post_sello_leed":"","post_type_properties_post_sello_well":"","post_type_properties_post_sello_breeam":false,"post_type_properties_post_images":[{"properties_post_image_order":1,"properties_post_image_url":"https:\/\/movin.cloud\/empresas\/2462\/imagenes\/11249176\/en-alquiler.webp","properties_post_image_url_thumbnail":"https:\/\/movin.cloud\/empresas\/2462\/imagenes\/thumbnails\/11249176\/en-alquiler.webp","properties_post_title":"en alquiler","properties_post_alt":"en alquiler"},{"properties_post_image_order":2,"properties_post_image_url":"https:\/\/movin.cloud\/empresas\/2462\/imagenes\/11249176\/alquiler-madrid.webp","properties_post_image_url_thumbnail":"https:\/\/movin.cloud\/empresas\/2462\/imagenes\/thumbnails\/11249176\/alquiler-madrid.webp","properties_post_title":"alquiler madrid","properties_post_alt":"alquiler madrid"},{"properties_post_image_order":3,"properties_post_image_url":"https:\/\/movin.cloud\/empresas\/2462\/imagenes\/11249176\/alquiler-para-idealista.webp","properties_post_image_url_thumbnail":"https:\/\/movin.cloud\/empresas\/2462\/imagenes\/thumbnails\/11249176\/alquiler-para-idealista.webp","properties_post_title":"alquiler para idealista","properties_post_alt":"alquiler para idealista"},{"properties_post_image_order":4,"properties_post_image_url":"https:\/\/movin.cloud\/empresas\/2462\/imagenes\/11249176\/en-alquiler-madrid.webp","properties_post_image_url_thumbnail":"https:\/\/movin.cloud\/empresas\/2462\/imagenes\/thumbnails\/11249176\/en-alquiler-madrid.webp","properties_post_title":"en alquiler madrid","properties_post_alt":"en alquiler madrid"},{"properties_post_image_order":5,"properties_post_image_url":"https:\/\/movin.cloud\/empresas\/2462\/imagenes\/11249176\/alquiler-idealistas-madrid.webp","properties_post_image_url_thumbnail":"https:\/\/movin.cloud\/empresas\/2462\/imagenes\/thumbnails\/11249176\/alquiler-idealistas-madrid.webp","properties_post_title":"alquiler idealistas madrid","properties_post_alt":"alquiler idealistas madrid"},{"properties_post_image_order":6,"properties_post_image_url":"https:\/\/movin.cloud\/empresas\/2462\/imagenes\/11249176\/inmobiliarias.webp","properties_post_image_url_thumbnail":"https:\/\/movin.cloud\/empresas\/2462\/imagenes\/thumbnails\/11249176\/inmobiliarias.webp","properties_post_title":"inmobiliarias","properties_post_alt":"inmobiliarias"},{"properties_post_image_order":7,"properties_post_image_url":"https:\/\/movin.cloud\/empresas\/2462\/imagenes\/11249176\/viviendas.webp","properties_post_image_url_thumbnail":"https:\/\/movin.cloud\/empresas\/2462\/imagenes\/thumbnails\/11249176\/viviendas.webp","properties_post_title":"viviendas","properties_post_alt":"viviendas"},{"properties_post_image_order":8,"properties_post_image_url":"https:\/\/movin.cloud\/empresas\/2462\/imagenes\/11249176\/rent.webp","properties_post_image_url_thumbnail":"https:\/\/movin.cloud\/empresas\/2462\/imagenes\/thumbnails\/11249176\/rent.webp","properties_post_title":"rent","properties_post_alt":"rent"},{"properties_post_image_order":9,"properties_post_image_url":"https:\/\/movin.cloud\/empresas\/2462\/imagenes\/11249176\/inmobiliaria.webp","properties_post_image_url_thumbnail":"https:\/\/movin.cloud\/empresas\/2462\/imagenes\/thumbnails\/11249176\/inmobiliaria.webp","properties_post_title":"inmobiliaria","properties_post_alt":"inmobiliaria"},{"properties_post_image_order":10,"properties_post_image_url":"https:\/\/movin.cloud\/empresas\/2462\/imagenes\/11249176\/alquilar.webp","properties_post_image_url_thumbnail":"https:\/\/movin.cloud\/empresas\/2462\/imagenes\/thumbnails\/11249176\/alquilar.webp","properties_post_title":"alquilar","properties_post_alt":"alquilar"},{"properties_post_image_order":11,"properties_post_image_url":"https:\/\/movin.cloud\/empresas\/2462\/imagenes\/11249176\/fincas.webp","properties_post_image_url_thumbnail":"https:\/\/movin.cloud\/empresas\/2462\/imagenes\/thumbnails\/11249176\/fincas.webp","properties_post_title":"fincas","properties_post_alt":"fincas"},{"properties_post_image_order":12,"properties_post_image_url":"https:\/\/movin.cloud\/empresas\/2462\/imagenes\/11249176\/habitalia-madrid.webp","properties_post_image_url_thumbnail":"https:\/\/movin.cloud\/empresas\/2462\/imagenes\/thumbnails\/11249176\/habitalia-madrid.webp","properties_post_title":"habitalia madrid","properties_post_alt":"habitalia madrid"},{"properties_post_image_order":13,"properties_post_image_url":"https:\/\/movin.cloud\/empresas\/2462\/imagenes\/11249176\/alquiler-idealistas.webp","properties_post_image_url_thumbnail":"https:\/\/movin.cloud\/empresas\/2462\/imagenes\/thumbnails\/11249176\/alquiler-idealistas.webp","properties_post_title":"alquiler idealistas","properties_post_alt":"alquiler idealistas"},{"properties_post_image_order":14,"properties_post_image_url":"https:\/\/movin.cloud\/empresas\/2462\/imagenes\/11249176\/alquiler.webp","properties_post_image_url_thumbnail":"https:\/\/movin.cloud\/empresas\/2462\/imagenes\/thumbnails\/11249176\/alquiler.webp","properties_post_title":"alquiler","properties_post_alt":"alquiler"},{"properties_post_image_order":16,"properties_post_image_url":"https:\/\/movin.cloud\/empresas\/2462\/imagenes\/11249176\/habitalia.webp","properties_post_image_url_thumbnail":"https:\/\/movin.cloud\/empresas\/2462\/imagenes\/thumbnails\/11249176\/habitalia.webp","properties_post_title":"habitalia","properties_post_alt":"habitalia"},{"properties_post_image_order":17,"properties_post_image_url":"https:\/\/movin.cloud\/empresas\/2462\/imagenes\/11249176\/alquilar-madrid.webp","properties_post_image_url_thumbnail":"https:\/\/movin.cloud\/empresas\/2462\/imagenes\/thumbnails\/11249176\/alquilar-madrid.webp","properties_post_title":"alquilar madrid","properties_post_alt":"alquilar madrid"}],"post_type_properties_post_videos":null,"post_type_properties_post_tour":null,"post_type_properties_post_dossier_url":"","post_type_properties_post_operation_type":"rent","post_type_properties_post_operation_price":20385,"post_type_properties_post_features_hidden_price":false},"yoast_head":"<!-- This site is optimized with the Yoast SEO plugin v27.4 - https:\/\/yoast.com\/product\/yoast-seo-wordpress\/ -->\n<title>Oficina alquiler Madrid. Paseo de la Castellana. - Forcadell<\/title>\n<meta name=\"robots\" content=\"index, follow, max-snippet:-1, max-image-preview:large, max-video-preview:-1\" \/>\n<link rel=\"canonical\" href=\"https:\/\/forcadell.com\/en\/propiedades\/oficina-alquiler-madrid-paseo-de-la-castellana-6\/\" \/>\n<meta property=\"og:locale\" content=\"en_US\" \/>\n<meta property=\"og:type\" content=\"article\" \/>\n<meta property=\"og:title\" content=\"Oficina alquiler Madrid. Paseo de la Castellana. - Forcadell\" \/>\n<meta property=\"og:description\" content=\"Oficina en alquiler en el coraz\u00f3n financiero de Paseo de la Castellana. Se distribuye en espacios di\u00e1fanos con excelente iluminaci\u00f3n natural y cuenta con acceso independiente desde el n\u00facleo de ascensores. Dispone de falso techo con iluminaci\u00f3n LED, suelo t\u00e9cnico, ventanas practicables, office independiente y 2 aseos por planta. Edificio exclusivo de oficinas, ha sido [&hellip;]\" \/>\n<meta property=\"og:url\" content=\"https:\/\/forcadell.com\/en\/propiedades\/oficina-alquiler-madrid-paseo-de-la-castellana-6\/\" \/>\n<meta property=\"og:site_name\" content=\"Forcadell\" \/>\n<meta property=\"article:modified_time\" content=\"2026-04-30T14:14:05+00:00\" \/>\n<meta name=\"twitter:card\" content=\"summary_large_image\" \/>\n<meta name=\"twitter:label1\" content=\"Est. reading time\" \/>\n\t<meta name=\"twitter:data1\" content=\"1 minute\" \/>\n<!-- \/ Yoast SEO plugin. -->","yoast_head_json":{"title":"Oficina alquiler Madrid. Paseo de la Castellana. - Forcadell","robots":{"index":"index","follow":"follow","max-snippet":"max-snippet:-1","max-image-preview":"max-image-preview:large","max-video-preview":"max-video-preview:-1"},"canonical":"https:\/\/forcadell.com\/en\/propiedades\/oficina-alquiler-madrid-paseo-de-la-castellana-6\/","og_locale":"en_US","og_type":"article","og_title":"Oficina alquiler Madrid. Paseo de la Castellana. - Forcadell","og_description":"Oficina en alquiler en el coraz\u00f3n financiero de Paseo de la Castellana. Se distribuye en espacios di\u00e1fanos con excelente iluminaci\u00f3n natural y cuenta con acceso independiente desde el n\u00facleo de ascensores. Dispone de falso techo con iluminaci\u00f3n LED, suelo t\u00e9cnico, ventanas practicables, office independiente y 2 aseos por planta. Edificio exclusivo de oficinas, ha sido [&hellip;]","og_url":"https:\/\/forcadell.com\/en\/propiedades\/oficina-alquiler-madrid-paseo-de-la-castellana-6\/","og_site_name":"Forcadell","article_modified_time":"2026-04-30T14:14:05+00:00","twitter_card":"summary_large_image","twitter_misc":{"Est. reading time":"1 minute"},"schema":{"@context":"https:\/\/schema.org","@graph":[{"@type":"WebPage","@id":"https:\/\/forcadell.com\/en\/propiedades\/oficina-alquiler-madrid-paseo-de-la-castellana-6\/","url":"https:\/\/forcadell.com\/en\/propiedades\/oficina-alquiler-madrid-paseo-de-la-castellana-6\/","name":"Oficina alquiler Madrid. Paseo de la Castellana. - Forcadell","isPartOf":{"@id":"https:\/\/forcadell.com\/en\/#website"},"datePublished":"2026-04-30T10:53:29+00:00","dateModified":"2026-04-30T14:14:05+00:00","breadcrumb":{"@id":"https:\/\/forcadell.com\/en\/propiedades\/oficina-alquiler-madrid-paseo-de-la-castellana-6\/#breadcrumb"},"inLanguage":"en-US","potentialAction":[{"@type":"ReadAction","target":["https:\/\/forcadell.com\/en\/propiedades\/oficina-alquiler-madrid-paseo-de-la-castellana-6\/"]}]},{"@type":"BreadcrumbList","@id":"https:\/\/forcadell.com\/en\/propiedades\/oficina-alquiler-madrid-paseo-de-la-castellana-6\/#breadcrumb","itemListElement":[{"@type":"ListItem","position":1,"name":"Portada","item":"https:\/\/forcadell.com\/en\/"},{"@type":"ListItem","position":2,"name":"Properties","item":"https:\/\/forcadell.com\/en\/propiedades\/"},{"@type":"ListItem","position":3,"name":"Oficina alquiler Madrid. Paseo de la Castellana."}]},{"@type":"WebSite","@id":"https:\/\/forcadell.com\/en\/#website","url":"https:\/\/forcadell.com\/en\/","name":"Forcadell","description":"Inmobiliaria Barcelona | Consultores inmobiliarios","potentialAction":[{"@type":"SearchAction","target":{"@type":"EntryPoint","urlTemplate":"https:\/\/forcadell.com\/en\/?s={search_term_string}"},"query-input":{"@type":"PropertyValueSpecification","valueRequired":true,"valueName":"search_term_string"}}],"inLanguage":"en-US"}]}},"_links":{"self":[{"href":"https:\/\/forcadell.com\/en\/wp-json\/wp\/v2\/properties_post\/66223","targetHints":{"allow":["GET"]}}],"collection":[{"href":"https:\/\/forcadell.com\/en\/wp-json\/wp\/v2\/properties_post"}],"about":[{"href":"https:\/\/forcadell.com\/en\/wp-json\/wp\/v2\/types\/properties_post"}],"wp:attachment":[{"href":"https:\/\/forcadell.com\/en\/wp-json\/wp\/v2\/media?parent=66223"}],"curies":[{"name":"wp","href":"https:\/\/api.w.org\/{rel}","templated":true}]}}