{"id":66221,"date":"2026-04-30T12:53:24","date_gmt":"2026-04-30T10:53:24","guid":{"rendered":"https:\/\/forcadell.com\/propiedades\/oficina-en-alquiler-madrid-calle-julian-camarillo-madbit\/"},"modified":"2026-04-30T16:14:04","modified_gmt":"2026-04-30T14:14:04","slug":"oficina-en-alquiler-madrid-calle-julian-camarillo-madbit","status":"publish","type":"properties_post","link":"https:\/\/forcadell.com\/en\/propiedades\/oficina-en-alquiler-madrid-calle-julian-camarillo-madbit\/","title":{"rendered":"Oficina en alquiler Madrid. Calle Juli\u00e1n Camarillo. MadBit"},"content":{"rendered":"<p>**OFICINAS EN ALQUILER EN MADRID \u2013 PARQUE EMPRESARIAL PREMIUM CON EXCELENTE CONECTIVIDAD Y ENTORNO CORPORATIVO**<\/p>\n<p>Descubre una oportunidad diferencial dentro del mercado de **oficinas en alquiler en Madrid**. Este espacio, ubicado en un moderno parque empresarial, est\u00e1 dise\u00f1ado para empresas que buscan eficiencia, imagen corporativa y un entorno de trabajo de alta calidad, comparable a las mejores **oficinas en AZCA**, **oficinas en Chamart\u00edn** o una **oficina en alquiler en Castellana**.<\/p>\n<p>Una opci\u00f3n ideal para compa\u00f1\u00edas que valoran espacios amplios, flexibles y listos para adaptarse a su crecimiento, dentro de un entorno profesional consolidado.<\/p>\n<p>**UBICACI\u00d3N ESTRAT\u00c9GICA Y ENTORNO EMPRESARIAL**<\/p>\n<p>El complejo se sit\u00faa en una zona bien conectada de Madrid, con acceso directo a las principales v\u00edas de comunicaci\u00f3n como la M-30 y la A-2, y a tan solo 15 minutos del aeropuerto Adolfo Su\u00e1rez Madrid-Barajas. Una ubicaci\u00f3n muy competitiva para empresas que buscan **oficinas corporativas en Madrid** con buena conexi\u00f3n log\u00edstica.<\/p>\n<p>El entorno ofrece una amplia variedad de servicios: restaurantes, hoteles, zonas verdes y centros deportivos, favoreciendo el bienestar del equipo y la operativa diaria.<\/p>\n<p>**PARQUE EMPRESARIAL DE ALTO NIVEL**<\/p>\n<p>El activo forma parte de un parque empresarial compuesto por 8 **edificios exclusivos de oficinas**, rodeados de amplias zonas ajardinadas y \u00e1reas de descanso que aportan valor diferencial frente a otras ubicaciones m\u00e1s densas.<\/p>\n<p>El complejo cuenta con:<\/p>\n<p>* Vigilancia y control de accesos<br \/>\n* Entorno cuidado y representativo<br \/>\n* Certificaci\u00f3n BREEAM \u201cMuy Bueno\u201d (eficiencia y sostenibilidad)<br \/>\n* Parking privado disponible (120 \u20ac\/plaza\/mes)<\/p>\n<p>Una alternativa ideal dentro del segmento de **oficinas premium en Madrid**, especialmente para empresas que buscan calidad, sostenibilidad y bienestar.<\/p>\n<p>**OFICINAS FLEXIBLES, LUMINOSAS Y EFICIENTES**<\/p>\n<p>Las oficinas destacan por su dise\u00f1o funcional y su gran capacidad de adaptaci\u00f3n:<\/p>\n<p>* Espacios di\u00e1fanos \u2013 m\u00e1xima flexibilidad de implantaci\u00f3n<br \/>\n* Abundante luz natural \u2013 **oficina luminosa**<br \/>\n* Suelo t\u00e9cnico<br \/>\n* Falso techo<br \/>\n* Sistema de climatizaci\u00f3n VRV de alta eficiencia<br \/>\n* Espacios ideales para \u043a\u043e\u043d\u0446\u0435\u043fto **oficina plug and play**<\/p>\n<p>Un entorno de trabajo preparado para adaptarse a diferentes modelos corporativos, fomentando productividad y confort.<\/p>\n<p>**EXCELENTES COMUNICACIONES**<\/p>\n<p>La ubicaci\u00f3n garantiza una conexi\u00f3n fluida tanto en transporte p\u00fablico como privado:<\/p>\n<p>* **Metro:** L\u00ednea 7 \u2013 Garc\u00eda Noblejas | L\u00ednea 5 \u2013 Ciudad Lineal<br \/>\n* **Autobuses urbanos:** 28, 105<br \/>\n* **Autobuses interurbanos:** 286, 288, 289<\/p>\n<p>**UNA ALTERNATIVA INTELIGENTE EN EL MERCADO DE OFICINAS EN MADRID**<\/p>\n<p>Si est\u00e1s buscando **oficinas en alquiler en Madrid** que combinen sostenibilidad, flexibilidad y excelente conexi\u00f3n con el aeropuerto y las principales v\u00edas, este parque empresarial representa una opci\u00f3n estrat\u00e9gica frente a zonas como Salamanca o Castellana.<\/p>\n<p>Contacta ahora para recibir m\u00e1s informaci\u00f3n o agendar una visita. Espacios como este, con alta calidad y buena conexi\u00f3n, generan un elevado inter\u00e9s entre empresas.<\/p>\n","protected":false},"template":"","class_list":["post-66221","properties_post","type-properties_post","status-publish","hentry","properties_modality-rent","properties_district-san-blas-canillejas","properties_province-madrid","properties_zone-descentralizada","properties_state-madrid","properties_subclass-oficina","properties_type-oficina"],"acf":{"post_type_properties_post_property_code":"11249166","post_type_properties_post_property_reference":"IE-227361","post_type_properties_post_owner_id":"46572","post_type_properties_post_owner_name":"MERIDIA REAL ESTATE III SOCIMI SA","post_type_properties_post_property_code_encrypted":"MjQ5JDMzNzMz","post_type_properties_post_published":"1","post_type_properties_post_property_visibility":"idealista","post_type_properties_post_contact_name":"Forcadell Oficinas Madrid","post_type_properties_post_contact_email":"forcadell.oficinas.madrid@movin.cloud","post_type_properties_post_contact_primary_phone_prefix":"34","post_type_properties_post_contact_primary_phone_number":"917886880","post_type_properties_post_address_visibility":"street","post_type_properties_post_address_country":"Spain","post_type_properties_post_address_coordinates_precision":"exact","post_type_properties_post_address_postal_code":"28037","post_type_properties_post_address_coordinates_latitude":"40.435504000002","post_type_properties_post_address_coordinates_longitude":"-3.628824999998","post_type_properties_post_address_street_name":"CL Juli\u00e1n Camarillo 29.","post_type_properties_post_address_floor":"1","post_type_properties_post_address_town":"Madrid","post_type_properties_post_building":null,"post_type_properties_post_property":[{"properties_post_description_language":"catalan","properties_post_title":"Oficina lloguer Madrid. Carrer Juli\u00e0 Camarillo. MadBit","properties_post_short_description_text_alt":"","properties_post_description_text_alt":"","properties_post_short_description_text":"Despatx disponible per llogar situat al districte MADBIT, una \u00e0rea empresarial en creixement on hi ha empreses del sector tecnol\u00f2gic, farmac\u00e8utic i de comunicaci\u00f3. \n \nCaracter\u00edstiques destacades: \n- Parc empresarial format per 8 edificis exclusius. \n- \u00c0mplies zones ajardinades i zones de descans. \n- Vigil\u00e0ncia i control d'acc\u00e9s. \n- Despatxos di\u00e0fans amb abund\u00e0ncia de llum natural. \n- Terra t\u00e8cnica i sostre fals per a una major versatilitat. \n- Sistema de climatitzaci\u00f3 VRV per a un ambient confortable. \n- Certificaci\u00f3 BREEAM Molt Bona. \n- Aparcament privat per a una major comoditat. \n \nLa zona ofereix una \u00e0mplia varietat de serveis, com restaurants, parcs, hotels i centres esportius. A m\u00e9s, t\u00e9 excel\u00b7lents connexions de transport p\u00fablic i un f\u00e0cil acc\u00e9s a la M30, A2 i es troba a nom\u00e9s 15 minuts de l'aeroport de Barajas. \n \nTransport: \nAutobusos urbans: 28, 105. \nAutobusos interurbans: 286, 288, 289. \nMetro: L7 - Garc\u00eda Noblejas; L5 - Ciudad Lineal. \n \nLloguer d'aparcament: 120 \u20ac\/pla\u00e7a\/me","properties_post_link_demanda_inmueble":"https:\/\/movin.cloud\/ca\/Forcadell Oficinas Madrid\/formulari-peticio-immoble\/sth\/2462&&11249166","properties_post_link_demanda_calendario_inmueble":"https:\/\/movin.cloud\/ca\/Forcadell Oficinas Madrid\/calendari-peticio-immoble\/sth\/2462&&11249166","properties_post_description_text":"Despatx disponible per llogar situat al districte MADBIT, una \u00e0rea empresarial en creixement on hi ha empreses del sector tecnol\u00f2gic, farmac\u00e8utic i de comunicaci\u00f3. \n \nCaracter\u00edstiques destacades: \n- Parc empresarial format per 8 edificis exclusius. \n- \u00c0mplies zones ajardinades i zones de descans. \n- Vigil\u00e0ncia i control d'acc\u00e9s. \n- Despatxos di\u00e0fans amb abund\u00e0ncia de llum natural. \n- Terra t\u00e8cnica i sostre fals per a una major versatilitat. \n- Sistema de climatitzaci\u00f3 VRV per a un ambient confortable. \n- Certificaci\u00f3 BREEAM Molt Bona. \n- Aparcament privat per a una major comoditat. \n \nLa zona ofereix una \u00e0mplia varietat de serveis, com restaurants, parcs, hotels i centres esportius. A m\u00e9s, t\u00e9 excel\u00b7lents connexions de transport p\u00fablic i un f\u00e0cil acc\u00e9s a la M30, A2 i es troba a nom\u00e9s 15 minuts de l'aeroport de Barajas. \n \nTransport: \nAutobusos urbans: 28, 105. \nAutobusos interurbans: 286, 288, 289. \nMetro: L7 - Garc\u00eda Noblejas; L5 - Ciudad Lineal. \n \nLloguer d'aparcament: 120 \u20ac\/pla\u00e7a\/mes.","properties_post_seo_title":"","properties_post_seo_alias":"","properties_post_seo_metadescription":"Oficina di\u00e0fana de lloguer a C.Juli\u00e1n Camarillo, San Blas. Madrid. Forcadell \u00e9s la seva ag\u00e8ncia de confian\u00e7a per al llogur d'aquesta oficina.","properties_post_seo_key_words":"oficina lloguer Madrid, lloguer oficina Madrid, oficina Madrid","properties_post_seo_url":"","properties_post_terms_conditions":""},{"properties_post_description_language":"spanish","properties_post_title":"Oficina en alquiler Madrid. Calle Juli\u00e1n Camarillo. MadBit","properties_post_short_description_text_alt":"","properties_post_description_text_alt":"","properties_post_short_description_text":"Oficina en alquiler ubicada en el distrito MADBIT, una zona empresarial en crecimiento donde se encuentran empresas del sector tecnol\u00f3gico, farmac\u00e9utico y de comunicaci\u00f3n. \n \nCaracter\u00edsticas destacadas: \n- Parque empresarial compuesto por 8 edificios exclusivos. \n- Amplias zonas ajardinadas y \u00e1reas de descanso. \n- Vigilancia y control de accesos. \n- Oficinas di\u00e1fanas con abundante luz natural. \n- Suelo t\u00e9cnico y falso techo para mayor versatilidad. \n- Sistema de climatizaci\u00f3n VRV para un ambiente confortable. \n- Certificaci\u00f3n BREEAM Muy Bueno. \n- Parking privado para mayor comodidad. \nLa zona ofrece una amplia variedad de servicios, como restaurantes, parques, hoteles y centros deportivos. Adem\u00e1s, cuenta con excelentes conexiones de transporte p\u00fablico y un f\u00e1cil acceso a la M30, A2 y se encuentra a tan solo 15 minutos del aeropuerto de Barajas. \n \nTransportes: \nAutobuses urbanos: 28, 105. \nAutobuses interurbanos: 286, 288, 289. \nMetro: L7 - Garc\u00eda Noblejas; L5 - Ciudad Lineal. \n \nRenta","properties_post_link_demanda_inmueble":"https:\/\/movin.cloud\/es\/Forcadell Oficinas Madrid\/formulario-peticion-inmueble\/sth\/2462&&11249166","properties_post_link_demanda_calendario_inmueble":"https:\/\/movin.cloud\/es\/Forcadell Oficinas Madrid\/calendario-peticion-inmueble\/sth\/2462&&11249166","properties_post_description_text":"**OFICINAS EN ALQUILER EN MADRID \u2013 PARQUE EMPRESARIAL PREMIUM CON EXCELENTE CONECTIVIDAD Y ENTORNO CORPORATIVO**\n\nDescubre una oportunidad diferencial dentro del mercado de **oficinas en alquiler en Madrid**. Este espacio, ubicado en un moderno parque empresarial, est\u00e1 dise\u00f1ado para empresas que buscan eficiencia, imagen corporativa y un entorno de trabajo de alta calidad, comparable a las mejores **oficinas en AZCA**, **oficinas en Chamart\u00edn** o una **oficina en alquiler en Castellana**.\n\nUna opci\u00f3n ideal para compa\u00f1\u00edas que valoran espacios amplios, flexibles y listos para adaptarse a su crecimiento, dentro de un entorno profesional consolidado.\n\n**UBICACI\u00d3N ESTRAT\u00c9GICA Y ENTORNO EMPRESARIAL**\n\nEl complejo se sit\u00faa en una zona bien conectada de Madrid, con acceso directo a las principales v\u00edas de comunicaci\u00f3n como la M-30 y la A-2, y a tan solo 15 minutos del aeropuerto Adolfo Su\u00e1rez Madrid-Barajas. Una ubicaci\u00f3n muy competitiva para empresas que buscan **oficinas corporativas en Madrid** con buena conexi\u00f3n log\u00edstica.\n\nEl entorno ofrece una amplia variedad de servicios: restaurantes, hoteles, zonas verdes y centros deportivos, favoreciendo el bienestar del equipo y la operativa diaria.\n\n**PARQUE EMPRESARIAL DE ALTO NIVEL**\n\nEl activo forma parte de un parque empresarial compuesto por 8 **edificios exclusivos de oficinas**, rodeados de amplias zonas ajardinadas y \u00e1reas de descanso que aportan valor diferencial frente a otras ubicaciones m\u00e1s densas.\n\nEl complejo cuenta con:\n\n* Vigilancia y control de accesos\n* Entorno cuidado y representativo\n* Certificaci\u00f3n BREEAM \u201cMuy Bueno\u201d (eficiencia y sostenibilidad)\n* Parking privado disponible (120 \u20ac\/plaza\/mes)\n\nUna alternativa ideal dentro del segmento de **oficinas premium en Madrid**, especialmente para empresas que buscan calidad, sostenibilidad y bienestar.\n\n**OFICINAS FLEXIBLES, LUMINOSAS Y EFICIENTES**\n\nLas oficinas destacan por su dise\u00f1o funcional y su gran capacidad de adaptaci\u00f3n:\n\n* Espacios di\u00e1fanos \u2013 m\u00e1xima flexibilidad de implantaci\u00f3n\n* Abundante luz natural \u2013 **oficina luminosa**\n* Suelo t\u00e9cnico\n* Falso techo\n* Sistema de climatizaci\u00f3n VRV de alta eficiencia\n* Espacios ideales para \u043a\u043e\u043d\u0446\u0435\u043fto **oficina plug and play**\n\nUn entorno de trabajo preparado para adaptarse a diferentes modelos corporativos, fomentando productividad y confort.\n\n**EXCELENTES COMUNICACIONES**\n\nLa ubicaci\u00f3n garantiza una conexi\u00f3n fluida tanto en transporte p\u00fablico como privado:\n\n* **Metro:** L\u00ednea 7 \u2013 Garc\u00eda Noblejas | L\u00ednea 5 \u2013 Ciudad Lineal\n* **Autobuses urbanos:** 28, 105\n* **Autobuses interurbanos:** 286, 288, 289\n\n**UNA ALTERNATIVA INTELIGENTE EN EL MERCADO DE OFICINAS EN MADRID**\n\nSi est\u00e1s buscando **oficinas en alquiler en Madrid** que combinen sostenibilidad, flexibilidad y excelente conexi\u00f3n con el aeropuerto y las principales v\u00edas, este parque empresarial representa una opci\u00f3n estrat\u00e9gica frente a zonas como Salamanca o Castellana.\n\nContacta ahora para recibir m\u00e1s informaci\u00f3n o agendar una visita. Espacios como este, con alta calidad y buena conexi\u00f3n, generan un elevado inter\u00e9s entre empresas.\n\n\n","properties_post_seo_title":"","properties_post_seo_alias":"","properties_post_seo_metadescription":"Oficina alquiler San Blas. Madbit. Forcadell","properties_post_seo_key_words":"oficina alquiler Madrid, alquiler oficina Madrid, oficina Madrid, oficina alquiler Madbit, alquiler oficina Madbit, oficina alquiler Juli\u00e1n Camarillo, oficina impecable","properties_post_seo_url":"","properties_post_terms_conditions":""},{"properties_post_description_language":"english","properties_post_title":"Office rental in Madrid. Juli\u00e1n Camarillo street. MadBit","properties_post_short_description_text_alt":"","properties_post_description_text_alt":"","properties_post_short_description_text":"Office for rent located in the MADBIT district, a growing business area where companies in the technology, pharmaceutical, and communication sectors are located. \n \nKey features: \n- Business park composed of 8 exclusive buildings. \n- Large green areas and rest areas. \n- Surveillance and access control. \n- Open-plan offices with abundant natural light. \n- Raised floor and false ceiling for greater versatility. \n- VRV air conditioning system for a comfortable environment. \n- BREEAM Very Good certification. \n- Private parking for added convenience. \n \n \nThe area offers a wide variety of services, such as restaurants, parks, hotels, and sports centers. In addition, it has excellent public transport connections and easy access to the M30, A2, and is only 15 minutes away from Barajas Airport. \n \nTransports: \nUrban buses: 28, 105. \nInterurban buses: 286, 288, 289. \nMetro: L7 - Garc\u00eda Noblejas; L5 - Ciudad Lineal. \n \nParking rent: 120 \u20ac\/space\/month.","properties_post_link_demanda_inmueble":"https:\/\/movin.cloud\/en\/Forcadell Oficinas Madrid\/property-form-request\/sth\/2462&&11249166","properties_post_link_demanda_calendario_inmueble":"https:\/\/movin.cloud\/en\/Forcadell Oficinas Madrid\/property-calendar-request\/sth\/2462&&11249166","properties_post_description_text":"Office for rent located in the MADBIT district, a growing business area where companies in the technology, pharmaceutical, and communication sectors are located. \n \nKey features: \n- Business park composed of 8 exclusive buildings. \n- Large green areas and rest areas. \n- Surveillance and access control. \n- Open-plan offices with abundant natural light. \n- Raised floor and false ceiling for greater versatility. \n- VRV air conditioning system for a comfortable environment. \n- BREEAM Very Good certification. \n- Private parking for added convenience. \n \n \nThe area offers a wide variety of services, such as restaurants, parks, hotels, and sports centers. In addition, it has excellent public transport connections and easy access to the M30, A2, and is only 15 minutes away from Barajas Airport. \n \nTransports: \nUrban buses: 28, 105. \nInterurban buses: 286, 288, 289. \nMetro: L7 - Garc\u00eda Noblejas; L5 - Ciudad Lineal. \n \nParking rent: 120 \u20ac\/space\/month.","properties_post_seo_title":"","properties_post_seo_alias":"","properties_post_seo_metadescription":"","properties_post_seo_key_words":"","properties_post_seo_url":"","properties_post_terms_conditions":""}],"post_type_properties_post_features_type":"office","post_type_properties_post_id_building":"","post_type_properties_post_features_area_constructed":1139,"post_type_properties_post_features_conditioned_air":true,"post_type_properties_post_features_doorman":false,"post_type_properties_post_features_heating":true,"post_type_properties_post_features_equipped_kitchen":false,"post_type_properties_post_features_windows_location":"exterior","post_type_properties_post_features_floors_property":false,"post_type_properties_post_features_storage":false,"post_type_properties_post_features_security_door":false,"post_type_properties_post_features_energy_certificate_rating":"D","post_type_properties_post_features_energy_certificate_emissions_rating":"D","post_type_properties_post_features_energy_certificate_emissions_value":128,"post_type_properties_post_features_energy_certificate_performance":538,"post_type_properties_post_features_bathroom_inside":false,"post_type_properties_post_precio":14810.12,"post_type_properties_post_precio_alquiler":14810.12,"post_type_properties_post_record_type_id":"Oficina","post_type_properties_post_categoria__producto":"Oficina","post_type_properties_post_amueblado":false,"post_type_properties_post_precio_m2":13,"post_type_properties_post_zona__comunitaria":false,"post_type_properties_post_electrodomesticos":false,"post_type_properties_post_patio__interior":false,"post_type_properties_post_certificado_energetico_general":"D","post_type_properties_post_certificado_energetico_consumo":"D","post_type_properties_post_certificado_energetico_valor_emisiones":128,"post_type_properties_post_certificado_energetico_valor_consumo":538,"post_type_properties_post_modalidad":"rent","post_type_properties_post_provincia":"Madrid","post_type_properties_post_poblacion":"Madrid","post_type_properties_post_centro__urbano":false,"post_type_properties_post_zonificacion":"Descentralizada","post_type_properties_post_cartera":"Segunda mano","post_type_properties_post_titulo_catalan":"Oficina lloguer Madrid. Carrer Juli\u00e0 Camarillo. MadBit","post_type_properties_post_internet_catalan":"Despatx disponible per llogar situat al districte MADBIT, una \u00e0rea empresarial en creixement on hi ha empreses del sector tecnol\u00f2gic, farmac\u00e8utic i de comunicaci\u00f3. \n \nCaracter\u00edstiques destacades: \n- Parc empresarial format per 8 edificis exclusius. \n- \u00c0mplies zones ajardinades i zones de descans. \n- Vigil\u00e0ncia i control d'acc\u00e9s. \n- Despatxos di\u00e0fans amb abund\u00e0ncia de llum natural. \n- Terra t\u00e8cnica i sostre fals per a una major versatilitat. \n- Sistema de climatitzaci\u00f3 VRV per a un ambient confortable. \n- Certificaci\u00f3 BREEAM Molt Bona. \n- Aparcament privat per a una major comoditat. \n \nLa zona ofereix una \u00e0mplia varietat de serveis, com restaurants, parcs, hotels i centres esportius. A m\u00e9s, t\u00e9 excel\u00b7lents connexions de transport p\u00fablic i un f\u00e0cil acc\u00e9s a la M30, A2 i es troba a nom\u00e9s 15 minuts de l'aeroport de Barajas. \n \nTransport: \nAutobusos urbans: 28, 105. \nAutobusos interurbans: 286, 288, 289. \nMetro: L7 - Garc\u00eda Noblejas; L5 - Ciudad Lineal. \n \nLloguer d'aparcament: 120 \u20ac\/pla\u00e7a\/mes.","post_type_properties_post_titulo_castellano":"Oficina en alquiler Madrid. Calle Juli\u00e1n Camarillo. MadBit","post_type_properties_post_internet_castellano":"**OFICINAS EN ALQUILER EN MADRID \u2013 PARQUE EMPRESARIAL PREMIUM CON EXCELENTE CONECTIVIDAD Y ENTORNO CORPORATIVO**\n\nDescubre una oportunidad diferencial dentro del mercado de **oficinas en alquiler en Madrid**. Este espacio, ubicado en un moderno parque empresarial, est\u00e1 dise\u00f1ado para empresas que buscan eficiencia, imagen corporativa y un entorno de trabajo de alta calidad, comparable a las mejores **oficinas en AZCA**, **oficinas en Chamart\u00edn** o una **oficina en alquiler en Castellana**.\n\nUna opci\u00f3n ideal para compa\u00f1\u00edas que valoran espacios amplios, flexibles y listos para adaptarse a su crecimiento, dentro de un entorno profesional consolidado.\n\n**UBICACI\u00d3N ESTRAT\u00c9GICA Y ENTORNO EMPRESARIAL**\n\nEl complejo se sit\u00faa en una zona bien conectada de Madrid, con acceso directo a las principales v\u00edas de comunicaci\u00f3n como la M-30 y la A-2, y a tan solo 15 minutos del aeropuerto Adolfo Su\u00e1rez Madrid-Barajas. Una ubicaci\u00f3n muy competitiva para empresas que buscan **oficinas corporativas en Madrid** con buena conexi\u00f3n log\u00edstica.\n\nEl entorno ofrece una amplia variedad de servicios: restaurantes, hoteles, zonas verdes y centros deportivos, favoreciendo el bienestar del equipo y la operativa diaria.\n\n**PARQUE EMPRESARIAL DE ALTO NIVEL**\n\nEl activo forma parte de un parque empresarial compuesto por 8 **edificios exclusivos de oficinas**, rodeados de amplias zonas ajardinadas y \u00e1reas de descanso que aportan valor diferencial frente a otras ubicaciones m\u00e1s densas.\n\nEl complejo cuenta con:\n\n* Vigilancia y control de accesos\n* Entorno cuidado y representativo\n* Certificaci\u00f3n BREEAM \u201cMuy Bueno\u201d (eficiencia y sostenibilidad)\n* Parking privado disponible (120 \u20ac\/plaza\/mes)\n\nUna alternativa ideal dentro del segmento de **oficinas premium en Madrid**, especialmente para empresas que buscan calidad, sostenibilidad y bienestar.\n\n**OFICINAS FLEXIBLES, LUMINOSAS Y EFICIENTES**\n\nLas oficinas destacan por su dise\u00f1o funcional y su gran capacidad de adaptaci\u00f3n:\n\n* Espacios di\u00e1fanos \u2013 m\u00e1xima flexibilidad de implantaci\u00f3n\n* Abundante luz natural \u2013 **oficina luminosa**\n* Suelo t\u00e9cnico\n* Falso techo\n* Sistema de climatizaci\u00f3n VRV de alta eficiencia\n* Espacios ideales para \u043a\u043e\u043d\u0446\u0435\u043fto **oficina plug and play**\n\nUn entorno de trabajo preparado para adaptarse a diferentes modelos corporativos, fomentando productividad y confort.\n\n**EXCELENTES COMUNICACIONES**\n\nLa ubicaci\u00f3n garantiza una conexi\u00f3n fluida tanto en transporte p\u00fablico como privado:\n\n* **Metro:** L\u00ednea 7 \u2013 Garc\u00eda Noblejas | L\u00ednea 5 \u2013 Ciudad Lineal\n* **Autobuses urbanos:** 28, 105\n* **Autobuses interurbanos:** 286, 288, 289\n\n**UNA ALTERNATIVA INTELIGENTE EN EL MERCADO DE OFICINAS EN MADRID**\n\nSi est\u00e1s buscando **oficinas en alquiler en Madrid** que combinen sostenibilidad, flexibilidad y excelente conexi\u00f3n con el aeropuerto y las principales v\u00edas, este parque empresarial representa una opci\u00f3n estrat\u00e9gica frente a zonas como Salamanca o Castellana.\n\nContacta ahora para recibir m\u00e1s informaci\u00f3n o agendar una visita. Espacios como este, con alta calidad y buena conexi\u00f3n, generan un elevado inter\u00e9s entre empresas.\n\n\n","post_type_properties_post_titulo_ingles":"Office rental in Madrid. Juli\u00e1n Camarillo street. MadBit","post_type_properties_post_internet_ingles":"Office for rent located in the MADBIT district, a growing business area where companies in the technology, pharmaceutical, and communication sectors are located. \n \nKey features: \n- Business park composed of 8 exclusive buildings. \n- Large green areas and rest areas. \n- Surveillance and access control. \n- Open-plan offices with abundant natural light. \n- Raised floor and false ceiling for greater versatility. \n- VRV air conditioning system for a comfortable environment. \n- BREEAM Very Good certification. \n- Private parking for added convenience. \n \n \nThe area offers a wide variety of services, such as restaurants, parks, hotels, and sports centers. In addition, it has excellent public transport connections and easy access to the M30, A2, and is only 15 minutes away from Barajas Airport. \n \nTransports: \nUrban buses: 28, 105. \nInterurban buses: 286, 288, 289. \nMetro: L7 - Garc\u00eda Noblejas; L5 - Ciudad Lineal. \n \nParking rent: 120 \u20ac\/space\/month.","post_type_properties_post_features_classification_commercial":false,"post_type_properties_post_features_conservation":"","post_type_properties_post_features_security_personnel":false,"post_type_properties_post_features_parking_available":false,"post_type_properties_post_features_garage_capacity_type":"","post_type_properties_post_features_bathroom_number":"","post_type_properties_post_eje":"","post_type_properties_post_zona":"","post_type_properties_post_comarca":"","post_type_properties_post_features_built_year":"","post_type_properties_post_renta_mensual":"","post_type_properties_post_fianza":"","post_type_properties_post_features_area_plot":"","post_type_properties_post_features_area_buildable":"","post_type_properties_post_features_classification_industrial":false,"post_type_properties_post_distrito":"","post_type_properties_post_features_balcony":false,"post_type_properties_post_features_bedroom_number":"","post_type_properties_post_features_heating_type":"","post_type_properties_post_features_equipped_with_furniture":false,"post_type_properties_post_features_pets_allowed":false,"post_type_properties_post_features_pool":false,"post_type_properties_post_features_terrace":false,"post_type_properties_post_features_wardrobes":false,"post_type_properties_post_features_lift_available":false,"post_type_properties_post_features_handicap_adapted_access":false,"post_type_properties_post_features_orientation_east":false,"post_type_properties_post_features_orientation_west":false,"post_type_properties_post_features_orientation_north":false,"post_type_properties_post_features_orientation_south":false,"post_type_properties_post_features_parking_spaces_number":"","post_type_properties_post_features_security_alarm":false,"post_type_properties_post_features_security_system":false,"post_type_properties_post_open_plan":false,"post_type_properties_post_acceso_24_7":false,"post_type_properties_post_oficina_privada":false,"post_type_properties_post_sala_reuniones":false,"post_type_properties_post_espacio_eventos":false,"post_type_properties_post_office":false,"post_type_properties_post_restaurant":false,"post_type_properties_post_acepta_traspaso":false,"post_type_properties_post_vigilancia":false,"post_type_properties_post_features_suite":false,"post_type_properties_post_features_vitro":false,"post_type_properties_post_features_oven":false,"post_type_properties_post_features_microwave":false,"post_type_properties_post_features_washing_machine":false,"post_type_properties_post_features_dryer":false,"post_type_properties_post_features_dishwasher":false,"post_type_properties_post_features_fridge":false,"post_type_properties_post_features_fridge_mini":false,"post_type_properties_post_features_kettle":false,"post_type_properties_post_features_toaster":false,"post_type_properties_post_features_coffee_maker":false,"post_type_properties_post_features_iron":false,"post_type_properties_post_features_ironing_board":false,"post_type_properties_post_features_safe":false,"post_type_properties_post_features_internet":false,"post_type_properties_post_features_solarium":false,"post_type_properties_post_features_clean_service":false,"post_type_properties_post_features_t_v":false,"post_type_properties_post_features_satellite_t_v":false,"post_type_properties_post_features_gas_kitchen":false,"post_type_properties_post_features_view_mountain":false,"post_type_properties_post_features_view_sea":false,"post_type_properties_post_features_concierge":false,"post_type_properties_post_features_loading_dock":false,"post_type_properties_post_features_bridge_crane":false,"post_type_properties_post_features_located_at_corner":false,"post_type_properties_post_features_smoke_extraction":false,"post_type_properties_post_features_rooms":"","post_type_properties_post_features_garden_area":"","post_type_properties_post_features_utilities_water":false,"post_type_properties_post_features_utilities_electricity":false,"post_type_properties_post_features_utilities_natural_gas":false,"post_type_properties_post_features_building_adapted":false,"post_type_properties_post_features_garden":false,"post_type_properties_post_features_classification_hotel":false,"post_type_properties_post_features_classification_chalet":false,"post_type_properties_post_certificado_energetico_emisiones":"D","post_type_properties_post_barrio":"","post_type_properties_post_distrito_empresa":"San Blas-Canillejas","post_type_properties_post_features_property_category_intern":"","post_type_properties_post_implantada":false,"post_type_properties_post_sello_leed":"","post_type_properties_post_sello_well":"","post_type_properties_post_sello_breeam":false,"post_type_properties_post_images":[{"properties_post_image_order":1,"properties_post_image_url":"https:\/\/movin.cloud\/empresas\/2462\/imagenes\/11249166\/alquiler-idealistas-madrid.webp","properties_post_image_url_thumbnail":"https:\/\/movin.cloud\/empresas\/2462\/imagenes\/thumbnails\/11249166\/alquiler-idealistas-madrid.webp","properties_post_title":"alquiler idealistas madrid","properties_post_alt":"alquiler idealistas madrid"},{"properties_post_image_order":2,"properties_post_image_url":"https:\/\/movin.cloud\/empresas\/2462\/imagenes\/11249166\/en-alquiler-14.webp","properties_post_image_url_thumbnail":"https:\/\/movin.cloud\/empresas\/2462\/imagenes\/thumbnails\/11249166\/en-alquiler-14.webp","properties_post_title":"en alquiler 14","properties_post_alt":"en alquiler 14"},{"properties_post_image_order":3,"properties_post_image_url":"https:\/\/movin.cloud\/empresas\/2462\/imagenes\/11249166\/en-alquiler-12.webp","properties_post_image_url_thumbnail":"https:\/\/movin.cloud\/empresas\/2462\/imagenes\/thumbnails\/11249166\/en-alquiler-12.webp","properties_post_title":"en alquiler 12","properties_post_alt":"en alquiler 12"},{"properties_post_image_order":4,"properties_post_image_url":"https:\/\/movin.cloud\/empresas\/2462\/imagenes\/11249166\/en-alquiler-18.webp","properties_post_image_url_thumbnail":"https:\/\/movin.cloud\/empresas\/2462\/imagenes\/thumbnails\/11249166\/en-alquiler-18.webp","properties_post_title":"en alquiler 18","properties_post_alt":"en alquiler 18"},{"properties_post_image_order":5,"properties_post_image_url":"https:\/\/movin.cloud\/empresas\/2462\/imagenes\/11249166\/en-alquiler-10.webp","properties_post_image_url_thumbnail":"https:\/\/movin.cloud\/empresas\/2462\/imagenes\/thumbnails\/11249166\/en-alquiler-10.webp","properties_post_title":"en alquiler 10","properties_post_alt":"en alquiler 10"},{"properties_post_image_order":6,"properties_post_image_url":"https:\/\/movin.cloud\/empresas\/2462\/imagenes\/11249166\/en-alquiler-15.webp","properties_post_image_url_thumbnail":"https:\/\/movin.cloud\/empresas\/2462\/imagenes\/thumbnails\/11249166\/en-alquiler-15.webp","properties_post_title":"en alquiler 15","properties_post_alt":"en alquiler 15"},{"properties_post_image_order":7,"properties_post_image_url":"https:\/\/movin.cloud\/empresas\/2462\/imagenes\/11249166\/en-alquiler-13.webp","properties_post_image_url_thumbnail":"https:\/\/movin.cloud\/empresas\/2462\/imagenes\/thumbnails\/11249166\/en-alquiler-13.webp","properties_post_title":"en alquiler 13","properties_post_alt":"en alquiler 13"},{"properties_post_image_order":8,"properties_post_image_url":"https:\/\/movin.cloud\/empresas\/2462\/imagenes\/11249166\/en-alquiler-16.webp","properties_post_image_url_thumbnail":"https:\/\/movin.cloud\/empresas\/2462\/imagenes\/thumbnails\/11249166\/en-alquiler-16.webp","properties_post_title":"en alquiler 16","properties_post_alt":"en alquiler 16"},{"properties_post_image_order":9,"properties_post_image_url":"https:\/\/movin.cloud\/empresas\/2462\/imagenes\/11249166\/en-alquiler-8.webp","properties_post_image_url_thumbnail":"https:\/\/movin.cloud\/empresas\/2462\/imagenes\/thumbnails\/11249166\/en-alquiler-8.webp","properties_post_title":"en alquiler 8","properties_post_alt":"en alquiler 8"},{"properties_post_image_order":10,"properties_post_image_url":"https:\/\/movin.cloud\/empresas\/2462\/imagenes\/11249166\/en-alquiler-11.webp","properties_post_image_url_thumbnail":"https:\/\/movin.cloud\/empresas\/2462\/imagenes\/thumbnails\/11249166\/en-alquiler-11.webp","properties_post_title":"en alquiler 11","properties_post_alt":"en alquiler 11"},{"properties_post_image_order":11,"properties_post_image_url":"https:\/\/movin.cloud\/empresas\/2462\/imagenes\/11249166\/en-alquiler-17.webp","properties_post_image_url_thumbnail":"https:\/\/movin.cloud\/empresas\/2462\/imagenes\/thumbnails\/11249166\/en-alquiler-17.webp","properties_post_title":"en alquiler 17","properties_post_alt":"en alquiler 17"},{"properties_post_image_order":12,"properties_post_image_url":"https:\/\/movin.cloud\/empresas\/2462\/imagenes\/11249166\/en-alquiler-9.webp","properties_post_image_url_thumbnail":"https:\/\/movin.cloud\/empresas\/2462\/imagenes\/thumbnails\/11249166\/en-alquiler-9.webp","properties_post_title":"en alquiler 9","properties_post_alt":"en alquiler 9"},{"properties_post_image_order":13,"properties_post_image_url":"https:\/\/movin.cloud\/empresas\/2462\/imagenes\/11249166\/alquiler-para-idealista-madrid.webp","properties_post_image_url_thumbnail":"https:\/\/movin.cloud\/empresas\/2462\/imagenes\/thumbnails\/11249166\/alquiler-para-idealista-madrid.webp","properties_post_title":"alquiler para idealista madrid","properties_post_alt":"alquiler para idealista madrid"},{"properties_post_image_order":14,"properties_post_image_url":"https:\/\/movin.cloud\/empresas\/2462\/imagenes\/11249166\/habitalia-madrid.webp","properties_post_image_url_thumbnail":"https:\/\/movin.cloud\/empresas\/2462\/imagenes\/thumbnails\/11249166\/habitalia-madrid.webp","properties_post_title":"habitalia madrid","properties_post_alt":"habitalia madrid"},{"properties_post_image_order":15,"properties_post_image_url":"https:\/\/movin.cloud\/empresas\/2462\/imagenes\/11249166\/alquiler-para-idealistas-madrid.webp","properties_post_image_url_thumbnail":"https:\/\/movin.cloud\/empresas\/2462\/imagenes\/thumbnails\/11249166\/alquiler-para-idealistas-madrid.webp","properties_post_title":"alquiler para idealistas madrid","properties_post_alt":"alquiler para idealistas madrid"},{"properties_post_image_order":16,"properties_post_image_url":"https:\/\/movin.cloud\/empresas\/2462\/imagenes\/11249166\/viviendas-madrid.webp","properties_post_image_url_thumbnail":"https:\/\/movin.cloud\/empresas\/2462\/imagenes\/thumbnails\/11249166\/viviendas-madrid.webp","properties_post_title":"viviendas madrid","properties_post_alt":"viviendas madrid"},{"properties_post_image_order":17,"properties_post_image_url":"https:\/\/movin.cloud\/empresas\/2462\/imagenes\/11249166\/fincas-madrid.webp","properties_post_image_url_thumbnail":"https:\/\/movin.cloud\/empresas\/2462\/imagenes\/thumbnails\/11249166\/fincas-madrid.webp","properties_post_title":"fincas madrid","properties_post_alt":"fincas madrid"}],"post_type_properties_post_videos":null,"post_type_properties_post_tour":null,"post_type_properties_post_dossier_url":"","post_type_properties_post_operation_type":"rent","post_type_properties_post_operation_price":14810,"post_type_properties_post_features_hidden_price":false},"yoast_head":"<!-- This site is optimized with the Yoast SEO plugin v27.4 - https:\/\/yoast.com\/product\/yoast-seo-wordpress\/ -->\n<title>Oficina en alquiler Madrid. Calle Juli\u00e1n Camarillo. MadBit - Forcadell<\/title>\n<meta name=\"robots\" content=\"index, follow, max-snippet:-1, max-image-preview:large, max-video-preview:-1\" \/>\n<link rel=\"canonical\" href=\"https:\/\/forcadell.com\/en\/propiedades\/oficina-en-alquiler-madrid-calle-julian-camarillo-madbit\/\" \/>\n<meta property=\"og:locale\" content=\"en_US\" \/>\n<meta property=\"og:type\" content=\"article\" \/>\n<meta property=\"og:title\" content=\"Oficina en alquiler Madrid. Calle Juli\u00e1n Camarillo. MadBit - Forcadell\" \/>\n<meta property=\"og:description\" content=\"**OFICINAS EN ALQUILER EN MADRID \u2013 PARQUE EMPRESARIAL PREMIUM CON EXCELENTE CONECTIVIDAD Y ENTORNO CORPORATIVO** Descubre una oportunidad diferencial dentro del mercado de **oficinas en alquiler en Madrid**. Este espacio, ubicado en un moderno parque empresarial, est\u00e1 dise\u00f1ado para empresas que buscan eficiencia, imagen corporativa y un entorno de trabajo de alta calidad, comparable a [&hellip;]\" \/>\n<meta property=\"og:url\" content=\"https:\/\/forcadell.com\/en\/propiedades\/oficina-en-alquiler-madrid-calle-julian-camarillo-madbit\/\" \/>\n<meta property=\"og:site_name\" content=\"Forcadell\" \/>\n<meta property=\"article:modified_time\" content=\"2026-04-30T14:14:04+00:00\" \/>\n<meta name=\"twitter:card\" content=\"summary_large_image\" \/>\n<meta name=\"twitter:label1\" content=\"Est. reading time\" \/>\n\t<meta name=\"twitter:data1\" content=\"2 minutes\" \/>\n<!-- \/ Yoast SEO plugin. -->","yoast_head_json":{"title":"Oficina en alquiler Madrid. Calle Juli\u00e1n Camarillo. MadBit - Forcadell","robots":{"index":"index","follow":"follow","max-snippet":"max-snippet:-1","max-image-preview":"max-image-preview:large","max-video-preview":"max-video-preview:-1"},"canonical":"https:\/\/forcadell.com\/en\/propiedades\/oficina-en-alquiler-madrid-calle-julian-camarillo-madbit\/","og_locale":"en_US","og_type":"article","og_title":"Oficina en alquiler Madrid. Calle Juli\u00e1n Camarillo. MadBit - Forcadell","og_description":"**OFICINAS EN ALQUILER EN MADRID \u2013 PARQUE EMPRESARIAL PREMIUM CON EXCELENTE CONECTIVIDAD Y ENTORNO CORPORATIVO** Descubre una oportunidad diferencial dentro del mercado de **oficinas en alquiler en Madrid**. Este espacio, ubicado en un moderno parque empresarial, est\u00e1 dise\u00f1ado para empresas que buscan eficiencia, imagen corporativa y un entorno de trabajo de alta calidad, comparable a [&hellip;]","og_url":"https:\/\/forcadell.com\/en\/propiedades\/oficina-en-alquiler-madrid-calle-julian-camarillo-madbit\/","og_site_name":"Forcadell","article_modified_time":"2026-04-30T14:14:04+00:00","twitter_card":"summary_large_image","twitter_misc":{"Est. reading time":"2 minutes"},"schema":{"@context":"https:\/\/schema.org","@graph":[{"@type":"WebPage","@id":"https:\/\/forcadell.com\/en\/propiedades\/oficina-en-alquiler-madrid-calle-julian-camarillo-madbit\/","url":"https:\/\/forcadell.com\/en\/propiedades\/oficina-en-alquiler-madrid-calle-julian-camarillo-madbit\/","name":"Oficina en alquiler Madrid. Calle Juli\u00e1n Camarillo. MadBit - Forcadell","isPartOf":{"@id":"https:\/\/forcadell.com\/en\/#website"},"datePublished":"2026-04-30T10:53:24+00:00","dateModified":"2026-04-30T14:14:04+00:00","breadcrumb":{"@id":"https:\/\/forcadell.com\/en\/propiedades\/oficina-en-alquiler-madrid-calle-julian-camarillo-madbit\/#breadcrumb"},"inLanguage":"en-US","potentialAction":[{"@type":"ReadAction","target":["https:\/\/forcadell.com\/en\/propiedades\/oficina-en-alquiler-madrid-calle-julian-camarillo-madbit\/"]}]},{"@type":"BreadcrumbList","@id":"https:\/\/forcadell.com\/en\/propiedades\/oficina-en-alquiler-madrid-calle-julian-camarillo-madbit\/#breadcrumb","itemListElement":[{"@type":"ListItem","position":1,"name":"Portada","item":"https:\/\/forcadell.com\/en\/"},{"@type":"ListItem","position":2,"name":"Properties","item":"https:\/\/forcadell.com\/en\/propiedades\/"},{"@type":"ListItem","position":3,"name":"Oficina en alquiler Madrid. Calle Juli\u00e1n Camarillo. MadBit"}]},{"@type":"WebSite","@id":"https:\/\/forcadell.com\/en\/#website","url":"https:\/\/forcadell.com\/en\/","name":"Forcadell","description":"Inmobiliaria Barcelona | Consultores inmobiliarios","potentialAction":[{"@type":"SearchAction","target":{"@type":"EntryPoint","urlTemplate":"https:\/\/forcadell.com\/en\/?s={search_term_string}"},"query-input":{"@type":"PropertyValueSpecification","valueRequired":true,"valueName":"search_term_string"}}],"inLanguage":"en-US"}]}},"_links":{"self":[{"href":"https:\/\/forcadell.com\/en\/wp-json\/wp\/v2\/properties_post\/66221","targetHints":{"allow":["GET"]}}],"collection":[{"href":"https:\/\/forcadell.com\/en\/wp-json\/wp\/v2\/properties_post"}],"about":[{"href":"https:\/\/forcadell.com\/en\/wp-json\/wp\/v2\/types\/properties_post"}],"wp:attachment":[{"href":"https:\/\/forcadell.com\/en\/wp-json\/wp\/v2\/media?parent=66221"}],"curies":[{"name":"wp","href":"https:\/\/api.w.org\/{rel}","templated":true}]}}