{"id":66209,"date":"2026-04-30T12:52:44","date_gmt":"2026-04-30T10:52:44","guid":{"rendered":"https:\/\/forcadell.com\/propiedades\/alquiler-oficina-en-avda-del-mediterraneo-madrid\/"},"modified":"2026-05-01T07:29:49","modified_gmt":"2026-05-01T05:29:49","slug":"alquiler-oficina-en-avda-del-mediterraneo-madrid","status":"publish","type":"properties_post","link":"https:\/\/forcadell.com\/en\/propiedades\/alquiler-oficina-en-avda-del-mediterraneo-madrid\/","title":{"rendered":"Alquiler oficina en Avda. del Mediterr\u00e1neo, Madrid"},"content":{"rendered":"<p>**OFICINAS EN ALQUILER EN MADRID \u2013 ESPACIO LUMINOSO Y REPRESENTATIVO EN EL DISTRITO DE RETIRO**<\/p>\n<p>Si buscas **oficinas en alquiler en Madrid** con excelente ubicaci\u00f3n, imagen corporativa y m\u00e1xima comodidad para tu equipo, esta oficina es una oportunidad estrat\u00e9gica. Una alternativa muy competitiva frente a **oficinas en AZCA**, **oficinas en Chamart\u00edn** o una **oficina en alquiler en Castellana**, ideal para empresas que valoran entorno, accesibilidad y calidad.<\/p>\n<p>Ubicada en el consolidado distrito de Retiro, esta oficina combina tranquilidad, representatividad y conexi\u00f3n directa con los principales ejes de negocio de la capital, siendo tambi\u00e9n una excelente opci\u00f3n para quienes buscan **oficina en alquiler en Salamanca** o **oficinas corporativas en Madrid** bien comunicadas.<\/p>\n<p>**UBICACI\u00d3N ESTRAT\u00c9GICA EN UNA DE LAS MEJORES ZONAS DE MADRID**<\/p>\n<p>El inmueble se sit\u00faa en una de las \u00e1reas m\u00e1s valoradas de la ciudad, con acceso r\u00e1pido tanto en transporte p\u00fablico como privado. Su localizaci\u00f3n permite conectar f\u00e1cilmente con el centro, zonas empresariales y principales v\u00edas de acceso, posicion\u00e1ndose como una opci\u00f3n s\u00f3lida dentro del mercado de **oficinas premium en Madrid**.<\/p>\n<p>El entorno ofrece todos los servicios necesarios para el d\u00eda a d\u00eda: restauraci\u00f3n, comercios, zonas verdes y servicios urbanos, aportando valor tanto a empleados como a clientes.<\/p>\n<p>**EDIFICIO MIXTO CON SERVICIOS COMPLETOS**<\/p>\n<p>El espacio se encuentra en un edificio mixto de car\u00e1cter representativo, distribuido en planta baja m\u00e1s ocho alturas, que ofrece un entorno profesional cuidado.<\/p>\n<p>Dispone de:<\/p>\n<p>* Servicio de conserjer\u00eda y recepci\u00f3n<br \/>\n* Control de accesos y seguridad<br \/>\n* Ascensor<br \/>\n* Plazas de parking disponibles<\/p>\n<p>Un entorno que refuerza la imagen corporativa de empresas que buscan establecerse en **oficinas en alquiler en Madrid** con est\u00e1ndares de calidad.<\/p>\n<p>**OFICINA LUMINOSA, C\u00d3MODA Y FUNCIONAL**<\/p>\n<p>Las oficinas destacan por su dise\u00f1o eficiente y su gran entrada de luz natural:<\/p>\n<p>* Espacios con excelente luminosidad \u2013 **oficina luminosa**<br \/>\n* Calefacci\u00f3n centralizada<br \/>\n* Sistema de aire acondicionado<br \/>\n* Distribuci\u00f3n adaptable a diferentes necesidades<br \/>\n* Ba\u00f1o dentro de la oficina<br \/>\n* Office<br \/>\n* Parking: 100\u20ac\/plaza\/mes<\/p>\n<p>Una opci\u00f3n ideal tanto para empresas que buscan una implantaci\u00f3n a medida como para proyectos tipo **oficina plug and play**, priorizando confort y productividad.<\/p>\n<p>**EXCELENTES COMUNICACIONES Y TRANSPORTE**<\/p>\n<p>Perfectamente conectada mediante transporte p\u00fablico:<\/p>\n<p>* **Metro:**<\/p>\n<p> * L\u00ednea 6 \u2013 Conde de Casal<br \/>\n * L\u00ednea 1 \u2013 Men\u00e9ndez Pelayo<br \/>\n * L\u00edneas 1 y 6 \u2013 Pac\u00edfico<br \/>\n * L\u00edneas 6 y 9 \u2013 S\u00e1inz de Baranda<\/p>\n<p>* **Autobuses:** 10, 14, 26, 32, 63, 152, C1, C2, N9<\/p>\n<p>**IMPULSA TU EMPRESA DESDE UNA UBICACI\u00d3N ESTRAT\u00c9GICA**<\/p>\n<p>Si buscas **oficinas en alquiler en Madrid** con buena imagen, excelente luz natural y ubicaci\u00f3n consolidada, esta es una opci\u00f3n pensada para atraer talento, optimizar el d\u00eda a d\u00eda y reforzar la presencia de tu empresa.<\/p>\n<p>Contacta ahora para m\u00e1s informaci\u00f3n o agenda tu visita. Las oficinas bien ubicadas y con estas caracter\u00edsticas generan alta demanda.<\/p>\n","protected":false},"template":"","class_list":["post-66209","properties_post","type-properties_post","status-publish","hentry","properties_modality-rent","properties_district-retiro","properties_province-madrid","properties_zone-centro","properties_state-madrid","properties_type-oficina"],"acf":{"post_type_properties_post_property_code":"11249133","post_type_properties_post_property_reference":"IE-227337","post_type_properties_post_owner_id":"34590","post_type_properties_post_owner_name":"ENTRECAMPOS CUATRO SOCIMI SA","post_type_properties_post_property_code_encrypted":"MjQ5JDMzNzAw","post_type_properties_post_published":"1","post_type_properties_post_property_visibility":"idealista","post_type_properties_post_contact_name":"Forcadell Oficinas Madrid","post_type_properties_post_contact_email":"forcadell.oficinas.madrid@movin.cloud","post_type_properties_post_contact_primary_phone_prefix":"34","post_type_properties_post_contact_primary_phone_number":"917886880","post_type_properties_post_address_visibility":"street","post_type_properties_post_address_country":"Spain","post_type_properties_post_address_coordinates_precision":"exact","post_type_properties_post_address_postal_code":"28007","post_type_properties_post_address_coordinates_latitude":"40.406617","post_type_properties_post_address_coordinates_longitude":"-3.671314","post_type_properties_post_address_street_name":"AV Mediterr\u00e1neo 9","post_type_properties_post_address_floor":"1","post_type_properties_post_address_town":"Madrid","post_type_properties_post_building":null,"post_type_properties_post_property":[{"properties_post_description_language":"spanish","properties_post_title":"Alquiler oficina en Avda. del Mediterr\u00e1neo, Madrid","properties_post_short_description_text_alt":"","properties_post_description_text_alt":"","properties_post_short_description_text":"","properties_post_link_demanda_inmueble":"https:\/\/movin.cloud\/es\/Forcadell Oficinas Madrid\/formulario-peticion-inmueble\/sth\/2462&&11249133","properties_post_link_demanda_calendario_inmueble":"https:\/\/movin.cloud\/es\/Forcadell Oficinas Madrid\/calendario-peticion-inmueble\/sth\/2462&&11249133","properties_post_description_text":"**OFICINAS EN ALQUILER EN MADRID \u2013 ESPACIO LUMINOSO Y REPRESENTATIVO EN EL DISTRITO DE RETIRO**\n\nSi buscas **oficinas en alquiler en Madrid** con excelente ubicaci\u00f3n, imagen corporativa y m\u00e1xima comodidad para tu equipo, esta oficina es una oportunidad estrat\u00e9gica. Una alternativa muy competitiva frente a **oficinas en AZCA**, **oficinas en Chamart\u00edn** o una **oficina en alquiler en Castellana**, ideal para empresas que valoran entorno, accesibilidad y calidad.\n\nUbicada en el consolidado distrito de Retiro, esta oficina combina tranquilidad, representatividad y conexi\u00f3n directa con los principales ejes de negocio de la capital, siendo tambi\u00e9n una excelente opci\u00f3n para quienes buscan **oficina en alquiler en Salamanca** o **oficinas corporativas en Madrid** bien comunicadas.\n\n**UBICACI\u00d3N ESTRAT\u00c9GICA EN UNA DE LAS MEJORES ZONAS DE MADRID**\n\nEl inmueble se sit\u00faa en una de las \u00e1reas m\u00e1s valoradas de la ciudad, con acceso r\u00e1pido tanto en transporte p\u00fablico como privado. Su localizaci\u00f3n permite conectar f\u00e1cilmente con el centro, zonas empresariales y principales v\u00edas de acceso, posicion\u00e1ndose como una opci\u00f3n s\u00f3lida dentro del mercado de **oficinas premium en Madrid**.\n\nEl entorno ofrece todos los servicios necesarios para el d\u00eda a d\u00eda: restauraci\u00f3n, comercios, zonas verdes y servicios urbanos, aportando valor tanto a empleados como a clientes.\n\n**EDIFICIO MIXTO CON SERVICIOS COMPLETOS**\n\nEl espacio se encuentra en un edificio mixto de car\u00e1cter representativo, distribuido en planta baja m\u00e1s ocho alturas, que ofrece un entorno profesional cuidado.\n\nDispone de:\n\n* Servicio de conserjer\u00eda y recepci\u00f3n \n* Control de accesos y seguridad\n* Ascensor\n* Plazas de parking disponibles\n\nUn entorno que refuerza la imagen corporativa de empresas que buscan establecerse en **oficinas en alquiler en Madrid** con est\u00e1ndares de calidad.\n\n**OFICINA LUMINOSA, C\u00d3MODA Y FUNCIONAL**\n\nLas oficinas destacan por su dise\u00f1o eficiente y su gran entrada de luz natural:\n\n* Espacios con excelente luminosidad \u2013 **oficina luminosa**\n* Calefacci\u00f3n centralizada\n* Sistema de aire acondicionado\n* Distribuci\u00f3n adaptable a diferentes necesidades\n* Ba\u00f1o dentro de la oficina\n* Office\n* Parking: 100\u20ac\/plaza\/mes\n\nUna opci\u00f3n ideal tanto para empresas que buscan una implantaci\u00f3n a medida como para proyectos tipo **oficina plug and play**, priorizando confort y productividad.\n\n**EXCELENTES COMUNICACIONES Y TRANSPORTE**\n\nPerfectamente conectada mediante transporte p\u00fablico:\n\n* **Metro:**\n\n * L\u00ednea 6 \u2013 Conde de Casal\n * L\u00ednea 1 \u2013 Men\u00e9ndez Pelayo\n * L\u00edneas 1 y 6 \u2013 Pac\u00edfico\n * L\u00edneas 6 y 9 \u2013 S\u00e1inz de Baranda\n\n* **Autobuses:** 10, 14, 26, 32, 63, 152, C1, C2, N9\n\n**IMPULSA TU EMPRESA DESDE UNA UBICACI\u00d3N ESTRAT\u00c9GICA**\n\nSi buscas **oficinas en alquiler en Madrid** con buena imagen, excelente luz natural y ubicaci\u00f3n consolidada, esta es una opci\u00f3n pensada para atraer talento, optimizar el d\u00eda a d\u00eda y reforzar la presencia de tu empresa.\n\nContacta ahora para m\u00e1s informaci\u00f3n o agenda tu visita. Las oficinas bien ubicadas y con estas caracter\u00edsticas generan alta demanda.\n\n","properties_post_seo_title":"","properties_post_seo_alias":"","properties_post_seo_metadescription":"","properties_post_seo_key_words":"","properties_post_seo_url":"","properties_post_terms_conditions":""}],"post_type_properties_post_features_type":"office","post_type_properties_post_id_building":"","post_type_properties_post_features_area_constructed":131,"post_type_properties_post_features_conditioned_air":true,"post_type_properties_post_features_doorman":false,"post_type_properties_post_features_heating":true,"post_type_properties_post_features_equipped_kitchen":false,"post_type_properties_post_features_windows_location":"exterior","post_type_properties_post_features_floors_property":false,"post_type_properties_post_features_storage":false,"post_type_properties_post_features_security_door":false,"post_type_properties_post_features_energy_certificate_rating":"inProcess","post_type_properties_post_features_energy_certificate_emissions_rating":"","post_type_properties_post_features_energy_certificate_emissions_value":"","post_type_properties_post_features_energy_certificate_performance":"","post_type_properties_post_features_bathroom_inside":true,"post_type_properties_post_precio":2092.16,"post_type_properties_post_precio_alquiler":2092.16,"post_type_properties_post_record_type_id":"Oficina","post_type_properties_post_categoria__producto":"Oficina","post_type_properties_post_amueblado":false,"post_type_properties_post_precio_m2":15.95,"post_type_properties_post_zona__comunitaria":false,"post_type_properties_post_electrodomesticos":false,"post_type_properties_post_patio__interior":false,"post_type_properties_post_certificado_energetico_general":"ZZ (En tr\u00e1mite)","post_type_properties_post_certificado_energetico_consumo":"ZZ (En tr\u00e1mite)","post_type_properties_post_certificado_energetico_valor_emisiones":"","post_type_properties_post_certificado_energetico_valor_consumo":"","post_type_properties_post_modalidad":"rent","post_type_properties_post_provincia":"Madrid","post_type_properties_post_poblacion":"Madrid","post_type_properties_post_centro__urbano":false,"post_type_properties_post_zonificacion":"Centro","post_type_properties_post_cartera":"Segunda mano","post_type_properties_post_titulo_catalan":"","post_type_properties_post_internet_catalan":"","post_type_properties_post_titulo_castellano":"Alquiler oficina en Avda. del Mediterr\u00e1neo, Madrid","post_type_properties_post_internet_castellano":"**OFICINAS EN ALQUILER EN MADRID \u2013 ESPACIO LUMINOSO Y REPRESENTATIVO EN EL DISTRITO DE RETIRO**\n\nSi buscas **oficinas en alquiler en Madrid** con excelente ubicaci\u00f3n, imagen corporativa y m\u00e1xima comodidad para tu equipo, esta oficina es una oportunidad estrat\u00e9gica. Una alternativa muy competitiva frente a **oficinas en AZCA**, **oficinas en Chamart\u00edn** o una **oficina en alquiler en Castellana**, ideal para empresas que valoran entorno, accesibilidad y calidad.\n\nUbicada en el consolidado distrito de Retiro, esta oficina combina tranquilidad, representatividad y conexi\u00f3n directa con los principales ejes de negocio de la capital, siendo tambi\u00e9n una excelente opci\u00f3n para quienes buscan **oficina en alquiler en Salamanca** o **oficinas corporativas en Madrid** bien comunicadas.\n\n**UBICACI\u00d3N ESTRAT\u00c9GICA EN UNA DE LAS MEJORES ZONAS DE MADRID**\n\nEl inmueble se sit\u00faa en una de las \u00e1reas m\u00e1s valoradas de la ciudad, con acceso r\u00e1pido tanto en transporte p\u00fablico como privado. Su localizaci\u00f3n permite conectar f\u00e1cilmente con el centro, zonas empresariales y principales v\u00edas de acceso, posicion\u00e1ndose como una opci\u00f3n s\u00f3lida dentro del mercado de **oficinas premium en Madrid**.\n\nEl entorno ofrece todos los servicios necesarios para el d\u00eda a d\u00eda: restauraci\u00f3n, comercios, zonas verdes y servicios urbanos, aportando valor tanto a empleados como a clientes.\n\n**EDIFICIO MIXTO CON SERVICIOS COMPLETOS**\n\nEl espacio se encuentra en un edificio mixto de car\u00e1cter representativo, distribuido en planta baja m\u00e1s ocho alturas, que ofrece un entorno profesional cuidado.\n\nDispone de:\n\n* Servicio de conserjer\u00eda y recepci\u00f3n \n* Control de accesos y seguridad\n* Ascensor\n* Plazas de parking disponibles\n\nUn entorno que refuerza la imagen corporativa de empresas que buscan establecerse en **oficinas en alquiler en Madrid** con est\u00e1ndares de calidad.\n\n**OFICINA LUMINOSA, C\u00d3MODA Y FUNCIONAL**\n\nLas oficinas destacan por su dise\u00f1o eficiente y su gran entrada de luz natural:\n\n* Espacios con excelente luminosidad \u2013 **oficina luminosa**\n* Calefacci\u00f3n centralizada\n* Sistema de aire acondicionado\n* Distribuci\u00f3n adaptable a diferentes necesidades\n* Ba\u00f1o dentro de la oficina\n* Office\n* Parking: 100\u20ac\/plaza\/mes\n\nUna opci\u00f3n ideal tanto para empresas que buscan una implantaci\u00f3n a medida como para proyectos tipo **oficina plug and play**, priorizando confort y productividad.\n\n**EXCELENTES COMUNICACIONES Y TRANSPORTE**\n\nPerfectamente conectada mediante transporte p\u00fablico:\n\n* **Metro:**\n\n * L\u00ednea 6 \u2013 Conde de Casal\n * L\u00ednea 1 \u2013 Men\u00e9ndez Pelayo\n * L\u00edneas 1 y 6 \u2013 Pac\u00edfico\n * L\u00edneas 6 y 9 \u2013 S\u00e1inz de Baranda\n\n* **Autobuses:** 10, 14, 26, 32, 63, 152, C1, C2, N9\n\n**IMPULSA TU EMPRESA DESDE UNA UBICACI\u00d3N ESTRAT\u00c9GICA**\n\nSi buscas **oficinas en alquiler en Madrid** con buena imagen, excelente luz natural y ubicaci\u00f3n consolidada, esta es una opci\u00f3n pensada para atraer talento, optimizar el d\u00eda a d\u00eda y reforzar la presencia de tu empresa.\n\nContacta ahora para m\u00e1s informaci\u00f3n o agenda tu visita. Las oficinas bien ubicadas y con estas caracter\u00edsticas generan alta demanda.\n\n","post_type_properties_post_titulo_ingles":"","post_type_properties_post_internet_ingles":"","post_type_properties_post_features_classification_commercial":false,"post_type_properties_post_features_conservation":"","post_type_properties_post_features_security_personnel":false,"post_type_properties_post_features_parking_available":false,"post_type_properties_post_features_garage_capacity_type":"","post_type_properties_post_features_bathroom_number":"","post_type_properties_post_eje":"","post_type_properties_post_zona":"","post_type_properties_post_comarca":"","post_type_properties_post_features_built_year":"","post_type_properties_post_renta_mensual":923.16,"post_type_properties_post_fianza":"","post_type_properties_post_features_area_plot":"","post_type_properties_post_features_area_buildable":"","post_type_properties_post_features_classification_industrial":false,"post_type_properties_post_distrito":"","post_type_properties_post_features_balcony":false,"post_type_properties_post_features_bedroom_number":"","post_type_properties_post_features_heating_type":"","post_type_properties_post_features_equipped_with_furniture":false,"post_type_properties_post_features_pets_allowed":false,"post_type_properties_post_features_pool":false,"post_type_properties_post_features_terrace":false,"post_type_properties_post_features_wardrobes":false,"post_type_properties_post_features_lift_available":false,"post_type_properties_post_features_handicap_adapted_access":false,"post_type_properties_post_features_orientation_east":false,"post_type_properties_post_features_orientation_west":false,"post_type_properties_post_features_orientation_north":false,"post_type_properties_post_features_orientation_south":false,"post_type_properties_post_features_parking_spaces_number":"","post_type_properties_post_features_security_alarm":false,"post_type_properties_post_features_security_system":false,"post_type_properties_post_open_plan":false,"post_type_properties_post_acceso_24_7":false,"post_type_properties_post_oficina_privada":false,"post_type_properties_post_sala_reuniones":false,"post_type_properties_post_espacio_eventos":false,"post_type_properties_post_office":false,"post_type_properties_post_restaurant":false,"post_type_properties_post_acepta_traspaso":false,"post_type_properties_post_vigilancia":false,"post_type_properties_post_features_suite":false,"post_type_properties_post_features_vitro":false,"post_type_properties_post_features_oven":false,"post_type_properties_post_features_microwave":false,"post_type_properties_post_features_washing_machine":false,"post_type_properties_post_features_dryer":false,"post_type_properties_post_features_dishwasher":false,"post_type_properties_post_features_fridge":false,"post_type_properties_post_features_fridge_mini":false,"post_type_properties_post_features_kettle":false,"post_type_properties_post_features_toaster":false,"post_type_properties_post_features_coffee_maker":false,"post_type_properties_post_features_iron":false,"post_type_properties_post_features_ironing_board":false,"post_type_properties_post_features_safe":false,"post_type_properties_post_features_internet":false,"post_type_properties_post_features_solarium":false,"post_type_properties_post_features_clean_service":false,"post_type_properties_post_features_t_v":false,"post_type_properties_post_features_satellite_t_v":false,"post_type_properties_post_features_gas_kitchen":false,"post_type_properties_post_features_view_mountain":false,"post_type_properties_post_features_view_sea":false,"post_type_properties_post_features_concierge":false,"post_type_properties_post_features_loading_dock":false,"post_type_properties_post_features_bridge_crane":false,"post_type_properties_post_features_located_at_corner":false,"post_type_properties_post_features_smoke_extraction":false,"post_type_properties_post_features_rooms":"","post_type_properties_post_features_garden_area":"","post_type_properties_post_features_utilities_water":false,"post_type_properties_post_features_utilities_electricity":false,"post_type_properties_post_features_utilities_natural_gas":false,"post_type_properties_post_features_building_adapted":false,"post_type_properties_post_features_garden":false,"post_type_properties_post_features_classification_hotel":false,"post_type_properties_post_features_classification_chalet":false,"post_type_properties_post_certificado_energetico_emisiones":"ZZ (En tr\u00e1mite)","post_type_properties_post_barrio":"","post_type_properties_post_distrito_empresa":"Retiro","post_type_properties_post_features_property_category_intern":"","post_type_properties_post_implantada":false,"post_type_properties_post_sello_leed":"","post_type_properties_post_sello_well":"","post_type_properties_post_sello_breeam":false,"post_type_properties_post_images":[{"properties_post_image_order":1,"properties_post_image_url":"https:\/\/movin.cloud\/empresas\/2462\/imagenes\/11249133\/en-alquiler.webp","properties_post_image_url_thumbnail":"https:\/\/movin.cloud\/empresas\/2462\/imagenes\/thumbnails\/11249133\/en-alquiler.webp","properties_post_title":"en alquiler","properties_post_alt":"en alquiler"},{"properties_post_image_order":2,"properties_post_image_url":"https:\/\/movin.cloud\/empresas\/2462\/imagenes\/11249133\/inmobiliaria-madrid.webp","properties_post_image_url_thumbnail":"https:\/\/movin.cloud\/empresas\/2462\/imagenes\/thumbnails\/11249133\/inmobiliaria-madrid.webp","properties_post_title":"inmobiliaria madrid","properties_post_alt":"inmobiliaria madrid"},{"properties_post_image_order":3,"properties_post_image_url":"https:\/\/movin.cloud\/empresas\/2462\/imagenes\/11249133\/fincas-madrid.webp","properties_post_image_url_thumbnail":"https:\/\/movin.cloud\/empresas\/2462\/imagenes\/thumbnails\/11249133\/fincas-madrid.webp","properties_post_title":"fincas madrid","properties_post_alt":"fincas madrid"},{"properties_post_image_order":4,"properties_post_image_url":"https:\/\/movin.cloud\/empresas\/2462\/imagenes\/11249133\/alquiler-para-idealistas-madrid.webp","properties_post_image_url_thumbnail":"https:\/\/movin.cloud\/empresas\/2462\/imagenes\/thumbnails\/11249133\/alquiler-para-idealistas-madrid.webp","properties_post_title":"alquiler para idealistas madrid","properties_post_alt":"alquiler para idealistas madrid"},{"properties_post_image_order":5,"properties_post_image_url":"https:\/\/movin.cloud\/empresas\/2462\/imagenes\/11249133\/viviendas-madrid.webp","properties_post_image_url_thumbnail":"https:\/\/movin.cloud\/empresas\/2462\/imagenes\/thumbnails\/11249133\/viviendas-madrid.webp","properties_post_title":"viviendas madrid","properties_post_alt":"viviendas madrid"},{"properties_post_image_order":6,"properties_post_image_url":"https:\/\/movin.cloud\/empresas\/2462\/imagenes\/11249133\/habitalia-madrid.webp","properties_post_image_url_thumbnail":"https:\/\/movin.cloud\/empresas\/2462\/imagenes\/thumbnails\/11249133\/habitalia-madrid.webp","properties_post_title":"habitalia madrid","properties_post_alt":"habitalia madrid"},{"properties_post_image_order":7,"properties_post_image_url":"https:\/\/movin.cloud\/empresas\/2462\/imagenes\/11249133\/alquiler-idealistas-madrid.webp","properties_post_image_url_thumbnail":"https:\/\/movin.cloud\/empresas\/2462\/imagenes\/thumbnails\/11249133\/alquiler-idealistas-madrid.webp","properties_post_title":"alquiler idealistas madrid","properties_post_alt":"alquiler idealistas madrid"},{"properties_post_image_order":8,"properties_post_image_url":"https:\/\/movin.cloud\/empresas\/2462\/imagenes\/11249133\/inmobiliarias.webp","properties_post_image_url_thumbnail":"https:\/\/movin.cloud\/empresas\/2462\/imagenes\/thumbnails\/11249133\/inmobiliarias.webp","properties_post_title":"inmobiliarias","properties_post_alt":"inmobiliarias"},{"properties_post_image_order":9,"properties_post_image_url":"https:\/\/movin.cloud\/empresas\/2462\/imagenes\/11249133\/inmobiliaria.webp","properties_post_image_url_thumbnail":"https:\/\/movin.cloud\/empresas\/2462\/imagenes\/thumbnails\/11249133\/inmobiliaria.webp","properties_post_title":"inmobiliaria","properties_post_alt":"inmobiliaria"},{"properties_post_image_order":10,"properties_post_image_url":"https:\/\/movin.cloud\/empresas\/2462\/imagenes\/11249133\/alquiler-para-idealista.webp","properties_post_image_url_thumbnail":"https:\/\/movin.cloud\/empresas\/2462\/imagenes\/thumbnails\/11249133\/alquiler-para-idealista.webp","properties_post_title":"alquiler para idealista","properties_post_alt":"alquiler para idealista"},{"properties_post_image_order":11,"properties_post_image_url":"https:\/\/movin.cloud\/empresas\/2462\/imagenes\/11249133\/rent.webp","properties_post_image_url_thumbnail":"https:\/\/movin.cloud\/empresas\/2462\/imagenes\/thumbnails\/11249133\/rent.webp","properties_post_title":"rent","properties_post_alt":"rent"},{"properties_post_image_order":12,"properties_post_image_url":"https:\/\/movin.cloud\/empresas\/2462\/imagenes\/11249133\/alquilar.webp","properties_post_image_url_thumbnail":"https:\/\/movin.cloud\/empresas\/2462\/imagenes\/thumbnails\/11249133\/alquilar.webp","properties_post_title":"alquilar","properties_post_alt":"alquilar"},{"properties_post_image_order":13,"properties_post_image_url":"https:\/\/movin.cloud\/empresas\/2462\/imagenes\/11249133\/alquiler-para-idealistas.webp","properties_post_image_url_thumbnail":"https:\/\/movin.cloud\/empresas\/2462\/imagenes\/thumbnails\/11249133\/alquiler-para-idealistas.webp","properties_post_title":"alquiler para idealistas","properties_post_alt":"alquiler para idealistas"},{"properties_post_image_order":14,"properties_post_image_url":"https:\/\/movin.cloud\/empresas\/2462\/imagenes\/11249133\/alquiler-para-idealista-madrid.webp","properties_post_image_url_thumbnail":"https:\/\/movin.cloud\/empresas\/2462\/imagenes\/thumbnails\/11249133\/alquiler-para-idealista-madrid.webp","properties_post_title":"alquiler para idealista madrid","properties_post_alt":"alquiler para idealista madrid"},{"properties_post_image_order":15,"properties_post_image_url":"https:\/\/movin.cloud\/empresas\/2462\/imagenes\/11249133\/en-alquiler-madrid.webp","properties_post_image_url_thumbnail":"https:\/\/movin.cloud\/empresas\/2462\/imagenes\/thumbnails\/11249133\/en-alquiler-madrid.webp","properties_post_title":"en alquiler madrid","properties_post_alt":"en alquiler madrid"},{"properties_post_image_order":16,"properties_post_image_url":"https:\/\/movin.cloud\/empresas\/2462\/imagenes\/11249133\/alquilar-madrid.webp","properties_post_image_url_thumbnail":"https:\/\/movin.cloud\/empresas\/2462\/imagenes\/thumbnails\/11249133\/alquilar-madrid.webp","properties_post_title":"alquilar madrid","properties_post_alt":"alquilar madrid"},{"properties_post_image_order":17,"properties_post_image_url":"https:\/\/movin.cloud\/empresas\/2462\/imagenes\/11249133\/alquiler-madrid.webp","properties_post_image_url_thumbnail":"https:\/\/movin.cloud\/empresas\/2462\/imagenes\/thumbnails\/11249133\/alquiler-madrid.webp","properties_post_title":"alquiler madrid","properties_post_alt":"alquiler madrid"},{"properties_post_image_order":18,"properties_post_image_url":"https:\/\/movin.cloud\/empresas\/2462\/imagenes\/11249133\/viviendas.webp","properties_post_image_url_thumbnail":"https:\/\/movin.cloud\/empresas\/2462\/imagenes\/thumbnails\/11249133\/viviendas.webp","properties_post_title":"viviendas","properties_post_alt":"viviendas"},{"properties_post_image_order":19,"properties_post_image_url":"https:\/\/movin.cloud\/empresas\/2462\/imagenes\/11249133\/alquiler.webp","properties_post_image_url_thumbnail":"https:\/\/movin.cloud\/empresas\/2462\/imagenes\/thumbnails\/11249133\/alquiler.webp","properties_post_title":"alquiler","properties_post_alt":"alquiler"},{"properties_post_image_order":20,"properties_post_image_url":"https:\/\/movin.cloud\/empresas\/2462\/imagenes\/11249133\/alquiler-idealistas.webp","properties_post_image_url_thumbnail":"https:\/\/movin.cloud\/empresas\/2462\/imagenes\/thumbnails\/11249133\/alquiler-idealistas.webp","properties_post_title":"alquiler idealistas","properties_post_alt":"alquiler idealistas"},{"properties_post_image_order":21,"properties_post_image_url":"https:\/\/movin.cloud\/empresas\/2462\/imagenes\/11249133\/habitalia.webp","properties_post_image_url_thumbnail":"https:\/\/movin.cloud\/empresas\/2462\/imagenes\/thumbnails\/11249133\/habitalia.webp","properties_post_title":"habitalia","properties_post_alt":"habitalia"},{"properties_post_image_order":22,"properties_post_image_url":"https:\/\/movin.cloud\/empresas\/2462\/imagenes\/11249133\/fincas.webp","properties_post_image_url_thumbnail":"https:\/\/movin.cloud\/empresas\/2462\/imagenes\/thumbnails\/11249133\/fincas.webp","properties_post_title":"fincas","properties_post_alt":"fincas"},{"properties_post_image_order":23,"properties_post_image_url":"https:\/\/movin.cloud\/empresas\/2462\/imagenes\/11249133\/rent-madrid.webp","properties_post_image_url_thumbnail":"https:\/\/movin.cloud\/empresas\/2462\/imagenes\/thumbnails\/11249133\/rent-madrid.webp","properties_post_title":"rent madrid","properties_post_alt":"rent madrid"},{"properties_post_image_order":24,"properties_post_image_url":"https:\/\/movin.cloud\/empresas\/2462\/imagenes\/11249133\/madrid-en-alquiler.webp","properties_post_image_url_thumbnail":"https:\/\/movin.cloud\/empresas\/2462\/imagenes\/thumbnails\/11249133\/madrid-en-alquiler.webp","properties_post_title":"madrid en alquiler","properties_post_alt":"madrid en alquiler"}],"post_type_properties_post_videos":null,"post_type_properties_post_tour":null,"post_type_properties_post_dossier_url":"","post_type_properties_post_operation_type":"rent","post_type_properties_post_operation_price":2092,"post_type_properties_post_features_hidden_price":false},"yoast_head":"<!-- This site is optimized with the Yoast SEO plugin v27.4 - https:\/\/yoast.com\/product\/yoast-seo-wordpress\/ -->\n<title>Alquiler oficina en Avda. del Mediterr\u00e1neo, Madrid - Forcadell<\/title>\n<meta name=\"robots\" content=\"index, follow, max-snippet:-1, max-image-preview:large, max-video-preview:-1\" \/>\n<link rel=\"canonical\" href=\"https:\/\/forcadell.com\/en\/propiedades\/alquiler-oficina-en-avda-del-mediterraneo-madrid\/\" \/>\n<meta property=\"og:locale\" content=\"en_US\" \/>\n<meta property=\"og:type\" content=\"article\" \/>\n<meta property=\"og:title\" content=\"Alquiler oficina en Avda. del Mediterr\u00e1neo, Madrid - Forcadell\" \/>\n<meta property=\"og:description\" content=\"**OFICINAS EN ALQUILER EN MADRID \u2013 ESPACIO LUMINOSO Y REPRESENTATIVO EN EL DISTRITO DE RETIRO** Si buscas **oficinas en alquiler en Madrid** con excelente ubicaci\u00f3n, imagen corporativa y m\u00e1xima comodidad para tu equipo, esta oficina es una oportunidad estrat\u00e9gica. Una alternativa muy competitiva frente a **oficinas en AZCA**, **oficinas en Chamart\u00edn** o una **oficina en [&hellip;]\" \/>\n<meta property=\"og:url\" content=\"https:\/\/forcadell.com\/en\/propiedades\/alquiler-oficina-en-avda-del-mediterraneo-madrid\/\" \/>\n<meta property=\"og:site_name\" content=\"Forcadell\" \/>\n<meta property=\"article:modified_time\" content=\"2026-05-01T05:29:49+00:00\" \/>\n<meta name=\"twitter:card\" content=\"summary_large_image\" \/>\n<meta name=\"twitter:label1\" content=\"Est. reading time\" \/>\n\t<meta name=\"twitter:data1\" content=\"2 minutes\" \/>\n<!-- \/ Yoast SEO plugin. -->","yoast_head_json":{"title":"Alquiler oficina en Avda. del Mediterr\u00e1neo, Madrid - Forcadell","robots":{"index":"index","follow":"follow","max-snippet":"max-snippet:-1","max-image-preview":"max-image-preview:large","max-video-preview":"max-video-preview:-1"},"canonical":"https:\/\/forcadell.com\/en\/propiedades\/alquiler-oficina-en-avda-del-mediterraneo-madrid\/","og_locale":"en_US","og_type":"article","og_title":"Alquiler oficina en Avda. del Mediterr\u00e1neo, Madrid - Forcadell","og_description":"**OFICINAS EN ALQUILER EN MADRID \u2013 ESPACIO LUMINOSO Y REPRESENTATIVO EN EL DISTRITO DE RETIRO** Si buscas **oficinas en alquiler en Madrid** con excelente ubicaci\u00f3n, imagen corporativa y m\u00e1xima comodidad para tu equipo, esta oficina es una oportunidad estrat\u00e9gica. Una alternativa muy competitiva frente a **oficinas en AZCA**, **oficinas en Chamart\u00edn** o una **oficina en [&hellip;]","og_url":"https:\/\/forcadell.com\/en\/propiedades\/alquiler-oficina-en-avda-del-mediterraneo-madrid\/","og_site_name":"Forcadell","article_modified_time":"2026-05-01T05:29:49+00:00","twitter_card":"summary_large_image","twitter_misc":{"Est. reading time":"2 minutes"},"schema":{"@context":"https:\/\/schema.org","@graph":[{"@type":"WebPage","@id":"https:\/\/forcadell.com\/en\/propiedades\/alquiler-oficina-en-avda-del-mediterraneo-madrid\/","url":"https:\/\/forcadell.com\/en\/propiedades\/alquiler-oficina-en-avda-del-mediterraneo-madrid\/","name":"Alquiler oficina en Avda. del Mediterr\u00e1neo, Madrid - Forcadell","isPartOf":{"@id":"https:\/\/forcadell.com\/en\/#website"},"datePublished":"2026-04-30T10:52:44+00:00","dateModified":"2026-05-01T05:29:49+00:00","breadcrumb":{"@id":"https:\/\/forcadell.com\/en\/propiedades\/alquiler-oficina-en-avda-del-mediterraneo-madrid\/#breadcrumb"},"inLanguage":"en-US","potentialAction":[{"@type":"ReadAction","target":["https:\/\/forcadell.com\/en\/propiedades\/alquiler-oficina-en-avda-del-mediterraneo-madrid\/"]}]},{"@type":"BreadcrumbList","@id":"https:\/\/forcadell.com\/en\/propiedades\/alquiler-oficina-en-avda-del-mediterraneo-madrid\/#breadcrumb","itemListElement":[{"@type":"ListItem","position":1,"name":"Portada","item":"https:\/\/forcadell.com\/en\/"},{"@type":"ListItem","position":2,"name":"Properties","item":"https:\/\/forcadell.com\/en\/propiedades\/"},{"@type":"ListItem","position":3,"name":"Alquiler oficina en Avda. del Mediterr\u00e1neo, Madrid"}]},{"@type":"WebSite","@id":"https:\/\/forcadell.com\/en\/#website","url":"https:\/\/forcadell.com\/en\/","name":"Forcadell","description":"Inmobiliaria Barcelona | Consultores inmobiliarios","potentialAction":[{"@type":"SearchAction","target":{"@type":"EntryPoint","urlTemplate":"https:\/\/forcadell.com\/en\/?s={search_term_string}"},"query-input":{"@type":"PropertyValueSpecification","valueRequired":true,"valueName":"search_term_string"}}],"inLanguage":"en-US"}]}},"_links":{"self":[{"href":"https:\/\/forcadell.com\/en\/wp-json\/wp\/v2\/properties_post\/66209","targetHints":{"allow":["GET"]}}],"collection":[{"href":"https:\/\/forcadell.com\/en\/wp-json\/wp\/v2\/properties_post"}],"about":[{"href":"https:\/\/forcadell.com\/en\/wp-json\/wp\/v2\/types\/properties_post"}],"wp:attachment":[{"href":"https:\/\/forcadell.com\/en\/wp-json\/wp\/v2\/media?parent=66209"}],"curies":[{"name":"wp","href":"https:\/\/api.w.org\/{rel}","templated":true}]}}