{"id":65857,"date":"2026-04-30T12:37:10","date_gmt":"2026-04-30T10:37:10","guid":{"rendered":"https:\/\/forcadell.com\/propiedades\/edificio-de-oficinas-en-alquiler-en-zona-empresarial-consolidada-campo-de-las-naciones\/"},"modified":"2026-05-01T12:20:57","modified_gmt":"2026-05-01T10:20:57","slug":"edificio-de-oficinas-en-alquiler-en-zona-empresarial-consolidada-campo-de-las-naciones","status":"publish","type":"properties_post","link":"https:\/\/forcadell.com\/en\/propiedades\/edificio-de-oficinas-en-alquiler-en-zona-empresarial-consolidada-campo-de-las-naciones\/","title":{"rendered":"Edificio de Oficinas en alquiler en Zona Empresarial Consolidada \u2013 Campo de las Naciones"},"content":{"rendered":"<p>Presentamos una excelente oportunidad para establecer su empresa en una de las zonas de negocios m\u00e1s reconocidas de Madrid, pr\u00f3xima a IFEMA y al Palacio de Congresos. Esta ubicaci\u00f3n estrat\u00e9gica alberga sedes de destacadas compa\u00f1\u00edas nacionales e internacionales, centros de negocios y una amplia oferta de servicios: restaurantes, centros comerciales y amplias zonas verdes como el Parque Juan Carlos I.<\/p>\n<p>Caracter\u00edsticas del Inmueble:<\/p>\n<p>Complejo empresarial compuesto por dos edificios exclusivos de oficinas, interconectados.<\/p>\n<p>Hall representativo con gran luminosidad natural, que realza la imagen corporativa.<\/p>\n<p>Amplias zonas ajardinadas y terraza com\u00fan para momentos de descanso o reuniones informales.<\/p>\n<p>Working lounge equipado con coffee corner para fomentar la colaboraci\u00f3n.<\/p>\n<p>\u00c1gora con capacidad para 82 personas, ideal para presentaciones o eventos corporativos.<\/p>\n<p>Zona wellness, pensada para el bienestar de los usuarios.<\/p>\n<p>Oficina di\u00e1fana, con excelente luz natural y distribuci\u00f3n flexible.<\/p>\n<p>Equipamiento t\u00e9cnico de alto nivel: suelo t\u00e9cnico, falso techo con luminarias LED, y ventanas practicables.<\/p>\n<p>Sistema de climatizaci\u00f3n VRF de alta eficiencia energ\u00e9tica.<\/p>\n<p>Parking con plazas para bicicletas, patinetes y puntos de recarga para veh\u00edculos el\u00e9ctricos.<\/p>\n<p>Zona habilitada con muelle de carga y descarga, ideal para log\u00edstica y distribuci\u00f3n.<\/p>\n<p>Conectividad y Accesos:<\/p>\n<p>Ubicaci\u00f3n inmejorable a tan solo 10 minutos del Aeropuerto Adolfo Su\u00e1rez Madrid-Barajas, con excelente accesibilidad desde las autopistas M11, M40 y M12. Adem\u00e1s, est\u00e1 bien comunicada mediante transporte p\u00fablico:<\/p>\n<p>Metro: L\u00ednea 8 \u2013 Estaci\u00f3n Campo de las Naciones<\/p>\n<p>Autobuses: L\u00edneas 72, 87, 104, 112, 122, 201<\/p>\n<p>Una oficina dise\u00f1ada para responder a las necesidades de empresas modernas que buscan funcionalidad, representatividad y bienestar en un entorno empresarial de primer nivel.<\/p>\n","protected":false},"template":"","class_list":["post-65857","properties_post","type-properties_post","status-publish","hentry","properties_modality-rent","properties_district-barajas","properties_province-madrid","properties_zone-descentralizada","properties_state-madrid","properties_subclass-oficinas","properties_type-edificio"],"acf":{"post_type_properties_post_property_code":"11247878","post_type_properties_post_property_reference":"IE-226420","post_type_properties_post_owner_id":"49765","post_type_properties_post_owner_name":"CUSHMAN & WAKEFIELD DESIGN & BUILD SPAIN SL","post_type_properties_post_property_code_encrypted":"MjQ5JDMyNDQ1","post_type_properties_post_published":"1","post_type_properties_post_property_visibility":"idealista","post_type_properties_post_contact_name":"Forcadell Oficinas Madrid","post_type_properties_post_contact_email":"forcadell.oficinas.madrid@movin.cloud","post_type_properties_post_contact_primary_phone_prefix":"34","post_type_properties_post_contact_primary_phone_number":"917886880","post_type_properties_post_address_visibility":"street","post_type_properties_post_address_country":"Spain","post_type_properties_post_address_coordinates_precision":"exact","post_type_properties_post_address_postal_code":"28042","post_type_properties_post_address_coordinates_latitude":"40.4605793","post_type_properties_post_address_coordinates_longitude":"-3.6197994","post_type_properties_post_address_street_name":"Calle Ribera del Loira 56-58","post_type_properties_post_address_floor":"","post_type_properties_post_address_town":"Madrid","post_type_properties_post_building":null,"post_type_properties_post_property":[{"properties_post_description_language":"spanish","properties_post_title":"Edificio de Oficinas en alquiler en Zona Empresarial Consolidada \u2013 Campo de las Naciones","properties_post_short_description_text_alt":"","properties_post_description_text_alt":"","properties_post_short_description_text":"Oficina en alquiler, ubicada cerca de IFEMA y el Palacio de Congresos. Consolidada zona de negocios donde est\u00e1n ubicadas sedes de empresas nacionales e internacionales y centros de negocios. Rodeada de una gran variedad de servicios, como restaurantes, centros comerciales y el parque Juan Carlos I.","properties_post_link_demanda_inmueble":"https:\/\/movin.cloud\/es\/Forcadell Oficinas Madrid\/formulario-peticion-inmueble\/sth\/2462&&11247878","properties_post_link_demanda_calendario_inmueble":"https:\/\/movin.cloud\/es\/Forcadell Oficinas Madrid\/calendario-peticion-inmueble\/sth\/2462&&11247878","properties_post_description_text":"\nPresentamos una excelente oportunidad para establecer su empresa en una de las zonas de negocios m\u00e1s reconocidas de Madrid, pr\u00f3xima a IFEMA y al Palacio de Congresos. Esta ubicaci\u00f3n estrat\u00e9gica alberga sedes de destacadas compa\u00f1\u00edas nacionales e internacionales, centros de negocios y una amplia oferta de servicios: restaurantes, centros comerciales y amplias zonas verdes como el Parque Juan Carlos I.\n\nCaracter\u00edsticas del Inmueble:\n\nComplejo empresarial compuesto por dos edificios exclusivos de oficinas, interconectados.\n\nHall representativo con gran luminosidad natural, que realza la imagen corporativa.\n\nAmplias zonas ajardinadas y terraza com\u00fan para momentos de descanso o reuniones informales.\n\nWorking lounge equipado con coffee corner para fomentar la colaboraci\u00f3n.\n\n\u00c1gora con capacidad para 82 personas, ideal para presentaciones o eventos corporativos.\n\nZona wellness, pensada para el bienestar de los usuarios.\n\nOficina di\u00e1fana, con excelente luz natural y distribuci\u00f3n flexible.\n\nEquipamiento t\u00e9cnico de alto nivel: suelo t\u00e9cnico, falso techo con luminarias LED, y ventanas practicables.\n\nSistema de climatizaci\u00f3n VRF de alta eficiencia energ\u00e9tica.\n\nParking con plazas para bicicletas, patinetes y puntos de recarga para veh\u00edculos el\u00e9ctricos.\n\nZona habilitada con muelle de carga y descarga, ideal para log\u00edstica y distribuci\u00f3n.\n\nConectividad y Accesos:\n\nUbicaci\u00f3n inmejorable a tan solo 10 minutos del Aeropuerto Adolfo Su\u00e1rez Madrid-Barajas, con excelente accesibilidad desde las autopistas M11, M40 y M12. Adem\u00e1s, est\u00e1 bien comunicada mediante transporte p\u00fablico:\n\nMetro: L\u00ednea 8 \u2013 Estaci\u00f3n Campo de las Naciones\n\nAutobuses: L\u00edneas 72, 87, 104, 112, 122, 201\n\nUna oficina dise\u00f1ada para responder a las necesidades de empresas modernas que buscan funcionalidad, representatividad y bienestar en un entorno empresarial de primer nivel.","properties_post_seo_title":"","properties_post_seo_alias":"","properties_post_seo_metadescription":"alquiler oficinas campo de las naciones. Forcadell Madrid","properties_post_seo_key_words":"oficina alquiler madrid, alquiler oficina madrid, oficina madrid, oficina ifema, alquiler ifema.","properties_post_seo_url":"","properties_post_terms_conditions":""},{"properties_post_description_language":"english","properties_post_title":"Office for rent Madrid. Ribera del Loira Street \u2013 IFEMA","properties_post_short_description_text_alt":"","properties_post_description_text_alt":"","properties_post_short_description_text":"Office with private terrace for rent, located near IFEMA and the Palacio de Congresos. Consolidated business area where the headquarters of national and international companies and business centers are located. Surrounded by a wide variety of services, such as restaurants, shopping centers and the Juan Carlos I park.","properties_post_link_demanda_inmueble":"https:\/\/movin.cloud\/en\/Forcadell Oficinas Madrid\/property-form-request\/sth\/2462&&11247878","properties_post_link_demanda_calendario_inmueble":"https:\/\/movin.cloud\/en\/Forcadell Oficinas Madrid\/property-calendar-request\/sth\/2462&&11247878","properties_post_description_text":"Office with private terrace for rent, located near IFEMA and the Palacio de Congresos. Consolidated business area where the headquarters of national and international companies and business centers are located. Surrounded by a wide variety of services, such as restaurants, shopping centers and the Juan Carlos I park.\n\nFeatures:\n- Business complex composed of 2 exclusive office buildings joined together.\n- Representative central hall with great luminosity.\n- Large green areas and common terrace.\n- Working lounge with coffee corner.\n- Agora with capacity for 82 people.\n- Wellness area.\n- Open-plan office with excellent natural light and access to private terrace.\n- Raised floor and false ceiling with LED lights.\n- Opening windows. \n- VRF air conditioning system.\n- Parking with spaces for bicycles, scooters and electric car charging.\n- Area with loading and unloading dock.\n\nPrivileged location just 10 minutes from Barajas airport, with easy access to the M11, M40 and M12 freeways. It also has good public transport connections via buses and metro.\n\nTransportation: \n Metro: L8 - Campo de las Naciones. \nBuses: 72, 87, 104, 112, 122, 201.","properties_post_seo_title":"","properties_post_seo_alias":"","properties_post_seo_metadescription":"office for rent Madrid, Calle Ribera del Loira. Forcadell Madrid.","properties_post_seo_key_words":"madrid office rental, madrid office rental, madrid office, madrid office, ifema madrid, campo de las naciones, madrid office, madrid office rental, madrid office rental","properties_post_seo_url":"","properties_post_terms_conditions":""}],"post_type_properties_post_features_type":"building","post_type_properties_post_id_building":"","post_type_properties_post_features_area_constructed":6802,"post_type_properties_post_features_conditioned_air":false,"post_type_properties_post_features_doorman":false,"post_type_properties_post_features_heating":false,"post_type_properties_post_features_equipped_kitchen":false,"post_type_properties_post_features_windows_location":"","post_type_properties_post_features_floors_property":false,"post_type_properties_post_features_storage":false,"post_type_properties_post_features_security_door":false,"post_type_properties_post_features_energy_certificate_rating":"A","post_type_properties_post_features_energy_certificate_emissions_rating":"A","post_type_properties_post_features_energy_certificate_emissions_value":"","post_type_properties_post_features_energy_certificate_performance":"","post_type_properties_post_features_bathroom_inside":false,"post_type_properties_post_precio":119050.22,"post_type_properties_post_precio_alquiler":119050.22,"post_type_properties_post_record_type_id":"Edificio","post_type_properties_post_categoria__producto":"Oficinas","post_type_properties_post_amueblado":false,"post_type_properties_post_precio_m2":17.5,"post_type_properties_post_zona__comunitaria":true,"post_type_properties_post_electrodomesticos":false,"post_type_properties_post_patio__interior":true,"post_type_properties_post_certificado_energetico_general":"A","post_type_properties_post_certificado_energetico_consumo":"A","post_type_properties_post_certificado_energetico_valor_emisiones":"","post_type_properties_post_certificado_energetico_valor_consumo":"","post_type_properties_post_modalidad":"rent","post_type_properties_post_provincia":"Madrid","post_type_properties_post_poblacion":"Madrid","post_type_properties_post_centro__urbano":false,"post_type_properties_post_zonificacion":"Descentralizada","post_type_properties_post_cartera":"Captaci\u00f3n","post_type_properties_post_titulo_catalan":"","post_type_properties_post_internet_catalan":"","post_type_properties_post_titulo_castellano":"Edificio de Oficinas en alquiler en Zona Empresarial Consolidada \u2013 Campo de las Naciones","post_type_properties_post_internet_castellano":"\nPresentamos una excelente oportunidad para establecer su empresa en una de las zonas de negocios m\u00e1s reconocidas de Madrid, pr\u00f3xima a IFEMA y al Palacio de Congresos. Esta ubicaci\u00f3n estrat\u00e9gica alberga sedes de destacadas compa\u00f1\u00edas nacionales e internacionales, centros de negocios y una amplia oferta de servicios: restaurantes, centros comerciales y amplias zonas verdes como el Parque Juan Carlos I.\n\nCaracter\u00edsticas del Inmueble:\n\nComplejo empresarial compuesto por dos edificios exclusivos de oficinas, interconectados.\n\nHall representativo con gran luminosidad natural, que realza la imagen corporativa.\n\nAmplias zonas ajardinadas y terraza com\u00fan para momentos de descanso o reuniones informales.\n\nWorking lounge equipado con coffee corner para fomentar la colaboraci\u00f3n.\n\n\u00c1gora con capacidad para 82 personas, ideal para presentaciones o eventos corporativos.\n\nZona wellness, pensada para el bienestar de los usuarios.\n\nOficina di\u00e1fana, con excelente luz natural y distribuci\u00f3n flexible.\n\nEquipamiento t\u00e9cnico de alto nivel: suelo t\u00e9cnico, falso techo con luminarias LED, y ventanas practicables.\n\nSistema de climatizaci\u00f3n VRF de alta eficiencia energ\u00e9tica.\n\nParking con plazas para bicicletas, patinetes y puntos de recarga para veh\u00edculos el\u00e9ctricos.\n\nZona habilitada con muelle de carga y descarga, ideal para log\u00edstica y distribuci\u00f3n.\n\nConectividad y Accesos:\n\nUbicaci\u00f3n inmejorable a tan solo 10 minutos del Aeropuerto Adolfo Su\u00e1rez Madrid-Barajas, con excelente accesibilidad desde las autopistas M11, M40 y M12. Adem\u00e1s, est\u00e1 bien comunicada mediante transporte p\u00fablico:\n\nMetro: L\u00ednea 8 \u2013 Estaci\u00f3n Campo de las Naciones\n\nAutobuses: L\u00edneas 72, 87, 104, 112, 122, 201\n\nUna oficina dise\u00f1ada para responder a las necesidades de empresas modernas que buscan funcionalidad, representatividad y bienestar en un entorno empresarial de primer nivel.","post_type_properties_post_titulo_ingles":"Office for rent Madrid. Ribera del Loira Street \u2013 IFEMA","post_type_properties_post_internet_ingles":"Office with private terrace for rent, located near IFEMA and the Palacio de Congresos. Consolidated business area where the headquarters of national and international companies and business centers are located. Surrounded by a wide variety of services, such as restaurants, shopping centers and the Juan Carlos I park.\n\nFeatures:\n- Business complex composed of 2 exclusive office buildings joined together.\n- Representative central hall with great luminosity.\n- Large green areas and common terrace.\n- Working lounge with coffee corner.\n- Agora with capacity for 82 people.\n- Wellness area.\n- Open-plan office with excellent natural light and access to private terrace.\n- Raised floor and false ceiling with LED lights.\n- Opening windows. \n- VRF air conditioning system.\n- Parking with spaces for bicycles, scooters and electric car charging.\n- Area with loading and unloading dock.\n\nPrivileged location just 10 minutes from Barajas airport, with easy access to the M11, M40 and M12 freeways. It also has good public transport connections via buses and metro.\n\nTransportation: \n Metro: L8 - Campo de las Naciones. \nBuses: 72, 87, 104, 112, 122, 201.","post_type_properties_post_features_classification_commercial":false,"post_type_properties_post_features_conservation":"","post_type_properties_post_features_security_personnel":true,"post_type_properties_post_features_parking_available":false,"post_type_properties_post_features_garage_capacity_type":"","post_type_properties_post_features_bathroom_number":"","post_type_properties_post_eje":"","post_type_properties_post_zona":"","post_type_properties_post_comarca":"","post_type_properties_post_features_built_year":"","post_type_properties_post_renta_mensual":"","post_type_properties_post_fianza":"","post_type_properties_post_features_area_plot":"","post_type_properties_post_features_area_buildable":"","post_type_properties_post_features_classification_industrial":false,"post_type_properties_post_distrito":"","post_type_properties_post_features_balcony":false,"post_type_properties_post_features_bedroom_number":"","post_type_properties_post_features_heating_type":"","post_type_properties_post_features_equipped_with_furniture":false,"post_type_properties_post_features_pets_allowed":false,"post_type_properties_post_features_pool":false,"post_type_properties_post_features_terrace":false,"post_type_properties_post_features_wardrobes":false,"post_type_properties_post_features_lift_available":false,"post_type_properties_post_features_handicap_adapted_access":false,"post_type_properties_post_features_orientation_east":false,"post_type_properties_post_features_orientation_west":false,"post_type_properties_post_features_orientation_north":false,"post_type_properties_post_features_orientation_south":false,"post_type_properties_post_features_parking_spaces_number":"","post_type_properties_post_features_security_alarm":false,"post_type_properties_post_features_security_system":false,"post_type_properties_post_open_plan":false,"post_type_properties_post_acceso_24_7":false,"post_type_properties_post_oficina_privada":false,"post_type_properties_post_sala_reuniones":false,"post_type_properties_post_espacio_eventos":false,"post_type_properties_post_office":false,"post_type_properties_post_restaurant":false,"post_type_properties_post_acepta_traspaso":false,"post_type_properties_post_vigilancia":true,"post_type_properties_post_features_suite":false,"post_type_properties_post_features_vitro":false,"post_type_properties_post_features_oven":false,"post_type_properties_post_features_microwave":false,"post_type_properties_post_features_washing_machine":false,"post_type_properties_post_features_dryer":false,"post_type_properties_post_features_dishwasher":false,"post_type_properties_post_features_fridge":false,"post_type_properties_post_features_fridge_mini":false,"post_type_properties_post_features_kettle":false,"post_type_properties_post_features_toaster":false,"post_type_properties_post_features_coffee_maker":false,"post_type_properties_post_features_iron":false,"post_type_properties_post_features_ironing_board":false,"post_type_properties_post_features_safe":false,"post_type_properties_post_features_internet":false,"post_type_properties_post_features_solarium":false,"post_type_properties_post_features_clean_service":false,"post_type_properties_post_features_t_v":false,"post_type_properties_post_features_satellite_t_v":false,"post_type_properties_post_features_gas_kitchen":false,"post_type_properties_post_features_view_mountain":false,"post_type_properties_post_features_view_sea":false,"post_type_properties_post_features_concierge":false,"post_type_properties_post_features_loading_dock":false,"post_type_properties_post_features_bridge_crane":false,"post_type_properties_post_features_located_at_corner":false,"post_type_properties_post_features_smoke_extraction":false,"post_type_properties_post_features_rooms":"","post_type_properties_post_features_garden_area":"","post_type_properties_post_features_utilities_water":false,"post_type_properties_post_features_utilities_electricity":false,"post_type_properties_post_features_utilities_natural_gas":false,"post_type_properties_post_features_building_adapted":false,"post_type_properties_post_features_garden":false,"post_type_properties_post_features_classification_hotel":false,"post_type_properties_post_features_classification_chalet":false,"post_type_properties_post_certificado_energetico_emisiones":"A","post_type_properties_post_barrio":"","post_type_properties_post_distrito_empresa":"Barajas","post_type_properties_post_features_property_category_intern":"","post_type_properties_post_implantada":false,"post_type_properties_post_sello_leed":"1","post_type_properties_post_sello_well":"2","post_type_properties_post_sello_breeam":false,"post_type_properties_post_images":[{"properties_post_image_order":1,"properties_post_image_url":"https:\/\/movin.cloud\/empresas\/2462\/imagenes\/11247878\/en-alquiler-21.webp","properties_post_image_url_thumbnail":"https:\/\/movin.cloud\/empresas\/2462\/imagenes\/thumbnails\/11247878\/en-alquiler-21.webp","properties_post_title":"en alquiler 21","properties_post_alt":"en alquiler 21"},{"properties_post_image_order":2,"properties_post_image_url":"https:\/\/movin.cloud\/empresas\/2462\/imagenes\/11247878\/en-alquiler-15.webp","properties_post_image_url_thumbnail":"https:\/\/movin.cloud\/empresas\/2462\/imagenes\/thumbnails\/11247878\/en-alquiler-15.webp","properties_post_title":"en alquiler 15","properties_post_alt":"en alquiler 15"},{"properties_post_image_order":3,"properties_post_image_url":"https:\/\/movin.cloud\/empresas\/2462\/imagenes\/11247878\/en-alquiler-17.webp","properties_post_image_url_thumbnail":"https:\/\/movin.cloud\/empresas\/2462\/imagenes\/thumbnails\/11247878\/en-alquiler-17.webp","properties_post_title":"en alquiler 17","properties_post_alt":"en alquiler 17"},{"properties_post_image_order":4,"properties_post_image_url":"https:\/\/movin.cloud\/empresas\/2462\/imagenes\/11247878\/en-alquiler-18.webp","properties_post_image_url_thumbnail":"https:\/\/movin.cloud\/empresas\/2462\/imagenes\/thumbnails\/11247878\/en-alquiler-18.webp","properties_post_title":"en alquiler 18","properties_post_alt":"en alquiler 18"},{"properties_post_image_order":5,"properties_post_image_url":"https:\/\/movin.cloud\/empresas\/2462\/imagenes\/11247878\/en-alquiler-19.webp","properties_post_image_url_thumbnail":"https:\/\/movin.cloud\/empresas\/2462\/imagenes\/thumbnails\/11247878\/en-alquiler-19.webp","properties_post_title":"en alquiler 19","properties_post_alt":"en alquiler 19"},{"properties_post_image_order":6,"properties_post_image_url":"https:\/\/movin.cloud\/empresas\/2462\/imagenes\/11247878\/en-alquiler-20.webp","properties_post_image_url_thumbnail":"https:\/\/movin.cloud\/empresas\/2462\/imagenes\/thumbnails\/11247878\/en-alquiler-20.webp","properties_post_title":"en alquiler 20","properties_post_alt":"en alquiler 20"},{"properties_post_image_order":7,"properties_post_image_url":"https:\/\/movin.cloud\/empresas\/2462\/imagenes\/11247878\/en-alquiler-16.webp","properties_post_image_url_thumbnail":"https:\/\/movin.cloud\/empresas\/2462\/imagenes\/thumbnails\/11247878\/en-alquiler-16.webp","properties_post_title":"en alquiler 16","properties_post_alt":"en alquiler 16"},{"properties_post_image_order":8,"properties_post_image_url":"https:\/\/movin.cloud\/empresas\/2462\/imagenes\/11247878\/habitalia.webp","properties_post_image_url_thumbnail":"https:\/\/movin.cloud\/empresas\/2462\/imagenes\/thumbnails\/11247878\/habitalia.webp","properties_post_title":"habitalia","properties_post_alt":"habitalia"},{"properties_post_image_order":9,"properties_post_image_url":"https:\/\/movin.cloud\/empresas\/2462\/imagenes\/11247878\/fincas.webp","properties_post_image_url_thumbnail":"https:\/\/movin.cloud\/empresas\/2462\/imagenes\/thumbnails\/11247878\/fincas.webp","properties_post_title":"fincas","properties_post_alt":"fincas"},{"properties_post_image_order":10,"properties_post_image_url":"https:\/\/movin.cloud\/empresas\/2462\/imagenes\/11247878\/rent.webp","properties_post_image_url_thumbnail":"https:\/\/movin.cloud\/empresas\/2462\/imagenes\/thumbnails\/11247878\/rent.webp","properties_post_title":"rent","properties_post_alt":"rent"}],"post_type_properties_post_videos":null,"post_type_properties_post_tour":null,"post_type_properties_post_dossier_url":"","post_type_properties_post_operation_type":"rent","post_type_properties_post_operation_price":119050,"post_type_properties_post_features_hidden_price":false},"yoast_head":"<!-- This site is optimized with the Yoast SEO plugin v27.4 - https:\/\/yoast.com\/product\/yoast-seo-wordpress\/ -->\n<title>Edificio de Oficinas en alquiler en Zona Empresarial Consolidada \u2013 Campo de las Naciones - Forcadell<\/title>\n<meta name=\"robots\" content=\"index, follow, max-snippet:-1, max-image-preview:large, max-video-preview:-1\" \/>\n<link rel=\"canonical\" href=\"https:\/\/forcadell.com\/en\/propiedades\/edificio-de-oficinas-en-alquiler-en-zona-empresarial-consolidada-campo-de-las-naciones\/\" \/>\n<meta property=\"og:locale\" content=\"en_US\" \/>\n<meta property=\"og:type\" content=\"article\" \/>\n<meta property=\"og:title\" content=\"Edificio de Oficinas en alquiler en Zona Empresarial Consolidada \u2013 Campo de las Naciones - Forcadell\" \/>\n<meta property=\"og:description\" content=\"Presentamos una excelente oportunidad para establecer su empresa en una de las zonas de negocios m\u00e1s reconocidas de Madrid, pr\u00f3xima a IFEMA y al Palacio de Congresos. Esta ubicaci\u00f3n estrat\u00e9gica alberga sedes de destacadas compa\u00f1\u00edas nacionales e internacionales, centros de negocios y una amplia oferta de servicios: restaurantes, centros comerciales y amplias zonas verdes como [&hellip;]\" \/>\n<meta property=\"og:url\" content=\"https:\/\/forcadell.com\/en\/propiedades\/edificio-de-oficinas-en-alquiler-en-zona-empresarial-consolidada-campo-de-las-naciones\/\" \/>\n<meta property=\"og:site_name\" content=\"Forcadell\" \/>\n<meta property=\"article:modified_time\" content=\"2026-05-01T10:20:57+00:00\" \/>\n<meta name=\"twitter:card\" content=\"summary_large_image\" \/>\n<meta name=\"twitter:label1\" content=\"Est. reading time\" \/>\n\t<meta name=\"twitter:data1\" content=\"1 minute\" \/>\n<!-- \/ Yoast SEO plugin. -->","yoast_head_json":{"title":"Edificio de Oficinas en alquiler en Zona Empresarial Consolidada \u2013 Campo de las Naciones - Forcadell","robots":{"index":"index","follow":"follow","max-snippet":"max-snippet:-1","max-image-preview":"max-image-preview:large","max-video-preview":"max-video-preview:-1"},"canonical":"https:\/\/forcadell.com\/en\/propiedades\/edificio-de-oficinas-en-alquiler-en-zona-empresarial-consolidada-campo-de-las-naciones\/","og_locale":"en_US","og_type":"article","og_title":"Edificio de Oficinas en alquiler en Zona Empresarial Consolidada \u2013 Campo de las Naciones - Forcadell","og_description":"Presentamos una excelente oportunidad para establecer su empresa en una de las zonas de negocios m\u00e1s reconocidas de Madrid, pr\u00f3xima a IFEMA y al Palacio de Congresos. Esta ubicaci\u00f3n estrat\u00e9gica alberga sedes de destacadas compa\u00f1\u00edas nacionales e internacionales, centros de negocios y una amplia oferta de servicios: restaurantes, centros comerciales y amplias zonas verdes como [&hellip;]","og_url":"https:\/\/forcadell.com\/en\/propiedades\/edificio-de-oficinas-en-alquiler-en-zona-empresarial-consolidada-campo-de-las-naciones\/","og_site_name":"Forcadell","article_modified_time":"2026-05-01T10:20:57+00:00","twitter_card":"summary_large_image","twitter_misc":{"Est. reading time":"1 minute"},"schema":{"@context":"https:\/\/schema.org","@graph":[{"@type":"WebPage","@id":"https:\/\/forcadell.com\/en\/propiedades\/edificio-de-oficinas-en-alquiler-en-zona-empresarial-consolidada-campo-de-las-naciones\/","url":"https:\/\/forcadell.com\/en\/propiedades\/edificio-de-oficinas-en-alquiler-en-zona-empresarial-consolidada-campo-de-las-naciones\/","name":"Edificio de Oficinas en alquiler en Zona Empresarial Consolidada \u2013 Campo de las Naciones - Forcadell","isPartOf":{"@id":"https:\/\/forcadell.com\/en\/#website"},"datePublished":"2026-04-30T10:37:10+00:00","dateModified":"2026-05-01T10:20:57+00:00","breadcrumb":{"@id":"https:\/\/forcadell.com\/en\/propiedades\/edificio-de-oficinas-en-alquiler-en-zona-empresarial-consolidada-campo-de-las-naciones\/#breadcrumb"},"inLanguage":"en-US","potentialAction":[{"@type":"ReadAction","target":["https:\/\/forcadell.com\/en\/propiedades\/edificio-de-oficinas-en-alquiler-en-zona-empresarial-consolidada-campo-de-las-naciones\/"]}]},{"@type":"BreadcrumbList","@id":"https:\/\/forcadell.com\/en\/propiedades\/edificio-de-oficinas-en-alquiler-en-zona-empresarial-consolidada-campo-de-las-naciones\/#breadcrumb","itemListElement":[{"@type":"ListItem","position":1,"name":"Portada","item":"https:\/\/forcadell.com\/en\/"},{"@type":"ListItem","position":2,"name":"Properties","item":"https:\/\/forcadell.com\/en\/propiedades\/"},{"@type":"ListItem","position":3,"name":"Edificio de Oficinas en alquiler en Zona Empresarial Consolidada \u2013 Campo de las Naciones"}]},{"@type":"WebSite","@id":"https:\/\/forcadell.com\/en\/#website","url":"https:\/\/forcadell.com\/en\/","name":"Forcadell","description":"Inmobiliaria Barcelona | Consultores inmobiliarios","potentialAction":[{"@type":"SearchAction","target":{"@type":"EntryPoint","urlTemplate":"https:\/\/forcadell.com\/en\/?s={search_term_string}"},"query-input":{"@type":"PropertyValueSpecification","valueRequired":true,"valueName":"search_term_string"}}],"inLanguage":"en-US"}]}},"_links":{"self":[{"href":"https:\/\/forcadell.com\/en\/wp-json\/wp\/v2\/properties_post\/65857","targetHints":{"allow":["GET"]}}],"collection":[{"href":"https:\/\/forcadell.com\/en\/wp-json\/wp\/v2\/properties_post"}],"about":[{"href":"https:\/\/forcadell.com\/en\/wp-json\/wp\/v2\/types\/properties_post"}],"wp:attachment":[{"href":"https:\/\/forcadell.com\/en\/wp-json\/wp\/v2\/media?parent=65857"}],"curies":[{"name":"wp","href":"https:\/\/api.w.org\/{rel}","templated":true}]}}