{"id":65790,"date":"2026-04-30T12:33:48","date_gmt":"2026-04-30T10:33:48","guid":{"rendered":"https:\/\/forcadell.com\/propiedades\/edificio-corporativo-c-milanesat-21-23\/"},"modified":"2026-05-01T03:16:22","modified_gmt":"2026-05-01T01:16:22","slug":"edificio-corporativo-c-milanesat-21-23","status":"publish","type":"properties_post","link":"https:\/\/forcadell.com\/en\/propiedades\/edificio-corporativo-c-milanesat-21-23\/","title":{"rendered":"EDIFICIO CORPORATIVO. C.MILANESAT 21-23"},"content":{"rendered":"<p>Oficinas en alquiler Barcelona Tres Torres | Edificio corporativo en la calle Milanesat 21-23 reformado con terrazas, luz natural y BREEAM<\/p>\n<p>Edificio corporativo de oficinas en alquiler en Barcelona, ubicado en Tres Torres \u2013 Sarri\u00e0-Sant Gervasi, una de las zonas m\u00e1s exclusivas para empresas. Edificio completamente reformado integralmente, ideal para compa\u00f1\u00edas que buscan oficinas premium en Barcelona con terraza, luz natural y eficiencia energ\u00e9tica.<\/p>\n<p>Activo perfecto como sede corporativa en Barcelona, con espacios amplios, modernos y flexibles, listos para entrar.<\/p>\n<p>Superficies disponibles oficinas Barcelona:<\/p>\n<p>Planta 5: 387 m\u00b2 + terraza privada de 140 m\u00b2<br \/>\nPlantas 1 a 4: 610 m\u00b2 por planta<br \/>\nPlanta baja: 420 m\u00b2<br \/>\nPlanta s\u00f3tano: 504 m\u00b2<\/p>\n<p>Caracter\u00edsticas oficinas:<br \/>\nOficinas di\u00e1fanas y flexibles<br \/>\nOficinas con luz natural (ventanas practicables)<br \/>\nSuelo t\u00e9cnico<br \/>\nOficinas con terraza privada<br \/>\nEspacios ideales para sede corporativa<br \/>\nEdificio totalmente reformado<br \/>\nCertificaci\u00f3n BREEAM Muy Bueno<br \/>\nCalificaci\u00f3n energ\u00e9tica A<br \/>\nEdificio adaptado (PMR)<br \/>\nParking en el edificio<\/p>\n<p>Ubicaci\u00f3n \u2013 Tres Torres Sarri\u00e0 Barcelona:<br \/>\nZona alta Barcelona \/ Sarri\u00e0-Sant Gervasi<br \/>\nOficinas en zona exclusiva Barcelona<br \/>\nConexi\u00f3n FGC (Tres Torres \/ Sarri\u00e0)<br \/>\nAutobuses urbanos<br \/>\nBuen acceso a principales v\u00edas<\/p>\n<p>Si buscas oficinas en alquiler en Barcelona, edificio corporativo reformado, oficinas en Tres Torres con terraza, luz natural, sostenibles y con ubicaci\u00f3n premium, esta es una de las mejores opciones del mercado.<\/p>\n<p>Contacta para m\u00e1s informaci\u00f3n o visita.<\/p>\n","protected":false},"template":"","class_list":["post-65790","properties_post","type-properties_post","status-publish","hentry","properties_modality-rent","properties_district-sarria-sant-gervasi","properties_province-barcelona","properties_zone-centro","properties_state-barcelona","properties_subclass-oficina","properties_type-oficina"],"acf":{"post_type_properties_post_property_code":"11247424","post_type_properties_post_property_reference":"IE-226130","post_type_properties_post_owner_id":"35491","post_type_properties_post_owner_name":"MERIDIA RE IV PROYECTO 2, SL","post_type_properties_post_property_code_encrypted":"MjQ5JDMxOTkx","post_type_properties_post_published":"1","post_type_properties_post_property_visibility":"idealista","post_type_properties_post_contact_name":"Forcadell Oficinas Barcelona","post_type_properties_post_contact_email":"forcadell.oficinas.barcelona@movin.cloud","post_type_properties_post_contact_primary_phone_prefix":"34","post_type_properties_post_contact_primary_phone_number":"934965413","post_type_properties_post_address_visibility":"street","post_type_properties_post_address_country":"Spain","post_type_properties_post_address_coordinates_precision":"exact","post_type_properties_post_address_postal_code":"08017","post_type_properties_post_address_coordinates_latitude":"41.39847","post_type_properties_post_address_coordinates_longitude":"2.13043","post_type_properties_post_address_street_name":"Milanesat, 23","post_type_properties_post_address_floor":"","post_type_properties_post_address_town":"Barcelona","post_type_properties_post_building":null,"post_type_properties_post_property":[{"properties_post_description_language":"catalan","properties_post_title":"EDIFICI CORPORATIU. C. MILANESAT, 21-23","properties_post_short_description_text_alt":"","properties_post_description_text_alt":"","properties_post_short_description_text":"","properties_post_link_demanda_inmueble":"https:\/\/movin.cloud\/ca\/Forcadell Oficinas Barcelona\/formulari-peticio-immoble\/sth\/2438&&11247424","properties_post_link_demanda_calendario_inmueble":"https:\/\/movin.cloud\/ca\/Forcadell Oficinas Barcelona\/calendari-peticio-immoble\/sth\/2438&&11247424","properties_post_description_text":"Oficines de lloguer a Barcelona Tres Torres | Edifici corporatiu reformat al carrer Milanesat 21-23 amb terrasses, llum natural i certificaci\u00f3 BREEAM\n\nEdifici d'oficines corporatives de lloguer a Barcelona, situat a Tres Torres \u2013 Sarri\u00e0-Sant Gervasi, una de les zones m\u00e9s exclusives per a empreses. L'edifici ha estat completament reformat, cosa que el fa ideal per a empreses que busquen oficines premium a Barcelona amb terrasses, llum natural i efici\u00e8ncia energ\u00e8tica.\n\nUn actiu perfecte per a una seu corporativa a Barcelona, amb espais amplis, moderns i flexibles, llestos per a la seva ocupaci\u00f3 immediata.\n\nEspai d'oficina disponible a Barcelona:\n\n5a planta: 387 m\u00b2 + 140 m\u00b2 de terrassa privada\nPlantes 1-4: 610 m\u00b2 per planta\nPlanta baixa: 420 m\u00b2\nSoterrani: 504 m\u00b2\n\nCaracter\u00edstiques de l'oficina:\nOficines di\u00e0fanes i flexibles\nOficines amb llum natural (finestres operables)\nS\u00f2l elevat\nOficines amb terrasses privades\nEspais ideals per a seu corporativa\nEdifici totalment reformat\nCertificaci\u00f3 BREEAM Very Good\nQualificaci\u00f3 energ\u00e8tica A\nEdifici accessible (per a persones amb mobilitat redu\u00efda)\nAparcament al mateix lloc\n\nUbicaci\u00f3 \u2013 Tres Torres Sarri\u00e0, Barcelona:\nZona alta de Barcelona \/ Sarri\u00e0-Sant Gervasi\nOficines en una zona exclusiva de Barcelona\nConnexi\u00f3 amb tren FGC (Tres Torres \/ Sarri\u00e0)\nAutobusos urbans\nF\u00e0cil acc\u00e9s a les principals vies\n\nSi busqueu oficines per llogar a Barcelona, un edifici corporatiu reformat o oficines a Tres Torres, aquest \u00e9s el vostre lloc. Torres amb terrasses, llum natural, disseny sostenible i una ubicaci\u00f3 privilegiada: aquesta \u00e9s una de les millors opcions del mercat.\n\nPoseu-vos en contacte amb nosaltres per a m\u00e9s informaci\u00f3 o per programar una visita.","properties_post_seo_title":"","properties_post_seo_alias":"","properties_post_seo_metadescription":"","properties_post_seo_key_words":"","properties_post_seo_url":"","properties_post_terms_conditions":""},{"properties_post_description_language":"spanish","properties_post_title":"EDIFICIO CORPORATIVO. C.MILANESAT 21-23","properties_post_short_description_text_alt":"","properties_post_description_text_alt":"","properties_post_short_description_text":"","properties_post_link_demanda_inmueble":"https:\/\/movin.cloud\/es\/Forcadell Oficinas Barcelona\/formulario-peticion-inmueble\/sth\/2438&&11247424","properties_post_link_demanda_calendario_inmueble":"https:\/\/movin.cloud\/es\/Forcadell Oficinas Barcelona\/calendario-peticion-inmueble\/sth\/2438&&11247424","properties_post_description_text":"Oficinas en alquiler Barcelona Tres Torres | Edificio corporativo en la calle Milanesat 21-23 reformado con terrazas, luz natural y BREEAM\n\nEdificio corporativo de oficinas en alquiler en Barcelona, ubicado en Tres Torres \u2013 Sarri\u00e0-Sant Gervasi, una de las zonas m\u00e1s exclusivas para empresas. Edificio completamente reformado integralmente, ideal para compa\u00f1\u00edas que buscan oficinas premium en Barcelona con terraza, luz natural y eficiencia energ\u00e9tica.\n\nActivo perfecto como sede corporativa en Barcelona, con espacios amplios, modernos y flexibles, listos para entrar.\n\nSuperficies disponibles oficinas Barcelona:\n\nPlanta 5: 387 m\u00b2 + terraza privada de 140 m\u00b2\nPlantas 1 a 4: 610 m\u00b2 por planta\nPlanta baja: 420 m\u00b2\nPlanta s\u00f3tano: 504 m\u00b2\n\nCaracter\u00edsticas oficinas:\nOficinas di\u00e1fanas y flexibles\nOficinas con luz natural (ventanas practicables)\nSuelo t\u00e9cnico\nOficinas con terraza privada\nEspacios ideales para sede corporativa\nEdificio totalmente reformado\nCertificaci\u00f3n BREEAM Muy Bueno\nCalificaci\u00f3n energ\u00e9tica A\nEdificio adaptado (PMR)\nParking en el edificio\n\nUbicaci\u00f3n \u2013 Tres Torres Sarri\u00e0 Barcelona:\nZona alta Barcelona \/ Sarri\u00e0-Sant Gervasi\nOficinas en zona exclusiva Barcelona\nConexi\u00f3n FGC (Tres Torres \/ Sarri\u00e0)\nAutobuses urbanos\nBuen acceso a principales v\u00edas\n\nSi buscas oficinas en alquiler en Barcelona, edificio corporativo reformado, oficinas en Tres Torres con terraza, luz natural, sostenibles y con ubicaci\u00f3n premium, esta es una de las mejores opciones del mercado.\n\nContacta para m\u00e1s informaci\u00f3n o visita.\n \n","properties_post_seo_title":"","properties_post_seo_alias":"","properties_post_seo_metadescription":"","properties_post_seo_key_words":"","properties_post_seo_url":"","properties_post_terms_conditions":""}],"post_type_properties_post_features_type":"office","post_type_properties_post_id_building":"","post_type_properties_post_features_area_constructed":3751,"post_type_properties_post_features_conditioned_air":false,"post_type_properties_post_features_doorman":false,"post_type_properties_post_features_heating":false,"post_type_properties_post_features_equipped_kitchen":false,"post_type_properties_post_features_windows_location":"exterior","post_type_properties_post_features_floors_property":false,"post_type_properties_post_features_storage":false,"post_type_properties_post_features_security_door":false,"post_type_properties_post_features_energy_certificate_rating":"A","post_type_properties_post_features_energy_certificate_emissions_rating":"A","post_type_properties_post_features_energy_certificate_emissions_value":"","post_type_properties_post_features_energy_certificate_performance":"","post_type_properties_post_features_bathroom_inside":false,"post_type_properties_post_precio":86287.95,"post_type_properties_post_precio_alquiler":86287.95,"post_type_properties_post_record_type_id":"Oficina","post_type_properties_post_categoria__producto":"Oficina","post_type_properties_post_amueblado":false,"post_type_properties_post_precio_m2":23,"post_type_properties_post_zona__comunitaria":false,"post_type_properties_post_electrodomesticos":false,"post_type_properties_post_patio__interior":false,"post_type_properties_post_certificado_energetico_general":"A","post_type_properties_post_certificado_energetico_consumo":"A","post_type_properties_post_certificado_energetico_valor_emisiones":"","post_type_properties_post_certificado_energetico_valor_consumo":"","post_type_properties_post_modalidad":"rent","post_type_properties_post_provincia":"Barcelona","post_type_properties_post_poblacion":"Barcelona","post_type_properties_post_centro__urbano":false,"post_type_properties_post_zonificacion":"Centro","post_type_properties_post_cartera":"","post_type_properties_post_titulo_catalan":"EDIFICI CORPORATIU. C. MILANESAT, 21-23","post_type_properties_post_internet_catalan":"Oficines de lloguer a Barcelona Tres Torres | Edifici corporatiu reformat al carrer Milanesat 21-23 amb terrasses, llum natural i certificaci\u00f3 BREEAM\n\nEdifici d'oficines corporatives de lloguer a Barcelona, situat a Tres Torres \u2013 Sarri\u00e0-Sant Gervasi, una de les zones m\u00e9s exclusives per a empreses. L'edifici ha estat completament reformat, cosa que el fa ideal per a empreses que busquen oficines premium a Barcelona amb terrasses, llum natural i efici\u00e8ncia energ\u00e8tica.\n\nUn actiu perfecte per a una seu corporativa a Barcelona, amb espais amplis, moderns i flexibles, llestos per a la seva ocupaci\u00f3 immediata.\n\nEspai d'oficina disponible a Barcelona:\n\n5a planta: 387 m\u00b2 + 140 m\u00b2 de terrassa privada\nPlantes 1-4: 610 m\u00b2 per planta\nPlanta baixa: 420 m\u00b2\nSoterrani: 504 m\u00b2\n\nCaracter\u00edstiques de l'oficina:\nOficines di\u00e0fanes i flexibles\nOficines amb llum natural (finestres operables)\nS\u00f2l elevat\nOficines amb terrasses privades\nEspais ideals per a seu corporativa\nEdifici totalment reformat\nCertificaci\u00f3 BREEAM Very Good\nQualificaci\u00f3 energ\u00e8tica A\nEdifici accessible (per a persones amb mobilitat redu\u00efda)\nAparcament al mateix lloc\n\nUbicaci\u00f3 \u2013 Tres Torres Sarri\u00e0, Barcelona:\nZona alta de Barcelona \/ Sarri\u00e0-Sant Gervasi\nOficines en una zona exclusiva de Barcelona\nConnexi\u00f3 amb tren FGC (Tres Torres \/ Sarri\u00e0)\nAutobusos urbans\nF\u00e0cil acc\u00e9s a les principals vies\n\nSi busqueu oficines per llogar a Barcelona, un edifici corporatiu reformat o oficines a Tres Torres, aquest \u00e9s el vostre lloc. Torres amb terrasses, llum natural, disseny sostenible i una ubicaci\u00f3 privilegiada: aquesta \u00e9s una de les millors opcions del mercat.\n\nPoseu-vos en contacte amb nosaltres per a m\u00e9s informaci\u00f3 o per programar una visita.","post_type_properties_post_titulo_castellano":"EDIFICIO CORPORATIVO. C.MILANESAT 21-23","post_type_properties_post_internet_castellano":"Oficinas en alquiler Barcelona Tres Torres | Edificio corporativo en la calle Milanesat 21-23 reformado con terrazas, luz natural y BREEAM\n\nEdificio corporativo de oficinas en alquiler en Barcelona, ubicado en Tres Torres \u2013 Sarri\u00e0-Sant Gervasi, una de las zonas m\u00e1s exclusivas para empresas. Edificio completamente reformado integralmente, ideal para compa\u00f1\u00edas que buscan oficinas premium en Barcelona con terraza, luz natural y eficiencia energ\u00e9tica.\n\nActivo perfecto como sede corporativa en Barcelona, con espacios amplios, modernos y flexibles, listos para entrar.\n\nSuperficies disponibles oficinas Barcelona:\n\nPlanta 5: 387 m\u00b2 + terraza privada de 140 m\u00b2\nPlantas 1 a 4: 610 m\u00b2 por planta\nPlanta baja: 420 m\u00b2\nPlanta s\u00f3tano: 504 m\u00b2\n\nCaracter\u00edsticas oficinas:\nOficinas di\u00e1fanas y flexibles\nOficinas con luz natural (ventanas practicables)\nSuelo t\u00e9cnico\nOficinas con terraza privada\nEspacios ideales para sede corporativa\nEdificio totalmente reformado\nCertificaci\u00f3n BREEAM Muy Bueno\nCalificaci\u00f3n energ\u00e9tica A\nEdificio adaptado (PMR)\nParking en el edificio\n\nUbicaci\u00f3n \u2013 Tres Torres Sarri\u00e0 Barcelona:\nZona alta Barcelona \/ Sarri\u00e0-Sant Gervasi\nOficinas en zona exclusiva Barcelona\nConexi\u00f3n FGC (Tres Torres \/ Sarri\u00e0)\nAutobuses urbanos\nBuen acceso a principales v\u00edas\n\nSi buscas oficinas en alquiler en Barcelona, edificio corporativo reformado, oficinas en Tres Torres con terraza, luz natural, sostenibles y con ubicaci\u00f3n premium, esta es una de las mejores opciones del mercado.\n\nContacta para m\u00e1s informaci\u00f3n o visita.\n \n","post_type_properties_post_titulo_ingles":"","post_type_properties_post_internet_ingles":"","post_type_properties_post_features_classification_commercial":false,"post_type_properties_post_features_conservation":"","post_type_properties_post_features_security_personnel":false,"post_type_properties_post_features_parking_available":false,"post_type_properties_post_features_garage_capacity_type":"","post_type_properties_post_features_bathroom_number":"","post_type_properties_post_eje":"","post_type_properties_post_zona":"","post_type_properties_post_comarca":"","post_type_properties_post_features_built_year":"","post_type_properties_post_renta_mensual":86287.95,"post_type_properties_post_fianza":"","post_type_properties_post_features_area_plot":"","post_type_properties_post_features_area_buildable":"","post_type_properties_post_features_classification_industrial":false,"post_type_properties_post_distrito":"","post_type_properties_post_features_balcony":false,"post_type_properties_post_features_bedroom_number":"","post_type_properties_post_features_heating_type":"","post_type_properties_post_features_equipped_with_furniture":false,"post_type_properties_post_features_pets_allowed":false,"post_type_properties_post_features_pool":false,"post_type_properties_post_features_terrace":false,"post_type_properties_post_features_wardrobes":false,"post_type_properties_post_features_lift_available":false,"post_type_properties_post_features_handicap_adapted_access":false,"post_type_properties_post_features_orientation_east":false,"post_type_properties_post_features_orientation_west":false,"post_type_properties_post_features_orientation_north":false,"post_type_properties_post_features_orientation_south":false,"post_type_properties_post_features_parking_spaces_number":"","post_type_properties_post_features_security_alarm":false,"post_type_properties_post_features_security_system":false,"post_type_properties_post_open_plan":false,"post_type_properties_post_acceso_24_7":false,"post_type_properties_post_oficina_privada":false,"post_type_properties_post_sala_reuniones":false,"post_type_properties_post_espacio_eventos":false,"post_type_properties_post_office":false,"post_type_properties_post_restaurant":false,"post_type_properties_post_acepta_traspaso":false,"post_type_properties_post_vigilancia":false,"post_type_properties_post_features_suite":false,"post_type_properties_post_features_vitro":false,"post_type_properties_post_features_oven":false,"post_type_properties_post_features_microwave":false,"post_type_properties_post_features_washing_machine":false,"post_type_properties_post_features_dryer":false,"post_type_properties_post_features_dishwasher":false,"post_type_properties_post_features_fridge":false,"post_type_properties_post_features_fridge_mini":false,"post_type_properties_post_features_kettle":false,"post_type_properties_post_features_toaster":false,"post_type_properties_post_features_coffee_maker":false,"post_type_properties_post_features_iron":false,"post_type_properties_post_features_ironing_board":false,"post_type_properties_post_features_safe":false,"post_type_properties_post_features_internet":false,"post_type_properties_post_features_solarium":false,"post_type_properties_post_features_clean_service":false,"post_type_properties_post_features_t_v":false,"post_type_properties_post_features_satellite_t_v":false,"post_type_properties_post_features_gas_kitchen":false,"post_type_properties_post_features_view_mountain":false,"post_type_properties_post_features_view_sea":false,"post_type_properties_post_features_concierge":false,"post_type_properties_post_features_loading_dock":false,"post_type_properties_post_features_bridge_crane":false,"post_type_properties_post_features_located_at_corner":false,"post_type_properties_post_features_smoke_extraction":false,"post_type_properties_post_features_rooms":"","post_type_properties_post_features_garden_area":"","post_type_properties_post_features_utilities_water":false,"post_type_properties_post_features_utilities_electricity":false,"post_type_properties_post_features_utilities_natural_gas":false,"post_type_properties_post_features_building_adapted":true,"post_type_properties_post_features_garden":false,"post_type_properties_post_features_classification_hotel":false,"post_type_properties_post_features_classification_chalet":false,"post_type_properties_post_certificado_energetico_emisiones":"A","post_type_properties_post_barrio":"","post_type_properties_post_distrito_empresa":"Sarri\u00e0-Sant Gervasi","post_type_properties_post_features_property_category_intern":"","post_type_properties_post_implantada":false,"post_type_properties_post_sello_leed":"","post_type_properties_post_sello_well":"","post_type_properties_post_sello_breeam":false,"post_type_properties_post_images":[{"properties_post_image_order":1,"properties_post_image_url":"https:\/\/movin.cloud\/empresas\/2438\/imagenes\/11247424\/en-alquiler-42.webp","properties_post_image_url_thumbnail":"https:\/\/movin.cloud\/empresas\/2438\/imagenes\/thumbnails\/11247424\/en-alquiler-42.webp","properties_post_title":"en alquiler 42","properties_post_alt":"en alquiler 42"},{"properties_post_image_order":2,"properties_post_image_url":"https:\/\/movin.cloud\/empresas\/2438\/imagenes\/11247424\/en-alquiler-44.webp","properties_post_image_url_thumbnail":"https:\/\/movin.cloud\/empresas\/2438\/imagenes\/thumbnails\/11247424\/en-alquiler-44.webp","properties_post_title":"en alquiler 44","properties_post_alt":"en alquiler 44"},{"properties_post_image_order":3,"properties_post_image_url":"https:\/\/movin.cloud\/empresas\/2438\/imagenes\/11247424\/en-alquiler-41.webp","properties_post_image_url_thumbnail":"https:\/\/movin.cloud\/empresas\/2438\/imagenes\/thumbnails\/11247424\/en-alquiler-41.webp","properties_post_title":"en alquiler 41","properties_post_alt":"en alquiler 41"},{"properties_post_image_order":4,"properties_post_image_url":"https:\/\/movin.cloud\/empresas\/2438\/imagenes\/11247424\/en-alquiler-43.webp","properties_post_image_url_thumbnail":"https:\/\/movin.cloud\/empresas\/2438\/imagenes\/thumbnails\/11247424\/en-alquiler-43.webp","properties_post_title":"en alquiler 43","properties_post_alt":"en alquiler 43"},{"properties_post_image_order":5,"properties_post_image_url":"https:\/\/movin.cloud\/empresas\/2438\/imagenes\/11247424\/en-alquiler-45.webp","properties_post_image_url_thumbnail":"https:\/\/movin.cloud\/empresas\/2438\/imagenes\/thumbnails\/11247424\/en-alquiler-45.webp","properties_post_title":"en alquiler 45","properties_post_alt":"en alquiler 45"},{"properties_post_image_order":6,"properties_post_image_url":"https:\/\/movin.cloud\/empresas\/2438\/imagenes\/11247424\/en-alquiler-46.webp","properties_post_image_url_thumbnail":"https:\/\/movin.cloud\/empresas\/2438\/imagenes\/thumbnails\/11247424\/en-alquiler-46.webp","properties_post_title":"en alquiler 46","properties_post_alt":"en alquiler 46"},{"properties_post_image_order":7,"properties_post_image_url":"https:\/\/movin.cloud\/empresas\/2438\/imagenes\/11247424\/habitalia.webp","properties_post_image_url_thumbnail":"https:\/\/movin.cloud\/empresas\/2438\/imagenes\/thumbnails\/11247424\/habitalia.webp","properties_post_title":"habitalia","properties_post_alt":"habitalia"},{"properties_post_image_order":8,"properties_post_image_url":"https:\/\/movin.cloud\/empresas\/2438\/imagenes\/11247424\/en-alquiler.webp","properties_post_image_url_thumbnail":"https:\/\/movin.cloud\/empresas\/2438\/imagenes\/thumbnails\/11247424\/en-alquiler.webp","properties_post_title":"en alquiler","properties_post_alt":"en alquiler"},{"properties_post_image_order":9,"properties_post_image_url":"https:\/\/movin.cloud\/empresas\/2438\/imagenes\/11247424\/alquiler-para-idealista-barcelona.webp","properties_post_image_url_thumbnail":"https:\/\/movin.cloud\/empresas\/2438\/imagenes\/thumbnails\/11247424\/alquiler-para-idealista-barcelona.webp","properties_post_title":"alquiler para idealista barcelona","properties_post_alt":"alquiler para idealista barcelona"},{"properties_post_image_order":10,"properties_post_image_url":"https:\/\/movin.cloud\/empresas\/2438\/imagenes\/11247424\/viviendas-barcelona.webp","properties_post_image_url_thumbnail":"https:\/\/movin.cloud\/empresas\/2438\/imagenes\/thumbnails\/11247424\/viviendas-barcelona.webp","properties_post_title":"viviendas barcelona","properties_post_alt":"viviendas barcelona"},{"properties_post_image_order":11,"properties_post_image_url":"https:\/\/movin.cloud\/empresas\/2438\/imagenes\/11247424\/alquiler-idealistas-barcelona.webp","properties_post_image_url_thumbnail":"https:\/\/movin.cloud\/empresas\/2438\/imagenes\/thumbnails\/11247424\/alquiler-idealistas-barcelona.webp","properties_post_title":"alquiler idealistas barcelona","properties_post_alt":"alquiler idealistas barcelona"},{"properties_post_image_order":12,"properties_post_image_url":"https:\/\/movin.cloud\/empresas\/2438\/imagenes\/11247424\/habitalia-barcelona.webp","properties_post_image_url_thumbnail":"https:\/\/movin.cloud\/empresas\/2438\/imagenes\/thumbnails\/11247424\/habitalia-barcelona.webp","properties_post_title":"habitalia barcelona","properties_post_alt":"habitalia barcelona"},{"properties_post_image_order":13,"properties_post_image_url":"https:\/\/movin.cloud\/empresas\/2438\/imagenes\/11247424\/en-alquiler-barcelona.webp","properties_post_image_url_thumbnail":"https:\/\/movin.cloud\/empresas\/2438\/imagenes\/thumbnails\/11247424\/en-alquiler-barcelona.webp","properties_post_title":"en alquiler barcelona","properties_post_alt":"en alquiler barcelona"},{"properties_post_image_order":14,"properties_post_image_url":"https:\/\/movin.cloud\/empresas\/2438\/imagenes\/11247424\/alquiler-para-idealistas-barcelona.webp","properties_post_image_url_thumbnail":"https:\/\/movin.cloud\/empresas\/2438\/imagenes\/thumbnails\/11247424\/alquiler-para-idealistas-barcelona.webp","properties_post_title":"alquiler para idealistas barcelona","properties_post_alt":"alquiler para idealistas barcelona"},{"properties_post_image_order":15,"properties_post_image_url":"https:\/\/movin.cloud\/empresas\/2438\/imagenes\/11247424\/alquilar-barcelona.webp","properties_post_image_url_thumbnail":"https:\/\/movin.cloud\/empresas\/2438\/imagenes\/thumbnails\/11247424\/alquilar-barcelona.webp","properties_post_title":"alquilar barcelona","properties_post_alt":"alquilar barcelona"},{"properties_post_image_order":16,"properties_post_image_url":"https:\/\/movin.cloud\/empresas\/2438\/imagenes\/11247424\/fincas-barcelona.webp","properties_post_image_url_thumbnail":"https:\/\/movin.cloud\/empresas\/2438\/imagenes\/thumbnails\/11247424\/fincas-barcelona.webp","properties_post_title":"fincas barcelona","properties_post_alt":"fincas barcelona"},{"properties_post_image_order":17,"properties_post_image_url":"https:\/\/movin.cloud\/empresas\/2438\/imagenes\/11247424\/inmobiliarias-barcelona.webp","properties_post_image_url_thumbnail":"https:\/\/movin.cloud\/empresas\/2438\/imagenes\/thumbnails\/11247424\/inmobiliarias-barcelona.webp","properties_post_title":"inmobiliarias barcelona","properties_post_alt":"inmobiliarias barcelona"},{"properties_post_image_order":18,"properties_post_image_url":"https:\/\/movin.cloud\/empresas\/2438\/imagenes\/11247424\/barcelona-rent.webp","properties_post_image_url_thumbnail":"https:\/\/movin.cloud\/empresas\/2438\/imagenes\/thumbnails\/11247424\/barcelona-rent.webp","properties_post_title":"barcelona rent","properties_post_alt":"barcelona rent"},{"properties_post_image_order":19,"properties_post_image_url":"https:\/\/movin.cloud\/empresas\/2438\/imagenes\/11247424\/barcelona-viviendas.webp","properties_post_image_url_thumbnail":"https:\/\/movin.cloud\/empresas\/2438\/imagenes\/thumbnails\/11247424\/barcelona-viviendas.webp","properties_post_title":"barcelona viviendas","properties_post_alt":"barcelona viviendas"},{"properties_post_image_order":20,"properties_post_image_url":"https:\/\/movin.cloud\/empresas\/2438\/imagenes\/11247424\/barcelona-alquiler-para-idealista.webp","properties_post_image_url_thumbnail":"https:\/\/movin.cloud\/empresas\/2438\/imagenes\/thumbnails\/11247424\/barcelona-alquiler-para-idealista.webp","properties_post_title":"barcelona alquiler para idealista","properties_post_alt":"barcelona alquiler para idealista"},{"properties_post_image_order":21,"properties_post_image_url":"https:\/\/movin.cloud\/empresas\/2438\/imagenes\/11247424\/barcelona-alquiler-idealistas.webp","properties_post_image_url_thumbnail":"https:\/\/movin.cloud\/empresas\/2438\/imagenes\/thumbnails\/11247424\/barcelona-alquiler-idealistas.webp","properties_post_title":"barcelona alquiler idealistas","properties_post_alt":"barcelona alquiler idealistas"},{"properties_post_image_order":22,"properties_post_image_url":"https:\/\/movin.cloud\/empresas\/2438\/imagenes\/11247424\/barcelona-habitalia.webp","properties_post_image_url_thumbnail":"https:\/\/movin.cloud\/empresas\/2438\/imagenes\/thumbnails\/11247424\/barcelona-habitalia.webp","properties_post_title":"barcelona habitalia","properties_post_alt":"barcelona habitalia"},{"properties_post_image_order":23,"properties_post_image_url":"https:\/\/movin.cloud\/empresas\/2438\/imagenes\/11247424\/rent-3.webp","properties_post_image_url_thumbnail":"https:\/\/movin.cloud\/empresas\/2438\/imagenes\/thumbnails\/11247424\/rent-3.webp","properties_post_title":"rent 3","properties_post_alt":"rent 3"},{"properties_post_image_order":24,"properties_post_image_url":"https:\/\/movin.cloud\/empresas\/2438\/imagenes\/11247424\/rent-4.webp","properties_post_image_url_thumbnail":"https:\/\/movin.cloud\/empresas\/2438\/imagenes\/thumbnails\/11247424\/rent-4.webp","properties_post_title":"rent 4","properties_post_alt":"rent 4"},{"properties_post_image_order":25,"properties_post_image_url":"https:\/\/movin.cloud\/empresas\/2438\/imagenes\/11247424\/en-alquiler-47.webp","properties_post_image_url_thumbnail":"https:\/\/movin.cloud\/empresas\/2438\/imagenes\/thumbnails\/11247424\/en-alquiler-47.webp","properties_post_title":"en alquiler 47","properties_post_alt":"en alquiler 47"}],"post_type_properties_post_videos":null,"post_type_properties_post_tour":null,"post_type_properties_post_dossier_url":"","post_type_properties_post_operation_type":"rent","post_type_properties_post_operation_price":86287,"post_type_properties_post_features_hidden_price":false},"yoast_head":"<!-- This site is optimized with the Yoast SEO plugin v27.4 - https:\/\/yoast.com\/product\/yoast-seo-wordpress\/ -->\n<title>EDIFICIO CORPORATIVO. C.MILANESAT 21-23 - Forcadell<\/title>\n<meta name=\"robots\" content=\"index, follow, max-snippet:-1, max-image-preview:large, max-video-preview:-1\" \/>\n<link rel=\"canonical\" href=\"https:\/\/forcadell.com\/en\/propiedades\/edificio-corporativo-c-milanesat-21-23\/\" \/>\n<meta property=\"og:locale\" content=\"en_US\" \/>\n<meta property=\"og:type\" content=\"article\" \/>\n<meta property=\"og:title\" content=\"EDIFICIO CORPORATIVO. C.MILANESAT 21-23 - Forcadell\" \/>\n<meta property=\"og:description\" content=\"Oficinas en alquiler Barcelona Tres Torres | Edificio corporativo en la calle Milanesat 21-23 reformado con terrazas, luz natural y BREEAM Edificio corporativo de oficinas en alquiler en Barcelona, ubicado en Tres Torres \u2013 Sarri\u00e0-Sant Gervasi, una de las zonas m\u00e1s exclusivas para empresas. Edificio completamente reformado integralmente, ideal para compa\u00f1\u00edas que buscan oficinas premium [&hellip;]\" \/>\n<meta property=\"og:url\" content=\"https:\/\/forcadell.com\/en\/propiedades\/edificio-corporativo-c-milanesat-21-23\/\" \/>\n<meta property=\"og:site_name\" content=\"Forcadell\" \/>\n<meta property=\"article:modified_time\" content=\"2026-05-01T01:16:22+00:00\" \/>\n<meta name=\"twitter:card\" content=\"summary_large_image\" \/>\n<meta name=\"twitter:label1\" content=\"Est. reading time\" \/>\n\t<meta name=\"twitter:data1\" content=\"1 minute\" \/>\n<!-- \/ Yoast SEO plugin. -->","yoast_head_json":{"title":"EDIFICIO CORPORATIVO. C.MILANESAT 21-23 - Forcadell","robots":{"index":"index","follow":"follow","max-snippet":"max-snippet:-1","max-image-preview":"max-image-preview:large","max-video-preview":"max-video-preview:-1"},"canonical":"https:\/\/forcadell.com\/en\/propiedades\/edificio-corporativo-c-milanesat-21-23\/","og_locale":"en_US","og_type":"article","og_title":"EDIFICIO CORPORATIVO. C.MILANESAT 21-23 - Forcadell","og_description":"Oficinas en alquiler Barcelona Tres Torres | Edificio corporativo en la calle Milanesat 21-23 reformado con terrazas, luz natural y BREEAM Edificio corporativo de oficinas en alquiler en Barcelona, ubicado en Tres Torres \u2013 Sarri\u00e0-Sant Gervasi, una de las zonas m\u00e1s exclusivas para empresas. Edificio completamente reformado integralmente, ideal para compa\u00f1\u00edas que buscan oficinas premium [&hellip;]","og_url":"https:\/\/forcadell.com\/en\/propiedades\/edificio-corporativo-c-milanesat-21-23\/","og_site_name":"Forcadell","article_modified_time":"2026-05-01T01:16:22+00:00","twitter_card":"summary_large_image","twitter_misc":{"Est. reading time":"1 minute"},"schema":{"@context":"https:\/\/schema.org","@graph":[{"@type":"WebPage","@id":"https:\/\/forcadell.com\/en\/propiedades\/edificio-corporativo-c-milanesat-21-23\/","url":"https:\/\/forcadell.com\/en\/propiedades\/edificio-corporativo-c-milanesat-21-23\/","name":"EDIFICIO CORPORATIVO. C.MILANESAT 21-23 - Forcadell","isPartOf":{"@id":"https:\/\/forcadell.com\/en\/#website"},"datePublished":"2026-04-30T10:33:48+00:00","dateModified":"2026-05-01T01:16:22+00:00","breadcrumb":{"@id":"https:\/\/forcadell.com\/en\/propiedades\/edificio-corporativo-c-milanesat-21-23\/#breadcrumb"},"inLanguage":"en-US","potentialAction":[{"@type":"ReadAction","target":["https:\/\/forcadell.com\/en\/propiedades\/edificio-corporativo-c-milanesat-21-23\/"]}]},{"@type":"BreadcrumbList","@id":"https:\/\/forcadell.com\/en\/propiedades\/edificio-corporativo-c-milanesat-21-23\/#breadcrumb","itemListElement":[{"@type":"ListItem","position":1,"name":"Portada","item":"https:\/\/forcadell.com\/en\/"},{"@type":"ListItem","position":2,"name":"Properties","item":"https:\/\/forcadell.com\/en\/propiedades\/"},{"@type":"ListItem","position":3,"name":"EDIFICIO CORPORATIVO. C.MILANESAT 21-23"}]},{"@type":"WebSite","@id":"https:\/\/forcadell.com\/en\/#website","url":"https:\/\/forcadell.com\/en\/","name":"Forcadell","description":"Inmobiliaria Barcelona | Consultores inmobiliarios","potentialAction":[{"@type":"SearchAction","target":{"@type":"EntryPoint","urlTemplate":"https:\/\/forcadell.com\/en\/?s={search_term_string}"},"query-input":{"@type":"PropertyValueSpecification","valueRequired":true,"valueName":"search_term_string"}}],"inLanguage":"en-US"}]}},"_links":{"self":[{"href":"https:\/\/forcadell.com\/en\/wp-json\/wp\/v2\/properties_post\/65790","targetHints":{"allow":["GET"]}}],"collection":[{"href":"https:\/\/forcadell.com\/en\/wp-json\/wp\/v2\/properties_post"}],"about":[{"href":"https:\/\/forcadell.com\/en\/wp-json\/wp\/v2\/types\/properties_post"}],"wp:attachment":[{"href":"https:\/\/forcadell.com\/en\/wp-json\/wp\/v2\/media?parent=65790"}],"curies":[{"name":"wp","href":"https:\/\/api.w.org\/{rel}","templated":true}]}}