{"id":65293,"date":"2026-04-30T12:04:34","date_gmt":"2026-04-30T10:04:34","guid":{"rendered":"https:\/\/forcadell.com\/propiedades\/urbit-2\/"},"modified":"2026-05-02T05:26:23","modified_gmt":"2026-05-02T03:26:23","slug":"urbit-2","status":"publish","type":"properties_post","link":"https:\/\/forcadell.com\/en\/propiedades\/urbit-2\/","title":{"rendered":"URBIT"},"content":{"rendered":"<p>Ubicado en pleno 22@, el distrito tecnol\u00f3gico y de innovaci\u00f3n m\u00e1s importante de Barcelona, este exclusivo campus empresarial redefine la forma de trabajar, combinando sostenibilidad, tecnolog\u00eda y bienestar en un entorno dise\u00f1ado para atraer talento y potenciar el crecimiento de las empresas.<\/p>\n<p>Un proyecto \u00fanico y altamente representativo, pensado para compa\u00f1\u00edas que buscan mucho m\u00e1s que una oficina: un espacio donde productividad, imagen corporativa y calidad de vida conviven en perfecto equilibrio.<br \/>\nCon m\u00e1s de 25.896 m\u00b2 de oficinas di\u00e1fanas, divisibles, modulables y anexables, este campus ofrece la m\u00e1xima flexibilidad para adaptarse a las necesidades de empresas en expansi\u00f3n, sedes corporativas o equipos de alto rendimiento.<br \/>\nAdem\u00e1s, se integra junto al hotel LABTWENTYTWO Barcelona 4\u2605 (Tribute Portfolio by Marriott)** y un exclusivo edificio de lofts en arrendamiento, creando un ecosistema empresarial moderno y diferencial.<br \/>\nEspacios que marcan la diferencia<br \/>\nTerrazas espectaculares<br \/>\nAmplias terrazas de uso com\u00fan con impresionantes vistas, perfectas para trabajar al aire libre, desconectar o celebrar eventos corporativos.<br \/>\nServicios y amenities premium<\/p>\n<p>Lobby representativo con conserjer\u00eda, macropantalla informativa y sala de espera<br \/>\nSistema de control de accesos con conectividad cloud<br \/>\nParking para 330 coches + motos + bicicletas, preparado para veh\u00edculos el\u00e9ctricos<br \/>\nSmart lockers para delivery y paqueter\u00eda<br \/>\nSeguridad 24\/7 con tecnolog\u00eda de \u00faltima generaci\u00f3n<br \/>\nAuditorio con capacidad para 154 personas y 84 butacas<br \/>\nSalas de reuniones<br \/>\nBiblioteca<br \/>\nSala de lactancia<br \/>\nSala de ocio y juegos<br \/>\nRestauraci\u00f3n, cocina, comedor y vending<br \/>\nSala antiestr\u00e9s<br \/>\nGimnasio y vestuarios<\/p>\n<p>Caracter\u00edsticas de las oficinas:<\/p>\n<p>Oficinas Clase A \u2013 Edificio nuevo<br \/>\nEspacios di\u00e1fanos y muy luminosos<br \/>\nExcelente entrada de luz natural<br \/>\nAire acondicionado<br \/>\nSuelo t\u00e9cnico<br \/>\nFalso techo<\/p>\n<p>Certificaciones de sostenibilidad:<\/p>\n<p>LEED Platinum<br \/>\nWELL Platinum<br \/>\nWiredScore<\/p>\n<p>Excelente conexi\u00f3n en transporte p\u00fablico:<\/p>\n<p>Metro: L1 \u2013 Gl\u00f2ries<br \/>\nBus:H12, H14, V27, 7<br \/>\nTram: T4 (Pere IV), T5 y T6 (Espronceda)<\/p>\n<p>Un espacio dise\u00f1ado para empresas que quieren posicionarse en el mejor entorno empresarial de Barcelona, con una imagen moderna, servicios premium y una ubicaci\u00f3n estrat\u00e9gica.<\/p>\n<p>Aqu\u00ed no solo instalas tu oficina. Aqu\u00ed impulsas tu empresa.<\/p>\n","protected":false},"template":"","class_list":["post-65293","properties_post","type-properties_post","status-publish","hentry","properties_modality-rent","properties_district-sant-marti","properties_province-barcelona","properties_zone-116","properties_state-barcelona","properties_subclass-oficina","properties_type-oficina"],"acf":{"post_type_properties_post_property_code":"231546","post_type_properties_post_property_reference":"IE-222424","post_type_properties_post_owner_id":"38107","post_type_properties_post_owner_name":"JONES LANG LASALLE ESPA\u00d1A","post_type_properties_post_property_code_encrypted":"MjkkMTYxMTM=","post_type_properties_post_published":"1","post_type_properties_post_property_visibility":"idealista","post_type_properties_post_contact_name":"Forcadell Oficinas Barcelona","post_type_properties_post_contact_email":"forcadell.oficinas.barcelona@movin.cloud","post_type_properties_post_contact_primary_phone_prefix":"34","post_type_properties_post_contact_primary_phone_number":"934965413","post_type_properties_post_address_visibility":"street","post_type_properties_post_address_country":"Spain","post_type_properties_post_address_coordinates_precision":"exact","post_type_properties_post_address_postal_code":"08018","post_type_properties_post_address_coordinates_latitude":"41.4083576","post_type_properties_post_address_coordinates_longitude":"2.1964449","post_type_properties_post_address_street_name":"Bilbao, 144 ","post_type_properties_post_address_floor":"2","post_type_properties_post_address_town":"Barcelona","post_type_properties_post_building":null,"post_type_properties_post_property":[{"properties_post_description_language":"catalan","properties_post_title":"URBIT","properties_post_short_description_text_alt":"","properties_post_description_text_alt":"","properties_post_short_description_text":" ","properties_post_link_demanda_inmueble":"https:\/\/movin.cloud\/ca\/Forcadell Oficinas Barcelona\/formulari-peticio-immoble\/sth\/2438&&231546","properties_post_link_demanda_calendario_inmueble":"https:\/\/movin.cloud\/ca\/Forcadell Oficinas Barcelona\/calendari-peticio-immoble\/sth\/2438&&231546","properties_post_description_text":"Ubicat en ple 22@, el districte tecnol\u00f2gic i d'innovaci\u00f3 m\u00e9s important de Barcelona, aquest campus empresarial exclusiu redefineix la manera de treballar, combinant sostenibilitat, tecnologia i benestar en un entorn dissenyat per atraure talent i potenciar el creixement de les empreses.\n\nUn projecte \u00fanic i altament representatiu, pensat per a companyies que busquen molt m\u00e9s que una oficina: un espai on la productivitat, la imatge corporativa i la qualitat de vida conviuen en perfecte equilibri.\nAmb m\u00e9s de 25.896 m\u00b2 d'oficines di\u00e0fanes, divisibles, modulables i annexables, aquest campus ofereix la m\u00e0xima flexibilitat per adaptar-se a les necessitats d'empreses en expansi\u00f3, seus corporatives o equips d'alt rendiment.\nA m\u00e9s, s'integra al costat de l'hotel LABTWENTYTWO Barcelona 4\u2605 (Tribut Portfolio by Marriott)** i un exclusiu edifici de lofts en arrendament, creant un ecosistema empresarial modern i diferencial.\nEspais que marquen la difer\u00e8ncia\nTerrasses espectaculars\n\u00c0mplies terrasses d\u00b4\u00fas com\u00fa amb impressionants vistes, perfectes per treballar a l\u00b4aire lliure, desconnectar o celebrar esdeveniments corporatius.\nServeis i amenities premium\n\nLobby representatiu amb consergeria, macropantalla informativa i sala d'espera\nSistema de control d'accessos amb connectivitat cloud\nP\u00e0rquing per a 330 cotxes + motos + bicicletes, preparat per a vehicles el\u00e8ctrics\nSmart lockers per a delivery i paqueteria\nSeguretat 24\/7 amb tecnologia d'\u00faltima generaci\u00f3\nAuditori amb capacitat per a 154 persones i 84 butaques\nSales de reunions\nBiblioteca\nSala de lact\u00e0ncia\nSala de lleure i jocs\nRestauraci\u00f3, cuina, menjador i vending\nSala antiestr\u00e8s\nGimn\u00e0s i vestuaris\n\nCaracter\u00edstiques de les oficines:\n\nOficines Classe A \u2013 Edifici nou\nEspais di\u00e0fans i molt lluminosos\nExcel\u00b7lent entrada de llum natural\nAire condicionat\nS\u00f2l t\u00e8cnic\nFals sostre\n\nCertificacions de sostenibilitat:\n\nLEED Platinum\nWELL Platinum\nWiredScore\n\nExcel\u00b7lent connexi\u00f3 en transport p\u00fablic:\n\nMetro: L1 \u2013 Gl\u00f2ries\nBus:H12, H14, V27, 7\nTram: T4 (Pere IV), T5 i T6 (Espronceda)\n\nUn espai dissenyat per a empreses que volen posicionar-se al millor entorn empresarial de Barcelona, amb una imatge moderna, serveis premium i una ubicaci\u00f3 estrat\u00e8gica.\n\nAqu\u00ed no nom\u00e9s instal\u00b7les la teva oficina. Aqu\u00ed impulses la teva empresa. ","properties_post_seo_title":"","properties_post_seo_alias":"","properties_post_seo_metadescription":"Oficina de lloguer propera a l'Av. Diagonal. C. Bilbao. Barcelona. Forcadell \u00e9s la seva ag\u00e8ncia de confian\u00e7a pel lloguer d'aquesta oficina.","properties_post_seo_key_words":"oficina lloguer 22@Barcelona, lloguer oficina 22@Barcelona, oficina 22@Barcelona","properties_post_seo_url":"","properties_post_terms_conditions":""},{"properties_post_description_language":"spanish","properties_post_title":"URBIT","properties_post_short_description_text_alt":"","properties_post_description_text_alt":"","properties_post_short_description_text":" ","properties_post_link_demanda_inmueble":"https:\/\/movin.cloud\/es\/Forcadell Oficinas Barcelona\/formulario-peticion-inmueble\/sth\/2438&&231546","properties_post_link_demanda_calendario_inmueble":"https:\/\/movin.cloud\/es\/Forcadell Oficinas Barcelona\/calendario-peticion-inmueble\/sth\/2438&&231546","properties_post_description_text":"Ubicado en pleno 22@, el distrito tecnol\u00f3gico y de innovaci\u00f3n m\u00e1s importante de Barcelona, este exclusivo campus empresarial redefine la forma de trabajar, combinando sostenibilidad, tecnolog\u00eda y bienestar en un entorno dise\u00f1ado para atraer talento y potenciar el crecimiento de las empresas.\n\nUn proyecto \u00fanico y altamente representativo, pensado para compa\u00f1\u00edas que buscan mucho m\u00e1s que una oficina: un espacio donde productividad, imagen corporativa y calidad de vida conviven en perfecto equilibrio.\nCon m\u00e1s de 25.896 m\u00b2 de oficinas di\u00e1fanas, divisibles, modulables y anexables, este campus ofrece la m\u00e1xima flexibilidad para adaptarse a las necesidades de empresas en expansi\u00f3n, sedes corporativas o equipos de alto rendimiento.\nAdem\u00e1s, se integra junto al hotel LABTWENTYTWO Barcelona 4\u2605 (Tribute Portfolio by Marriott)** y un exclusivo edificio de lofts en arrendamiento, creando un ecosistema empresarial moderno y diferencial.\nEspacios que marcan la diferencia\nTerrazas espectaculares\nAmplias terrazas de uso com\u00fan con impresionantes vistas, perfectas para trabajar al aire libre, desconectar o celebrar eventos corporativos.\nServicios y amenities premium\n\nLobby representativo con conserjer\u00eda, macropantalla informativa y sala de espera\nSistema de control de accesos con conectividad cloud\nParking para 330 coches + motos + bicicletas, preparado para veh\u00edculos el\u00e9ctricos\nSmart lockers para delivery y paqueter\u00eda\nSeguridad 24\/7 con tecnolog\u00eda de \u00faltima generaci\u00f3n\nAuditorio con capacidad para 154 personas y 84 butacas\nSalas de reuniones\nBiblioteca\nSala de lactancia\nSala de ocio y juegos\nRestauraci\u00f3n, cocina, comedor y vending\nSala antiestr\u00e9s\nGimnasio y vestuarios\n\nCaracter\u00edsticas de las oficinas:\n\nOficinas Clase A \u2013 Edificio nuevo\nEspacios di\u00e1fanos y muy luminosos\nExcelente entrada de luz natural\nAire acondicionado\nSuelo t\u00e9cnico\nFalso techo\n\nCertificaciones de sostenibilidad:\n\nLEED Platinum\nWELL Platinum\nWiredScore\n\nExcelente conexi\u00f3n en transporte p\u00fablico:\n\nMetro: L1 \u2013 Gl\u00f2ries\nBus:H12, H14, V27, 7\nTram: T4 (Pere IV), T5 y T6 (Espronceda)\n\nUn espacio dise\u00f1ado para empresas que quieren posicionarse en el mejor entorno empresarial de Barcelona, con una imagen moderna, servicios premium y una ubicaci\u00f3n estrat\u00e9gica.\n\nAqu\u00ed no solo instalas tu oficina. Aqu\u00ed impulsas tu empresa.\n ","properties_post_seo_title":"","properties_post_seo_alias":"","properties_post_seo_metadescription":"Oficina en alquiler pr\u00f3xima a la Av Diagonal. C. Bilbao. Barcelona. Forcadell es su agencia de confianza para el alquiler de esta oficina.","properties_post_seo_key_words":"oficina alquiler 22@Barcelona, alquiler oficina 22@Barcelona, oficina 22@Barcelona","properties_post_seo_url":"","properties_post_terms_conditions":""}],"post_type_properties_post_features_type":"office","post_type_properties_post_id_building":"MjkkMjc4NjI=","post_type_properties_post_features_area_constructed":1010,"post_type_properties_post_features_conditioned_air":true,"post_type_properties_post_features_doorman":false,"post_type_properties_post_features_heating":true,"post_type_properties_post_features_equipped_kitchen":false,"post_type_properties_post_features_windows_location":"exterior","post_type_properties_post_features_floors_property":false,"post_type_properties_post_features_storage":false,"post_type_properties_post_features_security_door":false,"post_type_properties_post_features_energy_certificate_rating":"A","post_type_properties_post_features_energy_certificate_emissions_rating":"A","post_type_properties_post_features_energy_certificate_emissions_value":"","post_type_properties_post_features_energy_certificate_performance":"","post_type_properties_post_features_bathroom_inside":false,"post_type_properties_post_precio":20208,"post_type_properties_post_precio_alquiler":20208,"post_type_properties_post_record_type_id":"Oficina","post_type_properties_post_categoria__producto":"Oficina","post_type_properties_post_amueblado":false,"post_type_properties_post_precio_m2":20,"post_type_properties_post_zona__comunitaria":false,"post_type_properties_post_electrodomesticos":false,"post_type_properties_post_patio__interior":false,"post_type_properties_post_certificado_energetico_general":"A","post_type_properties_post_certificado_energetico_consumo":"A","post_type_properties_post_certificado_energetico_valor_emisiones":"","post_type_properties_post_certificado_energetico_valor_consumo":"","post_type_properties_post_modalidad":"rent","post_type_properties_post_provincia":"Barcelona","post_type_properties_post_poblacion":"Barcelona","post_type_properties_post_centro__urbano":false,"post_type_properties_post_zonificacion":"22 @","post_type_properties_post_cartera":"Captaci\u00f3n","post_type_properties_post_titulo_catalan":"URBIT","post_type_properties_post_internet_catalan":"Ubicat en ple 22@, el districte tecnol\u00f2gic i d'innovaci\u00f3 m\u00e9s important de Barcelona, aquest campus empresarial exclusiu redefineix la manera de treballar, combinant sostenibilitat, tecnologia i benestar en un entorn dissenyat per atraure talent i potenciar el creixement de les empreses.\n\nUn projecte \u00fanic i altament representatiu, pensat per a companyies que busquen molt m\u00e9s que una oficina: un espai on la productivitat, la imatge corporativa i la qualitat de vida conviuen en perfecte equilibri.\nAmb m\u00e9s de 25.896 m\u00b2 d'oficines di\u00e0fanes, divisibles, modulables i annexables, aquest campus ofereix la m\u00e0xima flexibilitat per adaptar-se a les necessitats d'empreses en expansi\u00f3, seus corporatives o equips d'alt rendiment.\nA m\u00e9s, s'integra al costat de l'hotel LABTWENTYTWO Barcelona 4\u2605 (Tribut Portfolio by Marriott)** i un exclusiu edifici de lofts en arrendament, creant un ecosistema empresarial modern i diferencial.\nEspais que marquen la difer\u00e8ncia\nTerrasses espectaculars\n\u00c0mplies terrasses d\u00b4\u00fas com\u00fa amb impressionants vistes, perfectes per treballar a l\u00b4aire lliure, desconnectar o celebrar esdeveniments corporatius.\nServeis i amenities premium\n\nLobby representatiu amb consergeria, macropantalla informativa i sala d'espera\nSistema de control d'accessos amb connectivitat cloud\nP\u00e0rquing per a 330 cotxes + motos + bicicletes, preparat per a vehicles el\u00e8ctrics\nSmart lockers per a delivery i paqueteria\nSeguretat 24\/7 amb tecnologia d'\u00faltima generaci\u00f3\nAuditori amb capacitat per a 154 persones i 84 butaques\nSales de reunions\nBiblioteca\nSala de lact\u00e0ncia\nSala de lleure i jocs\nRestauraci\u00f3, cuina, menjador i vending\nSala antiestr\u00e8s\nGimn\u00e0s i vestuaris\n\nCaracter\u00edstiques de les oficines:\n\nOficines Classe A \u2013 Edifici nou\nEspais di\u00e0fans i molt lluminosos\nExcel\u00b7lent entrada de llum natural\nAire condicionat\nS\u00f2l t\u00e8cnic\nFals sostre\n\nCertificacions de sostenibilitat:\n\nLEED Platinum\nWELL Platinum\nWiredScore\n\nExcel\u00b7lent connexi\u00f3 en transport p\u00fablic:\n\nMetro: L1 \u2013 Gl\u00f2ries\nBus:H12, H14, V27, 7\nTram: T4 (Pere IV), T5 i T6 (Espronceda)\n\nUn espai dissenyat per a empreses que volen posicionar-se al millor entorn empresarial de Barcelona, amb una imatge moderna, serveis premium i una ubicaci\u00f3 estrat\u00e8gica.\n\nAqu\u00ed no nom\u00e9s instal\u00b7les la teva oficina. Aqu\u00ed impulses la teva empresa. ","post_type_properties_post_titulo_castellano":"URBIT","post_type_properties_post_internet_castellano":"Ubicado en pleno 22@, el distrito tecnol\u00f3gico y de innovaci\u00f3n m\u00e1s importante de Barcelona, este exclusivo campus empresarial redefine la forma de trabajar, combinando sostenibilidad, tecnolog\u00eda y bienestar en un entorno dise\u00f1ado para atraer talento y potenciar el crecimiento de las empresas.\n\nUn proyecto \u00fanico y altamente representativo, pensado para compa\u00f1\u00edas que buscan mucho m\u00e1s que una oficina: un espacio donde productividad, imagen corporativa y calidad de vida conviven en perfecto equilibrio.\nCon m\u00e1s de 25.896 m\u00b2 de oficinas di\u00e1fanas, divisibles, modulables y anexables, este campus ofrece la m\u00e1xima flexibilidad para adaptarse a las necesidades de empresas en expansi\u00f3n, sedes corporativas o equipos de alto rendimiento.\nAdem\u00e1s, se integra junto al hotel LABTWENTYTWO Barcelona 4\u2605 (Tribute Portfolio by Marriott)** y un exclusivo edificio de lofts en arrendamiento, creando un ecosistema empresarial moderno y diferencial.\nEspacios que marcan la diferencia\nTerrazas espectaculares\nAmplias terrazas de uso com\u00fan con impresionantes vistas, perfectas para trabajar al aire libre, desconectar o celebrar eventos corporativos.\nServicios y amenities premium\n\nLobby representativo con conserjer\u00eda, macropantalla informativa y sala de espera\nSistema de control de accesos con conectividad cloud\nParking para 330 coches + motos + bicicletas, preparado para veh\u00edculos el\u00e9ctricos\nSmart lockers para delivery y paqueter\u00eda\nSeguridad 24\/7 con tecnolog\u00eda de \u00faltima generaci\u00f3n\nAuditorio con capacidad para 154 personas y 84 butacas\nSalas de reuniones\nBiblioteca\nSala de lactancia\nSala de ocio y juegos\nRestauraci\u00f3n, cocina, comedor y vending\nSala antiestr\u00e9s\nGimnasio y vestuarios\n\nCaracter\u00edsticas de las oficinas:\n\nOficinas Clase A \u2013 Edificio nuevo\nEspacios di\u00e1fanos y muy luminosos\nExcelente entrada de luz natural\nAire acondicionado\nSuelo t\u00e9cnico\nFalso techo\n\nCertificaciones de sostenibilidad:\n\nLEED Platinum\nWELL Platinum\nWiredScore\n\nExcelente conexi\u00f3n en transporte p\u00fablico:\n\nMetro: L1 \u2013 Gl\u00f2ries\nBus:H12, H14, V27, 7\nTram: T4 (Pere IV), T5 y T6 (Espronceda)\n\nUn espacio dise\u00f1ado para empresas que quieren posicionarse en el mejor entorno empresarial de Barcelona, con una imagen moderna, servicios premium y una ubicaci\u00f3n estrat\u00e9gica.\n\nAqu\u00ed no solo instalas tu oficina. Aqu\u00ed impulsas tu empresa.\n ","post_type_properties_post_titulo_ingles":"","post_type_properties_post_internet_ingles":"","post_type_properties_post_features_classification_commercial":false,"post_type_properties_post_features_conservation":"","post_type_properties_post_features_security_personnel":false,"post_type_properties_post_features_parking_available":false,"post_type_properties_post_features_garage_capacity_type":"","post_type_properties_post_features_bathroom_number":"","post_type_properties_post_eje":"","post_type_properties_post_zona":"","post_type_properties_post_comarca":"","post_type_properties_post_features_built_year":"","post_type_properties_post_renta_mensual":20208,"post_type_properties_post_fianza":"","post_type_properties_post_features_area_plot":"","post_type_properties_post_features_area_buildable":"","post_type_properties_post_features_classification_industrial":false,"post_type_properties_post_distrito":"","post_type_properties_post_features_balcony":false,"post_type_properties_post_features_bedroom_number":"","post_type_properties_post_features_heating_type":"","post_type_properties_post_features_equipped_with_furniture":false,"post_type_properties_post_features_pets_allowed":false,"post_type_properties_post_features_pool":false,"post_type_properties_post_features_terrace":false,"post_type_properties_post_features_wardrobes":false,"post_type_properties_post_features_lift_available":false,"post_type_properties_post_features_handicap_adapted_access":false,"post_type_properties_post_features_orientation_east":false,"post_type_properties_post_features_orientation_west":false,"post_type_properties_post_features_orientation_north":false,"post_type_properties_post_features_orientation_south":false,"post_type_properties_post_features_parking_spaces_number":"","post_type_properties_post_features_security_alarm":false,"post_type_properties_post_features_security_system":false,"post_type_properties_post_open_plan":false,"post_type_properties_post_acceso_24_7":false,"post_type_properties_post_oficina_privada":false,"post_type_properties_post_sala_reuniones":false,"post_type_properties_post_espacio_eventos":false,"post_type_properties_post_office":false,"post_type_properties_post_restaurant":false,"post_type_properties_post_acepta_traspaso":false,"post_type_properties_post_vigilancia":false,"post_type_properties_post_features_suite":false,"post_type_properties_post_features_vitro":false,"post_type_properties_post_features_oven":false,"post_type_properties_post_features_microwave":false,"post_type_properties_post_features_washing_machine":false,"post_type_properties_post_features_dryer":false,"post_type_properties_post_features_dishwasher":false,"post_type_properties_post_features_fridge":false,"post_type_properties_post_features_fridge_mini":false,"post_type_properties_post_features_kettle":false,"post_type_properties_post_features_toaster":false,"post_type_properties_post_features_coffee_maker":false,"post_type_properties_post_features_iron":false,"post_type_properties_post_features_ironing_board":false,"post_type_properties_post_features_safe":false,"post_type_properties_post_features_internet":false,"post_type_properties_post_features_solarium":false,"post_type_properties_post_features_clean_service":false,"post_type_properties_post_features_t_v":false,"post_type_properties_post_features_satellite_t_v":false,"post_type_properties_post_features_gas_kitchen":false,"post_type_properties_post_features_view_mountain":false,"post_type_properties_post_features_view_sea":false,"post_type_properties_post_features_concierge":false,"post_type_properties_post_features_loading_dock":false,"post_type_properties_post_features_bridge_crane":false,"post_type_properties_post_features_located_at_corner":false,"post_type_properties_post_features_smoke_extraction":false,"post_type_properties_post_features_rooms":"","post_type_properties_post_features_garden_area":"","post_type_properties_post_features_utilities_water":false,"post_type_properties_post_features_utilities_electricity":false,"post_type_properties_post_features_utilities_natural_gas":false,"post_type_properties_post_features_building_adapted":false,"post_type_properties_post_features_garden":false,"post_type_properties_post_features_classification_hotel":false,"post_type_properties_post_features_classification_chalet":false,"post_type_properties_post_certificado_energetico_emisiones":"A","post_type_properties_post_barrio":"","post_type_properties_post_distrito_empresa":"Sant Mart\u00ed","post_type_properties_post_features_property_category_intern":"","post_type_properties_post_implantada":false,"post_type_properties_post_sello_leed":"2","post_type_properties_post_sello_well":"2","post_type_properties_post_sello_breeam":false,"post_type_properties_post_images":[{"properties_post_image_order":1,"properties_post_image_url":"https:\/\/movin.cloud\/empresas\/2438\/imagenes\/231546\/inmobiliarias.webp","properties_post_image_url_thumbnail":"https:\/\/movin.cloud\/empresas\/2438\/imagenes\/thumbnails\/231546\/inmobiliarias.webp","properties_post_title":"inmobiliarias","properties_post_alt":"inmobiliarias"},{"properties_post_image_order":2,"properties_post_image_url":"https:\/\/movin.cloud\/empresas\/2438\/imagenes\/231546\/alquiler-para-idealistas.webp","properties_post_image_url_thumbnail":"https:\/\/movin.cloud\/empresas\/2438\/imagenes\/thumbnails\/231546\/alquiler-para-idealistas.webp","properties_post_title":"alquiler para idealistas","properties_post_alt":"alquiler para idealistas"},{"properties_post_image_order":4,"properties_post_image_url":"https:\/\/movin.cloud\/empresas\/2438\/imagenes\/231546\/alquiler-para-idealista.webp","properties_post_image_url_thumbnail":"https:\/\/movin.cloud\/empresas\/2438\/imagenes\/thumbnails\/231546\/alquiler-para-idealista.webp","properties_post_title":"alquiler para idealista","properties_post_alt":"alquiler para idealista"},{"properties_post_image_order":5,"properties_post_image_url":"https:\/\/movin.cloud\/empresas\/2438\/imagenes\/231546\/alquilar.webp","properties_post_image_url_thumbnail":"https:\/\/movin.cloud\/empresas\/2438\/imagenes\/thumbnails\/231546\/alquilar.webp","properties_post_title":"alquilar","properties_post_alt":"alquilar"},{"properties_post_image_order":6,"properties_post_image_url":"https:\/\/movin.cloud\/empresas\/2438\/imagenes\/231546\/habitalia.webp","properties_post_image_url_thumbnail":"https:\/\/movin.cloud\/empresas\/2438\/imagenes\/thumbnails\/231546\/habitalia.webp","properties_post_title":"habitalia","properties_post_alt":"habitalia"},{"properties_post_image_order":7,"properties_post_image_url":"https:\/\/movin.cloud\/empresas\/2438\/imagenes\/231546\/alquiler-idealistas.webp","properties_post_image_url_thumbnail":"https:\/\/movin.cloud\/empresas\/2438\/imagenes\/thumbnails\/231546\/alquiler-idealistas.webp","properties_post_title":"alquiler idealistas","properties_post_alt":"alquiler idealistas"},{"properties_post_image_order":8,"properties_post_image_url":"https:\/\/movin.cloud\/empresas\/2438\/imagenes\/231546\/alquiler.webp","properties_post_image_url_thumbnail":"https:\/\/movin.cloud\/empresas\/2438\/imagenes\/thumbnails\/231546\/alquiler.webp","properties_post_title":"alquiler","properties_post_alt":"alquiler"},{"properties_post_image_order":9,"properties_post_image_url":"https:\/\/movin.cloud\/empresas\/2438\/imagenes\/231546\/rent.webp","properties_post_image_url_thumbnail":"https:\/\/movin.cloud\/empresas\/2438\/imagenes\/thumbnails\/231546\/rent.webp","properties_post_title":"rent","properties_post_alt":"rent"},{"properties_post_image_order":10,"properties_post_image_url":"https:\/\/movin.cloud\/empresas\/2438\/imagenes\/231546\/en-alquiler.webp","properties_post_image_url_thumbnail":"https:\/\/movin.cloud\/empresas\/2438\/imagenes\/thumbnails\/231546\/en-alquiler.webp","properties_post_title":"en alquiler","properties_post_alt":"en alquiler"},{"properties_post_image_order":11,"properties_post_image_url":"https:\/\/movin.cloud\/empresas\/2438\/imagenes\/231546\/viviendas.webp","properties_post_image_url_thumbnail":"https:\/\/movin.cloud\/empresas\/2438\/imagenes\/thumbnails\/231546\/viviendas.webp","properties_post_title":"viviendas","properties_post_alt":"viviendas"},{"properties_post_image_order":12,"properties_post_image_url":"https:\/\/movin.cloud\/empresas\/2438\/imagenes\/231546\/inmobiliaria.webp","properties_post_image_url_thumbnail":"https:\/\/movin.cloud\/empresas\/2438\/imagenes\/thumbnails\/231546\/inmobiliaria.webp","properties_post_title":"inmobiliaria","properties_post_alt":"inmobiliaria"},{"properties_post_image_order":13,"properties_post_image_url":"https:\/\/movin.cloud\/empresas\/2438\/imagenes\/231546\/en-alquiler-barcelona.webp","properties_post_image_url_thumbnail":"https:\/\/movin.cloud\/empresas\/2438\/imagenes\/thumbnails\/231546\/en-alquiler-barcelona.webp","properties_post_title":"en alquiler barcelona","properties_post_alt":"en alquiler barcelona"},{"properties_post_image_order":14,"properties_post_image_url":"https:\/\/movin.cloud\/empresas\/2438\/imagenes\/231546\/alquiler-barcelona.webp","properties_post_image_url_thumbnail":"https:\/\/movin.cloud\/empresas\/2438\/imagenes\/thumbnails\/231546\/alquiler-barcelona.webp","properties_post_title":"alquiler barcelona","properties_post_alt":"alquiler barcelona"},{"properties_post_image_order":15,"properties_post_image_url":"https:\/\/movin.cloud\/empresas\/2438\/imagenes\/231546\/alquiler-idealistas-barcelona.webp","properties_post_image_url_thumbnail":"https:\/\/movin.cloud\/empresas\/2438\/imagenes\/thumbnails\/231546\/alquiler-idealistas-barcelona.webp","properties_post_title":"alquiler idealistas barcelona","properties_post_alt":"alquiler idealistas barcelona"},{"properties_post_image_order":16,"properties_post_image_url":"https:\/\/movin.cloud\/empresas\/2438\/imagenes\/231546\/habitalia-barcelona.webp","properties_post_image_url_thumbnail":"https:\/\/movin.cloud\/empresas\/2438\/imagenes\/thumbnails\/231546\/habitalia-barcelona.webp","properties_post_title":"habitalia barcelona","properties_post_alt":"habitalia barcelona"}],"post_type_properties_post_videos":null,"post_type_properties_post_tour":null,"post_type_properties_post_dossier_url":"","post_type_properties_post_operation_type":"rent","post_type_properties_post_operation_price":20208,"post_type_properties_post_features_hidden_price":false},"yoast_head":"<!-- This site is optimized with the Yoast SEO plugin v27.4 - https:\/\/yoast.com\/product\/yoast-seo-wordpress\/ -->\n<title>URBIT - Forcadell<\/title>\n<meta name=\"robots\" content=\"index, follow, max-snippet:-1, max-image-preview:large, max-video-preview:-1\" \/>\n<link rel=\"canonical\" href=\"https:\/\/forcadell.com\/en\/propiedades\/urbit-2\/\" \/>\n<meta property=\"og:locale\" content=\"en_US\" \/>\n<meta property=\"og:type\" content=\"article\" \/>\n<meta property=\"og:title\" content=\"URBIT - Forcadell\" \/>\n<meta property=\"og:description\" content=\"Ubicado en pleno 22@, el distrito tecnol\u00f3gico y de innovaci\u00f3n m\u00e1s importante de Barcelona, este exclusivo campus empresarial redefine la forma de trabajar, combinando sostenibilidad, tecnolog\u00eda y bienestar en un entorno dise\u00f1ado para atraer talento y potenciar el crecimiento de las empresas. Un proyecto \u00fanico y altamente representativo, pensado para compa\u00f1\u00edas que buscan mucho m\u00e1s [&hellip;]\" \/>\n<meta property=\"og:url\" content=\"https:\/\/forcadell.com\/en\/propiedades\/urbit-2\/\" \/>\n<meta property=\"og:site_name\" content=\"Forcadell\" \/>\n<meta property=\"article:modified_time\" content=\"2026-05-02T03:26:23+00:00\" \/>\n<meta name=\"twitter:card\" content=\"summary_large_image\" \/>\n<meta name=\"twitter:label1\" content=\"Est. reading time\" \/>\n\t<meta name=\"twitter:data1\" content=\"2 minutes\" \/>\n<!-- \/ Yoast SEO plugin. -->","yoast_head_json":{"title":"URBIT - Forcadell","robots":{"index":"index","follow":"follow","max-snippet":"max-snippet:-1","max-image-preview":"max-image-preview:large","max-video-preview":"max-video-preview:-1"},"canonical":"https:\/\/forcadell.com\/en\/propiedades\/urbit-2\/","og_locale":"en_US","og_type":"article","og_title":"URBIT - Forcadell","og_description":"Ubicado en pleno 22@, el distrito tecnol\u00f3gico y de innovaci\u00f3n m\u00e1s importante de Barcelona, este exclusivo campus empresarial redefine la forma de trabajar, combinando sostenibilidad, tecnolog\u00eda y bienestar en un entorno dise\u00f1ado para atraer talento y potenciar el crecimiento de las empresas. Un proyecto \u00fanico y altamente representativo, pensado para compa\u00f1\u00edas que buscan mucho m\u00e1s [&hellip;]","og_url":"https:\/\/forcadell.com\/en\/propiedades\/urbit-2\/","og_site_name":"Forcadell","article_modified_time":"2026-05-02T03:26:23+00:00","twitter_card":"summary_large_image","twitter_misc":{"Est. reading time":"2 minutes"},"schema":{"@context":"https:\/\/schema.org","@graph":[{"@type":"WebPage","@id":"https:\/\/forcadell.com\/en\/propiedades\/urbit-2\/","url":"https:\/\/forcadell.com\/en\/propiedades\/urbit-2\/","name":"URBIT - Forcadell","isPartOf":{"@id":"https:\/\/forcadell.com\/en\/#website"},"datePublished":"2026-04-30T10:04:34+00:00","dateModified":"2026-05-02T03:26:23+00:00","breadcrumb":{"@id":"https:\/\/forcadell.com\/en\/propiedades\/urbit-2\/#breadcrumb"},"inLanguage":"en-US","potentialAction":[{"@type":"ReadAction","target":["https:\/\/forcadell.com\/en\/propiedades\/urbit-2\/"]}]},{"@type":"BreadcrumbList","@id":"https:\/\/forcadell.com\/en\/propiedades\/urbit-2\/#breadcrumb","itemListElement":[{"@type":"ListItem","position":1,"name":"Portada","item":"https:\/\/forcadell.com\/en\/"},{"@type":"ListItem","position":2,"name":"Properties","item":"https:\/\/forcadell.com\/en\/propiedades\/"},{"@type":"ListItem","position":3,"name":"URBIT"}]},{"@type":"WebSite","@id":"https:\/\/forcadell.com\/en\/#website","url":"https:\/\/forcadell.com\/en\/","name":"Forcadell","description":"Inmobiliaria Barcelona | Consultores inmobiliarios","potentialAction":[{"@type":"SearchAction","target":{"@type":"EntryPoint","urlTemplate":"https:\/\/forcadell.com\/en\/?s={search_term_string}"},"query-input":{"@type":"PropertyValueSpecification","valueRequired":true,"valueName":"search_term_string"}}],"inLanguage":"en-US"}]}},"_links":{"self":[{"href":"https:\/\/forcadell.com\/en\/wp-json\/wp\/v2\/properties_post\/65293","targetHints":{"allow":["GET"]}}],"collection":[{"href":"https:\/\/forcadell.com\/en\/wp-json\/wp\/v2\/properties_post"}],"about":[{"href":"https:\/\/forcadell.com\/en\/wp-json\/wp\/v2\/types\/properties_post"}],"wp:attachment":[{"href":"https:\/\/forcadell.com\/en\/wp-json\/wp\/v2\/media?parent=65293"}],"curies":[{"name":"wp","href":"https:\/\/api.w.org\/{rel}","templated":true}]}}