{"id":65002,"date":"2026-04-30T11:50:32","date_gmt":"2026-04-30T09:50:32","guid":{"rendered":"https:\/\/forcadell.com\/propiedades\/oficina-disponible-en-edificio-dublin-dentro-del-complejo-parque-empresarial-city-parc-de-cornella-de-llobregat-barcelona-5\/"},"modified":"2026-05-02T04:05:21","modified_gmt":"2026-05-02T02:05:21","slug":"oficina-disponible-en-edificio-dublin-dentro-del-complejo-parque-empresarial-city-parc-de-cornella-de-llobregat-barcelona-5","status":"publish","type":"properties_post","link":"https:\/\/forcadell.com\/en\/propiedades\/oficina-disponible-en-edificio-dublin-dentro-del-complejo-parque-empresarial-city-parc-de-cornella-de-llobregat-barcelona-5\/","title":{"rendered":"Oficina disponible en edificio Dublin dentro del complejo Parque Empresarial City Parc de Cornell\u00e0 de Llobregat. Barcelona."},"content":{"rendered":"<p>Oficina disponible en edificio Dublin dentro del complejo Parque Empresarial City Parc de Cornell\u00e0 de Llobregat. El recinto se sit\u00faa en un entorno de negocios con f\u00e1cil acceso a la Ronda de Dalt. A tan solo 10 km del centro de Barcelona, a 10 minutos del Aeropuerto de El Prat y a 15 minutos del Puerto de la capital catalana.<br \/>\nEdificio corporativo rehabilitado. Orientaci\u00f3n a 4 vientos. Dispone de planta baja m\u00e1s tres plantas superiores. Seguridad 24 horas. Zona ajardinada. Dos ascensores. Dispone de restaurante-cafeter\u00eda en el mismo recinto. Parking.<br \/>\nLa oficina, situada en la 1\u00aa planta del edificio, dispone de 620 m\u00b2 di\u00e1fanos. Posibilidad de ampliar superficies con edificio colindante. Exterior y luminosa. Aseos en cada planta. falso techo registrable con luminarias empotradas. Suelo t\u00e9cnico. Carpinteria de aluminio. Instalaci\u00f3n el\u00e9ctrica. Iluminaci\u00f3n LED. Climatizaci\u00f3n fr\u00edo &#8211; calor de \u00faltima generaci\u00f3n (mejora eficiencia clima 60%).<\/p>\n","protected":false},"template":"","class_list":["post-65002","properties_post","type-properties_post","status-publish","hentry","properties_modality-rent","properties_province-barcelona","properties_zone-periferia","properties_state-cornella-de-llobregat","properties_subclass-oficina","properties_type-oficina"],"acf":{"post_type_properties_post_property_code":"228818","post_type_properties_post_property_reference":"IE-213655","post_type_properties_post_owner_id":"39385","post_type_properties_post_owner_name":"JABA I INVERSIONES INMOBILIARIAS SOCIMI SA","post_type_properties_post_property_code_encrypted":"MjkkMTMzODU=","post_type_properties_post_published":"1","post_type_properties_post_property_visibility":"idealista","post_type_properties_post_contact_name":"Forcadell Oficinas Barcelona","post_type_properties_post_contact_email":"forcadell.oficinas.barcelona@movin.cloud","post_type_properties_post_contact_primary_phone_prefix":"34","post_type_properties_post_contact_primary_phone_number":"934965413","post_type_properties_post_address_visibility":"street","post_type_properties_post_address_country":"Spain","post_type_properties_post_address_coordinates_precision":"exact","post_type_properties_post_address_postal_code":"08940","post_type_properties_post_address_coordinates_latitude":"41.3578968","post_type_properties_post_address_coordinates_longitude":"2.0903927","post_type_properties_post_address_street_name":"Carretera de L\u00b4Hospitalet 147-149","post_type_properties_post_address_floor":"1","post_type_properties_post_address_town":"Cornell\u00e0 de Llobregat","post_type_properties_post_building":[{"properties_post_description_language":"catalan","properties_post_title":"CITY PARK DUBLIN","properties_post_short_description_text_alt":"","properties_post_description_text_alt":"","properties_post_short_description_text":"","properties_post_link_demanda_inmueble":"","properties_post_link_demanda_calendario_inmueble":"","properties_post_description_text":"Oficines de lloguer a Cornell\u00e0 de Llobregat \u2013 Parc Empresarial City Parc | Edifici DUBLIN\n\nExcel\u00b7lent oportunitat d\u00b4oficines de lloguer a Cornell\u00e0 de Llobregat, dins del consolidat Parc Empresarial City Parc, un dels entorns corporatius m\u00e9s estrat\u00e8gics de l\u00b4\u00e0rea metropolitana de Barcelona.\n\nL'edifici DUBLIN, ubicat a Carretera de l'Hospitalet, ofereix espais moderns, eficients i perfectament preparats per a empreses que busquen una seu ben comunicada, representativa i amb tots els serveis.\n\nLa seva ubicaci\u00f3 \u00e9s un dels seus grans valors: acc\u00e9s immediat a la Ronda de Dalt, a 10 km del centre de Barcelona i a 10 minuts de l'aeroport del Prat.","properties_post_seo_title":"","properties_post_seo_alias":"","properties_post_seo_metadescription":"","properties_post_seo_key_words":"","properties_post_seo_url":"","properties_post_terms_conditions":""},{"properties_post_description_language":"spanish","properties_post_title":"CITY PARK DUBLIN","properties_post_short_description_text_alt":"","properties_post_description_text_alt":"","properties_post_short_description_text":"","properties_post_link_demanda_inmueble":"","properties_post_link_demanda_calendario_inmueble":"","properties_post_description_text":"Oficinas en alquiler en Cornell\u00e0 de Llobregat \u2013 Parque Empresarial City Parc | Edificio DUBLIN\n\nExcelente oportunidad de oficinas en alquiler en Cornell\u00e0 de Llobregat, dentro del consolidado Parque Empresarial City Parc, uno de los entornos corporativos m\u00e1s estrat\u00e9gicos del \u00e1rea metropolitana de Barcelona.\n\nEl edificio DUBLIN, ubicado en Carretera de l\u2019Hospitalet, ofrece espacios modernos, eficientes y perfectamente preparados para empresas que buscan una sede bien comunicada, representativa y con todos los servicios.\n\nSu ubicaci\u00f3n es uno de sus grandes valores: acceso inmediato a la Ronda de Dalt, a solo 10 km del centro de Barcelona, a 10 minutos del Aeropuerto de El Prat.","properties_post_seo_title":"","properties_post_seo_alias":"","properties_post_seo_metadescription":"","properties_post_seo_key_words":"","properties_post_seo_url":"","properties_post_terms_conditions":""}],"post_type_properties_post_property":[{"properties_post_description_language":"catalan","properties_post_title":"Oficina disponible en edifici Dublin dins del complex Parc Empresarial City Parc de Cornell\u00e0 de Llobregat. Barcelona.","properties_post_short_description_text_alt":"","properties_post_description_text_alt":"","properties_post_short_description_text":"Oficina disponible en edifici Dublin dins del complex Parc Empresarial City Parc de Cornell\u00e0 de Llobregat. El recinte es situa en un entorn de negocis amb f\u00e0cil acc\u00e9s a la Ronda de Dalt. A tan sols 10 km del centre de Barcelona, a 10 minuts de l'Aeroport del Prat i a 15 minuts del Port de la capital catalana.\nEdifici corporatiu rehabilitat. Orientaci\u00f3 a 4 vents. Disposa de planta baixa m\u00e9s tres plantes superiors. Seguretat 24 hores. Zona enjardinada. Dos ascensors. Disposa de restaurant-cafeteria en el mateix recinte. P\u00e0rquing.\nL'oficina, situada en la 2a planta de l'edifici, disposa de 620 m\u00b2 di\u00e0fans. Possibilitat d'ampliar superf\u00edcies amb edifici confrontant. Exterior i lluminosa. Banys a cada planta. Fals sostre enregistrable amb llumin\u00e0ries encastades. S\u00f2l t\u00e8cnic. Carpinteria d'alumini. Instal\u00b7laci\u00f3 el\u00e8ctrica. Il\u00b7luminaci\u00f3 LED. Climatitzaci\u00f3 fred - calor d'\u00faltima generaci\u00f3 (millora efici\u00e8ncia clima 60%).","properties_post_link_demanda_inmueble":"https:\/\/movin.cloud\/ca\/Forcadell Oficinas Barcelona\/formulari-peticio-immoble\/sth\/2438&&228818","properties_post_link_demanda_calendario_inmueble":"https:\/\/movin.cloud\/ca\/Forcadell Oficinas Barcelona\/calendari-peticio-immoble\/sth\/2438&&228818","properties_post_description_text":"Oficina disponible en edifici Dublin dins del complex Parc Empresarial City Parc de Cornell\u00e0 de Llobregat. El recinte es situa en un entorn de negocis amb f\u00e0cil acc\u00e9s a la Ronda de Dalt. A tan sols 10 km del centre de Barcelona, a 10 minuts de l'Aeroport del Prat i a 15 minuts del Port de la capital catalana.\nEdifici corporatiu rehabilitat. Orientaci\u00f3 a 4 vents. Disposa de planta baixa m\u00e9s tres plantes superiors. Seguretat 24 hores. Zona enjardinada. Dos ascensors. Disposa de restaurant-cafeteria en el mateix recinte. P\u00e0rquing.\nL'oficina, situada en la 2a planta de l'edifici, disposa de 620 m\u00b2 di\u00e0fans. Possibilitat d'ampliar superf\u00edcies amb edifici confrontant. Exterior i lluminosa. Banys a cada planta. Fals sostre enregistrable amb llumin\u00e0ries encastades. S\u00f2l t\u00e8cnic. Carpinteria d'alumini. Instal\u00b7laci\u00f3 el\u00e8ctrica. Il\u00b7luminaci\u00f3 LED. Climatitzaci\u00f3 fred - calor d'\u00faltima generaci\u00f3 (millora efici\u00e8ncia clima 60%).","properties_post_seo_title":"","properties_post_seo_alias":"","properties_post_seo_metadescription":"Oficina disponible en edifici Dublin dins del complex Parc Empresarial City Parc de Cornell\u00e0 de Llobregat. Barcelona. Forcadell \u00e9s la seva ag\u00e8ncia de confian\u00e7a per al lloguer d'aquesta oficina.","properties_post_seo_key_words":"Oficina lloguer Cornella de Llobregat, lloguer oficina Cornella de Llobregat, oficina Cornella de Llobregat","properties_post_seo_url":"","properties_post_terms_conditions":""},{"properties_post_description_language":"spanish","properties_post_title":"Oficina disponible en edificio Dublin dentro del complejo Parque Empresarial City Parc de Cornell\u00e0 de Llobregat. Barcelona.","properties_post_short_description_text_alt":"","properties_post_description_text_alt":"","properties_post_short_description_text":"Oficina disponible en edificio Dublin dentro del complejo Parque Empresarial City Parc de Cornell\u00e0 de Llobregat. El recinto se sit\u00faa en un entorno de negocios con f\u00e1cil acceso a la Ronda de Dalt. A tan solo 10 km del centro de Barcelona, a 10 minutos del Aeropuerto de El Prat y a 15 minutos del Puerto de la capital catalana.\nEdificio corporativo rehabilitado. Orientaci\u00f3n a 4 vientos. Dispone de planta baja m\u00e1s tres plantas superiores. Seguridad 24 horas. Zona ajardinada. Dos ascensores. Dispone de restaurante-cafeter\u00eda en el mismo recinto. Parking. \nLa oficina, situada en la 1\u00aa planta del edificio, dispone de 620 m\u00b2 di\u00e1fanos. Posibilidad de ampliar superficies con edificio colindante. Exterior y luminosa. Aseos en cada planta. falso techo registrable con luminarias empotradas. Suelo t\u00e9cnico. Carpinteria de aluminio. Instalaci\u00f3n el\u00e9ctrica. Iluminaci\u00f3n LED. Climatizaci\u00f3n fr\u00edo - calor de \u00faltima generaci\u00f3n (mejora eficiencia clima 60%).","properties_post_link_demanda_inmueble":"https:\/\/movin.cloud\/es\/Forcadell Oficinas Barcelona\/formulario-peticion-inmueble\/sth\/2438&&228818","properties_post_link_demanda_calendario_inmueble":"https:\/\/movin.cloud\/es\/Forcadell Oficinas Barcelona\/calendario-peticion-inmueble\/sth\/2438&&228818","properties_post_description_text":"Oficina disponible en edificio Dublin dentro del complejo Parque Empresarial City Parc de Cornell\u00e0 de Llobregat. El recinto se sit\u00faa en un entorno de negocios con f\u00e1cil acceso a la Ronda de Dalt. A tan solo 10 km del centro de Barcelona, a 10 minutos del Aeropuerto de El Prat y a 15 minutos del Puerto de la capital catalana.\nEdificio corporativo rehabilitado. Orientaci\u00f3n a 4 vientos. Dispone de planta baja m\u00e1s tres plantas superiores. Seguridad 24 horas. Zona ajardinada. Dos ascensores. Dispone de restaurante-cafeter\u00eda en el mismo recinto. Parking. \nLa oficina, situada en la 1\u00aa planta del edificio, dispone de 620 m\u00b2 di\u00e1fanos. Posibilidad de ampliar superficies con edificio colindante. Exterior y luminosa. Aseos en cada planta. falso techo registrable con luminarias empotradas. Suelo t\u00e9cnico. Carpinteria de aluminio. Instalaci\u00f3n el\u00e9ctrica. Iluminaci\u00f3n LED. Climatizaci\u00f3n fr\u00edo - calor de \u00faltima generaci\u00f3n (mejora eficiencia clima 60%).","properties_post_seo_title":"","properties_post_seo_alias":"","properties_post_seo_metadescription":"Oficina disponible en edificio Dublin dentro del complejo Parque Empresarial City Parc de Cornell\u00e0 de Llobregat. Barcelona. Forcadell es su agencia de confianza para el alquiler de esta oficina.","properties_post_seo_key_words":"Oficina alquiler Cornella de Llobregat, alquiler oficina Cornella de Llobregat, oficina Cornella de Llobregat","properties_post_seo_url":"","properties_post_terms_conditions":""}],"post_type_properties_post_features_type":"office","post_type_properties_post_id_building":"MjkkMjc4NDU=","post_type_properties_post_features_area_constructed":333,"post_type_properties_post_features_conditioned_air":true,"post_type_properties_post_features_doorman":false,"post_type_properties_post_features_heating":true,"post_type_properties_post_features_equipped_kitchen":false,"post_type_properties_post_features_windows_location":"exterior","post_type_properties_post_features_floors_property":false,"post_type_properties_post_features_storage":false,"post_type_properties_post_features_security_door":false,"post_type_properties_post_features_energy_certificate_rating":"B","post_type_properties_post_features_energy_certificate_emissions_rating":"B","post_type_properties_post_features_energy_certificate_emissions_value":"","post_type_properties_post_features_energy_certificate_performance":"","post_type_properties_post_features_bathroom_inside":true,"post_type_properties_post_precio":3337.5,"post_type_properties_post_precio_alquiler":3337.5,"post_type_properties_post_record_type_id":"Oficina","post_type_properties_post_categoria__producto":"Oficina","post_type_properties_post_amueblado":false,"post_type_properties_post_precio_m2":10,"post_type_properties_post_zona__comunitaria":false,"post_type_properties_post_electrodomesticos":false,"post_type_properties_post_patio__interior":false,"post_type_properties_post_certificado_energetico_general":"B","post_type_properties_post_certificado_energetico_consumo":"B","post_type_properties_post_certificado_energetico_valor_emisiones":"","post_type_properties_post_certificado_energetico_valor_consumo":"","post_type_properties_post_modalidad":"rent","post_type_properties_post_provincia":"Barcelona","post_type_properties_post_poblacion":"Cornell\u00e0 de Llobregat","post_type_properties_post_centro__urbano":false,"post_type_properties_post_zonificacion":"Periferia","post_type_properties_post_cartera":"","post_type_properties_post_titulo_catalan":"Oficina disponible en edifici Dublin dins del complex Parc Empresarial City Parc de Cornell\u00e0 de Llobregat. Barcelona.","post_type_properties_post_internet_catalan":"Oficina disponible en edifici Dublin dins del complex Parc Empresarial City Parc de Cornell\u00e0 de Llobregat. El recinte es situa en un entorn de negocis amb f\u00e0cil acc\u00e9s a la Ronda de Dalt. A tan sols 10 km del centre de Barcelona, a 10 minuts de l'Aeroport del Prat i a 15 minuts del Port de la capital catalana.\nEdifici corporatiu rehabilitat. Orientaci\u00f3 a 4 vents. Disposa de planta baixa m\u00e9s tres plantes superiors. Seguretat 24 hores. Zona enjardinada. Dos ascensors. Disposa de restaurant-cafeteria en el mateix recinte. P\u00e0rquing.\nL'oficina, situada en la 2a planta de l'edifici, disposa de 620 m\u00b2 di\u00e0fans. Possibilitat d'ampliar superf\u00edcies amb edifici confrontant. Exterior i lluminosa. Banys a cada planta. Fals sostre enregistrable amb llumin\u00e0ries encastades. S\u00f2l t\u00e8cnic. Carpinteria d'alumini. Instal\u00b7laci\u00f3 el\u00e8ctrica. Il\u00b7luminaci\u00f3 LED. Climatitzaci\u00f3 fred - calor d'\u00faltima generaci\u00f3 (millora efici\u00e8ncia clima 60%).","post_type_properties_post_titulo_castellano":"Oficina disponible en edificio Dublin dentro del complejo Parque Empresarial City Parc de Cornell\u00e0 de Llobregat. Barcelona.","post_type_properties_post_internet_castellano":"Oficina disponible en edificio Dublin dentro del complejo Parque Empresarial City Parc de Cornell\u00e0 de Llobregat. El recinto se sit\u00faa en un entorno de negocios con f\u00e1cil acceso a la Ronda de Dalt. A tan solo 10 km del centro de Barcelona, a 10 minutos del Aeropuerto de El Prat y a 15 minutos del Puerto de la capital catalana.\nEdificio corporativo rehabilitado. Orientaci\u00f3n a 4 vientos. Dispone de planta baja m\u00e1s tres plantas superiores. Seguridad 24 horas. Zona ajardinada. Dos ascensores. Dispone de restaurante-cafeter\u00eda en el mismo recinto. Parking. \nLa oficina, situada en la 1\u00aa planta del edificio, dispone de 620 m\u00b2 di\u00e1fanos. Posibilidad de ampliar superficies con edificio colindante. Exterior y luminosa. Aseos en cada planta. falso techo registrable con luminarias empotradas. Suelo t\u00e9cnico. Carpinteria de aluminio. Instalaci\u00f3n el\u00e9ctrica. Iluminaci\u00f3n LED. Climatizaci\u00f3n fr\u00edo - calor de \u00faltima generaci\u00f3n (mejora eficiencia clima 60%).","post_type_properties_post_titulo_ingles":"","post_type_properties_post_internet_ingles":"","post_type_properties_post_features_classification_commercial":false,"post_type_properties_post_features_conservation":"","post_type_properties_post_features_security_personnel":false,"post_type_properties_post_features_parking_available":false,"post_type_properties_post_features_garage_capacity_type":"","post_type_properties_post_features_bathroom_number":"","post_type_properties_post_eje":"","post_type_properties_post_zona":"","post_type_properties_post_comarca":"","post_type_properties_post_features_built_year":"","post_type_properties_post_renta_mensual":3003.75,"post_type_properties_post_fianza":"","post_type_properties_post_features_area_plot":"","post_type_properties_post_features_area_buildable":"","post_type_properties_post_features_classification_industrial":false,"post_type_properties_post_distrito":"","post_type_properties_post_features_balcony":false,"post_type_properties_post_features_bedroom_number":"","post_type_properties_post_features_heating_type":"","post_type_properties_post_features_equipped_with_furniture":false,"post_type_properties_post_features_pets_allowed":false,"post_type_properties_post_features_pool":false,"post_type_properties_post_features_terrace":false,"post_type_properties_post_features_wardrobes":false,"post_type_properties_post_features_lift_available":false,"post_type_properties_post_features_handicap_adapted_access":false,"post_type_properties_post_features_orientation_east":false,"post_type_properties_post_features_orientation_west":false,"post_type_properties_post_features_orientation_north":false,"post_type_properties_post_features_orientation_south":false,"post_type_properties_post_features_parking_spaces_number":"","post_type_properties_post_features_security_alarm":false,"post_type_properties_post_features_security_system":false,"post_type_properties_post_open_plan":false,"post_type_properties_post_acceso_24_7":false,"post_type_properties_post_oficina_privada":false,"post_type_properties_post_sala_reuniones":false,"post_type_properties_post_espacio_eventos":false,"post_type_properties_post_office":false,"post_type_properties_post_restaurant":false,"post_type_properties_post_acepta_traspaso":false,"post_type_properties_post_vigilancia":false,"post_type_properties_post_features_suite":false,"post_type_properties_post_features_vitro":false,"post_type_properties_post_features_oven":false,"post_type_properties_post_features_microwave":false,"post_type_properties_post_features_washing_machine":false,"post_type_properties_post_features_dryer":false,"post_type_properties_post_features_dishwasher":false,"post_type_properties_post_features_fridge":false,"post_type_properties_post_features_fridge_mini":false,"post_type_properties_post_features_kettle":false,"post_type_properties_post_features_toaster":false,"post_type_properties_post_features_coffee_maker":false,"post_type_properties_post_features_iron":false,"post_type_properties_post_features_ironing_board":false,"post_type_properties_post_features_safe":false,"post_type_properties_post_features_internet":false,"post_type_properties_post_features_solarium":false,"post_type_properties_post_features_clean_service":false,"post_type_properties_post_features_t_v":false,"post_type_properties_post_features_satellite_t_v":false,"post_type_properties_post_features_gas_kitchen":false,"post_type_properties_post_features_view_mountain":false,"post_type_properties_post_features_view_sea":false,"post_type_properties_post_features_concierge":false,"post_type_properties_post_features_loading_dock":false,"post_type_properties_post_features_bridge_crane":false,"post_type_properties_post_features_located_at_corner":false,"post_type_properties_post_features_smoke_extraction":false,"post_type_properties_post_features_rooms":"","post_type_properties_post_features_garden_area":"","post_type_properties_post_features_utilities_water":false,"post_type_properties_post_features_utilities_electricity":false,"post_type_properties_post_features_utilities_natural_gas":false,"post_type_properties_post_features_building_adapted":false,"post_type_properties_post_features_garden":false,"post_type_properties_post_features_classification_hotel":false,"post_type_properties_post_features_classification_chalet":false,"post_type_properties_post_certificado_energetico_emisiones":"B","post_type_properties_post_barrio":"","post_type_properties_post_distrito_empresa":"","post_type_properties_post_features_property_category_intern":"","post_type_properties_post_implantada":false,"post_type_properties_post_sello_leed":"","post_type_properties_post_sello_well":"","post_type_properties_post_sello_breeam":false,"post_type_properties_post_images":[{"properties_post_image_order":1,"properties_post_image_url":"https:\/\/movin.cloud\/empresas\/2438\/imagenes\/228818\/en-alquiler.webp","properties_post_image_url_thumbnail":"https:\/\/movin.cloud\/empresas\/2438\/imagenes\/thumbnails\/228818\/en-alquiler.webp","properties_post_title":"en alquiler","properties_post_alt":"en alquiler"},{"properties_post_image_order":2,"properties_post_image_url":"https:\/\/movin.cloud\/empresas\/2438\/imagenes\/228818\/alquiler.webp","properties_post_image_url_thumbnail":"https:\/\/movin.cloud\/empresas\/2438\/imagenes\/thumbnails\/228818\/alquiler.webp","properties_post_title":"alquiler","properties_post_alt":"alquiler"},{"properties_post_image_order":3,"properties_post_image_url":"https:\/\/movin.cloud\/empresas\/2438\/imagenes\/228818\/alquiler-idealistas.webp","properties_post_image_url_thumbnail":"https:\/\/movin.cloud\/empresas\/2438\/imagenes\/thumbnails\/228818\/alquiler-idealistas.webp","properties_post_title":"alquiler idealistas","properties_post_alt":"alquiler idealistas"},{"properties_post_image_order":4,"properties_post_image_url":"https:\/\/movin.cloud\/empresas\/2438\/imagenes\/228818\/habitalia.webp","properties_post_image_url_thumbnail":"https:\/\/movin.cloud\/empresas\/2438\/imagenes\/thumbnails\/228818\/habitalia.webp","properties_post_title":"habitalia","properties_post_alt":"habitalia"},{"properties_post_image_order":5,"properties_post_image_url":"https:\/\/movin.cloud\/empresas\/2438\/imagenes\/228818\/alquilar.webp","properties_post_image_url_thumbnail":"https:\/\/movin.cloud\/empresas\/2438\/imagenes\/thumbnails\/228818\/alquilar.webp","properties_post_title":"alquilar","properties_post_alt":"alquilar"},{"properties_post_image_order":6,"properties_post_image_url":"https:\/\/movin.cloud\/empresas\/2438\/imagenes\/228818\/alquiler-para-idealista.webp","properties_post_image_url_thumbnail":"https:\/\/movin.cloud\/empresas\/2438\/imagenes\/thumbnails\/228818\/alquiler-para-idealista.webp","properties_post_title":"alquiler para idealista","properties_post_alt":"alquiler para idealista"},{"properties_post_image_order":7,"properties_post_image_url":"https:\/\/movin.cloud\/empresas\/2438\/imagenes\/228818\/en-alquiler-1.webp","properties_post_image_url_thumbnail":"https:\/\/movin.cloud\/empresas\/2438\/imagenes\/thumbnails\/228818\/en-alquiler-1.webp","properties_post_title":"en alquiler 1","properties_post_alt":"en alquiler 1"},{"properties_post_image_order":8,"properties_post_image_url":"https:\/\/movin.cloud\/empresas\/2438\/imagenes\/228818\/en-alquiler-2.webp","properties_post_image_url_thumbnail":"https:\/\/movin.cloud\/empresas\/2438\/imagenes\/thumbnails\/228818\/en-alquiler-2.webp","properties_post_title":"en alquiler 2","properties_post_alt":"en alquiler 2"},{"properties_post_image_order":9,"properties_post_image_url":"https:\/\/movin.cloud\/empresas\/2438\/imagenes\/228818\/en-alquiler-3.webp","properties_post_image_url_thumbnail":"https:\/\/movin.cloud\/empresas\/2438\/imagenes\/thumbnails\/228818\/en-alquiler-3.webp","properties_post_title":"en alquiler 3","properties_post_alt":"en alquiler 3"},{"properties_post_image_order":10,"properties_post_image_url":"https:\/\/movin.cloud\/empresas\/2438\/imagenes\/228818\/en-alquiler-4.webp","properties_post_image_url_thumbnail":"https:\/\/movin.cloud\/empresas\/2438\/imagenes\/thumbnails\/228818\/en-alquiler-4.webp","properties_post_title":"en alquiler 4","properties_post_alt":"en alquiler 4"},{"properties_post_image_order":11,"properties_post_image_url":"https:\/\/movin.cloud\/empresas\/2438\/imagenes\/228818\/en-alquiler-5.webp","properties_post_image_url_thumbnail":"https:\/\/movin.cloud\/empresas\/2438\/imagenes\/thumbnails\/228818\/en-alquiler-5.webp","properties_post_title":"en alquiler 5","properties_post_alt":"en alquiler 5"},{"properties_post_image_order":12,"properties_post_image_url":"https:\/\/movin.cloud\/empresas\/2438\/imagenes\/228818\/en-alquiler-6.webp","properties_post_image_url_thumbnail":"https:\/\/movin.cloud\/empresas\/2438\/imagenes\/thumbnails\/228818\/en-alquiler-6.webp","properties_post_title":"en alquiler 6","properties_post_alt":"en alquiler 6"},{"properties_post_image_order":13,"properties_post_image_url":"https:\/\/movin.cloud\/empresas\/2438\/imagenes\/228818\/cornella-de-llobregat-viviendas.webp","properties_post_image_url_thumbnail":"https:\/\/movin.cloud\/empresas\/2438\/imagenes\/thumbnails\/228818\/cornella-de-llobregat-viviendas.webp","properties_post_title":"cornella de llobregat viviendas","properties_post_alt":"cornella de llobregat viviendas"},{"properties_post_image_order":14,"properties_post_image_url":"https:\/\/movin.cloud\/empresas\/2438\/imagenes\/228818\/cornella-de-llobregat-alquiler-para-idealistas.webp","properties_post_image_url_thumbnail":"https:\/\/movin.cloud\/empresas\/2438\/imagenes\/thumbnails\/228818\/cornella-de-llobregat-alquiler-para-idealistas.webp","properties_post_title":"cornella de llobregat alquiler para idealistas","properties_post_alt":"cornella de llobregat alquiler para idealistas"},{"properties_post_image_order":15,"properties_post_image_url":"https:\/\/movin.cloud\/empresas\/2438\/imagenes\/228818\/cornella-de-llobregat-rent.webp","properties_post_image_url_thumbnail":"https:\/\/movin.cloud\/empresas\/2438\/imagenes\/thumbnails\/228818\/cornella-de-llobregat-rent.webp","properties_post_title":"cornella de llobregat rent","properties_post_alt":"cornella de llobregat rent"},{"properties_post_image_order":16,"properties_post_image_url":"https:\/\/movin.cloud\/empresas\/2438\/imagenes\/228818\/cornella-de-llobregat-fincas.webp","properties_post_image_url_thumbnail":"https:\/\/movin.cloud\/empresas\/2438\/imagenes\/thumbnails\/228818\/cornella-de-llobregat-fincas.webp","properties_post_title":"cornella de llobregat fincas","properties_post_alt":"cornella de llobregat fincas"},{"properties_post_image_order":17,"properties_post_image_url":"https:\/\/movin.cloud\/empresas\/2438\/imagenes\/228818\/cornella-de-llobregat-inmobiliarias.webp","properties_post_image_url_thumbnail":"https:\/\/movin.cloud\/empresas\/2438\/imagenes\/thumbnails\/228818\/cornella-de-llobregat-inmobiliarias.webp","properties_post_title":"cornella de llobregat inmobiliarias","properties_post_alt":"cornella de llobregat inmobiliarias"},{"properties_post_image_order":18,"properties_post_image_url":"https:\/\/movin.cloud\/empresas\/2438\/imagenes\/228818\/cornella-de-llobregat-inmobiliaria.webp","properties_post_image_url_thumbnail":"https:\/\/movin.cloud\/empresas\/2438\/imagenes\/thumbnails\/228818\/cornella-de-llobregat-inmobiliaria.webp","properties_post_title":"cornella de llobregat inmobiliaria","properties_post_alt":"cornella de llobregat inmobiliaria"},{"properties_post_image_order":19,"properties_post_image_url":"https:\/\/movin.cloud\/empresas\/2438\/imagenes\/228818\/cornella-de-llobregat-en-alquiler.webp","properties_post_image_url_thumbnail":"https:\/\/movin.cloud\/empresas\/2438\/imagenes\/thumbnails\/228818\/cornella-de-llobregat-en-alquiler.webp","properties_post_title":"cornella de llobregat en alquiler","properties_post_alt":"cornella de llobregat en alquiler"},{"properties_post_image_order":20,"properties_post_image_url":"https:\/\/movin.cloud\/empresas\/2438\/imagenes\/228818\/cornella-de-llobregat-alquiler.webp","properties_post_image_url_thumbnail":"https:\/\/movin.cloud\/empresas\/2438\/imagenes\/thumbnails\/228818\/cornella-de-llobregat-alquiler.webp","properties_post_title":"cornella de llobregat alquiler","properties_post_alt":"cornella de llobregat alquiler"},{"properties_post_image_order":21,"properties_post_image_url":"https:\/\/movin.cloud\/empresas\/2438\/imagenes\/228818\/cornella-de-llobregat-alquiler-idealistas.webp","properties_post_image_url_thumbnail":"https:\/\/movin.cloud\/empresas\/2438\/imagenes\/thumbnails\/228818\/cornella-de-llobregat-alquiler-idealistas.webp","properties_post_title":"cornella de llobregat alquiler idealistas","properties_post_alt":"cornella de llobregat alquiler idealistas"},{"properties_post_image_order":22,"properties_post_image_url":"https:\/\/movin.cloud\/empresas\/2438\/imagenes\/228818\/cornella-de-llobregat-habitalia.webp","properties_post_image_url_thumbnail":"https:\/\/movin.cloud\/empresas\/2438\/imagenes\/thumbnails\/228818\/cornella-de-llobregat-habitalia.webp","properties_post_title":"cornella de llobregat habitalia","properties_post_alt":"cornella de llobregat habitalia"},{"properties_post_image_order":23,"properties_post_image_url":"https:\/\/movin.cloud\/empresas\/2438\/imagenes\/228818\/cornella-de-llobregat-alquilar.webp","properties_post_image_url_thumbnail":"https:\/\/movin.cloud\/empresas\/2438\/imagenes\/thumbnails\/228818\/cornella-de-llobregat-alquilar.webp","properties_post_title":"cornella de llobregat alquilar","properties_post_alt":"cornella de llobregat alquilar"},{"properties_post_image_order":24,"properties_post_image_url":"https:\/\/movin.cloud\/empresas\/2438\/imagenes\/228818\/cornella-de-llobregat-alquiler-para-idealista.webp","properties_post_image_url_thumbnail":"https:\/\/movin.cloud\/empresas\/2438\/imagenes\/thumbnails\/228818\/cornella-de-llobregat-alquiler-para-idealista.webp","properties_post_title":"cornella de llobregat alquiler para idealista","properties_post_alt":"cornella de llobregat alquiler para idealista"},{"properties_post_image_order":25,"properties_post_image_url":"https:\/\/movin.cloud\/empresas\/2438\/imagenes\/228818\/viviendas-cornella-de-llobregat.webp","properties_post_image_url_thumbnail":"https:\/\/movin.cloud\/empresas\/2438\/imagenes\/thumbnails\/228818\/viviendas-cornella-de-llobregat.webp","properties_post_title":"viviendas cornella de llobregat","properties_post_alt":"viviendas cornella de llobregat"},{"properties_post_image_order":26,"properties_post_image_url":"https:\/\/movin.cloud\/empresas\/2438\/imagenes\/228818\/alquiler-para-idealistas-cornella-de-llobregat.webp","properties_post_image_url_thumbnail":"https:\/\/movin.cloud\/empresas\/2438\/imagenes\/thumbnails\/228818\/alquiler-para-idealistas-cornella-de-llobregat.webp","properties_post_title":"alquiler para idealistas cornella de llobregat","properties_post_alt":"alquiler para idealistas cornella de llobregat"},{"properties_post_image_order":27,"properties_post_image_url":"https:\/\/movin.cloud\/empresas\/2438\/imagenes\/228818\/rent-cornella-de-llobregat.webp","properties_post_image_url_thumbnail":"https:\/\/movin.cloud\/empresas\/2438\/imagenes\/thumbnails\/228818\/rent-cornella-de-llobregat.webp","properties_post_title":"rent cornella de llobregat","properties_post_alt":"rent cornella de llobregat"},{"properties_post_image_order":28,"properties_post_image_url":"https:\/\/movin.cloud\/empresas\/2438\/imagenes\/228818\/fincas-cornella-de-llobregat.webp","properties_post_image_url_thumbnail":"https:\/\/movin.cloud\/empresas\/2438\/imagenes\/thumbnails\/228818\/fincas-cornella-de-llobregat.webp","properties_post_title":"fincas cornella de llobregat","properties_post_alt":"fincas cornella de llobregat"},{"properties_post_image_order":29,"properties_post_image_url":"https:\/\/movin.cloud\/empresas\/2438\/imagenes\/228818\/inmobiliarias-cornella-de-llobregat.webp","properties_post_image_url_thumbnail":"https:\/\/movin.cloud\/empresas\/2438\/imagenes\/thumbnails\/228818\/inmobiliarias-cornella-de-llobregat.webp","properties_post_title":"inmobiliarias cornella de llobregat","properties_post_alt":"inmobiliarias cornella de llobregat"},{"properties_post_image_order":30,"properties_post_image_url":"https:\/\/movin.cloud\/empresas\/2438\/imagenes\/228818\/inmobiliaria-cornella-de-llobregat.webp","properties_post_image_url_thumbnail":"https:\/\/movin.cloud\/empresas\/2438\/imagenes\/thumbnails\/228818\/inmobiliaria-cornella-de-llobregat.webp","properties_post_title":"inmobiliaria cornella de llobregat","properties_post_alt":"inmobiliaria cornella de llobregat"},{"properties_post_image_order":31,"properties_post_image_url":"https:\/\/movin.cloud\/empresas\/2438\/imagenes\/228818\/en-alquiler-cornella-de-llobregat.webp","properties_post_image_url_thumbnail":"https:\/\/movin.cloud\/empresas\/2438\/imagenes\/thumbnails\/228818\/en-alquiler-cornella-de-llobregat.webp","properties_post_title":"en alquiler cornella de llobregat","properties_post_alt":"en alquiler cornella de llobregat"},{"properties_post_image_order":32,"properties_post_image_url":"https:\/\/movin.cloud\/empresas\/2438\/imagenes\/228818\/alquiler-cornella-de-llobregat.webp","properties_post_image_url_thumbnail":"https:\/\/movin.cloud\/empresas\/2438\/imagenes\/thumbnails\/228818\/alquiler-cornella-de-llobregat.webp","properties_post_title":"alquiler cornella de llobregat","properties_post_alt":"alquiler cornella de llobregat"},{"properties_post_image_order":33,"properties_post_image_url":"https:\/\/movin.cloud\/empresas\/2438\/imagenes\/228818\/alquiler-idealistas-cornella-de-llobregat.webp","properties_post_image_url_thumbnail":"https:\/\/movin.cloud\/empresas\/2438\/imagenes\/thumbnails\/228818\/alquiler-idealistas-cornella-de-llobregat.webp","properties_post_title":"alquiler idealistas cornella de llobregat","properties_post_alt":"alquiler idealistas cornella de llobregat"},{"properties_post_image_order":34,"properties_post_image_url":"https:\/\/movin.cloud\/empresas\/2438\/imagenes\/228818\/habitalia-cornella-de-llobregat.webp","properties_post_image_url_thumbnail":"https:\/\/movin.cloud\/empresas\/2438\/imagenes\/thumbnails\/228818\/habitalia-cornella-de-llobregat.webp","properties_post_title":"habitalia cornella de llobregat","properties_post_alt":"habitalia cornella de llobregat"},{"properties_post_image_order":35,"properties_post_image_url":"https:\/\/movin.cloud\/empresas\/2438\/imagenes\/228818\/alquilar-cornella-de-llobregat.webp","properties_post_image_url_thumbnail":"https:\/\/movin.cloud\/empresas\/2438\/imagenes\/thumbnails\/228818\/alquilar-cornella-de-llobregat.webp","properties_post_title":"alquilar cornella de llobregat","properties_post_alt":"alquilar cornella de llobregat"},{"properties_post_image_order":36,"properties_post_image_url":"https:\/\/movin.cloud\/empresas\/2438\/imagenes\/228818\/alquiler-para-idealista-cornella-de-llobregat.webp","properties_post_image_url_thumbnail":"https:\/\/movin.cloud\/empresas\/2438\/imagenes\/thumbnails\/228818\/alquiler-para-idealista-cornella-de-llobregat.webp","properties_post_title":"alquiler para idealista cornella de llobregat","properties_post_alt":"alquiler para idealista cornella de llobregat"},{"properties_post_image_order":37,"properties_post_image_url":"https:\/\/movin.cloud\/empresas\/2438\/imagenes\/228818\/viviendas.webp","properties_post_image_url_thumbnail":"https:\/\/movin.cloud\/empresas\/2438\/imagenes\/thumbnails\/228818\/viviendas.webp","properties_post_title":"viviendas","properties_post_alt":"viviendas"},{"properties_post_image_order":38,"properties_post_image_url":"https:\/\/movin.cloud\/empresas\/2438\/imagenes\/228818\/alquiler-para-idealistas.webp","properties_post_image_url_thumbnail":"https:\/\/movin.cloud\/empresas\/2438\/imagenes\/thumbnails\/228818\/alquiler-para-idealistas.webp","properties_post_title":"alquiler para idealistas","properties_post_alt":"alquiler para idealistas"},{"properties_post_image_order":39,"properties_post_image_url":"https:\/\/movin.cloud\/empresas\/2438\/imagenes\/228818\/rent.webp","properties_post_image_url_thumbnail":"https:\/\/movin.cloud\/empresas\/2438\/imagenes\/thumbnails\/228818\/rent.webp","properties_post_title":"rent","properties_post_alt":"rent"},{"properties_post_image_order":40,"properties_post_image_url":"https:\/\/movin.cloud\/empresas\/2438\/imagenes\/228818\/fincas.webp","properties_post_image_url_thumbnail":"https:\/\/movin.cloud\/empresas\/2438\/imagenes\/thumbnails\/228818\/fincas.webp","properties_post_title":"fincas","properties_post_alt":"fincas"},{"properties_post_image_order":41,"properties_post_image_url":"https:\/\/movin.cloud\/empresas\/2438\/imagenes\/228818\/inmobiliarias.webp","properties_post_image_url_thumbnail":"https:\/\/movin.cloud\/empresas\/2438\/imagenes\/thumbnails\/228818\/inmobiliarias.webp","properties_post_title":"inmobiliarias","properties_post_alt":"inmobiliarias"},{"properties_post_image_order":42,"properties_post_image_url":"https:\/\/movin.cloud\/empresas\/2438\/imagenes\/228818\/inmobiliaria.webp","properties_post_image_url_thumbnail":"https:\/\/movin.cloud\/empresas\/2438\/imagenes\/thumbnails\/228818\/inmobiliaria.webp","properties_post_title":"inmobiliaria","properties_post_alt":"inmobiliaria"}],"post_type_properties_post_videos":null,"post_type_properties_post_tour":null,"post_type_properties_post_dossier_url":"","post_type_properties_post_operation_type":"rent","post_type_properties_post_operation_price":3337,"post_type_properties_post_features_hidden_price":false},"yoast_head":"<!-- This site is optimized with the Yoast SEO plugin v27.4 - https:\/\/yoast.com\/product\/yoast-seo-wordpress\/ -->\n<title>Oficina disponible en edificio Dublin dentro del complejo Parque Empresarial City Parc de Cornell\u00e0 de Llobregat. Barcelona. - Forcadell<\/title>\n<meta name=\"robots\" content=\"index, follow, max-snippet:-1, max-image-preview:large, max-video-preview:-1\" \/>\n<link rel=\"canonical\" href=\"https:\/\/forcadell.com\/en\/propiedades\/oficina-disponible-en-edificio-dublin-dentro-del-complejo-parque-empresarial-city-parc-de-cornella-de-llobregat-barcelona-5\/\" \/>\n<meta property=\"og:locale\" content=\"en_US\" \/>\n<meta property=\"og:type\" content=\"article\" \/>\n<meta property=\"og:title\" content=\"Oficina disponible en edificio Dublin dentro del complejo Parque Empresarial City Parc de Cornell\u00e0 de Llobregat. Barcelona. - Forcadell\" \/>\n<meta property=\"og:description\" content=\"Oficina disponible en edificio Dublin dentro del complejo Parque Empresarial City Parc de Cornell\u00e0 de Llobregat. El recinto se sit\u00faa en un entorno de negocios con f\u00e1cil acceso a la Ronda de Dalt. A tan solo 10 km del centro de Barcelona, a 10 minutos del Aeropuerto de El Prat y a 15 minutos del [&hellip;]\" \/>\n<meta property=\"og:url\" content=\"https:\/\/forcadell.com\/en\/propiedades\/oficina-disponible-en-edificio-dublin-dentro-del-complejo-parque-empresarial-city-parc-de-cornella-de-llobregat-barcelona-5\/\" \/>\n<meta property=\"og:site_name\" content=\"Forcadell\" \/>\n<meta property=\"article:modified_time\" content=\"2026-05-02T02:05:21+00:00\" \/>\n<meta name=\"twitter:card\" content=\"summary_large_image\" \/>\n<meta name=\"twitter:label1\" content=\"Est. reading time\" \/>\n\t<meta name=\"twitter:data1\" content=\"1 minute\" \/>\n<!-- \/ Yoast SEO plugin. -->","yoast_head_json":{"title":"Oficina disponible en edificio Dublin dentro del complejo Parque Empresarial City Parc de Cornell\u00e0 de Llobregat. Barcelona. - Forcadell","robots":{"index":"index","follow":"follow","max-snippet":"max-snippet:-1","max-image-preview":"max-image-preview:large","max-video-preview":"max-video-preview:-1"},"canonical":"https:\/\/forcadell.com\/en\/propiedades\/oficina-disponible-en-edificio-dublin-dentro-del-complejo-parque-empresarial-city-parc-de-cornella-de-llobregat-barcelona-5\/","og_locale":"en_US","og_type":"article","og_title":"Oficina disponible en edificio Dublin dentro del complejo Parque Empresarial City Parc de Cornell\u00e0 de Llobregat. Barcelona. - Forcadell","og_description":"Oficina disponible en edificio Dublin dentro del complejo Parque Empresarial City Parc de Cornell\u00e0 de Llobregat. El recinto se sit\u00faa en un entorno de negocios con f\u00e1cil acceso a la Ronda de Dalt. A tan solo 10 km del centro de Barcelona, a 10 minutos del Aeropuerto de El Prat y a 15 minutos del [&hellip;]","og_url":"https:\/\/forcadell.com\/en\/propiedades\/oficina-disponible-en-edificio-dublin-dentro-del-complejo-parque-empresarial-city-parc-de-cornella-de-llobregat-barcelona-5\/","og_site_name":"Forcadell","article_modified_time":"2026-05-02T02:05:21+00:00","twitter_card":"summary_large_image","twitter_misc":{"Est. reading time":"1 minute"},"schema":{"@context":"https:\/\/schema.org","@graph":[{"@type":"WebPage","@id":"https:\/\/forcadell.com\/en\/propiedades\/oficina-disponible-en-edificio-dublin-dentro-del-complejo-parque-empresarial-city-parc-de-cornella-de-llobregat-barcelona-5\/","url":"https:\/\/forcadell.com\/en\/propiedades\/oficina-disponible-en-edificio-dublin-dentro-del-complejo-parque-empresarial-city-parc-de-cornella-de-llobregat-barcelona-5\/","name":"Oficina disponible en edificio Dublin dentro del complejo Parque Empresarial City Parc de Cornell\u00e0 de Llobregat. Barcelona. - Forcadell","isPartOf":{"@id":"https:\/\/forcadell.com\/en\/#website"},"datePublished":"2026-04-30T09:50:32+00:00","dateModified":"2026-05-02T02:05:21+00:00","breadcrumb":{"@id":"https:\/\/forcadell.com\/en\/propiedades\/oficina-disponible-en-edificio-dublin-dentro-del-complejo-parque-empresarial-city-parc-de-cornella-de-llobregat-barcelona-5\/#breadcrumb"},"inLanguage":"en-US","potentialAction":[{"@type":"ReadAction","target":["https:\/\/forcadell.com\/en\/propiedades\/oficina-disponible-en-edificio-dublin-dentro-del-complejo-parque-empresarial-city-parc-de-cornella-de-llobregat-barcelona-5\/"]}]},{"@type":"BreadcrumbList","@id":"https:\/\/forcadell.com\/en\/propiedades\/oficina-disponible-en-edificio-dublin-dentro-del-complejo-parque-empresarial-city-parc-de-cornella-de-llobregat-barcelona-5\/#breadcrumb","itemListElement":[{"@type":"ListItem","position":1,"name":"Portada","item":"https:\/\/forcadell.com\/en\/"},{"@type":"ListItem","position":2,"name":"Properties","item":"https:\/\/forcadell.com\/en\/propiedades\/"},{"@type":"ListItem","position":3,"name":"Oficina disponible en edificio Dublin dentro del complejo Parque Empresarial City Parc de Cornell\u00e0 de Llobregat. Barcelona."}]},{"@type":"WebSite","@id":"https:\/\/forcadell.com\/en\/#website","url":"https:\/\/forcadell.com\/en\/","name":"Forcadell","description":"Inmobiliaria Barcelona | Consultores inmobiliarios","potentialAction":[{"@type":"SearchAction","target":{"@type":"EntryPoint","urlTemplate":"https:\/\/forcadell.com\/en\/?s={search_term_string}"},"query-input":{"@type":"PropertyValueSpecification","valueRequired":true,"valueName":"search_term_string"}}],"inLanguage":"en-US"}]}},"_links":{"self":[{"href":"https:\/\/forcadell.com\/en\/wp-json\/wp\/v2\/properties_post\/65002","targetHints":{"allow":["GET"]}}],"collection":[{"href":"https:\/\/forcadell.com\/en\/wp-json\/wp\/v2\/properties_post"}],"about":[{"href":"https:\/\/forcadell.com\/en\/wp-json\/wp\/v2\/types\/properties_post"}],"wp:attachment":[{"href":"https:\/\/forcadell.com\/en\/wp-json\/wp\/v2\/media?parent=65002"}],"curies":[{"name":"wp","href":"https:\/\/api.w.org\/{rel}","templated":true}]}}