{"id":64930,"date":"2026-04-30T11:46:59","date_gmt":"2026-04-30T09:46:59","guid":{"rendered":"https:\/\/forcadell.com\/propiedades\/oficina-alquiler-madrid-paseo-la-castellana-torre-realia\/"},"modified":"2026-04-30T15:03:28","modified_gmt":"2026-04-30T13:03:28","slug":"oficina-alquiler-madrid-paseo-la-castellana-torre-realia","status":"publish","type":"properties_post","link":"https:\/\/forcadell.com\/en\/propiedades\/oficina-alquiler-madrid-paseo-la-castellana-torre-realia\/","title":{"rendered":"Oficina alquiler Madrid. Paseo la Castellana &#8211; Torre Realia."},"content":{"rendered":"<p>Oficina en alquiler en emblem\u00e1tico edificio de la capital, ubicado en el Paseo de la Castellana, pr\u00f3ximo a Plaza Castilla. Conocida por ser una de las zonas m\u00e1s exclusivas y demandadas de Madrid, albergando sedes de empresas nacionales e internacionales, entidades financieras y centros de negocios. Adem\u00e1s, cuenta con una amplia variedad de servicios, como restaurantes y cafeter\u00edas, hoteles de lujo, centros comerciales, parques y zonas verdes.<\/p>\n<p>Caracter\u00edsticas a destacar:<br \/>\n&#8211; Moderno lobby con recepci\u00f3n y control de accesos.<br \/>\n&#8211; Servicio de mensajer\u00eda interno.<br \/>\n&#8211; Sala de fitness y vestuarios para tu comodidad.<br \/>\n&#8211; Oficina di\u00e1fana distribuida en dos plantas.<br \/>\n&#8211; Suelo t\u00e9cnico con falso techo y una altura libre de 2,85 m.<br \/>\n&#8211; Certificaci\u00f3n BREEAM y calificaci\u00f3n energ\u00e9tica: C.<br \/>\n&#8211; Parking con plazas disponibles para coches el\u00e9ctricos y bicicletas.<br \/>\n&#8211; Muelle de carga y descarga.<\/p>\n<p>Goza de excelentes comunicaciones con el transporte p\u00fablico debido a su proximidad con el intercambiador de Plaza Castilla y la estaci\u00f3n de tren de Chamart\u00edn. Adem\u00e1s, tener conexi\u00f3n inmediata a las principales v\u00edas r\u00e1pidas de la ciudad.<\/p>\n<p>Transportes:<br \/>\nMetro: Plaza Castilla (L\u00edneas 1, 9 y 10).<br \/>\nAutobuses: 5, 27, 42, 49, 66, 67, 70, 80, 107, 124, 129, 134.<\/p>\n<p>Renta de parking: 180 \u20ac\/plaza\/mes.<\/p>\n","protected":false},"template":"","class_list":["post-64930","properties_post","type-properties_post","status-publish","hentry","properties_modality-rent","properties_district-chamartin","properties_province-madrid","properties_zone-cbd","properties_state-madrid","properties_subclass-oficina","properties_type-oficina"],"acf":{"post_type_properties_post_property_code":"223795","post_type_properties_post_property_reference":"IE-198589","post_type_properties_post_owner_id":"57783","post_type_properties_post_owner_name":"REALIA PATRIMONIO SLU","post_type_properties_post_property_code_encrypted":"MjkkODM2Mg==","post_type_properties_post_published":"1","post_type_properties_post_property_visibility":"idealista","post_type_properties_post_contact_name":"Forcadell Oficinas Madrid","post_type_properties_post_contact_email":"forcadell.oficinas.madrid@movin.cloud","post_type_properties_post_contact_primary_phone_prefix":"34","post_type_properties_post_contact_primary_phone_number":"917886880","post_type_properties_post_address_visibility":"street","post_type_properties_post_address_country":"Spain","post_type_properties_post_address_coordinates_precision":"exact","post_type_properties_post_address_postal_code":"28046","post_type_properties_post_address_coordinates_latitude":"40.466693000002","post_type_properties_post_address_coordinates_longitude":"-3.688075999998","post_type_properties_post_address_street_name":"PS Castellana 216.","post_type_properties_post_address_floor":"","post_type_properties_post_address_town":"Madrid","post_type_properties_post_building":null,"post_type_properties_post_property":[{"properties_post_description_language":"catalan","properties_post_title":"Oficina lloguer Madrid. Passeig de la Castellana - Torre Realia.","properties_post_short_description_text_alt":"","properties_post_description_text_alt":"","properties_post_short_description_text":"Oficina en lloguer en un emblem\u00e0tic edifici de la capital, situat al Passeig de la Castellana, a prop de la Pla\u00e7a Castella. Coneguda per ser una de les zones m\u00e9s exclusives i demandades de Madrid, acull seus d'empreses nacionals i internacionals, entitats financeres i centres de negocis. A m\u00e9s, compta amb una \u00e0mplia varietat de serveis, com ara restaurants i cafeteries, hotels de luxe, centres comercials, parcs i zones verdes. \n \nCaracter\u00edstiques a destacar: \n- Modern vest\u00edbul amb recepci\u00f3 i control d'acc\u00e9s. \n- Servei de missatgeria interna. \n- Sales de fitness i vestuaris per a la teva comoditat. \n- Oficina di\u00e0fana amb finestrals de s\u00f2l a sostre, que ofereixen vistes panor\u00e0miques impressionants. \n- Terres t\u00e8cnics amb fals sostre i una altura lliure de 2,85 m. \n- Certificaci\u00f3 BREEAM i qualificaci\u00f3 energ\u00e8tica: C. \n- Aparcament amb places disponibles per a cotxes el\u00e8ctrics i bicicletes. \n- Porta de c\u00e0rrega i desc\u00e0rrega. \n \nTransports: \nMetro: Pla\u00e7a Castella (L1, L9, L10) \nAutobusos: 5, 2","properties_post_link_demanda_inmueble":"https:\/\/movin.cloud\/ca\/Forcadell Oficinas Madrid\/formulari-peticio-immoble\/sth\/2462&&223795","properties_post_link_demanda_calendario_inmueble":"https:\/\/movin.cloud\/ca\/Forcadell Oficinas Madrid\/calendari-peticio-immoble\/sth\/2462&&223795","properties_post_description_text":"Oficina en lloguer en un emblem\u00e0tic edifici de la capital, situat al Passeig de la Castellana, a prop de la Pla\u00e7a Castella. Coneguda per ser una de les zones m\u00e9s exclusives i demandades de Madrid, acull seus d'empreses nacionals i internacionals, entitats financeres i centres de negocis. A m\u00e9s, compta amb una \u00e0mplia varietat de serveis, com ara restaurants i cafeteries, hotels de luxe, centres comercials, parcs i zones verdes. \n \nCaracter\u00edstiques a destacar: \n- Modern vest\u00edbul amb recepci\u00f3 i control d'acc\u00e9s. \n- Servei de missatgeria interna. \n- Sales de fitness i vestuaris per a la teva comoditat. \n- Oficina di\u00e0fana amb finestrals de s\u00f2l a sostre, que ofereixen vistes panor\u00e0miques impressionants. \n- Terres t\u00e8cnics amb fals sostre i una altura lliure de 2,85 m. \n- Certificaci\u00f3 BREEAM i qualificaci\u00f3 energ\u00e8tica: C. \n- Aparcament amb places disponibles per a cotxes el\u00e8ctrics i bicicletes. \n- Porta de c\u00e0rrega i desc\u00e0rrega. \n \nTransports: \nMetro: Pla\u00e7a Castella (L1, L9, L10) \nAutobusos: 5, 27, 42, 49, 66, 67, 70, 80, 107, 124, 129, 134. \n \nRenda aparcament: 180 \u20ac \/ pla\u00e7a \/ mes. \n \n**Les imatges corresponen a oficina tipus**","properties_post_seo_title":"","properties_post_seo_alias":"","properties_post_seo_metadescription":"","properties_post_seo_key_words":"oficina lloguer Madrid, lloguer oficina Madrid, oficina Madrid","properties_post_seo_url":"","properties_post_terms_conditions":""},{"properties_post_description_language":"spanish","properties_post_title":"Oficina alquiler Madrid. Paseo la Castellana - Torre Realia.","properties_post_short_description_text_alt":"","properties_post_description_text_alt":"","properties_post_short_description_text":"Oficina en alquiler en emblem\u00e1tico edificio de la capital, ubicado en el Paseo de la Castellana, pr\u00f3ximo a Plaza Castilla. Conocida por ser una de las zonas m\u00e1s exclusivas y demandadas de Madrid, albergando sedes de empresas nacionales e internacionales, entidades financieras y centros de negocios. Adem\u00e1s, cuenta con una amplia variedad de servicios, como restaurantes y cafeter\u00edas, hoteles de lujo, centros comerciales, parques y zonas verdes.\n","properties_post_link_demanda_inmueble":"https:\/\/movin.cloud\/es\/Forcadell Oficinas Madrid\/formulario-peticion-inmueble\/sth\/2462&&223795","properties_post_link_demanda_calendario_inmueble":"https:\/\/movin.cloud\/es\/Forcadell Oficinas Madrid\/calendario-peticion-inmueble\/sth\/2462&&223795","properties_post_description_text":"Oficina en alquiler en emblem\u00e1tico edificio de la capital, ubicado en el Paseo de la Castellana, pr\u00f3ximo a Plaza Castilla. Conocida por ser una de las zonas m\u00e1s exclusivas y demandadas de Madrid, albergando sedes de empresas nacionales e internacionales, entidades financieras y centros de negocios. Adem\u00e1s, cuenta con una amplia variedad de servicios, como restaurantes y cafeter\u00edas, hoteles de lujo, centros comerciales, parques y zonas verdes.\n\nCaracter\u00edsticas a destacar:\n- Moderno lobby con recepci\u00f3n y control de accesos.\n- Servicio de mensajer\u00eda interno.\n- Sala de fitness y vestuarios para tu comodidad.\n- Oficina di\u00e1fana distribuida en dos plantas. \n- Suelo t\u00e9cnico con falso techo y una altura libre de 2,85 m.\n- Certificaci\u00f3n BREEAM y calificaci\u00f3n energ\u00e9tica: C.\n- Parking con plazas disponibles para coches el\u00e9ctricos y bicicletas.\n- Muelle de carga y descarga.\n\nGoza de excelentes comunicaciones con el transporte p\u00fablico debido a su proximidad con el intercambiador de Plaza Castilla y la estaci\u00f3n de tren de Chamart\u00edn. Adem\u00e1s, tener conexi\u00f3n inmediata a las principales v\u00edas r\u00e1pidas de la ciudad.\n\nTransportes: \nMetro: Plaza Castilla (L\u00edneas 1, 9 y 10).\nAutobuses: 5, 27, 42, 49, 66, 67, 70, 80, 107, 124, 129, 134.\n\nRenta de parking: 180 \u20ac\/plaza\/mes.","properties_post_seo_title":"","properties_post_seo_alias":"","properties_post_seo_metadescription":"Oficina alquiler Torre Realia. Paseo de la Castellana. Madrid. Forcadell","properties_post_seo_key_words":"oficina alquiler Madrid, alquiler oficina Madrid, oficina Madrid, oficina en Paseo la Castellana","properties_post_seo_url":"","properties_post_terms_conditions":""},{"properties_post_description_language":"english","properties_post_title":"Madrid office rental. Paseo de la Castellana - Torre Realia.","properties_post_short_description_text_alt":"","properties_post_description_text_alt":"","properties_post_short_description_text":"Office for rent in an iconic building in the capital, located on Paseo de la Castellana, close to Plaza Castilla. Known for being one of the most exclusive and sought-after areas in Madrid, housing headquarters for national and international companies, financial institutions, and business centers. Additionally, it offers a wide variety of services, such as restaurants and cafes, luxury hotels, shopping centers, parks, and green areas.\n\nHighlighted features:\n- Modern lobby with reception and access control.\n- Internal courier service.\n- Fitness room and changing rooms for your convenience.\n- Open-plan office with floor-to-ceiling windows, offering impressive panoramic views.\n- Raised floor with false ceiling and a free height of 2.85 m.\n- BREEAM certification and energy rating: C.\n- Parking with available spaces for electric cars and bicycles.\n- Loading and unloading dock.\n\nExcellent public transportation connections due to its proximity to the Plaza Castilla interchange and Chamart\u00edn t","properties_post_link_demanda_inmueble":"https:\/\/movin.cloud\/en\/Forcadell Oficinas Madrid\/property-form-request\/sth\/2462&&223795","properties_post_link_demanda_calendario_inmueble":"https:\/\/movin.cloud\/en\/Forcadell Oficinas Madrid\/property-calendar-request\/sth\/2462&&223795","properties_post_description_text":"Office for rent in an iconic building in the capital, located on Paseo de la Castellana, close to Plaza Castilla. Known for being one of the most exclusive and sought-after areas in Madrid, housing headquarters for national and international companies, financial institutions, and business centers. Additionally, it offers a wide variety of services, such as restaurants and cafes, luxury hotels, shopping centers, parks, and green areas.\n\nHighlighted features:\n- Modern lobby with reception and access control.\n- Internal courier service.\n- Fitness room and changing rooms for your convenience.\n- Open-plan office with floor-to-ceiling windows, offering impressive panoramic views.\n- Raised floor with false ceiling and a free height of 2.85 m.\n- BREEAM certification and energy rating: C.\n- Parking with available spaces for electric cars and bicycles.\n- Loading and unloading dock.\n\nExcellent public transportation connections due to its proximity to the Plaza Castilla interchange and Chamart\u00edn train station. Additionally, it has immediate access to the city's main highways.\n\nTransports:\nMetro: Plaza Castilla (Lines 1, 9, and 10).\nBuses: 5, 27, 42, 49, 66, 67, 70, 80, 107, 124, 129, 134.\nParking rent: \u20ac180\/space\/month.\n\n**The images correspond to a typical office.**","properties_post_seo_title":"","properties_post_seo_alias":"","properties_post_seo_metadescription":"","properties_post_seo_key_words":"","properties_post_seo_url":"","properties_post_terms_conditions":""}],"post_type_properties_post_features_type":"office","post_type_properties_post_id_building":"","post_type_properties_post_features_area_constructed":340,"post_type_properties_post_features_conditioned_air":true,"post_type_properties_post_features_doorman":true,"post_type_properties_post_features_heating":true,"post_type_properties_post_features_equipped_kitchen":false,"post_type_properties_post_features_windows_location":"exterior","post_type_properties_post_features_floors_property":false,"post_type_properties_post_features_storage":false,"post_type_properties_post_features_security_door":false,"post_type_properties_post_features_energy_certificate_rating":"C","post_type_properties_post_features_energy_certificate_emissions_rating":"C","post_type_properties_post_features_energy_certificate_emissions_value":9,"post_type_properties_post_features_energy_certificate_performance":56,"post_type_properties_post_features_bathroom_inside":false,"post_type_properties_post_precio":11588.22,"post_type_properties_post_precio_alquiler":11588.22,"post_type_properties_post_record_type_id":"Oficina","post_type_properties_post_categoria__producto":"Oficina","post_type_properties_post_amueblado":false,"post_type_properties_post_precio_m2":34,"post_type_properties_post_zona__comunitaria":false,"post_type_properties_post_electrodomesticos":false,"post_type_properties_post_patio__interior":true,"post_type_properties_post_certificado_energetico_general":"C","post_type_properties_post_certificado_energetico_consumo":"C","post_type_properties_post_certificado_energetico_valor_emisiones":9,"post_type_properties_post_certificado_energetico_valor_consumo":56,"post_type_properties_post_modalidad":"rent","post_type_properties_post_provincia":"Madrid","post_type_properties_post_poblacion":"Madrid","post_type_properties_post_centro__urbano":false,"post_type_properties_post_zonificacion":"CBD","post_type_properties_post_cartera":"Segunda mano","post_type_properties_post_titulo_catalan":"Oficina lloguer Madrid. Passeig de la Castellana - Torre Realia.","post_type_properties_post_internet_catalan":"Oficina en lloguer en un emblem\u00e0tic edifici de la capital, situat al Passeig de la Castellana, a prop de la Pla\u00e7a Castella. Coneguda per ser una de les zones m\u00e9s exclusives i demandades de Madrid, acull seus d'empreses nacionals i internacionals, entitats financeres i centres de negocis. A m\u00e9s, compta amb una \u00e0mplia varietat de serveis, com ara restaurants i cafeteries, hotels de luxe, centres comercials, parcs i zones verdes. \n \nCaracter\u00edstiques a destacar: \n- Modern vest\u00edbul amb recepci\u00f3 i control d'acc\u00e9s. \n- Servei de missatgeria interna. \n- Sales de fitness i vestuaris per a la teva comoditat. \n- Oficina di\u00e0fana amb finestrals de s\u00f2l a sostre, que ofereixen vistes panor\u00e0miques impressionants. \n- Terres t\u00e8cnics amb fals sostre i una altura lliure de 2,85 m. \n- Certificaci\u00f3 BREEAM i qualificaci\u00f3 energ\u00e8tica: C. \n- Aparcament amb places disponibles per a cotxes el\u00e8ctrics i bicicletes. \n- Porta de c\u00e0rrega i desc\u00e0rrega. \n \nTransports: \nMetro: Pla\u00e7a Castella (L1, L9, L10) \nAutobusos: 5, 27, 42, 49, 66, 67, 70, 80, 107, 124, 129, 134. \n \nRenda aparcament: 180 \u20ac \/ pla\u00e7a \/ mes. \n \n**Les imatges corresponen a oficina tipus**","post_type_properties_post_titulo_castellano":"Oficina alquiler Madrid. Paseo la Castellana - Torre Realia.","post_type_properties_post_internet_castellano":"Oficina en alquiler en emblem\u00e1tico edificio de la capital, ubicado en el Paseo de la Castellana, pr\u00f3ximo a Plaza Castilla. Conocida por ser una de las zonas m\u00e1s exclusivas y demandadas de Madrid, albergando sedes de empresas nacionales e internacionales, entidades financieras y centros de negocios. Adem\u00e1s, cuenta con una amplia variedad de servicios, como restaurantes y cafeter\u00edas, hoteles de lujo, centros comerciales, parques y zonas verdes.\n\nCaracter\u00edsticas a destacar:\n- Moderno lobby con recepci\u00f3n y control de accesos.\n- Servicio de mensajer\u00eda interno.\n- Sala de fitness y vestuarios para tu comodidad.\n- Oficina di\u00e1fana distribuida en dos plantas. \n- Suelo t\u00e9cnico con falso techo y una altura libre de 2,85 m.\n- Certificaci\u00f3n BREEAM y calificaci\u00f3n energ\u00e9tica: C.\n- Parking con plazas disponibles para coches el\u00e9ctricos y bicicletas.\n- Muelle de carga y descarga.\n\nGoza de excelentes comunicaciones con el transporte p\u00fablico debido a su proximidad con el intercambiador de Plaza Castilla y la estaci\u00f3n de tren de Chamart\u00edn. Adem\u00e1s, tener conexi\u00f3n inmediata a las principales v\u00edas r\u00e1pidas de la ciudad.\n\nTransportes: \nMetro: Plaza Castilla (L\u00edneas 1, 9 y 10).\nAutobuses: 5, 27, 42, 49, 66, 67, 70, 80, 107, 124, 129, 134.\n\nRenta de parking: 180 \u20ac\/plaza\/mes.","post_type_properties_post_titulo_ingles":"Madrid office rental. Paseo de la Castellana - Torre Realia.","post_type_properties_post_internet_ingles":"Office for rent in an iconic building in the capital, located on Paseo de la Castellana, close to Plaza Castilla. Known for being one of the most exclusive and sought-after areas in Madrid, housing headquarters for national and international companies, financial institutions, and business centers. Additionally, it offers a wide variety of services, such as restaurants and cafes, luxury hotels, shopping centers, parks, and green areas.\n\nHighlighted features:\n- Modern lobby with reception and access control.\n- Internal courier service.\n- Fitness room and changing rooms for your convenience.\n- Open-plan office with floor-to-ceiling windows, offering impressive panoramic views.\n- Raised floor with false ceiling and a free height of 2.85 m.\n- BREEAM certification and energy rating: C.\n- Parking with available spaces for electric cars and bicycles.\n- Loading and unloading dock.\n\nExcellent public transportation connections due to its proximity to the Plaza Castilla interchange and Chamart\u00edn train station. Additionally, it has immediate access to the city's main highways.\n\nTransports:\nMetro: Plaza Castilla (Lines 1, 9, and 10).\nBuses: 5, 27, 42, 49, 66, 67, 70, 80, 107, 124, 129, 134.\nParking rent: \u20ac180\/space\/month.\n\n**The images correspond to a typical office.**","post_type_properties_post_features_classification_commercial":false,"post_type_properties_post_features_conservation":"","post_type_properties_post_features_security_personnel":false,"post_type_properties_post_features_parking_available":false,"post_type_properties_post_features_garage_capacity_type":"","post_type_properties_post_features_bathroom_number":"","post_type_properties_post_eje":"","post_type_properties_post_zona":"","post_type_properties_post_comarca":"","post_type_properties_post_features_built_year":"","post_type_properties_post_renta_mensual":"","post_type_properties_post_fianza":"","post_type_properties_post_features_area_plot":"","post_type_properties_post_features_area_buildable":"","post_type_properties_post_features_classification_industrial":false,"post_type_properties_post_distrito":"","post_type_properties_post_features_balcony":false,"post_type_properties_post_features_bedroom_number":"","post_type_properties_post_features_heating_type":"","post_type_properties_post_features_equipped_with_furniture":false,"post_type_properties_post_features_pets_allowed":false,"post_type_properties_post_features_pool":false,"post_type_properties_post_features_terrace":false,"post_type_properties_post_features_wardrobes":false,"post_type_properties_post_features_lift_available":false,"post_type_properties_post_features_handicap_adapted_access":false,"post_type_properties_post_features_orientation_east":false,"post_type_properties_post_features_orientation_west":false,"post_type_properties_post_features_orientation_north":false,"post_type_properties_post_features_orientation_south":false,"post_type_properties_post_features_parking_spaces_number":"","post_type_properties_post_features_security_alarm":true,"post_type_properties_post_features_security_system":false,"post_type_properties_post_open_plan":false,"post_type_properties_post_acceso_24_7":false,"post_type_properties_post_oficina_privada":false,"post_type_properties_post_sala_reuniones":false,"post_type_properties_post_espacio_eventos":false,"post_type_properties_post_office":false,"post_type_properties_post_restaurant":false,"post_type_properties_post_acepta_traspaso":false,"post_type_properties_post_vigilancia":true,"post_type_properties_post_features_suite":false,"post_type_properties_post_features_vitro":false,"post_type_properties_post_features_oven":false,"post_type_properties_post_features_microwave":false,"post_type_properties_post_features_washing_machine":false,"post_type_properties_post_features_dryer":false,"post_type_properties_post_features_dishwasher":false,"post_type_properties_post_features_fridge":false,"post_type_properties_post_features_fridge_mini":false,"post_type_properties_post_features_kettle":false,"post_type_properties_post_features_toaster":false,"post_type_properties_post_features_coffee_maker":false,"post_type_properties_post_features_iron":false,"post_type_properties_post_features_ironing_board":false,"post_type_properties_post_features_safe":false,"post_type_properties_post_features_internet":true,"post_type_properties_post_features_solarium":false,"post_type_properties_post_features_clean_service":false,"post_type_properties_post_features_t_v":false,"post_type_properties_post_features_satellite_t_v":false,"post_type_properties_post_features_gas_kitchen":false,"post_type_properties_post_features_view_mountain":false,"post_type_properties_post_features_view_sea":false,"post_type_properties_post_features_concierge":false,"post_type_properties_post_features_loading_dock":false,"post_type_properties_post_features_bridge_crane":false,"post_type_properties_post_features_located_at_corner":false,"post_type_properties_post_features_smoke_extraction":false,"post_type_properties_post_features_rooms":"","post_type_properties_post_features_garden_area":"","post_type_properties_post_features_utilities_water":false,"post_type_properties_post_features_utilities_electricity":false,"post_type_properties_post_features_utilities_natural_gas":false,"post_type_properties_post_features_building_adapted":false,"post_type_properties_post_features_garden":false,"post_type_properties_post_features_classification_hotel":false,"post_type_properties_post_features_classification_chalet":false,"post_type_properties_post_certificado_energetico_emisiones":"C","post_type_properties_post_barrio":"","post_type_properties_post_distrito_empresa":"Chamart\u00edn","post_type_properties_post_features_property_category_intern":"","post_type_properties_post_implantada":false,"post_type_properties_post_sello_leed":"","post_type_properties_post_sello_well":"","post_type_properties_post_sello_breeam":false,"post_type_properties_post_images":[{"properties_post_image_order":1,"properties_post_image_url":"https:\/\/movin.cloud\/empresas\/2462\/imagenes\/223795\/en-alquiler-23.webp","properties_post_image_url_thumbnail":"https:\/\/movin.cloud\/empresas\/2462\/imagenes\/thumbnails\/223795\/en-alquiler-23.webp","properties_post_title":"en alquiler 23","properties_post_alt":"en alquiler 23"},{"properties_post_image_order":2,"properties_post_image_url":"https:\/\/movin.cloud\/empresas\/2462\/imagenes\/223795\/habitalia.webp","properties_post_image_url_thumbnail":"https:\/\/movin.cloud\/empresas\/2462\/imagenes\/thumbnails\/223795\/habitalia.webp","properties_post_title":"habitalia","properties_post_alt":"habitalia"},{"properties_post_image_order":3,"properties_post_image_url":"https:\/\/movin.cloud\/empresas\/2462\/imagenes\/223795\/alquiler-para-idealista.webp","properties_post_image_url_thumbnail":"https:\/\/movin.cloud\/empresas\/2462\/imagenes\/thumbnails\/223795\/alquiler-para-idealista.webp","properties_post_title":"alquiler para idealista","properties_post_alt":"alquiler para idealista"},{"properties_post_image_order":4,"properties_post_image_url":"https:\/\/movin.cloud\/empresas\/2462\/imagenes\/223795\/en-alquiler-26.webp","properties_post_image_url_thumbnail":"https:\/\/movin.cloud\/empresas\/2462\/imagenes\/thumbnails\/223795\/en-alquiler-26.webp","properties_post_title":"en alquiler 26","properties_post_alt":"en alquiler 26"},{"properties_post_image_order":5,"properties_post_image_url":"https:\/\/movin.cloud\/empresas\/2462\/imagenes\/223795\/en-alquiler-27.webp","properties_post_image_url_thumbnail":"https:\/\/movin.cloud\/empresas\/2462\/imagenes\/thumbnails\/223795\/en-alquiler-27.webp","properties_post_title":"en alquiler 27","properties_post_alt":"en alquiler 27"},{"properties_post_image_order":6,"properties_post_image_url":"https:\/\/movin.cloud\/empresas\/2462\/imagenes\/223795\/en-alquiler-28.webp","properties_post_image_url_thumbnail":"https:\/\/movin.cloud\/empresas\/2462\/imagenes\/thumbnails\/223795\/en-alquiler-28.webp","properties_post_title":"en alquiler 28","properties_post_alt":"en alquiler 28"},{"properties_post_image_order":7,"properties_post_image_url":"https:\/\/movin.cloud\/empresas\/2462\/imagenes\/223795\/en-alquiler-29.webp","properties_post_image_url_thumbnail":"https:\/\/movin.cloud\/empresas\/2462\/imagenes\/thumbnails\/223795\/en-alquiler-29.webp","properties_post_title":"en alquiler 29","properties_post_alt":"en alquiler 29"},{"properties_post_image_order":8,"properties_post_image_url":"https:\/\/movin.cloud\/empresas\/2462\/imagenes\/223795\/en-alquiler-30.webp","properties_post_image_url_thumbnail":"https:\/\/movin.cloud\/empresas\/2462\/imagenes\/thumbnails\/223795\/en-alquiler-30.webp","properties_post_title":"en alquiler 30","properties_post_alt":"en alquiler 30"},{"properties_post_image_order":9,"properties_post_image_url":"https:\/\/movin.cloud\/empresas\/2462\/imagenes\/223795\/en-alquiler-31.webp","properties_post_image_url_thumbnail":"https:\/\/movin.cloud\/empresas\/2462\/imagenes\/thumbnails\/223795\/en-alquiler-31.webp","properties_post_title":"en alquiler 31","properties_post_alt":"en alquiler 31"},{"properties_post_image_order":10,"properties_post_image_url":"https:\/\/movin.cloud\/empresas\/2462\/imagenes\/223795\/en-alquiler-32.webp","properties_post_image_url_thumbnail":"https:\/\/movin.cloud\/empresas\/2462\/imagenes\/thumbnails\/223795\/en-alquiler-32.webp","properties_post_title":"en alquiler 32","properties_post_alt":"en alquiler 32"},{"properties_post_image_order":11,"properties_post_image_url":"https:\/\/movin.cloud\/empresas\/2462\/imagenes\/223795\/en-alquiler-33.webp","properties_post_image_url_thumbnail":"https:\/\/movin.cloud\/empresas\/2462\/imagenes\/thumbnails\/223795\/en-alquiler-33.webp","properties_post_title":"en alquiler 33","properties_post_alt":"en alquiler 33"},{"properties_post_image_order":12,"properties_post_image_url":"https:\/\/movin.cloud\/empresas\/2462\/imagenes\/223795\/en-alquiler-34.webp","properties_post_image_url_thumbnail":"https:\/\/movin.cloud\/empresas\/2462\/imagenes\/thumbnails\/223795\/en-alquiler-34.webp","properties_post_title":"en alquiler 34","properties_post_alt":"en alquiler 34"},{"properties_post_image_order":13,"properties_post_image_url":"https:\/\/movin.cloud\/empresas\/2462\/imagenes\/223795\/en-alquiler-35.webp","properties_post_image_url_thumbnail":"https:\/\/movin.cloud\/empresas\/2462\/imagenes\/thumbnails\/223795\/en-alquiler-35.webp","properties_post_title":"en alquiler 35","properties_post_alt":"en alquiler 35"},{"properties_post_image_order":14,"properties_post_image_url":"https:\/\/movin.cloud\/empresas\/2462\/imagenes\/223795\/en-alquiler-36.webp","properties_post_image_url_thumbnail":"https:\/\/movin.cloud\/empresas\/2462\/imagenes\/thumbnails\/223795\/en-alquiler-36.webp","properties_post_title":"en alquiler 36","properties_post_alt":"en alquiler 36"},{"properties_post_image_order":15,"properties_post_image_url":"https:\/\/movin.cloud\/empresas\/2462\/imagenes\/223795\/madrid-rent.webp","properties_post_image_url_thumbnail":"https:\/\/movin.cloud\/empresas\/2462\/imagenes\/thumbnails\/223795\/madrid-rent.webp","properties_post_title":"madrid rent","properties_post_alt":"madrid rent"},{"properties_post_image_order":16,"properties_post_image_url":"https:\/\/movin.cloud\/empresas\/2462\/imagenes\/223795\/madrid-alquiler-idealistas.webp","properties_post_image_url_thumbnail":"https:\/\/movin.cloud\/empresas\/2462\/imagenes\/thumbnails\/223795\/madrid-alquiler-idealistas.webp","properties_post_title":"madrid alquiler idealistas","properties_post_alt":"madrid alquiler idealistas"},{"properties_post_image_order":17,"properties_post_image_url":"https:\/\/movin.cloud\/empresas\/2462\/imagenes\/223795\/en-alquiler-4.webp","properties_post_image_url_thumbnail":"https:\/\/movin.cloud\/empresas\/2462\/imagenes\/thumbnails\/223795\/en-alquiler-4.webp","properties_post_title":"en alquiler 4","properties_post_alt":"en alquiler 4"},{"properties_post_image_order":18,"properties_post_image_url":"https:\/\/movin.cloud\/empresas\/2462\/imagenes\/223795\/en-alquiler-22.webp","properties_post_image_url_thumbnail":"https:\/\/movin.cloud\/empresas\/2462\/imagenes\/thumbnails\/223795\/en-alquiler-22.webp","properties_post_title":"en alquiler 22","properties_post_alt":"en alquiler 22"},{"properties_post_image_order":19,"properties_post_image_url":"https:\/\/movin.cloud\/empresas\/2462\/imagenes\/223795\/en-alquiler-24.webp","properties_post_image_url_thumbnail":"https:\/\/movin.cloud\/empresas\/2462\/imagenes\/thumbnails\/223795\/en-alquiler-24.webp","properties_post_title":"en alquiler 24","properties_post_alt":"en alquiler 24"},{"properties_post_image_order":20,"properties_post_image_url":"https:\/\/movin.cloud\/empresas\/2462\/imagenes\/223795\/en-alquiler-25.webp","properties_post_image_url_thumbnail":"https:\/\/movin.cloud\/empresas\/2462\/imagenes\/thumbnails\/223795\/en-alquiler-25.webp","properties_post_title":"en alquiler 25","properties_post_alt":"en alquiler 25"}],"post_type_properties_post_videos":null,"post_type_properties_post_tour":null,"post_type_properties_post_dossier_url":"","post_type_properties_post_operation_type":"rent","post_type_properties_post_operation_price":11588,"post_type_properties_post_features_hidden_price":false},"yoast_head":"<!-- This site is optimized with the Yoast SEO plugin v27.4 - https:\/\/yoast.com\/product\/yoast-seo-wordpress\/ -->\n<title>Oficina alquiler Madrid. Paseo la Castellana - Torre Realia. - Forcadell<\/title>\n<meta name=\"robots\" content=\"index, follow, max-snippet:-1, max-image-preview:large, max-video-preview:-1\" \/>\n<link rel=\"canonical\" href=\"https:\/\/forcadell.com\/en\/propiedades\/oficina-alquiler-madrid-paseo-la-castellana-torre-realia\/\" \/>\n<meta property=\"og:locale\" content=\"en_US\" \/>\n<meta property=\"og:type\" content=\"article\" \/>\n<meta property=\"og:title\" content=\"Oficina alquiler Madrid. Paseo la Castellana - Torre Realia. - Forcadell\" \/>\n<meta property=\"og:description\" content=\"Oficina en alquiler en emblem\u00e1tico edificio de la capital, ubicado en el Paseo de la Castellana, pr\u00f3ximo a Plaza Castilla. Conocida por ser una de las zonas m\u00e1s exclusivas y demandadas de Madrid, albergando sedes de empresas nacionales e internacionales, entidades financieras y centros de negocios. Adem\u00e1s, cuenta con una amplia variedad de servicios, como [&hellip;]\" \/>\n<meta property=\"og:url\" content=\"https:\/\/forcadell.com\/en\/propiedades\/oficina-alquiler-madrid-paseo-la-castellana-torre-realia\/\" \/>\n<meta property=\"og:site_name\" content=\"Forcadell\" \/>\n<meta property=\"article:modified_time\" content=\"2026-04-30T13:03:28+00:00\" \/>\n<meta name=\"twitter:card\" content=\"summary_large_image\" \/>\n<meta name=\"twitter:label1\" content=\"Est. reading time\" \/>\n\t<meta name=\"twitter:data1\" content=\"1 minute\" \/>\n<!-- \/ Yoast SEO plugin. -->","yoast_head_json":{"title":"Oficina alquiler Madrid. Paseo la Castellana - Torre Realia. - Forcadell","robots":{"index":"index","follow":"follow","max-snippet":"max-snippet:-1","max-image-preview":"max-image-preview:large","max-video-preview":"max-video-preview:-1"},"canonical":"https:\/\/forcadell.com\/en\/propiedades\/oficina-alquiler-madrid-paseo-la-castellana-torre-realia\/","og_locale":"en_US","og_type":"article","og_title":"Oficina alquiler Madrid. Paseo la Castellana - Torre Realia. - Forcadell","og_description":"Oficina en alquiler en emblem\u00e1tico edificio de la capital, ubicado en el Paseo de la Castellana, pr\u00f3ximo a Plaza Castilla. Conocida por ser una de las zonas m\u00e1s exclusivas y demandadas de Madrid, albergando sedes de empresas nacionales e internacionales, entidades financieras y centros de negocios. Adem\u00e1s, cuenta con una amplia variedad de servicios, como [&hellip;]","og_url":"https:\/\/forcadell.com\/en\/propiedades\/oficina-alquiler-madrid-paseo-la-castellana-torre-realia\/","og_site_name":"Forcadell","article_modified_time":"2026-04-30T13:03:28+00:00","twitter_card":"summary_large_image","twitter_misc":{"Est. reading time":"1 minute"},"schema":{"@context":"https:\/\/schema.org","@graph":[{"@type":"WebPage","@id":"https:\/\/forcadell.com\/en\/propiedades\/oficina-alquiler-madrid-paseo-la-castellana-torre-realia\/","url":"https:\/\/forcadell.com\/en\/propiedades\/oficina-alquiler-madrid-paseo-la-castellana-torre-realia\/","name":"Oficina alquiler Madrid. Paseo la Castellana - Torre Realia. - Forcadell","isPartOf":{"@id":"https:\/\/forcadell.com\/en\/#website"},"datePublished":"2026-04-30T09:46:59+00:00","dateModified":"2026-04-30T13:03:28+00:00","breadcrumb":{"@id":"https:\/\/forcadell.com\/en\/propiedades\/oficina-alquiler-madrid-paseo-la-castellana-torre-realia\/#breadcrumb"},"inLanguage":"en-US","potentialAction":[{"@type":"ReadAction","target":["https:\/\/forcadell.com\/en\/propiedades\/oficina-alquiler-madrid-paseo-la-castellana-torre-realia\/"]}]},{"@type":"BreadcrumbList","@id":"https:\/\/forcadell.com\/en\/propiedades\/oficina-alquiler-madrid-paseo-la-castellana-torre-realia\/#breadcrumb","itemListElement":[{"@type":"ListItem","position":1,"name":"Portada","item":"https:\/\/forcadell.com\/en\/"},{"@type":"ListItem","position":2,"name":"Properties","item":"https:\/\/forcadell.com\/en\/propiedades\/"},{"@type":"ListItem","position":3,"name":"Oficina alquiler Madrid. Paseo la Castellana &#8211; Torre Realia."}]},{"@type":"WebSite","@id":"https:\/\/forcadell.com\/en\/#website","url":"https:\/\/forcadell.com\/en\/","name":"Forcadell","description":"Inmobiliaria Barcelona | Consultores inmobiliarios","potentialAction":[{"@type":"SearchAction","target":{"@type":"EntryPoint","urlTemplate":"https:\/\/forcadell.com\/en\/?s={search_term_string}"},"query-input":{"@type":"PropertyValueSpecification","valueRequired":true,"valueName":"search_term_string"}}],"inLanguage":"en-US"}]}},"_links":{"self":[{"href":"https:\/\/forcadell.com\/en\/wp-json\/wp\/v2\/properties_post\/64930","targetHints":{"allow":["GET"]}}],"collection":[{"href":"https:\/\/forcadell.com\/en\/wp-json\/wp\/v2\/properties_post"}],"about":[{"href":"https:\/\/forcadell.com\/en\/wp-json\/wp\/v2\/types\/properties_post"}],"wp:attachment":[{"href":"https:\/\/forcadell.com\/en\/wp-json\/wp\/v2\/media?parent=64930"}],"curies":[{"name":"wp","href":"https:\/\/api.w.org\/{rel}","templated":true}]}}