{"id":64661,"date":"2026-04-30T11:33:26","date_gmt":"2026-04-30T09:33:26","guid":{"rendered":"https:\/\/forcadell.com\/propiedades\/napols-av-diagonal\/"},"modified":"2026-05-02T11:59:25","modified_gmt":"2026-05-02T09:59:25","slug":"napols-av-diagonal","status":"publish","type":"properties_post","link":"https:\/\/forcadell.com\/en\/propiedades\/napols-av-diagonal\/","title":{"rendered":"N\u00c0POLS-AV. DIAGONAL"},"content":{"rendered":"<p>Oficinas exteriores en la mejor ubicaci\u00f3n de Barcelona \u2013 Calle N\u00e0pols con Av. Diagonal<\/p>\n<p>Descubre tu pr\u00f3ximo espacio de trabajo en pleno eje principal de negocios de la ciudad. Rodeado de una amplia oferta de comercios, restaurantes, gimnasios, servicios sanitarios, hoteles y zonas verdes, este edificio combina comodidad, visibilidad y conectividad.<\/p>\n<p>Caracter\u00edsticas del edificio:<\/p>\n<p>Servicio de conserjer\u00eda en horario comercial.<br \/>\n2 ascensores.<br \/>\nAcabados de calidad: suelos t\u00e9cnicos y de parqu\u00e9, luminaria fluorescente empotrada, sistema de climatizaci\u00f3n individual VRV.<br \/>\nVentanas practicables que aportan gran luminosidad a todos los espacios.<br \/>\nFibra \u00f3ptica y detectores de incendios.<br \/>\nAlta del suministro de luz incluida.<\/p>\n<p>Excelente comunicaci\u00f3n:<\/p>\n<p>Bus: 6, 19, 33, 34, 50, 51, 55, H10, N1, N7<br \/>\nMetro: L4 y L5<\/p>\n<p>Un espacio pensado para empresas que buscan funcionalidad, confort y prestigio en una de las zonas m\u00e1s demandadas de Barcelona.<\/p>\n","protected":false},"template":"","class_list":["post-64661","properties_post","type-properties_post","status-publish","hentry","properties_modality-rent","properties_district-eixample","properties_province-barcelona","properties_zone-centro","properties_state-barcelona","properties_subclass-oficina","properties_type-oficina"],"acf":{"post_type_properties_post_property_code":"240438","post_type_properties_post_property_reference":"IE-191968","post_type_properties_post_owner_id":"49894","post_type_properties_post_owner_name":"NU\u00d1EZ I NAVARRO - JOSEL, S.L.","post_type_properties_post_property_code_encrypted":"MjkkMjUwMDU=","post_type_properties_post_published":"1","post_type_properties_post_property_visibility":"idealista","post_type_properties_post_contact_name":"Forcadell Oficinas Barcelona","post_type_properties_post_contact_email":"forcadell.oficinas.barcelona@movin.cloud","post_type_properties_post_contact_primary_phone_prefix":"34","post_type_properties_post_contact_primary_phone_number":"934965413","post_type_properties_post_address_visibility":"street","post_type_properties_post_address_country":"Spain","post_type_properties_post_address_coordinates_precision":"exact","post_type_properties_post_address_postal_code":"08013","post_type_properties_post_address_coordinates_latitude":"41.3971115","post_type_properties_post_address_coordinates_longitude":"2.1771248","post_type_properties_post_address_street_name":"CL N\u00e0pols 227","post_type_properties_post_address_floor":"1","post_type_properties_post_address_town":"Barcelona","post_type_properties_post_building":null,"post_type_properties_post_property":[{"properties_post_description_language":"catalan","properties_post_title":"N\u00c0POLS-AV.DIAGONAL","properties_post_short_description_text_alt":"","properties_post_description_text_alt":"","properties_post_short_description_text":" ","properties_post_link_demanda_inmueble":"https:\/\/movin.cloud\/ca\/Forcadell Oficinas Barcelona\/formulari-peticio-immoble\/sth\/2438&&240438","properties_post_link_demanda_calendario_inmueble":"https:\/\/movin.cloud\/ca\/Forcadell Oficinas Barcelona\/calendari-peticio-immoble\/sth\/2438&&240438","properties_post_description_text":"Oficines exteriors a la millor ubicaci\u00f3 de Barcelona \u2013 Carrer N\u00e0pols amb Av. Diagonal\n\nDescobreix el teu proper espai de treball en ple eix principal de negocis de la ciutat. Envoltat d\u00b4una \u00e0mplia oferta de comer\u00e7os, restaurants, gimnasos, serveis sanitaris, hotels i zones verdes, aquest edifici combina comoditat, visibilitat i connectivitat.\n\nCaracter\u00edstiques de l'edifici:\n\nServei de consergeria en horari comercial.\n2 ascensors.\nAcabats de qualitat: terres t\u00e8cnics i de parquet, llumin\u00e0ria fluorescent encastada, sistema de climatitzaci\u00f3 individual VRV.\nFinestres practicables que aporten gran lluminositat a tots els espais.\nFibra \u00f2ptica i detectors dincendis.\nAlta del subministrament de llum inclosa.\n\nExcel\u00b7lent comunicaci\u00f3:\n\nBus: 6, 19, 33, 34, 50, 51, 55, H10, N1, N7\nMetro: L4 i L5\n\nUn espai pensat per a empreses que busquen funcionalitat, confort i prestigi en una de les zones m\u00e9s demanades de Barcelona.","properties_post_seo_title":"","properties_post_seo_alias":"","properties_post_seo_metadescription":"Oficina exterior de lloguer a prop de l'Av Diagonal. C. N\u00e0pols. Forcadell \u00e9s la seva ag\u00e8ncia de confian\u00e7a per al lloguer d'aquesta oficina.","properties_post_seo_key_words":"oficina lloguer zona prime, lloguer oficina zona prime, oficina zona prime","properties_post_seo_url":"","properties_post_terms_conditions":""},{"properties_post_description_language":"spanish","properties_post_title":"N\u00c0POLS-AV. DIAGONAL","properties_post_short_description_text_alt":"","properties_post_description_text_alt":"","properties_post_short_description_text":"","properties_post_link_demanda_inmueble":"https:\/\/movin.cloud\/es\/Forcadell Oficinas Barcelona\/formulario-peticion-inmueble\/sth\/2438&&240438","properties_post_link_demanda_calendario_inmueble":"https:\/\/movin.cloud\/es\/Forcadell Oficinas Barcelona\/calendario-peticion-inmueble\/sth\/2438&&240438","properties_post_description_text":"Oficinas exteriores en la mejor ubicaci\u00f3n de Barcelona \u2013 Calle N\u00e0pols con Av. Diagonal\n\nDescubre tu pr\u00f3ximo espacio de trabajo en pleno eje principal de negocios de la ciudad. Rodeado de una amplia oferta de comercios, restaurantes, gimnasios, servicios sanitarios, hoteles y zonas verdes, este edificio combina comodidad, visibilidad y conectividad.\n\nCaracter\u00edsticas del edificio:\n\nServicio de conserjer\u00eda en horario comercial.\n2 ascensores.\nAcabados de calidad: suelos t\u00e9cnicos y de parqu\u00e9, luminaria fluorescente empotrada, sistema de climatizaci\u00f3n individual VRV.\nVentanas practicables que aportan gran luminosidad a todos los espacios.\nFibra \u00f3ptica y detectores de incendios.\nAlta del suministro de luz incluida.\n\nExcelente comunicaci\u00f3n:\n\nBus: 6, 19, 33, 34, 50, 51, 55, H10, N1, N7\nMetro: L4 y L5\n\nUn espacio pensado para empresas que buscan funcionalidad, confort y prestigio en una de las zonas m\u00e1s demandadas de Barcelona.","properties_post_seo_title":"","properties_post_seo_alias":"","properties_post_seo_metadescription":"Oficina exterior en alquiler pr\u00f3xima a la Av.Diagonal. C. N\u00e0pols. Forcadell es su agencia de confianza para el alquiler de esta oficina.","properties_post_seo_key_words":"oficina alquiler zona prime, alquiler oficina zona prime, oficina zona prime","properties_post_seo_url":"","properties_post_terms_conditions":""},{"properties_post_description_language":"english","properties_post_title":"N\u00c0POLS-AV. DIAGONAL","properties_post_short_description_text_alt":"","properties_post_description_text_alt":"","properties_post_short_description_text":" ","properties_post_link_demanda_inmueble":"https:\/\/movin.cloud\/en\/Forcadell Oficinas Barcelona\/property-form-request\/sth\/2438&&240438","properties_post_link_demanda_calendario_inmueble":"https:\/\/movin.cloud\/en\/Forcadell Oficinas Barcelona\/property-calendar-request\/sth\/2438&&240438","properties_post_description_text":"External offices in the best location in Barcelona \u2013 Calle N\u00e0pols with Av. Diagonal\n\nDiscover your next work space in the main business center of the city. Surrounded by a wide range of shops, restaurants, gyms, health services, hotels and green areas, this building combines comfort, visibility and connectivity.\n\nCharacteristics of the building:\n\nConcierge service during business hours.\n2 elevators.\nQuality finishes: technical and parquet floors, recessed fluorescent lighting, individual VRV air conditioning system.\nOperable windows that bring great light to all spaces.\nFiber optics and fire detectors.\nHigh light supply included.\n\nExcellent communication:\n\nBus: 6, 19, 33, 34, 50, 51, 55, H10, N1, N7\nMetro: L4 and L5\n\nA space designed for companies looking for functionality, comfort and prestige in one of the most sought-after areas of Barcelona.","properties_post_seo_title":"","properties_post_seo_alias":"","properties_post_seo_metadescription":"","properties_post_seo_key_words":"oficina alquiler zona prime, alquiler oficina zona prime, oficina zona prime","properties_post_seo_url":"","properties_post_terms_conditions":""}],"post_type_properties_post_features_type":"office","post_type_properties_post_id_building":"","post_type_properties_post_features_area_constructed":294,"post_type_properties_post_features_conditioned_air":true,"post_type_properties_post_features_doorman":false,"post_type_properties_post_features_heating":true,"post_type_properties_post_features_equipped_kitchen":false,"post_type_properties_post_features_windows_location":"exterior","post_type_properties_post_features_floors_property":false,"post_type_properties_post_features_storage":false,"post_type_properties_post_features_security_door":false,"post_type_properties_post_features_energy_certificate_rating":"C","post_type_properties_post_features_energy_certificate_emissions_rating":"C","post_type_properties_post_features_energy_certificate_emissions_value":33,"post_type_properties_post_features_energy_certificate_performance":134,"post_type_properties_post_features_bathroom_inside":true,"post_type_properties_post_precio":3825.51,"post_type_properties_post_precio_alquiler":3825.51,"post_type_properties_post_record_type_id":"Oficina","post_type_properties_post_categoria__producto":"Oficina","post_type_properties_post_amueblado":false,"post_type_properties_post_precio_m2":13,"post_type_properties_post_zona__comunitaria":false,"post_type_properties_post_electrodomesticos":false,"post_type_properties_post_patio__interior":false,"post_type_properties_post_certificado_energetico_general":"C","post_type_properties_post_certificado_energetico_consumo":"C","post_type_properties_post_certificado_energetico_valor_emisiones":33,"post_type_properties_post_certificado_energetico_valor_consumo":134,"post_type_properties_post_modalidad":"rent","post_type_properties_post_provincia":"Barcelona","post_type_properties_post_poblacion":"Barcelona","post_type_properties_post_centro__urbano":false,"post_type_properties_post_zonificacion":"Centro","post_type_properties_post_cartera":"","post_type_properties_post_titulo_catalan":"N\u00c0POLS-AV.DIAGONAL","post_type_properties_post_internet_catalan":"Oficines exteriors a la millor ubicaci\u00f3 de Barcelona \u2013 Carrer N\u00e0pols amb Av. Diagonal\n\nDescobreix el teu proper espai de treball en ple eix principal de negocis de la ciutat. Envoltat d\u00b4una \u00e0mplia oferta de comer\u00e7os, restaurants, gimnasos, serveis sanitaris, hotels i zones verdes, aquest edifici combina comoditat, visibilitat i connectivitat.\n\nCaracter\u00edstiques de l'edifici:\n\nServei de consergeria en horari comercial.\n2 ascensors.\nAcabats de qualitat: terres t\u00e8cnics i de parquet, llumin\u00e0ria fluorescent encastada, sistema de climatitzaci\u00f3 individual VRV.\nFinestres practicables que aporten gran lluminositat a tots els espais.\nFibra \u00f2ptica i detectors dincendis.\nAlta del subministrament de llum inclosa.\n\nExcel\u00b7lent comunicaci\u00f3:\n\nBus: 6, 19, 33, 34, 50, 51, 55, H10, N1, N7\nMetro: L4 i L5\n\nUn espai pensat per a empreses que busquen funcionalitat, confort i prestigi en una de les zones m\u00e9s demanades de Barcelona.","post_type_properties_post_titulo_castellano":"N\u00c0POLS-AV. DIAGONAL","post_type_properties_post_internet_castellano":"Oficinas exteriores en la mejor ubicaci\u00f3n de Barcelona \u2013 Calle N\u00e0pols con Av. Diagonal\n\nDescubre tu pr\u00f3ximo espacio de trabajo en pleno eje principal de negocios de la ciudad. Rodeado de una amplia oferta de comercios, restaurantes, gimnasios, servicios sanitarios, hoteles y zonas verdes, este edificio combina comodidad, visibilidad y conectividad.\n\nCaracter\u00edsticas del edificio:\n\nServicio de conserjer\u00eda en horario comercial.\n2 ascensores.\nAcabados de calidad: suelos t\u00e9cnicos y de parqu\u00e9, luminaria fluorescente empotrada, sistema de climatizaci\u00f3n individual VRV.\nVentanas practicables que aportan gran luminosidad a todos los espacios.\nFibra \u00f3ptica y detectores de incendios.\nAlta del suministro de luz incluida.\n\nExcelente comunicaci\u00f3n:\n\nBus: 6, 19, 33, 34, 50, 51, 55, H10, N1, N7\nMetro: L4 y L5\n\nUn espacio pensado para empresas que buscan funcionalidad, confort y prestigio en una de las zonas m\u00e1s demandadas de Barcelona.","post_type_properties_post_titulo_ingles":"N\u00c0POLS-AV. DIAGONAL","post_type_properties_post_internet_ingles":"External offices in the best location in Barcelona \u2013 Calle N\u00e0pols with Av. Diagonal\n\nDiscover your next work space in the main business center of the city. Surrounded by a wide range of shops, restaurants, gyms, health services, hotels and green areas, this building combines comfort, visibility and connectivity.\n\nCharacteristics of the building:\n\nConcierge service during business hours.\n2 elevators.\nQuality finishes: technical and parquet floors, recessed fluorescent lighting, individual VRV air conditioning system.\nOperable windows that bring great light to all spaces.\nFiber optics and fire detectors.\nHigh light supply included.\n\nExcellent communication:\n\nBus: 6, 19, 33, 34, 50, 51, 55, H10, N1, N7\nMetro: L4 and L5\n\nA space designed for companies looking for functionality, comfort and prestige in one of the most sought-after areas of Barcelona.","post_type_properties_post_features_classification_commercial":false,"post_type_properties_post_features_conservation":"","post_type_properties_post_features_security_personnel":false,"post_type_properties_post_features_parking_available":false,"post_type_properties_post_features_garage_capacity_type":"","post_type_properties_post_features_bathroom_number":"","post_type_properties_post_eje":"","post_type_properties_post_zona":"","post_type_properties_post_comarca":"","post_type_properties_post_features_built_year":"","post_type_properties_post_renta_mensual":3825.51,"post_type_properties_post_fianza":"","post_type_properties_post_features_area_plot":"","post_type_properties_post_features_area_buildable":"","post_type_properties_post_features_classification_industrial":false,"post_type_properties_post_distrito":"","post_type_properties_post_features_balcony":false,"post_type_properties_post_features_bedroom_number":"","post_type_properties_post_features_heating_type":"","post_type_properties_post_features_equipped_with_furniture":false,"post_type_properties_post_features_pets_allowed":false,"post_type_properties_post_features_pool":false,"post_type_properties_post_features_terrace":false,"post_type_properties_post_features_wardrobes":false,"post_type_properties_post_features_lift_available":false,"post_type_properties_post_features_handicap_adapted_access":false,"post_type_properties_post_features_orientation_east":false,"post_type_properties_post_features_orientation_west":false,"post_type_properties_post_features_orientation_north":false,"post_type_properties_post_features_orientation_south":false,"post_type_properties_post_features_parking_spaces_number":"","post_type_properties_post_features_security_alarm":false,"post_type_properties_post_features_security_system":false,"post_type_properties_post_open_plan":false,"post_type_properties_post_acceso_24_7":false,"post_type_properties_post_oficina_privada":false,"post_type_properties_post_sala_reuniones":false,"post_type_properties_post_espacio_eventos":false,"post_type_properties_post_office":false,"post_type_properties_post_restaurant":false,"post_type_properties_post_acepta_traspaso":false,"post_type_properties_post_vigilancia":false,"post_type_properties_post_features_suite":false,"post_type_properties_post_features_vitro":false,"post_type_properties_post_features_oven":false,"post_type_properties_post_features_microwave":false,"post_type_properties_post_features_washing_machine":false,"post_type_properties_post_features_dryer":false,"post_type_properties_post_features_dishwasher":false,"post_type_properties_post_features_fridge":false,"post_type_properties_post_features_fridge_mini":false,"post_type_properties_post_features_kettle":false,"post_type_properties_post_features_toaster":false,"post_type_properties_post_features_coffee_maker":false,"post_type_properties_post_features_iron":false,"post_type_properties_post_features_ironing_board":false,"post_type_properties_post_features_safe":false,"post_type_properties_post_features_internet":false,"post_type_properties_post_features_solarium":false,"post_type_properties_post_features_clean_service":false,"post_type_properties_post_features_t_v":false,"post_type_properties_post_features_satellite_t_v":false,"post_type_properties_post_features_gas_kitchen":false,"post_type_properties_post_features_view_mountain":false,"post_type_properties_post_features_view_sea":false,"post_type_properties_post_features_concierge":false,"post_type_properties_post_features_loading_dock":false,"post_type_properties_post_features_bridge_crane":false,"post_type_properties_post_features_located_at_corner":false,"post_type_properties_post_features_smoke_extraction":false,"post_type_properties_post_features_rooms":"","post_type_properties_post_features_garden_area":"","post_type_properties_post_features_utilities_water":false,"post_type_properties_post_features_utilities_electricity":false,"post_type_properties_post_features_utilities_natural_gas":false,"post_type_properties_post_features_building_adapted":false,"post_type_properties_post_features_garden":false,"post_type_properties_post_features_classification_hotel":false,"post_type_properties_post_features_classification_chalet":false,"post_type_properties_post_certificado_energetico_emisiones":"C","post_type_properties_post_barrio":"","post_type_properties_post_distrito_empresa":"Eixample","post_type_properties_post_features_property_category_intern":"","post_type_properties_post_implantada":false,"post_type_properties_post_sello_leed":"","post_type_properties_post_sello_well":"","post_type_properties_post_sello_breeam":false,"post_type_properties_post_images":[{"properties_post_image_order":1,"properties_post_image_url":"https:\/\/movin.cloud\/empresas\/2438\/imagenes\/240438\/alquilar.webp","properties_post_image_url_thumbnail":"https:\/\/movin.cloud\/empresas\/2438\/imagenes\/thumbnails\/240438\/alquilar.webp","properties_post_title":"alquilar","properties_post_alt":"alquilar"},{"properties_post_image_order":2,"properties_post_image_url":"https:\/\/movin.cloud\/empresas\/2438\/imagenes\/240438\/en-alquiler.webp","properties_post_image_url_thumbnail":"https:\/\/movin.cloud\/empresas\/2438\/imagenes\/thumbnails\/240438\/en-alquiler.webp","properties_post_title":"en alquiler","properties_post_alt":"en alquiler"},{"properties_post_image_order":3,"properties_post_image_url":"https:\/\/movin.cloud\/empresas\/2438\/imagenes\/240438\/alquiler-para-idealistas.webp","properties_post_image_url_thumbnail":"https:\/\/movin.cloud\/empresas\/2438\/imagenes\/thumbnails\/240438\/alquiler-para-idealistas.webp","properties_post_title":"alquiler para idealistas","properties_post_alt":"alquiler para idealistas"},{"properties_post_image_order":4,"properties_post_image_url":"https:\/\/movin.cloud\/empresas\/2438\/imagenes\/240438\/habitalia.webp","properties_post_image_url_thumbnail":"https:\/\/movin.cloud\/empresas\/2438\/imagenes\/thumbnails\/240438\/habitalia.webp","properties_post_title":"habitalia","properties_post_alt":"habitalia"},{"properties_post_image_order":5,"properties_post_image_url":"https:\/\/movin.cloud\/empresas\/2438\/imagenes\/240438\/alquiler-idealistas.webp","properties_post_image_url_thumbnail":"https:\/\/movin.cloud\/empresas\/2438\/imagenes\/thumbnails\/240438\/alquiler-idealistas.webp","properties_post_title":"alquiler idealistas","properties_post_alt":"alquiler idealistas"},{"properties_post_image_order":6,"properties_post_image_url":"https:\/\/movin.cloud\/empresas\/2438\/imagenes\/240438\/viviendas.webp","properties_post_image_url_thumbnail":"https:\/\/movin.cloud\/empresas\/2438\/imagenes\/thumbnails\/240438\/viviendas.webp","properties_post_title":"viviendas","properties_post_alt":"viviendas"},{"properties_post_image_order":7,"properties_post_image_url":"https:\/\/movin.cloud\/empresas\/2438\/imagenes\/240438\/fincas.webp","properties_post_image_url_thumbnail":"https:\/\/movin.cloud\/empresas\/2438\/imagenes\/thumbnails\/240438\/fincas.webp","properties_post_title":"fincas","properties_post_alt":"fincas"},{"properties_post_image_order":8,"properties_post_image_url":"https:\/\/movin.cloud\/empresas\/2438\/imagenes\/240438\/rent.webp","properties_post_image_url_thumbnail":"https:\/\/movin.cloud\/empresas\/2438\/imagenes\/thumbnails\/240438\/rent.webp","properties_post_title":"rent","properties_post_alt":"rent"},{"properties_post_image_order":11,"properties_post_image_url":"https:\/\/movin.cloud\/empresas\/2438\/imagenes\/240438\/inmobiliarias.webp","properties_post_image_url_thumbnail":"https:\/\/movin.cloud\/empresas\/2438\/imagenes\/thumbnails\/240438\/inmobiliarias.webp","properties_post_title":"inmobiliarias","properties_post_alt":"inmobiliarias"}],"post_type_properties_post_videos":null,"post_type_properties_post_tour":null,"post_type_properties_post_dossier_url":"","post_type_properties_post_operation_type":"rent","post_type_properties_post_operation_price":3825,"post_type_properties_post_features_hidden_price":false},"yoast_head":"<!-- This site is optimized with the Yoast SEO plugin v27.4 - https:\/\/yoast.com\/product\/yoast-seo-wordpress\/ -->\n<title>N\u00c0POLS-AV. DIAGONAL - Forcadell<\/title>\n<meta name=\"robots\" content=\"index, follow, max-snippet:-1, max-image-preview:large, max-video-preview:-1\" \/>\n<link rel=\"canonical\" href=\"https:\/\/forcadell.com\/en\/propiedades\/napols-av-diagonal\/\" \/>\n<meta property=\"og:locale\" content=\"en_US\" \/>\n<meta property=\"og:type\" content=\"article\" \/>\n<meta property=\"og:title\" content=\"N\u00c0POLS-AV. DIAGONAL - Forcadell\" \/>\n<meta property=\"og:description\" content=\"Oficinas exteriores en la mejor ubicaci\u00f3n de Barcelona \u2013 Calle N\u00e0pols con Av. Diagonal Descubre tu pr\u00f3ximo espacio de trabajo en pleno eje principal de negocios de la ciudad. Rodeado de una amplia oferta de comercios, restaurantes, gimnasios, servicios sanitarios, hoteles y zonas verdes, este edificio combina comodidad, visibilidad y conectividad. Caracter\u00edsticas del edificio: Servicio [&hellip;]\" \/>\n<meta property=\"og:url\" content=\"https:\/\/forcadell.com\/en\/propiedades\/napols-av-diagonal\/\" \/>\n<meta property=\"og:site_name\" content=\"Forcadell\" \/>\n<meta property=\"article:modified_time\" content=\"2026-05-02T09:59:25+00:00\" \/>\n<meta name=\"twitter:card\" content=\"summary_large_image\" \/>\n<meta name=\"twitter:label1\" content=\"Est. reading time\" \/>\n\t<meta name=\"twitter:data1\" content=\"1 minute\" \/>\n<!-- \/ Yoast SEO plugin. -->","yoast_head_json":{"title":"N\u00c0POLS-AV. DIAGONAL - Forcadell","robots":{"index":"index","follow":"follow","max-snippet":"max-snippet:-1","max-image-preview":"max-image-preview:large","max-video-preview":"max-video-preview:-1"},"canonical":"https:\/\/forcadell.com\/en\/propiedades\/napols-av-diagonal\/","og_locale":"en_US","og_type":"article","og_title":"N\u00c0POLS-AV. DIAGONAL - Forcadell","og_description":"Oficinas exteriores en la mejor ubicaci\u00f3n de Barcelona \u2013 Calle N\u00e0pols con Av. Diagonal Descubre tu pr\u00f3ximo espacio de trabajo en pleno eje principal de negocios de la ciudad. Rodeado de una amplia oferta de comercios, restaurantes, gimnasios, servicios sanitarios, hoteles y zonas verdes, este edificio combina comodidad, visibilidad y conectividad. Caracter\u00edsticas del edificio: Servicio [&hellip;]","og_url":"https:\/\/forcadell.com\/en\/propiedades\/napols-av-diagonal\/","og_site_name":"Forcadell","article_modified_time":"2026-05-02T09:59:25+00:00","twitter_card":"summary_large_image","twitter_misc":{"Est. reading time":"1 minute"},"schema":{"@context":"https:\/\/schema.org","@graph":[{"@type":"WebPage","@id":"https:\/\/forcadell.com\/en\/propiedades\/napols-av-diagonal\/","url":"https:\/\/forcadell.com\/en\/propiedades\/napols-av-diagonal\/","name":"N\u00c0POLS-AV. DIAGONAL - Forcadell","isPartOf":{"@id":"https:\/\/forcadell.com\/en\/#website"},"datePublished":"2026-04-30T09:33:26+00:00","dateModified":"2026-05-02T09:59:25+00:00","breadcrumb":{"@id":"https:\/\/forcadell.com\/en\/propiedades\/napols-av-diagonal\/#breadcrumb"},"inLanguage":"en-US","potentialAction":[{"@type":"ReadAction","target":["https:\/\/forcadell.com\/en\/propiedades\/napols-av-diagonal\/"]}]},{"@type":"BreadcrumbList","@id":"https:\/\/forcadell.com\/en\/propiedades\/napols-av-diagonal\/#breadcrumb","itemListElement":[{"@type":"ListItem","position":1,"name":"Portada","item":"https:\/\/forcadell.com\/en\/"},{"@type":"ListItem","position":2,"name":"Properties","item":"https:\/\/forcadell.com\/en\/propiedades\/"},{"@type":"ListItem","position":3,"name":"N\u00c0POLS-AV. DIAGONAL"}]},{"@type":"WebSite","@id":"https:\/\/forcadell.com\/en\/#website","url":"https:\/\/forcadell.com\/en\/","name":"Forcadell","description":"Inmobiliaria Barcelona | Consultores inmobiliarios","potentialAction":[{"@type":"SearchAction","target":{"@type":"EntryPoint","urlTemplate":"https:\/\/forcadell.com\/en\/?s={search_term_string}"},"query-input":{"@type":"PropertyValueSpecification","valueRequired":true,"valueName":"search_term_string"}}],"inLanguage":"en-US"}]}},"_links":{"self":[{"href":"https:\/\/forcadell.com\/en\/wp-json\/wp\/v2\/properties_post\/64661","targetHints":{"allow":["GET"]}}],"collection":[{"href":"https:\/\/forcadell.com\/en\/wp-json\/wp\/v2\/properties_post"}],"about":[{"href":"https:\/\/forcadell.com\/en\/wp-json\/wp\/v2\/types\/properties_post"}],"wp:attachment":[{"href":"https:\/\/forcadell.com\/en\/wp-json\/wp\/v2\/media?parent=64661"}],"curies":[{"name":"wp","href":"https:\/\/api.w.org\/{rel}","templated":true}]}}