{"id":30535,"date":"2025-02-10T13:02:40","date_gmt":"2025-02-10T11:02:40","guid":{"rendered":"https:\/\/www.forcadell.com\/?p=30535"},"modified":"2025-02-10T13:17:14","modified_gmt":"2025-02-10T11:17:14","slug":"forcadell-advises-melcombe-partners-on-the-acquisition-of-a-logistics-warehouse-in-el-prat-de-llobregat","status":"publish","type":"post","link":"https:\/\/forcadell.com\/en\/forcadell-advises-melcombe-partners-on-the-acquisition-of-a-logistics-warehouse-in-el-prat-de-llobregat\/","title":{"rendered":"FORCADELL advises Melcombe Partners on the acquisition of a logistics warehouse in El Prat de Llobregat"},"content":{"rendered":"<div class=\"o-container GenericStyles\">\n<p>La gestora de inversiones y activos inmobiliarios de capital privado, <strong>Melcombe Partners<\/strong>, ha adquirido una <strong>nave log\u00edstica en el Prat de Llobregat (Barcelona)<\/strong>, la <strong>principal zona log\u00edstica de \u00faltima milla de Espa\u00f1a<\/strong> y una de las ubicaciones log\u00edsticas urbanas m\u00e1s solicitadas de Europa. La operaci\u00f3n ha sido asesorada por FORCADELL, reafirmando su papel <strong>referente en el mercado inmobiliario log\u00edstico <\/strong>Espa\u00f1ol.<\/p>\n<\/div><div class=\"o-container GenericStyles\">\n<p>Con este activo, <strong>Melcombe Partners sigue aumentando su cartera en Espa\u00f1a<\/strong> apostando por el potencial log\u00edstico de Catalu\u00f1a, siendo esta su cuarta operaci\u00f3n en El Prat de Llobregat. Su objetivo es adaptar la nave a los <strong>m\u00e1ximos est\u00e1ndares de sostenibilidad y eficiencia operativa<\/strong>, con el objetivo de obtener la certificaci\u00f3n BREEAM Excellent. Esta actualizaci\u00f3n posicionar\u00e1 el inmueble como un <strong>activo log\u00edstico de referencia<\/strong> en un mercado cada vez m\u00e1s orientado hacia soluciones sostenibles. Posteriormente, la propiedad estar\u00e1 disponible para su arrendamiento, aline\u00e1ndose con las demandas crecientes del sector.<\/p>\n<\/div><div class=\"o-container GenericStyles\">\n<p>En este sentido, tambi\u00e9n cabe destacar su <strong>ubicaci\u00f3n estrat\u00e9gica en el \u00e1rea metropolitana de Barcelona<\/strong>, concretamente en el Pol\u00edgono Industrial Pratenc de El Prat de Llobregat. As\u00ed, situada en la 1\u00aa Corona log\u00edstica de la ciudad, la plataforma se halla a tan solo 3 km del puerto de Barcelona, uno de los principales <strong><em>hubs<\/em> log\u00edsticos del Mediterr\u00e1neo<\/strong> y a 5 km del aeropuerto de Barcelona-El Prat, clave para operaciones internacionales, y ofreciendo conexi\u00f3n directa con los mercados urbanos estando a 10km del centro de la ciudad.<\/p>\n<\/div><div class=\"o-container GenericStyles\">\n<p>La nave ser\u00e1 reformada para <strong>optimizar operaciones log\u00edsticas exigentes<\/strong>. Dispondr\u00e1 de 7.000 m\u00b2 de primera calidad, con 34 muelles de carga, 2 puertas de acceso TIR, adem\u00e1s de oficinas completamente acondicionadas.<\/p>\n<\/div><div class=\"o-container GenericStyles\">\n<h2 class=\"wp-block-heading\">Barcelona, un mercado log\u00edstico din\u00e1mico<\/h2>\n<\/div><div class=\"o-container GenericStyles\">\n<p>La <strong>primera corona log\u00edstica de Barcelona<\/strong> sigue siendo una de las m\u00e1s competitivas de Europa, con una tasa de disponibilidad de tan solo el 0,81%, tal como destaca el \u00faltimo\u00a0 informe presentado por FORCADELL.<\/p>\n<\/div><div class=\"o-container GenericStyles\">\n<p>Al respecto, Gerard Plana, director del <a href=\"https:\/\/www.forcadell.com\/inmobiliaria-industrial\/\" target=\"_blank\" rel=\"noreferrer noopener\">departamento Industrial \u2013 Log\u00edstica de FORCADELL<\/a> destaca c\u00f3mo \u201cesta operaci\u00f3n refleja la <strong>vitalidad del mercado log\u00edstico en Barcelona<\/strong>, que sigue siendo una de las \u00e1reas m\u00e1s demandadas para el desarrollo y la inversi\u00f3n en activos log\u00edsticos\u201d.<\/p>\n<\/div><div class=\"o-container GenericStyles\">\n<p><a href=\"https:\/\/www.melcombepartners.com\/\" target=\"_blank\" rel=\"noreferrer noopener\">Melcombe Partners<\/a> es un <strong>gestor de inversiones especializado en inmuebles log\u00edsticos <\/strong>enfocado en inversiones estrat\u00e9gicas alrededor de las principales ciudades Europeas.<\/p>\n<\/div><div class=\"o-container GenericStyles\">\n<p>El equipo de Melcombe est\u00e1 compuesto por <strong>profesionales con larga trayectoria en inversiones y gesti\u00f3n de activos<\/strong> con experiencia en Espa\u00f1a, Reino Unido, Francia, Alemania y Pa\u00edses Bajos.<\/p>\n<\/div><div class=\"o-container GenericStyles\">\n<p>Albert Monserrat, Socio y Director General de Melcombe en Espa\u00f1a, destaca: Barcelona es un <strong>mercado estrat\u00e9gico<\/strong> para los inversores institucionales que deseen ampliar su exposici\u00f3n en log\u00edstica urbana europea. Los fundamentales de la primera corona de Barcelona se mantienen robustos, con una disponibilidad muy baja, una demanda s\u00f3lida de naves de \u00faltima generaci\u00f3n y unas barreras naturales muy marcadas que dificultan la generaci\u00f3n de nuevo stock.<\/p>\n<\/div><div class=\"o-container GenericStyles\">\n<p>Melcombe ha adquirido 4 activos en el Prat durante los \u00faltimos 5 a\u00f1os,<strong> consolidando nuestra estrategia de creaci\u00f3n de valor<\/strong> mediante la compra de activos obsoletos para su conversi\u00f3n en producto institucional adaptado a las necesidades actuales de los inquilinos.<\/p>\n<\/div>","protected":false},"excerpt":{"rendered":"<p>The private equity real estate investment and asset management firm has acquired a logistics warehouse in Spain\u2019s main last-mile logistics area and one of the most sought-after urban logistics locations in Europe.<\/p>\n","protected":false},"author":8,"featured_media":30573,"comment_status":"closed","ping_status":"open","sticky":false,"template":"","format":"standard","meta":{"_acf_changed":false,"footnotes":""},"categories":[78],"tags":[],"class_list":["post-30535","post","type-post","status-publish","format-standard","has-post-thumbnail","hentry","category-corporate"],"acf":[],"yoast_head":"<!-- This site is optimized with the Yoast SEO plugin v25.6 - https:\/\/yoast.com\/wordpress\/plugins\/seo\/ -->\n<title>FORCADELL adivses Melcombe Partners I FORCADELL<\/title>\n<meta name=\"description\" content=\"Melcombe Partners, a real estate investment and asset management firm, has acquired a logistics warehouse in El Prat, advised by FORCADELL.\" \/>\n<meta name=\"robots\" content=\"index, follow, max-snippet:-1, max-image-preview:large, max-video-preview:-1\" \/>\n<link rel=\"canonical\" href=\"https:\/\/forcadell.com\/en\/forcadell-advises-melcombe-partners-on-the-acquisition-of-a-logistics-warehouse-in-el-prat-de-llobregat\/\" \/>\n<meta property=\"og:locale\" content=\"en_US\" \/>\n<meta property=\"og:type\" content=\"article\" \/>\n<meta property=\"og:title\" content=\"FORCADELL adivses Melcombe Partners I FORCADELL\" \/>\n<meta property=\"og:description\" content=\"Melcombe Partners, a real estate investment and asset management firm, has acquired a logistics warehouse in El Prat, advised by FORCADELL.\" \/>\n<meta property=\"og:url\" content=\"https:\/\/forcadell.com\/en\/forcadell-advises-melcombe-partners-on-the-acquisition-of-a-logistics-warehouse-in-el-prat-de-llobregat\/\" \/>\n<meta property=\"og:site_name\" content=\"Forcadell\" \/>\n<meta property=\"article:published_time\" content=\"2025-02-10T11:02:40+00:00\" \/>\n<meta property=\"article:modified_time\" content=\"2025-02-10T11:17:14+00:00\" \/>\n<meta property=\"og:image\" content=\"https:\/\/forcadell.com\/wp-content\/uploads\/2025\/02\/forcadell-asesora-melcombe.jpg\" \/>\n\t<meta property=\"og:image:width\" content=\"800\" \/>\n\t<meta property=\"og:image:height\" content=\"450\" \/>\n\t<meta property=\"og:image:type\" content=\"image\/jpeg\" \/>\n<meta name=\"author\" content=\"Laura Baeza\" \/>\n<meta name=\"twitter:card\" content=\"summary_large_image\" \/>\n<meta name=\"twitter:label1\" content=\"Written by\" \/>\n\t<meta name=\"twitter:data1\" content=\"Laura Baeza\" \/>\n\t<meta name=\"twitter:label2\" content=\"Est. reading time\" \/>\n\t<meta name=\"twitter:data2\" content=\"3 minutes\" \/>\n<!-- \/ Yoast SEO plugin. -->","yoast_head_json":{"title":"FORCADELL adivses Melcombe Partners I FORCADELL","description":"Melcombe Partners, a real estate investment and asset management firm, has acquired a logistics warehouse in El Prat, advised by FORCADELL.","robots":{"index":"index","follow":"follow","max-snippet":"max-snippet:-1","max-image-preview":"max-image-preview:large","max-video-preview":"max-video-preview:-1"},"canonical":"https:\/\/forcadell.com\/en\/forcadell-advises-melcombe-partners-on-the-acquisition-of-a-logistics-warehouse-in-el-prat-de-llobregat\/","og_locale":"en_US","og_type":"article","og_title":"FORCADELL adivses Melcombe Partners I FORCADELL","og_description":"Melcombe Partners, a real estate investment and asset management firm, has acquired a logistics warehouse in El Prat, advised by FORCADELL.","og_url":"https:\/\/forcadell.com\/en\/forcadell-advises-melcombe-partners-on-the-acquisition-of-a-logistics-warehouse-in-el-prat-de-llobregat\/","og_site_name":"Forcadell","article_published_time":"2025-02-10T11:02:40+00:00","article_modified_time":"2025-02-10T11:17:14+00:00","og_image":[{"width":800,"height":450,"url":"https:\/\/forcadell.com\/wp-content\/uploads\/2025\/02\/forcadell-asesora-melcombe.jpg","type":"image\/jpeg"}],"author":"Laura Baeza","twitter_card":"summary_large_image","twitter_misc":{"Written by":"Laura Baeza","Est. reading time":"3 minutes"},"schema":{"@context":"https:\/\/schema.org","@graph":[{"@type":"WebPage","@id":"https:\/\/forcadell.com\/en\/forcadell-advises-melcombe-partners-on-the-acquisition-of-a-logistics-warehouse-in-el-prat-de-llobregat\/","url":"https:\/\/forcadell.com\/en\/forcadell-advises-melcombe-partners-on-the-acquisition-of-a-logistics-warehouse-in-el-prat-de-llobregat\/","name":"FORCADELL adivses Melcombe Partners I FORCADELL","isPartOf":{"@id":"https:\/\/forcadell.com\/en\/#website"},"primaryImageOfPage":{"@id":"https:\/\/forcadell.com\/en\/forcadell-advises-melcombe-partners-on-the-acquisition-of-a-logistics-warehouse-in-el-prat-de-llobregat\/#primaryimage"},"image":{"@id":"https:\/\/forcadell.com\/en\/forcadell-advises-melcombe-partners-on-the-acquisition-of-a-logistics-warehouse-in-el-prat-de-llobregat\/#primaryimage"},"thumbnailUrl":"https:\/\/forcadell.com\/wp-content\/uploads\/2025\/02\/forcadell-asesora-melcombe.jpg","datePublished":"2025-02-10T11:02:40+00:00","dateModified":"2025-02-10T11:17:14+00:00","author":{"@id":"https:\/\/forcadell.com\/en\/#\/schema\/person\/195289f3de90044b04388d6b8d593102"},"description":"Melcombe Partners, a real estate investment and asset management firm, has acquired a logistics warehouse in El Prat, advised by FORCADELL.","breadcrumb":{"@id":"https:\/\/forcadell.com\/en\/forcadell-advises-melcombe-partners-on-the-acquisition-of-a-logistics-warehouse-in-el-prat-de-llobregat\/#breadcrumb"},"inLanguage":"en-US","potentialAction":[{"@type":"ReadAction","target":["https:\/\/forcadell.com\/en\/forcadell-advises-melcombe-partners-on-the-acquisition-of-a-logistics-warehouse-in-el-prat-de-llobregat\/"]}]},{"@type":"ImageObject","inLanguage":"en-US","@id":"https:\/\/forcadell.com\/en\/forcadell-advises-melcombe-partners-on-the-acquisition-of-a-logistics-warehouse-in-el-prat-de-llobregat\/#primaryimage","url":"https:\/\/forcadell.com\/wp-content\/uploads\/2025\/02\/forcadell-asesora-melcombe.jpg","contentUrl":"https:\/\/forcadell.com\/wp-content\/uploads\/2025\/02\/forcadell-asesora-melcombe.jpg","width":800,"height":450},{"@type":"BreadcrumbList","@id":"https:\/\/forcadell.com\/en\/forcadell-advises-melcombe-partners-on-the-acquisition-of-a-logistics-warehouse-in-el-prat-de-llobregat\/#breadcrumb","itemListElement":[{"@type":"ListItem","position":1,"name":"Portada","item":"https:\/\/forcadell.com\/en\/"},{"@type":"ListItem","position":2,"name":"FORCADELL advises Melcombe Partners on the acquisition of a logistics warehouse in El Prat de Llobregat"}]},{"@type":"WebSite","@id":"https:\/\/forcadell.com\/en\/#website","url":"https:\/\/forcadell.com\/en\/","name":"Forcadell","description":"Inmobiliaria Barcelona | Consultores inmobiliarios","potentialAction":[{"@type":"SearchAction","target":{"@type":"EntryPoint","urlTemplate":"https:\/\/forcadell.com\/en\/?s={search_term_string}"},"query-input":{"@type":"PropertyValueSpecification","valueRequired":true,"valueName":"search_term_string"}}],"inLanguage":"en-US"},{"@type":"Person","@id":"https:\/\/forcadell.com\/en\/#\/schema\/person\/195289f3de90044b04388d6b8d593102","name":"Laura Baeza","image":{"@type":"ImageObject","inLanguage":"en-US","@id":"https:\/\/forcadell.com\/en\/#\/schema\/person\/image\/","url":"https:\/\/secure.gravatar.com\/avatar\/f776a8db29b293eef4cb88d77f9b0100?s=96&d=mm&r=g","contentUrl":"https:\/\/secure.gravatar.com\/avatar\/f776a8db29b293eef4cb88d77f9b0100?s=96&d=mm&r=g","caption":"Laura Baeza"}}]}},"_links":{"self":[{"href":"https:\/\/forcadell.com\/en\/wp-json\/wp\/v2\/posts\/30535"}],"collection":[{"href":"https:\/\/forcadell.com\/en\/wp-json\/wp\/v2\/posts"}],"about":[{"href":"https:\/\/forcadell.com\/en\/wp-json\/wp\/v2\/types\/post"}],"author":[{"embeddable":true,"href":"https:\/\/forcadell.com\/en\/wp-json\/wp\/v2\/users\/8"}],"replies":[{"embeddable":true,"href":"https:\/\/forcadell.com\/en\/wp-json\/wp\/v2\/comments?post=30535"}],"version-history":[{"count":4,"href":"https:\/\/forcadell.com\/en\/wp-json\/wp\/v2\/posts\/30535\/revisions"}],"predecessor-version":[{"id":30606,"href":"https:\/\/forcadell.com\/en\/wp-json\/wp\/v2\/posts\/30535\/revisions\/30606"}],"wp:featuredmedia":[{"embeddable":true,"href":"https:\/\/forcadell.com\/en\/wp-json\/wp\/v2\/media\/30573"}],"wp:attachment":[{"href":"https:\/\/forcadell.com\/en\/wp-json\/wp\/v2\/media?parent=30535"}],"wp:term":[{"taxonomy":"category","embeddable":true,"href":"https:\/\/forcadell.com\/en\/wp-json\/wp\/v2\/categories?post=30535"},{"taxonomy":"post_tag","embeddable":true,"href":"https:\/\/forcadell.com\/en\/wp-json\/wp\/v2\/tags?post=30535"}],"curies":[{"name":"wp","href":"https:\/\/api.w.org\/{rel}","templated":true}]}}