{"id":5110,"date":"2024-07-16T12:52:07","date_gmt":"2024-07-16T10:52:07","guid":{"rendered":"https:\/\/www.forcadell.com\/servicios-de-arquitectura-inmobiliaria\/"},"modified":"2026-02-06T15:04:09","modified_gmt":"2026-02-06T13:04:09","slug":"arquitectura-immobiliaria","status":"publish","type":"services_post","link":"https:\/\/forcadell.com\/ca\/arquitectura-immobiliaria\/","title":{"rendered":"Serveis d&#8217;arquitectura immobili\u00e0ria"},"content":{"rendered":"<div class=\"o-container GenericStyles\">\n<h2 class=\"wp-block-heading\">Una gran gamma de serveis d\u2019arquitectura immobili\u00e0ria<\/h2>\n<\/div>\n\n<div class=\"o-container GenericStyles\">\n<p>L&#8217;oficina t\u00e8cnica FORVI compta amb un equip d&#8217;arquitectes superiors especialitzats en dirigir projectes d&#8217;obres per a finques. Gr\u00e0cies a l&#8217;experi\u00e8ncia acumulada durant m\u00e9s de 65 anys d&#8217;hist\u00f2ria, s\u2019han pogut realitzar una gran varietat de rehabilitacions d&#8217;edificis i habitatges, aix\u00ed com d&#8217;altres tipus d&#8217;immobles. Aquesta experi\u00e8ncia \u00e9s el seu gran aval.\u00a0\u00a0<\/p>\n<\/div>\n\n<div class=\"o-container GenericStyles\">\n<p>L\u2019equip est\u00e0 qualificat per emetre Certificats d&#8217;Efici\u00e8ncia Energ\u00e8tica, Informes ITE i C\u00e8dules d&#8217;Habitabilitat, i el seu coneixement de la normativa i dels processos constructius permet que els actius que gestiona obtinguin la qualificaci\u00f3 m\u00e9s alta possible.&nbsp;<\/p>\n<\/div>\n\n<div class=\"o-container GenericStyles\">\n<h2 class=\"wp-block-heading\">Serveis d&#8217;arquitectura<\/h2>\n<\/div>\n\n<div class=\"o-container GenericStyles\">\n<ul class=\"wp-block-list\">\n<li>Projectes i direcci\u00f3 d&#8217;obra a finques<\/li>\n\n\n\n<li>Inspecci\u00f3 t\u00e8cnica d&#8217;edificis (ITE)<\/li>\n\n\n\n<li>Llibre de l&#8217;edifici<\/li>\n\n\n\n<li>Pla de rehabilitaci\u00f3 i valoraci\u00f3 econ\u00f2mica<\/li>\n\n\n\n<li>Rehabilitaci\u00f3 energ\u00e8tica<\/li>\n\n\n\n<li>Tractaments rehabilitaci\u00f3 estructural<\/li>\n\n\n\n<li>Sol\u00b7licitud de subvencions<\/li>\n\n\n\n<li>C\u00e8dules habitabilitat<\/li>\n\n\n\n<li>Certificats efici\u00e8ncia energ\u00e8tica<\/li>\n<\/ul>\n<\/div>\n\n<div class=\"o-container GenericStyles\">\n<h2 class=\"wp-block-heading\">Tramitaci\u00f3 d\u2019ajuts i subvencions<\/h2>\n<\/div>\n\n<div class=\"o-container GenericStyles\">\n<p>Per accedir als fons europeus Next Generation, \u00e9s necessari disposar d\u2019un expert en actuacions d&#8217;efici\u00e8ncia energ\u00e8tica que s\u00e0piga com adequar l\u2019habitatge als requisits demandats i reduir el consum energ\u00e8tic de l&#8217;immoble. FORVI encarna aquesta figura, fent-se c\u00e0rrec de realitzar els tr\u00e0mits burocr\u00e0tics necessaris i d&#8217;elaborar l&#8217;estudi t\u00e8cnic per aconseguir aquesta subvenci\u00f3 i altres ajudes econ\u00f2miques enfocades a la rehabilitaci\u00f3 d&#8217;edificis.<\/p>\n<\/div>","protected":false},"menu_order":0,"template":"","meta":{"_acf_changed":false,"footnotes":""},"class_list":["post-5110","services_post","type-services_post","status-publish","has-post-thumbnail","hentry"],"acf":{"post_type_services_post_image":28713,"post_type_services_post_description":"FORVI assessora en la tramitaci\u00f3 de la ITE o de subvencions, la rehabilitaci\u00f3 d\u2019edificis o l\u2019emissi\u00f3 de certificats i c\u00e8dules d\u2019habitabilitat.","post_type_services_post_type":"detail","post_type_services_post_form_id":"11","post_type_services_post_services":[5110,5122,5123],"post_type_services_post_email":"info@forvitec.com","post_type_services_post_phone":""},"yoast_head":"<!-- This site is optimized with the Yoast SEO plugin v25.6 - https:\/\/yoast.com\/wordpress\/plugins\/seo\/ -->\n<title>Serveis d&#039;arquitectura immobili\u00e0ria | FORCADELL<\/title>\n<meta name=\"description\" content=\"\u00c9s important comptar amb arquitectes especialitzats en habitatges i edificis. FORVI ofereix un equip de professionals experts.\" \/>\n<meta name=\"robots\" content=\"index, follow, max-snippet:-1, max-image-preview:large, max-video-preview:-1\" \/>\n<link rel=\"canonical\" href=\"https:\/\/forcadell.com\/ca\/arquitectura-immobiliaria\/\" \/>\n<meta property=\"og:locale\" content=\"ca_ES\" \/>\n<meta property=\"og:type\" content=\"article\" \/>\n<meta property=\"og:title\" content=\"Serveis d&#039;arquitectura immobili\u00e0ria | FORCADELL\" \/>\n<meta property=\"og:description\" content=\"\u00c9s important comptar amb arquitectes especialitzats en habitatges i edificis. FORVI ofereix un equip de professionals experts.\" \/>\n<meta property=\"og:url\" content=\"https:\/\/forcadell.com\/ca\/arquitectura-immobiliaria\/\" \/>\n<meta property=\"og:site_name\" content=\"Forcadell\" \/>\n<meta property=\"article:modified_time\" content=\"2026-02-06T13:04:09+00:00\" \/>\n<meta property=\"og:image\" content=\"https:\/\/forcadell.com\/wp-content\/uploads\/2024\/07\/consultoria-tecnica-detalle-1.jpg\" \/>\n\t<meta property=\"og:image:width\" content=\"2560\" \/>\n\t<meta property=\"og:image:height\" content=\"1666\" \/>\n\t<meta property=\"og:image:type\" content=\"image\/jpeg\" \/>\n<meta name=\"twitter:card\" content=\"summary_large_image\" \/>\n<meta name=\"twitter:label1\" content=\"Temps estimat de lectura\" \/>\n\t<meta name=\"twitter:data1\" content=\"1 minut\" \/>\n<!-- \/ Yoast SEO plugin. -->","yoast_head_json":{"title":"Serveis d'arquitectura immobili\u00e0ria | FORCADELL","description":"\u00c9s important comptar amb arquitectes especialitzats en habitatges i edificis. FORVI ofereix un equip de professionals experts.","robots":{"index":"index","follow":"follow","max-snippet":"max-snippet:-1","max-image-preview":"max-image-preview:large","max-video-preview":"max-video-preview:-1"},"canonical":"https:\/\/forcadell.com\/ca\/arquitectura-immobiliaria\/","og_locale":"ca_ES","og_type":"article","og_title":"Serveis d'arquitectura immobili\u00e0ria | FORCADELL","og_description":"\u00c9s important comptar amb arquitectes especialitzats en habitatges i edificis. FORVI ofereix un equip de professionals experts.","og_url":"https:\/\/forcadell.com\/ca\/arquitectura-immobiliaria\/","og_site_name":"Forcadell","article_modified_time":"2026-02-06T13:04:09+00:00","og_image":[{"width":2560,"height":1666,"url":"https:\/\/forcadell.com\/wp-content\/uploads\/2024\/07\/consultoria-tecnica-detalle-1.jpg","type":"image\/jpeg"}],"twitter_card":"summary_large_image","twitter_misc":{"Temps estimat de lectura":"1 minut"},"schema":{"@context":"https:\/\/schema.org","@graph":[{"@type":"WebPage","@id":"https:\/\/forcadell.com\/ca\/arquitectura-immobiliaria\/","url":"https:\/\/forcadell.com\/ca\/arquitectura-immobiliaria\/","name":"Serveis d'arquitectura immobili\u00e0ria | FORCADELL","isPartOf":{"@id":"https:\/\/forcadell.com\/ca\/#website"},"primaryImageOfPage":{"@id":"https:\/\/forcadell.com\/ca\/arquitectura-immobiliaria\/#primaryimage"},"image":{"@id":"https:\/\/forcadell.com\/ca\/arquitectura-immobiliaria\/#primaryimage"},"thumbnailUrl":"https:\/\/forcadell.com\/wp-content\/uploads\/2024\/07\/consultoria-tecnica-detalle-1.jpg","datePublished":"2024-07-16T10:52:07+00:00","dateModified":"2026-02-06T13:04:09+00:00","description":"\u00c9s important comptar amb arquitectes especialitzats en habitatges i edificis. FORVI ofereix un equip de professionals experts.","breadcrumb":{"@id":"https:\/\/forcadell.com\/ca\/arquitectura-immobiliaria\/#breadcrumb"},"inLanguage":"ca","potentialAction":[{"@type":"ReadAction","target":["https:\/\/forcadell.com\/ca\/arquitectura-immobiliaria\/"]}]},{"@type":"ImageObject","inLanguage":"ca","@id":"https:\/\/forcadell.com\/ca\/arquitectura-immobiliaria\/#primaryimage","url":"https:\/\/forcadell.com\/wp-content\/uploads\/2024\/07\/consultoria-tecnica-detalle-1.jpg","contentUrl":"https:\/\/forcadell.com\/wp-content\/uploads\/2024\/07\/consultoria-tecnica-detalle-1.jpg","width":2560,"height":1666},{"@type":"BreadcrumbList","@id":"https:\/\/forcadell.com\/ca\/arquitectura-immobiliaria\/#breadcrumb","itemListElement":[{"@type":"ListItem","position":1,"name":"Portada","item":"https:\/\/forcadell.com\/ca\/"},{"@type":"ListItem","position":2,"name":"Services","item":"https:\/\/forcadell.com\/ca\/services_post\/"},{"@type":"ListItem","position":3,"name":"Serveis d&#8217;arquitectura immobili\u00e0ria"}]},{"@type":"WebSite","@id":"https:\/\/forcadell.com\/ca\/#website","url":"https:\/\/forcadell.com\/ca\/","name":"Forcadell","description":"Inmobiliaria Barcelona | Consultores inmobiliarios","potentialAction":[{"@type":"SearchAction","target":{"@type":"EntryPoint","urlTemplate":"https:\/\/forcadell.com\/ca\/?s={search_term_string}"},"query-input":{"@type":"PropertyValueSpecification","valueRequired":true,"valueName":"search_term_string"}}],"inLanguage":"ca"}]}},"_links":{"self":[{"href":"https:\/\/forcadell.com\/ca\/wp-json\/wp\/v2\/services_post\/5110"}],"collection":[{"href":"https:\/\/forcadell.com\/ca\/wp-json\/wp\/v2\/services_post"}],"about":[{"href":"https:\/\/forcadell.com\/ca\/wp-json\/wp\/v2\/types\/services_post"}],"version-history":[{"count":6,"href":"https:\/\/forcadell.com\/ca\/wp-json\/wp\/v2\/services_post\/5110\/revisions"}],"predecessor-version":[{"id":61992,"href":"https:\/\/forcadell.com\/ca\/wp-json\/wp\/v2\/services_post\/5110\/revisions\/61992"}],"acf:post":[{"embeddable":true,"href":"https:\/\/forcadell.com\/ca\/wp-json\/wp\/v2\/services_post\/5123"},{"embeddable":true,"href":"https:\/\/forcadell.com\/ca\/wp-json\/wp\/v2\/services_post\/5122"},{"embeddable":true,"href":"https:\/\/forcadell.com\/ca\/wp-json\/wp\/v2\/services_post\/5110"}],"wp:featuredmedia":[{"embeddable":true,"href":"https:\/\/forcadell.com\/ca\/wp-json\/wp\/v2\/media\/28713"}],"wp:attachment":[{"href":"https:\/\/forcadell.com\/ca\/wp-json\/wp\/v2\/media?parent=5110"}],"curies":[{"name":"wp","href":"https:\/\/api.w.org\/{rel}","templated":true}]}}