{"id":5109,"date":"2024-07-16T12:52:50","date_gmt":"2024-07-16T10:52:50","guid":{"rendered":"https:\/\/www.forcadell.com\/administracion-de-alquileres\/"},"modified":"2026-04-21T11:01:52","modified_gmt":"2026-04-21T09:01:52","slug":"administracio-lloguers","status":"publish","type":"services_post","link":"https:\/\/forcadell.com\/ca\/administracio-lloguers\/","title":{"rendered":"Administraci\u00f3 de lloguers"},"content":{"rendered":"<div class=\"o-container GenericStyles\">\n<h2 class=\"wp-block-heading\">Una gesti\u00f3 de lloguers de confian\u00e7a&nbsp;<\/h2>\n<\/div>\n\n<div class=\"o-container GenericStyles\">\n<p>El servei de gesti\u00f3 de lloguers est\u00e0 dissenyat per a adaptar-se a les necessitats de diversos perfils, des d&#8217;inversors individuals fins a societats patrimonials. El seu enfocament principal \u00e9s maximitzar el rendiment i potenciar la valoritzaci\u00f3 de propietats o carteres immobili\u00e0ries. Actualment, FORCADELL gestiona m\u00e9s de 4.300 entitats d&#8217;inversors privats garantint seguretat, rendibilitat i confian\u00e7a.&nbsp;<\/p>\n<\/div>\n\n<div class=\"o-container GenericStyles\">\n<h2 class=\"wp-block-heading\">Principals aspectes de l&#8217;administraci\u00f3 de lloguers:<\/h2>\n<\/div>\n\n<div class=\"o-container GenericStyles\">\n<ul class=\"wp-block-list\">\n<li>Revisi\u00f3 i actualitzaci\u00f3 de rendes<\/li>\n\n\n\n<li>Presentaci\u00f3 de liquidacions a la propietat<\/li>\n\n\n\n<li>Acc\u00e9s a \u00e0rea de clients on-line<\/li>\n\n\n\n<li>Gesti\u00f3 d&#8217;incid\u00e8ncies<\/li>\n\n\n\n<li>Gesti\u00f3 de ren\u00fancies i liquidaci\u00f3 de fiances<\/li>\n\n\n\n<li>Negociaci\u00f3 i renovaci\u00f3 del contracte<\/li>\n\n\n\n<li>Assessorament jur\u00eddic<\/li>\n\n\n\n<li>Gesti\u00f3 fiscal<\/li>\n<\/ul>\n<\/div>\n\n<div class=\"o-container GenericStyles\">\n<h2 class=\"wp-block-heading\">Beneficis del model de gesti\u00f3 de lloguers<\/h2>\n<\/div>\n\n<div class=\"o-container GenericStyles\">\n<p>Aquest model d\u2019administraci\u00f3 garanteix control, confian\u00e7a i seguretat, oferint una opci\u00f3 ideal per aquelles persones o entitats que desitgen una gesti\u00f3 integral i sense preocupacions. L\u2019equip d\u2019especialistes realitza una gesti\u00f3 completa que inclou la comercialitzaci\u00f3 de l\u2019immoble, la cerca de llogaters adequats, l\u2019organitzaci\u00f3 de visites, la gesti\u00f3 financera i les renovacions de contractes.<\/p>\n<\/div>\n\n<div class=\"o-container GenericStyles\">\n<p>Amb aquest servei, FORCADELL proporciona un acompanyament professional per assegurar una experi\u00e8ncia satisfact\u00f2ria i eficient.<\/p>\n<\/div>\n\n<div class=\"o-container GenericStyles\">\n<!-- Banner Responsive - Quivi -->\n<style>\n  .quivi-banner-responsive { width: 100%; margin: 0 auto; }\n  .quivi-banner-responsive iframe { width: 100%; border: none; display: block; }\n  @media (min-width: 450px) { .quivi-banner-responsive iframe { height: 90px; } }\n  @media (max-width: 449px) { .quivi-banner-responsive iframe { height: 250px; } }\n<\/style>\n<div class=\"quivi-banner-responsive\">\n  <iframe \n    src=\"https:\/\/quivi-banner.web.app\/embed?group=banner-1776357194988-e0xjwr2nb&#038;lang=ca&#038;interval=7000\"\n    frameborder=\"0\"\n    scrolling=\"no\"\n    id=\"quivi-banner-SUh1hfNasClniXDNv2Oy\"\n  ><\/iframe>\n<\/div>\n<\/div>","protected":false},"menu_order":0,"template":"","meta":{"_acf_changed":false,"footnotes":""},"class_list":["post-5109","services_post","type-services_post","status-publish","has-post-thumbnail","hentry"],"acf":{"post_type_services_post_image":8345,"post_type_services_post_description":"L'equip de gesti\u00f3 de lloguers de FORCADELL ofereix un servei dissenyat per satisfer les necessitats de tot tipus de clients, tant inversors particulars com societats patrimonials. Un servei centrat en l'optimitzaci\u00f3 del rendiment i la revaloraci\u00f3 d'immobles o carteres immobili\u00e0ries.","post_type_services_post_type":"detail","post_type_services_post_form_id":"11","post_type_services_post_services":[5109,27481],"post_type_services_post_email":"a.vazquez@forcadell.cat","post_type_services_post_phone":""},"yoast_head":"<!-- This site is optimized with the Yoast SEO plugin v27.4 - https:\/\/yoast.com\/product\/yoast-seo-wordpress\/ -->\n<title>Servei d&#039;administraci\u00f3 de Lloguers | FORCADELL<\/title>\n<meta name=\"description\" content=\"Ajudem a satisfer les necessitats dels propietaris, amb l&#039;efica\u00e7 gesti\u00f3 de lloguers de FORCADELL i el seu equip de professionals.\" \/>\n<meta name=\"robots\" content=\"index, follow, max-snippet:-1, max-image-preview:large, max-video-preview:-1\" \/>\n<link rel=\"canonical\" href=\"https:\/\/forcadell.com\/ca\/administracio-lloguers\/\" \/>\n<meta property=\"og:locale\" content=\"ca_ES\" \/>\n<meta property=\"og:type\" content=\"article\" \/>\n<meta property=\"og:title\" content=\"Servei d&#039;administraci\u00f3 de Lloguers | FORCADELL\" \/>\n<meta property=\"og:description\" content=\"Ajudem a satisfer les necessitats dels propietaris, amb l&#039;efica\u00e7 gesti\u00f3 de lloguers de FORCADELL i el seu equip de professionals.\" \/>\n<meta property=\"og:url\" content=\"https:\/\/forcadell.com\/ca\/administracio-lloguers\/\" \/>\n<meta property=\"og:site_name\" content=\"Forcadell\" \/>\n<meta property=\"article:modified_time\" content=\"2026-04-21T09:01:52+00:00\" \/>\n<meta property=\"og:image\" content=\"https:\/\/forcadell.com\/wp-content\/uploads\/2024\/07\/administracion-de-alquileres-detalle-1.jpg\" \/>\n\t<meta property=\"og:image:width\" content=\"2560\" \/>\n\t<meta property=\"og:image:height\" content=\"1707\" \/>\n\t<meta property=\"og:image:type\" content=\"image\/jpeg\" \/>\n<meta name=\"twitter:card\" content=\"summary_large_image\" \/>\n<meta name=\"twitter:label1\" content=\"Temps estimat de lectura\" \/>\n\t<meta name=\"twitter:data1\" content=\"1 minut\" \/>\n<!-- \/ Yoast SEO plugin. -->","yoast_head_json":{"title":"Servei d'administraci\u00f3 de Lloguers | FORCADELL","description":"Ajudem a satisfer les necessitats dels propietaris, amb l'efica\u00e7 gesti\u00f3 de lloguers de FORCADELL i el seu equip de professionals.","robots":{"index":"index","follow":"follow","max-snippet":"max-snippet:-1","max-image-preview":"max-image-preview:large","max-video-preview":"max-video-preview:-1"},"canonical":"https:\/\/forcadell.com\/ca\/administracio-lloguers\/","og_locale":"ca_ES","og_type":"article","og_title":"Servei d'administraci\u00f3 de Lloguers | FORCADELL","og_description":"Ajudem a satisfer les necessitats dels propietaris, amb l'efica\u00e7 gesti\u00f3 de lloguers de FORCADELL i el seu equip de professionals.","og_url":"https:\/\/forcadell.com\/ca\/administracio-lloguers\/","og_site_name":"Forcadell","article_modified_time":"2026-04-21T09:01:52+00:00","og_image":[{"width":2560,"height":1707,"url":"https:\/\/forcadell.com\/wp-content\/uploads\/2024\/07\/administracion-de-alquileres-detalle-1.jpg","type":"image\/jpeg"}],"twitter_card":"summary_large_image","twitter_misc":{"Temps estimat de lectura":"1 minut"},"schema":{"@context":"https:\/\/schema.org","@graph":[{"@type":"WebPage","@id":"https:\/\/forcadell.com\/ca\/administracio-lloguers\/","url":"https:\/\/forcadell.com\/ca\/administracio-lloguers\/","name":"Servei d'administraci\u00f3 de Lloguers | FORCADELL","isPartOf":{"@id":"https:\/\/forcadell.com\/ca\/#website"},"primaryImageOfPage":{"@id":"https:\/\/forcadell.com\/ca\/administracio-lloguers\/#primaryimage"},"image":{"@id":"https:\/\/forcadell.com\/ca\/administracio-lloguers\/#primaryimage"},"thumbnailUrl":"https:\/\/forcadell.com\/wp-content\/uploads\/2024\/07\/administracion-de-alquileres-detalle-1.jpg","datePublished":"2024-07-16T10:52:50+00:00","dateModified":"2026-04-21T09:01:52+00:00","description":"Ajudem a satisfer les necessitats dels propietaris, amb l'efica\u00e7 gesti\u00f3 de lloguers de FORCADELL i el seu equip de professionals.","breadcrumb":{"@id":"https:\/\/forcadell.com\/ca\/administracio-lloguers\/#breadcrumb"},"inLanguage":"ca","potentialAction":[{"@type":"ReadAction","target":["https:\/\/forcadell.com\/ca\/administracio-lloguers\/"]}]},{"@type":"ImageObject","inLanguage":"ca","@id":"https:\/\/forcadell.com\/ca\/administracio-lloguers\/#primaryimage","url":"https:\/\/forcadell.com\/wp-content\/uploads\/2024\/07\/administracion-de-alquileres-detalle-1.jpg","contentUrl":"https:\/\/forcadell.com\/wp-content\/uploads\/2024\/07\/administracion-de-alquileres-detalle-1.jpg","width":2560,"height":1707},{"@type":"BreadcrumbList","@id":"https:\/\/forcadell.com\/ca\/administracio-lloguers\/#breadcrumb","itemListElement":[{"@type":"ListItem","position":1,"name":"Portada","item":"https:\/\/forcadell.com\/ca\/"},{"@type":"ListItem","position":2,"name":"Services","item":"https:\/\/forcadell.com\/ca\/services_post\/"},{"@type":"ListItem","position":3,"name":"Administraci\u00f3 de lloguers"}]},{"@type":"WebSite","@id":"https:\/\/forcadell.com\/ca\/#website","url":"https:\/\/forcadell.com\/ca\/","name":"Forcadell","description":"Inmobiliaria Barcelona | Consultores inmobiliarios","potentialAction":[{"@type":"SearchAction","target":{"@type":"EntryPoint","urlTemplate":"https:\/\/forcadell.com\/ca\/?s={search_term_string}"},"query-input":{"@type":"PropertyValueSpecification","valueRequired":true,"valueName":"search_term_string"}}],"inLanguage":"ca"}]}},"_links":{"self":[{"href":"https:\/\/forcadell.com\/ca\/wp-json\/wp\/v2\/services_post\/5109","targetHints":{"allow":["GET"]}}],"collection":[{"href":"https:\/\/forcadell.com\/ca\/wp-json\/wp\/v2\/services_post"}],"about":[{"href":"https:\/\/forcadell.com\/ca\/wp-json\/wp\/v2\/types\/services_post"}],"version-history":[{"count":13,"href":"https:\/\/forcadell.com\/ca\/wp-json\/wp\/v2\/services_post\/5109\/revisions"}],"predecessor-version":[{"id":64186,"href":"https:\/\/forcadell.com\/ca\/wp-json\/wp\/v2\/services_post\/5109\/revisions\/64186"}],"acf:post":[{"embeddable":true,"href":"https:\/\/forcadell.com\/ca\/wp-json\/wp\/v2\/services_post\/27481"},{"embeddable":true,"href":"https:\/\/forcadell.com\/ca\/wp-json\/wp\/v2\/services_post\/5109"}],"wp:featuredmedia":[{"embeddable":true,"href":"https:\/\/forcadell.com\/ca\/wp-json\/wp\/v2\/media\/8345"}],"wp:attachment":[{"href":"https:\/\/forcadell.com\/ca\/wp-json\/wp\/v2\/media?parent=5109"}],"curies":[{"name":"wp","href":"https:\/\/api.w.org\/{rel}","templated":true}]}}