{"id":86249,"date":"2026-09-01T14:04:32","date_gmt":"2026-09-01T12:04:32","guid":{"rendered":"https:\/\/forcadell.com\/propiedades\/oficina-reformada-de-310-m%c2%b2-en-alquiler-en-avenida-diagonal\/"},"modified":"2026-09-03T09:11:17","modified_gmt":"2026-09-03T07:11:17","slug":"oficina-reformada-de-310-m%c2%b2-en-alquiler-en-avenida-diagonal","status":"publish","type":"properties_post","link":"https:\/\/forcadell.com\/ca\/propiedades\/oficina-reformada-de-310-m%c2%b2-en-alquiler-en-avenida-diagonal\/","title":{"rendered":"OFICINA REFORMADA DE 310 M\u00b2 EN ALQUILER EN AVENIDA DIAGONAL"},"content":{"rendered":"<p>Exclusiva oficina reformada de 310 m\u00b2 situada en una finca se\u00f1orial de la Avenida Diagonal, una de las ubicaciones empresariales m\u00e1s representativas y prestigiosas de Barcelona.<\/p>\n<p>Ubicada en una cuarta planta real, la oficina ha sido completamente renovada respetando y realzando los elementos arquitect\u00f3nicos originales de la finca. El resultado es un espacio profesional que combina el car\u00e1cter cl\u00e1sico de la arquitectura barcelonesa con las prestaciones y el confort necesarios para una empresa actual.<\/p>\n<p>La oficina destaca por su excelente imagen corporativa, sus techos altos con molduras ornamentales restauradas y sus amplias estancias exteriores con balcones a la Avenida Diagonal. La abundante entrada de luz natural, el pavimento acabado en madera y la iluminaci\u00f3n LED de dise\u00f1o crean un entorno de trabajo elegante, c\u00e1lido y representativo.<\/p>\n<p>La distribuci\u00f3n actual combina una recepci\u00f3n habilitada, diferentes despachos, salas de reuniones y espacios abiertos de trabajo, adem\u00e1s de zonas de servicio y ba\u00f1os completamente renovados. La oficina dispone de climatizaci\u00f3n instalada y se encuentra en perfecto estado, preparada para su ocupaci\u00f3n inmediata.<\/p>\n<p>CARACTER\u00cdSTICAS DE LA OFICINA:<\/p>\n<p>Superficie de 310 m\u00b2<br \/>\nCuarta planta real<br \/>\nOficina completamente reformada<br \/>\nLista para entrar<br \/>\nRecepci\u00f3n representativa<br \/>\nDistribuci\u00f3n mediante despachos y salas de reuniones<br \/>\nEspacios abiertos de trabajo<br \/>\nSalas exteriores con balcones a la Avenida Diagonal<br \/>\nExcelente entrada de luz natural<br \/>\nTechos altos con molduras originales restauradas<br \/>\nPavimento acabado en madera<br \/>\nIluminaci\u00f3n LED de dise\u00f1o<br \/>\nClimatizaci\u00f3n instalada<br \/>\nBa\u00f1os renovados<\/p>\n<p>CARACTER\u00cdSTICAS DEL EDIFICIO:<\/p>\n<p>Finca se\u00f1orial de uso mixto<br \/>\nExcelente imagen representativa<br \/>\nServicio de conserjer\u00eda<br \/>\nDos ascensores<\/p>\n<p>Una oportunidad excepcional para empresas, despachos profesionales o firmas que buscan una oficina representativa en alquiler en la Avenida Diagonal de Barcelona, con espacios reformados, abundante luz natural y una ubicaci\u00f3n corporativa de primer nivel.<\/p>\n","protected":false},"template":"","class_list":["post-86249","properties_post","type-properties_post","status-publish","hentry","properties_modality-rent","properties_district-sarria-sant-gervasi","properties_province-barcelona","properties_zone-cbd-diagonal-po-de-gracia","properties_state-barcelona","properties_subclass-oficina","properties_type-oficina"],"acf":{"post_type_properties_post_property_code":"11249776","post_type_properties_post_property_reference":"IE-227814","post_type_properties_post_owner_id":"57155","post_type_properties_post_owner_name":"TAURO 33, S.A.","post_type_properties_post_property_code_encrypted":"MjQ5JDM0MzQz","post_type_properties_post_published":"1","post_type_properties_post_property_visibility":"idealista","post_type_properties_post_contact_name":"Forcadell Oficinas Barcelona","post_type_properties_post_contact_email":"forcadell.oficinas.barcelona@movin.cloud","post_type_properties_post_contact_primary_phone_prefix":"34","post_type_properties_post_contact_primary_phone_number":"934965413","post_type_properties_post_address_visibility":"street","post_type_properties_post_address_country":"Spain","post_type_properties_post_address_coordinates_precision":"exact","post_type_properties_post_address_postal_code":"08021","post_type_properties_post_address_coordinates_latitude":"41.3945499","post_type_properties_post_address_coordinates_longitude":"2.1505279","post_type_properties_post_address_street_name":"Av. Diagonal 558","post_type_properties_post_address_floor":"2","post_type_properties_post_address_town":"Barcelona","post_type_properties_post_building":null,"post_type_properties_post_property":[{"properties_post_description_language":"catalan","properties_post_title":"OFICINA REFORMADA DE 310 M\u00b2 EN LLOGUER A L'AVINGUDA DIAGONAL","properties_post_short_description_text_alt":"","properties_post_description_text_alt":"","properties_post_short_description_text":"","properties_post_link_demanda_inmueble":"https:\/\/movin.cloud\/ca\/Forcadell Oficinas Barcelona\/formulari-peticio-immoble\/sth\/2438&&11249776","properties_post_link_demanda_calendario_inmueble":"https:\/\/movin.cloud\/ca\/Forcadell Oficinas Barcelona\/calendari-peticio-immoble\/sth\/2438&&11249776","properties_post_description_text":"Exclusiva oficina reformada de 310 m\u00b2 situada a una finca senyorial de l'Avinguda Diagonal, una de les ubicacions empresarials m\u00e9s representatives i prestigioses de Barcelona.\n\nUbicada a una quarta planta real, l'oficina ha estat completament renovada respectant i real\u00e7ant els elements arquitect\u00f2nics originals de la finca. El resultat \u00e9s un espai professional que combina el car\u00e0cter cl\u00e0ssic de larquitectura barcelonina amb les prestacions i el confort necessaris per a una empresa actual.\n\nL'oficina destaca per la seva excel\u00b7lent imatge corporativa, els sostres alts amb motllures ornamentals restaurades i les \u00e0mplies estances exteriors amb balcons a l'Avinguda Diagonal. L\u00b4abundant entrada de llum natural, el paviment acabat en fusta i la il\u00b7luminaci\u00f3 LED de disseny creen un entorn de treball elegant, c\u00e0lid i representatiu.\n\nLa distribuci\u00f3 actual combina una recepci\u00f3 habilitada, diferents despatxos, sales de reunions i espais oberts de treball, a m\u00e9s a m\u00e9s de zones de servei i banys completament renovats. L'oficina disposa de climatitzaci\u00f3 instal\u00b7lada i est\u00e0 en perfecte estat, preparada per a la seva ocupaci\u00f3 immediata.\n\nCARACTER\u00cdSTIQUES DE L'OFICINA:\n\nSuperf\u00edcie de 310 m\u00b2\nQuarta planta real\nOficina completament reformada\nLlista per entrar\nRecepci\u00f3 representativa\nDistribuci\u00f3 mitjan\u00e7ant despatxos i sales de reunions\nEspais oberts de treball\nSales exteriors amb balcons a l'Avinguda Diagonal\nExcel\u00b7lent entrada de llum natural\nSostres alts amb motllures originals restaurades\nPaviment acabat en fusta\nIl\u00b7luminaci\u00f3 LED de disseny\nClimatitzaci\u00f3 instal\u00b7lada\nBanys renovats\n\nCARACTER\u00cdSTIQUES DE L'EDIFICI:\n\nFinca senyorial d\u00b4\u00fas mixt\nExcel\u00b7lent imatge representativa\nServei de consergeria\nDos ascensors\n\nUna oportunitat excepcional per a empreses, despatxos professionals o firmes que busquen una oficina representativa de lloguer a l'Avinguda Diagonal de Barcelona, amb espais reformats, llum natural abundant i una ubicaci\u00f3 corporativa de primer nivell.","properties_post_seo_title":"","properties_post_seo_alias":"","properties_post_seo_metadescription":"","properties_post_seo_key_words":"","properties_post_seo_url":"","properties_post_terms_conditions":""},{"properties_post_description_language":"spanish","properties_post_title":"OFICINA REFORMADA DE 310 M\u00b2 EN ALQUILER EN AVENIDA DIAGONAL","properties_post_short_description_text_alt":"","properties_post_description_text_alt":"","properties_post_short_description_text":"","properties_post_link_demanda_inmueble":"https:\/\/movin.cloud\/es\/Forcadell Oficinas Barcelona\/formulario-peticion-inmueble\/sth\/2438&&11249776","properties_post_link_demanda_calendario_inmueble":"https:\/\/movin.cloud\/es\/Forcadell Oficinas Barcelona\/calendario-peticion-inmueble\/sth\/2438&&11249776","properties_post_description_text":"Exclusiva oficina reformada de 310 m\u00b2 situada en una finca se\u00f1orial de la Avenida Diagonal, una de las ubicaciones empresariales m\u00e1s representativas y prestigiosas de Barcelona.\n\nUbicada en una cuarta planta real, la oficina ha sido completamente renovada respetando y realzando los elementos arquitect\u00f3nicos originales de la finca. El resultado es un espacio profesional que combina el car\u00e1cter cl\u00e1sico de la arquitectura barcelonesa con las prestaciones y el confort necesarios para una empresa actual.\n\nLa oficina destaca por su excelente imagen corporativa, sus techos altos con molduras ornamentales restauradas y sus amplias estancias exteriores con balcones a la Avenida Diagonal. La abundante entrada de luz natural, el pavimento acabado en madera y la iluminaci\u00f3n LED de dise\u00f1o crean un entorno de trabajo elegante, c\u00e1lido y representativo.\n\nLa distribuci\u00f3n actual combina una recepci\u00f3n habilitada, diferentes despachos, salas de reuniones y espacios abiertos de trabajo, adem\u00e1s de zonas de servicio y ba\u00f1os completamente renovados. La oficina dispone de climatizaci\u00f3n instalada y se encuentra en perfecto estado, preparada para su ocupaci\u00f3n inmediata.\n\nCARACTER\u00cdSTICAS DE LA OFICINA:\n\nSuperficie de 310 m\u00b2\nCuarta planta real\nOficina completamente reformada\nLista para entrar\nRecepci\u00f3n representativa\nDistribuci\u00f3n mediante despachos y salas de reuniones\nEspacios abiertos de trabajo\nSalas exteriores con balcones a la Avenida Diagonal\nExcelente entrada de luz natural\nTechos altos con molduras originales restauradas\nPavimento acabado en madera\nIluminaci\u00f3n LED de dise\u00f1o\nClimatizaci\u00f3n instalada\nBa\u00f1os renovados\n\nCARACTER\u00cdSTICAS DEL EDIFICIO:\n\nFinca se\u00f1orial de uso mixto\nExcelente imagen representativa\nServicio de conserjer\u00eda\nDos ascensores\n\nUna oportunidad excepcional para empresas, despachos profesionales o firmas que buscan una oficina representativa en alquiler en la Avenida Diagonal de Barcelona, con espacios reformados, abundante luz natural y una ubicaci\u00f3n corporativa de primer nivel.","properties_post_seo_title":"","properties_post_seo_alias":"","properties_post_seo_metadescription":"","properties_post_seo_key_words":"","properties_post_seo_url":"","properties_post_terms_conditions":""}],"post_type_properties_post_features_type":"office","post_type_properties_post_id_building":"","post_type_properties_post_features_area_constructed":310,"post_type_properties_post_features_conditioned_air":true,"post_type_properties_post_features_doorman":false,"post_type_properties_post_features_heating":true,"post_type_properties_post_features_equipped_kitchen":false,"post_type_properties_post_features_windows_location":"exterior","post_type_properties_post_features_floors_property":false,"post_type_properties_post_features_storage":false,"post_type_properties_post_features_security_door":false,"post_type_properties_post_features_energy_certificate_rating":"E","post_type_properties_post_features_energy_certificate_emissions_rating":"E","post_type_properties_post_features_energy_certificate_emissions_value":39,"post_type_properties_post_features_energy_certificate_performance":188,"post_type_properties_post_features_bathroom_inside":true,"post_type_properties_post_precio":7500,"post_type_properties_post_precio_alquiler":7500,"post_type_properties_post_record_type_id":"Oficina","post_type_properties_post_categoria__producto":"Oficina","post_type_properties_post_amueblado":false,"post_type_properties_post_precio_m2":24.19,"post_type_properties_post_zona__comunitaria":false,"post_type_properties_post_electrodomesticos":false,"post_type_properties_post_patio__interior":false,"post_type_properties_post_certificado_energetico_general":"E","post_type_properties_post_certificado_energetico_consumo":"E","post_type_properties_post_certificado_energetico_valor_emisiones":39,"post_type_properties_post_certificado_energetico_valor_consumo":188,"post_type_properties_post_modalidad":"rent","post_type_properties_post_provincia":"Barcelona","post_type_properties_post_poblacion":"Barcelona","post_type_properties_post_centro__urbano":false,"post_type_properties_post_zonificacion":"CBD - Diagonal \/ P\u00ba de Gracia","post_type_properties_post_cartera":"","post_type_properties_post_titulo_catalan":"OFICINA REFORMADA DE 310 M\u00b2 EN LLOGUER A L'AVINGUDA DIAGONAL","post_type_properties_post_internet_catalan":"Exclusiva oficina reformada de 310 m\u00b2 situada a una finca senyorial de l'Avinguda Diagonal, una de les ubicacions empresarials m\u00e9s representatives i prestigioses de Barcelona.\n\nUbicada a una quarta planta real, l'oficina ha estat completament renovada respectant i real\u00e7ant els elements arquitect\u00f2nics originals de la finca. El resultat \u00e9s un espai professional que combina el car\u00e0cter cl\u00e0ssic de larquitectura barcelonina amb les prestacions i el confort necessaris per a una empresa actual.\n\nL'oficina destaca per la seva excel\u00b7lent imatge corporativa, els sostres alts amb motllures ornamentals restaurades i les \u00e0mplies estances exteriors amb balcons a l'Avinguda Diagonal. L\u00b4abundant entrada de llum natural, el paviment acabat en fusta i la il\u00b7luminaci\u00f3 LED de disseny creen un entorn de treball elegant, c\u00e0lid i representatiu.\n\nLa distribuci\u00f3 actual combina una recepci\u00f3 habilitada, diferents despatxos, sales de reunions i espais oberts de treball, a m\u00e9s a m\u00e9s de zones de servei i banys completament renovats. L'oficina disposa de climatitzaci\u00f3 instal\u00b7lada i est\u00e0 en perfecte estat, preparada per a la seva ocupaci\u00f3 immediata.\n\nCARACTER\u00cdSTIQUES DE L'OFICINA:\n\nSuperf\u00edcie de 310 m\u00b2\nQuarta planta real\nOficina completament reformada\nLlista per entrar\nRecepci\u00f3 representativa\nDistribuci\u00f3 mitjan\u00e7ant despatxos i sales de reunions\nEspais oberts de treball\nSales exteriors amb balcons a l'Avinguda Diagonal\nExcel\u00b7lent entrada de llum natural\nSostres alts amb motllures originals restaurades\nPaviment acabat en fusta\nIl\u00b7luminaci\u00f3 LED de disseny\nClimatitzaci\u00f3 instal\u00b7lada\nBanys renovats\n\nCARACTER\u00cdSTIQUES DE L'EDIFICI:\n\nFinca senyorial d\u00b4\u00fas mixt\nExcel\u00b7lent imatge representativa\nServei de consergeria\nDos ascensors\n\nUna oportunitat excepcional per a empreses, despatxos professionals o firmes que busquen una oficina representativa de lloguer a l'Avinguda Diagonal de Barcelona, amb espais reformats, llum natural abundant i una ubicaci\u00f3 corporativa de primer nivell.","post_type_properties_post_titulo_castellano":"OFICINA REFORMADA DE 310 M\u00b2 EN ALQUILER EN AVENIDA DIAGONAL","post_type_properties_post_internet_castellano":"Exclusiva oficina reformada de 310 m\u00b2 situada en una finca se\u00f1orial de la Avenida Diagonal, una de las ubicaciones empresariales m\u00e1s representativas y prestigiosas de Barcelona.\n\nUbicada en una cuarta planta real, la oficina ha sido completamente renovada respetando y realzando los elementos arquitect\u00f3nicos originales de la finca. El resultado es un espacio profesional que combina el car\u00e1cter cl\u00e1sico de la arquitectura barcelonesa con las prestaciones y el confort necesarios para una empresa actual.\n\nLa oficina destaca por su excelente imagen corporativa, sus techos altos con molduras ornamentales restauradas y sus amplias estancias exteriores con balcones a la Avenida Diagonal. La abundante entrada de luz natural, el pavimento acabado en madera y la iluminaci\u00f3n LED de dise\u00f1o crean un entorno de trabajo elegante, c\u00e1lido y representativo.\n\nLa distribuci\u00f3n actual combina una recepci\u00f3n habilitada, diferentes despachos, salas de reuniones y espacios abiertos de trabajo, adem\u00e1s de zonas de servicio y ba\u00f1os completamente renovados. La oficina dispone de climatizaci\u00f3n instalada y se encuentra en perfecto estado, preparada para su ocupaci\u00f3n inmediata.\n\nCARACTER\u00cdSTICAS DE LA OFICINA:\n\nSuperficie de 310 m\u00b2\nCuarta planta real\nOficina completamente reformada\nLista para entrar\nRecepci\u00f3n representativa\nDistribuci\u00f3n mediante despachos y salas de reuniones\nEspacios abiertos de trabajo\nSalas exteriores con balcones a la Avenida Diagonal\nExcelente entrada de luz natural\nTechos altos con molduras originales restauradas\nPavimento acabado en madera\nIluminaci\u00f3n LED de dise\u00f1o\nClimatizaci\u00f3n instalada\nBa\u00f1os renovados\n\nCARACTER\u00cdSTICAS DEL EDIFICIO:\n\nFinca se\u00f1orial de uso mixto\nExcelente imagen representativa\nServicio de conserjer\u00eda\nDos ascensores\n\nUna oportunidad excepcional para empresas, despachos profesionales o firmas que buscan una oficina representativa en alquiler en la Avenida Diagonal de Barcelona, con espacios reformados, abundante luz natural y una ubicaci\u00f3n corporativa de primer nivel.","post_type_properties_post_titulo_ingles":"","post_type_properties_post_internet_ingles":"","post_type_properties_post_features_classification_commercial":false,"post_type_properties_post_features_conservation":"","post_type_properties_post_features_security_personnel":false,"post_type_properties_post_features_parking_available":false,"post_type_properties_post_features_garage_capacity_type":"","post_type_properties_post_features_bathroom_number":"","post_type_properties_post_eje":"","post_type_properties_post_zona":"","post_type_properties_post_comarca":"","post_type_properties_post_features_built_year":"","post_type_properties_post_renta_mensual":7500,"post_type_properties_post_fianza":"","post_type_properties_post_features_area_plot":"","post_type_properties_post_features_area_buildable":"","post_type_properties_post_features_classification_industrial":false,"post_type_properties_post_distrito":"","post_type_properties_post_features_balcony":false,"post_type_properties_post_features_bedroom_number":"","post_type_properties_post_features_heating_type":"","post_type_properties_post_features_equipped_with_furniture":false,"post_type_properties_post_features_pets_allowed":false,"post_type_properties_post_features_pool":false,"post_type_properties_post_features_terrace":false,"post_type_properties_post_features_wardrobes":false,"post_type_properties_post_features_lift_available":false,"post_type_properties_post_features_handicap_adapted_access":false,"post_type_properties_post_features_orientation_east":false,"post_type_properties_post_features_orientation_west":false,"post_type_properties_post_features_orientation_north":false,"post_type_properties_post_features_orientation_south":false,"post_type_properties_post_features_parking_spaces_number":"","post_type_properties_post_features_security_alarm":false,"post_type_properties_post_features_security_system":false,"post_type_properties_post_open_plan":false,"post_type_properties_post_acceso_24_7":false,"post_type_properties_post_oficina_privada":false,"post_type_properties_post_sala_reuniones":false,"post_type_properties_post_espacio_eventos":false,"post_type_properties_post_office":false,"post_type_properties_post_restaurant":false,"post_type_properties_post_acepta_traspaso":false,"post_type_properties_post_vigilancia":false,"post_type_properties_post_features_suite":false,"post_type_properties_post_features_vitro":false,"post_type_properties_post_features_oven":false,"post_type_properties_post_features_microwave":false,"post_type_properties_post_features_washing_machine":false,"post_type_properties_post_features_dryer":false,"post_type_properties_post_features_dishwasher":false,"post_type_properties_post_features_fridge":false,"post_type_properties_post_features_fridge_mini":false,"post_type_properties_post_features_kettle":false,"post_type_properties_post_features_toaster":false,"post_type_properties_post_features_coffee_maker":false,"post_type_properties_post_features_iron":false,"post_type_properties_post_features_ironing_board":false,"post_type_properties_post_features_safe":false,"post_type_properties_post_features_internet":false,"post_type_properties_post_features_solarium":false,"post_type_properties_post_features_clean_service":false,"post_type_properties_post_features_t_v":false,"post_type_properties_post_features_satellite_t_v":false,"post_type_properties_post_features_gas_kitchen":false,"post_type_properties_post_features_view_mountain":false,"post_type_properties_post_features_view_sea":false,"post_type_properties_post_features_concierge":false,"post_type_properties_post_features_loading_dock":false,"post_type_properties_post_features_bridge_crane":false,"post_type_properties_post_features_located_at_corner":false,"post_type_properties_post_features_smoke_extraction":false,"post_type_properties_post_features_rooms":"","post_type_properties_post_features_garden_area":"","post_type_properties_post_features_utilities_water":false,"post_type_properties_post_features_utilities_electricity":false,"post_type_properties_post_features_utilities_natural_gas":false,"post_type_properties_post_features_building_adapted":false,"post_type_properties_post_features_garden":false,"post_type_properties_post_features_classification_hotel":false,"post_type_properties_post_features_classification_chalet":false,"post_type_properties_post_certificado_energetico_emisiones":"E","post_type_properties_post_barrio":"","post_type_properties_post_distrito_empresa":"Sarri\u00e0-Sant Gervasi","post_type_properties_post_features_property_category_intern":"","post_type_properties_post_implantada":true,"post_type_properties_post_sello_leed":"","post_type_properties_post_sello_well":"","post_type_properties_post_sello_breeam":false,"post_type_properties_post_images":[{"properties_post_image_order":201,"properties_post_image_url":"https:\/\/movin.cloud\/empresas\/2438\/imagenes\/11249776\/alquiler.webp","properties_post_image_url_thumbnail":"https:\/\/movin.cloud\/empresas\/2438\/imagenes\/thumbnails\/11249776\/alquiler.webp","properties_post_title":"alquiler","properties_post_alt":"alquiler"},{"properties_post_image_order":202,"properties_post_image_url":"https:\/\/movin.cloud\/empresas\/2438\/imagenes\/11249776\/alquiler-idealistas.webp","properties_post_image_url_thumbnail":"https:\/\/movin.cloud\/empresas\/2438\/imagenes\/thumbnails\/11249776\/alquiler-idealistas.webp","properties_post_title":"alquiler idealistas","properties_post_alt":"alquiler idealistas"},{"properties_post_image_order":203,"properties_post_image_url":"https:\/\/movin.cloud\/empresas\/2438\/imagenes\/11249776\/habitalia.webp","properties_post_image_url_thumbnail":"https:\/\/movin.cloud\/empresas\/2438\/imagenes\/thumbnails\/11249776\/habitalia.webp","properties_post_title":"habitalia","properties_post_alt":"habitalia"},{"properties_post_image_order":204,"properties_post_image_url":"https:\/\/movin.cloud\/empresas\/2438\/imagenes\/11249776\/alquilar.webp","properties_post_image_url_thumbnail":"https:\/\/movin.cloud\/empresas\/2438\/imagenes\/thumbnails\/11249776\/alquilar.webp","properties_post_title":"alquilar","properties_post_alt":"alquilar"},{"properties_post_image_order":205,"properties_post_image_url":"https:\/\/movin.cloud\/empresas\/2438\/imagenes\/11249776\/alquiler-para-idealista.webp","properties_post_image_url_thumbnail":"https:\/\/movin.cloud\/empresas\/2438\/imagenes\/thumbnails\/11249776\/alquiler-para-idealista.webp","properties_post_title":"alquiler para idealista","properties_post_alt":"alquiler para idealista"},{"properties_post_image_order":206,"properties_post_image_url":"https:\/\/movin.cloud\/empresas\/2438\/imagenes\/11249776\/viviendas.webp","properties_post_image_url_thumbnail":"https:\/\/movin.cloud\/empresas\/2438\/imagenes\/thumbnails\/11249776\/viviendas.webp","properties_post_title":"viviendas","properties_post_alt":"viviendas"},{"properties_post_image_order":207,"properties_post_image_url":"https:\/\/movin.cloud\/empresas\/2438\/imagenes\/11249776\/alquiler-para-idealistas.webp","properties_post_image_url_thumbnail":"https:\/\/movin.cloud\/empresas\/2438\/imagenes\/thumbnails\/11249776\/alquiler-para-idealistas.webp","properties_post_title":"alquiler para idealistas","properties_post_alt":"alquiler para idealistas"},{"properties_post_image_order":208,"properties_post_image_url":"https:\/\/movin.cloud\/empresas\/2438\/imagenes\/11249776\/rent.webp","properties_post_image_url_thumbnail":"https:\/\/movin.cloud\/empresas\/2438\/imagenes\/thumbnails\/11249776\/rent.webp","properties_post_title":"rent","properties_post_alt":"rent"},{"properties_post_image_order":209,"properties_post_image_url":"https:\/\/movin.cloud\/empresas\/2438\/imagenes\/11249776\/fincas.webp","properties_post_image_url_thumbnail":"https:\/\/movin.cloud\/empresas\/2438\/imagenes\/thumbnails\/11249776\/fincas.webp","properties_post_title":"fincas","properties_post_alt":"fincas"},{"properties_post_image_order":210,"properties_post_image_url":"https:\/\/movin.cloud\/empresas\/2438\/imagenes\/11249776\/inmobiliarias.webp","properties_post_image_url_thumbnail":"https:\/\/movin.cloud\/empresas\/2438\/imagenes\/thumbnails\/11249776\/inmobiliarias.webp","properties_post_title":"inmobiliarias","properties_post_alt":"inmobiliarias"},{"properties_post_image_order":211,"properties_post_image_url":"https:\/\/movin.cloud\/empresas\/2438\/imagenes\/11249776\/inmobiliaria.webp","properties_post_image_url_thumbnail":"https:\/\/movin.cloud\/empresas\/2438\/imagenes\/thumbnails\/11249776\/inmobiliaria.webp","properties_post_title":"inmobiliaria","properties_post_alt":"inmobiliaria"},{"properties_post_image_order":212,"properties_post_image_url":"https:\/\/movin.cloud\/empresas\/2438\/imagenes\/11249776\/en-alquiler-barcelona.webp","properties_post_image_url_thumbnail":"https:\/\/movin.cloud\/empresas\/2438\/imagenes\/thumbnails\/11249776\/en-alquiler-barcelona.webp","properties_post_title":"en alquiler barcelona","properties_post_alt":"en alquiler barcelona"},{"properties_post_image_order":213,"properties_post_image_url":"https:\/\/movin.cloud\/empresas\/2438\/imagenes\/11249776\/alquiler-barcelona.webp","properties_post_image_url_thumbnail":"https:\/\/movin.cloud\/empresas\/2438\/imagenes\/thumbnails\/11249776\/alquiler-barcelona.webp","properties_post_title":"alquiler barcelona","properties_post_alt":"alquiler barcelona"},{"properties_post_image_order":214,"properties_post_image_url":"https:\/\/movin.cloud\/empresas\/2438\/imagenes\/11249776\/alquiler-idealistas-barcelona.webp","properties_post_image_url_thumbnail":"https:\/\/movin.cloud\/empresas\/2438\/imagenes\/thumbnails\/11249776\/alquiler-idealistas-barcelona.webp","properties_post_title":"alquiler idealistas barcelona","properties_post_alt":"alquiler idealistas barcelona"},{"properties_post_image_order":215,"properties_post_image_url":"https:\/\/movin.cloud\/empresas\/2438\/imagenes\/11249776\/habitalia-barcelona.webp","properties_post_image_url_thumbnail":"https:\/\/movin.cloud\/empresas\/2438\/imagenes\/thumbnails\/11249776\/habitalia-barcelona.webp","properties_post_title":"habitalia barcelona","properties_post_alt":"habitalia barcelona"},{"properties_post_image_order":216,"properties_post_image_url":"https:\/\/movin.cloud\/empresas\/2438\/imagenes\/11249776\/alquilar-barcelona.webp","properties_post_image_url_thumbnail":"https:\/\/movin.cloud\/empresas\/2438\/imagenes\/thumbnails\/11249776\/alquilar-barcelona.webp","properties_post_title":"alquilar barcelona","properties_post_alt":"alquilar barcelona"},{"properties_post_image_order":217,"properties_post_image_url":"https:\/\/movin.cloud\/empresas\/2438\/imagenes\/11249776\/alquiler-para-idealista-barcelona.webp","properties_post_image_url_thumbnail":"https:\/\/movin.cloud\/empresas\/2438\/imagenes\/thumbnails\/11249776\/alquiler-para-idealista-barcelona.webp","properties_post_title":"alquiler para idealista barcelona","properties_post_alt":"alquiler para idealista barcelona"},{"properties_post_image_order":218,"properties_post_image_url":"https:\/\/movin.cloud\/empresas\/2438\/imagenes\/11249776\/viviendas-barcelona.webp","properties_post_image_url_thumbnail":"https:\/\/movin.cloud\/empresas\/2438\/imagenes\/thumbnails\/11249776\/viviendas-barcelona.webp","properties_post_title":"viviendas barcelona","properties_post_alt":"viviendas barcelona"}],"post_type_properties_post_videos":null,"post_type_properties_post_tour":null,"post_type_properties_post_dossier_url":"","post_type_properties_post_operation_type":"rent","post_type_properties_post_operation_price":7500,"post_type_properties_post_features_hidden_price":false},"yoast_head":"<!-- This site is optimized with the Yoast SEO plugin v27.4 - https:\/\/yoast.com\/product\/yoast-seo-wordpress\/ -->\n<title>OFICINA REFORMADA DE 310 M\u00b2 EN ALQUILER EN AVENIDA DIAGONAL<\/title>\n<meta name=\"robots\" content=\"index, follow, max-snippet:-1, max-image-preview:large, max-video-preview:-1\" \/>\n<link rel=\"canonical\" href=\"https:\/\/forcadell.com\/ca\/propiedades\/oficina-reformada-de-310-m%c2%b2-en-alquiler-en-avenida-diagonal\/\" \/>\n<meta property=\"og:locale\" content=\"ca_ES\" \/>\n<meta property=\"og:type\" content=\"article\" \/>\n<meta property=\"og:title\" content=\"OFICINA REFORMADA DE 310 M\u00b2 EN ALQUILER EN AVENIDA DIAGONAL\" \/>\n<meta property=\"og:description\" content=\"Exclusiva oficina reformada de 310 m\u00b2 situada en una finca se\u00f1orial de la Avenida Diagonal, una de las ubicaciones empresariales m\u00e1s representativas y prestigiosas de Barcelona. Ubicada en una cuarta planta real, la oficina ha sido completamente renovada respetando y realzando los elementos arquitect\u00f3nicos originales de la finca. El resultado es un espacio profesional que [&hellip;]\" \/>\n<meta property=\"og:url\" content=\"https:\/\/forcadell.com\/ca\/propiedades\/oficina-reformada-de-310-m%c2%b2-en-alquiler-en-avenida-diagonal\/\" \/>\n<meta property=\"og:site_name\" content=\"Forcadell\" \/>\n<meta property=\"article:modified_time\" content=\"2026-09-03T07:11:17+00:00\" \/>\n<meta name=\"twitter:card\" content=\"summary_large_image\" \/>\n<meta name=\"twitter:label1\" content=\"Temps estimat de lectura\" \/>\n\t<meta name=\"twitter:data1\" content=\"2 minuts\" \/>\n<script type=\"application\/ld+json\" class=\"yoast-schema-graph\">{\"@context\":\"https:\\\/\\\/schema.org\",\"@graph\":[{\"@type\":\"WebPage\",\"@id\":\"https:\\\/\\\/forcadell.com\\\/ca\\\/propiedades\\\/oficina-reformada-de-310-m%c2%b2-en-alquiler-en-avenida-diagonal\\\/\",\"url\":\"https:\\\/\\\/forcadell.com\\\/ca\\\/propiedades\\\/oficina-reformada-de-310-m%c2%b2-en-alquiler-en-avenida-diagonal\\\/\",\"name\":\"OFICINA REFORMADA DE 310 M\u00b2 EN ALQUILER EN AVENIDA DIAGONAL\",\"isPartOf\":{\"@id\":\"https:\\\/\\\/forcadell.com\\\/ca\\\/#website\"},\"datePublished\":\"2026-09-01T12:04:32+00:00\",\"dateModified\":\"2026-09-03T07:11:17+00:00\",\"breadcrumb\":{\"@id\":\"https:\\\/\\\/forcadell.com\\\/ca\\\/propiedades\\\/oficina-reformada-de-310-m%c2%b2-en-alquiler-en-avenida-diagonal\\\/#breadcrumb\"},\"inLanguage\":\"ca\",\"potentialAction\":[{\"@type\":\"ReadAction\",\"target\":[\"https:\\\/\\\/forcadell.com\\\/ca\\\/propiedades\\\/oficina-reformada-de-310-m%c2%b2-en-alquiler-en-avenida-diagonal\\\/\"]}]},{\"@type\":\"BreadcrumbList\",\"@id\":\"https:\\\/\\\/forcadell.com\\\/ca\\\/propiedades\\\/oficina-reformada-de-310-m%c2%b2-en-alquiler-en-avenida-diagonal\\\/#breadcrumb\",\"itemListElement\":[{\"@type\":\"ListItem\",\"position\":1,\"name\":\"Portada\",\"item\":\"https:\\\/\\\/forcadell.com\\\/ca\\\/\"},{\"@type\":\"ListItem\",\"position\":2,\"name\":\"Properties\",\"item\":\"https:\\\/\\\/forcadell.com\\\/ca\\\/propiedades\\\/\"},{\"@type\":\"ListItem\",\"position\":3,\"name\":\"OFICINA REFORMADA DE 310 M\u00b2 EN ALQUILER EN AVENIDA DIAGONAL\"}]},{\"@type\":\"WebSite\",\"@id\":\"https:\\\/\\\/forcadell.com\\\/ca\\\/#website\",\"url\":\"https:\\\/\\\/forcadell.com\\\/ca\\\/\",\"name\":\"Forcadell\",\"description\":\"Inmobiliaria Barcelona | Consultores inmobiliarios\",\"potentialAction\":[{\"@type\":\"SearchAction\",\"target\":{\"@type\":\"EntryPoint\",\"urlTemplate\":\"https:\\\/\\\/forcadell.com\\\/ca\\\/?s={search_term_string}\"},\"query-input\":{\"@type\":\"PropertyValueSpecification\",\"valueRequired\":true,\"valueName\":\"search_term_string\"}}],\"inLanguage\":\"ca\"}]}<\/script>\n<!-- \/ Yoast SEO plugin. -->","yoast_head_json":{"title":"OFICINA REFORMADA DE 310 M\u00b2 EN ALQUILER EN AVENIDA DIAGONAL","robots":{"index":"index","follow":"follow","max-snippet":"max-snippet:-1","max-image-preview":"max-image-preview:large","max-video-preview":"max-video-preview:-1"},"canonical":"https:\/\/forcadell.com\/ca\/propiedades\/oficina-reformada-de-310-m%c2%b2-en-alquiler-en-avenida-diagonal\/","og_locale":"ca_ES","og_type":"article","og_title":"OFICINA REFORMADA DE 310 M\u00b2 EN ALQUILER EN AVENIDA DIAGONAL","og_description":"Exclusiva oficina reformada de 310 m\u00b2 situada en una finca se\u00f1orial de la Avenida Diagonal, una de las ubicaciones empresariales m\u00e1s representativas y prestigiosas de Barcelona. Ubicada en una cuarta planta real, la oficina ha sido completamente renovada respetando y realzando los elementos arquitect\u00f3nicos originales de la finca. El resultado es un espacio profesional que [&hellip;]","og_url":"https:\/\/forcadell.com\/ca\/propiedades\/oficina-reformada-de-310-m%c2%b2-en-alquiler-en-avenida-diagonal\/","og_site_name":"Forcadell","article_modified_time":"2026-09-03T07:11:17+00:00","twitter_card":"summary_large_image","twitter_misc":{"Temps estimat de lectura":"2 minuts"},"schema":{"@context":"https:\/\/schema.org","@graph":[{"@type":"WebPage","@id":"https:\/\/forcadell.com\/ca\/propiedades\/oficina-reformada-de-310-m%c2%b2-en-alquiler-en-avenida-diagonal\/","url":"https:\/\/forcadell.com\/ca\/propiedades\/oficina-reformada-de-310-m%c2%b2-en-alquiler-en-avenida-diagonal\/","name":"OFICINA REFORMADA DE 310 M\u00b2 EN ALQUILER EN AVENIDA DIAGONAL","isPartOf":{"@id":"https:\/\/forcadell.com\/ca\/#website"},"datePublished":"2026-09-01T12:04:32+00:00","dateModified":"2026-09-03T07:11:17+00:00","breadcrumb":{"@id":"https:\/\/forcadell.com\/ca\/propiedades\/oficina-reformada-de-310-m%c2%b2-en-alquiler-en-avenida-diagonal\/#breadcrumb"},"inLanguage":"ca","potentialAction":[{"@type":"ReadAction","target":["https:\/\/forcadell.com\/ca\/propiedades\/oficina-reformada-de-310-m%c2%b2-en-alquiler-en-avenida-diagonal\/"]}]},{"@type":"BreadcrumbList","@id":"https:\/\/forcadell.com\/ca\/propiedades\/oficina-reformada-de-310-m%c2%b2-en-alquiler-en-avenida-diagonal\/#breadcrumb","itemListElement":[{"@type":"ListItem","position":1,"name":"Portada","item":"https:\/\/forcadell.com\/ca\/"},{"@type":"ListItem","position":2,"name":"Properties","item":"https:\/\/forcadell.com\/ca\/propiedades\/"},{"@type":"ListItem","position":3,"name":"OFICINA REFORMADA DE 310 M\u00b2 EN ALQUILER EN AVENIDA DIAGONAL"}]},{"@type":"WebSite","@id":"https:\/\/forcadell.com\/ca\/#website","url":"https:\/\/forcadell.com\/ca\/","name":"Forcadell","description":"Inmobiliaria Barcelona | Consultores inmobiliarios","potentialAction":[{"@type":"SearchAction","target":{"@type":"EntryPoint","urlTemplate":"https:\/\/forcadell.com\/ca\/?s={search_term_string}"},"query-input":{"@type":"PropertyValueSpecification","valueRequired":true,"valueName":"search_term_string"}}],"inLanguage":"ca"}]}},"_links":{"self":[{"href":"https:\/\/forcadell.com\/ca\/wp-json\/wp\/v2\/properties_post\/86249","targetHints":{"allow":["GET"]}}],"collection":[{"href":"https:\/\/forcadell.com\/ca\/wp-json\/wp\/v2\/properties_post"}],"about":[{"href":"https:\/\/forcadell.com\/ca\/wp-json\/wp\/v2\/types\/properties_post"}],"wp:attachment":[{"href":"https:\/\/forcadell.com\/ca\/wp-json\/wp\/v2\/media?parent=86249"}],"curies":[{"name":"wp","href":"https:\/\/api.w.org\/{rel}","templated":true}]}}