{"id":85121,"date":"2026-08-04T09:04:17","date_gmt":"2026-08-04T07:04:17","guid":{"rendered":"https:\/\/forcadell.com\/propiedades\/paseo-de-gracia-zona-prime\/"},"modified":"2026-09-03T18:03:50","modified_gmt":"2026-09-03T16:03:50","slug":"paseo-de-gracia-zona-prime","status":"publish","type":"properties_post","link":"https:\/\/forcadell.com\/ca\/propiedades\/paseo-de-gracia-zona-prime\/","title":{"rendered":"OFICINAS EN ALQUILER EN PASSEIG DE GR\u00c0CIA 56, CON VISTAS A CASA BATLL\u00d3"},"content":{"rendered":"<p>Exclusivas oficinas en alquiler en Passeig de Gr\u00e0cia 56, situadas en pleno coraz\u00f3n del Eixample y en una de las ubicaciones m\u00e1s prestigiosas y reconocidas internacionalmente de Barcelona. Una direcci\u00f3n prime que proporciona una excelente imagen corporativa, rodeada de arquitectura modernista, firmas de lujo, hoteles, restauraci\u00f3n y una amplia oferta de servicios.<\/p>\n<p>El inmueble es un edificio exclusivo de oficinas que destaca por su representatividad, sus elevadas prestaciones y sus privilegiadas vistas a la Casa Batll\u00f3. Su recepci\u00f3n, completamente renovada en 2026, ofrece una imagen contempor\u00e1nea y profesional desde el primer momento, ideal para empresas que buscan establecer su sede en un entorno corporativo de primer nivel.<\/p>\n<p>El edificio dispone de servicio de conserjer\u00eda y seguridad las 24 horas, dos ascensores, dos n\u00facleos de escaleras y accesos adaptados. Adem\u00e1s, cuenta con aparcamiento, salas comunes disponibles en alquiler, espacios Flex y un espectacular rooftop, pensado para disfrutar de un entorno de trabajo diferencial en pleno centro de Barcelona.<\/p>\n<p>Las oficinas presentan una distribuci\u00f3n di\u00e1fana que permite adaptar el espacio a diferentes modelos de trabajo. Disponen de abundante iluminaci\u00f3n natural, suelo t\u00e9cnico, techo registrable met\u00e1lico, luminarias LED y un eficiente sistema de climatizaci\u00f3n VRV.<\/p>\n<p>CARACTER\u00cdSTICAS DEL EDIFICIO: <\/p>\n<p>Edificio exclusivo de oficinas.<br \/>\nExcelente imagen corporativa.<br \/>\nUbicaci\u00f3n prime en Passeig de Gr\u00e0cia.<br \/>\nVistas a la Casa Batll\u00f3.<br \/>\nRecepci\u00f3n renovada en 2026.<br \/>\nSeguridad 24 horas.<br \/>\nServicio de conserjer\u00eda.<br \/>\nDos ascensores.<br \/>\nDos n\u00facleos de escaleras.<br \/>\nEdificio accesible.<br \/>\nAparcamiento en el inmueble.<br \/>\nRooftop.<br \/>\nSalas comunes alquilables.<br \/>\nEspacios Flex.<br \/>\nCertificaci\u00f3n de sostenibilidad LEED Platinum.<br \/>\nCertificado de Eficiencia Energ\u00e9tica A.<\/p>\n<p>CARACTER\u00cdSTICAS DE LAS OFICINAS:<\/p>\n<p>Espacios amplios y di\u00e1fanos.<br \/>\nExcelente entrada de luz natural.<br \/>\nSuelo t\u00e9cnico.<br \/>\nTecho registrable met\u00e1lico.<br \/>\nIluminaci\u00f3n LED.<br \/>\nSistema de climatizaci\u00f3n VRV.<br \/>\nAltura libre de 2,70 metros<\/p>\n<p>Una oportunidad \u00fanica para instalar su empresa en una de las direcciones m\u00e1s exclusivas de Barcelona, en un edificio representativo, sostenible y equipado con todos los servicios necesarios para ofrecer una experiencia de trabajo de m\u00e1xima calidad.<\/p>\n","protected":false},"template":"","class_list":["post-85121","properties_post","type-properties_post","status-publish","hentry","properties_modality-rent","properties_district-eixample","properties_province-barcelona","properties_zone-cbd-diagonal-po-de-gracia","properties_state-barcelona","properties_subclass-oficina","properties_type-oficina"],"acf":{"post_type_properties_post_property_code":"11247211","post_type_properties_post_property_reference":"IE-225985","post_type_properties_post_owner_id":"34649","post_type_properties_post_owner_name":"PONTEGADEA ESPA\u00d1A SLU - PARTELER 2006, S.L.","post_type_properties_post_property_code_encrypted":"MjQ5JDMxNzc4","post_type_properties_post_published":"1","post_type_properties_post_property_visibility":"idealista","post_type_properties_post_contact_name":"Forcadell Oficinas Barcelona","post_type_properties_post_contact_email":"forcadell.oficinas.barcelona@movin.cloud","post_type_properties_post_contact_primary_phone_prefix":"34","post_type_properties_post_contact_primary_phone_number":"934965413","post_type_properties_post_address_visibility":"street","post_type_properties_post_address_country":"Spain","post_type_properties_post_address_coordinates_precision":"exact","post_type_properties_post_address_postal_code":"08007","post_type_properties_post_address_coordinates_latitude":"41.392902922911","post_type_properties_post_address_coordinates_longitude":"2.1649927265382","post_type_properties_post_address_street_name":"PASEO de Gr\u00e0cia N\u00ba 56 ","post_type_properties_post_address_floor":"6","post_type_properties_post_address_town":"Barcelona","post_type_properties_post_building":[{"properties_post_description_language":"catalan","properties_post_title":"PASSEIG DE GR\u00c0CIA 56 ","properties_post_short_description_text_alt":"","properties_post_description_text_alt":"","properties_post_short_description_text":"","properties_post_link_demanda_inmueble":"","properties_post_link_demanda_calendario_inmueble":"","properties_post_description_text":" \nExclusives oficines de lloguer a Passeig de Gr\u00e0cia 56, situades al cor de l'Eixample i en una de les ubicacions m\u00e9s prestigioses i reconegudes internacionalment de Barcelona. Una adre\u00e7a prime que proporciona una excel\u00b7lent imatge corporativa, envoltada d'arquitectura modernista, firmes de luxe, hotels, restauraci\u00f3 i una \u00e0mplia oferta de serveis.\n\nL'immoble \u00e9s un edifici exclusiu d'oficines que destaca per la representativitat, les elevades prestacions i les privilegiades vistes a la Casa Batll\u00f3. La seva recepci\u00f3, completament renovada el 2026, ofereix una imatge contempor\u00e0nia i professional des del primer moment, ideal per a empreses que busquen establir la seva seu a un entorn corporatiu de primer nivell.\n\nL\u00b4edifici disposa de servei de consergeria i seguretat les 24 hores, dos ascensors, dos nuclis d\u00b4escales i accessos adaptats. A m\u00e9s, compta amb aparcament, sales comunes disponibles de lloguer, espais Flex i un espectacular rooftop, pensat per gaudir d'un entorn de treball diferencial al centre de Barcelona.\n\n \nCARACTER\u00cdSTIQUES DE L'EDIFICI:\n\nEdifici exclusiu doficines.\nExcel\u00b7lent imatge corporativa.\nUbicaci\u00f3 prime a Passeig de Gr\u00e0cia.\nVistes a la Casa Batll\u00f3.\nRecepci\u00f3 renovada el 2026.\nSeguretat 24 hores.\nServei de consergeria.\nDos ascensors.\nDos nuclis d'escales.\nEdifici accessible.\nAparcament a l'immoble.\nRooftop.\nSales comunes llogables.\nEspais Flex.\nCertificaci\u00f3 de sostenibilitat LEED Platinum.\nCertificat d'Efici\u00e8ncia Energ\u00e8tica A.\n\nCARACTER\u00cdSTIQUES DE LES OFICINES:\n\nExcel\u00b7lent entrada de llum natural.\nS\u00f2l t\u00e8cnic.\nSostre registrable met\u00e0l\u00b7lic.\nIl\u00b7luminaci\u00f3 LED.\nSistema de climatitzaci\u00f3 VRV.\n\nUna oportunitat \u00fanica per instal\u00b7lar la vostra empresa en una de les adreces m\u00e9s exclusives de Barcelona, en un edifici representatiu, sostenible i equipat amb tots els serveis necessaris per oferir una experi\u00e8ncia de treball de m\u00e0xima qualitat.","properties_post_seo_title":"","properties_post_seo_alias":"","properties_post_seo_metadescription":"","properties_post_seo_key_words":"","properties_post_seo_url":"","properties_post_terms_conditions":""},{"properties_post_description_language":"spanish","properties_post_title":"PASSEIG DE GR\u00c0CIA 56 ","properties_post_short_description_text_alt":"","properties_post_description_text_alt":"","properties_post_short_description_text":"","properties_post_link_demanda_inmueble":"","properties_post_link_demanda_calendario_inmueble":"","properties_post_description_text":" \nExclusivas oficinas en alquiler en Passeig de Gr\u00e0cia 56, situadas en pleno coraz\u00f3n del Eixample y en una de las ubicaciones m\u00e1s prestigiosas y reconocidas internacionalmente de Barcelona. Una direcci\u00f3n prime que proporciona una excelente imagen corporativa, rodeada de arquitectura modernista, firmas de lujo, hoteles, restauraci\u00f3n y una amplia oferta de servicios.\n\nEl inmueble es un edificio exclusivo de oficinas que destaca por su representatividad, sus elevadas prestaciones y sus privilegiadas vistas a la Casa Batll\u00f3. Su recepci\u00f3n, completamente renovada en 2026, ofrece una imagen contempor\u00e1nea y profesional desde el primer momento, ideal para empresas que buscan establecer su sede en un entorno corporativo de primer nivel.\n\nEl edificio dispone de servicio de conserjer\u00eda y seguridad las 24 horas, dos ascensores, dos n\u00facleos de escaleras y accesos adaptados. Adem\u00e1s, cuenta con aparcamiento, salas comunes disponibles en alquiler, espacios Flex y un espectacular rooftop, pensado para disfrutar de un entorno de trabajo diferencial en pleno centro de Barcelona.\n\n \n\nCARACTER\u00cdSTICAS DEL EDIFICIO: \n\nEdificio exclusivo de oficinas.\nExcelente imagen corporativa.\nUbicaci\u00f3n prime en Passeig de Gr\u00e0cia.\nVistas a la Casa Batll\u00f3.\nRecepci\u00f3n renovada en 2026.\nSeguridad 24 horas.\nServicio de conserjer\u00eda.\nDos ascensores.\nDos n\u00facleos de escaleras.\nEdificio accesible.\nAparcamiento en el inmueble.\nRooftop.\nSalas comunes alquilables.\nEspacios Flex.\nCertificaci\u00f3n de sostenibilidad LEED Platinum.\nCertificado de Eficiencia Energ\u00e9tica A.\n\nCARACTER\u00cdSTICAS DE LAS OFICINAS:\n\nExcelente entrada de luz natural.\nSuelo t\u00e9cnico.\nTecho registrable met\u00e1lico.\nIluminaci\u00f3n LED.\nSistema de climatizaci\u00f3n VRV.\n\nUna oportunidad \u00fanica para instalar su empresa en una de las direcciones m\u00e1s exclusivas de Barcelona, en un edificio representativo, sostenible y equipado con todos los servicios necesarios para ofrecer una experiencia de trabajo de m\u00e1xima calidad. ","properties_post_seo_title":"","properties_post_seo_alias":"","properties_post_seo_metadescription":"","properties_post_seo_key_words":"","properties_post_seo_url":"","properties_post_terms_conditions":""}],"post_type_properties_post_property":[{"properties_post_description_language":"catalan","properties_post_title":"OFICINES DE LLOGUER A PASSEIG DE GR\u00c0CIA 56, AMB VISTES A CASA BATLL\u00d3","properties_post_short_description_text_alt":"","properties_post_description_text_alt":" ","properties_post_short_description_text":" ","properties_post_link_demanda_inmueble":"https:\/\/movin.cloud\/ca\/Forcadell Oficinas Barcelona\/formulari-peticio-immoble\/sth\/2438&&11247211","properties_post_link_demanda_calendario_inmueble":"https:\/\/movin.cloud\/ca\/Forcadell Oficinas Barcelona\/calendari-peticio-immoble\/sth\/2438&&11247211","properties_post_description_text":"Exclusives oficines de lloguer a Passeig de Gr\u00e0cia 56, situades al cor de l'Eixample i en una de les ubicacions m\u00e9s prestigioses i reconegudes internacionalment de Barcelona. Una adre\u00e7a prime que proporciona una excel\u00b7lent imatge corporativa, envoltada d'arquitectura modernista, firmes de luxe, hotels, restauraci\u00f3 i una \u00e0mplia oferta de serveis.\n\nL'immoble \u00e9s un edifici exclusiu d'oficines que destaca per la representativitat, les elevades prestacions i les privilegiades vistes a la Casa Batll\u00f3. La seva recepci\u00f3, completament renovada el 2026, ofereix una imatge contempor\u00e0nia i professional des del primer moment, ideal per a empreses que busquen establir la seva seu a un entorn corporatiu de primer nivell.\n\nL\u00b4edifici disposa de servei de consergeria i seguretat les 24 hores, dos ascensors, dos nuclis d\u00b4escales i accessos adaptats. A m\u00e9s, compta amb aparcament, sales comunes disponibles de lloguer, espais Flex i un espectacular rooftop, pensat per gaudir d'un entorn de treball diferencial al centre de Barcelona.\n\nLes oficines presenten una distribuci\u00f3 di\u00e0fana que permet adaptar lespai a diferents models de treball. Disposen d'abundant il\u00b7luminaci\u00f3 natural, terra t\u00e8cnic, sostre registrable met\u00e0l\u00b7lic, llumin\u00e0ries LED i un eficient sistema de climatitzaci\u00f3 VRV.\n\nCARACTER\u00cdSTIQUES DE L'EDIFICI:\n\nEdifici exclusiu doficines.\nExcel\u00b7lent imatge corporativa.\nUbicaci\u00f3 prime a Passeig de Gr\u00e0cia.\nVistes a la Casa Batll\u00f3.\nRecepci\u00f3 renovada el 2026.\nSeguretat 24 hores.\nServei de consergeria.\nDos ascensors.\nDos nuclis d'escales.\nEdifici accessible.\nAparcament a l'immoble.\nRooftop.\nSales comunes llogables.\nEspais Flex.\nCertificaci\u00f3 de sostenibilitat LEED Platinum.\nCertificat d'Efici\u00e8ncia Energ\u00e8tica A.\n\nCARACTER\u00cdSTIQUES DE LES OFICINES:\n\nEspais amplis i di\u00e0fans.\nExcel\u00b7lent entrada de llum natural.\nS\u00f2l t\u00e8cnic.\nSostre registrable met\u00e0l\u00b7lic.\nIl\u00b7luminaci\u00f3 LED.\nSistema de climatitzaci\u00f3 VRV.\nAl\u00e7ada lliure de 2,70 metres\n\nUna oportunitat \u00fanica per instal\u00b7lar la vostra empresa en una de les adreces m\u00e9s exclusives de Barcelona, en un edifici representatiu, sostenible i equipat amb tots els serveis necessaris per oferir una experi\u00e8ncia de treball de m\u00e0xima qualitat.","properties_post_seo_title":"","properties_post_seo_alias":"","properties_post_seo_metadescription":"Oficina en lloguer en Zona Prime de Barcelona. Pg de Gr\u00e0cia. Forcadell \u00e9s la seva ag\u00e8ncia de confian\u00e7a per al lloguer d'aquesta oficina.","properties_post_seo_key_words":"oficina lloguer passeig de gr\u00e0cia, lloguer oficin passeig de gr\u00e0cia, oficina passeig de gr\u00e0cia","properties_post_seo_url":"","properties_post_terms_conditions":""},{"properties_post_description_language":"spanish","properties_post_title":"OFICINAS EN ALQUILER EN PASSEIG DE GR\u00c0CIA 56, CON VISTAS A CASA BATLL\u00d3","properties_post_short_description_text_alt":"","properties_post_description_text_alt":"","properties_post_short_description_text":" ","properties_post_link_demanda_inmueble":"https:\/\/movin.cloud\/es\/Forcadell Oficinas Barcelona\/formulario-peticion-inmueble\/sth\/2438&&11247211","properties_post_link_demanda_calendario_inmueble":"https:\/\/movin.cloud\/es\/Forcadell Oficinas Barcelona\/calendario-peticion-inmueble\/sth\/2438&&11247211","properties_post_description_text":"Exclusivas oficinas en alquiler en Passeig de Gr\u00e0cia 56, situadas en pleno coraz\u00f3n del Eixample y en una de las ubicaciones m\u00e1s prestigiosas y reconocidas internacionalmente de Barcelona. Una direcci\u00f3n prime que proporciona una excelente imagen corporativa, rodeada de arquitectura modernista, firmas de lujo, hoteles, restauraci\u00f3n y una amplia oferta de servicios.\n\nEl inmueble es un edificio exclusivo de oficinas que destaca por su representatividad, sus elevadas prestaciones y sus privilegiadas vistas a la Casa Batll\u00f3. Su recepci\u00f3n, completamente renovada en 2026, ofrece una imagen contempor\u00e1nea y profesional desde el primer momento, ideal para empresas que buscan establecer su sede en un entorno corporativo de primer nivel.\n\nEl edificio dispone de servicio de conserjer\u00eda y seguridad las 24 horas, dos ascensores, dos n\u00facleos de escaleras y accesos adaptados. Adem\u00e1s, cuenta con aparcamiento, salas comunes disponibles en alquiler, espacios Flex y un espectacular rooftop, pensado para disfrutar de un entorno de trabajo diferencial en pleno centro de Barcelona.\n\nLas oficinas presentan una distribuci\u00f3n di\u00e1fana que permite adaptar el espacio a diferentes modelos de trabajo. Disponen de abundante iluminaci\u00f3n natural, suelo t\u00e9cnico, techo registrable met\u00e1lico, luminarias LED y un eficiente sistema de climatizaci\u00f3n VRV.\n\nCARACTER\u00cdSTICAS DEL EDIFICIO: \n\nEdificio exclusivo de oficinas.\nExcelente imagen corporativa.\nUbicaci\u00f3n prime en Passeig de Gr\u00e0cia.\nVistas a la Casa Batll\u00f3.\nRecepci\u00f3n renovada en 2026.\nSeguridad 24 horas.\nServicio de conserjer\u00eda.\nDos ascensores.\nDos n\u00facleos de escaleras.\nEdificio accesible.\nAparcamiento en el inmueble.\nRooftop.\nSalas comunes alquilables.\nEspacios Flex.\nCertificaci\u00f3n de sostenibilidad LEED Platinum.\nCertificado de Eficiencia Energ\u00e9tica A.\n\nCARACTER\u00cdSTICAS DE LAS OFICINAS:\n\nEspacios amplios y di\u00e1fanos.\nExcelente entrada de luz natural.\nSuelo t\u00e9cnico.\nTecho registrable met\u00e1lico.\nIluminaci\u00f3n LED.\nSistema de climatizaci\u00f3n VRV.\nAltura libre de 2,70 metros\n \nUna oportunidad \u00fanica para instalar su empresa en una de las direcciones m\u00e1s exclusivas de Barcelona, en un edificio representativo, sostenible y equipado con todos los servicios necesarios para ofrecer una experiencia de trabajo de m\u00e1xima calidad.\n\n \n","properties_post_seo_title":"","properties_post_seo_alias":"","properties_post_seo_metadescription":"Oficina en alquiler en Zona Prime de Barcelona. Paseo de Gracia. Forcadell es su agencia de confianza para el alquiler de esta oficina.","properties_post_seo_key_words":"oficina alquiler paseo de gracia, alquiler oficina paseo de gracia, oficina paseo de gracia","properties_post_seo_url":"","properties_post_terms_conditions":""}],"post_type_properties_post_features_type":"office","post_type_properties_post_id_building":"MjkkMjc1MDM=","post_type_properties_post_features_area_constructed":536,"post_type_properties_post_features_conditioned_air":true,"post_type_properties_post_features_doorman":false,"post_type_properties_post_features_heating":true,"post_type_properties_post_features_equipped_kitchen":false,"post_type_properties_post_features_windows_location":"exterior","post_type_properties_post_features_floors_property":false,"post_type_properties_post_features_storage":false,"post_type_properties_post_features_security_door":false,"post_type_properties_post_features_energy_certificate_rating":"A","post_type_properties_post_features_energy_certificate_emissions_rating":"A","post_type_properties_post_features_energy_certificate_emissions_value":"","post_type_properties_post_features_energy_certificate_performance":"","post_type_properties_post_features_bathroom_inside":false,"post_type_properties_post_precio":16080,"post_type_properties_post_precio_alquiler":16080,"post_type_properties_post_record_type_id":"Oficina","post_type_properties_post_categoria__producto":"Oficina","post_type_properties_post_amueblado":false,"post_type_properties_post_precio_m2":30,"post_type_properties_post_zona__comunitaria":false,"post_type_properties_post_electrodomesticos":false,"post_type_properties_post_patio__interior":false,"post_type_properties_post_certificado_energetico_general":"A","post_type_properties_post_certificado_energetico_consumo":"A","post_type_properties_post_certificado_energetico_valor_emisiones":"","post_type_properties_post_certificado_energetico_valor_consumo":"","post_type_properties_post_modalidad":"rent","post_type_properties_post_provincia":"Barcelona","post_type_properties_post_poblacion":"Barcelona","post_type_properties_post_centro__urbano":false,"post_type_properties_post_zonificacion":"CBD - Diagonal \/ P\u00ba de Gracia","post_type_properties_post_cartera":"","post_type_properties_post_titulo_catalan":"OFICINES DE LLOGUER A PASSEIG DE GR\u00c0CIA 56, AMB VISTES A CASA BATLL\u00d3","post_type_properties_post_internet_catalan":"Exclusives oficines de lloguer a Passeig de Gr\u00e0cia 56, situades al cor de l'Eixample i en una de les ubicacions m\u00e9s prestigioses i reconegudes internacionalment de Barcelona. Una adre\u00e7a prime que proporciona una excel\u00b7lent imatge corporativa, envoltada d'arquitectura modernista, firmes de luxe, hotels, restauraci\u00f3 i una \u00e0mplia oferta de serveis.\n\nL'immoble \u00e9s un edifici exclusiu d'oficines que destaca per la representativitat, les elevades prestacions i les privilegiades vistes a la Casa Batll\u00f3. La seva recepci\u00f3, completament renovada el 2026, ofereix una imatge contempor\u00e0nia i professional des del primer moment, ideal per a empreses que busquen establir la seva seu a un entorn corporatiu de primer nivell.\n\nL\u00b4edifici disposa de servei de consergeria i seguretat les 24 hores, dos ascensors, dos nuclis d\u00b4escales i accessos adaptats. A m\u00e9s, compta amb aparcament, sales comunes disponibles de lloguer, espais Flex i un espectacular rooftop, pensat per gaudir d'un entorn de treball diferencial al centre de Barcelona.\n\nLes oficines presenten una distribuci\u00f3 di\u00e0fana que permet adaptar lespai a diferents models de treball. Disposen d'abundant il\u00b7luminaci\u00f3 natural, terra t\u00e8cnic, sostre registrable met\u00e0l\u00b7lic, llumin\u00e0ries LED i un eficient sistema de climatitzaci\u00f3 VRV.\n\nCARACTER\u00cdSTIQUES DE L'EDIFICI:\n\nEdifici exclusiu doficines.\nExcel\u00b7lent imatge corporativa.\nUbicaci\u00f3 prime a Passeig de Gr\u00e0cia.\nVistes a la Casa Batll\u00f3.\nRecepci\u00f3 renovada el 2026.\nSeguretat 24 hores.\nServei de consergeria.\nDos ascensors.\nDos nuclis d'escales.\nEdifici accessible.\nAparcament a l'immoble.\nRooftop.\nSales comunes llogables.\nEspais Flex.\nCertificaci\u00f3 de sostenibilitat LEED Platinum.\nCertificat d'Efici\u00e8ncia Energ\u00e8tica A.\n\nCARACTER\u00cdSTIQUES DE LES OFICINES:\n\nEspais amplis i di\u00e0fans.\nExcel\u00b7lent entrada de llum natural.\nS\u00f2l t\u00e8cnic.\nSostre registrable met\u00e0l\u00b7lic.\nIl\u00b7luminaci\u00f3 LED.\nSistema de climatitzaci\u00f3 VRV.\nAl\u00e7ada lliure de 2,70 metres\n\nUna oportunitat \u00fanica per instal\u00b7lar la vostra empresa en una de les adreces m\u00e9s exclusives de Barcelona, en un edifici representatiu, sostenible i equipat amb tots els serveis necessaris per oferir una experi\u00e8ncia de treball de m\u00e0xima qualitat.","post_type_properties_post_titulo_castellano":"OFICINAS EN ALQUILER EN PASSEIG DE GR\u00c0CIA 56, CON VISTAS A CASA BATLL\u00d3","post_type_properties_post_internet_castellano":"Exclusivas oficinas en alquiler en Passeig de Gr\u00e0cia 56, situadas en pleno coraz\u00f3n del Eixample y en una de las ubicaciones m\u00e1s prestigiosas y reconocidas internacionalmente de Barcelona. Una direcci\u00f3n prime que proporciona una excelente imagen corporativa, rodeada de arquitectura modernista, firmas de lujo, hoteles, restauraci\u00f3n y una amplia oferta de servicios.\n\nEl inmueble es un edificio exclusivo de oficinas que destaca por su representatividad, sus elevadas prestaciones y sus privilegiadas vistas a la Casa Batll\u00f3. Su recepci\u00f3n, completamente renovada en 2026, ofrece una imagen contempor\u00e1nea y profesional desde el primer momento, ideal para empresas que buscan establecer su sede en un entorno corporativo de primer nivel.\n\nEl edificio dispone de servicio de conserjer\u00eda y seguridad las 24 horas, dos ascensores, dos n\u00facleos de escaleras y accesos adaptados. Adem\u00e1s, cuenta con aparcamiento, salas comunes disponibles en alquiler, espacios Flex y un espectacular rooftop, pensado para disfrutar de un entorno de trabajo diferencial en pleno centro de Barcelona.\n\nLas oficinas presentan una distribuci\u00f3n di\u00e1fana que permite adaptar el espacio a diferentes modelos de trabajo. Disponen de abundante iluminaci\u00f3n natural, suelo t\u00e9cnico, techo registrable met\u00e1lico, luminarias LED y un eficiente sistema de climatizaci\u00f3n VRV.\n\nCARACTER\u00cdSTICAS DEL EDIFICIO: \n\nEdificio exclusivo de oficinas.\nExcelente imagen corporativa.\nUbicaci\u00f3n prime en Passeig de Gr\u00e0cia.\nVistas a la Casa Batll\u00f3.\nRecepci\u00f3n renovada en 2026.\nSeguridad 24 horas.\nServicio de conserjer\u00eda.\nDos ascensores.\nDos n\u00facleos de escaleras.\nEdificio accesible.\nAparcamiento en el inmueble.\nRooftop.\nSalas comunes alquilables.\nEspacios Flex.\nCertificaci\u00f3n de sostenibilidad LEED Platinum.\nCertificado de Eficiencia Energ\u00e9tica A.\n\nCARACTER\u00cdSTICAS DE LAS OFICINAS:\n\nEspacios amplios y di\u00e1fanos.\nExcelente entrada de luz natural.\nSuelo t\u00e9cnico.\nTecho registrable met\u00e1lico.\nIluminaci\u00f3n LED.\nSistema de climatizaci\u00f3n VRV.\nAltura libre de 2,70 metros\n \nUna oportunidad \u00fanica para instalar su empresa en una de las direcciones m\u00e1s exclusivas de Barcelona, en un edificio representativo, sostenible y equipado con todos los servicios necesarios para ofrecer una experiencia de trabajo de m\u00e1xima calidad.\n\n \n","post_type_properties_post_titulo_ingles":"","post_type_properties_post_internet_ingles":"","post_type_properties_post_features_classification_commercial":false,"post_type_properties_post_features_conservation":"","post_type_properties_post_features_security_personnel":false,"post_type_properties_post_features_parking_available":false,"post_type_properties_post_features_garage_capacity_type":"","post_type_properties_post_features_bathroom_number":"","post_type_properties_post_eje":"","post_type_properties_post_zona":"","post_type_properties_post_comarca":"","post_type_properties_post_features_built_year":"","post_type_properties_post_renta_mensual":16770,"post_type_properties_post_fianza":"","post_type_properties_post_features_area_plot":"","post_type_properties_post_features_area_buildable":"","post_type_properties_post_features_classification_industrial":false,"post_type_properties_post_distrito":"","post_type_properties_post_features_balcony":false,"post_type_properties_post_features_bedroom_number":"","post_type_properties_post_features_heating_type":"","post_type_properties_post_features_equipped_with_furniture":false,"post_type_properties_post_features_pets_allowed":false,"post_type_properties_post_features_pool":false,"post_type_properties_post_features_terrace":false,"post_type_properties_post_features_wardrobes":false,"post_type_properties_post_features_lift_available":false,"post_type_properties_post_features_handicap_adapted_access":false,"post_type_properties_post_features_orientation_east":false,"post_type_properties_post_features_orientation_west":false,"post_type_properties_post_features_orientation_north":false,"post_type_properties_post_features_orientation_south":false,"post_type_properties_post_features_parking_spaces_number":"","post_type_properties_post_features_security_alarm":false,"post_type_properties_post_features_security_system":false,"post_type_properties_post_open_plan":false,"post_type_properties_post_acceso_24_7":false,"post_type_properties_post_oficina_privada":false,"post_type_properties_post_sala_reuniones":false,"post_type_properties_post_espacio_eventos":false,"post_type_properties_post_office":false,"post_type_properties_post_restaurant":false,"post_type_properties_post_acepta_traspaso":false,"post_type_properties_post_vigilancia":false,"post_type_properties_post_features_suite":false,"post_type_properties_post_features_vitro":false,"post_type_properties_post_features_oven":false,"post_type_properties_post_features_microwave":false,"post_type_properties_post_features_washing_machine":false,"post_type_properties_post_features_dryer":false,"post_type_properties_post_features_dishwasher":false,"post_type_properties_post_features_fridge":false,"post_type_properties_post_features_fridge_mini":false,"post_type_properties_post_features_kettle":false,"post_type_properties_post_features_toaster":false,"post_type_properties_post_features_coffee_maker":false,"post_type_properties_post_features_iron":false,"post_type_properties_post_features_ironing_board":false,"post_type_properties_post_features_safe":false,"post_type_properties_post_features_internet":true,"post_type_properties_post_features_solarium":false,"post_type_properties_post_features_clean_service":false,"post_type_properties_post_features_t_v":false,"post_type_properties_post_features_satellite_t_v":false,"post_type_properties_post_features_gas_kitchen":false,"post_type_properties_post_features_view_mountain":false,"post_type_properties_post_features_view_sea":false,"post_type_properties_post_features_concierge":false,"post_type_properties_post_features_loading_dock":false,"post_type_properties_post_features_bridge_crane":false,"post_type_properties_post_features_located_at_corner":false,"post_type_properties_post_features_smoke_extraction":false,"post_type_properties_post_features_rooms":"","post_type_properties_post_features_garden_area":"","post_type_properties_post_features_utilities_water":false,"post_type_properties_post_features_utilities_electricity":false,"post_type_properties_post_features_utilities_natural_gas":false,"post_type_properties_post_features_building_adapted":false,"post_type_properties_post_features_garden":false,"post_type_properties_post_features_classification_hotel":false,"post_type_properties_post_features_classification_chalet":false,"post_type_properties_post_certificado_energetico_emisiones":"A","post_type_properties_post_barrio":"","post_type_properties_post_distrito_empresa":"Eixample","post_type_properties_post_features_property_category_intern":"","post_type_properties_post_implantada":false,"post_type_properties_post_sello_leed":"2","post_type_properties_post_sello_well":"","post_type_properties_post_sello_breeam":false,"post_type_properties_post_images":[{"properties_post_image_order":1,"properties_post_image_url":"https:\/\/movin.cloud\/empresas\/2438\/imagenes\/11247211\/en-alquiler-24.webp","properties_post_image_url_thumbnail":"https:\/\/movin.cloud\/empresas\/2438\/imagenes\/thumbnails\/11247211\/en-alquiler-24.webp","properties_post_title":"en alquiler 24","properties_post_alt":"en alquiler 24"},{"properties_post_image_order":2,"properties_post_image_url":"https:\/\/movin.cloud\/empresas\/2438\/imagenes\/11247211\/en-alquiler-6.webp","properties_post_image_url_thumbnail":"https:\/\/movin.cloud\/empresas\/2438\/imagenes\/thumbnails\/11247211\/en-alquiler-6.webp","properties_post_title":"en alquiler 6","properties_post_alt":"en alquiler 6"},{"properties_post_image_order":4,"properties_post_image_url":"https:\/\/movin.cloud\/empresas\/2438\/imagenes\/11247211\/en-alquiler-22.webp","properties_post_image_url_thumbnail":"https:\/\/movin.cloud\/empresas\/2438\/imagenes\/thumbnails\/11247211\/en-alquiler-22.webp","properties_post_title":"en alquiler 22","properties_post_alt":"en alquiler 22"},{"properties_post_image_order":5,"properties_post_image_url":"https:\/\/movin.cloud\/empresas\/2438\/imagenes\/11247211\/en-alquiler-23.webp","properties_post_image_url_thumbnail":"https:\/\/movin.cloud\/empresas\/2438\/imagenes\/thumbnails\/11247211\/en-alquiler-23.webp","properties_post_title":"en alquiler 23","properties_post_alt":"en alquiler 23"}],"post_type_properties_post_videos":null,"post_type_properties_post_tour":null,"post_type_properties_post_dossier_url":"","post_type_properties_post_operation_type":"rent","post_type_properties_post_operation_price":16080,"post_type_properties_post_features_hidden_price":false},"yoast_head":"<!-- This site is optimized with the Yoast SEO plugin v27.4 - https:\/\/yoast.com\/product\/yoast-seo-wordpress\/ -->\n<title>OFICINAS EN ALQUILER EN PASSEIG DE GR\u00c0CIA 56, CON VISTAS A CASA BATLL\u00d3<\/title>\n<meta name=\"description\" content=\"Oficina en alquiler en Zona Prime de Barcelona. Paseo de Gracia. Forcadell es su agencia de confianza para el alquiler de esta oficina.\" \/>\n<meta name=\"robots\" content=\"index, follow, max-snippet:-1, max-image-preview:large, max-video-preview:-1\" \/>\n<link rel=\"canonical\" href=\"https:\/\/forcadell.com\/ca\/propiedades\/paseo-de-gracia-zona-prime\/\" \/>\n<meta property=\"og:locale\" content=\"ca_ES\" \/>\n<meta property=\"og:type\" content=\"article\" \/>\n<meta property=\"og:title\" content=\"OFICINAS EN ALQUILER EN PASSEIG DE GR\u00c0CIA 56, CON VISTAS A CASA BATLL\u00d3\" \/>\n<meta property=\"og:description\" content=\"Oficina en alquiler en Zona Prime de Barcelona. Paseo de Gracia. Forcadell es su agencia de confianza para el alquiler de esta oficina.\" \/>\n<meta property=\"og:url\" content=\"https:\/\/forcadell.com\/ca\/propiedades\/paseo-de-gracia-zona-prime\/\" \/>\n<meta property=\"og:site_name\" content=\"Forcadell\" \/>\n<meta property=\"article:modified_time\" content=\"2026-09-03T16:03:50+00:00\" \/>\n<meta name=\"twitter:card\" content=\"summary_large_image\" \/>\n<meta name=\"twitter:label1\" content=\"Temps estimat de lectura\" \/>\n\t<meta name=\"twitter:data1\" content=\"2 minuts\" \/>\n<script type=\"application\/ld+json\" class=\"yoast-schema-graph\">{\"@context\":\"https:\\\/\\\/schema.org\",\"@graph\":[{\"@type\":\"WebPage\",\"@id\":\"https:\\\/\\\/forcadell.com\\\/ca\\\/propiedades\\\/paseo-de-gracia-zona-prime\\\/\",\"url\":\"https:\\\/\\\/forcadell.com\\\/ca\\\/propiedades\\\/paseo-de-gracia-zona-prime\\\/\",\"name\":\"OFICINAS EN ALQUILER EN PASSEIG DE GR\u00c0CIA 56, CON VISTAS A CASA BATLL\u00d3\",\"isPartOf\":{\"@id\":\"https:\\\/\\\/forcadell.com\\\/ca\\\/#website\"},\"datePublished\":\"2026-08-04T07:04:17+00:00\",\"dateModified\":\"2026-09-03T16:03:50+00:00\",\"description\":\"Oficina en alquiler en Zona Prime de Barcelona. Paseo de Gracia. Forcadell es su agencia de confianza para el alquiler de esta oficina.\",\"breadcrumb\":{\"@id\":\"https:\\\/\\\/forcadell.com\\\/ca\\\/propiedades\\\/paseo-de-gracia-zona-prime\\\/#breadcrumb\"},\"inLanguage\":\"ca\",\"potentialAction\":[{\"@type\":\"ReadAction\",\"target\":[\"https:\\\/\\\/forcadell.com\\\/ca\\\/propiedades\\\/paseo-de-gracia-zona-prime\\\/\"]}]},{\"@type\":\"BreadcrumbList\",\"@id\":\"https:\\\/\\\/forcadell.com\\\/ca\\\/propiedades\\\/paseo-de-gracia-zona-prime\\\/#breadcrumb\",\"itemListElement\":[{\"@type\":\"ListItem\",\"position\":1,\"name\":\"Portada\",\"item\":\"https:\\\/\\\/forcadell.com\\\/ca\\\/\"},{\"@type\":\"ListItem\",\"position\":2,\"name\":\"Properties\",\"item\":\"https:\\\/\\\/forcadell.com\\\/ca\\\/propiedades\\\/\"},{\"@type\":\"ListItem\",\"position\":3,\"name\":\"OFICINAS EN ALQUILER EN PASSEIG DE GR\u00c0CIA 56, CON VISTAS A CASA BATLL\u00d3\"}]},{\"@type\":\"WebSite\",\"@id\":\"https:\\\/\\\/forcadell.com\\\/ca\\\/#website\",\"url\":\"https:\\\/\\\/forcadell.com\\\/ca\\\/\",\"name\":\"Forcadell\",\"description\":\"Inmobiliaria Barcelona | Consultores inmobiliarios\",\"potentialAction\":[{\"@type\":\"SearchAction\",\"target\":{\"@type\":\"EntryPoint\",\"urlTemplate\":\"https:\\\/\\\/forcadell.com\\\/ca\\\/?s={search_term_string}\"},\"query-input\":{\"@type\":\"PropertyValueSpecification\",\"valueRequired\":true,\"valueName\":\"search_term_string\"}}],\"inLanguage\":\"ca\"}]}<\/script>\n<!-- \/ Yoast SEO plugin. -->","yoast_head_json":{"title":"OFICINAS EN ALQUILER EN PASSEIG DE GR\u00c0CIA 56, CON VISTAS A CASA BATLL\u00d3","description":"Oficina en alquiler en Zona Prime de Barcelona. Paseo de Gracia. Forcadell es su agencia de confianza para el alquiler de esta oficina.","robots":{"index":"index","follow":"follow","max-snippet":"max-snippet:-1","max-image-preview":"max-image-preview:large","max-video-preview":"max-video-preview:-1"},"canonical":"https:\/\/forcadell.com\/ca\/propiedades\/paseo-de-gracia-zona-prime\/","og_locale":"ca_ES","og_type":"article","og_title":"OFICINAS EN ALQUILER EN PASSEIG DE GR\u00c0CIA 56, CON VISTAS A CASA BATLL\u00d3","og_description":"Oficina en alquiler en Zona Prime de Barcelona. Paseo de Gracia. Forcadell es su agencia de confianza para el alquiler de esta oficina.","og_url":"https:\/\/forcadell.com\/ca\/propiedades\/paseo-de-gracia-zona-prime\/","og_site_name":"Forcadell","article_modified_time":"2026-09-03T16:03:50+00:00","twitter_card":"summary_large_image","twitter_misc":{"Temps estimat de lectura":"2 minuts"},"schema":{"@context":"https:\/\/schema.org","@graph":[{"@type":"WebPage","@id":"https:\/\/forcadell.com\/ca\/propiedades\/paseo-de-gracia-zona-prime\/","url":"https:\/\/forcadell.com\/ca\/propiedades\/paseo-de-gracia-zona-prime\/","name":"OFICINAS EN ALQUILER EN PASSEIG DE GR\u00c0CIA 56, CON VISTAS A CASA BATLL\u00d3","isPartOf":{"@id":"https:\/\/forcadell.com\/ca\/#website"},"datePublished":"2026-08-04T07:04:17+00:00","dateModified":"2026-09-03T16:03:50+00:00","description":"Oficina en alquiler en Zona Prime de Barcelona. Paseo de Gracia. Forcadell es su agencia de confianza para el alquiler de esta oficina.","breadcrumb":{"@id":"https:\/\/forcadell.com\/ca\/propiedades\/paseo-de-gracia-zona-prime\/#breadcrumb"},"inLanguage":"ca","potentialAction":[{"@type":"ReadAction","target":["https:\/\/forcadell.com\/ca\/propiedades\/paseo-de-gracia-zona-prime\/"]}]},{"@type":"BreadcrumbList","@id":"https:\/\/forcadell.com\/ca\/propiedades\/paseo-de-gracia-zona-prime\/#breadcrumb","itemListElement":[{"@type":"ListItem","position":1,"name":"Portada","item":"https:\/\/forcadell.com\/ca\/"},{"@type":"ListItem","position":2,"name":"Properties","item":"https:\/\/forcadell.com\/ca\/propiedades\/"},{"@type":"ListItem","position":3,"name":"OFICINAS EN ALQUILER EN PASSEIG DE GR\u00c0CIA 56, CON VISTAS A CASA BATLL\u00d3"}]},{"@type":"WebSite","@id":"https:\/\/forcadell.com\/ca\/#website","url":"https:\/\/forcadell.com\/ca\/","name":"Forcadell","description":"Inmobiliaria Barcelona | Consultores inmobiliarios","potentialAction":[{"@type":"SearchAction","target":{"@type":"EntryPoint","urlTemplate":"https:\/\/forcadell.com\/ca\/?s={search_term_string}"},"query-input":{"@type":"PropertyValueSpecification","valueRequired":true,"valueName":"search_term_string"}}],"inLanguage":"ca"}]}},"_links":{"self":[{"href":"https:\/\/forcadell.com\/ca\/wp-json\/wp\/v2\/properties_post\/85121","targetHints":{"allow":["GET"]}}],"collection":[{"href":"https:\/\/forcadell.com\/ca\/wp-json\/wp\/v2\/properties_post"}],"about":[{"href":"https:\/\/forcadell.com\/ca\/wp-json\/wp\/v2\/types\/properties_post"}],"wp:attachment":[{"href":"https:\/\/forcadell.com\/ca\/wp-json\/wp\/v2\/media?parent=85121"}],"curies":[{"name":"wp","href":"https:\/\/api.w.org\/{rel}","templated":true}]}}