{"id":64436,"date":"2026-04-29T14:05:43","date_gmt":"2026-04-29T12:05:43","guid":{"rendered":"https:\/\/forcadell.com\/propiedades\/rambla-catalunya-11\/"},"modified":"2026-04-29T17:06:31","modified_gmt":"2026-04-29T15:06:31","slug":"rambla-catalunya-11","status":"publish","type":"properties_post","link":"https:\/\/forcadell.com\/ca\/propiedades\/rambla-catalunya-11\/","title":{"rendered":"RAMBLA CATALUNYA"},"content":{"rendered":"<p>OFICINA PRIME EN RAMBLA CATALUNYA \u2014 M\u00c1S DE 600 M\u00b2 POR PLANTA EN EDIFICIO MODERNISTA CERTIFICADO LEED GOLD<\/p>\n<p>Pocas direcciones en Barcelona combinan arquitectura hist\u00f3rica, instalaciones de \u00faltima generaci\u00f3n y certificaci\u00f3n LEED Gold. Rambla Catalunya, el eje m\u00e1s representativo del Eixample, ofrece una de esas oportunidades: plantas di\u00e1fanas de m\u00e1s de 600 m\u00b2, llenas de luz natural, en un edificio modernista completamente reformado y de uso exclusivo para oficinas.<br \/>\nUna direcci\u00f3n que comunica solvencia antes de abrir la boca. Rodeada de firmas internacionales, restaurantes de referencia y todo tipo de servicios, con acceso directo a metro L2, L3 y L4, autob\u00fas y Bicing a pie de calle.<br \/>\nEl edificio cuenta con conserjer\u00eda 24 horas, tres ascensores, dos plantas de aparcamiento, coffee break y terraza en planta 2, office amueblado y certificaci\u00f3n LEED Gold \u2014 un diferencial cada vez m\u00e1s decisivo para empresas con criterios ESG y pol\u00edticas de sostenibilidad corporativa.<br \/>\nCada planta supera los 600 m\u00b2 completamente di\u00e1fanos, con suelos de parqu\u00e9, ventanas practicables, iluminaci\u00f3n LED suspendida y climatizaci\u00f3n fr\u00edo-calor por conductos. La arquitectura cl\u00e1sica del edificio convive con instalaciones t\u00e9cnicas modernas sin concesiones. Las plantas 7 y 9 disponen de terrazas privativas \u2014 un activo que en el centro de Barcelona tiene muy pocas alternativas reales.<br \/>\nSi tu empresa busca una oficina corporativa en Barcelona que proyecte imagen, retenga talento y cumpla con los est\u00e1ndares m\u00e1s exigentes, esta es una oportunidad fuera de lo com\u00fan. Cont\u00e1ctanos para organizar una visita.<\/p>\n","protected":false},"template":"","class_list":["post-64436","properties_post","type-properties_post","status-publish","hentry","properties_modality-rent","properties_district-eixample","properties_province-barcelona","properties_zone-cbd-diagonal-po-de-gracia","properties_state-barcelona","properties_subclass-oficina","properties_type-oficina"],"acf":{"post_type_properties_post_property_code":"11244897","post_type_properties_post_property_reference":"IE-224492","post_type_properties_post_owner_id":"31026","post_type_properties_post_owner_name":"CBRE REAL ESTATE SA","post_type_properties_post_property_code_encrypted":"MjQ5JDI5NDY0","post_type_properties_post_published":"1","post_type_properties_post_property_visibility":"idealista","post_type_properties_post_contact_name":"Forcadell Oficinas Barcelona","post_type_properties_post_contact_email":"forcadell.oficinas.barcelona@movin.cloud","post_type_properties_post_contact_primary_phone_prefix":"34","post_type_properties_post_contact_primary_phone_number":"934965413","post_type_properties_post_address_visibility":"street","post_type_properties_post_address_country":"Spain","post_type_properties_post_address_coordinates_precision":"exact","post_type_properties_post_address_postal_code":"08007","post_type_properties_post_address_coordinates_latitude":"41.3887015","post_type_properties_post_address_coordinates_longitude":"2.166441","post_type_properties_post_address_street_name":"RAMBLA Catalunya N\u00ba 19 ","post_type_properties_post_address_floor":"7","post_type_properties_post_address_town":"Barcelona","post_type_properties_post_building":null,"post_type_properties_post_property":[{"properties_post_description_language":"catalan","properties_post_title":"RAMBLA CATALUNYA","properties_post_short_description_text_alt":"","properties_post_description_text_alt":"","properties_post_short_description_text":"","properties_post_link_demanda_inmueble":"https:\/\/movin.cloud\/ca\/Forcadell Oficinas Barcelona\/formulari-peticio-immoble\/sth\/2438&&11244897","properties_post_link_demanda_calendario_inmueble":"https:\/\/movin.cloud\/ca\/Forcadell Oficinas Barcelona\/calendari-peticio-immoble\/sth\/2438&&11244897","properties_post_description_text":"OFICINA PRIME A RAMBLA CATALUNYA \u2014 M\u00c9S DE 600 M\u00b2 PER PLANTA EN EDIFICI MODERNISTA CERTIFICAT LEED GOLD\n\nPoques adreces a Barcelona combinen arquitectura hist\u00f2rica, instal\u00b7lacions de darrera generaci\u00f3 i certificaci\u00f3 LEED Gold. Rambla Catalunya, l'eix m\u00e9s representatiu de l'Eixample, ofereix una d'aquestes oportunitats: plantes di\u00e0fanes de m\u00e9s de 600 m\u00b2, plenes de llum natural, en un edifici modernista completament reformat i d'\u00fas exclusiu per a oficines.\nUna adre\u00e7a que comunica solv\u00e8ncia abans d'obrir la boca. Envoltada de firmes internacionals, restaurants de refer\u00e8ncia i tota mena de serveis, amb acc\u00e9s directe a metro L2, L3 i L4, autob\u00fas i Bicing a peu de carrer.\nL\u00b4edifici compta amb consergeria 24 hores, tres ascensors, dues plantes d\u00b4aparcament, coffee break i terrassa en planta 2, office moblat i certificaci\u00f3 LEED Gold \u2014 un diferencial cada vegada m\u00e9s decisiu per a empreses amb criteris ESG i pol\u00edtiques de sostenibilitat corporativa.\nCada planta supera els 600 m\u00b2 completament di\u00e0fans, amb terres de parquet, finestres practicables, il\u00b7luminaci\u00f3 LED suspesa i climatitzaci\u00f3 fred-calor per conductes. L\u00b4arquitectura cl\u00e0ssica de l\u00b4edifici conviu amb instal\u00b7lacions t\u00e8cniques modernes sense concessions. Les plantes 7 i 9 disposen de terrasses privatives \u2014un actiu que al centre de Barcelona t\u00e9 molt poques alternatives reals.\nSi la teva empresa busca una oficina corporativa a Barcelona que projecti imatge, retingui talent i compleixi els est\u00e0ndards m\u00e9s exigents, aquesta \u00e9s una oportunitat fora del com\u00fa. Contacta'ns per organitzar una visita.","properties_post_seo_title":"","properties_post_seo_alias":"","properties_post_seo_metadescription":"","properties_post_seo_key_words":"","properties_post_seo_url":"","properties_post_terms_conditions":""},{"properties_post_description_language":"spanish","properties_post_title":"RAMBLA CATALUNYA","properties_post_short_description_text_alt":"","properties_post_description_text_alt":"","properties_post_short_description_text":" ","properties_post_link_demanda_inmueble":"https:\/\/movin.cloud\/es\/Forcadell Oficinas Barcelona\/formulario-peticion-inmueble\/sth\/2438&&11244897","properties_post_link_demanda_calendario_inmueble":"https:\/\/movin.cloud\/es\/Forcadell Oficinas Barcelona\/calendario-peticion-inmueble\/sth\/2438&&11244897","properties_post_description_text":"OFICINA PRIME EN RAMBLA CATALUNYA \u2014 M\u00c1S DE 600 M\u00b2 POR PLANTA EN EDIFICIO MODERNISTA CERTIFICADO LEED GOLD\n\nPocas direcciones en Barcelona combinan arquitectura hist\u00f3rica, instalaciones de \u00faltima generaci\u00f3n y certificaci\u00f3n LEED Gold. Rambla Catalunya, el eje m\u00e1s representativo del Eixample, ofrece una de esas oportunidades: plantas di\u00e1fanas de m\u00e1s de 600 m\u00b2, llenas de luz natural, en un edificio modernista completamente reformado y de uso exclusivo para oficinas.\nUna direcci\u00f3n que comunica solvencia antes de abrir la boca. Rodeada de firmas internacionales, restaurantes de referencia y todo tipo de servicios, con acceso directo a metro L2, L3 y L4, autob\u00fas y Bicing a pie de calle.\nEl edificio cuenta con conserjer\u00eda 24 horas, tres ascensores, dos plantas de aparcamiento, coffee break y terraza en planta 2, office amueblado y certificaci\u00f3n LEED Gold \u2014 un diferencial cada vez m\u00e1s decisivo para empresas con criterios ESG y pol\u00edticas de sostenibilidad corporativa.\nCada planta supera los 600 m\u00b2 completamente di\u00e1fanos, con suelos de parqu\u00e9, ventanas practicables, iluminaci\u00f3n LED suspendida y climatizaci\u00f3n fr\u00edo-calor por conductos. La arquitectura cl\u00e1sica del edificio convive con instalaciones t\u00e9cnicas modernas sin concesiones. Las plantas 7 y 9 disponen de terrazas privativas \u2014 un activo que en el centro de Barcelona tiene muy pocas alternativas reales.\nSi tu empresa busca una oficina corporativa en Barcelona que proyecte imagen, retenga talento y cumpla con los est\u00e1ndares m\u00e1s exigentes, esta es una oportunidad fuera de lo com\u00fan. Cont\u00e1ctanos para organizar una visita.","properties_post_seo_title":"","properties_post_seo_alias":"","properties_post_seo_metadescription":"","properties_post_seo_key_words":"","properties_post_seo_url":"","properties_post_terms_conditions":""}],"post_type_properties_post_features_type":"office","post_type_properties_post_id_building":"","post_type_properties_post_features_area_constructed":733,"post_type_properties_post_features_conditioned_air":true,"post_type_properties_post_features_doorman":false,"post_type_properties_post_features_heating":false,"post_type_properties_post_features_equipped_kitchen":false,"post_type_properties_post_features_windows_location":"exterior","post_type_properties_post_features_floors_property":false,"post_type_properties_post_features_storage":false,"post_type_properties_post_features_security_door":false,"post_type_properties_post_features_energy_certificate_rating":"C","post_type_properties_post_features_energy_certificate_emissions_rating":"C","post_type_properties_post_features_energy_certificate_emissions_value":"","post_type_properties_post_features_energy_certificate_performance":"","post_type_properties_post_features_bathroom_inside":false,"post_type_properties_post_precio":16859,"post_type_properties_post_precio_alquiler":16859,"post_type_properties_post_record_type_id":"Oficina","post_type_properties_post_categoria__producto":"Oficina","post_type_properties_post_amueblado":false,"post_type_properties_post_precio_m2":23,"post_type_properties_post_zona__comunitaria":false,"post_type_properties_post_electrodomesticos":false,"post_type_properties_post_patio__interior":true,"post_type_properties_post_certificado_energetico_general":"C","post_type_properties_post_certificado_energetico_consumo":"C","post_type_properties_post_certificado_energetico_valor_emisiones":"","post_type_properties_post_certificado_energetico_valor_consumo":"","post_type_properties_post_modalidad":"rent","post_type_properties_post_provincia":"Barcelona","post_type_properties_post_poblacion":"Barcelona","post_type_properties_post_centro__urbano":false,"post_type_properties_post_zonificacion":"CBD - Diagonal \/ P\u00ba de Gracia","post_type_properties_post_cartera":"","post_type_properties_post_titulo_catalan":"RAMBLA CATALUNYA","post_type_properties_post_internet_catalan":"OFICINA PRIME A RAMBLA CATALUNYA \u2014 M\u00c9S DE 600 M\u00b2 PER PLANTA EN EDIFICI MODERNISTA CERTIFICAT LEED GOLD\n\nPoques adreces a Barcelona combinen arquitectura hist\u00f2rica, instal\u00b7lacions de darrera generaci\u00f3 i certificaci\u00f3 LEED Gold. Rambla Catalunya, l'eix m\u00e9s representatiu de l'Eixample, ofereix una d'aquestes oportunitats: plantes di\u00e0fanes de m\u00e9s de 600 m\u00b2, plenes de llum natural, en un edifici modernista completament reformat i d'\u00fas exclusiu per a oficines.\nUna adre\u00e7a que comunica solv\u00e8ncia abans d'obrir la boca. Envoltada de firmes internacionals, restaurants de refer\u00e8ncia i tota mena de serveis, amb acc\u00e9s directe a metro L2, L3 i L4, autob\u00fas i Bicing a peu de carrer.\nL\u00b4edifici compta amb consergeria 24 hores, tres ascensors, dues plantes d\u00b4aparcament, coffee break i terrassa en planta 2, office moblat i certificaci\u00f3 LEED Gold \u2014 un diferencial cada vegada m\u00e9s decisiu per a empreses amb criteris ESG i pol\u00edtiques de sostenibilitat corporativa.\nCada planta supera els 600 m\u00b2 completament di\u00e0fans, amb terres de parquet, finestres practicables, il\u00b7luminaci\u00f3 LED suspesa i climatitzaci\u00f3 fred-calor per conductes. L\u00b4arquitectura cl\u00e0ssica de l\u00b4edifici conviu amb instal\u00b7lacions t\u00e8cniques modernes sense concessions. Les plantes 7 i 9 disposen de terrasses privatives \u2014un actiu que al centre de Barcelona t\u00e9 molt poques alternatives reals.\nSi la teva empresa busca una oficina corporativa a Barcelona que projecti imatge, retingui talent i compleixi els est\u00e0ndards m\u00e9s exigents, aquesta \u00e9s una oportunitat fora del com\u00fa. Contacta'ns per organitzar una visita.","post_type_properties_post_titulo_castellano":"RAMBLA CATALUNYA","post_type_properties_post_internet_castellano":"OFICINA PRIME EN RAMBLA CATALUNYA \u2014 M\u00c1S DE 600 M\u00b2 POR PLANTA EN EDIFICIO MODERNISTA CERTIFICADO LEED GOLD\n\nPocas direcciones en Barcelona combinan arquitectura hist\u00f3rica, instalaciones de \u00faltima generaci\u00f3n y certificaci\u00f3n LEED Gold. Rambla Catalunya, el eje m\u00e1s representativo del Eixample, ofrece una de esas oportunidades: plantas di\u00e1fanas de m\u00e1s de 600 m\u00b2, llenas de luz natural, en un edificio modernista completamente reformado y de uso exclusivo para oficinas.\nUna direcci\u00f3n que comunica solvencia antes de abrir la boca. Rodeada de firmas internacionales, restaurantes de referencia y todo tipo de servicios, con acceso directo a metro L2, L3 y L4, autob\u00fas y Bicing a pie de calle.\nEl edificio cuenta con conserjer\u00eda 24 horas, tres ascensores, dos plantas de aparcamiento, coffee break y terraza en planta 2, office amueblado y certificaci\u00f3n LEED Gold \u2014 un diferencial cada vez m\u00e1s decisivo para empresas con criterios ESG y pol\u00edticas de sostenibilidad corporativa.\nCada planta supera los 600 m\u00b2 completamente di\u00e1fanos, con suelos de parqu\u00e9, ventanas practicables, iluminaci\u00f3n LED suspendida y climatizaci\u00f3n fr\u00edo-calor por conductos. La arquitectura cl\u00e1sica del edificio convive con instalaciones t\u00e9cnicas modernas sin concesiones. Las plantas 7 y 9 disponen de terrazas privativas \u2014 un activo que en el centro de Barcelona tiene muy pocas alternativas reales.\nSi tu empresa busca una oficina corporativa en Barcelona que proyecte imagen, retenga talento y cumpla con los est\u00e1ndares m\u00e1s exigentes, esta es una oportunidad fuera de lo com\u00fan. Cont\u00e1ctanos para organizar una visita.","post_type_properties_post_titulo_ingles":"","post_type_properties_post_internet_ingles":"","post_type_properties_post_features_classification_commercial":false,"post_type_properties_post_features_conservation":"","post_type_properties_post_features_security_personnel":false,"post_type_properties_post_features_parking_available":false,"post_type_properties_post_features_garage_capacity_type":"","post_type_properties_post_features_bathroom_number":"","post_type_properties_post_eje":"","post_type_properties_post_zona":"","post_type_properties_post_comarca":"","post_type_properties_post_features_built_year":"","post_type_properties_post_renta_mensual":16859,"post_type_properties_post_fianza":"","post_type_properties_post_features_area_plot":"","post_type_properties_post_features_area_buildable":"","post_type_properties_post_features_classification_industrial":false,"post_type_properties_post_distrito":"","post_type_properties_post_features_balcony":false,"post_type_properties_post_features_bedroom_number":"","post_type_properties_post_features_heating_type":"","post_type_properties_post_features_equipped_with_furniture":false,"post_type_properties_post_features_pets_allowed":false,"post_type_properties_post_features_pool":false,"post_type_properties_post_features_terrace":false,"post_type_properties_post_features_wardrobes":false,"post_type_properties_post_features_lift_available":false,"post_type_properties_post_features_handicap_adapted_access":false,"post_type_properties_post_features_orientation_east":false,"post_type_properties_post_features_orientation_west":false,"post_type_properties_post_features_orientation_north":false,"post_type_properties_post_features_orientation_south":false,"post_type_properties_post_features_parking_spaces_number":"","post_type_properties_post_features_security_alarm":false,"post_type_properties_post_features_security_system":false,"post_type_properties_post_open_plan":false,"post_type_properties_post_acceso_24_7":false,"post_type_properties_post_oficina_privada":false,"post_type_properties_post_sala_reuniones":false,"post_type_properties_post_espacio_eventos":false,"post_type_properties_post_office":false,"post_type_properties_post_restaurant":false,"post_type_properties_post_acepta_traspaso":false,"post_type_properties_post_vigilancia":false,"post_type_properties_post_features_suite":false,"post_type_properties_post_features_vitro":false,"post_type_properties_post_features_oven":false,"post_type_properties_post_features_microwave":false,"post_type_properties_post_features_washing_machine":false,"post_type_properties_post_features_dryer":false,"post_type_properties_post_features_dishwasher":false,"post_type_properties_post_features_fridge":false,"post_type_properties_post_features_fridge_mini":false,"post_type_properties_post_features_kettle":false,"post_type_properties_post_features_toaster":false,"post_type_properties_post_features_coffee_maker":false,"post_type_properties_post_features_iron":false,"post_type_properties_post_features_ironing_board":false,"post_type_properties_post_features_safe":false,"post_type_properties_post_features_internet":false,"post_type_properties_post_features_solarium":false,"post_type_properties_post_features_clean_service":false,"post_type_properties_post_features_t_v":false,"post_type_properties_post_features_satellite_t_v":false,"post_type_properties_post_features_gas_kitchen":false,"post_type_properties_post_features_view_mountain":false,"post_type_properties_post_features_view_sea":false,"post_type_properties_post_features_concierge":false,"post_type_properties_post_features_loading_dock":false,"post_type_properties_post_features_bridge_crane":false,"post_type_properties_post_features_located_at_corner":false,"post_type_properties_post_features_smoke_extraction":false,"post_type_properties_post_features_rooms":"","post_type_properties_post_features_garden_area":"","post_type_properties_post_features_utilities_water":false,"post_type_properties_post_features_utilities_electricity":false,"post_type_properties_post_features_utilities_natural_gas":false,"post_type_properties_post_features_building_adapted":false,"post_type_properties_post_features_garden":false,"post_type_properties_post_features_classification_hotel":false,"post_type_properties_post_features_classification_chalet":false,"post_type_properties_post_certificado_energetico_emisiones":"C","post_type_properties_post_barrio":"","post_type_properties_post_distrito_empresa":"Eixample","post_type_properties_post_features_property_category_intern":"","post_type_properties_post_implantada":false,"post_type_properties_post_sello_leed":"1","post_type_properties_post_sello_well":"","post_type_properties_post_sello_breeam":false,"post_type_properties_post_images":[{"properties_post_image_order":1,"properties_post_image_url":"https:\/\/movin.cloud\/empresas\/2438\/imagenes\/11244897\/en-alquiler-3.webp","properties_post_image_url_thumbnail":"https:\/\/movin.cloud\/empresas\/2438\/imagenes\/thumbnails\/11244897\/en-alquiler-3.webp","properties_post_title":"en alquiler 3","properties_post_alt":"en alquiler 3"},{"properties_post_image_order":2,"properties_post_image_url":"https:\/\/movin.cloud\/empresas\/2438\/imagenes\/11244897\/en-alquiler-2.webp","properties_post_image_url_thumbnail":"https:\/\/movin.cloud\/empresas\/2438\/imagenes\/thumbnails\/11244897\/en-alquiler-2.webp","properties_post_title":"en alquiler 2","properties_post_alt":"en alquiler 2"},{"properties_post_image_order":3,"properties_post_image_url":"https:\/\/movin.cloud\/empresas\/2438\/imagenes\/11244897\/en-alquiler-1.webp","properties_post_image_url_thumbnail":"https:\/\/movin.cloud\/empresas\/2438\/imagenes\/thumbnails\/11244897\/en-alquiler-1.webp","properties_post_title":"en alquiler 1","properties_post_alt":"en alquiler 1"},{"properties_post_image_order":4,"properties_post_image_url":"https:\/\/movin.cloud\/empresas\/2438\/imagenes\/11244897\/en-alquiler-19.webp","properties_post_image_url_thumbnail":"https:\/\/movin.cloud\/empresas\/2438\/imagenes\/thumbnails\/11244897\/en-alquiler-19.webp","properties_post_title":"en alquiler 19","properties_post_alt":"en alquiler 19"},{"properties_post_image_order":5,"properties_post_image_url":"https:\/\/movin.cloud\/empresas\/2438\/imagenes\/11244897\/en-alquiler-7.webp","properties_post_image_url_thumbnail":"https:\/\/movin.cloud\/empresas\/2438\/imagenes\/thumbnails\/11244897\/en-alquiler-7.webp","properties_post_title":"en alquiler 7","properties_post_alt":"en alquiler 7"},{"properties_post_image_order":6,"properties_post_image_url":"https:\/\/movin.cloud\/empresas\/2438\/imagenes\/11244897\/en-alquiler-11.webp","properties_post_image_url_thumbnail":"https:\/\/movin.cloud\/empresas\/2438\/imagenes\/thumbnails\/11244897\/en-alquiler-11.webp","properties_post_title":"en alquiler 11","properties_post_alt":"en alquiler 11"},{"properties_post_image_order":7,"properties_post_image_url":"https:\/\/movin.cloud\/empresas\/2438\/imagenes\/11244897\/en-alquiler-20.webp","properties_post_image_url_thumbnail":"https:\/\/movin.cloud\/empresas\/2438\/imagenes\/thumbnails\/11244897\/en-alquiler-20.webp","properties_post_title":"en alquiler 20","properties_post_alt":"en alquiler 20"},{"properties_post_image_order":8,"properties_post_image_url":"https:\/\/movin.cloud\/empresas\/2438\/imagenes\/11244897\/en-alquiler-13.webp","properties_post_image_url_thumbnail":"https:\/\/movin.cloud\/empresas\/2438\/imagenes\/thumbnails\/11244897\/en-alquiler-13.webp","properties_post_title":"en alquiler 13","properties_post_alt":"en alquiler 13"},{"properties_post_image_order":9,"properties_post_image_url":"https:\/\/movin.cloud\/empresas\/2438\/imagenes\/11244897\/en-alquiler-4.webp","properties_post_image_url_thumbnail":"https:\/\/movin.cloud\/empresas\/2438\/imagenes\/thumbnails\/11244897\/en-alquiler-4.webp","properties_post_title":"en alquiler 4","properties_post_alt":"en alquiler 4"},{"properties_post_image_order":10,"properties_post_image_url":"https:\/\/movin.cloud\/empresas\/2438\/imagenes\/11244897\/en-alquiler-10.webp","properties_post_image_url_thumbnail":"https:\/\/movin.cloud\/empresas\/2438\/imagenes\/thumbnails\/11244897\/en-alquiler-10.webp","properties_post_title":"en alquiler 10","properties_post_alt":"en alquiler 10"},{"properties_post_image_order":11,"properties_post_image_url":"https:\/\/movin.cloud\/empresas\/2438\/imagenes\/11244897\/en-alquiler-14.webp","properties_post_image_url_thumbnail":"https:\/\/movin.cloud\/empresas\/2438\/imagenes\/thumbnails\/11244897\/en-alquiler-14.webp","properties_post_title":"en alquiler 14","properties_post_alt":"en alquiler 14"},{"properties_post_image_order":12,"properties_post_image_url":"https:\/\/movin.cloud\/empresas\/2438\/imagenes\/11244897\/en-alquiler-18.webp","properties_post_image_url_thumbnail":"https:\/\/movin.cloud\/empresas\/2438\/imagenes\/thumbnails\/11244897\/en-alquiler-18.webp","properties_post_title":"en alquiler 18","properties_post_alt":"en alquiler 18"},{"properties_post_image_order":13,"properties_post_image_url":"https:\/\/movin.cloud\/empresas\/2438\/imagenes\/11244897\/en-alquiler-5.webp","properties_post_image_url_thumbnail":"https:\/\/movin.cloud\/empresas\/2438\/imagenes\/thumbnails\/11244897\/en-alquiler-5.webp","properties_post_title":"en alquiler 5","properties_post_alt":"en alquiler 5"},{"properties_post_image_order":14,"properties_post_image_url":"https:\/\/movin.cloud\/empresas\/2438\/imagenes\/11244897\/en-alquiler-12.webp","properties_post_image_url_thumbnail":"https:\/\/movin.cloud\/empresas\/2438\/imagenes\/thumbnails\/11244897\/en-alquiler-12.webp","properties_post_title":"en alquiler 12","properties_post_alt":"en alquiler 12"},{"properties_post_image_order":15,"properties_post_image_url":"https:\/\/movin.cloud\/empresas\/2438\/imagenes\/11244897\/en-alquiler-6.webp","properties_post_image_url_thumbnail":"https:\/\/movin.cloud\/empresas\/2438\/imagenes\/thumbnails\/11244897\/en-alquiler-6.webp","properties_post_title":"en alquiler 6","properties_post_alt":"en alquiler 6"},{"properties_post_image_order":16,"properties_post_image_url":"https:\/\/movin.cloud\/empresas\/2438\/imagenes\/11244897\/en-alquiler-15.webp","properties_post_image_url_thumbnail":"https:\/\/movin.cloud\/empresas\/2438\/imagenes\/thumbnails\/11244897\/en-alquiler-15.webp","properties_post_title":"en alquiler 15","properties_post_alt":"en alquiler 15"},{"properties_post_image_order":17,"properties_post_image_url":"https:\/\/movin.cloud\/empresas\/2438\/imagenes\/11244897\/en-alquiler-16.webp","properties_post_image_url_thumbnail":"https:\/\/movin.cloud\/empresas\/2438\/imagenes\/thumbnails\/11244897\/en-alquiler-16.webp","properties_post_title":"en alquiler 16","properties_post_alt":"en alquiler 16"},{"properties_post_image_order":18,"properties_post_image_url":"https:\/\/movin.cloud\/empresas\/2438\/imagenes\/11244897\/en-alquiler-17.webp","properties_post_image_url_thumbnail":"https:\/\/movin.cloud\/empresas\/2438\/imagenes\/thumbnails\/11244897\/en-alquiler-17.webp","properties_post_title":"en alquiler 17","properties_post_alt":"en alquiler 17"},{"properties_post_image_order":19,"properties_post_image_url":"https:\/\/movin.cloud\/empresas\/2438\/imagenes\/11244897\/en-alquiler-21.webp","properties_post_image_url_thumbnail":"https:\/\/movin.cloud\/empresas\/2438\/imagenes\/thumbnails\/11244897\/en-alquiler-21.webp","properties_post_title":"en alquiler 21","properties_post_alt":"en alquiler 21"},{"properties_post_image_order":20,"properties_post_image_url":"https:\/\/movin.cloud\/empresas\/2438\/imagenes\/11244897\/en-alquiler-23.webp","properties_post_image_url_thumbnail":"https:\/\/movin.cloud\/empresas\/2438\/imagenes\/thumbnails\/11244897\/en-alquiler-23.webp","properties_post_title":"en alquiler 23","properties_post_alt":"en alquiler 23"},{"properties_post_image_order":21,"properties_post_image_url":"https:\/\/movin.cloud\/empresas\/2438\/imagenes\/11244897\/en-alquiler-9.webp","properties_post_image_url_thumbnail":"https:\/\/movin.cloud\/empresas\/2438\/imagenes\/thumbnails\/11244897\/en-alquiler-9.webp","properties_post_title":"en alquiler 9","properties_post_alt":"en alquiler 9"},{"properties_post_image_order":22,"properties_post_image_url":"https:\/\/movin.cloud\/empresas\/2438\/imagenes\/11244897\/en-alquiler-22.webp","properties_post_image_url_thumbnail":"https:\/\/movin.cloud\/empresas\/2438\/imagenes\/thumbnails\/11244897\/en-alquiler-22.webp","properties_post_title":"en alquiler 22","properties_post_alt":"en alquiler 22"},{"properties_post_image_order":23,"properties_post_image_url":"https:\/\/movin.cloud\/empresas\/2438\/imagenes\/11244897\/en-alquiler-24.webp","properties_post_image_url_thumbnail":"https:\/\/movin.cloud\/empresas\/2438\/imagenes\/thumbnails\/11244897\/en-alquiler-24.webp","properties_post_title":"en alquiler 24","properties_post_alt":"en alquiler 24"},{"properties_post_image_order":24,"properties_post_image_url":"https:\/\/movin.cloud\/empresas\/2438\/imagenes\/11244897\/en-alquiler-8.webp","properties_post_image_url_thumbnail":"https:\/\/movin.cloud\/empresas\/2438\/imagenes\/thumbnails\/11244897\/en-alquiler-8.webp","properties_post_title":"en alquiler 8","properties_post_alt":"en alquiler 8"}],"post_type_properties_post_videos":null,"post_type_properties_post_tour":null,"post_type_properties_post_dossier_url":"","post_type_properties_post_operation_type":"rent","post_type_properties_post_operation_price":16859,"post_type_properties_post_features_hidden_price":false},"yoast_head":"<!-- This site is optimized with the Yoast SEO plugin v27.4 - https:\/\/yoast.com\/product\/yoast-seo-wordpress\/ -->\n<title>RAMBLA CATALUNYA - Forcadell<\/title>\n<meta name=\"robots\" content=\"index, follow, max-snippet:-1, max-image-preview:large, max-video-preview:-1\" \/>\n<link rel=\"canonical\" href=\"https:\/\/forcadell.com\/ca\/propiedades\/rambla-catalunya-11\/\" \/>\n<meta property=\"og:locale\" content=\"ca_ES\" \/>\n<meta property=\"og:type\" content=\"article\" \/>\n<meta property=\"og:title\" content=\"RAMBLA CATALUNYA - Forcadell\" \/>\n<meta property=\"og:description\" content=\"OFICINA PRIME EN RAMBLA CATALUNYA \u2014 M\u00c1S DE 600 M\u00b2 POR PLANTA EN EDIFICIO MODERNISTA CERTIFICADO LEED GOLD Pocas direcciones en Barcelona combinan arquitectura hist\u00f3rica, instalaciones de \u00faltima generaci\u00f3n y certificaci\u00f3n LEED Gold. Rambla Catalunya, el eje m\u00e1s representativo del Eixample, ofrece una de esas oportunidades: plantas di\u00e1fanas de m\u00e1s de 600 m\u00b2, llenas de [&hellip;]\" \/>\n<meta property=\"og:url\" content=\"https:\/\/forcadell.com\/ca\/propiedades\/rambla-catalunya-11\/\" \/>\n<meta property=\"og:site_name\" content=\"Forcadell\" \/>\n<meta property=\"article:modified_time\" content=\"2026-04-29T15:06:31+00:00\" \/>\n<meta name=\"twitter:card\" content=\"summary_large_image\" \/>\n<meta name=\"twitter:label1\" content=\"Temps estimat de lectura\" \/>\n\t<meta name=\"twitter:data1\" content=\"1 minut\" \/>\n<!-- \/ Yoast SEO plugin. -->","yoast_head_json":{"title":"RAMBLA CATALUNYA - Forcadell","robots":{"index":"index","follow":"follow","max-snippet":"max-snippet:-1","max-image-preview":"max-image-preview:large","max-video-preview":"max-video-preview:-1"},"canonical":"https:\/\/forcadell.com\/ca\/propiedades\/rambla-catalunya-11\/","og_locale":"ca_ES","og_type":"article","og_title":"RAMBLA CATALUNYA - Forcadell","og_description":"OFICINA PRIME EN RAMBLA CATALUNYA \u2014 M\u00c1S DE 600 M\u00b2 POR PLANTA EN EDIFICIO MODERNISTA CERTIFICADO LEED GOLD Pocas direcciones en Barcelona combinan arquitectura hist\u00f3rica, instalaciones de \u00faltima generaci\u00f3n y certificaci\u00f3n LEED Gold. Rambla Catalunya, el eje m\u00e1s representativo del Eixample, ofrece una de esas oportunidades: plantas di\u00e1fanas de m\u00e1s de 600 m\u00b2, llenas de [&hellip;]","og_url":"https:\/\/forcadell.com\/ca\/propiedades\/rambla-catalunya-11\/","og_site_name":"Forcadell","article_modified_time":"2026-04-29T15:06:31+00:00","twitter_card":"summary_large_image","twitter_misc":{"Temps estimat de lectura":"1 minut"},"schema":{"@context":"https:\/\/schema.org","@graph":[{"@type":"WebPage","@id":"https:\/\/forcadell.com\/ca\/propiedades\/rambla-catalunya-11\/","url":"https:\/\/forcadell.com\/ca\/propiedades\/rambla-catalunya-11\/","name":"RAMBLA CATALUNYA - Forcadell","isPartOf":{"@id":"https:\/\/forcadell.com\/ca\/#website"},"datePublished":"2026-04-29T12:05:43+00:00","dateModified":"2026-04-29T15:06:31+00:00","breadcrumb":{"@id":"https:\/\/forcadell.com\/ca\/propiedades\/rambla-catalunya-11\/#breadcrumb"},"inLanguage":"ca","potentialAction":[{"@type":"ReadAction","target":["https:\/\/forcadell.com\/ca\/propiedades\/rambla-catalunya-11\/"]}]},{"@type":"BreadcrumbList","@id":"https:\/\/forcadell.com\/ca\/propiedades\/rambla-catalunya-11\/#breadcrumb","itemListElement":[{"@type":"ListItem","position":1,"name":"Portada","item":"https:\/\/forcadell.com\/ca\/"},{"@type":"ListItem","position":2,"name":"Properties","item":"https:\/\/forcadell.com\/ca\/propiedades\/"},{"@type":"ListItem","position":3,"name":"RAMBLA CATALUNYA"}]},{"@type":"WebSite","@id":"https:\/\/forcadell.com\/ca\/#website","url":"https:\/\/forcadell.com\/ca\/","name":"Forcadell","description":"Inmobiliaria Barcelona | Consultores inmobiliarios","potentialAction":[{"@type":"SearchAction","target":{"@type":"EntryPoint","urlTemplate":"https:\/\/forcadell.com\/ca\/?s={search_term_string}"},"query-input":{"@type":"PropertyValueSpecification","valueRequired":true,"valueName":"search_term_string"}}],"inLanguage":"ca"}]}},"_links":{"self":[{"href":"https:\/\/forcadell.com\/ca\/wp-json\/wp\/v2\/properties_post\/64436","targetHints":{"allow":["GET"]}}],"collection":[{"href":"https:\/\/forcadell.com\/ca\/wp-json\/wp\/v2\/properties_post"}],"about":[{"href":"https:\/\/forcadell.com\/ca\/wp-json\/wp\/v2\/types\/properties_post"}],"wp:attachment":[{"href":"https:\/\/forcadell.com\/ca\/wp-json\/wp\/v2\/media?parent=64436"}],"curies":[{"name":"wp","href":"https:\/\/api.w.org\/{rel}","templated":true}]}}