{"id":64415,"date":"2026-04-28T13:13:14","date_gmt":"2026-04-28T11:13:14","guid":{"rendered":"https:\/\/forcadell.com\/propiedades\/la-campana-2\/"},"modified":"2026-04-28T16:14:43","modified_gmt":"2026-04-28T14:14:43","slug":"la-campana-2","status":"publish","type":"properties_post","link":"https:\/\/forcadell.com\/ca\/propiedades\/la-campana-2\/","title":{"rendered":"LA CAMPANA"},"content":{"rendered":"","protected":false},"template":"","class_list":["post-64415","properties_post","type-properties_post","status-publish","hentry","properties_modality-rent","properties_district-sants-montjuic","properties_province-barcelona","properties_zone-centro","properties_state-barcelona","properties_subclass-oficina","properties_type-oficina"],"acf":{"post_type_properties_post_property_code":"11249162","post_type_properties_post_property_reference":"IE-227359","post_type_properties_post_owner_id":"120619","post_type_properties_post_owner_name":"SOLVIC OCEAN, SL","post_type_properties_post_property_code_encrypted":"MjQ5JDMzNzI5","post_type_properties_post_published":"1","post_type_properties_post_property_visibility":"idealista","post_type_properties_post_contact_name":"Forcadell Oficinas Barcelona","post_type_properties_post_contact_email":"forcadell.oficinas.barcelona@movin.cloud","post_type_properties_post_contact_primary_phone_prefix":"34","post_type_properties_post_contact_primary_phone_number":"934965413","post_type_properties_post_address_visibility":"street","post_type_properties_post_address_country":"Spain","post_type_properties_post_address_coordinates_precision":"exact","post_type_properties_post_address_postal_code":"08038","post_type_properties_post_address_coordinates_latitude":"41.3672197","post_type_properties_post_address_coordinates_longitude":"2.1391475","post_type_properties_post_address_street_name":"GRAN V\u00cdA de les Corts Catalanes N\u00ba 184 ","post_type_properties_post_address_floor":"6","post_type_properties_post_address_town":"Barcelona","post_type_properties_post_building":[{"properties_post_description_language":"catalan","properties_post_title":"LA CAMPANA - Sants-Montju\u00efc - Barcelona","properties_post_short_description_text_alt":"Edifici exclusiu d'oficines de 8 plantes situat en la Gran Via de les Corts Catalanes al costat de l'estaci\u00f3 d'FGC \u201cMag\u00f2ria-La Campana\u201d.\n\n- Edifici d'\u00fas exclusiu d'oficines\n- Fa\u00e7ana envidrada\n- 6 ascensors\n- Muntac\u00e0rregues amb acc\u00e9s al P\u00e0rquing\n- Servei de consergeria\n- Acc\u00e9s 24\/365\n- Vigil\u00e0ncia 24 hores\n- Accessos adaptats\n- Zones comunes principals reformades\n- P\u00e0rquing propi amb places disponibles","properties_post_description_text_alt":"Edifici exclusiu d'oficines de 8 plantes situat en la Gran Via de les Corts Catalanes al costat de l'estaci\u00f3 d'FGC \u201cMag\u00f2ria-La Campana\u201d.\n\n- Edifici d'\u00fas exclusiu d'oficines\n- Fa\u00e7ana envidrada\n- 6 ascensors\n- Muntac\u00e0rregues amb acc\u00e9s al P\u00e0rquing\n- Servei de consergeria\n- Acc\u00e9s 24\/365\n- Vigil\u00e0ncia 24 hores\n- Accessos adaptats\n- Zones comunes principals reformades\n- P\u00e0rquing propi amb places disponibles","properties_post_short_description_text":"Edifici exclusiu d'oficines de 8 plantes situat en la Gran Via de les Corts Catalanes al costat de l'estaci\u00f3 d'FGC \u201cMag\u00f2ria-La Campana\u201d.\n\n- Edifici d'\u00fas exclusiu d'oficines\n- Fa\u00e7ana envidrada\n- 6 ascensors\n- Muntac\u00e0rregues amb acc\u00e9s al P\u00e0rquing\n- Servei de consergeria\n- Acc\u00e9s 24\/365\n- Vigil\u00e0ncia 24 hores\n- Accessos adaptats\n- Zones comunes principals reformades\n- P\u00e0rquing propi amb places disponibles","properties_post_link_demanda_inmueble":"","properties_post_link_demanda_calendario_inmueble":"","properties_post_description_text":"Edifici exclusiu d'oficines de 8 plantes situat en la Gran Via de les Corts Catalanes al costat de l'estaci\u00f3 d'FGC \u201cMag\u00f2ria-La Campana\u201d.\n\n- Edifici d'\u00fas exclusiu d'oficines\n- Fa\u00e7ana envidrada\n- 6 ascensors\n- Muntac\u00e0rregues amb acc\u00e9s al P\u00e0rquing\n- Servei de consergeria\n- Acc\u00e9s 24\/365\n- Vigil\u00e0ncia 24 hores\n- Accessos adaptats\n- Zones comunes principals reformades\n- P\u00e0rquing propi amb places disponibles","properties_post_seo_title":"","properties_post_seo_alias":"","properties_post_seo_metadescription":"","properties_post_seo_key_words":"","properties_post_seo_url":"","properties_post_terms_conditions":""},{"properties_post_description_language":"spanish","properties_post_title":"LA CAMPANA - Sants-Montju\u00efc - Barcelona","properties_post_short_description_text_alt":"Edificio exclusivo de oficinas de 8 plantas situado en la Gran Via de les Corts Catalanas junto a la estaci\u00f3n de FGC \u201cMag\u00f2ria-La Campana\u201d.\n\n- Edificio de uso exclusivo de oficinas\n- Fachada acristalada\n- 6 ascensores\n- Montacargas con acceso al Parking\n- Servicio de conserjer\u00eda\n- Acceso 24\/365\n- Vigilancia 24 horas\n- Accesos adaptados\n- Zonas comunes principales reformadas\n- Parking propio con plazas disponibles","properties_post_description_text_alt":"Edificio exclusivo de oficinas de 8 plantas situado en la Gran Via de les Corts Catalanas junto a la estaci\u00f3n de FGC \u201cMag\u00f2ria-La Campana\u201d.\n\n- Edificio de uso exclusivo de oficinas\n- Fachada acristalada\n- 6 ascensores\n- Montacargas con acceso al Parking\n- Servicio de conserjer\u00eda\n- Acceso 24\/365\n- Vigilancia 24 horas\n- Accesos adaptados\n- Zonas comunes principales reformadas\n- Parking propio con plazas disponibles","properties_post_short_description_text":"Edificio exclusivo de oficinas de 8 plantas situado en la Gran Via de les Corts Catalanas junto a la estaci\u00f3n de FGC \u201cMag\u00f2ria-La Campana\u201d.\n\n- Edificio de uso exclusivo de oficinas\n- Fachada acristalada\n- 6 ascensores\n- Montacargas con acceso al Parking\n- Servicio de conserjer\u00eda\n- Acceso 24\/365\n- Vigilancia 24 horas\n- Accesos adaptados\n- Zonas comunes principales reformadas\n- Parking propio con plazas disponibles","properties_post_link_demanda_inmueble":"","properties_post_link_demanda_calendario_inmueble":"","properties_post_description_text":"Edificio exclusivo de oficinas de 8 plantas situado en la Gran Via de les Corts Catalanas junto a la estaci\u00f3n de FGC \u201cMag\u00f2ria-La Campana\u201d.\n\n- Edificio de uso exclusivo de oficinas\n- Fachada acristalada\n- 6 ascensores\n- Montacargas con acceso al Parking\n- Servicio de conserjer\u00eda\n- Acceso 24\/365\n- Vigilancia 24 horas\n- Accesos adaptados\n- Zonas comunes principales reformadas\n- Parking propio con plazas disponibles","properties_post_seo_title":"","properties_post_seo_alias":"","properties_post_seo_metadescription":"","properties_post_seo_key_words":"","properties_post_seo_url":"","properties_post_terms_conditions":""},{"properties_post_description_language":"english","properties_post_title":"LA CAMPANA - Sants-Montju\u00efc \u2013 Barcelona","properties_post_short_description_text_alt":"An 8-story office building located on Gran Via de les Corts Catalanas next to the Mag\u00f2ria-La Campana FGC station.\n\n- Exclusive office building\n- Glass facade\n- 6 elevators\n- Service lifts with parking access\n- Concierge service\n- 24\/7 access\n- 24-hour security\n- Accessible entrances\n- Renovated main common areas\n- Private parking with available spaces","properties_post_description_text_alt":"An 8-story office building located on Gran Via de les Corts Catalanas next to the Mag\u00f2ria-La Campana FGC station.\n\n- Exclusive office building\n- Glass facade\n- 6 elevators\n- Service lifts with parking access\n- Concierge service\n- 24\/7 access\n- 24-hour security\n- Accessible entrances\n- Renovated main common areas\n- Private parking with available spaces","properties_post_short_description_text":"An 8-story office building located on Gran Via de les Corts Catalanas next to the Mag\u00f2ria-La Campana FGC station.\n\n- Exclusive office building\n- Glass facade\n- 6 elevators\n- Service lifts with parking access\n- Concierge service\n- 24\/7 access\n- 24-hour security\n- Accessible entrances\n- Renovated main common areas\n- Private parking with available spaces","properties_post_link_demanda_inmueble":"","properties_post_link_demanda_calendario_inmueble":"","properties_post_description_text":"An 8-story office building located on Gran Via de les Corts Catalanas next to the Mag\u00f2ria-La Campana FGC station.\n\n- Exclusive office building\n- Glass facade\n- 6 elevators\n- Service lifts with parking access\n- Concierge service\n- 24\/7 access\n- 24-hour security\n- Accessible entrances\n- Renovated main common areas\n- Private parking with available spaces","properties_post_seo_title":"","properties_post_seo_alias":"","properties_post_seo_metadescription":"","properties_post_seo_key_words":"","properties_post_seo_url":"","properties_post_terms_conditions":""}],"post_type_properties_post_property":[{"properties_post_description_language":"catalan","properties_post_title":"LA CAMPANA","properties_post_short_description_text_alt":"","properties_post_description_text_alt":"","properties_post_short_description_text":" ","properties_post_link_demanda_inmueble":"https:\/\/movin.cloud\/ca\/Forcadell Oficinas Barcelona\/formulari-peticio-immoble\/sth\/2438&&11249162","properties_post_link_demanda_calendario_inmueble":"https:\/\/movin.cloud\/ca\/Forcadell Oficinas Barcelona\/calendari-peticio-immoble\/sth\/2438&&11249162","properties_post_description_text":"Oficina premium de lloguer a Gran Via \u2013 Edifici exclusiu amb terrasses i llum natural\n\nUna oportunitat \u00fanica per a empreses que busquen imatge, ubicaci\u00f3 i funcionalitat a Barcelona\n\nSi la teva empresa busca oficines de lloguer a Barcelona que combinin imatge corporativa, excel\u00b7lents comunicacions i espais lluminosos amb terrasses, aquesta proposta a l'Edifici Campana \u00e9s una de les m\u00e9s competitives del mercat. Un entorn professional, modern i flexible, pensat per a companyies que volen cr\u00e9ixer amb comoditat i projectar una identitat s\u00f2lida.\n\nUbicaci\u00f3 estrat\u00e8gica:\n\nSituada al bell mig de la Gran Via de les Corts Catalanes, al costat de FGC Mag\u00f2ria \u2013 La Campana ia pocs metres de Pla\u00e7a Cerd\u00e0, aquesta oficina ofereix una connexi\u00f3 immillorable amb el centre de Barcelona i l'\u00e0rea metropolitana.\n\nUn lloc perfecte per a empreses que valoren l'accessibilitat, tant per al vostre equip com per a clients i prove\u00efdors.","properties_post_seo_title":"","properties_post_seo_alias":"","properties_post_seo_metadescription":"","properties_post_seo_key_words":"","properties_post_seo_url":"","properties_post_terms_conditions":""},{"properties_post_description_language":"spanish","properties_post_title":"LA CAMPANA","properties_post_short_description_text_alt":"","properties_post_description_text_alt":"","properties_post_short_description_text":"Oficina premium en alquiler en Gran Via \u2013 Edificio exclusivo con terrazas y luz natural\n\nUna oportunidad \u00fanica para empresas que buscan imagen, ubicaci\u00f3n y funcionalidad en Barcelona\n\nSi tu empresa busca oficinas en alquiler en Barcelona que combinen imagen corporativa, excelentes comunicaciones y espacios luminosos con terrazas, esta propuesta en el Edificio Campana es una de las m\u00e1s competitivas del mercado. Un entorno profesional, moderno y flexible, pensado para compa\u00f1\u00edas que quieren crecer con comodidad y proyectar una identidad s\u00f3lida.\n\nUbicaci\u00f3n estrat\u00e9gica: \n\nSituada en plena Gran Via de les Corts Catalanes, junto a FGC Mag\u00f2ria \u2013 La Campana y a pocos metros de Pla\u00e7a Cerd\u00e0 , esta oficina ofrece una conexi\u00f3n inmejorable con el centro de Barcelona y el \u00e1rea metropolitana. \n\nUn enclave perfecto para empresas que valoran la accesibilidad, tanto para su equipo como para clientes y proveedores.\n","properties_post_link_demanda_inmueble":"https:\/\/movin.cloud\/es\/Forcadell Oficinas Barcelona\/formulario-peticion-inmueble\/sth\/2438&&11249162","properties_post_link_demanda_calendario_inmueble":"https:\/\/movin.cloud\/es\/Forcadell Oficinas Barcelona\/calendario-peticion-inmueble\/sth\/2438&&11249162","properties_post_description_text":" \n ","properties_post_seo_title":"","properties_post_seo_alias":"","properties_post_seo_metadescription":"","properties_post_seo_key_words":"","properties_post_seo_url":"","properties_post_terms_conditions":""}],"post_type_properties_post_features_type":"office","post_type_properties_post_id_building":"MjkkMjc3MDQ=","post_type_properties_post_features_area_constructed":1050,"post_type_properties_post_features_conditioned_air":false,"post_type_properties_post_features_doorman":false,"post_type_properties_post_features_heating":false,"post_type_properties_post_features_equipped_kitchen":false,"post_type_properties_post_features_windows_location":"exterior","post_type_properties_post_features_floors_property":false,"post_type_properties_post_features_storage":false,"post_type_properties_post_features_security_door":false,"post_type_properties_post_features_energy_certificate_rating":"C","post_type_properties_post_features_energy_certificate_emissions_rating":"C","post_type_properties_post_features_energy_certificate_emissions_value":"","post_type_properties_post_features_energy_certificate_performance":"","post_type_properties_post_features_bathroom_inside":false,"post_type_properties_post_precio":14175,"post_type_properties_post_precio_alquiler":14175,"post_type_properties_post_record_type_id":"Oficina","post_type_properties_post_categoria__producto":"Oficina","post_type_properties_post_amueblado":false,"post_type_properties_post_precio_m2":13.5,"post_type_properties_post_zona__comunitaria":false,"post_type_properties_post_electrodomesticos":false,"post_type_properties_post_patio__interior":true,"post_type_properties_post_certificado_energetico_general":"C","post_type_properties_post_certificado_energetico_consumo":"C","post_type_properties_post_certificado_energetico_valor_emisiones":"","post_type_properties_post_certificado_energetico_valor_consumo":"","post_type_properties_post_modalidad":"rent","post_type_properties_post_provincia":"Barcelona","post_type_properties_post_poblacion":"Barcelona","post_type_properties_post_centro__urbano":false,"post_type_properties_post_zonificacion":"Centro","post_type_properties_post_cartera":"","post_type_properties_post_titulo_catalan":"LA CAMPANA","post_type_properties_post_internet_catalan":"Oficina premium de lloguer a Gran Via \u2013 Edifici exclusiu amb terrasses i llum natural\n\nUna oportunitat \u00fanica per a empreses que busquen imatge, ubicaci\u00f3 i funcionalitat a Barcelona\n\nSi la teva empresa busca oficines de lloguer a Barcelona que combinin imatge corporativa, excel\u00b7lents comunicacions i espais lluminosos amb terrasses, aquesta proposta a l'Edifici Campana \u00e9s una de les m\u00e9s competitives del mercat. Un entorn professional, modern i flexible, pensat per a companyies que volen cr\u00e9ixer amb comoditat i projectar una identitat s\u00f2lida.\n\nUbicaci\u00f3 estrat\u00e8gica:\n\nSituada al bell mig de la Gran Via de les Corts Catalanes, al costat de FGC Mag\u00f2ria \u2013 La Campana ia pocs metres de Pla\u00e7a Cerd\u00e0, aquesta oficina ofereix una connexi\u00f3 immillorable amb el centre de Barcelona i l'\u00e0rea metropolitana.\n\nUn lloc perfecte per a empreses que valoren l'accessibilitat, tant per al vostre equip com per a clients i prove\u00efdors.","post_type_properties_post_titulo_castellano":"LA CAMPANA","post_type_properties_post_internet_castellano":" \n ","post_type_properties_post_titulo_ingles":"","post_type_properties_post_internet_ingles":"","post_type_properties_post_features_classification_commercial":false,"post_type_properties_post_features_conservation":"","post_type_properties_post_features_security_personnel":false,"post_type_properties_post_features_parking_available":false,"post_type_properties_post_features_garage_capacity_type":"","post_type_properties_post_features_bathroom_number":"","post_type_properties_post_eje":"","post_type_properties_post_zona":"","post_type_properties_post_comarca":"","post_type_properties_post_features_built_year":"","post_type_properties_post_renta_mensual":14175,"post_type_properties_post_fianza":"","post_type_properties_post_features_area_plot":"","post_type_properties_post_features_area_buildable":"","post_type_properties_post_features_classification_industrial":false,"post_type_properties_post_distrito":"","post_type_properties_post_features_balcony":false,"post_type_properties_post_features_bedroom_number":"","post_type_properties_post_features_heating_type":"","post_type_properties_post_features_equipped_with_furniture":false,"post_type_properties_post_features_pets_allowed":false,"post_type_properties_post_features_pool":false,"post_type_properties_post_features_terrace":false,"post_type_properties_post_features_wardrobes":false,"post_type_properties_post_features_lift_available":false,"post_type_properties_post_features_handicap_adapted_access":false,"post_type_properties_post_features_orientation_east":false,"post_type_properties_post_features_orientation_west":false,"post_type_properties_post_features_orientation_north":false,"post_type_properties_post_features_orientation_south":false,"post_type_properties_post_features_parking_spaces_number":"","post_type_properties_post_features_security_alarm":false,"post_type_properties_post_features_security_system":false,"post_type_properties_post_open_plan":false,"post_type_properties_post_acceso_24_7":false,"post_type_properties_post_oficina_privada":false,"post_type_properties_post_sala_reuniones":false,"post_type_properties_post_espacio_eventos":false,"post_type_properties_post_office":false,"post_type_properties_post_restaurant":false,"post_type_properties_post_acepta_traspaso":false,"post_type_properties_post_vigilancia":false,"post_type_properties_post_features_suite":false,"post_type_properties_post_features_vitro":false,"post_type_properties_post_features_oven":false,"post_type_properties_post_features_microwave":false,"post_type_properties_post_features_washing_machine":false,"post_type_properties_post_features_dryer":false,"post_type_properties_post_features_dishwasher":false,"post_type_properties_post_features_fridge":false,"post_type_properties_post_features_fridge_mini":false,"post_type_properties_post_features_kettle":false,"post_type_properties_post_features_toaster":false,"post_type_properties_post_features_coffee_maker":false,"post_type_properties_post_features_iron":false,"post_type_properties_post_features_ironing_board":false,"post_type_properties_post_features_safe":false,"post_type_properties_post_features_internet":false,"post_type_properties_post_features_solarium":false,"post_type_properties_post_features_clean_service":false,"post_type_properties_post_features_t_v":false,"post_type_properties_post_features_satellite_t_v":false,"post_type_properties_post_features_gas_kitchen":false,"post_type_properties_post_features_view_mountain":false,"post_type_properties_post_features_view_sea":false,"post_type_properties_post_features_concierge":false,"post_type_properties_post_features_loading_dock":false,"post_type_properties_post_features_bridge_crane":false,"post_type_properties_post_features_located_at_corner":false,"post_type_properties_post_features_smoke_extraction":false,"post_type_properties_post_features_rooms":"","post_type_properties_post_features_garden_area":"","post_type_properties_post_features_utilities_water":false,"post_type_properties_post_features_utilities_electricity":false,"post_type_properties_post_features_utilities_natural_gas":false,"post_type_properties_post_features_building_adapted":false,"post_type_properties_post_features_garden":false,"post_type_properties_post_features_classification_hotel":false,"post_type_properties_post_features_classification_chalet":false,"post_type_properties_post_certificado_energetico_emisiones":"C","post_type_properties_post_barrio":"","post_type_properties_post_distrito_empresa":"Sants-Montju\u00efc","post_type_properties_post_features_property_category_intern":"","post_type_properties_post_implantada":true,"post_type_properties_post_sello_leed":"","post_type_properties_post_sello_well":"","post_type_properties_post_sello_breeam":false,"post_type_properties_post_images":[{"properties_post_image_order":1,"properties_post_image_url":"https:\/\/movin.cloud\/empresas\/2438\/imagenes\/11249162\/barcelona-rent.webp","properties_post_image_url_thumbnail":"https:\/\/movin.cloud\/empresas\/2438\/imagenes\/thumbnails\/11249162\/barcelona-rent.webp","properties_post_title":"barcelona rent","properties_post_alt":"barcelona rent"},{"properties_post_image_order":2,"properties_post_image_url":"https:\/\/movin.cloud\/empresas\/2438\/imagenes\/11249162\/barcelona-fincas.webp","properties_post_image_url_thumbnail":"https:\/\/movin.cloud\/empresas\/2438\/imagenes\/thumbnails\/11249162\/barcelona-fincas.webp","properties_post_title":"barcelona fincas","properties_post_alt":"barcelona fincas"},{"properties_post_image_order":3,"properties_post_image_url":"https:\/\/movin.cloud\/empresas\/2438\/imagenes\/11249162\/barcelona-inmobiliarias.webp","properties_post_image_url_thumbnail":"https:\/\/movin.cloud\/empresas\/2438\/imagenes\/thumbnails\/11249162\/barcelona-inmobiliarias.webp","properties_post_title":"barcelona inmobiliarias","properties_post_alt":"barcelona inmobiliarias"},{"properties_post_image_order":4,"properties_post_image_url":"https:\/\/movin.cloud\/empresas\/2438\/imagenes\/11249162\/barcelona-inmobiliaria.webp","properties_post_image_url_thumbnail":"https:\/\/movin.cloud\/empresas\/2438\/imagenes\/thumbnails\/11249162\/barcelona-inmobiliaria.webp","properties_post_title":"barcelona inmobiliaria","properties_post_alt":"barcelona inmobiliaria"},{"properties_post_image_order":5,"properties_post_image_url":"https:\/\/movin.cloud\/empresas\/2438\/imagenes\/11249162\/en-alquiler-1.webp","properties_post_image_url_thumbnail":"https:\/\/movin.cloud\/empresas\/2438\/imagenes\/thumbnails\/11249162\/en-alquiler-1.webp","properties_post_title":"en alquiler 1","properties_post_alt":"en alquiler 1"},{"properties_post_image_order":6,"properties_post_image_url":"https:\/\/movin.cloud\/empresas\/2438\/imagenes\/11249162\/en-alquiler-2.webp","properties_post_image_url_thumbnail":"https:\/\/movin.cloud\/empresas\/2438\/imagenes\/thumbnails\/11249162\/en-alquiler-2.webp","properties_post_title":"en alquiler 2","properties_post_alt":"en alquiler 2"},{"properties_post_image_order":7,"properties_post_image_url":"https:\/\/movin.cloud\/empresas\/2438\/imagenes\/11249162\/en-alquiler-3.webp","properties_post_image_url_thumbnail":"https:\/\/movin.cloud\/empresas\/2438\/imagenes\/thumbnails\/11249162\/en-alquiler-3.webp","properties_post_title":"en alquiler 3","properties_post_alt":"en alquiler 3"},{"properties_post_image_order":8,"properties_post_image_url":"https:\/\/movin.cloud\/empresas\/2438\/imagenes\/11249162\/en-alquiler-4.webp","properties_post_image_url_thumbnail":"https:\/\/movin.cloud\/empresas\/2438\/imagenes\/thumbnails\/11249162\/en-alquiler-4.webp","properties_post_title":"en alquiler 4","properties_post_alt":"en alquiler 4"}],"post_type_properties_post_videos":null,"post_type_properties_post_tour":null,"post_type_properties_post_dossier_url":"","post_type_properties_post_operation_type":"rent","post_type_properties_post_operation_price":14175,"post_type_properties_post_features_hidden_price":false},"yoast_head":"<!-- This site is optimized with the Yoast SEO plugin v27.4 - https:\/\/yoast.com\/product\/yoast-seo-wordpress\/ -->\n<title>LA CAMPANA - Forcadell<\/title>\n<meta name=\"robots\" content=\"index, follow, max-snippet:-1, max-image-preview:large, max-video-preview:-1\" \/>\n<link rel=\"canonical\" href=\"https:\/\/forcadell.com\/ca\/propiedades\/la-campana-2\/\" \/>\n<meta property=\"og:locale\" content=\"ca_ES\" \/>\n<meta property=\"og:type\" content=\"article\" \/>\n<meta property=\"og:title\" content=\"LA CAMPANA - Forcadell\" \/>\n<meta property=\"og:url\" content=\"https:\/\/forcadell.com\/ca\/propiedades\/la-campana-2\/\" \/>\n<meta property=\"og:site_name\" content=\"Forcadell\" \/>\n<meta property=\"article:modified_time\" content=\"2026-04-28T14:14:43+00:00\" \/>\n<meta name=\"twitter:card\" content=\"summary_large_image\" \/>\n<!-- \/ Yoast SEO plugin. -->","yoast_head_json":{"title":"LA CAMPANA - Forcadell","robots":{"index":"index","follow":"follow","max-snippet":"max-snippet:-1","max-image-preview":"max-image-preview:large","max-video-preview":"max-video-preview:-1"},"canonical":"https:\/\/forcadell.com\/ca\/propiedades\/la-campana-2\/","og_locale":"ca_ES","og_type":"article","og_title":"LA CAMPANA - Forcadell","og_url":"https:\/\/forcadell.com\/ca\/propiedades\/la-campana-2\/","og_site_name":"Forcadell","article_modified_time":"2026-04-28T14:14:43+00:00","twitter_card":"summary_large_image","schema":{"@context":"https:\/\/schema.org","@graph":[{"@type":"WebPage","@id":"https:\/\/forcadell.com\/ca\/propiedades\/la-campana-2\/","url":"https:\/\/forcadell.com\/ca\/propiedades\/la-campana-2\/","name":"LA CAMPANA - Forcadell","isPartOf":{"@id":"https:\/\/forcadell.com\/ca\/#website"},"datePublished":"2026-04-28T11:13:14+00:00","dateModified":"2026-04-28T14:14:43+00:00","breadcrumb":{"@id":"https:\/\/forcadell.com\/ca\/propiedades\/la-campana-2\/#breadcrumb"},"inLanguage":"ca","potentialAction":[{"@type":"ReadAction","target":["https:\/\/forcadell.com\/ca\/propiedades\/la-campana-2\/"]}]},{"@type":"BreadcrumbList","@id":"https:\/\/forcadell.com\/ca\/propiedades\/la-campana-2\/#breadcrumb","itemListElement":[{"@type":"ListItem","position":1,"name":"Portada","item":"https:\/\/forcadell.com\/ca\/"},{"@type":"ListItem","position":2,"name":"Properties","item":"https:\/\/forcadell.com\/ca\/propiedades\/"},{"@type":"ListItem","position":3,"name":"LA CAMPANA"}]},{"@type":"WebSite","@id":"https:\/\/forcadell.com\/ca\/#website","url":"https:\/\/forcadell.com\/ca\/","name":"Forcadell","description":"Inmobiliaria Barcelona | Consultores inmobiliarios","potentialAction":[{"@type":"SearchAction","target":{"@type":"EntryPoint","urlTemplate":"https:\/\/forcadell.com\/ca\/?s={search_term_string}"},"query-input":{"@type":"PropertyValueSpecification","valueRequired":true,"valueName":"search_term_string"}}],"inLanguage":"ca"}]}},"_links":{"self":[{"href":"https:\/\/forcadell.com\/ca\/wp-json\/wp\/v2\/properties_post\/64415","targetHints":{"allow":["GET"]}}],"collection":[{"href":"https:\/\/forcadell.com\/ca\/wp-json\/wp\/v2\/properties_post"}],"about":[{"href":"https:\/\/forcadell.com\/ca\/wp-json\/wp\/v2\/types\/properties_post"}],"wp:attachment":[{"href":"https:\/\/forcadell.com\/ca\/wp-json\/wp\/v2\/media?parent=64415"}],"curies":[{"name":"wp","href":"https:\/\/api.w.org\/{rel}","templated":true}]}}