{"id":64409,"date":"2026-04-28T12:26:58","date_gmt":"2026-04-28T10:26:58","guid":{"rendered":"https:\/\/forcadell.com\/propiedades\/paseo-de-gracia-zona-prime-2\/"},"modified":"2026-04-28T17:20:54","modified_gmt":"2026-04-28T15:20:54","slug":"paseo-de-gracia-zona-prime-2","status":"publish","type":"properties_post","link":"https:\/\/forcadell.com\/ca\/propiedades\/paseo-de-gracia-zona-prime-2\/","title":{"rendered":"PASEO DE GRACIA. ZONA PRIME"},"content":{"rendered":"<p>Oficinas en alquiler en Paseo de Gracia \u2013 Edificio representativo en el centro de Barcelona<\/p>\n<p>Ubica tu empresa en una de las direcciones m\u00e1s prestigiosas de la ciudad. Estas oficinas en alquiler en Paseo de Gracia, en pleno centro de Barcelona, ofrecen la combinaci\u00f3n perfecta entre imagen corporativa, ubicaci\u00f3n estrat\u00e9gica y funcionalidad, en un edificio cl\u00e1sico con gran representatividad.<\/p>\n<p>Situado en una de las principales arterias empresariales y comerciales de Barcelona, rodeado de firmas internacionales, hoteles, restauraci\u00f3n premium y excelentes conexiones de transporte, este espacio es ideal para empresas que buscan posicionarse en una zona de alto valor y m\u00e1xima visibilidad.<\/p>\n<p>Un edificio con presencia e imagen corporativa<br \/>\nEste edificio exclusivo de oficinas destaca por su arquitectura cl\u00e1sica y su excelente presencia, ofreciendo un entorno profesional y elegante para sedes corporativas, despachos profesionales o empresas que priorizan ubicaci\u00f3n y prestigio.<\/p>\n<p>Caracter\u00edsticas del edificio:<br \/>\nEdificio cl\u00e1sico con excelente imagen corporativa<br \/>\nServicio de conserjer\u00eda<br \/>\nAscensor<br \/>\nAcceso adaptado para personas con movilidad reducida<br \/>\nClimatizaci\u00f3n centralizada<br \/>\nParking en el s\u00f3tano<br \/>\nGastos de comunidad incluidos (consumo de climatizaci\u00f3n y agua)<\/p>\n<p>Oficinas funcionales, luminosas y adaptables<br \/>\nLas oficinas cuentan con plantas di\u00e1fanas que permiten una implantaci\u00f3n flexible, adapt\u00e1ndose a diferentes modelos de trabajo: open space, despachos privados o distribuci\u00f3n h\u00edbrida.<\/p>\n<p>Caracter\u00edsticas de la oficina:<br \/>\nPlantas di\u00e1fanas<br \/>\nBuena entrada de luz natural<br \/>\nFalso techo<br \/>\nLuminarias empotradas<br \/>\nCableado mediante red Ackerman<br \/>\nBombas de calor<br \/>\nAseos privativos<\/p>\n<p>Ubicaci\u00f3n y comunicaciones:<br \/>\nTrabajar en Paseo de Gracia significa estar en el verdadero coraz\u00f3n de Barcelona, con acceso inmediato a transporte p\u00fablico, servicios y una ubicaci\u00f3n estrat\u00e9gica para clientes y empleados.<\/p>\n<p>Excelente conexi\u00f3n mediante:<\/p>\n<p>Metro<br \/>\nFGC<br \/>\nRenfe<br \/>\nVarias l\u00edneas de autob\u00fas<\/p>\n<p>Una oportunidad ideal para empresas que buscan oficinas premium en Barcelona, en una ubicaci\u00f3n ic\u00f3nica y con una imagen que refuerza su posicionamiento de marca.<\/p>\n<p>Haz que tu empresa est\u00e9 donde debe estar: en el centro del negocio.<br \/>\nContacta con nosotros para m\u00e1s informaci\u00f3n o concertar una visita.<\/p>\n","protected":false},"template":"","class_list":["post-64409","properties_post","type-properties_post","status-publish","hentry","properties_modality-rent","properties_district-eixample","properties_province-barcelona","properties_zone-cbd-diagonal-po-de-gracia","properties_state-barcelona","properties_subclass-oficina","properties_type-oficina"],"acf":{"post_type_properties_post_property_code":"11249153","post_type_properties_post_property_reference":"IE-227352","post_type_properties_post_owner_id":"46590","post_type_properties_post_owner_name":"CABOEL SL","post_type_properties_post_property_code_encrypted":"MjQ5JDMzNzIw","post_type_properties_post_published":"1","post_type_properties_post_property_visibility":"idealista","post_type_properties_post_contact_name":"Forcadell Oficinas Barcelona","post_type_properties_post_contact_email":"forcadell.oficinas.barcelona@movin.cloud","post_type_properties_post_contact_primary_phone_prefix":"34","post_type_properties_post_contact_primary_phone_number":"934965413","post_type_properties_post_address_visibility":"street","post_type_properties_post_address_country":"Spain","post_type_properties_post_address_coordinates_precision":"exact","post_type_properties_post_address_postal_code":"08007","post_type_properties_post_address_coordinates_latitude":"41.3904137","post_type_properties_post_address_coordinates_longitude":"2.1677986","post_type_properties_post_address_street_name":"PS Gr\u00e0cia 28.","post_type_properties_post_address_floor":"5","post_type_properties_post_address_town":"Barcelona","post_type_properties_post_building":null,"post_type_properties_post_property":[{"properties_post_description_language":"catalan","properties_post_title":"PG DE GR\u00c0CIA. ZONA PRIME","properties_post_short_description_text_alt":"","properties_post_description_text_alt":"","properties_post_short_description_text":" ","properties_post_link_demanda_inmueble":"https:\/\/movin.cloud\/ca\/Forcadell Oficinas Barcelona\/formulari-peticio-immoble\/sth\/2438&&11249153","properties_post_link_demanda_calendario_inmueble":"https:\/\/movin.cloud\/ca\/Forcadell Oficinas Barcelona\/calendari-peticio-immoble\/sth\/2438&&11249153","properties_post_description_text":"Oficines de lloguer al Passeig de Gr\u00e0cia \u2013 Edifici representatiu al centre de Barcelona\nUbica la teva empresa en una de les adreces m\u00e9s prestigioses de la ciutat. Aquestes oficines de lloguer al Passeig de Gr\u00e0cia, al centre de Barcelona, ofereixen la combinaci\u00f3 perfecta entre imatge corporativa, ubicaci\u00f3 estrat\u00e8gica i funcionalitat, en un edifici cl\u00e0ssic amb gran representativitat.\n\nSituat en una de les principals art\u00e8ries empresarials i comercials de Barcelona, envoltat de firmes internacionals, hotels, restauraci\u00f3 premium i ben comunicat de transport, aquest espai \u00e9s ideal per a empreses que busquen posicionar-se en una zona d'alt valor i m\u00e0xima visibilitat.\n\nUn edifici amb pres\u00e8ncia i imatge corporativa\nAquest edifici exclusiu d'oficines destaca per la seva arquitectura cl\u00e0ssica i la seva pres\u00e8ncia excel\u00b7lent, oferint un entorn professional i elegant per a seus corporatives, despatxos professionals o empreses que prioritzen ubicaci\u00f3 i prestigi.\n\nCaracter\u00edstiques de l'edifici:\nEdifici cl\u00e0ssic amb excel\u00b7lent imatge corporativa\nServei de consergeria\nAscensor\nAcc\u00e9s adaptat per a persones amb mobilitat redu\u00efda\nClimatitzaci\u00f3 centralitzada\nP\u00e0rquing al soterrani\nDespeses de comunitat incloses (consum de climatitzaci\u00f3 i aigua)\n\nOficines funcionals, lluminoses i adaptables\nLes oficines compten amb plantes di\u00e0fanes que permeten una implantaci\u00f3 flexible, adaptant-se a diferents models de treball: open space, despatxos privats o distribuci\u00f3 h\u00edbrida.\n\nCaracter\u00edstiques de l'oficina:\nPlantes di\u00e0fanes\nBona entrada de llum natural\nFals sostre\nLlumin\u00e0ries encastades\nCablejat mitjan\u00e7ant xarxa Ackerman\nBombes de calor\nLavabos privatius\n\n\nUbicaci\u00f3 i comunicacions:\nTreballar al Passeig de Gr\u00e0cia significa estar al veritable cor de Barcelona, amb acc\u00e9s immediat a transport p\u00fablic, serveis i una ubicaci\u00f3 estrat\u00e8gica per a clients i empleats.\n\nExcel\u00b7lent connexi\u00f3 mitjan\u00e7ant:\n\nMetro\nFGC\nRenfe\nDiverses l\u00ednies d'autob\u00fas\n\nUna oportunitat ideal per a empreses que busquen oficines premium a Barcelona, en una ubicaci\u00f3 ic\u00f2nica i amb una imatge que en refor\u00e7a el posicionament de marca.\n\nFes que la teva empresa sigui on ha de ser: al centre del negoci.\nContacta amb nosaltres per a m\u00e9s informaci\u00f3 o concertar una visita.","properties_post_seo_title":"","properties_post_seo_alias":"","properties_post_seo_metadescription":"Oficina de lloguer a l'emblem\u00e0tic Passeig de Gr\u00e0cia. Zona prime de Barcelona. Forcadell \u00e9s la seva ag\u00e8ncia de confian\u00e7a per al lloguer d'aquesta oficina.","properties_post_seo_key_words":"oficina lloguer Barcelona, lloguer oficina Barcelona, oficina Barcelona","properties_post_seo_url":"","properties_post_terms_conditions":""},{"properties_post_description_language":"spanish","properties_post_title":"PASEO DE GRACIA. ZONA PRIME","properties_post_short_description_text_alt":"","properties_post_description_text_alt":"","properties_post_short_description_text":" ","properties_post_link_demanda_inmueble":"https:\/\/movin.cloud\/es\/Forcadell Oficinas Barcelona\/formulario-peticion-inmueble\/sth\/2438&&11249153","properties_post_link_demanda_calendario_inmueble":"https:\/\/movin.cloud\/es\/Forcadell Oficinas Barcelona\/calendario-peticion-inmueble\/sth\/2438&&11249153","properties_post_description_text":"Oficinas en alquiler en Paseo de Gracia \u2013 Edificio representativo en el centro de Barcelona\n\nUbica tu empresa en una de las direcciones m\u00e1s prestigiosas de la ciudad. Estas oficinas en alquiler en Paseo de Gracia, en pleno centro de Barcelona, ofrecen la combinaci\u00f3n perfecta entre imagen corporativa, ubicaci\u00f3n estrat\u00e9gica y funcionalidad, en un edificio cl\u00e1sico con gran representatividad.\n\nSituado en una de las principales arterias empresariales y comerciales de Barcelona, rodeado de firmas internacionales, hoteles, restauraci\u00f3n premium y excelentes conexiones de transporte, este espacio es ideal para empresas que buscan posicionarse en una zona de alto valor y m\u00e1xima visibilidad.\n\nUn edificio con presencia e imagen corporativa\nEste edificio exclusivo de oficinas destaca por su arquitectura cl\u00e1sica y su excelente presencia, ofreciendo un entorno profesional y elegante para sedes corporativas, despachos profesionales o empresas que priorizan ubicaci\u00f3n y prestigio.\n\nCaracter\u00edsticas del edificio:\nEdificio cl\u00e1sico con excelente imagen corporativa\nServicio de conserjer\u00eda\nAscensor\nAcceso adaptado para personas con movilidad reducida\nClimatizaci\u00f3n centralizada\nParking en el s\u00f3tano\nGastos de comunidad incluidos (consumo de climatizaci\u00f3n y agua)\n\nOficinas funcionales, luminosas y adaptables\nLas oficinas cuentan con plantas di\u00e1fanas que permiten una implantaci\u00f3n flexible, adapt\u00e1ndose a diferentes modelos de trabajo: open space, despachos privados o distribuci\u00f3n h\u00edbrida.\n\nCaracter\u00edsticas de la oficina:\nPlantas di\u00e1fanas\nBuena entrada de luz natural\nFalso techo\nLuminarias empotradas\nCableado mediante red Ackerman\nBombas de calor\nAseos privativos\n\n\nUbicaci\u00f3n y comunicaciones:\nTrabajar en Paseo de Gracia significa estar en el verdadero coraz\u00f3n de Barcelona, con acceso inmediato a transporte p\u00fablico, servicios y una ubicaci\u00f3n estrat\u00e9gica para clientes y empleados.\n\nExcelente conexi\u00f3n mediante:\n\nMetro\nFGC\nRenfe\nVarias l\u00edneas de autob\u00fas\n\nUna oportunidad ideal para empresas que buscan oficinas premium en Barcelona, en una ubicaci\u00f3n ic\u00f3nica y con una imagen que refuerza su posicionamiento de marca.\n\nHaz que tu empresa est\u00e9 donde debe estar: en el centro del negocio.\nContacta con nosotros para m\u00e1s informaci\u00f3n o concertar una visita.","properties_post_seo_title":"","properties_post_seo_alias":"","properties_post_seo_metadescription":"Oficina en alquiler en el emblem\u00e1tico Paseo de Gracia. Zona prime de Barcelona. Forcadell es su agencia de confianza para el alquiler de esta oficina.","properties_post_seo_key_words":"oficina alquiler Barcelona, alquiler oficina Barcelona, oficina Barcelona","properties_post_seo_url":"","properties_post_terms_conditions":""}],"post_type_properties_post_features_type":"office","post_type_properties_post_id_building":"","post_type_properties_post_features_area_constructed":885,"post_type_properties_post_features_conditioned_air":true,"post_type_properties_post_features_doorman":false,"post_type_properties_post_features_heating":true,"post_type_properties_post_features_equipped_kitchen":false,"post_type_properties_post_features_windows_location":"exterior","post_type_properties_post_features_floors_property":false,"post_type_properties_post_features_storage":false,"post_type_properties_post_features_security_door":false,"post_type_properties_post_features_energy_certificate_rating":"A","post_type_properties_post_features_energy_certificate_emissions_rating":"A","post_type_properties_post_features_energy_certificate_emissions_value":65,"post_type_properties_post_features_energy_certificate_performance":"","post_type_properties_post_features_bathroom_inside":true,"post_type_properties_post_precio":23023.52,"post_type_properties_post_precio_alquiler":23023.52,"post_type_properties_post_record_type_id":"Oficina","post_type_properties_post_categoria__producto":"Oficina","post_type_properties_post_amueblado":false,"post_type_properties_post_precio_m2":26,"post_type_properties_post_zona__comunitaria":false,"post_type_properties_post_electrodomesticos":false,"post_type_properties_post_patio__interior":false,"post_type_properties_post_certificado_energetico_general":"A","post_type_properties_post_certificado_energetico_consumo":"A","post_type_properties_post_certificado_energetico_valor_emisiones":65,"post_type_properties_post_certificado_energetico_valor_consumo":"","post_type_properties_post_modalidad":"rent","post_type_properties_post_provincia":"Barcelona","post_type_properties_post_poblacion":"Barcelona","post_type_properties_post_centro__urbano":false,"post_type_properties_post_zonificacion":"CBD - Diagonal \/ P\u00ba de Gracia","post_type_properties_post_cartera":"","post_type_properties_post_titulo_catalan":"PG DE GR\u00c0CIA. ZONA PRIME","post_type_properties_post_internet_catalan":"Oficines de lloguer al Passeig de Gr\u00e0cia \u2013 Edifici representatiu al centre de Barcelona\nUbica la teva empresa en una de les adreces m\u00e9s prestigioses de la ciutat. Aquestes oficines de lloguer al Passeig de Gr\u00e0cia, al centre de Barcelona, ofereixen la combinaci\u00f3 perfecta entre imatge corporativa, ubicaci\u00f3 estrat\u00e8gica i funcionalitat, en un edifici cl\u00e0ssic amb gran representativitat.\n\nSituat en una de les principals art\u00e8ries empresarials i comercials de Barcelona, envoltat de firmes internacionals, hotels, restauraci\u00f3 premium i ben comunicat de transport, aquest espai \u00e9s ideal per a empreses que busquen posicionar-se en una zona d'alt valor i m\u00e0xima visibilitat.\n\nUn edifici amb pres\u00e8ncia i imatge corporativa\nAquest edifici exclusiu d'oficines destaca per la seva arquitectura cl\u00e0ssica i la seva pres\u00e8ncia excel\u00b7lent, oferint un entorn professional i elegant per a seus corporatives, despatxos professionals o empreses que prioritzen ubicaci\u00f3 i prestigi.\n\nCaracter\u00edstiques de l'edifici:\nEdifici cl\u00e0ssic amb excel\u00b7lent imatge corporativa\nServei de consergeria\nAscensor\nAcc\u00e9s adaptat per a persones amb mobilitat redu\u00efda\nClimatitzaci\u00f3 centralitzada\nP\u00e0rquing al soterrani\nDespeses de comunitat incloses (consum de climatitzaci\u00f3 i aigua)\n\nOficines funcionals, lluminoses i adaptables\nLes oficines compten amb plantes di\u00e0fanes que permeten una implantaci\u00f3 flexible, adaptant-se a diferents models de treball: open space, despatxos privats o distribuci\u00f3 h\u00edbrida.\n\nCaracter\u00edstiques de l'oficina:\nPlantes di\u00e0fanes\nBona entrada de llum natural\nFals sostre\nLlumin\u00e0ries encastades\nCablejat mitjan\u00e7ant xarxa Ackerman\nBombes de calor\nLavabos privatius\n\n\nUbicaci\u00f3 i comunicacions:\nTreballar al Passeig de Gr\u00e0cia significa estar al veritable cor de Barcelona, amb acc\u00e9s immediat a transport p\u00fablic, serveis i una ubicaci\u00f3 estrat\u00e8gica per a clients i empleats.\n\nExcel\u00b7lent connexi\u00f3 mitjan\u00e7ant:\n\nMetro\nFGC\nRenfe\nDiverses l\u00ednies d'autob\u00fas\n\nUna oportunitat ideal per a empreses que busquen oficines premium a Barcelona, en una ubicaci\u00f3 ic\u00f2nica i amb una imatge que en refor\u00e7a el posicionament de marca.\n\nFes que la teva empresa sigui on ha de ser: al centre del negoci.\nContacta amb nosaltres per a m\u00e9s informaci\u00f3 o concertar una visita.","post_type_properties_post_titulo_castellano":"PASEO DE GRACIA. ZONA PRIME","post_type_properties_post_internet_castellano":"Oficinas en alquiler en Paseo de Gracia \u2013 Edificio representativo en el centro de Barcelona\n\nUbica tu empresa en una de las direcciones m\u00e1s prestigiosas de la ciudad. Estas oficinas en alquiler en Paseo de Gracia, en pleno centro de Barcelona, ofrecen la combinaci\u00f3n perfecta entre imagen corporativa, ubicaci\u00f3n estrat\u00e9gica y funcionalidad, en un edificio cl\u00e1sico con gran representatividad.\n\nSituado en una de las principales arterias empresariales y comerciales de Barcelona, rodeado de firmas internacionales, hoteles, restauraci\u00f3n premium y excelentes conexiones de transporte, este espacio es ideal para empresas que buscan posicionarse en una zona de alto valor y m\u00e1xima visibilidad.\n\nUn edificio con presencia e imagen corporativa\nEste edificio exclusivo de oficinas destaca por su arquitectura cl\u00e1sica y su excelente presencia, ofreciendo un entorno profesional y elegante para sedes corporativas, despachos profesionales o empresas que priorizan ubicaci\u00f3n y prestigio.\n\nCaracter\u00edsticas del edificio:\nEdificio cl\u00e1sico con excelente imagen corporativa\nServicio de conserjer\u00eda\nAscensor\nAcceso adaptado para personas con movilidad reducida\nClimatizaci\u00f3n centralizada\nParking en el s\u00f3tano\nGastos de comunidad incluidos (consumo de climatizaci\u00f3n y agua)\n\nOficinas funcionales, luminosas y adaptables\nLas oficinas cuentan con plantas di\u00e1fanas que permiten una implantaci\u00f3n flexible, adapt\u00e1ndose a diferentes modelos de trabajo: open space, despachos privados o distribuci\u00f3n h\u00edbrida.\n\nCaracter\u00edsticas de la oficina:\nPlantas di\u00e1fanas\nBuena entrada de luz natural\nFalso techo\nLuminarias empotradas\nCableado mediante red Ackerman\nBombas de calor\nAseos privativos\n\n\nUbicaci\u00f3n y comunicaciones:\nTrabajar en Paseo de Gracia significa estar en el verdadero coraz\u00f3n de Barcelona, con acceso inmediato a transporte p\u00fablico, servicios y una ubicaci\u00f3n estrat\u00e9gica para clientes y empleados.\n\nExcelente conexi\u00f3n mediante:\n\nMetro\nFGC\nRenfe\nVarias l\u00edneas de autob\u00fas\n\nUna oportunidad ideal para empresas que buscan oficinas premium en Barcelona, en una ubicaci\u00f3n ic\u00f3nica y con una imagen que refuerza su posicionamiento de marca.\n\nHaz que tu empresa est\u00e9 donde debe estar: en el centro del negocio.\nContacta con nosotros para m\u00e1s informaci\u00f3n o concertar una visita.","post_type_properties_post_titulo_ingles":"","post_type_properties_post_internet_ingles":"","post_type_properties_post_features_classification_commercial":false,"post_type_properties_post_features_conservation":"","post_type_properties_post_features_security_personnel":false,"post_type_properties_post_features_parking_available":false,"post_type_properties_post_features_garage_capacity_type":"","post_type_properties_post_features_bathroom_number":"","post_type_properties_post_eje":"","post_type_properties_post_zona":"","post_type_properties_post_comarca":"","post_type_properties_post_features_built_year":"","post_type_properties_post_renta_mensual":23023.52,"post_type_properties_post_fianza":"","post_type_properties_post_features_area_plot":"","post_type_properties_post_features_area_buildable":"","post_type_properties_post_features_classification_industrial":false,"post_type_properties_post_distrito":"","post_type_properties_post_features_balcony":false,"post_type_properties_post_features_bedroom_number":"","post_type_properties_post_features_heating_type":"","post_type_properties_post_features_equipped_with_furniture":false,"post_type_properties_post_features_pets_allowed":false,"post_type_properties_post_features_pool":false,"post_type_properties_post_features_terrace":false,"post_type_properties_post_features_wardrobes":false,"post_type_properties_post_features_lift_available":false,"post_type_properties_post_features_handicap_adapted_access":false,"post_type_properties_post_features_orientation_east":false,"post_type_properties_post_features_orientation_west":false,"post_type_properties_post_features_orientation_north":false,"post_type_properties_post_features_orientation_south":false,"post_type_properties_post_features_parking_spaces_number":"","post_type_properties_post_features_security_alarm":false,"post_type_properties_post_features_security_system":false,"post_type_properties_post_open_plan":false,"post_type_properties_post_acceso_24_7":false,"post_type_properties_post_oficina_privada":false,"post_type_properties_post_sala_reuniones":false,"post_type_properties_post_espacio_eventos":false,"post_type_properties_post_office":false,"post_type_properties_post_restaurant":false,"post_type_properties_post_acepta_traspaso":false,"post_type_properties_post_vigilancia":false,"post_type_properties_post_features_suite":false,"post_type_properties_post_features_vitro":false,"post_type_properties_post_features_oven":false,"post_type_properties_post_features_microwave":false,"post_type_properties_post_features_washing_machine":false,"post_type_properties_post_features_dryer":false,"post_type_properties_post_features_dishwasher":false,"post_type_properties_post_features_fridge":false,"post_type_properties_post_features_fridge_mini":false,"post_type_properties_post_features_kettle":false,"post_type_properties_post_features_toaster":false,"post_type_properties_post_features_coffee_maker":false,"post_type_properties_post_features_iron":false,"post_type_properties_post_features_ironing_board":false,"post_type_properties_post_features_safe":false,"post_type_properties_post_features_internet":true,"post_type_properties_post_features_solarium":false,"post_type_properties_post_features_clean_service":false,"post_type_properties_post_features_t_v":false,"post_type_properties_post_features_satellite_t_v":false,"post_type_properties_post_features_gas_kitchen":false,"post_type_properties_post_features_view_mountain":false,"post_type_properties_post_features_view_sea":false,"post_type_properties_post_features_concierge":false,"post_type_properties_post_features_loading_dock":false,"post_type_properties_post_features_bridge_crane":false,"post_type_properties_post_features_located_at_corner":false,"post_type_properties_post_features_smoke_extraction":false,"post_type_properties_post_features_rooms":"","post_type_properties_post_features_garden_area":"","post_type_properties_post_features_utilities_water":false,"post_type_properties_post_features_utilities_electricity":false,"post_type_properties_post_features_utilities_natural_gas":false,"post_type_properties_post_features_building_adapted":false,"post_type_properties_post_features_garden":false,"post_type_properties_post_features_classification_hotel":false,"post_type_properties_post_features_classification_chalet":false,"post_type_properties_post_certificado_energetico_emisiones":"A","post_type_properties_post_barrio":"","post_type_properties_post_distrito_empresa":"Eixample","post_type_properties_post_features_property_category_intern":"","post_type_properties_post_implantada":false,"post_type_properties_post_sello_leed":"","post_type_properties_post_sello_well":"","post_type_properties_post_sello_breeam":false,"post_type_properties_post_images":[{"properties_post_image_order":1,"properties_post_image_url":"https:\/\/movin.cloud\/empresas\/2438\/imagenes\/11249153\/alquiler-barcelona.webp","properties_post_image_url_thumbnail":"https:\/\/movin.cloud\/empresas\/2438\/imagenes\/thumbnails\/11249153\/alquiler-barcelona.webp","properties_post_title":"alquiler barcelona","properties_post_alt":"alquiler barcelona"},{"properties_post_image_order":2,"properties_post_image_url":"https:\/\/movin.cloud\/empresas\/2438\/imagenes\/11249153\/en-alquiler-8.webp","properties_post_image_url_thumbnail":"https:\/\/movin.cloud\/empresas\/2438\/imagenes\/thumbnails\/11249153\/en-alquiler-8.webp","properties_post_title":"en alquiler 8","properties_post_alt":"en alquiler 8"},{"properties_post_image_order":3,"properties_post_image_url":"https:\/\/movin.cloud\/empresas\/2438\/imagenes\/11249153\/en-alquiler-10.webp","properties_post_image_url_thumbnail":"https:\/\/movin.cloud\/empresas\/2438\/imagenes\/thumbnails\/11249153\/en-alquiler-10.webp","properties_post_title":"en alquiler 10","properties_post_alt":"en alquiler 10"},{"properties_post_image_order":4,"properties_post_image_url":"https:\/\/movin.cloud\/empresas\/2438\/imagenes\/11249153\/en-alquiler-barcelona.webp","properties_post_image_url_thumbnail":"https:\/\/movin.cloud\/empresas\/2438\/imagenes\/thumbnails\/11249153\/en-alquiler-barcelona.webp","properties_post_title":"en alquiler barcelona","properties_post_alt":"en alquiler barcelona"},{"properties_post_image_order":5,"properties_post_image_url":"https:\/\/movin.cloud\/empresas\/2438\/imagenes\/11249153\/habitalia-barcelona.webp","properties_post_image_url_thumbnail":"https:\/\/movin.cloud\/empresas\/2438\/imagenes\/thumbnails\/11249153\/habitalia-barcelona.webp","properties_post_title":"habitalia barcelona","properties_post_alt":"habitalia barcelona"},{"properties_post_image_order":6,"properties_post_image_url":"https:\/\/movin.cloud\/empresas\/2438\/imagenes\/11249153\/barcelona-alquiler.webp","properties_post_image_url_thumbnail":"https:\/\/movin.cloud\/empresas\/2438\/imagenes\/thumbnails\/11249153\/barcelona-alquiler.webp","properties_post_title":"barcelona alquiler","properties_post_alt":"barcelona alquiler"},{"properties_post_image_order":7,"properties_post_image_url":"https:\/\/movin.cloud\/empresas\/2438\/imagenes\/11249153\/barcelona-alquiler-idealistas.webp","properties_post_image_url_thumbnail":"https:\/\/movin.cloud\/empresas\/2438\/imagenes\/thumbnails\/11249153\/barcelona-alquiler-idealistas.webp","properties_post_title":"barcelona alquiler idealistas","properties_post_alt":"barcelona alquiler idealistas"},{"properties_post_image_order":8,"properties_post_image_url":"https:\/\/movin.cloud\/empresas\/2438\/imagenes\/11249153\/inmobiliaria-barcelona.webp","properties_post_image_url_thumbnail":"https:\/\/movin.cloud\/empresas\/2438\/imagenes\/thumbnails\/11249153\/inmobiliaria-barcelona.webp","properties_post_title":"inmobiliaria barcelona","properties_post_alt":"inmobiliaria barcelona"},{"properties_post_image_order":9,"properties_post_image_url":"https:\/\/movin.cloud\/empresas\/2438\/imagenes\/11249153\/barcelona-rent.webp","properties_post_image_url_thumbnail":"https:\/\/movin.cloud\/empresas\/2438\/imagenes\/thumbnails\/11249153\/barcelona-rent.webp","properties_post_title":"barcelona rent","properties_post_alt":"barcelona rent"},{"properties_post_image_order":10,"properties_post_image_url":"https:\/\/movin.cloud\/empresas\/2438\/imagenes\/11249153\/alquilar-barcelona.webp","properties_post_image_url_thumbnail":"https:\/\/movin.cloud\/empresas\/2438\/imagenes\/thumbnails\/11249153\/alquilar-barcelona.webp","properties_post_title":"alquilar barcelona","properties_post_alt":"alquilar barcelona"},{"properties_post_image_order":11,"properties_post_image_url":"https:\/\/movin.cloud\/empresas\/2438\/imagenes\/11249153\/en-alquiler-5.webp","properties_post_image_url_thumbnail":"https:\/\/movin.cloud\/empresas\/2438\/imagenes\/thumbnails\/11249153\/en-alquiler-5.webp","properties_post_title":"en alquiler 5","properties_post_alt":"en alquiler 5"},{"properties_post_image_order":12,"properties_post_image_url":"https:\/\/movin.cloud\/empresas\/2438\/imagenes\/11249153\/alquiler-idealistas-barcelona.webp","properties_post_image_url_thumbnail":"https:\/\/movin.cloud\/empresas\/2438\/imagenes\/thumbnails\/11249153\/alquiler-idealistas-barcelona.webp","properties_post_title":"alquiler idealistas barcelona","properties_post_alt":"alquiler idealistas barcelona"},{"properties_post_image_order":13,"properties_post_image_url":"https:\/\/movin.cloud\/empresas\/2438\/imagenes\/11249153\/alquiler-para-idealista-barcelona.webp","properties_post_image_url_thumbnail":"https:\/\/movin.cloud\/empresas\/2438\/imagenes\/thumbnails\/11249153\/alquiler-para-idealista-barcelona.webp","properties_post_title":"alquiler para idealista barcelona","properties_post_alt":"alquiler para idealista barcelona"},{"properties_post_image_order":14,"properties_post_image_url":"https:\/\/movin.cloud\/empresas\/2438\/imagenes\/11249153\/viviendas-barcelona.webp","properties_post_image_url_thumbnail":"https:\/\/movin.cloud\/empresas\/2438\/imagenes\/thumbnails\/11249153\/viviendas-barcelona.webp","properties_post_title":"viviendas barcelona","properties_post_alt":"viviendas barcelona"},{"properties_post_image_order":15,"properties_post_image_url":"https:\/\/movin.cloud\/empresas\/2438\/imagenes\/11249153\/alquiler-para-idealistas-barcelona.webp","properties_post_image_url_thumbnail":"https:\/\/movin.cloud\/empresas\/2438\/imagenes\/thumbnails\/11249153\/alquiler-para-idealistas-barcelona.webp","properties_post_title":"alquiler para idealistas barcelona","properties_post_alt":"alquiler para idealistas barcelona"},{"properties_post_image_order":16,"properties_post_image_url":"https:\/\/movin.cloud\/empresas\/2438\/imagenes\/11249153\/rent-barcelona.webp","properties_post_image_url_thumbnail":"https:\/\/movin.cloud\/empresas\/2438\/imagenes\/thumbnails\/11249153\/rent-barcelona.webp","properties_post_title":"rent barcelona","properties_post_alt":"rent barcelona"},{"properties_post_image_order":17,"properties_post_image_url":"https:\/\/movin.cloud\/empresas\/2438\/imagenes\/11249153\/fincas-barcelona.webp","properties_post_image_url_thumbnail":"https:\/\/movin.cloud\/empresas\/2438\/imagenes\/thumbnails\/11249153\/fincas-barcelona.webp","properties_post_title":"fincas barcelona","properties_post_alt":"fincas barcelona"},{"properties_post_image_order":18,"properties_post_image_url":"https:\/\/movin.cloud\/empresas\/2438\/imagenes\/11249153\/inmobiliarias-barcelona.webp","properties_post_image_url_thumbnail":"https:\/\/movin.cloud\/empresas\/2438\/imagenes\/thumbnails\/11249153\/inmobiliarias-barcelona.webp","properties_post_title":"inmobiliarias barcelona","properties_post_alt":"inmobiliarias barcelona"},{"properties_post_image_order":19,"properties_post_image_url":"https:\/\/movin.cloud\/empresas\/2438\/imagenes\/11249153\/barcelona-en-alquiler.webp","properties_post_image_url_thumbnail":"https:\/\/movin.cloud\/empresas\/2438\/imagenes\/thumbnails\/11249153\/barcelona-en-alquiler.webp","properties_post_title":"barcelona en alquiler","properties_post_alt":"barcelona en alquiler"},{"properties_post_image_order":20,"properties_post_image_url":"https:\/\/movin.cloud\/empresas\/2438\/imagenes\/11249153\/barcelona-habitalia.webp","properties_post_image_url_thumbnail":"https:\/\/movin.cloud\/empresas\/2438\/imagenes\/thumbnails\/11249153\/barcelona-habitalia.webp","properties_post_title":"barcelona habitalia","properties_post_alt":"barcelona habitalia"},{"properties_post_image_order":21,"properties_post_image_url":"https:\/\/movin.cloud\/empresas\/2438\/imagenes\/11249153\/barcelona-alquilar.webp","properties_post_image_url_thumbnail":"https:\/\/movin.cloud\/empresas\/2438\/imagenes\/thumbnails\/11249153\/barcelona-alquilar.webp","properties_post_title":"barcelona alquilar","properties_post_alt":"barcelona alquilar"},{"properties_post_image_order":22,"properties_post_image_url":"https:\/\/movin.cloud\/empresas\/2438\/imagenes\/11249153\/inmobiliaria.webp","properties_post_image_url_thumbnail":"https:\/\/movin.cloud\/empresas\/2438\/imagenes\/thumbnails\/11249153\/inmobiliaria.webp","properties_post_title":"inmobiliaria","properties_post_alt":"inmobiliaria"},{"properties_post_image_order":23,"properties_post_image_url":"https:\/\/movin.cloud\/empresas\/2438\/imagenes\/11249153\/barcelona-alquiler-para-idealista.webp","properties_post_image_url_thumbnail":"https:\/\/movin.cloud\/empresas\/2438\/imagenes\/thumbnails\/11249153\/barcelona-alquiler-para-idealista.webp","properties_post_title":"barcelona alquiler para idealista","properties_post_alt":"barcelona alquiler para idealista"},{"properties_post_image_order":24,"properties_post_image_url":"https:\/\/movin.cloud\/empresas\/2438\/imagenes\/11249153\/barcelona-viviendas.webp","properties_post_image_url_thumbnail":"https:\/\/movin.cloud\/empresas\/2438\/imagenes\/thumbnails\/11249153\/barcelona-viviendas.webp","properties_post_title":"barcelona viviendas","properties_post_alt":"barcelona viviendas"},{"properties_post_image_order":25,"properties_post_image_url":"https:\/\/movin.cloud\/empresas\/2438\/imagenes\/11249153\/barcelona-alquiler-para-idealistas.webp","properties_post_image_url_thumbnail":"https:\/\/movin.cloud\/empresas\/2438\/imagenes\/thumbnails\/11249153\/barcelona-alquiler-para-idealistas.webp","properties_post_title":"barcelona alquiler para idealistas","properties_post_alt":"barcelona alquiler para idealistas"},{"properties_post_image_order":26,"properties_post_image_url":"https:\/\/movin.cloud\/empresas\/2438\/imagenes\/11249153\/barcelona-fincas.webp","properties_post_image_url_thumbnail":"https:\/\/movin.cloud\/empresas\/2438\/imagenes\/thumbnails\/11249153\/barcelona-fincas.webp","properties_post_title":"barcelona fincas","properties_post_alt":"barcelona fincas"},{"properties_post_image_order":27,"properties_post_image_url":"https:\/\/movin.cloud\/empresas\/2438\/imagenes\/11249153\/barcelona-inmobiliarias.webp","properties_post_image_url_thumbnail":"https:\/\/movin.cloud\/empresas\/2438\/imagenes\/thumbnails\/11249153\/barcelona-inmobiliarias.webp","properties_post_title":"barcelona inmobiliarias","properties_post_alt":"barcelona inmobiliarias"},{"properties_post_image_order":28,"properties_post_image_url":"https:\/\/movin.cloud\/empresas\/2438\/imagenes\/11249153\/barcelona-inmobiliaria.webp","properties_post_image_url_thumbnail":"https:\/\/movin.cloud\/empresas\/2438\/imagenes\/thumbnails\/11249153\/barcelona-inmobiliaria.webp","properties_post_title":"barcelona inmobiliaria","properties_post_alt":"barcelona inmobiliaria"},{"properties_post_image_order":29,"properties_post_image_url":"https:\/\/movin.cloud\/empresas\/2438\/imagenes\/11249153\/en-alquiler-4.webp","properties_post_image_url_thumbnail":"https:\/\/movin.cloud\/empresas\/2438\/imagenes\/thumbnails\/11249153\/en-alquiler-4.webp","properties_post_title":"en alquiler 4","properties_post_alt":"en alquiler 4"},{"properties_post_image_order":30,"properties_post_image_url":"https:\/\/movin.cloud\/empresas\/2438\/imagenes\/11249153\/en-alquiler-6.webp","properties_post_image_url_thumbnail":"https:\/\/movin.cloud\/empresas\/2438\/imagenes\/thumbnails\/11249153\/en-alquiler-6.webp","properties_post_title":"en alquiler 6","properties_post_alt":"en alquiler 6"},{"properties_post_image_order":31,"properties_post_image_url":"https:\/\/movin.cloud\/empresas\/2438\/imagenes\/11249153\/en-alquiler-7.webp","properties_post_image_url_thumbnail":"https:\/\/movin.cloud\/empresas\/2438\/imagenes\/thumbnails\/11249153\/en-alquiler-7.webp","properties_post_title":"en alquiler 7","properties_post_alt":"en alquiler 7"},{"properties_post_image_order":32,"properties_post_image_url":"https:\/\/movin.cloud\/empresas\/2438\/imagenes\/11249153\/en-alquiler-11.webp","properties_post_image_url_thumbnail":"https:\/\/movin.cloud\/empresas\/2438\/imagenes\/thumbnails\/11249153\/en-alquiler-11.webp","properties_post_title":"en alquiler 11","properties_post_alt":"en alquiler 11"}],"post_type_properties_post_videos":null,"post_type_properties_post_tour":null,"post_type_properties_post_dossier_url":"","post_type_properties_post_operation_type":"rent","post_type_properties_post_operation_price":23023,"post_type_properties_post_features_hidden_price":false},"yoast_head":"<!-- This site is optimized with the Yoast SEO plugin v27.4 - https:\/\/yoast.com\/product\/yoast-seo-wordpress\/ -->\n<title>PASEO DE GRACIA. ZONA PRIME - Forcadell<\/title>\n<meta name=\"robots\" content=\"index, follow, max-snippet:-1, max-image-preview:large, max-video-preview:-1\" \/>\n<link rel=\"canonical\" href=\"https:\/\/forcadell.com\/ca\/propiedades\/paseo-de-gracia-zona-prime-2\/\" \/>\n<meta property=\"og:locale\" content=\"ca_ES\" \/>\n<meta property=\"og:type\" content=\"article\" \/>\n<meta property=\"og:title\" content=\"PASEO DE GRACIA. ZONA PRIME - Forcadell\" \/>\n<meta property=\"og:description\" content=\"Oficinas en alquiler en Paseo de Gracia \u2013 Edificio representativo en el centro de Barcelona Ubica tu empresa en una de las direcciones m\u00e1s prestigiosas de la ciudad. Estas oficinas en alquiler en Paseo de Gracia, en pleno centro de Barcelona, ofrecen la combinaci\u00f3n perfecta entre imagen corporativa, ubicaci\u00f3n estrat\u00e9gica y funcionalidad, en un edificio [&hellip;]\" \/>\n<meta property=\"og:url\" content=\"https:\/\/forcadell.com\/ca\/propiedades\/paseo-de-gracia-zona-prime-2\/\" \/>\n<meta property=\"og:site_name\" content=\"Forcadell\" \/>\n<meta property=\"article:modified_time\" content=\"2026-04-28T15:20:54+00:00\" \/>\n<meta name=\"twitter:card\" content=\"summary_large_image\" \/>\n<meta name=\"twitter:label1\" content=\"Temps estimat de lectura\" \/>\n\t<meta name=\"twitter:data1\" content=\"2 minuts\" \/>\n<!-- \/ Yoast SEO plugin. -->","yoast_head_json":{"title":"PASEO DE GRACIA. ZONA PRIME - Forcadell","robots":{"index":"index","follow":"follow","max-snippet":"max-snippet:-1","max-image-preview":"max-image-preview:large","max-video-preview":"max-video-preview:-1"},"canonical":"https:\/\/forcadell.com\/ca\/propiedades\/paseo-de-gracia-zona-prime-2\/","og_locale":"ca_ES","og_type":"article","og_title":"PASEO DE GRACIA. ZONA PRIME - Forcadell","og_description":"Oficinas en alquiler en Paseo de Gracia \u2013 Edificio representativo en el centro de Barcelona Ubica tu empresa en una de las direcciones m\u00e1s prestigiosas de la ciudad. Estas oficinas en alquiler en Paseo de Gracia, en pleno centro de Barcelona, ofrecen la combinaci\u00f3n perfecta entre imagen corporativa, ubicaci\u00f3n estrat\u00e9gica y funcionalidad, en un edificio [&hellip;]","og_url":"https:\/\/forcadell.com\/ca\/propiedades\/paseo-de-gracia-zona-prime-2\/","og_site_name":"Forcadell","article_modified_time":"2026-04-28T15:20:54+00:00","twitter_card":"summary_large_image","twitter_misc":{"Temps estimat de lectura":"2 minuts"},"schema":{"@context":"https:\/\/schema.org","@graph":[{"@type":"WebPage","@id":"https:\/\/forcadell.com\/ca\/propiedades\/paseo-de-gracia-zona-prime-2\/","url":"https:\/\/forcadell.com\/ca\/propiedades\/paseo-de-gracia-zona-prime-2\/","name":"PASEO DE GRACIA. ZONA PRIME - Forcadell","isPartOf":{"@id":"https:\/\/forcadell.com\/ca\/#website"},"datePublished":"2026-04-28T10:26:58+00:00","dateModified":"2026-04-28T15:20:54+00:00","breadcrumb":{"@id":"https:\/\/forcadell.com\/ca\/propiedades\/paseo-de-gracia-zona-prime-2\/#breadcrumb"},"inLanguage":"ca","potentialAction":[{"@type":"ReadAction","target":["https:\/\/forcadell.com\/ca\/propiedades\/paseo-de-gracia-zona-prime-2\/"]}]},{"@type":"BreadcrumbList","@id":"https:\/\/forcadell.com\/ca\/propiedades\/paseo-de-gracia-zona-prime-2\/#breadcrumb","itemListElement":[{"@type":"ListItem","position":1,"name":"Portada","item":"https:\/\/forcadell.com\/ca\/"},{"@type":"ListItem","position":2,"name":"Properties","item":"https:\/\/forcadell.com\/ca\/propiedades\/"},{"@type":"ListItem","position":3,"name":"PASEO DE GRACIA. ZONA PRIME"}]},{"@type":"WebSite","@id":"https:\/\/forcadell.com\/ca\/#website","url":"https:\/\/forcadell.com\/ca\/","name":"Forcadell","description":"Inmobiliaria Barcelona | Consultores inmobiliarios","potentialAction":[{"@type":"SearchAction","target":{"@type":"EntryPoint","urlTemplate":"https:\/\/forcadell.com\/ca\/?s={search_term_string}"},"query-input":{"@type":"PropertyValueSpecification","valueRequired":true,"valueName":"search_term_string"}}],"inLanguage":"ca"}]}},"_links":{"self":[{"href":"https:\/\/forcadell.com\/ca\/wp-json\/wp\/v2\/properties_post\/64409","targetHints":{"allow":["GET"]}}],"collection":[{"href":"https:\/\/forcadell.com\/ca\/wp-json\/wp\/v2\/properties_post"}],"about":[{"href":"https:\/\/forcadell.com\/ca\/wp-json\/wp\/v2\/types\/properties_post"}],"wp:attachment":[{"href":"https:\/\/forcadell.com\/ca\/wp-json\/wp\/v2\/media?parent=64409"}],"curies":[{"name":"wp","href":"https:\/\/api.w.org\/{rel}","templated":true}]}}