{"id":64323,"date":"2026-04-24T10:56:02","date_gmt":"2026-04-24T08:56:02","guid":{"rendered":"https:\/\/forcadell.com\/propiedades\/luminoso-piso-reformado-de-90-m%c2%b2-en-finca-clasica-en-poblenou\/"},"modified":"2026-04-27T23:30:34","modified_gmt":"2026-04-27T21:30:34","slug":"luminoso-piso-reformado-de-90-m%c2%b2-en-finca-clasica-en-poblenou","status":"publish","type":"properties_post","link":"https:\/\/forcadell.com\/ca\/propiedades\/luminoso-piso-reformado-de-90-m%c2%b2-en-finca-clasica-en-poblenou\/","title":{"rendered":"Luminoso piso reformado de 90 m\u00b2 en finca cl\u00e1sica en Poblenou"},"content":{"rendered":"<p>Piso de 90 m\u00b2 situado en una finca del a\u00f1o 1965 sin ascensor, correspondiente a un tercero de altura, ideal para quienes valoran la tranquilidad y los espacios amplios. La vivienda ha sido totalmente reformada recientemente, combinando funcionalidad y estilo, lo que permite entrar a vivir sin necesidad de ninguna inversi\u00f3n adicional. Dispone de suelos de parquet que aportan calidez y confort a todas las estancias, creando un ambiente acogedor y agradable.<\/p>\n<p>La cocina y el ba\u00f1o, completamente renovados, ofrecen un dise\u00f1o actual y pr\u00e1ctico, pensado para el d\u00eda a d\u00eda. El piso cuenta con dos habitaciones bien distribuidas, con buena entrada de luz natural, lo que favorece una sensaci\u00f3n de amplitud y bienestar en toda la vivienda. La reforma integral ha cuidado todos los detalles, desde las instalaciones hasta los acabados, aportando una imagen contempor\u00e1nea y funcional.<\/p>\n<p>Se puede hacer uso de una impresionante terraza comunitaria donde peque\u00f1os y mayores podr\u00e1n disfrutar de actividades de ocio.<\/p>\n<p>Situado en el barrio del Poblenou, una de las zonas m\u00e1s valoradas de Barcelona, el inmueble se encuentra en una calle amplia y muy tranquila, ideal para desconectar del ritmo de la ciudad sin renunciar a ninguna comodidad. A pocos minutos se pueden encontrar todo tipo de servicios, comercios, restaurantes, zonas verdes y excelentes conexiones con transporte p\u00fablico. Adem\u00e1s, la proximidad al mar y a espacios abiertos hace que esta ubicaci\u00f3n sea especialmente atractiva.<\/p>\n<p>En conjunto, se trata de una excelente oportunidad tanto para familias, parejas o inversores que buscan un piso reformado, luminoso y bien situado, con el car\u00e1cter de una finca cl\u00e1sica y el confort de una vivienda completamente actualizada.<\/p>\n<p>**Algunas de las im\u00e1genes mostradas son renders generados digitalmente con fines ilustrativos. El estado real del inmueble puede diferir en acabados, distribuci\u00f3n o mobiliario.**<\/p>\n<p>Estado de la vivienda: En buen estado<br \/>\nSuperficie \u00fatil: 90 m\u00b2<br \/>\nSuperficie construida: 102 m\u00b2<br \/>\nCHB0353221****<br \/>\nITP: Tipo vigente<br \/>\nGastos notariales y registrales seg\u00fan arancel<br \/>\nN\u00famero AICAT: 163<br \/>\nN\u00famero API: 1646<\/p>\n","protected":false},"template":"","class_list":["post-64323","properties_post","type-properties_post","status-publish","hentry","properties_modality-sale","properties_district-sant-marti","properties_province-barcelona","properties_state-barcelona","properties_subclass-piso","properties_type-piso"],"acf":{"post_type_properties_post_property_code":"11249151","post_type_properties_post_property_reference":"EIX_3789","post_type_properties_post_owner_id":"320711","post_type_properties_post_owner_name":"M Carmen Garc\u00eda Ramos","post_type_properties_post_property_code_encrypted":"MjQ5JDMzNzE4","post_type_properties_post_published":"1","post_type_properties_post_property_visibility":"idealista","post_type_properties_post_contact_name":"Forcadell Eixample","post_type_properties_post_contact_email":"forcadell.eixample@movin.cloud","post_type_properties_post_contact_primary_phone_prefix":"34","post_type_properties_post_contact_primary_phone_number":"934965408","post_type_properties_post_address_visibility":"street","post_type_properties_post_address_country":"Spain","post_type_properties_post_address_coordinates_precision":"exact","post_type_properties_post_address_postal_code":"08018","post_type_properties_post_address_coordinates_latitude":"41.4017552","post_type_properties_post_address_coordinates_longitude":"2.1968574","post_type_properties_post_address_street_name":"C\/ Pere IV ","post_type_properties_post_address_floor":"9","post_type_properties_post_address_town":"Barcelona","post_type_properties_post_building":null,"post_type_properties_post_property":[{"properties_post_description_language":"catalan","properties_post_title":"Llumin\u00f3s pis reformat de 90 m\u00b2 en finca cl\u00e0ssica al Poblenou","properties_post_short_description_text_alt":"","properties_post_description_text_alt":"","properties_post_short_description_text":"Llumin\u00f3s pis reformat de 90 m\u00b2 en finca cl\u00e0ssica al Poblenou","properties_post_link_demanda_inmueble":"https:\/\/movin.cloud\/ca\/Forcadell Eixample\/formulari-peticio-immoble\/sth\/1498&&11249151","properties_post_link_demanda_calendario_inmueble":"https:\/\/movin.cloud\/ca\/Forcadell Eixample\/calendari-peticio-immoble\/sth\/1498&&11249151","properties_post_description_text":"Pis de 90 m\u00b2 situat en una finca de l\u2019any 1965 sense ascensor, corresponent a un tercer d\u2019al\u00e7ada, ideal per a aquells que valoren la tranquil\u00b7litat i els espais amplis. L\u2019habitatge ha estat totalment reformat recentment, combinant funcionalitat i estil, fet que permet entrar-hi a viure sense necessitat de cap inversi\u00f3 addicional. Disposa de terres de parquet que aporten calidesa i confort a totes les estances, creant un ambient acollidor i agradable.\n\nLa cuina i el bany, completament renovats, ofereixen un disseny actual i pr\u00e0ctic, pensat per al dia a dia. El pis compta amb dues habitacions ben distribu\u00efdes, amb bona entrada de llum natural, fet que afavoreix una sensaci\u00f3 d\u2019amplitud i benestar a tot l\u2019habitatge. La reforma integral ha cuidat tots els detalls, des de les instal\u00b7lacions fins als acabats, aportant una imatge contempor\u00e0nia i funcional.\n\nEs pot fer \u00fas d\u2019una impressionant terrassa comunit\u00e0ria on petits i grans podran gaudir d\u2019activitats d\u2019oci.\n\nSituat al barri del Poblenou, una de les zones m\u00e9s valorades de Barcelona, l\u2019immoble es troba en un carrer ampli i molt tranquil, ideal per desconnectar del ritme de la ciutat sense renunciar a cap comoditat. A pocs minuts es poden trobar tot tipus de serveis, comer\u00e7os, restaurants, zones verdes i excel\u00b7lents connexions amb transport p\u00fablic. A m\u00e9s, la proximitat al mar i als espais oberts fa que aquesta ubicaci\u00f3 sigui especialment atractiva.\n\nEn conjunt, es tracta d\u2019una oportunitat excel\u00b7lent tant per a fam\u00edlies, parelles o inversors que busquen un pis reformat, llumin\u00f3s i ben situat, amb el car\u00e0cter d\u2019una finca cl\u00e0ssica i el confort d\u2019un habitatge completament actualitzat.\n\n**Algunes de les imatges mostrades s\u00f3n renders generats digitalment amb finalitats il\u00b7lustratives. L\u2019estat real de l\u2019immoble pot diferir en acabats, distribuci\u00f3 o mobiliari.**\n\nEstat de l\u2019habitatge: En bon estat\nSuperf\u00edcie \u00fatil: 90 m\u00b2\nSuperf\u00edcie constru\u00efda: 102 m\u00b2\nCHB0353221****\nITP: Tipus vigent\nDespeses notarials i registrals segons aranzel\nN\u00famero AICAT: 163\nN\u00famero API: 1646","properties_post_seo_title":"","properties_post_seo_alias":"","properties_post_seo_metadescription":"","properties_post_seo_key_words":"","properties_post_seo_url":"","properties_post_terms_conditions":""},{"properties_post_description_language":"spanish","properties_post_title":"Luminoso piso reformado de 90 m\u00b2 en finca cl\u00e1sica en Poblenou","properties_post_short_description_text_alt":"","properties_post_description_text_alt":"","properties_post_short_description_text":"Luminoso piso reformado de 90 m\u00b2 en finca cl\u00e1sica en Poblenou","properties_post_link_demanda_inmueble":"https:\/\/movin.cloud\/es\/Forcadell Eixample\/formulario-peticion-inmueble\/sth\/1498&&11249151","properties_post_link_demanda_calendario_inmueble":"https:\/\/movin.cloud\/es\/Forcadell Eixample\/calendario-peticion-inmueble\/sth\/1498&&11249151","properties_post_description_text":"Piso de 90 m\u00b2 situado en una finca del a\u00f1o 1965 sin ascensor, correspondiente a un tercero de altura, ideal para quienes valoran la tranquilidad y los espacios amplios. La vivienda ha sido totalmente reformada recientemente, combinando funcionalidad y estilo, lo que permite entrar a vivir sin necesidad de ninguna inversi\u00f3n adicional. Dispone de suelos de parquet que aportan calidez y confort a todas las estancias, creando un ambiente acogedor y agradable.\n\nLa cocina y el ba\u00f1o, completamente renovados, ofrecen un dise\u00f1o actual y pr\u00e1ctico, pensado para el d\u00eda a d\u00eda. El piso cuenta con dos habitaciones bien distribuidas, con buena entrada de luz natural, lo que favorece una sensaci\u00f3n de amplitud y bienestar en toda la vivienda. La reforma integral ha cuidado todos los detalles, desde las instalaciones hasta los acabados, aportando una imagen contempor\u00e1nea y funcional.\n\nSe puede hacer uso de una impresionante terraza comunitaria donde peque\u00f1os y mayores podr\u00e1n disfrutar de actividades de ocio.\n\nSituado en el barrio del Poblenou, una de las zonas m\u00e1s valoradas de Barcelona, el inmueble se encuentra en una calle amplia y muy tranquila, ideal para desconectar del ritmo de la ciudad sin renunciar a ninguna comodidad. A pocos minutos se pueden encontrar todo tipo de servicios, comercios, restaurantes, zonas verdes y excelentes conexiones con transporte p\u00fablico. Adem\u00e1s, la proximidad al mar y a espacios abiertos hace que esta ubicaci\u00f3n sea especialmente atractiva.\n\nEn conjunto, se trata de una excelente oportunidad tanto para familias, parejas o inversores que buscan un piso reformado, luminoso y bien situado, con el car\u00e1cter de una finca cl\u00e1sica y el confort de una vivienda completamente actualizada.\n\n**Algunas de las im\u00e1genes mostradas son renders generados digitalmente con fines ilustrativos. El estado real del inmueble puede diferir en acabados, distribuci\u00f3n o mobiliario.**\n\nEstado de la vivienda: En buen estado \nSuperficie \u00fatil: 90 m\u00b2\nSuperficie construida: 102 m\u00b2\nCHB0353221****\nITP: Tipo vigente\nGastos notariales y registrales seg\u00fan arancel\nN\u00famero AICAT: 163\nN\u00famero API: 1646\n","properties_post_seo_title":"","properties_post_seo_alias":"","properties_post_seo_metadescription":"","properties_post_seo_key_words":"","properties_post_seo_url":"","properties_post_terms_conditions":""},{"properties_post_description_language":"english","properties_post_title":"Bright renovated 90 m\u00b2 apartment in a classic building in Poblenou","properties_post_short_description_text_alt":"","properties_post_description_text_alt":"","properties_post_short_description_text":"Bright renovated 90 m\u00b2 apartment in a classic building in Poblenou","properties_post_link_demanda_inmueble":"https:\/\/movin.cloud\/en\/Forcadell Eixample\/property-form-request\/sth\/1498&&11249151","properties_post_link_demanda_calendario_inmueble":"https:\/\/movin.cloud\/en\/Forcadell Eixample\/property-calendar-request\/sth\/1498&&11249151","properties_post_description_text":"This 90 m\u00b2 apartment is located in a 1965 building without a lift, on a third floor, ideal for those who value tranquillity and spacious interiors. The property has been fully renovated recently, combining functionality and style, allowing you to move in without the need for any additional investment. It features parquet flooring throughout, adding warmth and comfort to every room and creating a cosy and pleasant atmosphere.\n\nThe kitchen and bathroom, both fully refurbished, offer a modern and practical design tailored for everyday living. The apartment has two well-distributed bedrooms with plenty of natural light, enhancing the feeling of space and well-being throughout the home. The full renovation has paid attention to every detail, from installations to finishes, providing a contemporary and functional look.\n\nResidents can enjoy access to an impressive communal terrace where both children and adults can relax and enjoy leisure activities.\n\nLocated in the Poblenou neighbourhood, one of Barcelona\u2019s most sought-after areas, the property sits on a wide and very quiet street\u2014ideal for unwinding from the city\u2019s pace without sacrificing convenience. Within a few minutes, you will find all kinds of services, shops, restaurants, green areas, and excellent public transport connections. In addition, its proximity to the sea and open spaces makes this location especially appealing.\n\nOverall, this is an excellent opportunity for families, couples, or investors looking for a renovated, bright, and well-located apartment, combining the charm of a classic building with the comfort of a fully updated home.\n\n**Some of the images shown are digitally generated renders for illustrative purposes. The actual condition of the property may differ in finishes, layout, or furnishings.**\n\nProperty condition: Good condition\nUsable floor area: 90 m\u00b2\nBuilt area: 102 m\u00b2\nCHB0353221****\nTransfer Tax (ITP): Current rate\nNotary and land registry fees according to official tariffs\nAICAT number: 163\nAPI number: 1646","properties_post_seo_title":"","properties_post_seo_alias":"","properties_post_seo_metadescription":"","properties_post_seo_key_words":"","properties_post_seo_url":"","properties_post_terms_conditions":""}],"post_type_properties_post_features_type":"flat","post_type_properties_post_id_building":"","post_type_properties_post_features_area_constructed":90,"post_type_properties_post_features_conditioned_air":false,"post_type_properties_post_features_doorman":false,"post_type_properties_post_features_heating":false,"post_type_properties_post_features_equipped_kitchen":false,"post_type_properties_post_features_windows_location":"interior","post_type_properties_post_features_floors_property":false,"post_type_properties_post_features_storage":false,"post_type_properties_post_features_security_door":false,"post_type_properties_post_features_energy_certificate_rating":"D","post_type_properties_post_features_energy_certificate_emissions_rating":"E","post_type_properties_post_features_energy_certificate_emissions_value":22,"post_type_properties_post_features_energy_certificate_performance":118,"post_type_properties_post_features_bathroom_inside":false,"post_type_properties_post_precio":385000,"post_type_properties_post_precio_alquiler":385000,"post_type_properties_post_record_type_id":"Piso","post_type_properties_post_categoria__producto":"Piso","post_type_properties_post_amueblado":false,"post_type_properties_post_precio_m2":4277.78,"post_type_properties_post_zona__comunitaria":false,"post_type_properties_post_electrodomesticos":false,"post_type_properties_post_patio__interior":false,"post_type_properties_post_certificado_energetico_general":"D","post_type_properties_post_certificado_energetico_consumo":"E","post_type_properties_post_certificado_energetico_valor_emisiones":22,"post_type_properties_post_certificado_energetico_valor_consumo":118,"post_type_properties_post_modalidad":"sale","post_type_properties_post_provincia":"Barcelona","post_type_properties_post_poblacion":"Barcelona","post_type_properties_post_centro__urbano":true,"post_type_properties_post_zonificacion":"","post_type_properties_post_cartera":"","post_type_properties_post_titulo_catalan":"Llumin\u00f3s pis reformat de 90 m\u00b2 en finca cl\u00e0ssica al Poblenou","post_type_properties_post_internet_catalan":"Pis de 90 m\u00b2 situat en una finca de l\u2019any 1965 sense ascensor, corresponent a un tercer d\u2019al\u00e7ada, ideal per a aquells que valoren la tranquil\u00b7litat i els espais amplis. L\u2019habitatge ha estat totalment reformat recentment, combinant funcionalitat i estil, fet que permet entrar-hi a viure sense necessitat de cap inversi\u00f3 addicional. Disposa de terres de parquet que aporten calidesa i confort a totes les estances, creant un ambient acollidor i agradable.\n\nLa cuina i el bany, completament renovats, ofereixen un disseny actual i pr\u00e0ctic, pensat per al dia a dia. El pis compta amb dues habitacions ben distribu\u00efdes, amb bona entrada de llum natural, fet que afavoreix una sensaci\u00f3 d\u2019amplitud i benestar a tot l\u2019habitatge. La reforma integral ha cuidat tots els detalls, des de les instal\u00b7lacions fins als acabats, aportant una imatge contempor\u00e0nia i funcional.\n\nEs pot fer \u00fas d\u2019una impressionant terrassa comunit\u00e0ria on petits i grans podran gaudir d\u2019activitats d\u2019oci.\n\nSituat al barri del Poblenou, una de les zones m\u00e9s valorades de Barcelona, l\u2019immoble es troba en un carrer ampli i molt tranquil, ideal per desconnectar del ritme de la ciutat sense renunciar a cap comoditat. A pocs minuts es poden trobar tot tipus de serveis, comer\u00e7os, restaurants, zones verdes i excel\u00b7lents connexions amb transport p\u00fablic. A m\u00e9s, la proximitat al mar i als espais oberts fa que aquesta ubicaci\u00f3 sigui especialment atractiva.\n\nEn conjunt, es tracta d\u2019una oportunitat excel\u00b7lent tant per a fam\u00edlies, parelles o inversors que busquen un pis reformat, llumin\u00f3s i ben situat, amb el car\u00e0cter d\u2019una finca cl\u00e0ssica i el confort d\u2019un habitatge completament actualitzat.\n\n**Algunes de les imatges mostrades s\u00f3n renders generats digitalment amb finalitats il\u00b7lustratives. L\u2019estat real de l\u2019immoble pot diferir en acabats, distribuci\u00f3 o mobiliari.**\n\nEstat de l\u2019habitatge: En bon estat\nSuperf\u00edcie \u00fatil: 90 m\u00b2\nSuperf\u00edcie constru\u00efda: 102 m\u00b2\nCHB0353221****\nITP: Tipus vigent\nDespeses notarials i registrals segons aranzel\nN\u00famero AICAT: 163\nN\u00famero API: 1646","post_type_properties_post_titulo_castellano":"Luminoso piso reformado de 90 m\u00b2 en finca cl\u00e1sica en Poblenou","post_type_properties_post_internet_castellano":"Piso de 90 m\u00b2 situado en una finca del a\u00f1o 1965 sin ascensor, correspondiente a un tercero de altura, ideal para quienes valoran la tranquilidad y los espacios amplios. La vivienda ha sido totalmente reformada recientemente, combinando funcionalidad y estilo, lo que permite entrar a vivir sin necesidad de ninguna inversi\u00f3n adicional. Dispone de suelos de parquet que aportan calidez y confort a todas las estancias, creando un ambiente acogedor y agradable.\n\nLa cocina y el ba\u00f1o, completamente renovados, ofrecen un dise\u00f1o actual y pr\u00e1ctico, pensado para el d\u00eda a d\u00eda. El piso cuenta con dos habitaciones bien distribuidas, con buena entrada de luz natural, lo que favorece una sensaci\u00f3n de amplitud y bienestar en toda la vivienda. La reforma integral ha cuidado todos los detalles, desde las instalaciones hasta los acabados, aportando una imagen contempor\u00e1nea y funcional.\n\nSe puede hacer uso de una impresionante terraza comunitaria donde peque\u00f1os y mayores podr\u00e1n disfrutar de actividades de ocio.\n\nSituado en el barrio del Poblenou, una de las zonas m\u00e1s valoradas de Barcelona, el inmueble se encuentra en una calle amplia y muy tranquila, ideal para desconectar del ritmo de la ciudad sin renunciar a ninguna comodidad. A pocos minutos se pueden encontrar todo tipo de servicios, comercios, restaurantes, zonas verdes y excelentes conexiones con transporte p\u00fablico. Adem\u00e1s, la proximidad al mar y a espacios abiertos hace que esta ubicaci\u00f3n sea especialmente atractiva.\n\nEn conjunto, se trata de una excelente oportunidad tanto para familias, parejas o inversores que buscan un piso reformado, luminoso y bien situado, con el car\u00e1cter de una finca cl\u00e1sica y el confort de una vivienda completamente actualizada.\n\n**Algunas de las im\u00e1genes mostradas son renders generados digitalmente con fines ilustrativos. El estado real del inmueble puede diferir en acabados, distribuci\u00f3n o mobiliario.**\n\nEstado de la vivienda: En buen estado \nSuperficie \u00fatil: 90 m\u00b2\nSuperficie construida: 102 m\u00b2\nCHB0353221****\nITP: Tipo vigente\nGastos notariales y registrales seg\u00fan arancel\nN\u00famero AICAT: 163\nN\u00famero API: 1646\n","post_type_properties_post_titulo_ingles":"Bright renovated 90 m\u00b2 apartment in a classic building in Poblenou","post_type_properties_post_internet_ingles":"This 90 m\u00b2 apartment is located in a 1965 building without a lift, on a third floor, ideal for those who value tranquillity and spacious interiors. The property has been fully renovated recently, combining functionality and style, allowing you to move in without the need for any additional investment. It features parquet flooring throughout, adding warmth and comfort to every room and creating a cosy and pleasant atmosphere.\n\nThe kitchen and bathroom, both fully refurbished, offer a modern and practical design tailored for everyday living. The apartment has two well-distributed bedrooms with plenty of natural light, enhancing the feeling of space and well-being throughout the home. The full renovation has paid attention to every detail, from installations to finishes, providing a contemporary and functional look.\n\nResidents can enjoy access to an impressive communal terrace where both children and adults can relax and enjoy leisure activities.\n\nLocated in the Poblenou neighbourhood, one of Barcelona\u2019s most sought-after areas, the property sits on a wide and very quiet street\u2014ideal for unwinding from the city\u2019s pace without sacrificing convenience. Within a few minutes, you will find all kinds of services, shops, restaurants, green areas, and excellent public transport connections. In addition, its proximity to the sea and open spaces makes this location especially appealing.\n\nOverall, this is an excellent opportunity for families, couples, or investors looking for a renovated, bright, and well-located apartment, combining the charm of a classic building with the comfort of a fully updated home.\n\n**Some of the images shown are digitally generated renders for illustrative purposes. The actual condition of the property may differ in finishes, layout, or furnishings.**\n\nProperty condition: Good condition\nUsable floor area: 90 m\u00b2\nBuilt area: 102 m\u00b2\nCHB0353221****\nTransfer Tax (ITP): Current rate\nNotary and land registry fees according to official tariffs\nAICAT number: 163\nAPI number: 1646","post_type_properties_post_features_classification_commercial":false,"post_type_properties_post_features_conservation":"good","post_type_properties_post_features_security_personnel":false,"post_type_properties_post_features_parking_available":false,"post_type_properties_post_features_garage_capacity_type":"","post_type_properties_post_features_bathroom_number":1,"post_type_properties_post_eje":"","post_type_properties_post_zona":"","post_type_properties_post_comarca":"","post_type_properties_post_features_built_year":"","post_type_properties_post_renta_mensual":"","post_type_properties_post_fianza":"","post_type_properties_post_features_area_plot":"","post_type_properties_post_features_area_buildable":"","post_type_properties_post_features_classification_industrial":false,"post_type_properties_post_distrito":"","post_type_properties_post_features_balcony":false,"post_type_properties_post_features_bedroom_number":2,"post_type_properties_post_features_heating_type":"noHeating","post_type_properties_post_features_equipped_with_furniture":false,"post_type_properties_post_features_pets_allowed":false,"post_type_properties_post_features_pool":false,"post_type_properties_post_features_terrace":false,"post_type_properties_post_features_wardrobes":false,"post_type_properties_post_features_lift_available":false,"post_type_properties_post_features_handicap_adapted_access":false,"post_type_properties_post_features_orientation_east":false,"post_type_properties_post_features_orientation_west":false,"post_type_properties_post_features_orientation_north":false,"post_type_properties_post_features_orientation_south":true,"post_type_properties_post_features_parking_spaces_number":"","post_type_properties_post_features_security_alarm":false,"post_type_properties_post_features_security_system":false,"post_type_properties_post_open_plan":false,"post_type_properties_post_acceso_24_7":false,"post_type_properties_post_oficina_privada":false,"post_type_properties_post_sala_reuniones":false,"post_type_properties_post_espacio_eventos":false,"post_type_properties_post_office":false,"post_type_properties_post_restaurant":false,"post_type_properties_post_acepta_traspaso":false,"post_type_properties_post_vigilancia":false,"post_type_properties_post_features_suite":false,"post_type_properties_post_features_vitro":false,"post_type_properties_post_features_oven":false,"post_type_properties_post_features_microwave":false,"post_type_properties_post_features_washing_machine":false,"post_type_properties_post_features_dryer":false,"post_type_properties_post_features_dishwasher":false,"post_type_properties_post_features_fridge":false,"post_type_properties_post_features_fridge_mini":false,"post_type_properties_post_features_kettle":false,"post_type_properties_post_features_toaster":false,"post_type_properties_post_features_coffee_maker":false,"post_type_properties_post_features_iron":false,"post_type_properties_post_features_ironing_board":false,"post_type_properties_post_features_safe":false,"post_type_properties_post_features_internet":false,"post_type_properties_post_features_solarium":false,"post_type_properties_post_features_clean_service":false,"post_type_properties_post_features_t_v":false,"post_type_properties_post_features_satellite_t_v":false,"post_type_properties_post_features_gas_kitchen":false,"post_type_properties_post_features_view_mountain":false,"post_type_properties_post_features_view_sea":false,"post_type_properties_post_features_concierge":false,"post_type_properties_post_features_loading_dock":false,"post_type_properties_post_features_bridge_crane":false,"post_type_properties_post_features_located_at_corner":false,"post_type_properties_post_features_smoke_extraction":false,"post_type_properties_post_features_rooms":2,"post_type_properties_post_features_garden_area":"","post_type_properties_post_features_utilities_water":false,"post_type_properties_post_features_utilities_electricity":false,"post_type_properties_post_features_utilities_natural_gas":false,"post_type_properties_post_features_building_adapted":false,"post_type_properties_post_features_garden":false,"post_type_properties_post_features_classification_hotel":false,"post_type_properties_post_features_classification_chalet":false,"post_type_properties_post_certificado_energetico_emisiones":"D","post_type_properties_post_barrio":"","post_type_properties_post_distrito_empresa":"Sant Mart\u00ed","post_type_properties_post_features_property_category_intern":"","post_type_properties_post_implantada":false,"post_type_properties_post_sello_leed":"","post_type_properties_post_sello_well":"","post_type_properties_post_sello_breeam":false,"post_type_properties_post_images":[{"properties_post_image_order":1,"properties_post_image_url":"https:\/\/movin.cloud\/empresas\/1498\/imagenes\/11249151\/comprar.webp","properties_post_image_url_thumbnail":"https:\/\/movin.cloud\/empresas\/1498\/imagenes\/thumbnails\/11249151\/comprar.webp","properties_post_title":"comprar","properties_post_alt":"comprar"},{"properties_post_image_order":2,"properties_post_image_url":"https:\/\/movin.cloud\/empresas\/1498\/imagenes\/11249151\/piso-ideal.webp","properties_post_image_url_thumbnail":"https:\/\/movin.cloud\/empresas\/1498\/imagenes\/thumbnails\/11249151\/piso-ideal.webp","properties_post_title":"piso ideal","properties_post_alt":"piso ideal"},{"properties_post_image_order":3,"properties_post_image_url":"https:\/\/movin.cloud\/empresas\/1498\/imagenes\/11249151\/habitalia-barcelona.webp","properties_post_image_url_thumbnail":"https:\/\/movin.cloud\/empresas\/1498\/imagenes\/thumbnails\/11249151\/habitalia-barcelona.webp","properties_post_title":"habitalia barcelona","properties_post_alt":"habitalia barcelona"},{"properties_post_image_order":4,"properties_post_image_url":"https:\/\/movin.cloud\/empresas\/1498\/imagenes\/11249151\/venta-de-pisos.webp","properties_post_image_url_thumbnail":"https:\/\/movin.cloud\/empresas\/1498\/imagenes\/thumbnails\/11249151\/venta-de-pisos.webp","properties_post_title":"venta de pisos","properties_post_alt":"venta de pisos"},{"properties_post_image_order":5,"properties_post_image_url":"https:\/\/movin.cloud\/empresas\/1498\/imagenes\/11249151\/viviendas.webp","properties_post_image_url_thumbnail":"https:\/\/movin.cloud\/empresas\/1498\/imagenes\/thumbnails\/11249151\/viviendas.webp","properties_post_title":"viviendas","properties_post_alt":"viviendas"},{"properties_post_image_order":6,"properties_post_image_url":"https:\/\/movin.cloud\/empresas\/1498\/imagenes\/11249151\/pisos-venta.webp","properties_post_image_url_thumbnail":"https:\/\/movin.cloud\/empresas\/1498\/imagenes\/thumbnails\/11249151\/pisos-venta.webp","properties_post_title":"pisos venta","properties_post_alt":"pisos venta"},{"properties_post_image_order":7,"properties_post_image_url":"https:\/\/movin.cloud\/empresas\/1498\/imagenes\/11249151\/compra.webp","properties_post_image_url_thumbnail":"https:\/\/movin.cloud\/empresas\/1498\/imagenes\/thumbnails\/11249151\/compra.webp","properties_post_title":"compra","properties_post_alt":"compra"},{"properties_post_image_order":8,"properties_post_image_url":"https:\/\/movin.cloud\/empresas\/1498\/imagenes\/11249151\/venta.webp","properties_post_image_url_thumbnail":"https:\/\/movin.cloud\/empresas\/1498\/imagenes\/thumbnails\/11249151\/venta.webp","properties_post_title":"venta","properties_post_alt":"venta"},{"properties_post_image_order":9,"properties_post_image_url":"https:\/\/movin.cloud\/empresas\/1498\/imagenes\/11249151\/venta-viviendas.webp","properties_post_image_url_thumbnail":"https:\/\/movin.cloud\/empresas\/1498\/imagenes\/thumbnails\/11249151\/venta-viviendas.webp","properties_post_title":"venta viviendas","properties_post_alt":"venta viviendas"},{"properties_post_image_order":10,"properties_post_image_url":"https:\/\/movin.cloud\/empresas\/1498\/imagenes\/11249151\/pisos-y-casas-en-venta.webp","properties_post_image_url_thumbnail":"https:\/\/movin.cloud\/empresas\/1498\/imagenes\/thumbnails\/11249151\/pisos-y-casas-en-venta.webp","properties_post_title":"pisos y casas en venta","properties_post_alt":"pisos y casas en venta"},{"properties_post_image_order":11,"properties_post_image_url":"https:\/\/movin.cloud\/empresas\/1498\/imagenes\/11249151\/comprar-piso.webp","properties_post_image_url_thumbnail":"https:\/\/movin.cloud\/empresas\/1498\/imagenes\/thumbnails\/11249151\/comprar-piso.webp","properties_post_title":"comprar piso","properties_post_alt":"comprar piso"},{"properties_post_image_order":12,"properties_post_image_url":"https:\/\/movin.cloud\/empresas\/1498\/imagenes\/11249151\/habitalia.webp","properties_post_image_url_thumbnail":"https:\/\/movin.cloud\/empresas\/1498\/imagenes\/thumbnails\/11249151\/habitalia.webp","properties_post_title":"habitalia","properties_post_alt":"habitalia"},{"properties_post_image_order":13,"properties_post_image_url":"https:\/\/movin.cloud\/empresas\/1498\/imagenes\/11249151\/compra-para-idealistas.webp","properties_post_image_url_thumbnail":"https:\/\/movin.cloud\/empresas\/1498\/imagenes\/thumbnails\/11249151\/compra-para-idealistas.webp","properties_post_title":"compra para idealistas","properties_post_alt":"compra para idealistas"},{"properties_post_image_order":14,"properties_post_image_url":"https:\/\/movin.cloud\/empresas\/1498\/imagenes\/11249151\/venta-de-pisos-barcelona.webp","properties_post_image_url_thumbnail":"https:\/\/movin.cloud\/empresas\/1498\/imagenes\/thumbnails\/11249151\/venta-de-pisos-barcelona.webp","properties_post_title":"venta de pisos barcelona","properties_post_alt":"venta de pisos barcelona"},{"properties_post_image_order":15,"properties_post_image_url":"https:\/\/movin.cloud\/empresas\/1498\/imagenes\/11249151\/fincas.webp","properties_post_image_url_thumbnail":"https:\/\/movin.cloud\/empresas\/1498\/imagenes\/thumbnails\/11249151\/fincas.webp","properties_post_title":"fincas","properties_post_alt":"fincas"},{"properties_post_image_order":16,"properties_post_image_url":"https:\/\/movin.cloud\/empresas\/1498\/imagenes\/11249151\/inmobiliarias.webp","properties_post_image_url_thumbnail":"https:\/\/movin.cloud\/empresas\/1498\/imagenes\/thumbnails\/11249151\/inmobiliarias.webp","properties_post_title":"inmobiliarias","properties_post_alt":"inmobiliarias"},{"properties_post_image_order":17,"properties_post_image_url":"https:\/\/movin.cloud\/empresas\/1498\/imagenes\/11249151\/inmobiliaria.webp","properties_post_image_url_thumbnail":"https:\/\/movin.cloud\/empresas\/1498\/imagenes\/thumbnails\/11249151\/inmobiliaria.webp","properties_post_title":"inmobiliaria","properties_post_alt":"inmobiliaria"},{"properties_post_image_order":18,"properties_post_image_url":"https:\/\/movin.cloud\/empresas\/1498\/imagenes\/11249151\/pisos-barcelona.webp","properties_post_image_url_thumbnail":"https:\/\/movin.cloud\/empresas\/1498\/imagenes\/thumbnails\/11249151\/pisos-barcelona.webp","properties_post_title":"pisos barcelona","properties_post_alt":"pisos barcelona"},{"properties_post_image_order":19,"properties_post_image_url":"https:\/\/movin.cloud\/empresas\/1498\/imagenes\/11249151\/piso-para-idealista-barcelona.webp","properties_post_image_url_thumbnail":"https:\/\/movin.cloud\/empresas\/1498\/imagenes\/thumbnails\/11249151\/piso-para-idealista-barcelona.webp","properties_post_title":"piso para idealista barcelona","properties_post_alt":"piso para idealista barcelona"},{"properties_post_image_order":20,"properties_post_image_url":"https:\/\/movin.cloud\/empresas\/1498\/imagenes\/11249151\/comprar-barcelona.webp","properties_post_image_url_thumbnail":"https:\/\/movin.cloud\/empresas\/1498\/imagenes\/thumbnails\/11249151\/comprar-barcelona.webp","properties_post_title":"comprar barcelona","properties_post_alt":"comprar barcelona"},{"properties_post_image_order":21,"properties_post_image_url":"https:\/\/movin.cloud\/empresas\/1498\/imagenes\/11249151\/piso-ideal-barcelona.webp","properties_post_image_url_thumbnail":"https:\/\/movin.cloud\/empresas\/1498\/imagenes\/thumbnails\/11249151\/piso-ideal-barcelona.webp","properties_post_title":"piso ideal barcelona","properties_post_alt":"piso ideal barcelona"},{"properties_post_image_order":22,"properties_post_image_url":"https:\/\/movin.cloud\/empresas\/1498\/imagenes\/11249151\/pisos-compra-barcelona.webp","properties_post_image_url_thumbnail":"https:\/\/movin.cloud\/empresas\/1498\/imagenes\/thumbnails\/11249151\/pisos-compra-barcelona.webp","properties_post_title":"pisos compra barcelona","properties_post_alt":"pisos compra barcelona"},{"properties_post_image_order":23,"properties_post_image_url":"https:\/\/movin.cloud\/empresas\/1498\/imagenes\/11249151\/viviendas-barcelona.webp","properties_post_image_url_thumbnail":"https:\/\/movin.cloud\/empresas\/1498\/imagenes\/thumbnails\/11249151\/viviendas-barcelona.webp","properties_post_title":"viviendas barcelona","properties_post_alt":"viviendas barcelona"},{"properties_post_image_order":24,"properties_post_image_url":"https:\/\/movin.cloud\/empresas\/1498\/imagenes\/11249151\/pisos-venta-barcelona.webp","properties_post_image_url_thumbnail":"https:\/\/movin.cloud\/empresas\/1498\/imagenes\/thumbnails\/11249151\/pisos-venta-barcelona.webp","properties_post_title":"pisos venta barcelona","properties_post_alt":"pisos venta barcelona"},{"properties_post_image_order":25,"properties_post_image_url":"https:\/\/movin.cloud\/empresas\/1498\/imagenes\/11249151\/compra-barcelona.webp","properties_post_image_url_thumbnail":"https:\/\/movin.cloud\/empresas\/1498\/imagenes\/thumbnails\/11249151\/compra-barcelona.webp","properties_post_title":"compra barcelona","properties_post_alt":"compra barcelona"},{"properties_post_image_order":26,"properties_post_image_url":"https:\/\/movin.cloud\/empresas\/1498\/imagenes\/11249151\/venta-barcelona.webp","properties_post_image_url_thumbnail":"https:\/\/movin.cloud\/empresas\/1498\/imagenes\/thumbnails\/11249151\/venta-barcelona.webp","properties_post_title":"venta barcelona","properties_post_alt":"venta barcelona"},{"properties_post_image_order":27,"properties_post_image_url":"https:\/\/movin.cloud\/empresas\/1498\/imagenes\/11249151\/venta-viviendas-barcelona.webp","properties_post_image_url_thumbnail":"https:\/\/movin.cloud\/empresas\/1498\/imagenes\/thumbnails\/11249151\/venta-viviendas-barcelona.webp","properties_post_title":"venta viviendas barcelona","properties_post_alt":"venta viviendas barcelona"},{"properties_post_image_order":28,"properties_post_image_url":"https:\/\/movin.cloud\/empresas\/1498\/imagenes\/11249151\/pisos-y-casas-en-venta-barcelona.webp","properties_post_image_url_thumbnail":"https:\/\/movin.cloud\/empresas\/1498\/imagenes\/thumbnails\/11249151\/pisos-y-casas-en-venta-barcelona.webp","properties_post_title":"pisos y casas en venta barcelona","properties_post_alt":"pisos y casas en venta barcelona"},{"properties_post_image_order":29,"properties_post_image_url":"https:\/\/movin.cloud\/empresas\/1498\/imagenes\/11249151\/comprar-piso-barcelona.webp","properties_post_image_url_thumbnail":"https:\/\/movin.cloud\/empresas\/1498\/imagenes\/thumbnails\/11249151\/comprar-piso-barcelona.webp","properties_post_title":"comprar piso barcelona","properties_post_alt":"comprar piso barcelona"}],"post_type_properties_post_videos":[{"properties_post_video_url":"https:\/\/www.youtube.com\/watch?v=daJliQMBFas","properties_post_video_order":"999"}],"post_type_properties_post_tour":null,"post_type_properties_post_dossier_url":"","post_type_properties_post_operation_type":"sale","post_type_properties_post_operation_price":385000,"post_type_properties_post_features_hidden_price":false},"yoast_head":"<!-- This site is optimized with the Yoast SEO plugin v27.4 - https:\/\/yoast.com\/product\/yoast-seo-wordpress\/ -->\n<title>Luminoso piso reformado de 90 m\u00b2 en finca cl\u00e1sica en Poblenou - Forcadell<\/title>\n<meta name=\"robots\" content=\"index, follow, max-snippet:-1, max-image-preview:large, max-video-preview:-1\" \/>\n<link rel=\"canonical\" href=\"https:\/\/forcadell.com\/ca\/propiedades\/luminoso-piso-reformado-de-90-m%c2%b2-en-finca-clasica-en-poblenou\/\" \/>\n<meta property=\"og:locale\" content=\"ca_ES\" \/>\n<meta property=\"og:type\" content=\"article\" \/>\n<meta property=\"og:title\" content=\"Luminoso piso reformado de 90 m\u00b2 en finca cl\u00e1sica en Poblenou - Forcadell\" \/>\n<meta property=\"og:description\" content=\"Piso de 90 m\u00b2 situado en una finca del a\u00f1o 1965 sin ascensor, correspondiente a un tercero de altura, ideal para quienes valoran la tranquilidad y los espacios amplios. La vivienda ha sido totalmente reformada recientemente, combinando funcionalidad y estilo, lo que permite entrar a vivir sin necesidad de ninguna inversi\u00f3n adicional. Dispone de suelos [&hellip;]\" \/>\n<meta property=\"og:url\" content=\"https:\/\/forcadell.com\/ca\/propiedades\/luminoso-piso-reformado-de-90-m%c2%b2-en-finca-clasica-en-poblenou\/\" \/>\n<meta property=\"og:site_name\" content=\"Forcadell\" \/>\n<meta property=\"article:modified_time\" content=\"2026-04-27T21:30:34+00:00\" \/>\n<meta name=\"twitter:card\" content=\"summary_large_image\" \/>\n<meta name=\"twitter:label1\" content=\"Temps estimat de lectura\" \/>\n\t<meta name=\"twitter:data1\" content=\"2 minuts\" \/>\n<!-- \/ Yoast SEO plugin. -->","yoast_head_json":{"title":"Luminoso piso reformado de 90 m\u00b2 en finca cl\u00e1sica en Poblenou - Forcadell","robots":{"index":"index","follow":"follow","max-snippet":"max-snippet:-1","max-image-preview":"max-image-preview:large","max-video-preview":"max-video-preview:-1"},"canonical":"https:\/\/forcadell.com\/ca\/propiedades\/luminoso-piso-reformado-de-90-m%c2%b2-en-finca-clasica-en-poblenou\/","og_locale":"ca_ES","og_type":"article","og_title":"Luminoso piso reformado de 90 m\u00b2 en finca cl\u00e1sica en Poblenou - Forcadell","og_description":"Piso de 90 m\u00b2 situado en una finca del a\u00f1o 1965 sin ascensor, correspondiente a un tercero de altura, ideal para quienes valoran la tranquilidad y los espacios amplios. La vivienda ha sido totalmente reformada recientemente, combinando funcionalidad y estilo, lo que permite entrar a vivir sin necesidad de ninguna inversi\u00f3n adicional. Dispone de suelos [&hellip;]","og_url":"https:\/\/forcadell.com\/ca\/propiedades\/luminoso-piso-reformado-de-90-m%c2%b2-en-finca-clasica-en-poblenou\/","og_site_name":"Forcadell","article_modified_time":"2026-04-27T21:30:34+00:00","twitter_card":"summary_large_image","twitter_misc":{"Temps estimat de lectura":"2 minuts"},"schema":{"@context":"https:\/\/schema.org","@graph":[{"@type":"WebPage","@id":"https:\/\/forcadell.com\/ca\/propiedades\/luminoso-piso-reformado-de-90-m%c2%b2-en-finca-clasica-en-poblenou\/","url":"https:\/\/forcadell.com\/ca\/propiedades\/luminoso-piso-reformado-de-90-m%c2%b2-en-finca-clasica-en-poblenou\/","name":"Luminoso piso reformado de 90 m\u00b2 en finca cl\u00e1sica en Poblenou - Forcadell","isPartOf":{"@id":"https:\/\/forcadell.com\/ca\/#website"},"datePublished":"2026-04-24T08:56:02+00:00","dateModified":"2026-04-27T21:30:34+00:00","breadcrumb":{"@id":"https:\/\/forcadell.com\/ca\/propiedades\/luminoso-piso-reformado-de-90-m%c2%b2-en-finca-clasica-en-poblenou\/#breadcrumb"},"inLanguage":"ca","potentialAction":[{"@type":"ReadAction","target":["https:\/\/forcadell.com\/ca\/propiedades\/luminoso-piso-reformado-de-90-m%c2%b2-en-finca-clasica-en-poblenou\/"]}]},{"@type":"BreadcrumbList","@id":"https:\/\/forcadell.com\/ca\/propiedades\/luminoso-piso-reformado-de-90-m%c2%b2-en-finca-clasica-en-poblenou\/#breadcrumb","itemListElement":[{"@type":"ListItem","position":1,"name":"Portada","item":"https:\/\/forcadell.com\/ca\/"},{"@type":"ListItem","position":2,"name":"Properties","item":"https:\/\/forcadell.com\/ca\/propiedades\/"},{"@type":"ListItem","position":3,"name":"Luminoso piso reformado de 90 m\u00b2 en finca cl\u00e1sica en Poblenou"}]},{"@type":"WebSite","@id":"https:\/\/forcadell.com\/ca\/#website","url":"https:\/\/forcadell.com\/ca\/","name":"Forcadell","description":"Inmobiliaria Barcelona | Consultores inmobiliarios","potentialAction":[{"@type":"SearchAction","target":{"@type":"EntryPoint","urlTemplate":"https:\/\/forcadell.com\/ca\/?s={search_term_string}"},"query-input":{"@type":"PropertyValueSpecification","valueRequired":true,"valueName":"search_term_string"}}],"inLanguage":"ca"}]}},"_links":{"self":[{"href":"https:\/\/forcadell.com\/ca\/wp-json\/wp\/v2\/properties_post\/64323","targetHints":{"allow":["GET"]}}],"collection":[{"href":"https:\/\/forcadell.com\/ca\/wp-json\/wp\/v2\/properties_post"}],"about":[{"href":"https:\/\/forcadell.com\/ca\/wp-json\/wp\/v2\/types\/properties_post"}],"wp:attachment":[{"href":"https:\/\/forcadell.com\/ca\/wp-json\/wp\/v2\/media?parent=64323"}],"curies":[{"name":"wp","href":"https:\/\/api.w.org\/{rel}","templated":true}]}}