{"id":64275,"date":"2026-04-23T16:14:47","date_gmt":"2026-04-23T14:14:47","guid":{"rendered":"https:\/\/forcadell.com\/propiedades\/local-esquinero-en-el-alquiler-en-el-barrio-de-les-corts\/"},"modified":"2026-04-29T06:19:33","modified_gmt":"2026-04-29T04:19:33","slug":"local-esquinero-en-el-alquiler-en-el-barrio-de-les-corts","status":"publish","type":"properties_post","link":"https:\/\/forcadell.com\/ca\/propiedades\/local-esquinero-en-el-alquiler-en-el-barrio-de-les-corts\/","title":{"rendered":"Local esquinero en el alquiler en el barrio de Les Corts"},"content":{"rendered":"<p>Local comercial esquinero en alquiler ubicado en el consolidado distrito de Les Corts, que destaca por su excelente visibilidad y atractivo car\u00e1cter urbano. Dispone de una amplia fachada de 12 metros lineales, lo que le proporciona una notable presencia a pie de calle y abundante entrada de luz natural, ideal para potenciar cualquier actividad comercial.<br \/>\nEl espacio cuenta con una superficie de 74 m\u00b2, ofreciendo una distribuci\u00f3n vers\u00e1til que se adapta a m\u00faltiples usos, desde retail hasta oficinas o servicios profesionales. Su condici\u00f3n de esquina favorece el flujo constante de peatones y maximiza el impacto visual del negocio, convirti\u00e9ndolo en una oportunidad estrat\u00e9gica para marcas que buscan posicionamiento y reconocimiento.<br \/>\nUbicado en una zona din\u00e1mica, bien comunicada y rodeada de servicios, comercios y \u00e1reas residenciales, esta local combina funcionalidad, ubicaci\u00f3n y visibilidad en uno de los entornos m\u00e1s demandados de la ciudad.<\/p>\n","protected":false},"template":"","class_list":["post-64275","properties_post","type-properties_post","status-publish","hentry","properties_modality-rent","properties_district-les-corts","properties_province-barcelona","properties_state-barcelona","properties_subclass-comercial","properties_type-local"],"acf":{"post_type_properties_post_property_code":"236279","post_type_properties_post_property_reference":"IE-211386","post_type_properties_post_owner_id":"34473","post_type_properties_post_owner_name":"ROVE S.L","post_type_properties_post_property_code_encrypted":"MjkkMjA4NDY=","post_type_properties_post_published":"1","post_type_properties_post_property_visibility":"idealista","post_type_properties_post_contact_name":"Forcadell Locales Barcelona","post_type_properties_post_contact_email":"forcadell.locales@movin.cloud","post_type_properties_post_contact_primary_phone_prefix":"34","post_type_properties_post_contact_primary_phone_number":"934965412","post_type_properties_post_address_visibility":"street","post_type_properties_post_address_country":"Spain","post_type_properties_post_address_coordinates_precision":"exact","post_type_properties_post_address_postal_code":"08029","post_type_properties_post_address_coordinates_latitude":"41.386861","post_type_properties_post_address_coordinates_longitude":"2.137899","post_type_properties_post_address_street_name":"CL Montnegre 5","post_type_properties_post_address_floor":"","post_type_properties_post_address_town":"Barcelona","post_type_properties_post_building":null,"post_type_properties_post_property":[{"properties_post_description_language":"catalan","properties_post_title":"Local cantoner en lloguer al barri de Les Corts","properties_post_short_description_text_alt":"Local comercial cantoner en lloguer situat en el consolidat districte de les Corts, que destaca per la seva excel\u00b7lent visibilitat i atractiu car\u00e0cter urb\u00e0. Disposa d'una \u00e0mplia fa\u00e7ana de 12 metres lineals, la qual cosa li proporciona una notable pres\u00e8ncia a peu de carrer i abundant entrada de llum natural, ideal per a potenciar qualsevol activitat comercial.\nL'espai compta amb una superf\u00edcie de 74 m\u00b2, oferint una distribuci\u00f3 vers\u00e0til que s'adapta a m\u00faltiples usos, des de retail fins a oficines o serveis professionals. La seva condici\u00f3 de cantonada afavoreix el flux constant de vianants i maximitza l'impacte visual del negoci, convertint-lo en una oportunitat estrat\u00e8gica per a marques que busquen posicionament i reconeixement.\nSituat en una zona din\u00e0mica, ben comunicada i envoltada de serveis, comer\u00e7os i \u00e0rees residencials, aquesta local combina funcionalitat, ubicaci\u00f3 i visibilitat en un dels entorns m\u00e9s demandats de la ciutat.\n","properties_post_description_text_alt":"Local comercial cantoner en lloguer situat en el consolidat districte de les Corts, que destaca per la seva excel\u00b7lent visibilitat i atractiu car\u00e0cter urb\u00e0. Disposa d'una \u00e0mplia fa\u00e7ana de 12 metres lineals, la qual cosa li proporciona una notable pres\u00e8ncia a peu de carrer i abundant entrada de llum natural, ideal per a potenciar qualsevol activitat comercial.\nL'espai compta amb una superf\u00edcie de 74 m\u00b2, oferint una distribuci\u00f3 vers\u00e0til que s'adapta a m\u00faltiples usos, des de retail fins a oficines o serveis professionals. La seva condici\u00f3 de cantonada afavoreix el flux constant de vianants i maximitza l'impacte visual del negoci, convertint-lo en una oportunitat estrat\u00e8gica per a marques que busquen posicionament i reconeixement.\nSituat en una zona din\u00e0mica, ben comunicada i envoltada de serveis, comer\u00e7os i \u00e0rees residencials, aquesta local combina funcionalitat, ubicaci\u00f3 i visibilitat en un dels entorns m\u00e9s demandats de la ciutat.\n","properties_post_short_description_text":"Local comercial cantoner en lloguer situat en el consolidat districte de les Corts, que destaca per la seva excel\u00b7lent visibilitat i atractiu car\u00e0cter urb\u00e0. Disposa d'una \u00e0mplia fa\u00e7ana de 12 metres lineals, la qual cosa li proporciona una notable pres\u00e8ncia a peu de carrer i abundant entrada de llum natural, ideal per a potenciar qualsevol activitat comercial.\nL'espai compta amb una superf\u00edcie de 74 m\u00b2, oferint una distribuci\u00f3 vers\u00e0til que s'adapta a m\u00faltiples usos, des de retail fins a oficines o serveis professionals. La seva condici\u00f3 de cantonada afavoreix el flux constant de vianants i maximitza l'impacte visual del negoci, convertint-lo en una oportunitat estrat\u00e8gica per a marques que busquen posicionament i reconeixement.\nSituat en una zona din\u00e0mica, ben comunicada i envoltada de serveis, comer\u00e7os i \u00e0rees residencials, aquesta local combina funcionalitat, ubicaci\u00f3 i visibilitat en un dels entorns m\u00e9s demandats de la ciutat.\n","properties_post_link_demanda_inmueble":"https:\/\/movin.cloud\/ca\/Forcadell Locales Barcelona\/formulari-peticio-immoble\/sth\/2460&&236279","properties_post_link_demanda_calendario_inmueble":"https:\/\/movin.cloud\/ca\/Forcadell Locales Barcelona\/calendari-peticio-immoble\/sth\/2460&&236279","properties_post_description_text":"Local comercial cantoner en lloguer situat en el consolidat districte de les Corts, que destaca per la seva excel\u00b7lent visibilitat i atractiu car\u00e0cter urb\u00e0. Disposa d'una \u00e0mplia fa\u00e7ana de 12 metres lineals, la qual cosa li proporciona una notable pres\u00e8ncia a peu de carrer i abundant entrada de llum natural, ideal per a potenciar qualsevol activitat comercial.\nL'espai compta amb una superf\u00edcie de 74 m\u00b2, oferint una distribuci\u00f3 vers\u00e0til que s'adapta a m\u00faltiples usos, des de retail fins a oficines o serveis professionals. La seva condici\u00f3 de cantonada afavoreix el flux constant de vianants i maximitza l'impacte visual del negoci, convertint-lo en una oportunitat estrat\u00e8gica per a marques que busquen posicionament i reconeixement.\nSituat en una zona din\u00e0mica, ben comunicada i envoltada de serveis, comer\u00e7os i \u00e0rees residencials, aquesta local combina funcionalitat, ubicaci\u00f3 i visibilitat en un dels entorns m\u00e9s demandats de la ciutat.\n","properties_post_seo_title":"","properties_post_seo_alias":"","properties_post_seo_metadescription":"Local cantoner proper a l'Illa Diagonal, Les Corts. Barcelona. Forcadell Locals \u00e9s la seva ag\u00e8ncia immobili\u00e0ria de confian\u00e7a.","properties_post_seo_key_words":"Locals en lloguer, lloguers local Barcelona, locals en lloguer Barcelona, lloguers de locals comercials.","properties_post_seo_url":"","properties_post_terms_conditions":""},{"properties_post_description_language":"spanish","properties_post_title":"Local esquinero en el alquiler en el barrio de Les Corts","properties_post_short_description_text_alt":"Local comercial esquinero en alquiler ubicado en el consolidado distrito de Les Corts, que destaca por su excelente visibilidad y atractivo car\u00e1cter urbano. Dispone de una amplia fachada de 12 metros lineales, lo que le proporciona una notable presencia a pie de calle y abundante entrada de luz natural, ideal para potenciar cualquier actividad comercial.\nEl espacio cuenta con una superficie de 74 m\u00b2, ofreciendo una distribuci\u00f3n vers\u00e1til que se adapta a m\u00faltiples usos, desde retail hasta oficinas o servicios profesionales. Su condici\u00f3n de esquina favorece el flujo constante de peatones y maximiza el impacto visual del negocio, convirti\u00e9ndolo en una oportunidad estrat\u00e9gica para marcas que buscan posicionamiento y reconocimiento.\nUbicado en una zona din\u00e1mica, bien comunicada y rodeada de servicios, comercios y \u00e1reas residenciales, esta local combina funcionalidad, ubicaci\u00f3n y visibilidad en uno de los entornos m\u00e1s demandados de la ciudad.","properties_post_description_text_alt":"Local comercial esquinero en alquiler ubicado en el consolidado distrito de Les Corts, que destaca por su excelente visibilidad y atractivo car\u00e1cter urbano. Dispone de una amplia fachada de 12 metros lineales, lo que le proporciona una notable presencia a pie de calle y abundante entrada de luz natural, ideal para potenciar cualquier actividad comercial.\nEl espacio cuenta con una superficie de 74 m\u00b2, ofreciendo una distribuci\u00f3n vers\u00e1til que se adapta a m\u00faltiples usos, desde retail hasta oficinas o servicios profesionales. Su condici\u00f3n de esquina favorece el flujo constante de peatones y maximiza el impacto visual del negocio, convirti\u00e9ndolo en una oportunidad estrat\u00e9gica para marcas que buscan posicionamiento y reconocimiento.\nUbicado en una zona din\u00e1mica, bien comunicada y rodeada de servicios, comercios y \u00e1reas residenciales, esta local combina funcionalidad, ubicaci\u00f3n y visibilidad en uno de los entornos m\u00e1s demandados de la ciudad.","properties_post_short_description_text":"Local comercial esquinero en alquiler ubicado en el consolidado distrito de Les Corts, que destaca por su excelente visibilidad y atractivo car\u00e1cter urbano. Dispone de una amplia fachada de 12 metros lineales, lo que le proporciona una notable presencia a pie de calle y abundante entrada de luz natural, ideal para potenciar cualquier actividad comercial.\nEl espacio cuenta con una superficie de 74 m\u00b2, ofreciendo una distribuci\u00f3n vers\u00e1til que se adapta a m\u00faltiples usos, desde retail hasta oficinas o servicios profesionales. Su condici\u00f3n de esquina favorece el flujo constante de peatones y maximiza el impacto visual del negocio, convirti\u00e9ndolo en una oportunidad estrat\u00e9gica para marcas que buscan posicionamiento y reconocimiento.\nUbicado en una zona din\u00e1mica, bien comunicada y rodeada de servicios, comercios y \u00e1reas residenciales, esta local combina funcionalidad, ubicaci\u00f3n y visibilidad en uno de los entornos m\u00e1s demandados de la ciudad.","properties_post_link_demanda_inmueble":"https:\/\/movin.cloud\/es\/Forcadell Locales Barcelona\/formulario-peticion-inmueble\/sth\/2460&&236279","properties_post_link_demanda_calendario_inmueble":"https:\/\/movin.cloud\/es\/Forcadell Locales Barcelona\/calendario-peticion-inmueble\/sth\/2460&&236279","properties_post_description_text":"Local comercial esquinero en alquiler ubicado en el consolidado distrito de Les Corts, que destaca por su excelente visibilidad y atractivo car\u00e1cter urbano. Dispone de una amplia fachada de 12 metros lineales, lo que le proporciona una notable presencia a pie de calle y abundante entrada de luz natural, ideal para potenciar cualquier actividad comercial.\nEl espacio cuenta con una superficie de 74 m\u00b2, ofreciendo una distribuci\u00f3n vers\u00e1til que se adapta a m\u00faltiples usos, desde retail hasta oficinas o servicios profesionales. Su condici\u00f3n de esquina favorece el flujo constante de peatones y maximiza el impacto visual del negocio, convirti\u00e9ndolo en una oportunidad estrat\u00e9gica para marcas que buscan posicionamiento y reconocimiento.\nUbicado en una zona din\u00e1mica, bien comunicada y rodeada de servicios, comercios y \u00e1reas residenciales, esta local combina funcionalidad, ubicaci\u00f3n y visibilidad en uno de los entornos m\u00e1s demandados de la ciudad.","properties_post_seo_title":"","properties_post_seo_alias":"","properties_post_seo_metadescription":"Local esquinero cercano a l'Illa Diagonal, Les Corts. Barcelona. Forcadell Locales es su agencia inmobiliaria de confianza.","properties_post_seo_key_words":"Locales en alquiler, alquiler local Barcelona, locales en alquiler Barcelona, alquiler de locales comerciales.","properties_post_seo_url":"","properties_post_terms_conditions":""},{"properties_post_description_language":"english","properties_post_title":"Corner commercial space for rent in the Les Corts district","properties_post_short_description_text_alt":"This corner commercial space is located in the established Les Corts district, known for its excellent visibility and attractive urban character. It boasts a wide 12-meter frontage, providing a prominent street presence and abundant natural light, ideal for any type of business.\n\nThe 74 m\u00b2 space offers a versatile layout suitable for a variety of uses, from retail to offices or professional services. Its corner location ensures a constant flow of pedestrian traffic and maximizes the business's visual impact, making it a strategic opportunity for brands seeking positioning and recognition.\nSituated in a dynamic, well-connected area surrounded by services, shops, and residential neighborhoods, this space combines functionality, location, and visibility in one of the city's most sought-after areas.","properties_post_description_text_alt":"This corner commercial space is located in the established Les Corts district, known for its excellent visibility and attractive urban character. It boasts a wide 12-meter frontage, providing a prominent street presence and abundant natural light, ideal for any type of business.\n\nThe 74 m\u00b2 space offers a versatile layout suitable for a variety of uses, from retail to offices or professional services. Its corner location ensures a constant flow of pedestrian traffic and maximizes the business's visual impact, making it a strategic opportunity for brands seeking positioning and recognition.\nSituated in a dynamic, well-connected area surrounded by services, shops, and residential neighborhoods, this space combines functionality, location, and visibility in one of the city's most sought-after areas.","properties_post_short_description_text":"This corner commercial space is located in the established Les Corts district, known for its excellent visibility and attractive urban character. It boasts a wide 12-meter frontage, providing a prominent street presence and abundant natural light, ideal for any type of business.\n\nThe 74 m\u00b2 space offers a versatile layout suitable for a variety of uses, from retail to offices or professional services. Its corner location ensures a constant flow of pedestrian traffic and maximizes the business's visual impact, making it a strategic opportunity for brands seeking positioning and recognition.\nSituated in a dynamic, well-connected area surrounded by services, shops, and residential neighborhoods, this space combines functionality, location, and visibility in one of the city's most sought-after areas.","properties_post_link_demanda_inmueble":"https:\/\/movin.cloud\/en\/Forcadell Locales Barcelona\/property-form-request\/sth\/2460&&236279","properties_post_link_demanda_calendario_inmueble":"https:\/\/movin.cloud\/en\/Forcadell Locales Barcelona\/property-calendar-request\/sth\/2460&&236279","properties_post_description_text":"This corner commercial space is located in the established Les Corts district, known for its excellent visibility and attractive urban character. It boasts a wide 12-meter frontage, providing a prominent street presence and abundant natural light, ideal for any type of business.\n\nThe 74 m\u00b2 space offers a versatile layout suitable for a variety of uses, from retail to offices or professional services. Its corner location ensures a constant flow of pedestrian traffic and maximizes the business's visual impact, making it a strategic opportunity for brands seeking positioning and recognition.\nSituated in a dynamic, well-connected area surrounded by services, shops, and residential neighborhoods, this space combines functionality, location, and visibility in one of the city's most sought-after areas.","properties_post_seo_title":"","properties_post_seo_alias":"","properties_post_seo_metadescription":"","properties_post_seo_key_words":"","properties_post_seo_url":"","properties_post_terms_conditions":""}],"post_type_properties_post_features_type":"premises_commercial","post_type_properties_post_id_building":"","post_type_properties_post_features_area_constructed":74,"post_type_properties_post_features_conditioned_air":true,"post_type_properties_post_features_doorman":false,"post_type_properties_post_features_heating":true,"post_type_properties_post_features_equipped_kitchen":false,"post_type_properties_post_features_windows_location":"","post_type_properties_post_features_floors_property":false,"post_type_properties_post_features_storage":false,"post_type_properties_post_features_security_door":false,"post_type_properties_post_features_energy_certificate_rating":"C","post_type_properties_post_features_energy_certificate_emissions_rating":"C","post_type_properties_post_features_energy_certificate_emissions_value":183,"post_type_properties_post_features_energy_certificate_performance":45,"post_type_properties_post_features_bathroom_inside":false,"post_type_properties_post_precio":1500,"post_type_properties_post_precio_alquiler":1500,"post_type_properties_post_record_type_id":"Local","post_type_properties_post_categoria__producto":"Comercial","post_type_properties_post_amueblado":false,"post_type_properties_post_precio_m2":17.65,"post_type_properties_post_zona__comunitaria":false,"post_type_properties_post_electrodomesticos":false,"post_type_properties_post_patio__interior":false,"post_type_properties_post_certificado_energetico_general":"C","post_type_properties_post_certificado_energetico_consumo":"C","post_type_properties_post_certificado_energetico_valor_emisiones":183,"post_type_properties_post_certificado_energetico_valor_consumo":45,"post_type_properties_post_modalidad":"rent","post_type_properties_post_provincia":"Barcelona","post_type_properties_post_poblacion":"Barcelona","post_type_properties_post_centro__urbano":false,"post_type_properties_post_zonificacion":"","post_type_properties_post_cartera":"Segunda mano","post_type_properties_post_titulo_catalan":"Local cantoner en lloguer al barri de Les Corts","post_type_properties_post_internet_catalan":"Local comercial cantoner en lloguer situat en el consolidat districte de les Corts, que destaca per la seva excel\u00b7lent visibilitat i atractiu car\u00e0cter urb\u00e0. Disposa d'una \u00e0mplia fa\u00e7ana de 12 metres lineals, la qual cosa li proporciona una notable pres\u00e8ncia a peu de carrer i abundant entrada de llum natural, ideal per a potenciar qualsevol activitat comercial.\nL'espai compta amb una superf\u00edcie de 74 m\u00b2, oferint una distribuci\u00f3 vers\u00e0til que s'adapta a m\u00faltiples usos, des de retail fins a oficines o serveis professionals. La seva condici\u00f3 de cantonada afavoreix el flux constant de vianants i maximitza l'impacte visual del negoci, convertint-lo en una oportunitat estrat\u00e8gica per a marques que busquen posicionament i reconeixement.\nSituat en una zona din\u00e0mica, ben comunicada i envoltada de serveis, comer\u00e7os i \u00e0rees residencials, aquesta local combina funcionalitat, ubicaci\u00f3 i visibilitat en un dels entorns m\u00e9s demandats de la ciutat.\n","post_type_properties_post_titulo_castellano":"Local esquinero en el alquiler en el barrio de Les Corts","post_type_properties_post_internet_castellano":"Local comercial esquinero en alquiler ubicado en el consolidado distrito de Les Corts, que destaca por su excelente visibilidad y atractivo car\u00e1cter urbano. Dispone de una amplia fachada de 12 metros lineales, lo que le proporciona una notable presencia a pie de calle y abundante entrada de luz natural, ideal para potenciar cualquier actividad comercial.\nEl espacio cuenta con una superficie de 74 m\u00b2, ofreciendo una distribuci\u00f3n vers\u00e1til que se adapta a m\u00faltiples usos, desde retail hasta oficinas o servicios profesionales. Su condici\u00f3n de esquina favorece el flujo constante de peatones y maximiza el impacto visual del negocio, convirti\u00e9ndolo en una oportunidad estrat\u00e9gica para marcas que buscan posicionamiento y reconocimiento.\nUbicado en una zona din\u00e1mica, bien comunicada y rodeada de servicios, comercios y \u00e1reas residenciales, esta local combina funcionalidad, ubicaci\u00f3n y visibilidad en uno de los entornos m\u00e1s demandados de la ciudad.","post_type_properties_post_titulo_ingles":"Corner commercial space for rent in the Les Corts district","post_type_properties_post_internet_ingles":"This corner commercial space is located in the established Les Corts district, known for its excellent visibility and attractive urban character. It boasts a wide 12-meter frontage, providing a prominent street presence and abundant natural light, ideal for any type of business.\n\nThe 74 m\u00b2 space offers a versatile layout suitable for a variety of uses, from retail to offices or professional services. Its corner location ensures a constant flow of pedestrian traffic and maximizes the business's visual impact, making it a strategic opportunity for brands seeking positioning and recognition.\nSituated in a dynamic, well-connected area surrounded by services, shops, and residential neighborhoods, this space combines functionality, location, and visibility in one of the city's most sought-after areas.","post_type_properties_post_features_classification_commercial":false,"post_type_properties_post_features_conservation":"","post_type_properties_post_features_security_personnel":false,"post_type_properties_post_features_parking_available":false,"post_type_properties_post_features_garage_capacity_type":"","post_type_properties_post_features_bathroom_number":1,"post_type_properties_post_eje":"","post_type_properties_post_zona":"","post_type_properties_post_comarca":"","post_type_properties_post_features_built_year":"","post_type_properties_post_renta_mensual":1200,"post_type_properties_post_fianza":"","post_type_properties_post_features_area_plot":"","post_type_properties_post_features_area_buildable":"","post_type_properties_post_features_classification_industrial":false,"post_type_properties_post_distrito":"","post_type_properties_post_features_balcony":false,"post_type_properties_post_features_bedroom_number":"","post_type_properties_post_features_heating_type":"","post_type_properties_post_features_equipped_with_furniture":false,"post_type_properties_post_features_pets_allowed":false,"post_type_properties_post_features_pool":false,"post_type_properties_post_features_terrace":false,"post_type_properties_post_features_wardrobes":false,"post_type_properties_post_features_lift_available":false,"post_type_properties_post_features_handicap_adapted_access":false,"post_type_properties_post_features_orientation_east":false,"post_type_properties_post_features_orientation_west":false,"post_type_properties_post_features_orientation_north":false,"post_type_properties_post_features_orientation_south":false,"post_type_properties_post_features_parking_spaces_number":"","post_type_properties_post_features_security_alarm":false,"post_type_properties_post_features_security_system":false,"post_type_properties_post_open_plan":false,"post_type_properties_post_acceso_24_7":false,"post_type_properties_post_oficina_privada":false,"post_type_properties_post_sala_reuniones":false,"post_type_properties_post_espacio_eventos":false,"post_type_properties_post_office":false,"post_type_properties_post_restaurant":false,"post_type_properties_post_acepta_traspaso":false,"post_type_properties_post_vigilancia":false,"post_type_properties_post_features_suite":false,"post_type_properties_post_features_vitro":false,"post_type_properties_post_features_oven":false,"post_type_properties_post_features_microwave":false,"post_type_properties_post_features_washing_machine":false,"post_type_properties_post_features_dryer":false,"post_type_properties_post_features_dishwasher":false,"post_type_properties_post_features_fridge":false,"post_type_properties_post_features_fridge_mini":false,"post_type_properties_post_features_kettle":false,"post_type_properties_post_features_toaster":false,"post_type_properties_post_features_coffee_maker":false,"post_type_properties_post_features_iron":false,"post_type_properties_post_features_ironing_board":false,"post_type_properties_post_features_safe":false,"post_type_properties_post_features_internet":false,"post_type_properties_post_features_solarium":false,"post_type_properties_post_features_clean_service":false,"post_type_properties_post_features_t_v":false,"post_type_properties_post_features_satellite_t_v":false,"post_type_properties_post_features_gas_kitchen":false,"post_type_properties_post_features_view_mountain":false,"post_type_properties_post_features_view_sea":false,"post_type_properties_post_features_concierge":false,"post_type_properties_post_features_loading_dock":false,"post_type_properties_post_features_bridge_crane":false,"post_type_properties_post_features_located_at_corner":true,"post_type_properties_post_features_smoke_extraction":false,"post_type_properties_post_features_rooms":"","post_type_properties_post_features_garden_area":"","post_type_properties_post_features_utilities_water":false,"post_type_properties_post_features_utilities_electricity":false,"post_type_properties_post_features_utilities_natural_gas":false,"post_type_properties_post_features_building_adapted":false,"post_type_properties_post_features_garden":false,"post_type_properties_post_features_classification_hotel":false,"post_type_properties_post_features_classification_chalet":false,"post_type_properties_post_certificado_energetico_emisiones":"C","post_type_properties_post_barrio":"","post_type_properties_post_distrito_empresa":"Les Corts","post_type_properties_post_features_property_category_intern":"","post_type_properties_post_implantada":false,"post_type_properties_post_sello_leed":"","post_type_properties_post_sello_well":"","post_type_properties_post_sello_breeam":false,"post_type_properties_post_images":[{"properties_post_image_order":1,"properties_post_image_url":"https:\/\/movin.cloud\/empresas\/2460\/imagenes\/236279\/alquilar.webp","properties_post_image_url_thumbnail":"https:\/\/movin.cloud\/empresas\/2460\/imagenes\/thumbnails\/236279\/alquilar.webp","properties_post_title":"alquilar","properties_post_alt":"alquilar"},{"properties_post_image_order":2,"properties_post_image_url":"https:\/\/movin.cloud\/empresas\/2460\/imagenes\/236279\/inmobiliaria.webp","properties_post_image_url_thumbnail":"https:\/\/movin.cloud\/empresas\/2460\/imagenes\/thumbnails\/236279\/inmobiliaria.webp","properties_post_title":"inmobiliaria","properties_post_alt":"inmobiliaria"},{"properties_post_image_order":3,"properties_post_image_url":"https:\/\/movin.cloud\/empresas\/2460\/imagenes\/236279\/rent.webp","properties_post_image_url_thumbnail":"https:\/\/movin.cloud\/empresas\/2460\/imagenes\/thumbnails\/236279\/rent.webp","properties_post_title":"rent","properties_post_alt":"rent"},{"properties_post_image_order":4,"properties_post_image_url":"https:\/\/movin.cloud\/empresas\/2460\/imagenes\/236279\/fincas.webp","properties_post_image_url_thumbnail":"https:\/\/movin.cloud\/empresas\/2460\/imagenes\/thumbnails\/236279\/fincas.webp","properties_post_title":"fincas","properties_post_alt":"fincas"},{"properties_post_image_order":5,"properties_post_image_url":"https:\/\/movin.cloud\/empresas\/2460\/imagenes\/236279\/habitalia.webp","properties_post_image_url_thumbnail":"https:\/\/movin.cloud\/empresas\/2460\/imagenes\/thumbnails\/236279\/habitalia.webp","properties_post_title":"habitalia","properties_post_alt":"habitalia"},{"properties_post_image_order":6,"properties_post_image_url":"https:\/\/movin.cloud\/empresas\/2460\/imagenes\/236279\/alquiler.webp","properties_post_image_url_thumbnail":"https:\/\/movin.cloud\/empresas\/2460\/imagenes\/thumbnails\/236279\/alquiler.webp","properties_post_title":"alquiler","properties_post_alt":"alquiler"},{"properties_post_image_order":7,"properties_post_image_url":"https:\/\/movin.cloud\/empresas\/2460\/imagenes\/236279\/inmobiliarias.webp","properties_post_image_url_thumbnail":"https:\/\/movin.cloud\/empresas\/2460\/imagenes\/thumbnails\/236279\/inmobiliarias.webp","properties_post_title":"inmobiliarias","properties_post_alt":"inmobiliarias"},{"properties_post_image_order":8,"properties_post_image_url":"https:\/\/movin.cloud\/empresas\/2460\/imagenes\/236279\/viviendas.webp","properties_post_image_url_thumbnail":"https:\/\/movin.cloud\/empresas\/2460\/imagenes\/thumbnails\/236279\/viviendas.webp","properties_post_title":"viviendas","properties_post_alt":"viviendas"},{"properties_post_image_order":9,"properties_post_image_url":"https:\/\/movin.cloud\/empresas\/2460\/imagenes\/236279\/alquiler-para-idealista.webp","properties_post_image_url_thumbnail":"https:\/\/movin.cloud\/empresas\/2460\/imagenes\/thumbnails\/236279\/alquiler-para-idealista.webp","properties_post_title":"alquiler para idealista","properties_post_alt":"alquiler para idealista"},{"properties_post_image_order":10,"properties_post_image_url":"https:\/\/movin.cloud\/empresas\/2460\/imagenes\/236279\/alquiler-idealistas.webp","properties_post_image_url_thumbnail":"https:\/\/movin.cloud\/empresas\/2460\/imagenes\/thumbnails\/236279\/alquiler-idealistas.webp","properties_post_title":"alquiler idealistas","properties_post_alt":"alquiler idealistas"},{"properties_post_image_order":11,"properties_post_image_url":"https:\/\/movin.cloud\/empresas\/2460\/imagenes\/236279\/alquilar-local.webp","properties_post_image_url_thumbnail":"https:\/\/movin.cloud\/empresas\/2460\/imagenes\/thumbnails\/236279\/alquilar-local.webp","properties_post_title":"alquilar local","properties_post_alt":"alquilar local"},{"properties_post_image_order":12,"properties_post_image_url":"https:\/\/movin.cloud\/empresas\/2460\/imagenes\/236279\/locales-de-alquiler.webp","properties_post_image_url_thumbnail":"https:\/\/movin.cloud\/empresas\/2460\/imagenes\/thumbnails\/236279\/locales-de-alquiler.webp","properties_post_title":"locales de alquiler","properties_post_alt":"locales de alquiler"},{"properties_post_image_order":13,"properties_post_image_url":"https:\/\/movin.cloud\/empresas\/2460\/imagenes\/236279\/en-alquiler.webp","properties_post_image_url_thumbnail":"https:\/\/movin.cloud\/empresas\/2460\/imagenes\/thumbnails\/236279\/en-alquiler.webp","properties_post_title":"en alquiler","properties_post_alt":"en alquiler"},{"properties_post_image_order":14,"properties_post_image_url":"https:\/\/movin.cloud\/empresas\/2460\/imagenes\/236279\/alquiler-para-idealistas.webp","properties_post_image_url_thumbnail":"https:\/\/movin.cloud\/empresas\/2460\/imagenes\/thumbnails\/236279\/alquiler-para-idealistas.webp","properties_post_title":"alquiler para idealistas","properties_post_alt":"alquiler para idealistas"}],"post_type_properties_post_videos":null,"post_type_properties_post_tour":null,"post_type_properties_post_dossier_url":"","post_type_properties_post_operation_type":"rent","post_type_properties_post_operation_price":1500,"post_type_properties_post_features_hidden_price":false},"yoast_head":"<!-- This site is optimized with the Yoast SEO plugin v27.4 - https:\/\/yoast.com\/product\/yoast-seo-wordpress\/ -->\n<title>Local esquinero en el alquiler en el barrio de Les Corts - Forcadell<\/title>\n<meta name=\"robots\" content=\"index, follow, max-snippet:-1, max-image-preview:large, max-video-preview:-1\" \/>\n<link rel=\"canonical\" href=\"https:\/\/forcadell.com\/ca\/propiedades\/local-esquinero-en-el-alquiler-en-el-barrio-de-les-corts\/\" \/>\n<meta property=\"og:locale\" content=\"ca_ES\" \/>\n<meta property=\"og:type\" content=\"article\" \/>\n<meta property=\"og:title\" content=\"Local esquinero en el alquiler en el barrio de Les Corts - Forcadell\" \/>\n<meta property=\"og:description\" content=\"Local comercial esquinero en alquiler ubicado en el consolidado distrito de Les Corts, que destaca por su excelente visibilidad y atractivo car\u00e1cter urbano. Dispone de una amplia fachada de 12 metros lineales, lo que le proporciona una notable presencia a pie de calle y abundante entrada de luz natural, ideal para potenciar cualquier actividad comercial. [&hellip;]\" \/>\n<meta property=\"og:url\" content=\"https:\/\/forcadell.com\/ca\/propiedades\/local-esquinero-en-el-alquiler-en-el-barrio-de-les-corts\/\" \/>\n<meta property=\"og:site_name\" content=\"Forcadell\" \/>\n<meta property=\"article:modified_time\" content=\"2026-04-29T04:19:33+00:00\" \/>\n<meta name=\"twitter:card\" content=\"summary_large_image\" \/>\n<meta name=\"twitter:label1\" content=\"Temps estimat de lectura\" \/>\n\t<meta name=\"twitter:data1\" content=\"1 minut\" \/>\n<!-- \/ Yoast SEO plugin. -->","yoast_head_json":{"title":"Local esquinero en el alquiler en el barrio de Les Corts - Forcadell","robots":{"index":"index","follow":"follow","max-snippet":"max-snippet:-1","max-image-preview":"max-image-preview:large","max-video-preview":"max-video-preview:-1"},"canonical":"https:\/\/forcadell.com\/ca\/propiedades\/local-esquinero-en-el-alquiler-en-el-barrio-de-les-corts\/","og_locale":"ca_ES","og_type":"article","og_title":"Local esquinero en el alquiler en el barrio de Les Corts - Forcadell","og_description":"Local comercial esquinero en alquiler ubicado en el consolidado distrito de Les Corts, que destaca por su excelente visibilidad y atractivo car\u00e1cter urbano. Dispone de una amplia fachada de 12 metros lineales, lo que le proporciona una notable presencia a pie de calle y abundante entrada de luz natural, ideal para potenciar cualquier actividad comercial. [&hellip;]","og_url":"https:\/\/forcadell.com\/ca\/propiedades\/local-esquinero-en-el-alquiler-en-el-barrio-de-les-corts\/","og_site_name":"Forcadell","article_modified_time":"2026-04-29T04:19:33+00:00","twitter_card":"summary_large_image","twitter_misc":{"Temps estimat de lectura":"1 minut"},"schema":{"@context":"https:\/\/schema.org","@graph":[{"@type":"WebPage","@id":"https:\/\/forcadell.com\/ca\/propiedades\/local-esquinero-en-el-alquiler-en-el-barrio-de-les-corts\/","url":"https:\/\/forcadell.com\/ca\/propiedades\/local-esquinero-en-el-alquiler-en-el-barrio-de-les-corts\/","name":"Local esquinero en el alquiler en el barrio de Les Corts - Forcadell","isPartOf":{"@id":"https:\/\/forcadell.com\/ca\/#website"},"datePublished":"2026-04-23T14:14:47+00:00","dateModified":"2026-04-29T04:19:33+00:00","breadcrumb":{"@id":"https:\/\/forcadell.com\/ca\/propiedades\/local-esquinero-en-el-alquiler-en-el-barrio-de-les-corts\/#breadcrumb"},"inLanguage":"ca","potentialAction":[{"@type":"ReadAction","target":["https:\/\/forcadell.com\/ca\/propiedades\/local-esquinero-en-el-alquiler-en-el-barrio-de-les-corts\/"]}]},{"@type":"BreadcrumbList","@id":"https:\/\/forcadell.com\/ca\/propiedades\/local-esquinero-en-el-alquiler-en-el-barrio-de-les-corts\/#breadcrumb","itemListElement":[{"@type":"ListItem","position":1,"name":"Portada","item":"https:\/\/forcadell.com\/ca\/"},{"@type":"ListItem","position":2,"name":"Properties","item":"https:\/\/forcadell.com\/ca\/propiedades\/"},{"@type":"ListItem","position":3,"name":"Local esquinero en el alquiler en el barrio de Les Corts"}]},{"@type":"WebSite","@id":"https:\/\/forcadell.com\/ca\/#website","url":"https:\/\/forcadell.com\/ca\/","name":"Forcadell","description":"Inmobiliaria Barcelona | Consultores inmobiliarios","potentialAction":[{"@type":"SearchAction","target":{"@type":"EntryPoint","urlTemplate":"https:\/\/forcadell.com\/ca\/?s={search_term_string}"},"query-input":{"@type":"PropertyValueSpecification","valueRequired":true,"valueName":"search_term_string"}}],"inLanguage":"ca"}]}},"_links":{"self":[{"href":"https:\/\/forcadell.com\/ca\/wp-json\/wp\/v2\/properties_post\/64275","targetHints":{"allow":["GET"]}}],"collection":[{"href":"https:\/\/forcadell.com\/ca\/wp-json\/wp\/v2\/properties_post"}],"about":[{"href":"https:\/\/forcadell.com\/ca\/wp-json\/wp\/v2\/types\/properties_post"}],"wp:attachment":[{"href":"https:\/\/forcadell.com\/ca\/wp-json\/wp\/v2\/media?parent=64275"}],"curies":[{"name":"wp","href":"https:\/\/api.w.org\/{rel}","templated":true}]}}