{"id":63790,"date":"2026-04-07T18:20:04","date_gmt":"2026-04-07T16:20:04","guid":{"rendered":"https:\/\/forcadell.com\/propiedades\/oficina-alquiler-madrid-calle-valentin-beato-madbit\/"},"modified":"2026-04-26T10:15:17","modified_gmt":"2026-04-26T08:15:17","slug":"oficina-alquiler-madrid-calle-valentin-beato-madbit","status":"publish","type":"properties_post","link":"https:\/\/forcadell.com\/ca\/propiedades\/oficina-alquiler-madrid-calle-valentin-beato-madbit\/","title":{"rendered":"Oficina Alquiler Madrid. Calle Valent\u00edn Beato \u2013 MADBIT"},"content":{"rendered":"<p>Oficina en alquiler ubicada en la calle Valent\u00edn Beato, en el Distrito Tecnol\u00f3gico de MADBIT, destaca por ser una zona empresarial en crecimiento, donde empresas del sector farmac\u00e9utico, tecnol\u00f3gico, audiovisual y centros de formaci\u00f3n han establecido sus principales sedes.<\/p>\n<p>Caracter\u00edsticas destacadas:<br \/>\n&#8211; Edificio exclusivo de oficinas, recientemente reformado en zonas comunes.<br \/>\n&#8211; Recepci\u00f3n con control de accesos.<br \/>\n&#8211; Espacios colaborativos y work caf\u00e9.<br \/>\n&#8211; Sala de reuniones polivalentes.<br \/>\n&#8211; Oficina di\u00e1fana con buena iluminaci\u00f3n natural.<br \/>\n&#8211; Falso techo con luminarias LED.<br \/>\n&#8211; Certificaci\u00f3n BREEAM Very Good en proceso.<br \/>\n&#8211; Parking privativo.<\/p>\n<p>La zona es de f\u00e1cil acceso gracias a su cercan\u00eda con la autopista A2 y la M30, adem\u00e1s de encontrarse a tan solo 10 minutos del aeropuerto de Barajas. Tambi\u00e9n cuenta con buenas comunicaciones mediante transporte p\u00fablico.<\/p>\n<p>Transportes:<br \/>\nMetro: L5 &#8211; Suanzes<br \/>\nAutobuses: 77, 104, 105, N5. <\/p>\n<p>*Renta parking: 100\u20ac\/plaza\/mes*<\/p>\n","protected":false},"template":"","class_list":["post-63790","properties_post","type-properties_post","status-publish","hentry","properties_modality-rent","properties_district-san-blas-canillejas","properties_province-madrid","properties_zone-descentralizada","properties_state-madrid","properties_subclass-oficina","properties_type-oficina"],"acf":{"post_type_properties_post_property_code":"11249090","post_type_properties_post_property_reference":"IE-227310","post_type_properties_post_owner_id":"54173","post_type_properties_post_owner_name":"IBERVALLES OFICINAS SL","post_type_properties_post_property_code_encrypted":"MjQ5JDMzNjU3","post_type_properties_post_published":"1","post_type_properties_post_property_visibility":"idealista","post_type_properties_post_contact_name":"Forcadell Oficinas Madrid","post_type_properties_post_contact_email":"forcadell.oficinas.madrid@movin.cloud","post_type_properties_post_contact_primary_phone_prefix":"34","post_type_properties_post_contact_primary_phone_number":"917886880","post_type_properties_post_address_visibility":"street","post_type_properties_post_address_country":"Spain","post_type_properties_post_address_coordinates_precision":"exact","post_type_properties_post_address_postal_code":"28037","post_type_properties_post_address_coordinates_latitude":"40.438488","post_type_properties_post_address_coordinates_longitude":"-3.625976","post_type_properties_post_address_street_name":"CL Valentin Beato 22","post_type_properties_post_address_floor":"4","post_type_properties_post_address_town":"Madrid","post_type_properties_post_building":null,"post_type_properties_post_property":[{"properties_post_description_language":"spanish","properties_post_title":"Oficina Alquiler Madrid. Calle Valent\u00edn Beato \u2013 MADBIT","properties_post_short_description_text_alt":"","properties_post_description_text_alt":"","properties_post_short_description_text":"Oficina en alquiler ubicada en la calle Valent\u00edn Beato, en el Distrito Tecnol\u00f3gico de MADBIT, destaca por ser una zona empresarial en crecimiento, donde empresas del sector farmac\u00e9utico, tecnol\u00f3gico, audiovisual y centros de formaci\u00f3n han establecido sus principales sedes.\n\nCaracter\u00edsticas destacadas:\n- Edificio exclusivo de oficinas, recientemente reformado en zonas comunes.\n- Recepci\u00f3n con control de accesos.\n- Espacios colaborativos y work caf\u00e9.\n- Sala de reuniones polivalentes.\n- Oficina di\u00e1fana con buena iluminaci\u00f3n natural.\n- Falso techo con luminarias LED.\n- Certificaci\u00f3n BREEAM Very Good en proceso.\n- Parking privativo.\n\nLa zona es de f\u00e1cil acceso gracias a su cercan\u00eda con la autopista A2 y la M30, adem\u00e1s de encontrarse a tan solo 10 minutos del aeropuerto de Barajas. Tambi\u00e9n cuenta con buenas comunicaciones mediante transporte p\u00fablico.\n\nTransportes: \nMetro: L5 - Suanzes\nAutobuses: 77, 104, 105, N5. \n\n**Las im\u00e1genes corresponde a oficina tipo**","properties_post_link_demanda_inmueble":"https:\/\/movin.cloud\/es\/Forcadell Oficinas Madrid\/formulario-peticion-inmueble\/sth\/2462&&11249090","properties_post_link_demanda_calendario_inmueble":"https:\/\/movin.cloud\/es\/Forcadell Oficinas Madrid\/calendario-peticion-inmueble\/sth\/2462&&11249090","properties_post_description_text":"Oficina en alquiler ubicada en la calle Valent\u00edn Beato, en el Distrito Tecnol\u00f3gico de MADBIT, destaca por ser una zona empresarial en crecimiento, donde empresas del sector farmac\u00e9utico, tecnol\u00f3gico, audiovisual y centros de formaci\u00f3n han establecido sus principales sedes.\n\nCaracter\u00edsticas destacadas:\n- Edificio exclusivo de oficinas, recientemente reformado en zonas comunes.\n- Recepci\u00f3n con control de accesos.\n- Espacios colaborativos y work caf\u00e9.\n- Sala de reuniones polivalentes.\n- Oficina di\u00e1fana con buena iluminaci\u00f3n natural.\n- Falso techo con luminarias LED.\n- Certificaci\u00f3n BREEAM Very Good en proceso.\n- Parking privativo.\n\nLa zona es de f\u00e1cil acceso gracias a su cercan\u00eda con la autopista A2 y la M30, adem\u00e1s de encontrarse a tan solo 10 minutos del aeropuerto de Barajas. Tambi\u00e9n cuenta con buenas comunicaciones mediante transporte p\u00fablico.\n\nTransportes: \nMetro: L5 - Suanzes\nAutobuses: 77, 104, 105, N5. \n\n*Renta parking: 100\u20ac\/plaza\/mes*\n","properties_post_seo_title":"","properties_post_seo_alias":"","properties_post_seo_metadescription":"oficina alquiler Madrid, Calle Valent\u00edn Beato. Distrito Madbit. Oficinas Forcadell Madrid","properties_post_seo_key_words":"alquiler oficina madrid, oficina alquiler madrid, oficina juli\u00e1n camarilla, oficina valent\u00edn Beato, oficina Madrid, oficina Madbit, oficina San Blas, Oficina Ciudad Lineal","properties_post_seo_url":"","properties_post_terms_conditions":""},{"properties_post_description_language":"english","properties_post_title":"Office for Rent Madrid. Valent\u00edn Beato Street \u2013 MADBIT","properties_post_short_description_text_alt":"","properties_post_description_text_alt":"","properties_post_short_description_text":"Office for rent located on Valent\u00edn Beato Street, in the Technological District of MADBIT, stands out for being a growing business area, where companies in the pharmaceutical, technological, audiovisual and training centers have established their main headquarters.\n\nOutstanding features:\n- Exclusive office building, recently refurbished in common areas.\n- Reception with access control.\n- Collaborative spaces and work caf\u00e9.\n- Multipurpose meeting room.\n- Diaphanous office with good natural lighting.\n- False ceiling with LED lighting.\n- BREEAM Very Good certification in process.\n- Private parking.\n\nThe area is easily accessible thanks to its proximity to the A2 freeway and the M30, as well as being just 10 minutes from Barajas airport. It also has good communications by public transport.\n\nTransportation: \nMetro: L5 - Suanzes\nBuses: 77, 104, 105, N5. \n\n**The images correspond to office type**","properties_post_link_demanda_inmueble":"https:\/\/movin.cloud\/en\/Forcadell Oficinas Madrid\/property-form-request\/sth\/2462&&11249090","properties_post_link_demanda_calendario_inmueble":"https:\/\/movin.cloud\/en\/Forcadell Oficinas Madrid\/property-calendar-request\/sth\/2462&&11249090","properties_post_description_text":"Office for rent located on Valent\u00edn Beato Street, in the Technological District of MADBIT, stands out for being a growing business area, where companies in the pharmaceutical, technological, audiovisual and training centers have established their main headquarters.\n\nOutstanding features:\n- Exclusive office building, recently refurbished in common areas.\n- Reception with access control.\n- Collaborative spaces and work caf\u00e9.\n- Multipurpose meeting room.\n- Diaphanous office with good natural lighting.\n- False ceiling with LED lighting.\n- BREEAM Very Good certification in process.\n- Private parking.\n\nThe area is easily accessible thanks to its proximity to the A2 freeway and the M30, as well as being just 10 minutes from Barajas airport. It also has good communications by public transport.\n\nTransportation: \nMetro: L5 - Suanzes\nBuses: 77, 104, 105, N5. \n\n**The images correspond to office type**","properties_post_seo_title":"","properties_post_seo_alias":"","properties_post_seo_metadescription":"office for rent Madrid, Calle Valent\u00edn Beato. Madbit district. Offices Forcadell Madrid","properties_post_seo_key_words":"office rental madrid, office rental madrid, office juli\u00e1n camarilla, office valent\u00edn Beato, office Madrid, office Madbit, office San Blas, office Ciudad Lineal.","properties_post_seo_url":"","properties_post_terms_conditions":""}],"post_type_properties_post_features_type":"office","post_type_properties_post_id_building":"","post_type_properties_post_features_area_constructed":432,"post_type_properties_post_features_conditioned_air":true,"post_type_properties_post_features_doorman":false,"post_type_properties_post_features_heating":true,"post_type_properties_post_features_equipped_kitchen":false,"post_type_properties_post_features_windows_location":"exterior","post_type_properties_post_features_floors_property":false,"post_type_properties_post_features_storage":false,"post_type_properties_post_features_security_door":false,"post_type_properties_post_features_energy_certificate_rating":"C","post_type_properties_post_features_energy_certificate_emissions_rating":"C","post_type_properties_post_features_energy_certificate_emissions_value":"","post_type_properties_post_features_energy_certificate_performance":"","post_type_properties_post_features_bathroom_inside":false,"post_type_properties_post_precio":5616,"post_type_properties_post_precio_alquiler":5616,"post_type_properties_post_record_type_id":"Oficina","post_type_properties_post_categoria__producto":"Oficina","post_type_properties_post_amueblado":false,"post_type_properties_post_precio_m2":13,"post_type_properties_post_zona__comunitaria":false,"post_type_properties_post_electrodomesticos":false,"post_type_properties_post_patio__interior":false,"post_type_properties_post_certificado_energetico_general":"C","post_type_properties_post_certificado_energetico_consumo":"C","post_type_properties_post_certificado_energetico_valor_emisiones":"","post_type_properties_post_certificado_energetico_valor_consumo":"","post_type_properties_post_modalidad":"rent","post_type_properties_post_provincia":"Madrid","post_type_properties_post_poblacion":"Madrid","post_type_properties_post_centro__urbano":false,"post_type_properties_post_zonificacion":"Descentralizada","post_type_properties_post_cartera":"Segunda mano","post_type_properties_post_titulo_catalan":"","post_type_properties_post_internet_catalan":"","post_type_properties_post_titulo_castellano":"Oficina Alquiler Madrid. Calle Valent\u00edn Beato \u2013 MADBIT","post_type_properties_post_internet_castellano":"Oficina en alquiler ubicada en la calle Valent\u00edn Beato, en el Distrito Tecnol\u00f3gico de MADBIT, destaca por ser una zona empresarial en crecimiento, donde empresas del sector farmac\u00e9utico, tecnol\u00f3gico, audiovisual y centros de formaci\u00f3n han establecido sus principales sedes.\n\nCaracter\u00edsticas destacadas:\n- Edificio exclusivo de oficinas, recientemente reformado en zonas comunes.\n- Recepci\u00f3n con control de accesos.\n- Espacios colaborativos y work caf\u00e9.\n- Sala de reuniones polivalentes.\n- Oficina di\u00e1fana con buena iluminaci\u00f3n natural.\n- Falso techo con luminarias LED.\n- Certificaci\u00f3n BREEAM Very Good en proceso.\n- Parking privativo.\n\nLa zona es de f\u00e1cil acceso gracias a su cercan\u00eda con la autopista A2 y la M30, adem\u00e1s de encontrarse a tan solo 10 minutos del aeropuerto de Barajas. Tambi\u00e9n cuenta con buenas comunicaciones mediante transporte p\u00fablico.\n\nTransportes: \nMetro: L5 - Suanzes\nAutobuses: 77, 104, 105, N5. \n\n*Renta parking: 100\u20ac\/plaza\/mes*\n","post_type_properties_post_titulo_ingles":"Office for Rent Madrid. Valent\u00edn Beato Street \u2013 MADBIT","post_type_properties_post_internet_ingles":"Office for rent located on Valent\u00edn Beato Street, in the Technological District of MADBIT, stands out for being a growing business area, where companies in the pharmaceutical, technological, audiovisual and training centers have established their main headquarters.\n\nOutstanding features:\n- Exclusive office building, recently refurbished in common areas.\n- Reception with access control.\n- Collaborative spaces and work caf\u00e9.\n- Multipurpose meeting room.\n- Diaphanous office with good natural lighting.\n- False ceiling with LED lighting.\n- BREEAM Very Good certification in process.\n- Private parking.\n\nThe area is easily accessible thanks to its proximity to the A2 freeway and the M30, as well as being just 10 minutes from Barajas airport. It also has good communications by public transport.\n\nTransportation: \nMetro: L5 - Suanzes\nBuses: 77, 104, 105, N5. \n\n**The images correspond to office type**","post_type_properties_post_features_classification_commercial":false,"post_type_properties_post_features_conservation":"","post_type_properties_post_features_security_personnel":false,"post_type_properties_post_features_parking_available":false,"post_type_properties_post_features_garage_capacity_type":"","post_type_properties_post_features_bathroom_number":"","post_type_properties_post_eje":"","post_type_properties_post_zona":"","post_type_properties_post_comarca":"","post_type_properties_post_features_built_year":"","post_type_properties_post_renta_mensual":11219,"post_type_properties_post_fianza":"","post_type_properties_post_features_area_plot":"","post_type_properties_post_features_area_buildable":"","post_type_properties_post_features_classification_industrial":false,"post_type_properties_post_distrito":"","post_type_properties_post_features_balcony":false,"post_type_properties_post_features_bedroom_number":"","post_type_properties_post_features_heating_type":"","post_type_properties_post_features_equipped_with_furniture":false,"post_type_properties_post_features_pets_allowed":false,"post_type_properties_post_features_pool":false,"post_type_properties_post_features_terrace":false,"post_type_properties_post_features_wardrobes":false,"post_type_properties_post_features_lift_available":false,"post_type_properties_post_features_handicap_adapted_access":false,"post_type_properties_post_features_orientation_east":false,"post_type_properties_post_features_orientation_west":false,"post_type_properties_post_features_orientation_north":false,"post_type_properties_post_features_orientation_south":false,"post_type_properties_post_features_parking_spaces_number":"","post_type_properties_post_features_security_alarm":false,"post_type_properties_post_features_security_system":false,"post_type_properties_post_open_plan":false,"post_type_properties_post_acceso_24_7":false,"post_type_properties_post_oficina_privada":false,"post_type_properties_post_sala_reuniones":false,"post_type_properties_post_espacio_eventos":false,"post_type_properties_post_office":false,"post_type_properties_post_restaurant":false,"post_type_properties_post_acepta_traspaso":false,"post_type_properties_post_vigilancia":true,"post_type_properties_post_features_suite":false,"post_type_properties_post_features_vitro":false,"post_type_properties_post_features_oven":false,"post_type_properties_post_features_microwave":false,"post_type_properties_post_features_washing_machine":false,"post_type_properties_post_features_dryer":false,"post_type_properties_post_features_dishwasher":false,"post_type_properties_post_features_fridge":false,"post_type_properties_post_features_fridge_mini":false,"post_type_properties_post_features_kettle":false,"post_type_properties_post_features_toaster":false,"post_type_properties_post_features_coffee_maker":false,"post_type_properties_post_features_iron":false,"post_type_properties_post_features_ironing_board":false,"post_type_properties_post_features_safe":false,"post_type_properties_post_features_internet":true,"post_type_properties_post_features_solarium":false,"post_type_properties_post_features_clean_service":false,"post_type_properties_post_features_t_v":false,"post_type_properties_post_features_satellite_t_v":false,"post_type_properties_post_features_gas_kitchen":false,"post_type_properties_post_features_view_mountain":false,"post_type_properties_post_features_view_sea":false,"post_type_properties_post_features_concierge":false,"post_type_properties_post_features_loading_dock":false,"post_type_properties_post_features_bridge_crane":false,"post_type_properties_post_features_located_at_corner":false,"post_type_properties_post_features_smoke_extraction":false,"post_type_properties_post_features_rooms":"","post_type_properties_post_features_garden_area":"","post_type_properties_post_features_utilities_water":false,"post_type_properties_post_features_utilities_electricity":false,"post_type_properties_post_features_utilities_natural_gas":false,"post_type_properties_post_features_building_adapted":false,"post_type_properties_post_features_garden":false,"post_type_properties_post_features_classification_hotel":false,"post_type_properties_post_features_classification_chalet":false,"post_type_properties_post_certificado_energetico_emisiones":"C","post_type_properties_post_barrio":"","post_type_properties_post_distrito_empresa":"San Blas-Canillejas","post_type_properties_post_features_property_category_intern":"","post_type_properties_post_implantada":false,"post_type_properties_post_sello_leed":"","post_type_properties_post_sello_well":"","post_type_properties_post_sello_breeam":false,"post_type_properties_post_images":[{"properties_post_image_order":1,"properties_post_image_url":"https:\/\/movin.cloud\/empresas\/2462\/imagenes\/11249090\/en-alquiler-1.webp","properties_post_image_url_thumbnail":"https:\/\/movin.cloud\/empresas\/2462\/imagenes\/thumbnails\/11249090\/en-alquiler-1.webp","properties_post_title":"en alquiler 1","properties_post_alt":"en alquiler 1"},{"properties_post_image_order":2,"properties_post_image_url":"https:\/\/movin.cloud\/empresas\/2462\/imagenes\/11249090\/en-alquiler-3.webp","properties_post_image_url_thumbnail":"https:\/\/movin.cloud\/empresas\/2462\/imagenes\/thumbnails\/11249090\/en-alquiler-3.webp","properties_post_title":"en alquiler 3","properties_post_alt":"en alquiler 3"},{"properties_post_image_order":3,"properties_post_image_url":"https:\/\/movin.cloud\/empresas\/2462\/imagenes\/11249090\/en-alquiler-7.webp","properties_post_image_url_thumbnail":"https:\/\/movin.cloud\/empresas\/2462\/imagenes\/thumbnails\/11249090\/en-alquiler-7.webp","properties_post_title":"en alquiler 7","properties_post_alt":"en alquiler 7"},{"properties_post_image_order":4,"properties_post_image_url":"https:\/\/movin.cloud\/empresas\/2462\/imagenes\/11249090\/madrid-inmobiliaria.webp","properties_post_image_url_thumbnail":"https:\/\/movin.cloud\/empresas\/2462\/imagenes\/thumbnails\/11249090\/madrid-inmobiliaria.webp","properties_post_title":"madrid inmobiliaria","properties_post_alt":"madrid inmobiliaria"},{"properties_post_image_order":5,"properties_post_image_url":"https:\/\/movin.cloud\/empresas\/2462\/imagenes\/11249090\/madrid-rent.webp","properties_post_image_url_thumbnail":"https:\/\/movin.cloud\/empresas\/2462\/imagenes\/thumbnails\/11249090\/madrid-rent.webp","properties_post_title":"madrid rent","properties_post_alt":"madrid rent"},{"properties_post_image_order":6,"properties_post_image_url":"https:\/\/movin.cloud\/empresas\/2462\/imagenes\/11249090\/rent-madrid.webp","properties_post_image_url_thumbnail":"https:\/\/movin.cloud\/empresas\/2462\/imagenes\/thumbnails\/11249090\/rent-madrid.webp","properties_post_title":"rent madrid","properties_post_alt":"rent madrid"},{"properties_post_image_order":7,"properties_post_image_url":"https:\/\/movin.cloud\/empresas\/2462\/imagenes\/11249090\/madrid-inmobiliarias.webp","properties_post_image_url_thumbnail":"https:\/\/movin.cloud\/empresas\/2462\/imagenes\/thumbnails\/11249090\/madrid-inmobiliarias.webp","properties_post_title":"madrid inmobiliarias","properties_post_alt":"madrid inmobiliarias"},{"properties_post_image_order":8,"properties_post_image_url":"https:\/\/movin.cloud\/empresas\/2462\/imagenes\/11249090\/en-alquiler-4.webp","properties_post_image_url_thumbnail":"https:\/\/movin.cloud\/empresas\/2462\/imagenes\/thumbnails\/11249090\/en-alquiler-4.webp","properties_post_title":"en alquiler 4","properties_post_alt":"en alquiler 4"},{"properties_post_image_order":9,"properties_post_image_url":"https:\/\/movin.cloud\/empresas\/2462\/imagenes\/11249090\/en-alquiler-2.webp","properties_post_image_url_thumbnail":"https:\/\/movin.cloud\/empresas\/2462\/imagenes\/thumbnails\/11249090\/en-alquiler-2.webp","properties_post_title":"en alquiler 2","properties_post_alt":"en alquiler 2"},{"properties_post_image_order":10,"properties_post_image_url":"https:\/\/movin.cloud\/empresas\/2462\/imagenes\/11249090\/madrid-fincas.webp","properties_post_image_url_thumbnail":"https:\/\/movin.cloud\/empresas\/2462\/imagenes\/thumbnails\/11249090\/madrid-fincas.webp","properties_post_title":"madrid fincas","properties_post_alt":"madrid fincas"},{"properties_post_image_order":11,"properties_post_image_url":"https:\/\/movin.cloud\/empresas\/2462\/imagenes\/11249090\/en-alquiler-8.webp","properties_post_image_url_thumbnail":"https:\/\/movin.cloud\/empresas\/2462\/imagenes\/thumbnails\/11249090\/en-alquiler-8.webp","properties_post_title":"en alquiler 8","properties_post_alt":"en alquiler 8"},{"properties_post_image_order":12,"properties_post_image_url":"https:\/\/movin.cloud\/empresas\/2462\/imagenes\/11249090\/en-alquiler-5.webp","properties_post_image_url_thumbnail":"https:\/\/movin.cloud\/empresas\/2462\/imagenes\/thumbnails\/11249090\/en-alquiler-5.webp","properties_post_title":"en alquiler 5","properties_post_alt":"en alquiler 5"},{"properties_post_image_order":13,"properties_post_image_url":"https:\/\/movin.cloud\/empresas\/2462\/imagenes\/11249090\/en-alquiler-6.webp","properties_post_image_url_thumbnail":"https:\/\/movin.cloud\/empresas\/2462\/imagenes\/thumbnails\/11249090\/en-alquiler-6.webp","properties_post_title":"en alquiler 6","properties_post_alt":"en alquiler 6"},{"properties_post_image_order":14,"properties_post_image_url":"https:\/\/movin.cloud\/empresas\/2462\/imagenes\/11249090\/inmobiliaria-madrid.webp","properties_post_image_url_thumbnail":"https:\/\/movin.cloud\/empresas\/2462\/imagenes\/thumbnails\/11249090\/inmobiliaria-madrid.webp","properties_post_title":"inmobiliaria madrid","properties_post_alt":"inmobiliaria madrid"},{"properties_post_image_order":15,"properties_post_image_url":"https:\/\/movin.cloud\/empresas\/2462\/imagenes\/11249090\/madrid-en-alquiler.webp","properties_post_image_url_thumbnail":"https:\/\/movin.cloud\/empresas\/2462\/imagenes\/thumbnails\/11249090\/madrid-en-alquiler.webp","properties_post_title":"madrid en alquiler","properties_post_alt":"madrid en alquiler"},{"properties_post_image_order":16,"properties_post_image_url":"https:\/\/movin.cloud\/empresas\/2462\/imagenes\/11249090\/fincas-madrid.webp","properties_post_image_url_thumbnail":"https:\/\/movin.cloud\/empresas\/2462\/imagenes\/thumbnails\/11249090\/fincas-madrid.webp","properties_post_title":"fincas madrid","properties_post_alt":"fincas madrid"},{"properties_post_image_order":17,"properties_post_image_url":"https:\/\/movin.cloud\/empresas\/2462\/imagenes\/11249090\/inmobiliarias-madrid.webp","properties_post_image_url_thumbnail":"https:\/\/movin.cloud\/empresas\/2462\/imagenes\/thumbnails\/11249090\/inmobiliarias-madrid.webp","properties_post_title":"inmobiliarias madrid","properties_post_alt":"inmobiliarias madrid"},{"properties_post_image_order":18,"properties_post_image_url":"https:\/\/movin.cloud\/empresas\/2462\/imagenes\/11249090\/madrid-alquiler-idealistas.webp","properties_post_image_url_thumbnail":"https:\/\/movin.cloud\/empresas\/2462\/imagenes\/thumbnails\/11249090\/madrid-alquiler-idealistas.webp","properties_post_title":"madrid alquiler idealistas","properties_post_alt":"madrid alquiler idealistas"},{"properties_post_image_order":19,"properties_post_image_url":"https:\/\/movin.cloud\/empresas\/2462\/imagenes\/11249090\/madrid-alquiler.webp","properties_post_image_url_thumbnail":"https:\/\/movin.cloud\/empresas\/2462\/imagenes\/thumbnails\/11249090\/madrid-alquiler.webp","properties_post_title":"madrid alquiler","properties_post_alt":"madrid alquiler"},{"properties_post_image_order":20,"properties_post_image_url":"https:\/\/movin.cloud\/empresas\/2462\/imagenes\/11249090\/viviendas-madrid.webp","properties_post_image_url_thumbnail":"https:\/\/movin.cloud\/empresas\/2462\/imagenes\/thumbnails\/11249090\/viviendas-madrid.webp","properties_post_title":"viviendas madrid","properties_post_alt":"viviendas madrid"},{"properties_post_image_order":21,"properties_post_image_url":"https:\/\/movin.cloud\/empresas\/2462\/imagenes\/11249090\/alquiler-para-idealistas-madrid.webp","properties_post_image_url_thumbnail":"https:\/\/movin.cloud\/empresas\/2462\/imagenes\/thumbnails\/11249090\/alquiler-para-idealistas-madrid.webp","properties_post_title":"alquiler para idealistas madrid","properties_post_alt":"alquiler para idealistas madrid"},{"properties_post_image_order":22,"properties_post_image_url":"https:\/\/movin.cloud\/empresas\/2462\/imagenes\/11249090\/alquiler-para-idealista-madrid.webp","properties_post_image_url_thumbnail":"https:\/\/movin.cloud\/empresas\/2462\/imagenes\/thumbnails\/11249090\/alquiler-para-idealista-madrid.webp","properties_post_title":"alquiler para idealista madrid","properties_post_alt":"alquiler para idealista madrid"},{"properties_post_image_order":23,"properties_post_image_url":"https:\/\/movin.cloud\/empresas\/2462\/imagenes\/11249090\/madrid-habitalia.webp","properties_post_image_url_thumbnail":"https:\/\/movin.cloud\/empresas\/2462\/imagenes\/thumbnails\/11249090\/madrid-habitalia.webp","properties_post_title":"madrid habitalia","properties_post_alt":"madrid habitalia"},{"properties_post_image_order":24,"properties_post_image_url":"https:\/\/movin.cloud\/empresas\/2462\/imagenes\/11249090\/madrid-alquilar.webp","properties_post_image_url_thumbnail":"https:\/\/movin.cloud\/empresas\/2462\/imagenes\/thumbnails\/11249090\/madrid-alquilar.webp","properties_post_title":"madrid alquilar","properties_post_alt":"madrid alquilar"},{"properties_post_image_order":25,"properties_post_image_url":"https:\/\/movin.cloud\/empresas\/2462\/imagenes\/11249090\/madrid-alquiler-para-idealista.webp","properties_post_image_url_thumbnail":"https:\/\/movin.cloud\/empresas\/2462\/imagenes\/thumbnails\/11249090\/madrid-alquiler-para-idealista.webp","properties_post_title":"madrid alquiler para idealista","properties_post_alt":"madrid alquiler para idealista"},{"properties_post_image_order":26,"properties_post_image_url":"https:\/\/movin.cloud\/empresas\/2462\/imagenes\/11249090\/madrid-viviendas.webp","properties_post_image_url_thumbnail":"https:\/\/movin.cloud\/empresas\/2462\/imagenes\/thumbnails\/11249090\/madrid-viviendas.webp","properties_post_title":"madrid viviendas","properties_post_alt":"madrid viviendas"},{"properties_post_image_order":27,"properties_post_image_url":"https:\/\/movin.cloud\/empresas\/2462\/imagenes\/11249090\/madrid-alquiler-para-idealistas.webp","properties_post_image_url_thumbnail":"https:\/\/movin.cloud\/empresas\/2462\/imagenes\/thumbnails\/11249090\/madrid-alquiler-para-idealistas.webp","properties_post_title":"madrid alquiler para idealistas","properties_post_alt":"madrid alquiler para idealistas"}],"post_type_properties_post_videos":null,"post_type_properties_post_tour":null,"post_type_properties_post_dossier_url":"","post_type_properties_post_operation_type":"rent","post_type_properties_post_operation_price":5616,"post_type_properties_post_features_hidden_price":false},"yoast_head":"<!-- This site is optimized with the Yoast SEO plugin v25.6 - https:\/\/yoast.com\/wordpress\/plugins\/seo\/ -->\n<title>Oficina Alquiler Madrid. Calle Valent\u00edn Beato \u2013 MADBIT - Forcadell<\/title>\n<meta name=\"robots\" content=\"index, follow, max-snippet:-1, max-image-preview:large, max-video-preview:-1\" \/>\n<link rel=\"canonical\" href=\"https:\/\/forcadell.com\/ca\/propiedades\/oficina-alquiler-madrid-calle-valentin-beato-madbit\/\" \/>\n<meta property=\"og:locale\" content=\"ca_ES\" \/>\n<meta property=\"og:type\" content=\"article\" \/>\n<meta property=\"og:title\" content=\"Oficina Alquiler Madrid. Calle Valent\u00edn Beato \u2013 MADBIT - Forcadell\" \/>\n<meta property=\"og:description\" content=\"Oficina en alquiler ubicada en la calle Valent\u00edn Beato, en el Distrito Tecnol\u00f3gico de MADBIT, destaca por ser una zona empresarial en crecimiento, donde empresas del sector farmac\u00e9utico, tecnol\u00f3gico, audiovisual y centros de formaci\u00f3n han establecido sus principales sedes. Caracter\u00edsticas destacadas: &#8211; Edificio exclusivo de oficinas, recientemente reformado en zonas comunes. &#8211; Recepci\u00f3n con control [&hellip;]\" \/>\n<meta property=\"og:url\" content=\"https:\/\/forcadell.com\/ca\/propiedades\/oficina-alquiler-madrid-calle-valentin-beato-madbit\/\" \/>\n<meta property=\"og:site_name\" content=\"Forcadell\" \/>\n<meta property=\"article:modified_time\" content=\"2026-04-26T08:15:17+00:00\" \/>\n<meta name=\"twitter:card\" content=\"summary_large_image\" \/>\n<meta name=\"twitter:label1\" content=\"Temps estimat de lectura\" \/>\n\t<meta name=\"twitter:data1\" content=\"1 minut\" \/>\n<!-- \/ Yoast SEO plugin. -->","yoast_head_json":{"title":"Oficina Alquiler Madrid. Calle Valent\u00edn Beato \u2013 MADBIT - Forcadell","robots":{"index":"index","follow":"follow","max-snippet":"max-snippet:-1","max-image-preview":"max-image-preview:large","max-video-preview":"max-video-preview:-1"},"canonical":"https:\/\/forcadell.com\/ca\/propiedades\/oficina-alquiler-madrid-calle-valentin-beato-madbit\/","og_locale":"ca_ES","og_type":"article","og_title":"Oficina Alquiler Madrid. Calle Valent\u00edn Beato \u2013 MADBIT - Forcadell","og_description":"Oficina en alquiler ubicada en la calle Valent\u00edn Beato, en el Distrito Tecnol\u00f3gico de MADBIT, destaca por ser una zona empresarial en crecimiento, donde empresas del sector farmac\u00e9utico, tecnol\u00f3gico, audiovisual y centros de formaci\u00f3n han establecido sus principales sedes. Caracter\u00edsticas destacadas: &#8211; Edificio exclusivo de oficinas, recientemente reformado en zonas comunes. &#8211; Recepci\u00f3n con control [&hellip;]","og_url":"https:\/\/forcadell.com\/ca\/propiedades\/oficina-alquiler-madrid-calle-valentin-beato-madbit\/","og_site_name":"Forcadell","article_modified_time":"2026-04-26T08:15:17+00:00","twitter_card":"summary_large_image","twitter_misc":{"Temps estimat de lectura":"1 minut"},"schema":{"@context":"https:\/\/schema.org","@graph":[{"@type":"WebPage","@id":"https:\/\/forcadell.com\/ca\/propiedades\/oficina-alquiler-madrid-calle-valentin-beato-madbit\/","url":"https:\/\/forcadell.com\/ca\/propiedades\/oficina-alquiler-madrid-calle-valentin-beato-madbit\/","name":"Oficina Alquiler Madrid. Calle Valent\u00edn Beato \u2013 MADBIT - Forcadell","isPartOf":{"@id":"https:\/\/forcadell.com\/ca\/#website"},"datePublished":"2026-04-07T16:20:04+00:00","dateModified":"2026-04-26T08:15:17+00:00","breadcrumb":{"@id":"https:\/\/forcadell.com\/ca\/propiedades\/oficina-alquiler-madrid-calle-valentin-beato-madbit\/#breadcrumb"},"inLanguage":"ca","potentialAction":[{"@type":"ReadAction","target":["https:\/\/forcadell.com\/ca\/propiedades\/oficina-alquiler-madrid-calle-valentin-beato-madbit\/"]}]},{"@type":"BreadcrumbList","@id":"https:\/\/forcadell.com\/ca\/propiedades\/oficina-alquiler-madrid-calle-valentin-beato-madbit\/#breadcrumb","itemListElement":[{"@type":"ListItem","position":1,"name":"Portada","item":"https:\/\/forcadell.com\/ca\/"},{"@type":"ListItem","position":2,"name":"Properties","item":"https:\/\/forcadell.com\/ca\/propiedades\/"},{"@type":"ListItem","position":3,"name":"Oficina Alquiler Madrid. Calle Valent\u00edn Beato \u2013 MADBIT"}]},{"@type":"WebSite","@id":"https:\/\/forcadell.com\/ca\/#website","url":"https:\/\/forcadell.com\/ca\/","name":"Forcadell","description":"Inmobiliaria Barcelona | Consultores inmobiliarios","potentialAction":[{"@type":"SearchAction","target":{"@type":"EntryPoint","urlTemplate":"https:\/\/forcadell.com\/ca\/?s={search_term_string}"},"query-input":{"@type":"PropertyValueSpecification","valueRequired":true,"valueName":"search_term_string"}}],"inLanguage":"ca"}]}},"_links":{"self":[{"href":"https:\/\/forcadell.com\/ca\/wp-json\/wp\/v2\/properties_post\/63790"}],"collection":[{"href":"https:\/\/forcadell.com\/ca\/wp-json\/wp\/v2\/properties_post"}],"about":[{"href":"https:\/\/forcadell.com\/ca\/wp-json\/wp\/v2\/types\/properties_post"}],"wp:attachment":[{"href":"https:\/\/forcadell.com\/ca\/wp-json\/wp\/v2\/media?parent=63790"}],"curies":[{"name":"wp","href":"https:\/\/api.w.org\/{rel}","templated":true}]}}