{"id":63763,"date":"2026-04-02T14:12:40","date_gmt":"2026-04-02T12:12:40","guid":{"rendered":"https:\/\/forcadell.com\/propiedades\/pablo-iglesias-5\/"},"modified":"2026-04-27T00:40:27","modified_gmt":"2026-04-26T22:40:27","slug":"pablo-iglesias-5","status":"publish","type":"properties_post","link":"https:\/\/forcadell.com\/ca\/propiedades\/pablo-iglesias-5\/","title":{"rendered":"PABLO IGLESIAS"},"content":{"rendered":"<p>Oficinas modernas y luminosas junto a Plaza Europa y Fira Barcelona<\/p>\n<p>Si buscas un espacio que proyecte la imagen de tu empresa y, al mismo tiempo, te sit\u00fae en uno de los principales polos de negocio del \u00e1rea de Barcelona, esta es una gran oportunidad.<\/p>\n<p>Este edificio de nueva construcci\u00f3n, situado a pocos minutos de Fira Barcelona y Pla\u00e7a Europa, ofrece el equilibrio perfecto entre ubicaci\u00f3n estrat\u00e9gica, dise\u00f1o actual y funcionalidad, ideal para startups, empresas creativas, compa\u00f1\u00edas tecnol\u00f3gicas o equipos que buscan crecer en un entorno corporativo moderno.<\/p>\n<p>La zona destaca por su excelente conexi\u00f3n con la ciudad y el \u00e1rea metropolitana, con acceso directo a Rondas, Puerto y Aeropuerto, adem\u00e1s de una magn\u00edfica red de transporte p\u00fablico que facilita la movilidad diaria del equipo.<\/p>\n<p>Un edificio con imagen y servicios<\/p>\n<p>El inmueble, de uso exclusivo de oficinas, presenta una cuidada fachada acristalada que aporta una est\u00e9tica contempor\u00e1nea y llena de luz todos los espacios.<\/p>\n<p>Servicios y zonas comunes<br \/>\nEdificio exclusivo de oficinas<br \/>\nPB + 4 plantas<br \/>\nFachada acristalada<br \/>\nParking<br \/>\nZona ajardinada<br \/>\nVestuarios<br \/>\nServicio de conserjer\u00eda<br \/>\nEspacios que inspiran<\/p>\n<p>Las oficinas han sido concebidas para adaptarse a las nuevas formas de trabajo: di\u00e1fanas, exteriores, flexibles y ba\u00f1adas por luz natural, perfectas para crear entornos colaborativos y potenciar la productividad.<\/p>\n<p>Caracter\u00edsticas de las oficinas<br \/>\nEspacios exteriores y muy luminosos<br \/>\nDistribuci\u00f3n di\u00e1fana<br \/>\nFalso techo registrable<br \/>\nSuelo t\u00e9cnico<br \/>\nClimatizaci\u00f3n (AACC)<\/p>\n<p>Un entorno profesional rodeado de servicios, hoteles, restauraci\u00f3n y todo lo necesario para que tu empresa crezca en una de las \u00e1reas de negocios con m\u00e1s proyecci\u00f3n.<\/p>\n<p>Un espacio fresco, bien conectado y preparado para el futuro de tu negocio. <\/p>\n","protected":false},"template":"","class_list":["post-63763","properties_post","type-properties_post","status-publish","hentry","properties_modality-rent","properties_province-barcelona","properties_zone-nba-fira-zona-pl-europa-fira-district","properties_state-lhospitalet-de-llobregat","properties_subclass-oficina","properties_type-oficina"],"acf":{"post_type_properties_post_property_code":"11249078","post_type_properties_post_property_reference":"IE-227301","post_type_properties_post_owner_id":"49360","post_type_properties_post_owner_name":"CONSTRUCCIONES INDUSTRIALES MANUEL SANTOMA S.L.","post_type_properties_post_property_code_encrypted":"MjQ5JDMzNjQ1","post_type_properties_post_published":"1","post_type_properties_post_property_visibility":"idealista","post_type_properties_post_contact_name":"Forcadell Oficinas Barcelona","post_type_properties_post_contact_email":"forcadell.oficinas.barcelona@movin.cloud","post_type_properties_post_contact_primary_phone_prefix":"34","post_type_properties_post_contact_primary_phone_number":"934965413","post_type_properties_post_address_visibility":"street","post_type_properties_post_address_country":"Spain","post_type_properties_post_address_coordinates_precision":"exact","post_type_properties_post_address_postal_code":"08908","post_type_properties_post_address_coordinates_latitude":"41.3499265","post_type_properties_post_address_coordinates_longitude":"2.1339089","post_type_properties_post_address_street_name":"Pablo Iglesias, 21","post_type_properties_post_address_floor":"en","post_type_properties_post_address_town":"l'Hospitalet de Llobregat","post_type_properties_post_building":null,"post_type_properties_post_property":[{"properties_post_description_language":"catalan","properties_post_title":" PABLO IGLESIAS","properties_post_short_description_text_alt":"","properties_post_description_text_alt":"","properties_post_short_description_text":" ","properties_post_link_demanda_inmueble":"https:\/\/movin.cloud\/ca\/Forcadell Oficinas Barcelona\/formulari-peticio-immoble\/sth\/2438&&11249078","properties_post_link_demanda_calendario_inmueble":"https:\/\/movin.cloud\/ca\/Forcadell Oficinas Barcelona\/calendari-peticio-immoble\/sth\/2438&&11249078","properties_post_description_text":"Oficines modernes i lluminoses al costat de Pla\u00e7a Europa i Fira Barcelona\n\nSi busques un espai que projecti la imatge de la teva empresa i alhora et situ\u00ef en un dels principals pols de negoci de l'\u00e0rea de Barcelona, aquesta \u00e9s una gran oportunitat.\n\nAquest edifici de nova construcci\u00f3, situat a pocs minuts de Fira Barcelona i Pla\u00e7a Europa, ofereix un equilibri perfecte entre ubicaci\u00f3 estrat\u00e8gica, disseny actual i funcionalitat, ideal per a startups, empreses creatives, companyies tecnol\u00f2giques o equips que busquen cr\u00e9ixer en un entorn corporatiu modern.\n\nLa zona destaca per la seva connexi\u00f3 amb la ciutat i l'\u00e0rea metropolitana, amb acc\u00e9s directe a Rondes, Port i Aeroport, a m\u00e9s d'una magn\u00edfica xarxa de transport p\u00fablic que facilita la mobilitat di\u00e0ria de l'equip.\n\nUn edifici amb imatge i serveis\n\nL\u00b4immoble, d\u00b4\u00fas exclusiu d\u00b4oficines, presenta una cuidada fa\u00e7ana envidriada que aporta una est\u00e8tica contempor\u00e0nia i plena de llum tots els espais.\n\nServeis i zones comunes\nEdifici exclusiu d'oficines\nPB + 4 plantes\nFa\u00e7ana de vidre\nP\u00e0rquing\nZona enjardinada\nVestidors\nServei de consergeria\nEspais que inspiren\n\nLes oficines han estat concebudes per adaptar-se a les noves formes de treball: di\u00e0fanes, exteriors, flexibles i banyades per llum natural, perfectes per crear entorns col\u00b7laboratius i potenciar la productivitat.\n\nCaracter\u00edstiques de les oficines\nEspais exteriors i molt lluminosos\nDistribuci\u00f3 di\u00e0fana\nFals sostre registrable\nS\u00f2l t\u00e8cnic\nClimatitzaci\u00f3 (AACC)\n\nUn entorn professional envoltat de serveis, hotels, restauraci\u00f3 i tot all\u00f2 necessari perqu\u00e8 la teva empresa creixi en una de les \u00e0rees de negocis amb m\u00e9s projecci\u00f3.\n\nUn espai fresc, ben connectat i preparat pel futur del teu negoci. ","properties_post_seo_title":"","properties_post_seo_alias":"","properties_post_seo_metadescription":"","properties_post_seo_key_words":"","properties_post_seo_url":"","properties_post_terms_conditions":""},{"properties_post_description_language":"spanish","properties_post_title":"PABLO IGLESIAS","properties_post_short_description_text_alt":"","properties_post_description_text_alt":"","properties_post_short_description_text":" ","properties_post_link_demanda_inmueble":"https:\/\/movin.cloud\/es\/Forcadell Oficinas Barcelona\/formulario-peticion-inmueble\/sth\/2438&&11249078","properties_post_link_demanda_calendario_inmueble":"https:\/\/movin.cloud\/es\/Forcadell Oficinas Barcelona\/calendario-peticion-inmueble\/sth\/2438&&11249078","properties_post_description_text":"Oficinas modernas y luminosas junto a Plaza Europa y Fira Barcelona\n\nSi buscas un espacio que proyecte la imagen de tu empresa y, al mismo tiempo, te sit\u00fae en uno de los principales polos de negocio del \u00e1rea de Barcelona, esta es una gran oportunidad.\n\nEste edificio de nueva construcci\u00f3n, situado a pocos minutos de Fira Barcelona y Pla\u00e7a Europa, ofrece el equilibrio perfecto entre ubicaci\u00f3n estrat\u00e9gica, dise\u00f1o actual y funcionalidad, ideal para startups, empresas creativas, compa\u00f1\u00edas tecnol\u00f3gicas o equipos que buscan crecer en un entorno corporativo moderno.\n\nLa zona destaca por su excelente conexi\u00f3n con la ciudad y el \u00e1rea metropolitana, con acceso directo a Rondas, Puerto y Aeropuerto, adem\u00e1s de una magn\u00edfica red de transporte p\u00fablico que facilita la movilidad diaria del equipo.\n\nUn edificio con imagen y servicios\n\nEl inmueble, de uso exclusivo de oficinas, presenta una cuidada fachada acristalada que aporta una est\u00e9tica contempor\u00e1nea y llena de luz todos los espacios.\n\nServicios y zonas comunes\nEdificio exclusivo de oficinas\nPB + 4 plantas\nFachada acristalada\nParking\nZona ajardinada\nVestuarios\nServicio de conserjer\u00eda\nEspacios que inspiran\n\nLas oficinas han sido concebidas para adaptarse a las nuevas formas de trabajo: di\u00e1fanas, exteriores, flexibles y ba\u00f1adas por luz natural, perfectas para crear entornos colaborativos y potenciar la productividad.\n\nCaracter\u00edsticas de las oficinas\nEspacios exteriores y muy luminosos\nDistribuci\u00f3n di\u00e1fana\nFalso techo registrable\nSuelo t\u00e9cnico\nClimatizaci\u00f3n (AACC)\n\nUn entorno profesional rodeado de servicios, hoteles, restauraci\u00f3n y todo lo necesario para que tu empresa crezca en una de las \u00e1reas de negocios con m\u00e1s proyecci\u00f3n.\n\nUn espacio fresco, bien conectado y preparado para el futuro de tu negocio. ","properties_post_seo_title":"","properties_post_seo_alias":"","properties_post_seo_metadescription":"","properties_post_seo_key_words":"","properties_post_seo_url":"","properties_post_terms_conditions":""}],"post_type_properties_post_features_type":"office","post_type_properties_post_id_building":"MjkkMjc2Njg=","post_type_properties_post_features_area_constructed":2088,"post_type_properties_post_features_conditioned_air":true,"post_type_properties_post_features_doorman":false,"post_type_properties_post_features_heating":true,"post_type_properties_post_features_equipped_kitchen":false,"post_type_properties_post_features_windows_location":"exterior","post_type_properties_post_features_floors_property":false,"post_type_properties_post_features_storage":false,"post_type_properties_post_features_security_door":false,"post_type_properties_post_features_energy_certificate_rating":"C","post_type_properties_post_features_energy_certificate_emissions_rating":"C","post_type_properties_post_features_energy_certificate_emissions_value":"","post_type_properties_post_features_energy_certificate_performance":"","post_type_properties_post_features_bathroom_inside":true,"post_type_properties_post_precio":22968,"post_type_properties_post_precio_alquiler":22968,"post_type_properties_post_record_type_id":"Oficina","post_type_properties_post_categoria__producto":"Oficina","post_type_properties_post_amueblado":false,"post_type_properties_post_precio_m2":11,"post_type_properties_post_zona__comunitaria":false,"post_type_properties_post_electrodomesticos":false,"post_type_properties_post_patio__interior":true,"post_type_properties_post_certificado_energetico_general":"C","post_type_properties_post_certificado_energetico_consumo":"C","post_type_properties_post_certificado_energetico_valor_emisiones":"","post_type_properties_post_certificado_energetico_valor_consumo":"","post_type_properties_post_modalidad":"rent","post_type_properties_post_provincia":"Barcelona","post_type_properties_post_poblacion":"l'Hospitalet de Llobregat","post_type_properties_post_centro__urbano":false,"post_type_properties_post_zonificacion":"NBA Fira - Zona Pl. Europa + Fira District","post_type_properties_post_cartera":"","post_type_properties_post_titulo_catalan":" PABLO IGLESIAS","post_type_properties_post_internet_catalan":"Oficines modernes i lluminoses al costat de Pla\u00e7a Europa i Fira Barcelona\n\nSi busques un espai que projecti la imatge de la teva empresa i alhora et situ\u00ef en un dels principals pols de negoci de l'\u00e0rea de Barcelona, aquesta \u00e9s una gran oportunitat.\n\nAquest edifici de nova construcci\u00f3, situat a pocs minuts de Fira Barcelona i Pla\u00e7a Europa, ofereix un equilibri perfecte entre ubicaci\u00f3 estrat\u00e8gica, disseny actual i funcionalitat, ideal per a startups, empreses creatives, companyies tecnol\u00f2giques o equips que busquen cr\u00e9ixer en un entorn corporatiu modern.\n\nLa zona destaca per la seva connexi\u00f3 amb la ciutat i l'\u00e0rea metropolitana, amb acc\u00e9s directe a Rondes, Port i Aeroport, a m\u00e9s d'una magn\u00edfica xarxa de transport p\u00fablic que facilita la mobilitat di\u00e0ria de l'equip.\n\nUn edifici amb imatge i serveis\n\nL\u00b4immoble, d\u00b4\u00fas exclusiu d\u00b4oficines, presenta una cuidada fa\u00e7ana envidriada que aporta una est\u00e8tica contempor\u00e0nia i plena de llum tots els espais.\n\nServeis i zones comunes\nEdifici exclusiu d'oficines\nPB + 4 plantes\nFa\u00e7ana de vidre\nP\u00e0rquing\nZona enjardinada\nVestidors\nServei de consergeria\nEspais que inspiren\n\nLes oficines han estat concebudes per adaptar-se a les noves formes de treball: di\u00e0fanes, exteriors, flexibles i banyades per llum natural, perfectes per crear entorns col\u00b7laboratius i potenciar la productivitat.\n\nCaracter\u00edstiques de les oficines\nEspais exteriors i molt lluminosos\nDistribuci\u00f3 di\u00e0fana\nFals sostre registrable\nS\u00f2l t\u00e8cnic\nClimatitzaci\u00f3 (AACC)\n\nUn entorn professional envoltat de serveis, hotels, restauraci\u00f3 i tot all\u00f2 necessari perqu\u00e8 la teva empresa creixi en una de les \u00e0rees de negocis amb m\u00e9s projecci\u00f3.\n\nUn espai fresc, ben connectat i preparat pel futur del teu negoci. ","post_type_properties_post_titulo_castellano":"PABLO IGLESIAS","post_type_properties_post_internet_castellano":"Oficinas modernas y luminosas junto a Plaza Europa y Fira Barcelona\n\nSi buscas un espacio que proyecte la imagen de tu empresa y, al mismo tiempo, te sit\u00fae en uno de los principales polos de negocio del \u00e1rea de Barcelona, esta es una gran oportunidad.\n\nEste edificio de nueva construcci\u00f3n, situado a pocos minutos de Fira Barcelona y Pla\u00e7a Europa, ofrece el equilibrio perfecto entre ubicaci\u00f3n estrat\u00e9gica, dise\u00f1o actual y funcionalidad, ideal para startups, empresas creativas, compa\u00f1\u00edas tecnol\u00f3gicas o equipos que buscan crecer en un entorno corporativo moderno.\n\nLa zona destaca por su excelente conexi\u00f3n con la ciudad y el \u00e1rea metropolitana, con acceso directo a Rondas, Puerto y Aeropuerto, adem\u00e1s de una magn\u00edfica red de transporte p\u00fablico que facilita la movilidad diaria del equipo.\n\nUn edificio con imagen y servicios\n\nEl inmueble, de uso exclusivo de oficinas, presenta una cuidada fachada acristalada que aporta una est\u00e9tica contempor\u00e1nea y llena de luz todos los espacios.\n\nServicios y zonas comunes\nEdificio exclusivo de oficinas\nPB + 4 plantas\nFachada acristalada\nParking\nZona ajardinada\nVestuarios\nServicio de conserjer\u00eda\nEspacios que inspiran\n\nLas oficinas han sido concebidas para adaptarse a las nuevas formas de trabajo: di\u00e1fanas, exteriores, flexibles y ba\u00f1adas por luz natural, perfectas para crear entornos colaborativos y potenciar la productividad.\n\nCaracter\u00edsticas de las oficinas\nEspacios exteriores y muy luminosos\nDistribuci\u00f3n di\u00e1fana\nFalso techo registrable\nSuelo t\u00e9cnico\nClimatizaci\u00f3n (AACC)\n\nUn entorno profesional rodeado de servicios, hoteles, restauraci\u00f3n y todo lo necesario para que tu empresa crezca en una de las \u00e1reas de negocios con m\u00e1s proyecci\u00f3n.\n\nUn espacio fresco, bien conectado y preparado para el futuro de tu negocio. ","post_type_properties_post_titulo_ingles":"","post_type_properties_post_internet_ingles":"","post_type_properties_post_features_classification_commercial":false,"post_type_properties_post_features_conservation":"","post_type_properties_post_features_security_personnel":false,"post_type_properties_post_features_parking_available":false,"post_type_properties_post_features_garage_capacity_type":"","post_type_properties_post_features_bathroom_number":"","post_type_properties_post_eje":"","post_type_properties_post_zona":"","post_type_properties_post_comarca":"","post_type_properties_post_features_built_year":"","post_type_properties_post_renta_mensual":22968,"post_type_properties_post_fianza":"","post_type_properties_post_features_area_plot":"","post_type_properties_post_features_area_buildable":"","post_type_properties_post_features_classification_industrial":false,"post_type_properties_post_distrito":"","post_type_properties_post_features_balcony":false,"post_type_properties_post_features_bedroom_number":"","post_type_properties_post_features_heating_type":"","post_type_properties_post_features_equipped_with_furniture":false,"post_type_properties_post_features_pets_allowed":false,"post_type_properties_post_features_pool":false,"post_type_properties_post_features_terrace":false,"post_type_properties_post_features_wardrobes":false,"post_type_properties_post_features_lift_available":false,"post_type_properties_post_features_handicap_adapted_access":false,"post_type_properties_post_features_orientation_east":false,"post_type_properties_post_features_orientation_west":false,"post_type_properties_post_features_orientation_north":false,"post_type_properties_post_features_orientation_south":false,"post_type_properties_post_features_parking_spaces_number":"","post_type_properties_post_features_security_alarm":false,"post_type_properties_post_features_security_system":false,"post_type_properties_post_open_plan":false,"post_type_properties_post_acceso_24_7":false,"post_type_properties_post_oficina_privada":false,"post_type_properties_post_sala_reuniones":false,"post_type_properties_post_espacio_eventos":false,"post_type_properties_post_office":false,"post_type_properties_post_restaurant":false,"post_type_properties_post_acepta_traspaso":false,"post_type_properties_post_vigilancia":false,"post_type_properties_post_features_suite":false,"post_type_properties_post_features_vitro":false,"post_type_properties_post_features_oven":false,"post_type_properties_post_features_microwave":false,"post_type_properties_post_features_washing_machine":false,"post_type_properties_post_features_dryer":false,"post_type_properties_post_features_dishwasher":false,"post_type_properties_post_features_fridge":false,"post_type_properties_post_features_fridge_mini":false,"post_type_properties_post_features_kettle":false,"post_type_properties_post_features_toaster":false,"post_type_properties_post_features_coffee_maker":false,"post_type_properties_post_features_iron":false,"post_type_properties_post_features_ironing_board":false,"post_type_properties_post_features_safe":false,"post_type_properties_post_features_internet":true,"post_type_properties_post_features_solarium":false,"post_type_properties_post_features_clean_service":false,"post_type_properties_post_features_t_v":false,"post_type_properties_post_features_satellite_t_v":false,"post_type_properties_post_features_gas_kitchen":false,"post_type_properties_post_features_view_mountain":true,"post_type_properties_post_features_view_sea":true,"post_type_properties_post_features_concierge":false,"post_type_properties_post_features_loading_dock":false,"post_type_properties_post_features_bridge_crane":false,"post_type_properties_post_features_located_at_corner":false,"post_type_properties_post_features_smoke_extraction":false,"post_type_properties_post_features_rooms":"","post_type_properties_post_features_garden_area":"","post_type_properties_post_features_utilities_water":false,"post_type_properties_post_features_utilities_electricity":false,"post_type_properties_post_features_utilities_natural_gas":false,"post_type_properties_post_features_building_adapted":false,"post_type_properties_post_features_garden":false,"post_type_properties_post_features_classification_hotel":false,"post_type_properties_post_features_classification_chalet":false,"post_type_properties_post_certificado_energetico_emisiones":"C","post_type_properties_post_barrio":"","post_type_properties_post_distrito_empresa":"","post_type_properties_post_features_property_category_intern":"","post_type_properties_post_implantada":false,"post_type_properties_post_sello_leed":"3","post_type_properties_post_sello_well":"","post_type_properties_post_sello_breeam":true,"post_type_properties_post_images":[{"properties_post_image_order":1,"properties_post_image_url":"https:\/\/movin.cloud\/empresas\/2438\/imagenes\/11249078\/en-alquiler-55.webp","properties_post_image_url_thumbnail":"https:\/\/movin.cloud\/empresas\/2438\/imagenes\/thumbnails\/11249078\/en-alquiler-55.webp","properties_post_title":"en alquiler 55","properties_post_alt":"en alquiler 55"},{"properties_post_image_order":2,"properties_post_image_url":"https:\/\/movin.cloud\/empresas\/2438\/imagenes\/11249078\/alquiler-para-idealistas.webp","properties_post_image_url_thumbnail":"https:\/\/movin.cloud\/empresas\/2438\/imagenes\/thumbnails\/11249078\/alquiler-para-idealistas.webp","properties_post_title":"alquiler para idealistas","properties_post_alt":"alquiler para idealistas"},{"properties_post_image_order":3,"properties_post_image_url":"https:\/\/movin.cloud\/empresas\/2438\/imagenes\/11249078\/en-alquiler-48.webp","properties_post_image_url_thumbnail":"https:\/\/movin.cloud\/empresas\/2438\/imagenes\/thumbnails\/11249078\/en-alquiler-48.webp","properties_post_title":"en alquiler 48","properties_post_alt":"en alquiler 48"},{"properties_post_image_order":4,"properties_post_image_url":"https:\/\/movin.cloud\/empresas\/2438\/imagenes\/11249078\/en-alquiler-41.webp","properties_post_image_url_thumbnail":"https:\/\/movin.cloud\/empresas\/2438\/imagenes\/thumbnails\/11249078\/en-alquiler-41.webp","properties_post_title":"en alquiler 41","properties_post_alt":"en alquiler 41"},{"properties_post_image_order":5,"properties_post_image_url":"https:\/\/movin.cloud\/empresas\/2438\/imagenes\/11249078\/en-alquiler-46.webp","properties_post_image_url_thumbnail":"https:\/\/movin.cloud\/empresas\/2438\/imagenes\/thumbnails\/11249078\/en-alquiler-46.webp","properties_post_title":"en alquiler 46","properties_post_alt":"en alquiler 46"},{"properties_post_image_order":6,"properties_post_image_url":"https:\/\/movin.cloud\/empresas\/2438\/imagenes\/11249078\/en-alquiler-39.webp","properties_post_image_url_thumbnail":"https:\/\/movin.cloud\/empresas\/2438\/imagenes\/thumbnails\/11249078\/en-alquiler-39.webp","properties_post_title":"en alquiler 39","properties_post_alt":"en alquiler 39"},{"properties_post_image_order":7,"properties_post_image_url":"https:\/\/movin.cloud\/empresas\/2438\/imagenes\/11249078\/inmobiliarias-l'hospitalet-de-llobregat.webp","properties_post_image_url_thumbnail":"https:\/\/movin.cloud\/empresas\/2438\/imagenes\/thumbnails\/11249078\/inmobiliarias-l'hospitalet-de-llobregat.webp","properties_post_title":"inmobiliarias l'hospitalet de llobregat","properties_post_alt":"inmobiliarias l'hospitalet de llobregat"},{"properties_post_image_order":8,"properties_post_image_url":"https:\/\/movin.cloud\/empresas\/2438\/imagenes\/11249078\/inmobiliaria-l'hospitalet-de-llobregat.webp","properties_post_image_url_thumbnail":"https:\/\/movin.cloud\/empresas\/2438\/imagenes\/thumbnails\/11249078\/inmobiliaria-l'hospitalet-de-llobregat.webp","properties_post_title":"inmobiliaria l'hospitalet de llobregat","properties_post_alt":"inmobiliaria l'hospitalet de llobregat"},{"properties_post_image_order":9,"properties_post_image_url":"https:\/\/movin.cloud\/empresas\/2438\/imagenes\/11249078\/en-alquiler-40.webp","properties_post_image_url_thumbnail":"https:\/\/movin.cloud\/empresas\/2438\/imagenes\/thumbnails\/11249078\/en-alquiler-40.webp","properties_post_title":"en alquiler 40","properties_post_alt":"en alquiler 40"},{"properties_post_image_order":10,"properties_post_image_url":"https:\/\/movin.cloud\/empresas\/2438\/imagenes\/11249078\/en-alquiler-42.webp","properties_post_image_url_thumbnail":"https:\/\/movin.cloud\/empresas\/2438\/imagenes\/thumbnails\/11249078\/en-alquiler-42.webp","properties_post_title":"en alquiler 42","properties_post_alt":"en alquiler 42"},{"properties_post_image_order":11,"properties_post_image_url":"https:\/\/movin.cloud\/empresas\/2438\/imagenes\/11249078\/en-alquiler-53.webp","properties_post_image_url_thumbnail":"https:\/\/movin.cloud\/empresas\/2438\/imagenes\/thumbnails\/11249078\/en-alquiler-53.webp","properties_post_title":"en alquiler 53","properties_post_alt":"en alquiler 53"},{"properties_post_image_order":12,"properties_post_image_url":"https:\/\/movin.cloud\/empresas\/2438\/imagenes\/11249078\/en-alquiler-43.webp","properties_post_image_url_thumbnail":"https:\/\/movin.cloud\/empresas\/2438\/imagenes\/thumbnails\/11249078\/en-alquiler-43.webp","properties_post_title":"en alquiler 43","properties_post_alt":"en alquiler 43"},{"properties_post_image_order":13,"properties_post_image_url":"https:\/\/movin.cloud\/empresas\/2438\/imagenes\/11249078\/en-alquiler-44.webp","properties_post_image_url_thumbnail":"https:\/\/movin.cloud\/empresas\/2438\/imagenes\/thumbnails\/11249078\/en-alquiler-44.webp","properties_post_title":"en alquiler 44","properties_post_alt":"en alquiler 44"},{"properties_post_image_order":14,"properties_post_image_url":"https:\/\/movin.cloud\/empresas\/2438\/imagenes\/11249078\/en-alquiler-45.webp","properties_post_image_url_thumbnail":"https:\/\/movin.cloud\/empresas\/2438\/imagenes\/thumbnails\/11249078\/en-alquiler-45.webp","properties_post_title":"en alquiler 45","properties_post_alt":"en alquiler 45"},{"properties_post_image_order":15,"properties_post_image_url":"https:\/\/movin.cloud\/empresas\/2438\/imagenes\/11249078\/en-alquiler-47.webp","properties_post_image_url_thumbnail":"https:\/\/movin.cloud\/empresas\/2438\/imagenes\/thumbnails\/11249078\/en-alquiler-47.webp","properties_post_title":"en alquiler 47","properties_post_alt":"en alquiler 47"},{"properties_post_image_order":16,"properties_post_image_url":"https:\/\/movin.cloud\/empresas\/2438\/imagenes\/11249078\/en-alquiler-49.webp","properties_post_image_url_thumbnail":"https:\/\/movin.cloud\/empresas\/2438\/imagenes\/thumbnails\/11249078\/en-alquiler-49.webp","properties_post_title":"en alquiler 49","properties_post_alt":"en alquiler 49"},{"properties_post_image_order":17,"properties_post_image_url":"https:\/\/movin.cloud\/empresas\/2438\/imagenes\/11249078\/en-alquiler-50.webp","properties_post_image_url_thumbnail":"https:\/\/movin.cloud\/empresas\/2438\/imagenes\/thumbnails\/11249078\/en-alquiler-50.webp","properties_post_title":"en alquiler 50","properties_post_alt":"en alquiler 50"},{"properties_post_image_order":18,"properties_post_image_url":"https:\/\/movin.cloud\/empresas\/2438\/imagenes\/11249078\/en-alquiler-51.webp","properties_post_image_url_thumbnail":"https:\/\/movin.cloud\/empresas\/2438\/imagenes\/thumbnails\/11249078\/en-alquiler-51.webp","properties_post_title":"en alquiler 51","properties_post_alt":"en alquiler 51"},{"properties_post_image_order":19,"properties_post_image_url":"https:\/\/movin.cloud\/empresas\/2438\/imagenes\/11249078\/en-alquiler-52.webp","properties_post_image_url_thumbnail":"https:\/\/movin.cloud\/empresas\/2438\/imagenes\/thumbnails\/11249078\/en-alquiler-52.webp","properties_post_title":"en alquiler 52","properties_post_alt":"en alquiler 52"},{"properties_post_image_order":20,"properties_post_image_url":"https:\/\/movin.cloud\/empresas\/2438\/imagenes\/11249078\/en-alquiler-54.webp","properties_post_image_url_thumbnail":"https:\/\/movin.cloud\/empresas\/2438\/imagenes\/thumbnails\/11249078\/en-alquiler-54.webp","properties_post_title":"en alquiler 54","properties_post_alt":"en alquiler 54"},{"properties_post_image_order":21,"properties_post_image_url":"https:\/\/movin.cloud\/empresas\/2438\/imagenes\/11249078\/en-alquiler-56.webp","properties_post_image_url_thumbnail":"https:\/\/movin.cloud\/empresas\/2438\/imagenes\/thumbnails\/11249078\/en-alquiler-56.webp","properties_post_title":"en alquiler 56","properties_post_alt":"en alquiler 56"},{"properties_post_image_order":22,"properties_post_image_url":"https:\/\/movin.cloud\/empresas\/2438\/imagenes\/11249078\/en-alquiler-57.webp","properties_post_image_url_thumbnail":"https:\/\/movin.cloud\/empresas\/2438\/imagenes\/thumbnails\/11249078\/en-alquiler-57.webp","properties_post_title":"en alquiler 57","properties_post_alt":"en alquiler 57"},{"properties_post_image_order":23,"properties_post_image_url":"https:\/\/movin.cloud\/empresas\/2438\/imagenes\/11249078\/en-alquiler-58.webp","properties_post_image_url_thumbnail":"https:\/\/movin.cloud\/empresas\/2438\/imagenes\/thumbnails\/11249078\/en-alquiler-58.webp","properties_post_title":"en alquiler 58","properties_post_alt":"en alquiler 58"},{"properties_post_image_order":24,"properties_post_image_url":"https:\/\/movin.cloud\/empresas\/2438\/imagenes\/11249078\/en-alquiler-59.webp","properties_post_image_url_thumbnail":"https:\/\/movin.cloud\/empresas\/2438\/imagenes\/thumbnails\/11249078\/en-alquiler-59.webp","properties_post_title":"en alquiler 59","properties_post_alt":"en alquiler 59"},{"properties_post_image_order":25,"properties_post_image_url":"https:\/\/movin.cloud\/empresas\/2438\/imagenes\/11249078\/en-alquiler-60.webp","properties_post_image_url_thumbnail":"https:\/\/movin.cloud\/empresas\/2438\/imagenes\/thumbnails\/11249078\/en-alquiler-60.webp","properties_post_title":"en alquiler 60","properties_post_alt":"en alquiler 60"},{"properties_post_image_order":26,"properties_post_image_url":"https:\/\/movin.cloud\/empresas\/2438\/imagenes\/11249078\/en-alquiler-111.webp","properties_post_image_url_thumbnail":"https:\/\/movin.cloud\/empresas\/2438\/imagenes\/thumbnails\/11249078\/en-alquiler-111.webp","properties_post_title":"en alquiler 111","properties_post_alt":"en alquiler 111"},{"properties_post_image_order":27,"properties_post_image_url":"https:\/\/movin.cloud\/empresas\/2438\/imagenes\/11249078\/en-alquiler-112.webp","properties_post_image_url_thumbnail":"https:\/\/movin.cloud\/empresas\/2438\/imagenes\/thumbnails\/11249078\/en-alquiler-112.webp","properties_post_title":"en alquiler 112","properties_post_alt":"en alquiler 112"},{"properties_post_image_order":28,"properties_post_image_url":"https:\/\/movin.cloud\/empresas\/2438\/imagenes\/11249078\/en-alquiler-113.webp","properties_post_image_url_thumbnail":"https:\/\/movin.cloud\/empresas\/2438\/imagenes\/thumbnails\/11249078\/en-alquiler-113.webp","properties_post_title":"en alquiler 113","properties_post_alt":"en alquiler 113"},{"properties_post_image_order":29,"properties_post_image_url":"https:\/\/movin.cloud\/empresas\/2438\/imagenes\/11249078\/en-alquiler-114.webp","properties_post_image_url_thumbnail":"https:\/\/movin.cloud\/empresas\/2438\/imagenes\/thumbnails\/11249078\/en-alquiler-114.webp","properties_post_title":"en alquiler 114","properties_post_alt":"en alquiler 114"},{"properties_post_image_order":30,"properties_post_image_url":"https:\/\/movin.cloud\/empresas\/2438\/imagenes\/11249078\/en-alquiler-115.webp","properties_post_image_url_thumbnail":"https:\/\/movin.cloud\/empresas\/2438\/imagenes\/thumbnails\/11249078\/en-alquiler-115.webp","properties_post_title":"en alquiler 115","properties_post_alt":"en alquiler 115"},{"properties_post_image_order":31,"properties_post_image_url":"https:\/\/movin.cloud\/empresas\/2438\/imagenes\/11249078\/en-alquiler-116.webp","properties_post_image_url_thumbnail":"https:\/\/movin.cloud\/empresas\/2438\/imagenes\/thumbnails\/11249078\/en-alquiler-116.webp","properties_post_title":"en alquiler 116","properties_post_alt":"en alquiler 116"}],"post_type_properties_post_videos":null,"post_type_properties_post_tour":null,"post_type_properties_post_dossier_url":"","post_type_properties_post_operation_type":"rent","post_type_properties_post_operation_price":22968,"post_type_properties_post_features_hidden_price":false},"yoast_head":"<!-- This site is optimized with the Yoast SEO plugin v25.6 - https:\/\/yoast.com\/wordpress\/plugins\/seo\/ -->\n<title>PABLO IGLESIAS - Forcadell<\/title>\n<meta name=\"robots\" content=\"index, follow, max-snippet:-1, max-image-preview:large, max-video-preview:-1\" \/>\n<link rel=\"canonical\" href=\"https:\/\/forcadell.com\/ca\/propiedades\/pablo-iglesias-5\/\" \/>\n<meta property=\"og:locale\" content=\"ca_ES\" \/>\n<meta property=\"og:type\" content=\"article\" \/>\n<meta property=\"og:title\" content=\"PABLO IGLESIAS - Forcadell\" \/>\n<meta property=\"og:description\" content=\"Oficinas modernas y luminosas junto a Plaza Europa y Fira Barcelona Si buscas un espacio que proyecte la imagen de tu empresa y, al mismo tiempo, te sit\u00fae en uno de los principales polos de negocio del \u00e1rea de Barcelona, esta es una gran oportunidad. Este edificio de nueva construcci\u00f3n, situado a pocos minutos de [&hellip;]\" \/>\n<meta property=\"og:url\" content=\"https:\/\/forcadell.com\/ca\/propiedades\/pablo-iglesias-5\/\" \/>\n<meta property=\"og:site_name\" content=\"Forcadell\" \/>\n<meta property=\"article:modified_time\" content=\"2026-04-26T22:40:27+00:00\" \/>\n<meta name=\"twitter:card\" content=\"summary_large_image\" \/>\n<meta name=\"twitter:label1\" content=\"Temps estimat de lectura\" \/>\n\t<meta name=\"twitter:data1\" content=\"1 minut\" \/>\n<!-- \/ Yoast SEO plugin. -->","yoast_head_json":{"title":"PABLO IGLESIAS - Forcadell","robots":{"index":"index","follow":"follow","max-snippet":"max-snippet:-1","max-image-preview":"max-image-preview:large","max-video-preview":"max-video-preview:-1"},"canonical":"https:\/\/forcadell.com\/ca\/propiedades\/pablo-iglesias-5\/","og_locale":"ca_ES","og_type":"article","og_title":"PABLO IGLESIAS - Forcadell","og_description":"Oficinas modernas y luminosas junto a Plaza Europa y Fira Barcelona Si buscas un espacio que proyecte la imagen de tu empresa y, al mismo tiempo, te sit\u00fae en uno de los principales polos de negocio del \u00e1rea de Barcelona, esta es una gran oportunidad. Este edificio de nueva construcci\u00f3n, situado a pocos minutos de [&hellip;]","og_url":"https:\/\/forcadell.com\/ca\/propiedades\/pablo-iglesias-5\/","og_site_name":"Forcadell","article_modified_time":"2026-04-26T22:40:27+00:00","twitter_card":"summary_large_image","twitter_misc":{"Temps estimat de lectura":"1 minut"},"schema":{"@context":"https:\/\/schema.org","@graph":[{"@type":"WebPage","@id":"https:\/\/forcadell.com\/ca\/propiedades\/pablo-iglesias-5\/","url":"https:\/\/forcadell.com\/ca\/propiedades\/pablo-iglesias-5\/","name":"PABLO IGLESIAS - Forcadell","isPartOf":{"@id":"https:\/\/forcadell.com\/ca\/#website"},"datePublished":"2026-04-02T12:12:40+00:00","dateModified":"2026-04-26T22:40:27+00:00","breadcrumb":{"@id":"https:\/\/forcadell.com\/ca\/propiedades\/pablo-iglesias-5\/#breadcrumb"},"inLanguage":"ca","potentialAction":[{"@type":"ReadAction","target":["https:\/\/forcadell.com\/ca\/propiedades\/pablo-iglesias-5\/"]}]},{"@type":"BreadcrumbList","@id":"https:\/\/forcadell.com\/ca\/propiedades\/pablo-iglesias-5\/#breadcrumb","itemListElement":[{"@type":"ListItem","position":1,"name":"Portada","item":"https:\/\/forcadell.com\/ca\/"},{"@type":"ListItem","position":2,"name":"Properties","item":"https:\/\/forcadell.com\/ca\/propiedades\/"},{"@type":"ListItem","position":3,"name":"PABLO IGLESIAS"}]},{"@type":"WebSite","@id":"https:\/\/forcadell.com\/ca\/#website","url":"https:\/\/forcadell.com\/ca\/","name":"Forcadell","description":"Inmobiliaria Barcelona | Consultores inmobiliarios","potentialAction":[{"@type":"SearchAction","target":{"@type":"EntryPoint","urlTemplate":"https:\/\/forcadell.com\/ca\/?s={search_term_string}"},"query-input":{"@type":"PropertyValueSpecification","valueRequired":true,"valueName":"search_term_string"}}],"inLanguage":"ca"}]}},"_links":{"self":[{"href":"https:\/\/forcadell.com\/ca\/wp-json\/wp\/v2\/properties_post\/63763"}],"collection":[{"href":"https:\/\/forcadell.com\/ca\/wp-json\/wp\/v2\/properties_post"}],"about":[{"href":"https:\/\/forcadell.com\/ca\/wp-json\/wp\/v2\/types\/properties_post"}],"wp:attachment":[{"href":"https:\/\/forcadell.com\/ca\/wp-json\/wp\/v2\/media?parent=63763"}],"curies":[{"name":"wp","href":"https:\/\/api.w.org\/{rel}","templated":true}]}}