{"id":63632,"date":"2026-03-30T18:13:26","date_gmt":"2026-03-30T16:13:26","guid":{"rendered":"https:\/\/forcadell.com\/propiedades\/general-vives\/"},"modified":"2026-04-29T02:26:03","modified_gmt":"2026-04-29T00:26:03","slug":"general-vives","status":"publish","type":"properties_post","link":"https:\/\/forcadell.com\/ca\/propiedades\/general-vives\/","title":{"rendered":"GENERAL VIVES"},"content":{"rendered":"<p>Oficina en alquiler 667 m\u00b2 Sarri\u00e0 con jard\u00edn, terraza y parking \u2013 Casa modernista<\/p>\n<p>Ubicada en la emblem\u00e1tica Casa Alemany (1901), esta singular propiedad combina el encanto de la arquitectura modernista con espacios funcionales y representativos. Una opci\u00f3n ideal para empresas que buscan imagen, amplitud y confort en una de las zonas m\u00e1s prestigiosas de Barcelona.<\/p>\n<p>Distribuci\u00f3n por plantas:<\/p>\n<p>Planta baja (199 m\u00b2): elegante hall de entrada que da paso a tres amplias salas polivalentes (despachos o salas de reuniones), cocina-comedor, ba\u00f1o completo y sala de equipos. Desde aqu\u00ed se accede a un agradable jard\u00edn privado de aproximadamente 130 m\u00b2 y a una terraza de 60 m\u00b2, perfectos para pausas, reuniones informales o eventos.<\/p>\n<p>Planta primera (183m\u00b2): cinco despachos independientes y tres ba\u00f1os completos. Todas las estancias cuentan con salida a amplios balcones, aportando gran luminosidad y sensaci\u00f3n de amplitud.<\/p>\n<p>Planta segunda (183m\u00b2): cinco salas adicionales y un espacio vers\u00e1til ideal como office o zona de apoyo.<\/p>\n<p>La propiedad dispone adem\u00e1s de garaje con capacidad para una plaza de aparcamiento.<\/p>\n<p>Calidades y equipamiento: suelos de parquet, falso techo de pladur y sistema de calefacci\u00f3n, garantizando confort y funcionalidad en todos los espacios.<br \/>\nUna propiedad \u00fanica que destaca por su equilibrio entre dise\u00f1o, practicidad y representatividad, en un entorno tranquilo y exclusivo.<\/p>\n<p>Ubicaci\u00f3n estrat\u00e9gica en la zona alta de Barcelona, perfecta para compa\u00f1\u00edas que buscan una sede corporativa diferenciadora, bien comunicada y alejada del ritmo m\u00e1s intenso del centro.<\/p>\n<p>Conectividad: FGC (Sarri\u00e0 y Reina Elisenda), varias l\u00edneas de autob\u00fas y acceso inmediato a la Ronda de Dalt (B-20). <\/p>\n","protected":false},"template":"","class_list":["post-63632","properties_post","type-properties_post","status-publish","hentry","properties_modality-rent","properties_district-sarria-sant-gervasi","properties_province-barcelona","properties_zone-descentralizada","properties_state-barcelona","properties_subclass-oficina","properties_type-oficina"],"acf":{"post_type_properties_post_property_code":"11249058","post_type_properties_post_property_reference":"IE-227286","post_type_properties_post_owner_id":"317608","post_type_properties_post_owner_name":"ARQUEBISBAT DE BARCELONA","post_type_properties_post_property_code_encrypted":"MjQ5JDMzNjI1","post_type_properties_post_published":"1","post_type_properties_post_property_visibility":"idealista","post_type_properties_post_contact_name":"Forcadell Oficinas Barcelona","post_type_properties_post_contact_email":"forcadell.oficinas.barcelona@movin.cloud","post_type_properties_post_contact_primary_phone_prefix":"34","post_type_properties_post_contact_primary_phone_number":"934965413","post_type_properties_post_address_visibility":"street","post_type_properties_post_address_country":"Spain","post_type_properties_post_address_coordinates_precision":"exact","post_type_properties_post_address_postal_code":"08017","post_type_properties_post_address_coordinates_latitude":"41.4059788","post_type_properties_post_address_coordinates_longitude":"2.1195376","post_type_properties_post_address_street_name":"CL General Vives 29","post_type_properties_post_address_floor":"","post_type_properties_post_address_town":"Barcelona","post_type_properties_post_building":null,"post_type_properties_post_property":[{"properties_post_description_language":"catalan","properties_post_title":"GENERAL VIVES","properties_post_short_description_text_alt":"","properties_post_description_text_alt":"","properties_post_short_description_text":"","properties_post_link_demanda_inmueble":"https:\/\/movin.cloud\/ca\/Forcadell Oficinas Barcelona\/formulari-peticio-immoble\/sth\/2438&&11249058","properties_post_link_demanda_calendario_inmueble":"https:\/\/movin.cloud\/ca\/Forcadell Oficinas Barcelona\/calendari-peticio-immoble\/sth\/2438&&11249058","properties_post_description_text":"Oficina de lloguer 667 m\u00b2 Sarri\u00e0 amb jard\u00ed, terrassa i p\u00e0rquing \u2013 Casa modernista\n\nUbicada a l'emblem\u00e0tica Casa Alemany (1901), aquesta singular propietat combina l'encant de l'arquitectura modernista amb espais funcionals i representatius. Una opci\u00f3 ideal per a empreses que busquen imatge, amplitud i confort a una de les zones m\u00e9s prestigioses de Barcelona.\n\nDistribuci\u00f3 per plantes:\n\nPlanta baixa (199 m\u00b2): elegant vest\u00edbul d'entrada que d\u00f3na pas a tres \u00e0mplies sales polivalents (despatxos o sales de reunions), cuina-menjador, bany complet i sala d'equips. Des d\u00b4aqu\u00ed s\u00b4accedeix a un agradable jard\u00ed privat d\u00b4aproximadament 130 m\u00b2 ia una terrassa de 60 m\u00b2, perfectes per a pauses, reunions informals o esdeveniments.\n\nPlanta primera (183m\u00b2): cinc despatxos independents i tres banys complets. Totes les estances tenen sortida a amplis balcons, aportant gran lluminositat i sensaci\u00f3 d'amplitud.\n\nPlanta segona (183m\u00b2): cinc sales addicionals i un espai vers\u00e0til ideal com a office o zona de suport.\n\nLa propietat tamb\u00e9 disposa de garatge amb capacitat per a una pla\u00e7a d'aparcament.\n\nQualitats i equipament: terres de parquet, fals sostre de pladur i sistema de calefacci\u00f3, garantint confort i funcionalitat a tots els espais.\nUna propietat \u00fanica que destaca pel seu equilibri entre disseny, practicitat i representativitat en un entorn tranquil i exclusiu.\n\nUbicaci\u00f3 estrat\u00e8gica a la zona alta de Barcelona, perfecta per a companyies que busquen una seu corporativa diferenciadora, ben comunicada i allunyada del ritme m\u00e9s intens del centre.\n\nConnectivitat: FGC (Sarri\u00e0 i Reina Elisenda), diverses l\u00ednies d'autob\u00fas i acc\u00e9s immediat a la Ronda de Dalt (B-20).\n ","properties_post_seo_title":"","properties_post_seo_alias":"","properties_post_seo_metadescription":"","properties_post_seo_key_words":"","properties_post_seo_url":"","properties_post_terms_conditions":""},{"properties_post_description_language":"spanish","properties_post_title":"GENERAL VIVES","properties_post_short_description_text_alt":"","properties_post_description_text_alt":"","properties_post_short_description_text":"","properties_post_link_demanda_inmueble":"https:\/\/movin.cloud\/es\/Forcadell Oficinas Barcelona\/formulario-peticion-inmueble\/sth\/2438&&11249058","properties_post_link_demanda_calendario_inmueble":"https:\/\/movin.cloud\/es\/Forcadell Oficinas Barcelona\/calendario-peticion-inmueble\/sth\/2438&&11249058","properties_post_description_text":"Oficina en alquiler 667 m\u00b2 Sarri\u00e0 con jard\u00edn, terraza y parking \u2013 Casa modernista\n\nUbicada en la emblem\u00e1tica Casa Alemany (1901), esta singular propiedad combina el encanto de la arquitectura modernista con espacios funcionales y representativos. Una opci\u00f3n ideal para empresas que buscan imagen, amplitud y confort en una de las zonas m\u00e1s prestigiosas de Barcelona.\n\nDistribuci\u00f3n por plantas:\n\nPlanta baja (199 m\u00b2): elegante hall de entrada que da paso a tres amplias salas polivalentes (despachos o salas de reuniones), cocina-comedor, ba\u00f1o completo y sala de equipos. Desde aqu\u00ed se accede a un agradable jard\u00edn privado de aproximadamente 130 m\u00b2 y a una terraza de 60 m\u00b2, perfectos para pausas, reuniones informales o eventos.\n\nPlanta primera (183m\u00b2): cinco despachos independientes y tres ba\u00f1os completos. Todas las estancias cuentan con salida a amplios balcones, aportando gran luminosidad y sensaci\u00f3n de amplitud.\n\nPlanta segunda (183m\u00b2): cinco salas adicionales y un espacio vers\u00e1til ideal como office o zona de apoyo.\n\nLa propiedad dispone adem\u00e1s de garaje con capacidad para una plaza de aparcamiento.\n\nCalidades y equipamiento: suelos de parquet, falso techo de pladur y sistema de calefacci\u00f3n, garantizando confort y funcionalidad en todos los espacios.\nUna propiedad \u00fanica que destaca por su equilibrio entre dise\u00f1o, practicidad y representatividad, en un entorno tranquilo y exclusivo.\n\nUbicaci\u00f3n estrat\u00e9gica en la zona alta de Barcelona, perfecta para compa\u00f1\u00edas que buscan una sede corporativa diferenciadora, bien comunicada y alejada del ritmo m\u00e1s intenso del centro.\n\nConectividad: FGC (Sarri\u00e0 y Reina Elisenda), varias l\u00edneas de autob\u00fas y acceso inmediato a la Ronda de Dalt (B-20). ","properties_post_seo_title":"","properties_post_seo_alias":"","properties_post_seo_metadescription":"","properties_post_seo_key_words":"","properties_post_seo_url":"","properties_post_terms_conditions":""}],"post_type_properties_post_features_type":"office","post_type_properties_post_id_building":"","post_type_properties_post_features_area_constructed":667,"post_type_properties_post_features_conditioned_air":false,"post_type_properties_post_features_doorman":false,"post_type_properties_post_features_heating":true,"post_type_properties_post_features_equipped_kitchen":false,"post_type_properties_post_features_windows_location":"exterior","post_type_properties_post_features_floors_property":false,"post_type_properties_post_features_storage":true,"post_type_properties_post_features_security_door":false,"post_type_properties_post_features_energy_certificate_rating":"exempt","post_type_properties_post_features_energy_certificate_emissions_rating":"D","post_type_properties_post_features_energy_certificate_emissions_value":"","post_type_properties_post_features_energy_certificate_performance":"","post_type_properties_post_features_bathroom_inside":true,"post_type_properties_post_precio":15000,"post_type_properties_post_precio_alquiler":15000,"post_type_properties_post_record_type_id":"Oficina","post_type_properties_post_categoria__producto":"Oficina","post_type_properties_post_amueblado":false,"post_type_properties_post_precio_m2":22.5,"post_type_properties_post_zona__comunitaria":false,"post_type_properties_post_electrodomesticos":false,"post_type_properties_post_patio__interior":true,"post_type_properties_post_certificado_energetico_general":"X (Exento)","post_type_properties_post_certificado_energetico_consumo":"X (Exento)","post_type_properties_post_certificado_energetico_valor_emisiones":"","post_type_properties_post_certificado_energetico_valor_consumo":"","post_type_properties_post_modalidad":"rent","post_type_properties_post_provincia":"Barcelona","post_type_properties_post_poblacion":"Barcelona","post_type_properties_post_centro__urbano":false,"post_type_properties_post_zonificacion":"Descentralizada","post_type_properties_post_cartera":"","post_type_properties_post_titulo_catalan":"GENERAL VIVES","post_type_properties_post_internet_catalan":"Oficina de lloguer 667 m\u00b2 Sarri\u00e0 amb jard\u00ed, terrassa i p\u00e0rquing \u2013 Casa modernista\n\nUbicada a l'emblem\u00e0tica Casa Alemany (1901), aquesta singular propietat combina l'encant de l'arquitectura modernista amb espais funcionals i representatius. Una opci\u00f3 ideal per a empreses que busquen imatge, amplitud i confort a una de les zones m\u00e9s prestigioses de Barcelona.\n\nDistribuci\u00f3 per plantes:\n\nPlanta baixa (199 m\u00b2): elegant vest\u00edbul d'entrada que d\u00f3na pas a tres \u00e0mplies sales polivalents (despatxos o sales de reunions), cuina-menjador, bany complet i sala d'equips. Des d\u00b4aqu\u00ed s\u00b4accedeix a un agradable jard\u00ed privat d\u00b4aproximadament 130 m\u00b2 ia una terrassa de 60 m\u00b2, perfectes per a pauses, reunions informals o esdeveniments.\n\nPlanta primera (183m\u00b2): cinc despatxos independents i tres banys complets. Totes les estances tenen sortida a amplis balcons, aportant gran lluminositat i sensaci\u00f3 d'amplitud.\n\nPlanta segona (183m\u00b2): cinc sales addicionals i un espai vers\u00e0til ideal com a office o zona de suport.\n\nLa propietat tamb\u00e9 disposa de garatge amb capacitat per a una pla\u00e7a d'aparcament.\n\nQualitats i equipament: terres de parquet, fals sostre de pladur i sistema de calefacci\u00f3, garantint confort i funcionalitat a tots els espais.\nUna propietat \u00fanica que destaca pel seu equilibri entre disseny, practicitat i representativitat en un entorn tranquil i exclusiu.\n\nUbicaci\u00f3 estrat\u00e8gica a la zona alta de Barcelona, perfecta per a companyies que busquen una seu corporativa diferenciadora, ben comunicada i allunyada del ritme m\u00e9s intens del centre.\n\nConnectivitat: FGC (Sarri\u00e0 i Reina Elisenda), diverses l\u00ednies d'autob\u00fas i acc\u00e9s immediat a la Ronda de Dalt (B-20).\n ","post_type_properties_post_titulo_castellano":"GENERAL VIVES","post_type_properties_post_internet_castellano":"Oficina en alquiler 667 m\u00b2 Sarri\u00e0 con jard\u00edn, terraza y parking \u2013 Casa modernista\n\nUbicada en la emblem\u00e1tica Casa Alemany (1901), esta singular propiedad combina el encanto de la arquitectura modernista con espacios funcionales y representativos. Una opci\u00f3n ideal para empresas que buscan imagen, amplitud y confort en una de las zonas m\u00e1s prestigiosas de Barcelona.\n\nDistribuci\u00f3n por plantas:\n\nPlanta baja (199 m\u00b2): elegante hall de entrada que da paso a tres amplias salas polivalentes (despachos o salas de reuniones), cocina-comedor, ba\u00f1o completo y sala de equipos. Desde aqu\u00ed se accede a un agradable jard\u00edn privado de aproximadamente 130 m\u00b2 y a una terraza de 60 m\u00b2, perfectos para pausas, reuniones informales o eventos.\n\nPlanta primera (183m\u00b2): cinco despachos independientes y tres ba\u00f1os completos. Todas las estancias cuentan con salida a amplios balcones, aportando gran luminosidad y sensaci\u00f3n de amplitud.\n\nPlanta segunda (183m\u00b2): cinco salas adicionales y un espacio vers\u00e1til ideal como office o zona de apoyo.\n\nLa propiedad dispone adem\u00e1s de garaje con capacidad para una plaza de aparcamiento.\n\nCalidades y equipamiento: suelos de parquet, falso techo de pladur y sistema de calefacci\u00f3n, garantizando confort y funcionalidad en todos los espacios.\nUna propiedad \u00fanica que destaca por su equilibrio entre dise\u00f1o, practicidad y representatividad, en un entorno tranquilo y exclusivo.\n\nUbicaci\u00f3n estrat\u00e9gica en la zona alta de Barcelona, perfecta para compa\u00f1\u00edas que buscan una sede corporativa diferenciadora, bien comunicada y alejada del ritmo m\u00e1s intenso del centro.\n\nConectividad: FGC (Sarri\u00e0 y Reina Elisenda), varias l\u00edneas de autob\u00fas y acceso inmediato a la Ronda de Dalt (B-20). ","post_type_properties_post_titulo_ingles":"","post_type_properties_post_internet_ingles":"","post_type_properties_post_features_classification_commercial":false,"post_type_properties_post_features_conservation":"good","post_type_properties_post_features_security_personnel":false,"post_type_properties_post_features_parking_available":false,"post_type_properties_post_features_garage_capacity_type":"","post_type_properties_post_features_bathroom_number":"","post_type_properties_post_eje":"","post_type_properties_post_zona":"","post_type_properties_post_comarca":"","post_type_properties_post_features_built_year":"","post_type_properties_post_renta_mensual":15000,"post_type_properties_post_fianza":"","post_type_properties_post_features_area_plot":"","post_type_properties_post_features_area_buildable":"","post_type_properties_post_features_classification_industrial":false,"post_type_properties_post_distrito":"","post_type_properties_post_features_balcony":false,"post_type_properties_post_features_bedroom_number":"","post_type_properties_post_features_heating_type":"","post_type_properties_post_features_equipped_with_furniture":false,"post_type_properties_post_features_pets_allowed":false,"post_type_properties_post_features_pool":false,"post_type_properties_post_features_terrace":false,"post_type_properties_post_features_wardrobes":false,"post_type_properties_post_features_lift_available":false,"post_type_properties_post_features_handicap_adapted_access":false,"post_type_properties_post_features_orientation_east":false,"post_type_properties_post_features_orientation_west":false,"post_type_properties_post_features_orientation_north":false,"post_type_properties_post_features_orientation_south":false,"post_type_properties_post_features_parking_spaces_number":"","post_type_properties_post_features_security_alarm":false,"post_type_properties_post_features_security_system":false,"post_type_properties_post_open_plan":false,"post_type_properties_post_acceso_24_7":false,"post_type_properties_post_oficina_privada":false,"post_type_properties_post_sala_reuniones":false,"post_type_properties_post_espacio_eventos":false,"post_type_properties_post_office":false,"post_type_properties_post_restaurant":false,"post_type_properties_post_acepta_traspaso":false,"post_type_properties_post_vigilancia":false,"post_type_properties_post_features_suite":false,"post_type_properties_post_features_vitro":false,"post_type_properties_post_features_oven":false,"post_type_properties_post_features_microwave":false,"post_type_properties_post_features_washing_machine":false,"post_type_properties_post_features_dryer":false,"post_type_properties_post_features_dishwasher":false,"post_type_properties_post_features_fridge":false,"post_type_properties_post_features_fridge_mini":false,"post_type_properties_post_features_kettle":false,"post_type_properties_post_features_toaster":false,"post_type_properties_post_features_coffee_maker":false,"post_type_properties_post_features_iron":false,"post_type_properties_post_features_ironing_board":false,"post_type_properties_post_features_safe":false,"post_type_properties_post_features_internet":false,"post_type_properties_post_features_solarium":false,"post_type_properties_post_features_clean_service":false,"post_type_properties_post_features_t_v":false,"post_type_properties_post_features_satellite_t_v":false,"post_type_properties_post_features_gas_kitchen":false,"post_type_properties_post_features_view_mountain":true,"post_type_properties_post_features_view_sea":true,"post_type_properties_post_features_concierge":false,"post_type_properties_post_features_loading_dock":false,"post_type_properties_post_features_bridge_crane":false,"post_type_properties_post_features_located_at_corner":false,"post_type_properties_post_features_smoke_extraction":false,"post_type_properties_post_features_rooms":"","post_type_properties_post_features_garden_area":"","post_type_properties_post_features_utilities_water":false,"post_type_properties_post_features_utilities_electricity":false,"post_type_properties_post_features_utilities_natural_gas":false,"post_type_properties_post_features_building_adapted":true,"post_type_properties_post_features_garden":false,"post_type_properties_post_features_classification_hotel":false,"post_type_properties_post_features_classification_chalet":false,"post_type_properties_post_certificado_energetico_emisiones":"X (Exento)","post_type_properties_post_barrio":"","post_type_properties_post_distrito_empresa":"Sarri\u00e0-Sant Gervasi","post_type_properties_post_features_property_category_intern":"","post_type_properties_post_implantada":false,"post_type_properties_post_sello_leed":"","post_type_properties_post_sello_well":"","post_type_properties_post_sello_breeam":false,"post_type_properties_post_images":[{"properties_post_image_order":1,"properties_post_image_url":"https:\/\/movin.cloud\/empresas\/2438\/imagenes\/11249058\/en-alquiler.webp","properties_post_image_url_thumbnail":"https:\/\/movin.cloud\/empresas\/2438\/imagenes\/thumbnails\/11249058\/en-alquiler.webp","properties_post_title":"en alquiler","properties_post_alt":"en alquiler"},{"properties_post_image_order":2,"properties_post_image_url":"https:\/\/movin.cloud\/empresas\/2438\/imagenes\/11249058\/alquiler-idealistas.webp","properties_post_image_url_thumbnail":"https:\/\/movin.cloud\/empresas\/2438\/imagenes\/thumbnails\/11249058\/alquiler-idealistas.webp","properties_post_title":"alquiler idealistas","properties_post_alt":"alquiler idealistas"},{"properties_post_image_order":3,"properties_post_image_url":"https:\/\/movin.cloud\/empresas\/2438\/imagenes\/11249058\/habitalia.webp","properties_post_image_url_thumbnail":"https:\/\/movin.cloud\/empresas\/2438\/imagenes\/thumbnails\/11249058\/habitalia.webp","properties_post_title":"habitalia","properties_post_alt":"habitalia"},{"properties_post_image_order":4,"properties_post_image_url":"https:\/\/movin.cloud\/empresas\/2438\/imagenes\/11249058\/alquiler-para-idealistas-barcelona.webp","properties_post_image_url_thumbnail":"https:\/\/movin.cloud\/empresas\/2438\/imagenes\/thumbnails\/11249058\/alquiler-para-idealistas-barcelona.webp","properties_post_title":"alquiler para idealistas barcelona","properties_post_alt":"alquiler para idealistas barcelona"},{"properties_post_image_order":5,"properties_post_image_url":"https:\/\/movin.cloud\/empresas\/2438\/imagenes\/11249058\/alquiler-para-idealista.webp","properties_post_image_url_thumbnail":"https:\/\/movin.cloud\/empresas\/2438\/imagenes\/thumbnails\/11249058\/alquiler-para-idealista.webp","properties_post_title":"alquiler para idealista","properties_post_alt":"alquiler para idealista"},{"properties_post_image_order":6,"properties_post_image_url":"https:\/\/movin.cloud\/empresas\/2438\/imagenes\/11249058\/viviendas.webp","properties_post_image_url_thumbnail":"https:\/\/movin.cloud\/empresas\/2438\/imagenes\/thumbnails\/11249058\/viviendas.webp","properties_post_title":"viviendas","properties_post_alt":"viviendas"},{"properties_post_image_order":7,"properties_post_image_url":"https:\/\/movin.cloud\/empresas\/2438\/imagenes\/11249058\/alquiler-para-idealistas.webp","properties_post_image_url_thumbnail":"https:\/\/movin.cloud\/empresas\/2438\/imagenes\/thumbnails\/11249058\/alquiler-para-idealistas.webp","properties_post_title":"alquiler para idealistas","properties_post_alt":"alquiler para idealistas"},{"properties_post_image_order":8,"properties_post_image_url":"https:\/\/movin.cloud\/empresas\/2438\/imagenes\/11249058\/rent.webp","properties_post_image_url_thumbnail":"https:\/\/movin.cloud\/empresas\/2438\/imagenes\/thumbnails\/11249058\/rent.webp","properties_post_title":"rent","properties_post_alt":"rent"},{"properties_post_image_order":9,"properties_post_image_url":"https:\/\/movin.cloud\/empresas\/2438\/imagenes\/11249058\/fincas.webp","properties_post_image_url_thumbnail":"https:\/\/movin.cloud\/empresas\/2438\/imagenes\/thumbnails\/11249058\/fincas.webp","properties_post_title":"fincas","properties_post_alt":"fincas"},{"properties_post_image_order":10,"properties_post_image_url":"https:\/\/movin.cloud\/empresas\/2438\/imagenes\/11249058\/inmobiliarias.webp","properties_post_image_url_thumbnail":"https:\/\/movin.cloud\/empresas\/2438\/imagenes\/thumbnails\/11249058\/inmobiliarias.webp","properties_post_title":"inmobiliarias","properties_post_alt":"inmobiliarias"},{"properties_post_image_order":11,"properties_post_image_url":"https:\/\/movin.cloud\/empresas\/2438\/imagenes\/11249058\/inmobiliaria.webp","properties_post_image_url_thumbnail":"https:\/\/movin.cloud\/empresas\/2438\/imagenes\/thumbnails\/11249058\/inmobiliaria.webp","properties_post_title":"inmobiliaria","properties_post_alt":"inmobiliaria"},{"properties_post_image_order":12,"properties_post_image_url":"https:\/\/movin.cloud\/empresas\/2438\/imagenes\/11249058\/habitalia-barcelona.webp","properties_post_image_url_thumbnail":"https:\/\/movin.cloud\/empresas\/2438\/imagenes\/thumbnails\/11249058\/habitalia-barcelona.webp","properties_post_title":"habitalia barcelona","properties_post_alt":"habitalia barcelona"},{"properties_post_image_order":13,"properties_post_image_url":"https:\/\/movin.cloud\/empresas\/2438\/imagenes\/11249058\/alquilar-barcelona.webp","properties_post_image_url_thumbnail":"https:\/\/movin.cloud\/empresas\/2438\/imagenes\/thumbnails\/11249058\/alquilar-barcelona.webp","properties_post_title":"alquilar barcelona","properties_post_alt":"alquilar barcelona"},{"properties_post_image_order":14,"properties_post_image_url":"https:\/\/movin.cloud\/empresas\/2438\/imagenes\/11249058\/viviendas-barcelona.webp","properties_post_image_url_thumbnail":"https:\/\/movin.cloud\/empresas\/2438\/imagenes\/thumbnails\/11249058\/viviendas-barcelona.webp","properties_post_title":"viviendas barcelona","properties_post_alt":"viviendas barcelona"},{"properties_post_image_order":15,"properties_post_image_url":"https:\/\/movin.cloud\/empresas\/2438\/imagenes\/11249058\/fincas-barcelona.webp","properties_post_image_url_thumbnail":"https:\/\/movin.cloud\/empresas\/2438\/imagenes\/thumbnails\/11249058\/fincas-barcelona.webp","properties_post_title":"fincas barcelona","properties_post_alt":"fincas barcelona"},{"properties_post_image_order":16,"properties_post_image_url":"https:\/\/movin.cloud\/empresas\/2438\/imagenes\/11249058\/inmobiliarias-barcelona.webp","properties_post_image_url_thumbnail":"https:\/\/movin.cloud\/empresas\/2438\/imagenes\/thumbnails\/11249058\/inmobiliarias-barcelona.webp","properties_post_title":"inmobiliarias barcelona","properties_post_alt":"inmobiliarias barcelona"},{"properties_post_image_order":17,"properties_post_image_url":"https:\/\/movin.cloud\/empresas\/2438\/imagenes\/11249058\/inmobiliaria-barcelona.webp","properties_post_image_url_thumbnail":"https:\/\/movin.cloud\/empresas\/2438\/imagenes\/thumbnails\/11249058\/inmobiliaria-barcelona.webp","properties_post_title":"inmobiliaria barcelona","properties_post_alt":"inmobiliaria barcelona"},{"properties_post_image_order":18,"properties_post_image_url":"https:\/\/movin.cloud\/empresas\/2438\/imagenes\/11249058\/barcelona-alquiler.webp","properties_post_image_url_thumbnail":"https:\/\/movin.cloud\/empresas\/2438\/imagenes\/thumbnails\/11249058\/barcelona-alquiler.webp","properties_post_title":"barcelona alquiler","properties_post_alt":"barcelona alquiler"},{"properties_post_image_order":19,"properties_post_image_url":"https:\/\/movin.cloud\/empresas\/2438\/imagenes\/11249058\/barcelona-habitalia.webp","properties_post_image_url_thumbnail":"https:\/\/movin.cloud\/empresas\/2438\/imagenes\/thumbnails\/11249058\/barcelona-habitalia.webp","properties_post_title":"barcelona habitalia","properties_post_alt":"barcelona habitalia"},{"properties_post_image_order":20,"properties_post_image_url":"https:\/\/movin.cloud\/empresas\/2438\/imagenes\/11249058\/barcelona-alquilar.webp","properties_post_image_url_thumbnail":"https:\/\/movin.cloud\/empresas\/2438\/imagenes\/thumbnails\/11249058\/barcelona-alquilar.webp","properties_post_title":"barcelona alquilar","properties_post_alt":"barcelona alquilar"},{"properties_post_image_order":21,"properties_post_image_url":"https:\/\/movin.cloud\/empresas\/2438\/imagenes\/11249058\/barcelona-viviendas.webp","properties_post_image_url_thumbnail":"https:\/\/movin.cloud\/empresas\/2438\/imagenes\/thumbnails\/11249058\/barcelona-viviendas.webp","properties_post_title":"barcelona viviendas","properties_post_alt":"barcelona viviendas"},{"properties_post_image_order":22,"properties_post_image_url":"https:\/\/movin.cloud\/empresas\/2438\/imagenes\/11249058\/barcelona-fincas.webp","properties_post_image_url_thumbnail":"https:\/\/movin.cloud\/empresas\/2438\/imagenes\/thumbnails\/11249058\/barcelona-fincas.webp","properties_post_title":"barcelona fincas","properties_post_alt":"barcelona fincas"},{"properties_post_image_order":23,"properties_post_image_url":"https:\/\/movin.cloud\/empresas\/2438\/imagenes\/11249058\/en-alquiler-1.webp","properties_post_image_url_thumbnail":"https:\/\/movin.cloud\/empresas\/2438\/imagenes\/thumbnails\/11249058\/en-alquiler-1.webp","properties_post_title":"en alquiler 1","properties_post_alt":"en alquiler 1"},{"properties_post_image_order":24,"properties_post_image_url":"https:\/\/movin.cloud\/empresas\/2438\/imagenes\/11249058\/en-alquiler-2.webp","properties_post_image_url_thumbnail":"https:\/\/movin.cloud\/empresas\/2438\/imagenes\/thumbnails\/11249058\/en-alquiler-2.webp","properties_post_title":"en alquiler 2","properties_post_alt":"en alquiler 2"},{"properties_post_image_order":25,"properties_post_image_url":"https:\/\/movin.cloud\/empresas\/2438\/imagenes\/11249058\/en-alquiler-5.webp","properties_post_image_url_thumbnail":"https:\/\/movin.cloud\/empresas\/2438\/imagenes\/thumbnails\/11249058\/en-alquiler-5.webp","properties_post_title":"en alquiler 5","properties_post_alt":"en alquiler 5"},{"properties_post_image_order":26,"properties_post_image_url":"https:\/\/movin.cloud\/empresas\/2438\/imagenes\/11249058\/en-alquiler-8.webp","properties_post_image_url_thumbnail":"https:\/\/movin.cloud\/empresas\/2438\/imagenes\/thumbnails\/11249058\/en-alquiler-8.webp","properties_post_title":"en alquiler 8","properties_post_alt":"en alquiler 8"},{"properties_post_image_order":27,"properties_post_image_url":"https:\/\/movin.cloud\/empresas\/2438\/imagenes\/11249058\/en-alquiler-10.webp","properties_post_image_url_thumbnail":"https:\/\/movin.cloud\/empresas\/2438\/imagenes\/thumbnails\/11249058\/en-alquiler-10.webp","properties_post_title":"en alquiler 10","properties_post_alt":"en alquiler 10"},{"properties_post_image_order":28,"properties_post_image_url":"https:\/\/movin.cloud\/empresas\/2438\/imagenes\/11249058\/en-alquiler-12.webp","properties_post_image_url_thumbnail":"https:\/\/movin.cloud\/empresas\/2438\/imagenes\/thumbnails\/11249058\/en-alquiler-12.webp","properties_post_title":"en alquiler 12","properties_post_alt":"en alquiler 12"},{"properties_post_image_order":29,"properties_post_image_url":"https:\/\/movin.cloud\/empresas\/2438\/imagenes\/11249058\/en-alquiler-13.webp","properties_post_image_url_thumbnail":"https:\/\/movin.cloud\/empresas\/2438\/imagenes\/thumbnails\/11249058\/en-alquiler-13.webp","properties_post_title":"en alquiler 13","properties_post_alt":"en alquiler 13"},{"properties_post_image_order":30,"properties_post_image_url":"https:\/\/movin.cloud\/empresas\/2438\/imagenes\/11249058\/en-alquiler-15.webp","properties_post_image_url_thumbnail":"https:\/\/movin.cloud\/empresas\/2438\/imagenes\/thumbnails\/11249058\/en-alquiler-15.webp","properties_post_title":"en alquiler 15","properties_post_alt":"en alquiler 15"},{"properties_post_image_order":31,"properties_post_image_url":"https:\/\/movin.cloud\/empresas\/2438\/imagenes\/11249058\/en-alquiler-16.webp","properties_post_image_url_thumbnail":"https:\/\/movin.cloud\/empresas\/2438\/imagenes\/thumbnails\/11249058\/en-alquiler-16.webp","properties_post_title":"en alquiler 16","properties_post_alt":"en alquiler 16"},{"properties_post_image_order":32,"properties_post_image_url":"https:\/\/movin.cloud\/empresas\/2438\/imagenes\/11249058\/en-alquiler-17.webp","properties_post_image_url_thumbnail":"https:\/\/movin.cloud\/empresas\/2438\/imagenes\/thumbnails\/11249058\/en-alquiler-17.webp","properties_post_title":"en alquiler 17","properties_post_alt":"en alquiler 17"},{"properties_post_image_order":33,"properties_post_image_url":"https:\/\/movin.cloud\/empresas\/2438\/imagenes\/11249058\/en-alquiler-18.webp","properties_post_image_url_thumbnail":"https:\/\/movin.cloud\/empresas\/2438\/imagenes\/thumbnails\/11249058\/en-alquiler-18.webp","properties_post_title":"en alquiler 18","properties_post_alt":"en alquiler 18"},{"properties_post_image_order":34,"properties_post_image_url":"https:\/\/movin.cloud\/empresas\/2438\/imagenes\/11249058\/en-alquiler-20.webp","properties_post_image_url_thumbnail":"https:\/\/movin.cloud\/empresas\/2438\/imagenes\/thumbnails\/11249058\/en-alquiler-20.webp","properties_post_title":"en alquiler 20","properties_post_alt":"en alquiler 20"},{"properties_post_image_order":35,"properties_post_image_url":"https:\/\/movin.cloud\/empresas\/2438\/imagenes\/11249058\/en-alquiler-21.webp","properties_post_image_url_thumbnail":"https:\/\/movin.cloud\/empresas\/2438\/imagenes\/thumbnails\/11249058\/en-alquiler-21.webp","properties_post_title":"en alquiler 21","properties_post_alt":"en alquiler 21"},{"properties_post_image_order":36,"properties_post_image_url":"https:\/\/movin.cloud\/empresas\/2438\/imagenes\/11249058\/en-alquiler-23.webp","properties_post_image_url_thumbnail":"https:\/\/movin.cloud\/empresas\/2438\/imagenes\/thumbnails\/11249058\/en-alquiler-23.webp","properties_post_title":"en alquiler 23","properties_post_alt":"en alquiler 23"},{"properties_post_image_order":37,"properties_post_image_url":"https:\/\/movin.cloud\/empresas\/2438\/imagenes\/11249058\/en-alquiler-25.webp","properties_post_image_url_thumbnail":"https:\/\/movin.cloud\/empresas\/2438\/imagenes\/thumbnails\/11249058\/en-alquiler-25.webp","properties_post_title":"en alquiler 25","properties_post_alt":"en alquiler 25"},{"properties_post_image_order":38,"properties_post_image_url":"https:\/\/movin.cloud\/empresas\/2438\/imagenes\/11249058\/en-alquiler-27.webp","properties_post_image_url_thumbnail":"https:\/\/movin.cloud\/empresas\/2438\/imagenes\/thumbnails\/11249058\/en-alquiler-27.webp","properties_post_title":"en alquiler 27","properties_post_alt":"en alquiler 27"},{"properties_post_image_order":39,"properties_post_image_url":"https:\/\/movin.cloud\/empresas\/2438\/imagenes\/11249058\/en-alquiler-28.webp","properties_post_image_url_thumbnail":"https:\/\/movin.cloud\/empresas\/2438\/imagenes\/thumbnails\/11249058\/en-alquiler-28.webp","properties_post_title":"en alquiler 28","properties_post_alt":"en alquiler 28"},{"properties_post_image_order":40,"properties_post_image_url":"https:\/\/movin.cloud\/empresas\/2438\/imagenes\/11249058\/en-alquiler-31.webp","properties_post_image_url_thumbnail":"https:\/\/movin.cloud\/empresas\/2438\/imagenes\/thumbnails\/11249058\/en-alquiler-31.webp","properties_post_title":"en alquiler 31","properties_post_alt":"en alquiler 31"},{"properties_post_image_order":41,"properties_post_image_url":"https:\/\/movin.cloud\/empresas\/2438\/imagenes\/11249058\/en-alquiler-32.webp","properties_post_image_url_thumbnail":"https:\/\/movin.cloud\/empresas\/2438\/imagenes\/thumbnails\/11249058\/en-alquiler-32.webp","properties_post_title":"en alquiler 32","properties_post_alt":"en alquiler 32"},{"properties_post_image_order":42,"properties_post_image_url":"https:\/\/movin.cloud\/empresas\/2438\/imagenes\/11249058\/en-alquiler-34.webp","properties_post_image_url_thumbnail":"https:\/\/movin.cloud\/empresas\/2438\/imagenes\/thumbnails\/11249058\/en-alquiler-34.webp","properties_post_title":"en alquiler 34","properties_post_alt":"en alquiler 34"},{"properties_post_image_order":43,"properties_post_image_url":"https:\/\/movin.cloud\/empresas\/2438\/imagenes\/11249058\/en-alquiler-35.webp","properties_post_image_url_thumbnail":"https:\/\/movin.cloud\/empresas\/2438\/imagenes\/thumbnails\/11249058\/en-alquiler-35.webp","properties_post_title":"en alquiler 35","properties_post_alt":"en alquiler 35"},{"properties_post_image_order":44,"properties_post_image_url":"https:\/\/movin.cloud\/empresas\/2438\/imagenes\/11249058\/en-alquiler-36.webp","properties_post_image_url_thumbnail":"https:\/\/movin.cloud\/empresas\/2438\/imagenes\/thumbnails\/11249058\/en-alquiler-36.webp","properties_post_title":"en alquiler 36","properties_post_alt":"en alquiler 36"},{"properties_post_image_order":45,"properties_post_image_url":"https:\/\/movin.cloud\/empresas\/2438\/imagenes\/11249058\/en-alquiler-38.webp","properties_post_image_url_thumbnail":"https:\/\/movin.cloud\/empresas\/2438\/imagenes\/thumbnails\/11249058\/en-alquiler-38.webp","properties_post_title":"en alquiler 38","properties_post_alt":"en alquiler 38"},{"properties_post_image_order":46,"properties_post_image_url":"https:\/\/movin.cloud\/empresas\/2438\/imagenes\/11249058\/en-alquiler-40.webp","properties_post_image_url_thumbnail":"https:\/\/movin.cloud\/empresas\/2438\/imagenes\/thumbnails\/11249058\/en-alquiler-40.webp","properties_post_title":"en alquiler 40","properties_post_alt":"en alquiler 40"},{"properties_post_image_order":47,"properties_post_image_url":"https:\/\/movin.cloud\/empresas\/2438\/imagenes\/11249058\/en-alquiler-41.webp","properties_post_image_url_thumbnail":"https:\/\/movin.cloud\/empresas\/2438\/imagenes\/thumbnails\/11249058\/en-alquiler-41.webp","properties_post_title":"en alquiler 41","properties_post_alt":"en alquiler 41"},{"properties_post_image_order":48,"properties_post_image_url":"https:\/\/movin.cloud\/empresas\/2438\/imagenes\/11249058\/en-alquiler-42.webp","properties_post_image_url_thumbnail":"https:\/\/movin.cloud\/empresas\/2438\/imagenes\/thumbnails\/11249058\/en-alquiler-42.webp","properties_post_title":"en alquiler 42","properties_post_alt":"en alquiler 42"},{"properties_post_image_order":49,"properties_post_image_url":"https:\/\/movin.cloud\/empresas\/2438\/imagenes\/11249058\/en-alquiler-43.webp","properties_post_image_url_thumbnail":"https:\/\/movin.cloud\/empresas\/2438\/imagenes\/thumbnails\/11249058\/en-alquiler-43.webp","properties_post_title":"en alquiler 43","properties_post_alt":"en alquiler 43"},{"properties_post_image_order":50,"properties_post_image_url":"https:\/\/movin.cloud\/empresas\/2438\/imagenes\/11249058\/en-alquiler-45.webp","properties_post_image_url_thumbnail":"https:\/\/movin.cloud\/empresas\/2438\/imagenes\/thumbnails\/11249058\/en-alquiler-45.webp","properties_post_title":"en alquiler 45","properties_post_alt":"en alquiler 45"},{"properties_post_image_order":51,"properties_post_image_url":"https:\/\/movin.cloud\/empresas\/2438\/imagenes\/11249058\/en-alquiler-47.webp","properties_post_image_url_thumbnail":"https:\/\/movin.cloud\/empresas\/2438\/imagenes\/thumbnails\/11249058\/en-alquiler-47.webp","properties_post_title":"en alquiler 47","properties_post_alt":"en alquiler 47"},{"properties_post_image_order":52,"properties_post_image_url":"https:\/\/movin.cloud\/empresas\/2438\/imagenes\/11249058\/en-alquiler-48.webp","properties_post_image_url_thumbnail":"https:\/\/movin.cloud\/empresas\/2438\/imagenes\/thumbnails\/11249058\/en-alquiler-48.webp","properties_post_title":"en alquiler 48","properties_post_alt":"en alquiler 48"},{"properties_post_image_order":53,"properties_post_image_url":"https:\/\/movin.cloud\/empresas\/2438\/imagenes\/11249058\/en-alquiler-50.webp","properties_post_image_url_thumbnail":"https:\/\/movin.cloud\/empresas\/2438\/imagenes\/thumbnails\/11249058\/en-alquiler-50.webp","properties_post_title":"en alquiler 50","properties_post_alt":"en alquiler 50"},{"properties_post_image_order":54,"properties_post_image_url":"https:\/\/movin.cloud\/empresas\/2438\/imagenes\/11249058\/en-alquiler-51.webp","properties_post_image_url_thumbnail":"https:\/\/movin.cloud\/empresas\/2438\/imagenes\/thumbnails\/11249058\/en-alquiler-51.webp","properties_post_title":"en alquiler 51","properties_post_alt":"en alquiler 51"}],"post_type_properties_post_videos":null,"post_type_properties_post_tour":null,"post_type_properties_post_dossier_url":"","post_type_properties_post_operation_type":"rent","post_type_properties_post_operation_price":15000,"post_type_properties_post_features_hidden_price":false},"yoast_head":"<!-- This site is optimized with the Yoast SEO plugin v27.4 - https:\/\/yoast.com\/product\/yoast-seo-wordpress\/ -->\n<title>GENERAL VIVES - Forcadell<\/title>\n<meta name=\"robots\" content=\"index, follow, max-snippet:-1, max-image-preview:large, max-video-preview:-1\" \/>\n<link rel=\"canonical\" href=\"https:\/\/forcadell.com\/ca\/propiedades\/general-vives\/\" \/>\n<meta property=\"og:locale\" content=\"ca_ES\" \/>\n<meta property=\"og:type\" content=\"article\" \/>\n<meta property=\"og:title\" content=\"GENERAL VIVES - Forcadell\" \/>\n<meta property=\"og:description\" content=\"Oficina en alquiler 667 m\u00b2 Sarri\u00e0 con jard\u00edn, terraza y parking \u2013 Casa modernista Ubicada en la emblem\u00e1tica Casa Alemany (1901), esta singular propiedad combina el encanto de la arquitectura modernista con espacios funcionales y representativos. Una opci\u00f3n ideal para empresas que buscan imagen, amplitud y confort en una de las zonas m\u00e1s prestigiosas de [&hellip;]\" \/>\n<meta property=\"og:url\" content=\"https:\/\/forcadell.com\/ca\/propiedades\/general-vives\/\" \/>\n<meta property=\"og:site_name\" content=\"Forcadell\" \/>\n<meta property=\"article:modified_time\" content=\"2026-04-29T00:26:03+00:00\" \/>\n<meta name=\"twitter:card\" content=\"summary_large_image\" \/>\n<meta name=\"twitter:label1\" content=\"Temps estimat de lectura\" \/>\n\t<meta name=\"twitter:data1\" content=\"1 minut\" \/>\n<!-- \/ Yoast SEO plugin. -->","yoast_head_json":{"title":"GENERAL VIVES - Forcadell","robots":{"index":"index","follow":"follow","max-snippet":"max-snippet:-1","max-image-preview":"max-image-preview:large","max-video-preview":"max-video-preview:-1"},"canonical":"https:\/\/forcadell.com\/ca\/propiedades\/general-vives\/","og_locale":"ca_ES","og_type":"article","og_title":"GENERAL VIVES - Forcadell","og_description":"Oficina en alquiler 667 m\u00b2 Sarri\u00e0 con jard\u00edn, terraza y parking \u2013 Casa modernista Ubicada en la emblem\u00e1tica Casa Alemany (1901), esta singular propiedad combina el encanto de la arquitectura modernista con espacios funcionales y representativos. Una opci\u00f3n ideal para empresas que buscan imagen, amplitud y confort en una de las zonas m\u00e1s prestigiosas de [&hellip;]","og_url":"https:\/\/forcadell.com\/ca\/propiedades\/general-vives\/","og_site_name":"Forcadell","article_modified_time":"2026-04-29T00:26:03+00:00","twitter_card":"summary_large_image","twitter_misc":{"Temps estimat de lectura":"1 minut"},"schema":{"@context":"https:\/\/schema.org","@graph":[{"@type":"WebPage","@id":"https:\/\/forcadell.com\/ca\/propiedades\/general-vives\/","url":"https:\/\/forcadell.com\/ca\/propiedades\/general-vives\/","name":"GENERAL VIVES - Forcadell","isPartOf":{"@id":"https:\/\/forcadell.com\/ca\/#website"},"datePublished":"2026-03-30T16:13:26+00:00","dateModified":"2026-04-29T00:26:03+00:00","breadcrumb":{"@id":"https:\/\/forcadell.com\/ca\/propiedades\/general-vives\/#breadcrumb"},"inLanguage":"ca","potentialAction":[{"@type":"ReadAction","target":["https:\/\/forcadell.com\/ca\/propiedades\/general-vives\/"]}]},{"@type":"BreadcrumbList","@id":"https:\/\/forcadell.com\/ca\/propiedades\/general-vives\/#breadcrumb","itemListElement":[{"@type":"ListItem","position":1,"name":"Portada","item":"https:\/\/forcadell.com\/ca\/"},{"@type":"ListItem","position":2,"name":"Properties","item":"https:\/\/forcadell.com\/ca\/propiedades\/"},{"@type":"ListItem","position":3,"name":"GENERAL VIVES"}]},{"@type":"WebSite","@id":"https:\/\/forcadell.com\/ca\/#website","url":"https:\/\/forcadell.com\/ca\/","name":"Forcadell","description":"Inmobiliaria Barcelona | Consultores inmobiliarios","potentialAction":[{"@type":"SearchAction","target":{"@type":"EntryPoint","urlTemplate":"https:\/\/forcadell.com\/ca\/?s={search_term_string}"},"query-input":{"@type":"PropertyValueSpecification","valueRequired":true,"valueName":"search_term_string"}}],"inLanguage":"ca"}]}},"_links":{"self":[{"href":"https:\/\/forcadell.com\/ca\/wp-json\/wp\/v2\/properties_post\/63632","targetHints":{"allow":["GET"]}}],"collection":[{"href":"https:\/\/forcadell.com\/ca\/wp-json\/wp\/v2\/properties_post"}],"about":[{"href":"https:\/\/forcadell.com\/ca\/wp-json\/wp\/v2\/types\/properties_post"}],"wp:attachment":[{"href":"https:\/\/forcadell.com\/ca\/wp-json\/wp\/v2\/media?parent=63632"}],"curies":[{"name":"wp","href":"https:\/\/api.w.org\/{rel}","templated":true}]}}