{"id":63454,"date":"2026-03-24T10:08:53","date_gmt":"2026-03-24T08:08:53","guid":{"rendered":"https:\/\/forcadell.com\/propiedades\/berlin-numancia\/"},"modified":"2026-04-26T19:08:42","modified_gmt":"2026-04-26T17:08:42","slug":"berlin-numancia","status":"publish","type":"properties_post","link":"https:\/\/forcadell.com\/ca\/propiedades\/berlin-numancia\/","title":{"rendered":"BERLIN &#8211; NUMANCIA"},"content":{"rendered":"<p>Oficinas premium en Les Corts\u2013Sarri\u00e0 | Barcelona<\/p>\n<p>Excelente edificio de oficinas de 11.686 m\u00b2, construido en 1994, ubicado en una de las zonas m\u00e1s consolidadas de Barcelona, en la intersecci\u00f3n de Berl\u00edn y Numancia. Una ubicaci\u00f3n estrat\u00e9gica con gran conexi\u00f3n y servicios, ideal para empresas que buscan imagen, comodidad y funcionalidad.<\/p>\n<p>Oficinas completamente acondicionadas recientemente (hace menos de un a\u00f1o), listas para entrar y con acabados de alto nivel. Oficina con terraza.<\/p>\n<p>El edificio ofrece zonas comunes elegantes, acabados de alta calidad y una imagen corporativa impecable, siendo una oportunidad \u00fanica de implantaci\u00f3n en un entorno profesional consolidado.<\/p>\n<p>Caracter\u00edsticas del edificio:<\/p>\n<p>Edificio exclusivo de oficinas (PB + 7)<br \/>\nDos vest\u00edbulos independientes con control de acceso<br \/>\n6 ascensores distribuidos en 2 n\u00facleos<br \/>\nServicio de recepci\u00f3n, tornos y videovigilancia (CCTV)<br \/>\nAccesibilidad total conforme a normativa vigente<br \/>\nSistema de climatizaci\u00f3n de cuatro tubos<br \/>\nSuelo t\u00e9cnico elevado y falso techo con iluminaci\u00f3n LED<br \/>\nAparcamiento disponible<br \/>\nCertificaci\u00f3n BREEAM Very Good y gesti\u00f3n BREEAM Excellent<\/p>\n<p>Gastos de comunidad e IBI: 5,20 \u20ac\/m\u00b2\/mes<br \/>\nPlaza de parking: 100 \u20ac\/mes + 23 \u20ac\/plaza\/mes de comunidad<\/p>\n<p>Una oportunidad ideal para compa\u00f1\u00edas que buscan oficinas modernas, bien ubicadas y con una imagen corporativa s\u00f3lida en Barcelona.<\/p>\n<p>Para m\u00e1s informaci\u00f3n o concertar una visita, no dudes en contactarnos.<\/p>\n","protected":false},"template":"","class_list":["post-63454","properties_post","type-properties_post","status-publish","hentry","properties_modality-rent","properties_district-sants-montjuic","properties_province-barcelona","properties_zone-centro","properties_state-barcelona","properties_subclass-oficina","properties_type-oficina"],"acf":{"post_type_properties_post_property_code":"11248133","post_type_properties_post_property_reference":"IE-226598","post_type_properties_post_owner_id":"37276","post_type_properties_post_owner_name":"INMOCAIXA-INMOCRITERIA CAIXA SA","post_type_properties_post_property_code_encrypted":"MjQ5JDMyNzAw","post_type_properties_post_published":"1","post_type_properties_post_property_visibility":"idealista","post_type_properties_post_contact_name":"Forcadell Oficinas Barcelona","post_type_properties_post_contact_email":"forcadell.oficinas.barcelona@movin.cloud","post_type_properties_post_contact_primary_phone_prefix":"34","post_type_properties_post_contact_primary_phone_number":"934965413","post_type_properties_post_address_visibility":"street","post_type_properties_post_address_country":"Spain","post_type_properties_post_address_coordinates_precision":"exact","post_type_properties_post_address_postal_code":"08029","post_type_properties_post_address_coordinates_latitude":"41.383507","post_type_properties_post_address_coordinates_longitude":"2.139746","post_type_properties_post_address_street_name":"Berlin Numancia","post_type_properties_post_address_floor":"7","post_type_properties_post_address_town":"Barcelona","post_type_properties_post_building":null,"post_type_properties_post_property":[{"properties_post_description_language":"catalan","properties_post_title":"BERLIN - NUMANCIA","properties_post_short_description_text_alt":"","properties_post_description_text_alt":"","properties_post_short_description_text":"","properties_post_link_demanda_inmueble":"https:\/\/movin.cloud\/ca\/Forcadell Oficinas Barcelona\/formulari-peticio-immoble\/sth\/2438&&11248133","properties_post_link_demanda_calendario_inmueble":"https:\/\/movin.cloud\/ca\/Forcadell Oficinas Barcelona\/calendari-peticio-immoble\/sth\/2438&&11248133","properties_post_description_text":"Oficines premium a Les Corts\u2013Sarri\u00e0 | Barcelona\n\nExcel\u00b7lent edifici d'oficines de 11.686 m\u00b2, constru\u00eft el 1994, ubicat en una de les zones m\u00e9s consolidades de Barcelona, a la intersecci\u00f3 de Berl\u00edn i Num\u00e0ncia. Una ubicaci\u00f3 estrat\u00e8gica amb gran connexi\u00f3 i serveis, ideal per a empreses que busquen imatge, comoditat i funcionalitat.\n\nOficines completament condicionades recentment (fa menys d'un any), a punt per entrar i amb acabats d'alt nivell. Oficina amb terrassa.\n\nL\u00b4edifici ofereix zones comunes elegants, acabats d\u00b4alta qualitat i una imatge corporativa impecable, sent una oportunitat \u00fanica d\u00b4implantaci\u00f3 en un entorn professional consolidat.\n\nCaracter\u00edstiques de l'edifici:\n\nEdifici exclusiu d'oficines (PB+7)\nDos vest\u00edbuls independents amb control dacc\u00e9s\n6 ascensors distribu\u00efts en 2 nuclis\nServei de recepci\u00f3, torns i videovigil\u00e0ncia (CCTV)\nAccessibilitat total d'acord amb la normativa vigent\nSistema de climatitzaci\u00f3 de quatre tubs\nS\u00f2l t\u00e8cnic elevat i fals sostre amb il\u00b7luminaci\u00f3 LED\nAparcament disponible\nCertificaci\u00f3 BREEAM Very Good i gesti\u00f3 BREEAM Excellent\n\nDespeses de comunitat i IBI: 5,20 \u20ac\/m\u00b2\/mes\nPla\u00e7a de garatge: 100 \u20ac\/mes + 23 \u20ac\/pla\u00e7a\/mes de comunitat\n\nUna oportunitat ideal per a companyies que busquen oficines modernes, ben ubicades i amb una imatge corporativa s\u00f2lida a Barcelona.\n\nPer a m\u00e9s informaci\u00f3 o concertar una visita, no dubtis a contactar-nos.","properties_post_seo_title":"","properties_post_seo_alias":"","properties_post_seo_metadescription":"","properties_post_seo_key_words":"","properties_post_seo_url":"","properties_post_terms_conditions":""},{"properties_post_description_language":"spanish","properties_post_title":"BERLIN - NUMANCIA","properties_post_short_description_text_alt":"","properties_post_description_text_alt":"","properties_post_short_description_text":"","properties_post_link_demanda_inmueble":"https:\/\/movin.cloud\/es\/Forcadell Oficinas Barcelona\/formulario-peticion-inmueble\/sth\/2438&&11248133","properties_post_link_demanda_calendario_inmueble":"https:\/\/movin.cloud\/es\/Forcadell Oficinas Barcelona\/calendario-peticion-inmueble\/sth\/2438&&11248133","properties_post_description_text":"Oficinas premium en Les Corts\u2013Sarri\u00e0 | Barcelona\n\nExcelente edificio de oficinas de 11.686 m\u00b2, construido en 1994, ubicado en una de las zonas m\u00e1s consolidadas de Barcelona, en la intersecci\u00f3n de Berl\u00edn y Numancia. Una ubicaci\u00f3n estrat\u00e9gica con gran conexi\u00f3n y servicios, ideal para empresas que buscan imagen, comodidad y funcionalidad.\n\nOficinas completamente acondicionadas recientemente (hace menos de un a\u00f1o), listas para entrar y con acabados de alto nivel. Oficina con terraza.\n\nEl edificio ofrece zonas comunes elegantes, acabados de alta calidad y una imagen corporativa impecable, siendo una oportunidad \u00fanica de implantaci\u00f3n en un entorno profesional consolidado.\n\nCaracter\u00edsticas del edificio:\n\nEdificio exclusivo de oficinas (PB + 7)\nDos vest\u00edbulos independientes con control de acceso\n6 ascensores distribuidos en 2 n\u00facleos\nServicio de recepci\u00f3n, tornos y videovigilancia (CCTV)\nAccesibilidad total conforme a normativa vigente\nSistema de climatizaci\u00f3n de cuatro tubos\nSuelo t\u00e9cnico elevado y falso techo con iluminaci\u00f3n LED\nAparcamiento disponible\nCertificaci\u00f3n BREEAM Very Good y gesti\u00f3n BREEAM Excellent\n\nGastos de comunidad e IBI: 5,20 \u20ac\/m\u00b2\/mes\nPlaza de parking: 100 \u20ac\/mes + 23 \u20ac\/plaza\/mes de comunidad\n\nUna oportunidad ideal para compa\u00f1\u00edas que buscan oficinas modernas, bien ubicadas y con una imagen corporativa s\u00f3lida en Barcelona.\n\nPara m\u00e1s informaci\u00f3n o concertar una visita, no dudes en contactarnos.","properties_post_seo_title":"","properties_post_seo_alias":"","properties_post_seo_metadescription":"","properties_post_seo_key_words":"","properties_post_seo_url":"","properties_post_terms_conditions":""}],"post_type_properties_post_features_type":"office","post_type_properties_post_id_building":"","post_type_properties_post_features_area_constructed":891,"post_type_properties_post_features_conditioned_air":true,"post_type_properties_post_features_doorman":false,"post_type_properties_post_features_heating":true,"post_type_properties_post_features_equipped_kitchen":false,"post_type_properties_post_features_windows_location":"exterior","post_type_properties_post_features_floors_property":false,"post_type_properties_post_features_storage":false,"post_type_properties_post_features_security_door":false,"post_type_properties_post_features_energy_certificate_rating":"B","post_type_properties_post_features_energy_certificate_emissions_rating":"B","post_type_properties_post_features_energy_certificate_emissions_value":"","post_type_properties_post_features_energy_certificate_performance":"","post_type_properties_post_features_bathroom_inside":true,"post_type_properties_post_precio":24057,"post_type_properties_post_precio_alquiler":24057,"post_type_properties_post_record_type_id":"Oficina","post_type_properties_post_categoria__producto":"Oficina","post_type_properties_post_amueblado":false,"post_type_properties_post_precio_m2":27,"post_type_properties_post_zona__comunitaria":false,"post_type_properties_post_electrodomesticos":false,"post_type_properties_post_patio__interior":true,"post_type_properties_post_certificado_energetico_general":"B","post_type_properties_post_certificado_energetico_consumo":"B","post_type_properties_post_certificado_energetico_valor_emisiones":"","post_type_properties_post_certificado_energetico_valor_consumo":"","post_type_properties_post_modalidad":"rent","post_type_properties_post_provincia":"Barcelona","post_type_properties_post_poblacion":"Barcelona","post_type_properties_post_centro__urbano":false,"post_type_properties_post_zonificacion":"Centro","post_type_properties_post_cartera":"","post_type_properties_post_titulo_catalan":"BERLIN - NUMANCIA","post_type_properties_post_internet_catalan":"Oficines premium a Les Corts\u2013Sarri\u00e0 | Barcelona\n\nExcel\u00b7lent edifici d'oficines de 11.686 m\u00b2, constru\u00eft el 1994, ubicat en una de les zones m\u00e9s consolidades de Barcelona, a la intersecci\u00f3 de Berl\u00edn i Num\u00e0ncia. Una ubicaci\u00f3 estrat\u00e8gica amb gran connexi\u00f3 i serveis, ideal per a empreses que busquen imatge, comoditat i funcionalitat.\n\nOficines completament condicionades recentment (fa menys d'un any), a punt per entrar i amb acabats d'alt nivell. Oficina amb terrassa.\n\nL\u00b4edifici ofereix zones comunes elegants, acabats d\u00b4alta qualitat i una imatge corporativa impecable, sent una oportunitat \u00fanica d\u00b4implantaci\u00f3 en un entorn professional consolidat.\n\nCaracter\u00edstiques de l'edifici:\n\nEdifici exclusiu d'oficines (PB+7)\nDos vest\u00edbuls independents amb control dacc\u00e9s\n6 ascensors distribu\u00efts en 2 nuclis\nServei de recepci\u00f3, torns i videovigil\u00e0ncia (CCTV)\nAccessibilitat total d'acord amb la normativa vigent\nSistema de climatitzaci\u00f3 de quatre tubs\nS\u00f2l t\u00e8cnic elevat i fals sostre amb il\u00b7luminaci\u00f3 LED\nAparcament disponible\nCertificaci\u00f3 BREEAM Very Good i gesti\u00f3 BREEAM Excellent\n\nDespeses de comunitat i IBI: 5,20 \u20ac\/m\u00b2\/mes\nPla\u00e7a de garatge: 100 \u20ac\/mes + 23 \u20ac\/pla\u00e7a\/mes de comunitat\n\nUna oportunitat ideal per a companyies que busquen oficines modernes, ben ubicades i amb una imatge corporativa s\u00f2lida a Barcelona.\n\nPer a m\u00e9s informaci\u00f3 o concertar una visita, no dubtis a contactar-nos.","post_type_properties_post_titulo_castellano":"BERLIN - NUMANCIA","post_type_properties_post_internet_castellano":"Oficinas premium en Les Corts\u2013Sarri\u00e0 | Barcelona\n\nExcelente edificio de oficinas de 11.686 m\u00b2, construido en 1994, ubicado en una de las zonas m\u00e1s consolidadas de Barcelona, en la intersecci\u00f3n de Berl\u00edn y Numancia. Una ubicaci\u00f3n estrat\u00e9gica con gran conexi\u00f3n y servicios, ideal para empresas que buscan imagen, comodidad y funcionalidad.\n\nOficinas completamente acondicionadas recientemente (hace menos de un a\u00f1o), listas para entrar y con acabados de alto nivel. Oficina con terraza.\n\nEl edificio ofrece zonas comunes elegantes, acabados de alta calidad y una imagen corporativa impecable, siendo una oportunidad \u00fanica de implantaci\u00f3n en un entorno profesional consolidado.\n\nCaracter\u00edsticas del edificio:\n\nEdificio exclusivo de oficinas (PB + 7)\nDos vest\u00edbulos independientes con control de acceso\n6 ascensores distribuidos en 2 n\u00facleos\nServicio de recepci\u00f3n, tornos y videovigilancia (CCTV)\nAccesibilidad total conforme a normativa vigente\nSistema de climatizaci\u00f3n de cuatro tubos\nSuelo t\u00e9cnico elevado y falso techo con iluminaci\u00f3n LED\nAparcamiento disponible\nCertificaci\u00f3n BREEAM Very Good y gesti\u00f3n BREEAM Excellent\n\nGastos de comunidad e IBI: 5,20 \u20ac\/m\u00b2\/mes\nPlaza de parking: 100 \u20ac\/mes + 23 \u20ac\/plaza\/mes de comunidad\n\nUna oportunidad ideal para compa\u00f1\u00edas que buscan oficinas modernas, bien ubicadas y con una imagen corporativa s\u00f3lida en Barcelona.\n\nPara m\u00e1s informaci\u00f3n o concertar una visita, no dudes en contactarnos.","post_type_properties_post_titulo_ingles":"","post_type_properties_post_internet_ingles":"","post_type_properties_post_features_classification_commercial":false,"post_type_properties_post_features_conservation":"good","post_type_properties_post_features_security_personnel":false,"post_type_properties_post_features_parking_available":false,"post_type_properties_post_features_garage_capacity_type":"","post_type_properties_post_features_bathroom_number":"","post_type_properties_post_eje":"","post_type_properties_post_zona":"","post_type_properties_post_comarca":"","post_type_properties_post_features_built_year":"","post_type_properties_post_renta_mensual":24057,"post_type_properties_post_fianza":"","post_type_properties_post_features_area_plot":"","post_type_properties_post_features_area_buildable":"","post_type_properties_post_features_classification_industrial":false,"post_type_properties_post_distrito":"","post_type_properties_post_features_balcony":false,"post_type_properties_post_features_bedroom_number":"","post_type_properties_post_features_heating_type":"","post_type_properties_post_features_equipped_with_furniture":false,"post_type_properties_post_features_pets_allowed":false,"post_type_properties_post_features_pool":false,"post_type_properties_post_features_terrace":false,"post_type_properties_post_features_wardrobes":false,"post_type_properties_post_features_lift_available":false,"post_type_properties_post_features_handicap_adapted_access":false,"post_type_properties_post_features_orientation_east":false,"post_type_properties_post_features_orientation_west":false,"post_type_properties_post_features_orientation_north":false,"post_type_properties_post_features_orientation_south":false,"post_type_properties_post_features_parking_spaces_number":"","post_type_properties_post_features_security_alarm":false,"post_type_properties_post_features_security_system":false,"post_type_properties_post_open_plan":false,"post_type_properties_post_acceso_24_7":false,"post_type_properties_post_oficina_privada":false,"post_type_properties_post_sala_reuniones":false,"post_type_properties_post_espacio_eventos":false,"post_type_properties_post_office":false,"post_type_properties_post_restaurant":false,"post_type_properties_post_acepta_traspaso":false,"post_type_properties_post_vigilancia":true,"post_type_properties_post_features_suite":false,"post_type_properties_post_features_vitro":false,"post_type_properties_post_features_oven":false,"post_type_properties_post_features_microwave":false,"post_type_properties_post_features_washing_machine":false,"post_type_properties_post_features_dryer":false,"post_type_properties_post_features_dishwasher":false,"post_type_properties_post_features_fridge":false,"post_type_properties_post_features_fridge_mini":false,"post_type_properties_post_features_kettle":false,"post_type_properties_post_features_toaster":false,"post_type_properties_post_features_coffee_maker":false,"post_type_properties_post_features_iron":false,"post_type_properties_post_features_ironing_board":false,"post_type_properties_post_features_safe":false,"post_type_properties_post_features_internet":false,"post_type_properties_post_features_solarium":false,"post_type_properties_post_features_clean_service":false,"post_type_properties_post_features_t_v":false,"post_type_properties_post_features_satellite_t_v":false,"post_type_properties_post_features_gas_kitchen":false,"post_type_properties_post_features_view_mountain":true,"post_type_properties_post_features_view_sea":true,"post_type_properties_post_features_concierge":true,"post_type_properties_post_features_loading_dock":false,"post_type_properties_post_features_bridge_crane":false,"post_type_properties_post_features_located_at_corner":false,"post_type_properties_post_features_smoke_extraction":false,"post_type_properties_post_features_rooms":"","post_type_properties_post_features_garden_area":"","post_type_properties_post_features_utilities_water":false,"post_type_properties_post_features_utilities_electricity":false,"post_type_properties_post_features_utilities_natural_gas":false,"post_type_properties_post_features_building_adapted":true,"post_type_properties_post_features_garden":false,"post_type_properties_post_features_classification_hotel":false,"post_type_properties_post_features_classification_chalet":false,"post_type_properties_post_certificado_energetico_emisiones":"B","post_type_properties_post_barrio":"","post_type_properties_post_distrito_empresa":"Sants-Montju\u00efc","post_type_properties_post_features_property_category_intern":"","post_type_properties_post_implantada":true,"post_type_properties_post_sello_leed":"","post_type_properties_post_sello_well":"","post_type_properties_post_sello_breeam":true,"post_type_properties_post_images":[{"properties_post_image_order":1,"properties_post_image_url":"https:\/\/movin.cloud\/empresas\/2438\/imagenes\/11248133\/rent-barcelona.webp","properties_post_image_url_thumbnail":"https:\/\/movin.cloud\/empresas\/2438\/imagenes\/thumbnails\/11248133\/rent-barcelona.webp","properties_post_title":"rent barcelona","properties_post_alt":"rent barcelona"},{"properties_post_image_order":2,"properties_post_image_url":"https:\/\/movin.cloud\/empresas\/2438\/imagenes\/11248133\/viviendas-barcelona.webp","properties_post_image_url_thumbnail":"https:\/\/movin.cloud\/empresas\/2438\/imagenes\/thumbnails\/11248133\/viviendas-barcelona.webp","properties_post_title":"viviendas barcelona","properties_post_alt":"viviendas barcelona"},{"properties_post_image_order":3,"properties_post_image_url":"https:\/\/movin.cloud\/empresas\/2438\/imagenes\/11248133\/fincas-barcelona.webp","properties_post_image_url_thumbnail":"https:\/\/movin.cloud\/empresas\/2438\/imagenes\/thumbnails\/11248133\/fincas-barcelona.webp","properties_post_title":"fincas barcelona","properties_post_alt":"fincas barcelona"},{"properties_post_image_order":4,"properties_post_image_url":"https:\/\/movin.cloud\/empresas\/2438\/imagenes\/11248133\/alquiler-para-idealistas-barcelona.webp","properties_post_image_url_thumbnail":"https:\/\/movin.cloud\/empresas\/2438\/imagenes\/thumbnails\/11248133\/alquiler-para-idealistas-barcelona.webp","properties_post_title":"alquiler para idealistas barcelona","properties_post_alt":"alquiler para idealistas barcelona"},{"properties_post_image_order":5,"properties_post_image_url":"https:\/\/movin.cloud\/empresas\/2438\/imagenes\/11248133\/barcelona-alquiler.webp","properties_post_image_url_thumbnail":"https:\/\/movin.cloud\/empresas\/2438\/imagenes\/thumbnails\/11248133\/barcelona-alquiler.webp","properties_post_title":"barcelona alquiler","properties_post_alt":"barcelona alquiler"},{"properties_post_image_order":6,"properties_post_image_url":"https:\/\/movin.cloud\/empresas\/2438\/imagenes\/11248133\/alquiler-para-idealistas.webp","properties_post_image_url_thumbnail":"https:\/\/movin.cloud\/empresas\/2438\/imagenes\/thumbnails\/11248133\/alquiler-para-idealistas.webp","properties_post_title":"alquiler para idealistas","properties_post_alt":"alquiler para idealistas"},{"properties_post_image_order":7,"properties_post_image_url":"https:\/\/movin.cloud\/empresas\/2438\/imagenes\/11248133\/alquiler-para-idealista.webp","properties_post_image_url_thumbnail":"https:\/\/movin.cloud\/empresas\/2438\/imagenes\/thumbnails\/11248133\/alquiler-para-idealista.webp","properties_post_title":"alquiler para idealista","properties_post_alt":"alquiler para idealista"},{"properties_post_image_order":8,"properties_post_image_url":"https:\/\/movin.cloud\/empresas\/2438\/imagenes\/11248133\/inmobiliarias-barcelona.webp","properties_post_image_url_thumbnail":"https:\/\/movin.cloud\/empresas\/2438\/imagenes\/thumbnails\/11248133\/inmobiliarias-barcelona.webp","properties_post_title":"inmobiliarias barcelona","properties_post_alt":"inmobiliarias barcelona"},{"properties_post_image_order":9,"properties_post_image_url":"https:\/\/movin.cloud\/empresas\/2438\/imagenes\/11248133\/alquilar-barcelona.webp","properties_post_image_url_thumbnail":"https:\/\/movin.cloud\/empresas\/2438\/imagenes\/thumbnails\/11248133\/alquilar-barcelona.webp","properties_post_title":"alquilar barcelona","properties_post_alt":"alquilar barcelona"},{"properties_post_image_order":10,"properties_post_image_url":"https:\/\/movin.cloud\/empresas\/2438\/imagenes\/11248133\/alquiler-para-idealista-barcelona.webp","properties_post_image_url_thumbnail":"https:\/\/movin.cloud\/empresas\/2438\/imagenes\/thumbnails\/11248133\/alquiler-para-idealista-barcelona.webp","properties_post_title":"alquiler para idealista barcelona","properties_post_alt":"alquiler para idealista barcelona"},{"properties_post_image_order":11,"properties_post_image_url":"https:\/\/movin.cloud\/empresas\/2438\/imagenes\/11248133\/habitalia-barcelona.webp","properties_post_image_url_thumbnail":"https:\/\/movin.cloud\/empresas\/2438\/imagenes\/thumbnails\/11248133\/habitalia-barcelona.webp","properties_post_title":"habitalia barcelona","properties_post_alt":"habitalia barcelona"},{"properties_post_image_order":12,"properties_post_image_url":"https:\/\/movin.cloud\/empresas\/2438\/imagenes\/11248133\/rent.webp","properties_post_image_url_thumbnail":"https:\/\/movin.cloud\/empresas\/2438\/imagenes\/thumbnails\/11248133\/rent.webp","properties_post_title":"rent","properties_post_alt":"rent"},{"properties_post_image_order":13,"properties_post_image_url":"https:\/\/movin.cloud\/empresas\/2438\/imagenes\/11248133\/alquiler.webp","properties_post_image_url_thumbnail":"https:\/\/movin.cloud\/empresas\/2438\/imagenes\/thumbnails\/11248133\/alquiler.webp","properties_post_title":"alquiler","properties_post_alt":"alquiler"},{"properties_post_image_order":14,"properties_post_image_url":"https:\/\/movin.cloud\/empresas\/2438\/imagenes\/11248133\/alquiler-idealistas-barcelona.webp","properties_post_image_url_thumbnail":"https:\/\/movin.cloud\/empresas\/2438\/imagenes\/thumbnails\/11248133\/alquiler-idealistas-barcelona.webp","properties_post_title":"alquiler idealistas barcelona","properties_post_alt":"alquiler idealistas barcelona"},{"properties_post_image_order":15,"properties_post_image_url":"https:\/\/movin.cloud\/empresas\/2438\/imagenes\/11248133\/alquiler-idealistas.webp","properties_post_image_url_thumbnail":"https:\/\/movin.cloud\/empresas\/2438\/imagenes\/thumbnails\/11248133\/alquiler-idealistas.webp","properties_post_title":"alquiler idealistas","properties_post_alt":"alquiler idealistas"},{"properties_post_image_order":16,"properties_post_image_url":"https:\/\/movin.cloud\/empresas\/2438\/imagenes\/11248133\/inmobiliaria-barcelona.webp","properties_post_image_url_thumbnail":"https:\/\/movin.cloud\/empresas\/2438\/imagenes\/thumbnails\/11248133\/inmobiliaria-barcelona.webp","properties_post_title":"inmobiliaria barcelona","properties_post_alt":"inmobiliaria barcelona"},{"properties_post_image_order":17,"properties_post_image_url":"https:\/\/movin.cloud\/empresas\/2438\/imagenes\/11248133\/barcelona-en-alquiler.webp","properties_post_image_url_thumbnail":"https:\/\/movin.cloud\/empresas\/2438\/imagenes\/thumbnails\/11248133\/barcelona-en-alquiler.webp","properties_post_title":"barcelona en alquiler","properties_post_alt":"barcelona en alquiler"},{"properties_post_image_order":18,"properties_post_image_url":"https:\/\/movin.cloud\/empresas\/2438\/imagenes\/11248133\/habitalia.webp","properties_post_image_url_thumbnail":"https:\/\/movin.cloud\/empresas\/2438\/imagenes\/thumbnails\/11248133\/habitalia.webp","properties_post_title":"habitalia","properties_post_alt":"habitalia"},{"properties_post_image_order":19,"properties_post_image_url":"https:\/\/movin.cloud\/empresas\/2438\/imagenes\/11248133\/alquilar.webp","properties_post_image_url_thumbnail":"https:\/\/movin.cloud\/empresas\/2438\/imagenes\/thumbnails\/11248133\/alquilar.webp","properties_post_title":"alquilar","properties_post_alt":"alquilar"},{"properties_post_image_order":20,"properties_post_image_url":"https:\/\/movin.cloud\/empresas\/2438\/imagenes\/11248133\/fincas.webp","properties_post_image_url_thumbnail":"https:\/\/movin.cloud\/empresas\/2438\/imagenes\/thumbnails\/11248133\/fincas.webp","properties_post_title":"fincas","properties_post_alt":"fincas"},{"properties_post_image_order":21,"properties_post_image_url":"https:\/\/movin.cloud\/empresas\/2438\/imagenes\/11248133\/inmobiliarias.webp","properties_post_image_url_thumbnail":"https:\/\/movin.cloud\/empresas\/2438\/imagenes\/thumbnails\/11248133\/inmobiliarias.webp","properties_post_title":"inmobiliarias","properties_post_alt":"inmobiliarias"},{"properties_post_image_order":22,"properties_post_image_url":"https:\/\/movin.cloud\/empresas\/2438\/imagenes\/11248133\/alquiler-barcelona.webp","properties_post_image_url_thumbnail":"https:\/\/movin.cloud\/empresas\/2438\/imagenes\/thumbnails\/11248133\/alquiler-barcelona.webp","properties_post_title":"alquiler barcelona","properties_post_alt":"alquiler barcelona"},{"properties_post_image_order":23,"properties_post_image_url":"https:\/\/movin.cloud\/empresas\/2438\/imagenes\/11248133\/viviendas.webp","properties_post_image_url_thumbnail":"https:\/\/movin.cloud\/empresas\/2438\/imagenes\/thumbnails\/11248133\/viviendas.webp","properties_post_title":"viviendas","properties_post_alt":"viviendas"},{"properties_post_image_order":24,"properties_post_image_url":"https:\/\/movin.cloud\/empresas\/2438\/imagenes\/11248133\/inmobiliaria.webp","properties_post_image_url_thumbnail":"https:\/\/movin.cloud\/empresas\/2438\/imagenes\/thumbnails\/11248133\/inmobiliaria.webp","properties_post_title":"inmobiliaria","properties_post_alt":"inmobiliaria"},{"properties_post_image_order":25,"properties_post_image_url":"https:\/\/movin.cloud\/empresas\/2438\/imagenes\/11248133\/en-alquiler-barcelona.webp","properties_post_image_url_thumbnail":"https:\/\/movin.cloud\/empresas\/2438\/imagenes\/thumbnails\/11248133\/en-alquiler-barcelona.webp","properties_post_title":"en alquiler barcelona","properties_post_alt":"en alquiler barcelona"},{"properties_post_image_order":26,"properties_post_image_url":"https:\/\/movin.cloud\/empresas\/2438\/imagenes\/11248133\/en-alquiler-16.webp","properties_post_image_url_thumbnail":"https:\/\/movin.cloud\/empresas\/2438\/imagenes\/thumbnails\/11248133\/en-alquiler-16.webp","properties_post_title":"en alquiler 16","properties_post_alt":"en alquiler 16"}],"post_type_properties_post_videos":null,"post_type_properties_post_tour":null,"post_type_properties_post_dossier_url":"","post_type_properties_post_operation_type":"rent","post_type_properties_post_operation_price":24057,"post_type_properties_post_features_hidden_price":false},"yoast_head":"<!-- This site is optimized with the Yoast SEO plugin v25.6 - https:\/\/yoast.com\/wordpress\/plugins\/seo\/ -->\n<title>BERLIN - NUMANCIA - Forcadell<\/title>\n<meta name=\"robots\" content=\"index, follow, max-snippet:-1, max-image-preview:large, max-video-preview:-1\" \/>\n<link rel=\"canonical\" href=\"https:\/\/forcadell.com\/ca\/propiedades\/berlin-numancia\/\" \/>\n<meta property=\"og:locale\" content=\"ca_ES\" \/>\n<meta property=\"og:type\" content=\"article\" \/>\n<meta property=\"og:title\" content=\"BERLIN - NUMANCIA - Forcadell\" \/>\n<meta property=\"og:description\" content=\"Oficinas premium en Les Corts\u2013Sarri\u00e0 | Barcelona Excelente edificio de oficinas de 11.686 m\u00b2, construido en 1994, ubicado en una de las zonas m\u00e1s consolidadas de Barcelona, en la intersecci\u00f3n de Berl\u00edn y Numancia. Una ubicaci\u00f3n estrat\u00e9gica con gran conexi\u00f3n y servicios, ideal para empresas que buscan imagen, comodidad y funcionalidad. Oficinas completamente acondicionadas recientemente [&hellip;]\" \/>\n<meta property=\"og:url\" content=\"https:\/\/forcadell.com\/ca\/propiedades\/berlin-numancia\/\" \/>\n<meta property=\"og:site_name\" content=\"Forcadell\" \/>\n<meta property=\"article:modified_time\" content=\"2026-04-26T17:08:42+00:00\" \/>\n<meta name=\"twitter:card\" content=\"summary_large_image\" \/>\n<meta name=\"twitter:label1\" content=\"Temps estimat de lectura\" \/>\n\t<meta name=\"twitter:data1\" content=\"1 minut\" \/>\n<!-- \/ Yoast SEO plugin. -->","yoast_head_json":{"title":"BERLIN - NUMANCIA - Forcadell","robots":{"index":"index","follow":"follow","max-snippet":"max-snippet:-1","max-image-preview":"max-image-preview:large","max-video-preview":"max-video-preview:-1"},"canonical":"https:\/\/forcadell.com\/ca\/propiedades\/berlin-numancia\/","og_locale":"ca_ES","og_type":"article","og_title":"BERLIN - NUMANCIA - Forcadell","og_description":"Oficinas premium en Les Corts\u2013Sarri\u00e0 | Barcelona Excelente edificio de oficinas de 11.686 m\u00b2, construido en 1994, ubicado en una de las zonas m\u00e1s consolidadas de Barcelona, en la intersecci\u00f3n de Berl\u00edn y Numancia. Una ubicaci\u00f3n estrat\u00e9gica con gran conexi\u00f3n y servicios, ideal para empresas que buscan imagen, comodidad y funcionalidad. Oficinas completamente acondicionadas recientemente [&hellip;]","og_url":"https:\/\/forcadell.com\/ca\/propiedades\/berlin-numancia\/","og_site_name":"Forcadell","article_modified_time":"2026-04-26T17:08:42+00:00","twitter_card":"summary_large_image","twitter_misc":{"Temps estimat de lectura":"1 minut"},"schema":{"@context":"https:\/\/schema.org","@graph":[{"@type":"WebPage","@id":"https:\/\/forcadell.com\/ca\/propiedades\/berlin-numancia\/","url":"https:\/\/forcadell.com\/ca\/propiedades\/berlin-numancia\/","name":"BERLIN - NUMANCIA - Forcadell","isPartOf":{"@id":"https:\/\/forcadell.com\/ca\/#website"},"datePublished":"2026-03-24T08:08:53+00:00","dateModified":"2026-04-26T17:08:42+00:00","breadcrumb":{"@id":"https:\/\/forcadell.com\/ca\/propiedades\/berlin-numancia\/#breadcrumb"},"inLanguage":"ca","potentialAction":[{"@type":"ReadAction","target":["https:\/\/forcadell.com\/ca\/propiedades\/berlin-numancia\/"]}]},{"@type":"BreadcrumbList","@id":"https:\/\/forcadell.com\/ca\/propiedades\/berlin-numancia\/#breadcrumb","itemListElement":[{"@type":"ListItem","position":1,"name":"Portada","item":"https:\/\/forcadell.com\/ca\/"},{"@type":"ListItem","position":2,"name":"Properties","item":"https:\/\/forcadell.com\/ca\/propiedades\/"},{"@type":"ListItem","position":3,"name":"BERLIN &#8211; NUMANCIA"}]},{"@type":"WebSite","@id":"https:\/\/forcadell.com\/ca\/#website","url":"https:\/\/forcadell.com\/ca\/","name":"Forcadell","description":"Inmobiliaria Barcelona | Consultores inmobiliarios","potentialAction":[{"@type":"SearchAction","target":{"@type":"EntryPoint","urlTemplate":"https:\/\/forcadell.com\/ca\/?s={search_term_string}"},"query-input":{"@type":"PropertyValueSpecification","valueRequired":true,"valueName":"search_term_string"}}],"inLanguage":"ca"}]}},"_links":{"self":[{"href":"https:\/\/forcadell.com\/ca\/wp-json\/wp\/v2\/properties_post\/63454"}],"collection":[{"href":"https:\/\/forcadell.com\/ca\/wp-json\/wp\/v2\/properties_post"}],"about":[{"href":"https:\/\/forcadell.com\/ca\/wp-json\/wp\/v2\/types\/properties_post"}],"wp:attachment":[{"href":"https:\/\/forcadell.com\/ca\/wp-json\/wp\/v2\/media?parent=63454"}],"curies":[{"name":"wp","href":"https:\/\/api.w.org\/{rel}","templated":true}]}}