{"id":63241,"date":"2026-03-18T02:45:29","date_gmt":"2026-03-18T00:45:29","guid":{"rendered":"https:\/\/forcadell.com\/propiedades\/local-comercial-implantado-y-amueblado-en-alquiler-en-el-distrito-22-barcelona-modernidad-y-funcionalidad\/"},"modified":"2026-04-29T05:28:03","modified_gmt":"2026-04-29T03:28:03","slug":"local-comercial-implantado-y-amueblado-en-alquiler-en-el-distrito-22-barcelona-modernidad-y-funcionalidad","status":"publish","type":"properties_post","link":"https:\/\/forcadell.com\/ca\/propiedades\/local-comercial-implantado-y-amueblado-en-alquiler-en-el-distrito-22-barcelona-modernidad-y-funcionalidad\/","title":{"rendered":"Local Comercial IMPLANTADO y AMUEBLADO en alquiler en el Distrito 22@, Barcelona: Modernidad y Funcionalidad"},"content":{"rendered":"<p>No dispone de Salida de Humos y no tiene posibilidad de Actividad para Hosteleria.<br \/>\nDescubre este excepcional local comercial en la calle Joan d\u2019\u00c0ustria, ubicado en el din\u00e1mico distrito 22@ de Barcelona. Este espacio ha sido completamente reformado en un edificio industrial, ofreciendo un entorno moderno y funcional. El local se entrega listo para entrar (plug and play), con todas las instalaciones necesarias para empezar a operar de inmediato.<\/p>\n<p>Caracter\u00edsticas del local:<\/p>\n<p>Local comercial en planta baja<br \/>\nLocal implantado con mobiliario incluido<br \/>\nLuminarias de alta calidad<br \/>\nSistema de climatizaci\u00f3n nuevo<br \/>\nInstalaciones el\u00e9ctricas y red de datos completamente renovadas<br \/>\nOffice-cocina equipado con 2 neveras, lavaplatos y microondas<br \/>\nBa\u00f1os modernos<br \/>\nDivisorias y salas de reuniones equipadas<br \/>\nSala IT climatizada<br \/>\nEspacio exterior en la entrada del local<\/p>\n<p>Dise\u00f1o y ambiente:<\/p>\n<p>Acceso directo desde la calle<br \/>\nEspacio di\u00e1fano con techos altos<br \/>\nLook and feel industrial<\/p>\n<p>Transporte p\u00fablico cercano:<\/p>\n<p>Autobuses: 6, 136, V21, V23, B20, B25, H14<br \/>\nMetro: L1 &#8211; \u201cMarina\u201d, L4 &#8211; \u201cBogatell\u201d<br \/>\nTram: T4 &#8211; \u201cMarina\u201d<\/p>\n<p>Este local comercial en Joan d\u2019\u00c0ustria es ideal para empresas que buscan un espacio moderno y eficiente en una ubicaci\u00f3n estrat\u00e9gica dentro de Barcelona. Aprovecha la oportunidad de establecer tu negocio en un entorno innovador y bien comunicado. \u00a1Cont\u00e1ctanos para m\u00e1s informaci\u00f3n y para programar una visita!<\/p>\n","protected":false},"template":"","class_list":["post-63241","properties_post","type-properties_post","status-publish","hentry","properties_modality-rent","properties_district-sant-marti","properties_province-barcelona","properties_state-barcelona","properties_subclass-comercial","properties_type-local"],"acf":{"post_type_properties_post_property_code":"11248969","post_type_properties_post_property_reference":"IE-227233","post_type_properties_post_owner_id":"","post_type_properties_post_owner_name":"","post_type_properties_post_property_code_encrypted":"MjQ5JDMzNTM2","post_type_properties_post_published":"1","post_type_properties_post_property_visibility":"idealista","post_type_properties_post_contact_name":"Forcadell Locales Barcelona","post_type_properties_post_contact_email":"forcadell.locales@movin.cloud","post_type_properties_post_contact_primary_phone_prefix":"34","post_type_properties_post_contact_primary_phone_number":"934965412","post_type_properties_post_address_visibility":"street","post_type_properties_post_address_country":"Spain","post_type_properties_post_address_coordinates_precision":"exact","post_type_properties_post_address_postal_code":"08018","post_type_properties_post_address_coordinates_latitude":"41.3947739","post_type_properties_post_address_coordinates_longitude":"2.1894709","post_type_properties_post_address_street_name":"Joan d'Austria 92","post_type_properties_post_address_floor":"","post_type_properties_post_address_town":"Barcelona","post_type_properties_post_building":null,"post_type_properties_post_property":[{"properties_post_description_language":"catalan","properties_post_title":"Local Comercial IMPLANTAT i MOBLAT en lloguer al Districte 22@, Barcelona: Modernitat i Funcionalitat","properties_post_short_description_text_alt":"","properties_post_description_text_alt":"","properties_post_short_description_text":"Descobreix aquest excepcional local comercial al carrer Joan d\u2019\u00c0ustria, situat al din\u00e0mic districte 22@ de Barcelona. Aquest espai ha estat completament reformat en un edifici industrial, oferint un entorn modern i funcional. El local es lliura llest per entrar (plug and play), amb totes les instal\u00b7lacions necess\u00e0ries per comen\u00e7ar a operar de manera immediata.","properties_post_link_demanda_inmueble":"https:\/\/movin.cloud\/ca\/Forcadell Locales Barcelona\/formulari-peticio-immoble\/sth\/2460&&11248969","properties_post_link_demanda_calendario_inmueble":"https:\/\/movin.cloud\/ca\/Forcadell Locales Barcelona\/calendari-peticio-immoble\/sth\/2460&&11248969","properties_post_description_text":"No disposa de Sortida de Fums i no t\u00e9 possibilitat d\u2019Activitat per a Hostaleria.\nDescobreix aquest excepcional local comercial al carrer Joan d\u2019\u00c0ustria, situat al din\u00e0mic districte 22@ de Barcelona. Aquest espai ha estat completament reformat en un edifici industrial, oferint un entorn modern i funcional. El local es lliura llest per entrar (plug and play), amb totes les instal\u00b7lacions necess\u00e0ries per comen\u00e7ar a operar de manera immediata.\n\nCaracter\u00edstiques del local:\nLocal comercial a planta baixa\nLocal implantat amb mobiliari incl\u00f2s\nLumin\u00e0ries d\u2019alta qualitat\nSistema de climatitzaci\u00f3 nou\nInstal\u00b7lacions el\u00e8ctriques i xarxa de dades completament renovades\nOffice-cuina equipat amb 2 neveres, rentavaixelles i microones\nLavabos moderns\nDivis\u00f2ries i sales de reunions equipades\nSala IT climatitzada\nEspai exterior a l\u2019entrada del local\n\nDisseny i ambient:\nAcc\u00e9s directe des del carrer\nEspai di\u00e0fan amb sostres alts\nLook and feel industrial\n\nTransport p\u00fablic proper:\nAutobusos: 6, 136, V21, V23, B20, B25, H14\nMetro: L1 - \u201cMarina\u201d, L4 - \u201cBogatell\u201d\nTrambaix: T4 - \u201cMarina\u201d\n\nAquest local comercial a Joan d\u2019\u00c0ustria \u00e9s ideal per a empreses que busquen un espai modern i eficient en una ubicaci\u00f3 estrat\u00e8gica dins de Barcelona. Aprofita l\u2019oportunitat d\u2019establir el teu negoci en un entorn innovador i ben comunicat. Contacta\u2019ns per a m\u00e9s informaci\u00f3 i per programar una visita!","properties_post_seo_title":"","properties_post_seo_alias":"","properties_post_seo_metadescription":"Local comercial en lloguer a 22@ Barcelona, implantat i moblat. Reformado, amb disseny industrial, llest per entrar i excel\u00b7lentment comunicat.","properties_post_seo_key_words":"local comercial en lloguer, 22@ Barcelona, local implantat, local moblat, local reformat, local llest per entrar, local amb office-cuina, espai di\u00e0fan, local amb sostres alts, local industrial, local ben comunicat, local a prop de metro, local a prop d\u2019autob\u00fas, local amb sala IT, local amb divis\u00f2ries, local amb lavabos moderns","properties_post_seo_url":"","properties_post_terms_conditions":""},{"properties_post_description_language":"spanish","properties_post_title":"Local Comercial IMPLANTADO y AMUEBLADO en alquiler en el Distrito 22@, Barcelona: Modernidad y Funcionalidad","properties_post_short_description_text_alt":"","properties_post_description_text_alt":"","properties_post_short_description_text":"Descubre este excepcional local comercial en la calle Joan d\u2019\u00c0ustria, ubicado en el din\u00e1mico distrito 22@ de Barcelona. Este espacio ha sido completamente reformado en un edificio industrial, ofreciendo un entorno moderno y funcional. El local se entrega listo para entrar (plug and play), con todas las instalaciones necesarias para empezar a operar de inmediato.","properties_post_link_demanda_inmueble":"https:\/\/movin.cloud\/es\/Forcadell Locales Barcelona\/formulario-peticion-inmueble\/sth\/2460&&11248969","properties_post_link_demanda_calendario_inmueble":"https:\/\/movin.cloud\/es\/Forcadell Locales Barcelona\/calendario-peticion-inmueble\/sth\/2460&&11248969","properties_post_description_text":"No dispone de Salida de Humos y no tiene posibilidad de Actividad para Hosteleria.\nDescubre este excepcional local comercial en la calle Joan d\u2019\u00c0ustria, ubicado en el din\u00e1mico distrito 22@ de Barcelona. Este espacio ha sido completamente reformado en un edificio industrial, ofreciendo un entorno moderno y funcional. El local se entrega listo para entrar (plug and play), con todas las instalaciones necesarias para empezar a operar de inmediato.\n\nCaracter\u00edsticas del local:\n\nLocal comercial en planta baja\nLocal implantado con mobiliario incluido\nLuminarias de alta calidad\nSistema de climatizaci\u00f3n nuevo\nInstalaciones el\u00e9ctricas y red de datos completamente renovadas\nOffice-cocina equipado con 2 neveras, lavaplatos y microondas\nBa\u00f1os modernos\nDivisorias y salas de reuniones equipadas\nSala IT climatizada\nEspacio exterior en la entrada del local\n\nDise\u00f1o y ambiente:\n\nAcceso directo desde la calle\nEspacio di\u00e1fano con techos altos\nLook and feel industrial\n\nTransporte p\u00fablico cercano:\n\nAutobuses: 6, 136, V21, V23, B20, B25, H14\nMetro: L1 - \u201cMarina\u201d, L4 - \u201cBogatell\u201d\nTram: T4 - \u201cMarina\u201d\n\nEste local comercial en Joan d\u2019\u00c0ustria es ideal para empresas que buscan un espacio moderno y eficiente en una ubicaci\u00f3n estrat\u00e9gica dentro de Barcelona. Aprovecha la oportunidad de establecer tu negocio en un entorno innovador y bien comunicado. \u00a1Cont\u00e1ctanos para m\u00e1s informaci\u00f3n y para programar una visita!","properties_post_seo_title":"","properties_post_seo_alias":"","properties_post_seo_metadescription":"Local comercial en alquiler en 22@ Barcelona, implantado y amueblado. Reformado, con dise\u00f1o industrial, listo para entrar y excelentemente comunicado.","properties_post_seo_key_words":"local comercial en alquiler, 22@ Barcelona, local implantado, local amueblado, local reformado, local listo para entrar, local con office-cocina, espacio di\u00e1fano, local con techos altos, local industrial, local bien comunicado, local cerca de metro, local cerca de autob\u00fas, local con sala IT, local con divisorias, local con ba\u00f1os modernos","properties_post_seo_url":"","properties_post_terms_conditions":""},{"properties_post_description_language":"english","properties_post_title":"Commercial Premises FURNISHED and FITTED for Rent in the 22@ District, Barcelona: Modernity and Functionality","properties_post_short_description_text_alt":"","properties_post_description_text_alt":"","properties_post_short_description_text":"Discover this exceptional commercial premises on Joan d\u2019\u00c0ustria Street, located in the dynamic 22@ district of Barcelona. This space has been fully renovated in an industrial building, offering a modern and functional environment. The premises are delivered ready to operate (plug and play), with all necessary facilities to start business immediately.","properties_post_link_demanda_inmueble":"https:\/\/movin.cloud\/en\/Forcadell Locales Barcelona\/property-form-request\/sth\/2460&&11248969","properties_post_link_demanda_calendario_inmueble":"https:\/\/movin.cloud\/en\/Forcadell Locales Barcelona\/property-calendar-request\/sth\/2460&&11248969","properties_post_description_text":"No chimney\/extraction system available and not suitable for hospitality activities.\nDiscover this exceptional commercial premises on Joan d\u2019\u00c0ustria Street, located in the dynamic 22@ district of Barcelona. This space has been fully renovated in an industrial building, offering a modern and functional environment. The premises are delivered ready to operate (plug and play), with all necessary facilities to start business immediately.\n\nProperty Features:\nGround floor commercial premises\nFitted premises with included furniture\nHigh-quality lighting\nNew air conditioning system\nFully renovated electrical installations and data network\nKitchen\/office equipped with 2 refrigerators, dishwasher, and microwave\nModern restrooms\nPartitioned areas and equipped meeting rooms\nClimate-controlled IT room\nOutdoor space at the entrance\n\nDesign and Ambience:\nDirect street access\nOpen-plan space with high ceilings\nIndustrial look and feel\n\nNearby Public Transport:\nBuses: 6, 136, V21, V23, B20, B25, H14\nMetro: L1 - \u201cMarina\u201d, L4 - \u201cBogatell\u201d\nTram: T4 - \u201cMarina\u201d\n\nThis commercial premises on Joan d\u2019\u00c0ustria is ideal for businesses looking for a modern and efficient space in a strategic location in Barcelona. Take advantage of the opportunity to establish your business in an innovative and well-connected environment. Contact us for more information and to schedule a visit!","properties_post_seo_title":"","properties_post_seo_alias":"","properties_post_seo_metadescription":"Furnished and fitted commercial premises for rent in 22@ Barcelona. Renovated, industrial design, ready to operate, and excellently connected.","properties_post_seo_key_words":"commercial premises for rent, 22@ Barcelona, fitted premises, furnished premises, renovated premises, ready-to-use premises, premises with kitchen\/office, open-plan space, premises with high ceilings, industrial premises, well-connected premises, premises near metro, premises near bus, premises with IT room, premises with partitions, premises with modern restrooms","properties_post_seo_url":"","properties_post_terms_conditions":""}],"post_type_properties_post_features_type":"premises_commercial","post_type_properties_post_id_building":"","post_type_properties_post_features_area_constructed":420,"post_type_properties_post_features_conditioned_air":false,"post_type_properties_post_features_doorman":false,"post_type_properties_post_features_heating":false,"post_type_properties_post_features_equipped_kitchen":false,"post_type_properties_post_features_windows_location":"","post_type_properties_post_features_floors_property":false,"post_type_properties_post_features_storage":false,"post_type_properties_post_features_security_door":false,"post_type_properties_post_features_energy_certificate_rating":"F","post_type_properties_post_features_energy_certificate_emissions_rating":"F","post_type_properties_post_features_energy_certificate_emissions_value":68,"post_type_properties_post_features_energy_certificate_performance":"","post_type_properties_post_features_bathroom_inside":false,"post_type_properties_post_precio":6000,"post_type_properties_post_precio_alquiler":6000,"post_type_properties_post_record_type_id":"Local","post_type_properties_post_categoria__producto":"Comercial","post_type_properties_post_amueblado":false,"post_type_properties_post_precio_m2":14.5,"post_type_properties_post_zona__comunitaria":false,"post_type_properties_post_electrodomesticos":false,"post_type_properties_post_patio__interior":false,"post_type_properties_post_certificado_energetico_general":"F","post_type_properties_post_certificado_energetico_consumo":"F","post_type_properties_post_certificado_energetico_valor_emisiones":68,"post_type_properties_post_certificado_energetico_valor_consumo":"","post_type_properties_post_modalidad":"rent","post_type_properties_post_provincia":"Barcelona","post_type_properties_post_poblacion":"Barcelona","post_type_properties_post_centro__urbano":false,"post_type_properties_post_zonificacion":"","post_type_properties_post_cartera":"","post_type_properties_post_titulo_catalan":"Local Comercial IMPLANTAT i MOBLAT en lloguer al Districte 22@, Barcelona: Modernitat i Funcionalitat","post_type_properties_post_internet_catalan":"No disposa de Sortida de Fums i no t\u00e9 possibilitat d\u2019Activitat per a Hostaleria.\nDescobreix aquest excepcional local comercial al carrer Joan d\u2019\u00c0ustria, situat al din\u00e0mic districte 22@ de Barcelona. Aquest espai ha estat completament reformat en un edifici industrial, oferint un entorn modern i funcional. El local es lliura llest per entrar (plug and play), amb totes les instal\u00b7lacions necess\u00e0ries per comen\u00e7ar a operar de manera immediata.\n\nCaracter\u00edstiques del local:\nLocal comercial a planta baixa\nLocal implantat amb mobiliari incl\u00f2s\nLumin\u00e0ries d\u2019alta qualitat\nSistema de climatitzaci\u00f3 nou\nInstal\u00b7lacions el\u00e8ctriques i xarxa de dades completament renovades\nOffice-cuina equipat amb 2 neveres, rentavaixelles i microones\nLavabos moderns\nDivis\u00f2ries i sales de reunions equipades\nSala IT climatitzada\nEspai exterior a l\u2019entrada del local\n\nDisseny i ambient:\nAcc\u00e9s directe des del carrer\nEspai di\u00e0fan amb sostres alts\nLook and feel industrial\n\nTransport p\u00fablic proper:\nAutobusos: 6, 136, V21, V23, B20, B25, H14\nMetro: L1 - \u201cMarina\u201d, L4 - \u201cBogatell\u201d\nTrambaix: T4 - \u201cMarina\u201d\n\nAquest local comercial a Joan d\u2019\u00c0ustria \u00e9s ideal per a empreses que busquen un espai modern i eficient en una ubicaci\u00f3 estrat\u00e8gica dins de Barcelona. Aprofita l\u2019oportunitat d\u2019establir el teu negoci en un entorn innovador i ben comunicat. Contacta\u2019ns per a m\u00e9s informaci\u00f3 i per programar una visita!","post_type_properties_post_titulo_castellano":"Local Comercial IMPLANTADO y AMUEBLADO en alquiler en el Distrito 22@, Barcelona: Modernidad y Funcionalidad","post_type_properties_post_internet_castellano":"No dispone de Salida de Humos y no tiene posibilidad de Actividad para Hosteleria.\nDescubre este excepcional local comercial en la calle Joan d\u2019\u00c0ustria, ubicado en el din\u00e1mico distrito 22@ de Barcelona. Este espacio ha sido completamente reformado en un edificio industrial, ofreciendo un entorno moderno y funcional. El local se entrega listo para entrar (plug and play), con todas las instalaciones necesarias para empezar a operar de inmediato.\n\nCaracter\u00edsticas del local:\n\nLocal comercial en planta baja\nLocal implantado con mobiliario incluido\nLuminarias de alta calidad\nSistema de climatizaci\u00f3n nuevo\nInstalaciones el\u00e9ctricas y red de datos completamente renovadas\nOffice-cocina equipado con 2 neveras, lavaplatos y microondas\nBa\u00f1os modernos\nDivisorias y salas de reuniones equipadas\nSala IT climatizada\nEspacio exterior en la entrada del local\n\nDise\u00f1o y ambiente:\n\nAcceso directo desde la calle\nEspacio di\u00e1fano con techos altos\nLook and feel industrial\n\nTransporte p\u00fablico cercano:\n\nAutobuses: 6, 136, V21, V23, B20, B25, H14\nMetro: L1 - \u201cMarina\u201d, L4 - \u201cBogatell\u201d\nTram: T4 - \u201cMarina\u201d\n\nEste local comercial en Joan d\u2019\u00c0ustria es ideal para empresas que buscan un espacio moderno y eficiente en una ubicaci\u00f3n estrat\u00e9gica dentro de Barcelona. Aprovecha la oportunidad de establecer tu negocio en un entorno innovador y bien comunicado. \u00a1Cont\u00e1ctanos para m\u00e1s informaci\u00f3n y para programar una visita!","post_type_properties_post_titulo_ingles":"Commercial Premises FURNISHED and FITTED for Rent in the 22@ District, Barcelona: Modernity and Functionality","post_type_properties_post_internet_ingles":"No chimney\/extraction system available and not suitable for hospitality activities.\nDiscover this exceptional commercial premises on Joan d\u2019\u00c0ustria Street, located in the dynamic 22@ district of Barcelona. This space has been fully renovated in an industrial building, offering a modern and functional environment. The premises are delivered ready to operate (plug and play), with all necessary facilities to start business immediately.\n\nProperty Features:\nGround floor commercial premises\nFitted premises with included furniture\nHigh-quality lighting\nNew air conditioning system\nFully renovated electrical installations and data network\nKitchen\/office equipped with 2 refrigerators, dishwasher, and microwave\nModern restrooms\nPartitioned areas and equipped meeting rooms\nClimate-controlled IT room\nOutdoor space at the entrance\n\nDesign and Ambience:\nDirect street access\nOpen-plan space with high ceilings\nIndustrial look and feel\n\nNearby Public Transport:\nBuses: 6, 136, V21, V23, B20, B25, H14\nMetro: L1 - \u201cMarina\u201d, L4 - \u201cBogatell\u201d\nTram: T4 - \u201cMarina\u201d\n\nThis commercial premises on Joan d\u2019\u00c0ustria is ideal for businesses looking for a modern and efficient space in a strategic location in Barcelona. Take advantage of the opportunity to establish your business in an innovative and well-connected environment. Contact us for more information and to schedule a visit!","post_type_properties_post_features_classification_commercial":false,"post_type_properties_post_features_conservation":"","post_type_properties_post_features_security_personnel":false,"post_type_properties_post_features_parking_available":false,"post_type_properties_post_features_garage_capacity_type":"","post_type_properties_post_features_bathroom_number":5,"post_type_properties_post_eje":"","post_type_properties_post_zona":"","post_type_properties_post_comarca":"","post_type_properties_post_features_built_year":"","post_type_properties_post_renta_mensual":"","post_type_properties_post_fianza":"","post_type_properties_post_features_area_plot":"","post_type_properties_post_features_area_buildable":"","post_type_properties_post_features_classification_industrial":false,"post_type_properties_post_distrito":"","post_type_properties_post_features_balcony":false,"post_type_properties_post_features_bedroom_number":"","post_type_properties_post_features_heating_type":"","post_type_properties_post_features_equipped_with_furniture":false,"post_type_properties_post_features_pets_allowed":false,"post_type_properties_post_features_pool":false,"post_type_properties_post_features_terrace":false,"post_type_properties_post_features_wardrobes":false,"post_type_properties_post_features_lift_available":false,"post_type_properties_post_features_handicap_adapted_access":false,"post_type_properties_post_features_orientation_east":false,"post_type_properties_post_features_orientation_west":false,"post_type_properties_post_features_orientation_north":false,"post_type_properties_post_features_orientation_south":false,"post_type_properties_post_features_parking_spaces_number":"","post_type_properties_post_features_security_alarm":false,"post_type_properties_post_features_security_system":false,"post_type_properties_post_open_plan":false,"post_type_properties_post_acceso_24_7":false,"post_type_properties_post_oficina_privada":false,"post_type_properties_post_sala_reuniones":false,"post_type_properties_post_espacio_eventos":false,"post_type_properties_post_office":false,"post_type_properties_post_restaurant":false,"post_type_properties_post_acepta_traspaso":false,"post_type_properties_post_vigilancia":false,"post_type_properties_post_features_suite":false,"post_type_properties_post_features_vitro":false,"post_type_properties_post_features_oven":false,"post_type_properties_post_features_microwave":false,"post_type_properties_post_features_washing_machine":false,"post_type_properties_post_features_dryer":false,"post_type_properties_post_features_dishwasher":false,"post_type_properties_post_features_fridge":false,"post_type_properties_post_features_fridge_mini":false,"post_type_properties_post_features_kettle":false,"post_type_properties_post_features_toaster":false,"post_type_properties_post_features_coffee_maker":false,"post_type_properties_post_features_iron":false,"post_type_properties_post_features_ironing_board":false,"post_type_properties_post_features_safe":false,"post_type_properties_post_features_internet":false,"post_type_properties_post_features_solarium":false,"post_type_properties_post_features_clean_service":false,"post_type_properties_post_features_t_v":false,"post_type_properties_post_features_satellite_t_v":false,"post_type_properties_post_features_gas_kitchen":false,"post_type_properties_post_features_view_mountain":false,"post_type_properties_post_features_view_sea":false,"post_type_properties_post_features_concierge":false,"post_type_properties_post_features_loading_dock":false,"post_type_properties_post_features_bridge_crane":false,"post_type_properties_post_features_located_at_corner":false,"post_type_properties_post_features_smoke_extraction":false,"post_type_properties_post_features_rooms":"","post_type_properties_post_features_garden_area":"","post_type_properties_post_features_utilities_water":false,"post_type_properties_post_features_utilities_electricity":false,"post_type_properties_post_features_utilities_natural_gas":false,"post_type_properties_post_features_building_adapted":false,"post_type_properties_post_features_garden":false,"post_type_properties_post_features_classification_hotel":false,"post_type_properties_post_features_classification_chalet":false,"post_type_properties_post_certificado_energetico_emisiones":"F","post_type_properties_post_barrio":"","post_type_properties_post_distrito_empresa":"Sant Mart\u00ed","post_type_properties_post_features_property_category_intern":"","post_type_properties_post_implantada":false,"post_type_properties_post_sello_leed":"","post_type_properties_post_sello_well":"","post_type_properties_post_sello_breeam":false,"post_type_properties_post_images":[{"properties_post_image_order":1,"properties_post_image_url":"https:\/\/movin.cloud\/empresas\/2460\/imagenes\/11248969\/fincas.webp","properties_post_image_url_thumbnail":"https:\/\/movin.cloud\/empresas\/2460\/imagenes\/thumbnails\/11248969\/fincas.webp","properties_post_title":"fincas","properties_post_alt":"fincas"},{"properties_post_image_order":2,"properties_post_image_url":"https:\/\/movin.cloud\/empresas\/2460\/imagenes\/11248969\/alquilar.webp","properties_post_image_url_thumbnail":"https:\/\/movin.cloud\/empresas\/2460\/imagenes\/thumbnails\/11248969\/alquilar.webp","properties_post_title":"alquilar","properties_post_alt":"alquilar"},{"properties_post_image_order":3,"properties_post_image_url":"https:\/\/movin.cloud\/empresas\/2460\/imagenes\/11248969\/en-alquiler.webp","properties_post_image_url_thumbnail":"https:\/\/movin.cloud\/empresas\/2460\/imagenes\/thumbnails\/11248969\/en-alquiler.webp","properties_post_title":"en alquiler","properties_post_alt":"en alquiler"},{"properties_post_image_order":4,"properties_post_image_url":"https:\/\/movin.cloud\/empresas\/2460\/imagenes\/11248969\/alquilar-local.webp","properties_post_image_url_thumbnail":"https:\/\/movin.cloud\/empresas\/2460\/imagenes\/thumbnails\/11248969\/alquilar-local.webp","properties_post_title":"alquilar local","properties_post_alt":"alquilar local"},{"properties_post_image_order":5,"properties_post_image_url":"https:\/\/movin.cloud\/empresas\/2460\/imagenes\/11248969\/alquiler-idealistas.webp","properties_post_image_url_thumbnail":"https:\/\/movin.cloud\/empresas\/2460\/imagenes\/thumbnails\/11248969\/alquiler-idealistas.webp","properties_post_title":"alquiler idealistas","properties_post_alt":"alquiler idealistas"},{"properties_post_image_order":6,"properties_post_image_url":"https:\/\/movin.cloud\/empresas\/2460\/imagenes\/11248969\/rent.webp","properties_post_image_url_thumbnail":"https:\/\/movin.cloud\/empresas\/2460\/imagenes\/thumbnails\/11248969\/rent.webp","properties_post_title":"rent","properties_post_alt":"rent"},{"properties_post_image_order":7,"properties_post_image_url":"https:\/\/movin.cloud\/empresas\/2460\/imagenes\/11248969\/viviendas.webp","properties_post_image_url_thumbnail":"https:\/\/movin.cloud\/empresas\/2460\/imagenes\/thumbnails\/11248969\/viviendas.webp","properties_post_title":"viviendas","properties_post_alt":"viviendas"},{"properties_post_image_order":8,"properties_post_image_url":"https:\/\/movin.cloud\/empresas\/2460\/imagenes\/11248969\/alquiler-para-idealista.webp","properties_post_image_url_thumbnail":"https:\/\/movin.cloud\/empresas\/2460\/imagenes\/thumbnails\/11248969\/alquiler-para-idealista.webp","properties_post_title":"alquiler para idealista","properties_post_alt":"alquiler para idealista"},{"properties_post_image_order":9,"properties_post_image_url":"https:\/\/movin.cloud\/empresas\/2460\/imagenes\/11248969\/locales-de-alquiler.webp","properties_post_image_url_thumbnail":"https:\/\/movin.cloud\/empresas\/2460\/imagenes\/thumbnails\/11248969\/locales-de-alquiler.webp","properties_post_title":"locales de alquiler","properties_post_alt":"locales de alquiler"},{"properties_post_image_order":10,"properties_post_image_url":"https:\/\/movin.cloud\/empresas\/2460\/imagenes\/11248969\/habitalia.webp","properties_post_image_url_thumbnail":"https:\/\/movin.cloud\/empresas\/2460\/imagenes\/thumbnails\/11248969\/habitalia.webp","properties_post_title":"habitalia","properties_post_alt":"habitalia"},{"properties_post_image_order":11,"properties_post_image_url":"https:\/\/movin.cloud\/empresas\/2460\/imagenes\/11248969\/alquiler.webp","properties_post_image_url_thumbnail":"https:\/\/movin.cloud\/empresas\/2460\/imagenes\/thumbnails\/11248969\/alquiler.webp","properties_post_title":"alquiler","properties_post_alt":"alquiler"},{"properties_post_image_order":12,"properties_post_image_url":"https:\/\/movin.cloud\/empresas\/2460\/imagenes\/11248969\/alquiler-para-idealistas.webp","properties_post_image_url_thumbnail":"https:\/\/movin.cloud\/empresas\/2460\/imagenes\/thumbnails\/11248969\/alquiler-para-idealistas.webp","properties_post_title":"alquiler para idealistas","properties_post_alt":"alquiler para idealistas"},{"properties_post_image_order":13,"properties_post_image_url":"https:\/\/movin.cloud\/empresas\/2460\/imagenes\/11248969\/inmobiliaria.webp","properties_post_image_url_thumbnail":"https:\/\/movin.cloud\/empresas\/2460\/imagenes\/thumbnails\/11248969\/inmobiliaria.webp","properties_post_title":"inmobiliaria","properties_post_alt":"inmobiliaria"},{"properties_post_image_order":14,"properties_post_image_url":"https:\/\/movin.cloud\/empresas\/2460\/imagenes\/11248969\/inmobiliarias.webp","properties_post_image_url_thumbnail":"https:\/\/movin.cloud\/empresas\/2460\/imagenes\/thumbnails\/11248969\/inmobiliarias.webp","properties_post_title":"inmobiliarias","properties_post_alt":"inmobiliarias"}],"post_type_properties_post_videos":null,"post_type_properties_post_tour":null,"post_type_properties_post_dossier_url":"","post_type_properties_post_operation_type":"rent","post_type_properties_post_operation_price":6000,"post_type_properties_post_features_hidden_price":false},"yoast_head":"<!-- This site is optimized with the Yoast SEO plugin v27.4 - https:\/\/yoast.com\/product\/yoast-seo-wordpress\/ -->\n<title>Local Comercial IMPLANTADO y AMUEBLADO en alquiler en el Distrito 22@, Barcelona: Modernidad y Funcionalidad - Forcadell<\/title>\n<meta name=\"robots\" content=\"index, follow, max-snippet:-1, max-image-preview:large, max-video-preview:-1\" \/>\n<link rel=\"canonical\" href=\"https:\/\/forcadell.com\/ca\/propiedades\/local-comercial-implantado-y-amueblado-en-alquiler-en-el-distrito-22-barcelona-modernidad-y-funcionalidad\/\" \/>\n<meta property=\"og:locale\" content=\"ca_ES\" \/>\n<meta property=\"og:type\" content=\"article\" \/>\n<meta property=\"og:title\" content=\"Local Comercial IMPLANTADO y AMUEBLADO en alquiler en el Distrito 22@, Barcelona: Modernidad y Funcionalidad - Forcadell\" \/>\n<meta property=\"og:description\" content=\"No dispone de Salida de Humos y no tiene posibilidad de Actividad para Hosteleria. Descubre este excepcional local comercial en la calle Joan d\u2019\u00c0ustria, ubicado en el din\u00e1mico distrito 22@ de Barcelona. Este espacio ha sido completamente reformado en un edificio industrial, ofreciendo un entorno moderno y funcional. El local se entrega listo para entrar [&hellip;]\" \/>\n<meta property=\"og:url\" content=\"https:\/\/forcadell.com\/ca\/propiedades\/local-comercial-implantado-y-amueblado-en-alquiler-en-el-distrito-22-barcelona-modernidad-y-funcionalidad\/\" \/>\n<meta property=\"og:site_name\" content=\"Forcadell\" \/>\n<meta property=\"article:modified_time\" content=\"2026-04-29T03:28:03+00:00\" \/>\n<meta name=\"twitter:card\" content=\"summary_large_image\" \/>\n<meta name=\"twitter:label1\" content=\"Temps estimat de lectura\" \/>\n\t<meta name=\"twitter:data1\" content=\"1 minut\" \/>\n<!-- \/ Yoast SEO plugin. -->","yoast_head_json":{"title":"Local Comercial IMPLANTADO y AMUEBLADO en alquiler en el Distrito 22@, Barcelona: Modernidad y Funcionalidad - Forcadell","robots":{"index":"index","follow":"follow","max-snippet":"max-snippet:-1","max-image-preview":"max-image-preview:large","max-video-preview":"max-video-preview:-1"},"canonical":"https:\/\/forcadell.com\/ca\/propiedades\/local-comercial-implantado-y-amueblado-en-alquiler-en-el-distrito-22-barcelona-modernidad-y-funcionalidad\/","og_locale":"ca_ES","og_type":"article","og_title":"Local Comercial IMPLANTADO y AMUEBLADO en alquiler en el Distrito 22@, Barcelona: Modernidad y Funcionalidad - Forcadell","og_description":"No dispone de Salida de Humos y no tiene posibilidad de Actividad para Hosteleria. Descubre este excepcional local comercial en la calle Joan d\u2019\u00c0ustria, ubicado en el din\u00e1mico distrito 22@ de Barcelona. Este espacio ha sido completamente reformado en un edificio industrial, ofreciendo un entorno moderno y funcional. El local se entrega listo para entrar [&hellip;]","og_url":"https:\/\/forcadell.com\/ca\/propiedades\/local-comercial-implantado-y-amueblado-en-alquiler-en-el-distrito-22-barcelona-modernidad-y-funcionalidad\/","og_site_name":"Forcadell","article_modified_time":"2026-04-29T03:28:03+00:00","twitter_card":"summary_large_image","twitter_misc":{"Temps estimat de lectura":"1 minut"},"schema":{"@context":"https:\/\/schema.org","@graph":[{"@type":"WebPage","@id":"https:\/\/forcadell.com\/ca\/propiedades\/local-comercial-implantado-y-amueblado-en-alquiler-en-el-distrito-22-barcelona-modernidad-y-funcionalidad\/","url":"https:\/\/forcadell.com\/ca\/propiedades\/local-comercial-implantado-y-amueblado-en-alquiler-en-el-distrito-22-barcelona-modernidad-y-funcionalidad\/","name":"Local Comercial IMPLANTADO y AMUEBLADO en alquiler en el Distrito 22@, Barcelona: Modernidad y Funcionalidad - Forcadell","isPartOf":{"@id":"https:\/\/forcadell.com\/ca\/#website"},"datePublished":"2026-03-18T00:45:29+00:00","dateModified":"2026-04-29T03:28:03+00:00","breadcrumb":{"@id":"https:\/\/forcadell.com\/ca\/propiedades\/local-comercial-implantado-y-amueblado-en-alquiler-en-el-distrito-22-barcelona-modernidad-y-funcionalidad\/#breadcrumb"},"inLanguage":"ca","potentialAction":[{"@type":"ReadAction","target":["https:\/\/forcadell.com\/ca\/propiedades\/local-comercial-implantado-y-amueblado-en-alquiler-en-el-distrito-22-barcelona-modernidad-y-funcionalidad\/"]}]},{"@type":"BreadcrumbList","@id":"https:\/\/forcadell.com\/ca\/propiedades\/local-comercial-implantado-y-amueblado-en-alquiler-en-el-distrito-22-barcelona-modernidad-y-funcionalidad\/#breadcrumb","itemListElement":[{"@type":"ListItem","position":1,"name":"Portada","item":"https:\/\/forcadell.com\/ca\/"},{"@type":"ListItem","position":2,"name":"Properties","item":"https:\/\/forcadell.com\/ca\/propiedades\/"},{"@type":"ListItem","position":3,"name":"Local Comercial IMPLANTADO y AMUEBLADO en alquiler en el Distrito 22@, Barcelona: Modernidad y Funcionalidad"}]},{"@type":"WebSite","@id":"https:\/\/forcadell.com\/ca\/#website","url":"https:\/\/forcadell.com\/ca\/","name":"Forcadell","description":"Inmobiliaria Barcelona | Consultores inmobiliarios","potentialAction":[{"@type":"SearchAction","target":{"@type":"EntryPoint","urlTemplate":"https:\/\/forcadell.com\/ca\/?s={search_term_string}"},"query-input":{"@type":"PropertyValueSpecification","valueRequired":true,"valueName":"search_term_string"}}],"inLanguage":"ca"}]}},"_links":{"self":[{"href":"https:\/\/forcadell.com\/ca\/wp-json\/wp\/v2\/properties_post\/63241","targetHints":{"allow":["GET"]}}],"collection":[{"href":"https:\/\/forcadell.com\/ca\/wp-json\/wp\/v2\/properties_post"}],"about":[{"href":"https:\/\/forcadell.com\/ca\/wp-json\/wp\/v2\/types\/properties_post"}],"wp:attachment":[{"href":"https:\/\/forcadell.com\/ca\/wp-json\/wp\/v2\/media?parent=63241"}],"curies":[{"name":"wp","href":"https:\/\/api.w.org\/{rel}","templated":true}]}}