{"id":63097,"date":"2026-03-13T16:27:45","date_gmt":"2026-03-13T14:27:45","guid":{"rendered":"https:\/\/forcadell.com\/propiedades\/oficina-alquiler-madrid-calle-agustin-de-foxa-2\/"},"modified":"2026-04-26T12:13:53","modified_gmt":"2026-04-26T10:13:53","slug":"oficina-alquiler-madrid-calle-agustin-de-foxa-2","status":"publish","type":"properties_post","link":"https:\/\/forcadell.com\/ca\/propiedades\/oficina-alquiler-madrid-calle-agustin-de-foxa-2\/","title":{"rendered":"Oficina alquiler Madrid. Calle Agust\u00edn de Fox\u00e1."},"content":{"rendered":"<p>Oficina en alquiler situada a escasos metros de Plaza Castilla y el distrito de negocios de las Cuatro Torres. Zona rodeada de una amplia gama de servicios y una intensa actividad empresarial. Es el lugar elegido por muchas empresas del sector financiero para establecer sus sedes principales.<\/p>\n<p>Caracter\u00edsticas destacadas:<br \/>\n&#8211; Reci\u00e9n reformada.<br \/>\n&#8211; Servicio de conserjer\u00eda.<br \/>\n&#8211; Control de accesos con tornos biom\u00e9tricos.<br \/>\n&#8211; Sistema de CCTV y vigilancia las 24 horas.<br \/>\n&#8211; Oficina di\u00e1fana con abundante luz natural.<br \/>\n&#8211; Falso techo registrable.<br \/>\n&#8211; Suelo t\u00e9cnico.<br \/>\n&#8211; Aire acondicionado fr\u00edo-calor.<br \/>\n&#8211; Certificado de sostenibilidad: BREEAM GOOD<\/p>\n<p>Disfruta de conexiones de transporte inmejorables gracias a la proximidad de la estaci\u00f3n de tren de Chamart\u00edn y el intercambiador de Plaza Castilla.<\/p>\n<p>Transportes:<br \/>\nMetro: L1 \u2013 L10 &#8211; Chamart\u00edn.<br \/>\nAutobuses: 5, 66, 67, 124, 134, 135, 147.<\/p>\n<p>**Las im\u00e1genes corresponde a oficina tipo**<\/p>\n","protected":false},"template":"","class_list":["post-63097","properties_post","type-properties_post","status-publish","hentry","properties_modality-rent","properties_district-chamartin","properties_province-madrid","properties_zone-cbd","properties_state-madrid","properties_subclass-oficina","properties_type-oficina"],"acf":{"post_type_properties_post_property_code":"11247883","post_type_properties_post_property_reference":"IE-226424","post_type_properties_post_owner_id":"54235","post_type_properties_post_owner_name":"LA FINCA REAL ESTATE","post_type_properties_post_property_code_encrypted":"MjQ5JDMyNDUw","post_type_properties_post_published":"1","post_type_properties_post_property_visibility":"idealista","post_type_properties_post_contact_name":"Forcadell Oficinas Madrid","post_type_properties_post_contact_email":"forcadell.oficinas.madrid@movin.cloud","post_type_properties_post_contact_primary_phone_prefix":"34","post_type_properties_post_contact_primary_phone_number":"917886880","post_type_properties_post_address_visibility":"street","post_type_properties_post_address_country":"Spain","post_type_properties_post_address_coordinates_precision":"exact","post_type_properties_post_address_postal_code":"28036","post_type_properties_post_address_coordinates_latitude":"40.470966000002","post_type_properties_post_address_coordinates_longitude":"-3.685151999998","post_type_properties_post_address_street_name":"CL Agust\u00edn de Fox\u00e1 29.","post_type_properties_post_address_floor":"9","post_type_properties_post_address_town":"Madrid","post_type_properties_post_building":null,"post_type_properties_post_property":[{"properties_post_description_language":"catalan","properties_post_title":"Oficina exterior i lluminosa en lloguer al carrer Agust\u00edn de Fox\u00e1. Madrid.","properties_post_short_description_text_alt":"","properties_post_description_text_alt":"","properties_post_short_description_text":"Edifici exclusiu d'oficines situat al carrer Agust\u00edn de Fox\u00e1, zona de Chamart\u00edn. Ubicaci\u00f3 excel\u00b7lent, amb f\u00e0cil i r\u00e0pid acc\u00e9s des del Paseo de la Castellana, la M-30, l'A-1, a m\u00e9s de ben comunicat per transport p\u00fablic. Edifici PB + 10, acabat de reformar, servei de consergeria, control d'accessos, torns d'acc\u00e9s biom\u00e8trics, sistema CCTV, vigil\u00e0ncia 24 hores, ascensors, p\u00e0rquing. Oficines di\u00e0fanes, exteriors, molta llum natural, fals sostre registrable, terra t\u00e8cnic, aire condicionat fred \/ calor.","properties_post_link_demanda_inmueble":"https:\/\/movin.cloud\/ca\/Forcadell Oficinas Madrid\/formulari-peticio-immoble\/sth\/2462&&11247883","properties_post_link_demanda_calendario_inmueble":"https:\/\/movin.cloud\/ca\/Forcadell Oficinas Madrid\/calendari-peticio-immoble\/sth\/2462&&11247883","properties_post_description_text":"Edifici exclusiu d'oficines situat al carrer Agust\u00edn de Fox\u00e1, zona de Chamart\u00edn. Ubicaci\u00f3 excel\u00b7lent, amb f\u00e0cil i r\u00e0pid acc\u00e9s des del Paseo de la Castellana, la M-30, l'A-1, a m\u00e9s de ben comunicat per transport p\u00fablic. Edifici PB + 10, acabat de reformar, servei de consergeria, control d'accessos, torns d'acc\u00e9s biom\u00e8trics, sistema CCTV, vigil\u00e0ncia 24 hores, ascensors, p\u00e0rquing. Oficines di\u00e0fanes, exteriors, molta llum natural, fals sostre registrable, terra t\u00e8cnic, aire condicionat fred \/ calor.","properties_post_seo_title":"","properties_post_seo_alias":"","properties_post_seo_metadescription":"Oficina exterior i lluminosa en lloguer al carrer Agust\u00edn de Fox\u00e1. Madrid. Forcadell \u00e9s la seva ag\u00e8ncia de confian\u00e7a per al lloguer d'aquesta oficina.","properties_post_seo_key_words":"Oficina lloguer Madrid, lloguer oficina Madrid, oficina Madrid.","properties_post_seo_url":"","properties_post_terms_conditions":""},{"properties_post_description_language":"spanish","properties_post_title":"Oficina alquiler Madrid. Calle Agust\u00edn de Fox\u00e1.","properties_post_short_description_text_alt":"","properties_post_description_text_alt":"","properties_post_short_description_text":"Oficina en alquiler ubicada en Plaza Castilla, distribuida en superficies di\u00e1fanas y modulables con excelente luz natural, falso techo registrable, suelo t\u00e9cnico, altura libre de 2,50 metros y aire acondicionado fr\u00edo\/calor. \nEdificio exclusivo de oficinas reci\u00e9n reformado con servicio de conserjer\u00eda, control de accesos, tornos de acceso biom\u00e9tricos, sistema CCTV, vigilancia 24h, WIFI en zonas comunes y parking privado. \nSituado en la calle Agust\u00edn de Fox\u00e1, zona de Chamart\u00edn. Ubicaci\u00f3n excelente, con f\u00e1cil y r\u00e1pido acceso desde el Paseo de la Castellana, la M-30, la A-1, adem\u00e1s de inmejorables comunicaciones por transporte p\u00fablico. \n \nCertificado de sostenibilidad: BREEAM GOOD \n \nRenta de parking: 100 \u20ac\/plaza\/mes. \n \nTransportes: \nMetro: L1, L10 - Chamart\u00edn. \nCercan\u00edas: Chamart\u00edn. \nAutobuses: 5, 66, 67, 124, 134, 135, 147. \n \n**Las im\u00e1genes corresponde a oficina tipo**","properties_post_link_demanda_inmueble":"https:\/\/movin.cloud\/es\/Forcadell Oficinas Madrid\/formulario-peticion-inmueble\/sth\/2462&&11247883","properties_post_link_demanda_calendario_inmueble":"https:\/\/movin.cloud\/es\/Forcadell Oficinas Madrid\/calendario-peticion-inmueble\/sth\/2462&&11247883","properties_post_description_text":"Oficina en alquiler situada a escasos metros de Plaza Castilla y el distrito de negocios de las Cuatro Torres. Zona rodeada de una amplia gama de servicios y una intensa actividad empresarial. Es el lugar elegido por muchas empresas del sector financiero para establecer sus sedes principales.\n\nCaracter\u00edsticas destacadas:\n- Reci\u00e9n reformada. \n- Servicio de conserjer\u00eda.\n- Control de accesos con tornos biom\u00e9tricos.\n- Sistema de CCTV y vigilancia las 24 horas.\n- Oficina di\u00e1fana con abundante luz natural.\n- Falso techo registrable.\n- Suelo t\u00e9cnico.\n- Aire acondicionado fr\u00edo-calor. \n- Certificado de sostenibilidad: BREEAM GOOD\n\nDisfruta de conexiones de transporte inmejorables gracias a la proximidad de la estaci\u00f3n de tren de Chamart\u00edn y el intercambiador de Plaza Castilla.\n\nTransportes:\nMetro: L1 \u2013 L10 - Chamart\u00edn.\nAutobuses: 5, 66, 67, 124, 134, 135, 147.\n\n**Las im\u00e1genes corresponde a oficina tipo**","properties_post_seo_title":"","properties_post_seo_alias":"","properties_post_seo_metadescription":"Alquiler oficina madrid centro, oficina alquiler madrid, oficina chamart\u00edn.","properties_post_seo_key_words":"Oficina alquiler Madrid, alquiler oficina Madrid, oficina Madrid. Plaza Castilla, Bravo Murillo","properties_post_seo_url":"","properties_post_terms_conditions":""}],"post_type_properties_post_features_type":"office","post_type_properties_post_id_building":"","post_type_properties_post_features_area_constructed":591,"post_type_properties_post_features_conditioned_air":true,"post_type_properties_post_features_doorman":false,"post_type_properties_post_features_heating":true,"post_type_properties_post_features_equipped_kitchen":false,"post_type_properties_post_features_windows_location":"exterior","post_type_properties_post_features_floors_property":false,"post_type_properties_post_features_storage":false,"post_type_properties_post_features_security_door":false,"post_type_properties_post_features_energy_certificate_rating":"C","post_type_properties_post_features_energy_certificate_emissions_rating":"C","post_type_properties_post_features_energy_certificate_emissions_value":"","post_type_properties_post_features_energy_certificate_performance":"","post_type_properties_post_features_bathroom_inside":false,"post_type_properties_post_precio":13598.06,"post_type_properties_post_precio_alquiler":13598.06,"post_type_properties_post_record_type_id":"Oficina","post_type_properties_post_categoria__producto":"Oficina","post_type_properties_post_amueblado":false,"post_type_properties_post_precio_m2":23,"post_type_properties_post_zona__comunitaria":false,"post_type_properties_post_electrodomesticos":false,"post_type_properties_post_patio__interior":false,"post_type_properties_post_certificado_energetico_general":"C","post_type_properties_post_certificado_energetico_consumo":"C","post_type_properties_post_certificado_energetico_valor_emisiones":"","post_type_properties_post_certificado_energetico_valor_consumo":"","post_type_properties_post_modalidad":"rent","post_type_properties_post_provincia":"Madrid","post_type_properties_post_poblacion":"Madrid","post_type_properties_post_centro__urbano":false,"post_type_properties_post_zonificacion":"CBD","post_type_properties_post_cartera":"Segunda mano","post_type_properties_post_titulo_catalan":"Oficina exterior i lluminosa en lloguer al carrer Agust\u00edn de Fox\u00e1. Madrid.","post_type_properties_post_internet_catalan":"Edifici exclusiu d'oficines situat al carrer Agust\u00edn de Fox\u00e1, zona de Chamart\u00edn. Ubicaci\u00f3 excel\u00b7lent, amb f\u00e0cil i r\u00e0pid acc\u00e9s des del Paseo de la Castellana, la M-30, l'A-1, a m\u00e9s de ben comunicat per transport p\u00fablic. Edifici PB + 10, acabat de reformar, servei de consergeria, control d'accessos, torns d'acc\u00e9s biom\u00e8trics, sistema CCTV, vigil\u00e0ncia 24 hores, ascensors, p\u00e0rquing. Oficines di\u00e0fanes, exteriors, molta llum natural, fals sostre registrable, terra t\u00e8cnic, aire condicionat fred \/ calor.","post_type_properties_post_titulo_castellano":"Oficina alquiler Madrid. Calle Agust\u00edn de Fox\u00e1.","post_type_properties_post_internet_castellano":"Oficina en alquiler situada a escasos metros de Plaza Castilla y el distrito de negocios de las Cuatro Torres. Zona rodeada de una amplia gama de servicios y una intensa actividad empresarial. Es el lugar elegido por muchas empresas del sector financiero para establecer sus sedes principales.\n\nCaracter\u00edsticas destacadas:\n- Reci\u00e9n reformada. \n- Servicio de conserjer\u00eda.\n- Control de accesos con tornos biom\u00e9tricos.\n- Sistema de CCTV y vigilancia las 24 horas.\n- Oficina di\u00e1fana con abundante luz natural.\n- Falso techo registrable.\n- Suelo t\u00e9cnico.\n- Aire acondicionado fr\u00edo-calor. \n- Certificado de sostenibilidad: BREEAM GOOD\n\nDisfruta de conexiones de transporte inmejorables gracias a la proximidad de la estaci\u00f3n de tren de Chamart\u00edn y el intercambiador de Plaza Castilla.\n\nTransportes:\nMetro: L1 \u2013 L10 - Chamart\u00edn.\nAutobuses: 5, 66, 67, 124, 134, 135, 147.\n\n**Las im\u00e1genes corresponde a oficina tipo**","post_type_properties_post_titulo_ingles":"","post_type_properties_post_internet_ingles":"","post_type_properties_post_features_classification_commercial":false,"post_type_properties_post_features_conservation":"","post_type_properties_post_features_security_personnel":false,"post_type_properties_post_features_parking_available":false,"post_type_properties_post_features_garage_capacity_type":"","post_type_properties_post_features_bathroom_number":"","post_type_properties_post_eje":"","post_type_properties_post_zona":"","post_type_properties_post_comarca":"","post_type_properties_post_features_built_year":"","post_type_properties_post_renta_mensual":"","post_type_properties_post_fianza":"","post_type_properties_post_features_area_plot":"","post_type_properties_post_features_area_buildable":"","post_type_properties_post_features_classification_industrial":false,"post_type_properties_post_distrito":"","post_type_properties_post_features_balcony":false,"post_type_properties_post_features_bedroom_number":"","post_type_properties_post_features_heating_type":"","post_type_properties_post_features_equipped_with_furniture":false,"post_type_properties_post_features_pets_allowed":false,"post_type_properties_post_features_pool":false,"post_type_properties_post_features_terrace":false,"post_type_properties_post_features_wardrobes":false,"post_type_properties_post_features_lift_available":false,"post_type_properties_post_features_handicap_adapted_access":false,"post_type_properties_post_features_orientation_east":false,"post_type_properties_post_features_orientation_west":false,"post_type_properties_post_features_orientation_north":false,"post_type_properties_post_features_orientation_south":false,"post_type_properties_post_features_parking_spaces_number":"","post_type_properties_post_features_security_alarm":false,"post_type_properties_post_features_security_system":false,"post_type_properties_post_open_plan":false,"post_type_properties_post_acceso_24_7":false,"post_type_properties_post_oficina_privada":false,"post_type_properties_post_sala_reuniones":false,"post_type_properties_post_espacio_eventos":false,"post_type_properties_post_office":false,"post_type_properties_post_restaurant":false,"post_type_properties_post_acepta_traspaso":false,"post_type_properties_post_vigilancia":true,"post_type_properties_post_features_suite":false,"post_type_properties_post_features_vitro":false,"post_type_properties_post_features_oven":false,"post_type_properties_post_features_microwave":false,"post_type_properties_post_features_washing_machine":false,"post_type_properties_post_features_dryer":false,"post_type_properties_post_features_dishwasher":false,"post_type_properties_post_features_fridge":false,"post_type_properties_post_features_fridge_mini":false,"post_type_properties_post_features_kettle":false,"post_type_properties_post_features_toaster":false,"post_type_properties_post_features_coffee_maker":false,"post_type_properties_post_features_iron":false,"post_type_properties_post_features_ironing_board":false,"post_type_properties_post_features_safe":false,"post_type_properties_post_features_internet":false,"post_type_properties_post_features_solarium":false,"post_type_properties_post_features_clean_service":false,"post_type_properties_post_features_t_v":false,"post_type_properties_post_features_satellite_t_v":false,"post_type_properties_post_features_gas_kitchen":false,"post_type_properties_post_features_view_mountain":false,"post_type_properties_post_features_view_sea":false,"post_type_properties_post_features_concierge":false,"post_type_properties_post_features_loading_dock":false,"post_type_properties_post_features_bridge_crane":false,"post_type_properties_post_features_located_at_corner":false,"post_type_properties_post_features_smoke_extraction":false,"post_type_properties_post_features_rooms":"","post_type_properties_post_features_garden_area":"","post_type_properties_post_features_utilities_water":false,"post_type_properties_post_features_utilities_electricity":false,"post_type_properties_post_features_utilities_natural_gas":false,"post_type_properties_post_features_building_adapted":false,"post_type_properties_post_features_garden":false,"post_type_properties_post_features_classification_hotel":false,"post_type_properties_post_features_classification_chalet":false,"post_type_properties_post_certificado_energetico_emisiones":"C","post_type_properties_post_barrio":"","post_type_properties_post_distrito_empresa":"Chamart\u00edn","post_type_properties_post_features_property_category_intern":"","post_type_properties_post_implantada":false,"post_type_properties_post_sello_leed":"","post_type_properties_post_sello_well":"","post_type_properties_post_sello_breeam":true,"post_type_properties_post_images":[{"properties_post_image_order":1,"properties_post_image_url":"https:\/\/movin.cloud\/empresas\/2462\/imagenes\/11247883\/alquiler-para-idealistas-madrid.webp","properties_post_image_url_thumbnail":"https:\/\/movin.cloud\/empresas\/2462\/imagenes\/thumbnails\/11247883\/alquiler-para-idealistas-madrid.webp","properties_post_title":"alquiler para idealistas madrid","properties_post_alt":"alquiler para idealistas madrid"},{"properties_post_image_order":2,"properties_post_image_url":"https:\/\/movin.cloud\/empresas\/2462\/imagenes\/11247883\/alquiler-madrid.webp","properties_post_image_url_thumbnail":"https:\/\/movin.cloud\/empresas\/2462\/imagenes\/thumbnails\/11247883\/alquiler-madrid.webp","properties_post_title":"alquiler madrid","properties_post_alt":"alquiler madrid"},{"properties_post_image_order":3,"properties_post_image_url":"https:\/\/movin.cloud\/empresas\/2462\/imagenes\/11247883\/rent.webp","properties_post_image_url_thumbnail":"https:\/\/movin.cloud\/empresas\/2462\/imagenes\/thumbnails\/11247883\/rent.webp","properties_post_title":"rent","properties_post_alt":"rent"},{"properties_post_image_order":4,"properties_post_image_url":"https:\/\/movin.cloud\/empresas\/2462\/imagenes\/11247883\/habitalia.webp","properties_post_image_url_thumbnail":"https:\/\/movin.cloud\/empresas\/2462\/imagenes\/thumbnails\/11247883\/habitalia.webp","properties_post_title":"habitalia","properties_post_alt":"habitalia"},{"properties_post_image_order":5,"properties_post_image_url":"https:\/\/movin.cloud\/empresas\/2462\/imagenes\/11247883\/viviendas-madrid.webp","properties_post_image_url_thumbnail":"https:\/\/movin.cloud\/empresas\/2462\/imagenes\/thumbnails\/11247883\/viviendas-madrid.webp","properties_post_title":"viviendas madrid","properties_post_alt":"viviendas madrid"},{"properties_post_image_order":6,"properties_post_image_url":"https:\/\/movin.cloud\/empresas\/2462\/imagenes\/11247883\/alquiler-para-idealista-madrid.webp","properties_post_image_url_thumbnail":"https:\/\/movin.cloud\/empresas\/2462\/imagenes\/thumbnails\/11247883\/alquiler-para-idealista-madrid.webp","properties_post_title":"alquiler para idealista madrid","properties_post_alt":"alquiler para idealista madrid"},{"properties_post_image_order":7,"properties_post_image_url":"https:\/\/movin.cloud\/empresas\/2462\/imagenes\/11247883\/alquilar-madrid.webp","properties_post_image_url_thumbnail":"https:\/\/movin.cloud\/empresas\/2462\/imagenes\/thumbnails\/11247883\/alquilar-madrid.webp","properties_post_title":"alquilar madrid","properties_post_alt":"alquilar madrid"},{"properties_post_image_order":8,"properties_post_image_url":"https:\/\/movin.cloud\/empresas\/2462\/imagenes\/11247883\/habitalia-madrid.webp","properties_post_image_url_thumbnail":"https:\/\/movin.cloud\/empresas\/2462\/imagenes\/thumbnails\/11247883\/habitalia-madrid.webp","properties_post_title":"habitalia madrid","properties_post_alt":"habitalia madrid"},{"properties_post_image_order":9,"properties_post_image_url":"https:\/\/movin.cloud\/empresas\/2462\/imagenes\/11247883\/alquiler.webp","properties_post_image_url_thumbnail":"https:\/\/movin.cloud\/empresas\/2462\/imagenes\/thumbnails\/11247883\/alquiler.webp","properties_post_title":"alquiler","properties_post_alt":"alquiler"},{"properties_post_image_order":10,"properties_post_image_url":"https:\/\/movin.cloud\/empresas\/2462\/imagenes\/11247883\/en-alquiler-madrid.webp","properties_post_image_url_thumbnail":"https:\/\/movin.cloud\/empresas\/2462\/imagenes\/thumbnails\/11247883\/en-alquiler-madrid.webp","properties_post_title":"en alquiler madrid","properties_post_alt":"en alquiler madrid"},{"properties_post_image_order":11,"properties_post_image_url":"https:\/\/movin.cloud\/empresas\/2462\/imagenes\/11247883\/inmobiliarias.webp","properties_post_image_url_thumbnail":"https:\/\/movin.cloud\/empresas\/2462\/imagenes\/thumbnails\/11247883\/inmobiliarias.webp","properties_post_title":"inmobiliarias","properties_post_alt":"inmobiliarias"},{"properties_post_image_order":12,"properties_post_image_url":"https:\/\/movin.cloud\/empresas\/2462\/imagenes\/11247883\/alquiler-para-idealistas.webp","properties_post_image_url_thumbnail":"https:\/\/movin.cloud\/empresas\/2462\/imagenes\/thumbnails\/11247883\/alquiler-para-idealistas.webp","properties_post_title":"alquiler para idealistas","properties_post_alt":"alquiler para idealistas"},{"properties_post_image_order":13,"properties_post_image_url":"https:\/\/movin.cloud\/empresas\/2462\/imagenes\/11247883\/alquiler-idealistas-madrid.webp","properties_post_image_url_thumbnail":"https:\/\/movin.cloud\/empresas\/2462\/imagenes\/thumbnails\/11247883\/alquiler-idealistas-madrid.webp","properties_post_title":"alquiler idealistas madrid","properties_post_alt":"alquiler idealistas madrid"},{"properties_post_image_order":14,"properties_post_image_url":"https:\/\/movin.cloud\/empresas\/2462\/imagenes\/11247883\/alquilar.webp","properties_post_image_url_thumbnail":"https:\/\/movin.cloud\/empresas\/2462\/imagenes\/thumbnails\/11247883\/alquilar.webp","properties_post_title":"alquilar","properties_post_alt":"alquilar"},{"properties_post_image_order":15,"properties_post_image_url":"https:\/\/movin.cloud\/empresas\/2462\/imagenes\/11247883\/inmobiliaria.webp","properties_post_image_url_thumbnail":"https:\/\/movin.cloud\/empresas\/2462\/imagenes\/thumbnails\/11247883\/inmobiliaria.webp","properties_post_title":"inmobiliaria","properties_post_alt":"inmobiliaria"},{"properties_post_image_order":16,"properties_post_image_url":"https:\/\/movin.cloud\/empresas\/2462\/imagenes\/11247883\/fincas.webp","properties_post_image_url_thumbnail":"https:\/\/movin.cloud\/empresas\/2462\/imagenes\/thumbnails\/11247883\/fincas.webp","properties_post_title":"fincas","properties_post_alt":"fincas"},{"properties_post_image_order":17,"properties_post_image_url":"https:\/\/movin.cloud\/empresas\/2462\/imagenes\/11247883\/alquiler-idealistas.webp","properties_post_image_url_thumbnail":"https:\/\/movin.cloud\/empresas\/2462\/imagenes\/thumbnails\/11247883\/alquiler-idealistas.webp","properties_post_title":"alquiler idealistas","properties_post_alt":"alquiler idealistas"},{"properties_post_image_order":18,"properties_post_image_url":"https:\/\/movin.cloud\/empresas\/2462\/imagenes\/11247883\/viviendas.webp","properties_post_image_url_thumbnail":"https:\/\/movin.cloud\/empresas\/2462\/imagenes\/thumbnails\/11247883\/viviendas.webp","properties_post_title":"viviendas","properties_post_alt":"viviendas"},{"properties_post_image_order":19,"properties_post_image_url":"https:\/\/movin.cloud\/empresas\/2462\/imagenes\/11247883\/alquiler-para-idealista.webp","properties_post_image_url_thumbnail":"https:\/\/movin.cloud\/empresas\/2462\/imagenes\/thumbnails\/11247883\/alquiler-para-idealista.webp","properties_post_title":"alquiler para idealista","properties_post_alt":"alquiler para idealista"}],"post_type_properties_post_videos":null,"post_type_properties_post_tour":null,"post_type_properties_post_dossier_url":"","post_type_properties_post_operation_type":"rent","post_type_properties_post_operation_price":13598,"post_type_properties_post_features_hidden_price":false},"yoast_head":"<!-- This site is optimized with the Yoast SEO plugin v25.6 - https:\/\/yoast.com\/wordpress\/plugins\/seo\/ -->\n<title>Oficina alquiler Madrid. Calle Agust\u00edn de Fox\u00e1. - Forcadell<\/title>\n<meta name=\"robots\" content=\"index, follow, max-snippet:-1, max-image-preview:large, max-video-preview:-1\" \/>\n<link rel=\"canonical\" href=\"https:\/\/forcadell.com\/ca\/propiedades\/oficina-alquiler-madrid-calle-agustin-de-foxa-2\/\" \/>\n<meta property=\"og:locale\" content=\"ca_ES\" \/>\n<meta property=\"og:type\" content=\"article\" \/>\n<meta property=\"og:title\" content=\"Oficina alquiler Madrid. Calle Agust\u00edn de Fox\u00e1. - Forcadell\" \/>\n<meta property=\"og:description\" content=\"Oficina en alquiler situada a escasos metros de Plaza Castilla y el distrito de negocios de las Cuatro Torres. Zona rodeada de una amplia gama de servicios y una intensa actividad empresarial. Es el lugar elegido por muchas empresas del sector financiero para establecer sus sedes principales. Caracter\u00edsticas destacadas: &#8211; Reci\u00e9n reformada. &#8211; Servicio de [&hellip;]\" \/>\n<meta property=\"og:url\" content=\"https:\/\/forcadell.com\/ca\/propiedades\/oficina-alquiler-madrid-calle-agustin-de-foxa-2\/\" \/>\n<meta property=\"og:site_name\" content=\"Forcadell\" \/>\n<meta property=\"article:modified_time\" content=\"2026-04-26T10:13:53+00:00\" \/>\n<meta name=\"twitter:card\" content=\"summary_large_image\" \/>\n<meta name=\"twitter:label1\" content=\"Temps estimat de lectura\" \/>\n\t<meta name=\"twitter:data1\" content=\"1 minut\" \/>\n<!-- \/ Yoast SEO plugin. -->","yoast_head_json":{"title":"Oficina alquiler Madrid. Calle Agust\u00edn de Fox\u00e1. - Forcadell","robots":{"index":"index","follow":"follow","max-snippet":"max-snippet:-1","max-image-preview":"max-image-preview:large","max-video-preview":"max-video-preview:-1"},"canonical":"https:\/\/forcadell.com\/ca\/propiedades\/oficina-alquiler-madrid-calle-agustin-de-foxa-2\/","og_locale":"ca_ES","og_type":"article","og_title":"Oficina alquiler Madrid. Calle Agust\u00edn de Fox\u00e1. - Forcadell","og_description":"Oficina en alquiler situada a escasos metros de Plaza Castilla y el distrito de negocios de las Cuatro Torres. Zona rodeada de una amplia gama de servicios y una intensa actividad empresarial. Es el lugar elegido por muchas empresas del sector financiero para establecer sus sedes principales. Caracter\u00edsticas destacadas: &#8211; Reci\u00e9n reformada. &#8211; Servicio de [&hellip;]","og_url":"https:\/\/forcadell.com\/ca\/propiedades\/oficina-alquiler-madrid-calle-agustin-de-foxa-2\/","og_site_name":"Forcadell","article_modified_time":"2026-04-26T10:13:53+00:00","twitter_card":"summary_large_image","twitter_misc":{"Temps estimat de lectura":"1 minut"},"schema":{"@context":"https:\/\/schema.org","@graph":[{"@type":"WebPage","@id":"https:\/\/forcadell.com\/ca\/propiedades\/oficina-alquiler-madrid-calle-agustin-de-foxa-2\/","url":"https:\/\/forcadell.com\/ca\/propiedades\/oficina-alquiler-madrid-calle-agustin-de-foxa-2\/","name":"Oficina alquiler Madrid. Calle Agust\u00edn de Fox\u00e1. - Forcadell","isPartOf":{"@id":"https:\/\/forcadell.com\/ca\/#website"},"datePublished":"2026-03-13T14:27:45+00:00","dateModified":"2026-04-26T10:13:53+00:00","breadcrumb":{"@id":"https:\/\/forcadell.com\/ca\/propiedades\/oficina-alquiler-madrid-calle-agustin-de-foxa-2\/#breadcrumb"},"inLanguage":"ca","potentialAction":[{"@type":"ReadAction","target":["https:\/\/forcadell.com\/ca\/propiedades\/oficina-alquiler-madrid-calle-agustin-de-foxa-2\/"]}]},{"@type":"BreadcrumbList","@id":"https:\/\/forcadell.com\/ca\/propiedades\/oficina-alquiler-madrid-calle-agustin-de-foxa-2\/#breadcrumb","itemListElement":[{"@type":"ListItem","position":1,"name":"Portada","item":"https:\/\/forcadell.com\/ca\/"},{"@type":"ListItem","position":2,"name":"Properties","item":"https:\/\/forcadell.com\/ca\/propiedades\/"},{"@type":"ListItem","position":3,"name":"Oficina alquiler Madrid. Calle Agust\u00edn de Fox\u00e1."}]},{"@type":"WebSite","@id":"https:\/\/forcadell.com\/ca\/#website","url":"https:\/\/forcadell.com\/ca\/","name":"Forcadell","description":"Inmobiliaria Barcelona | Consultores inmobiliarios","potentialAction":[{"@type":"SearchAction","target":{"@type":"EntryPoint","urlTemplate":"https:\/\/forcadell.com\/ca\/?s={search_term_string}"},"query-input":{"@type":"PropertyValueSpecification","valueRequired":true,"valueName":"search_term_string"}}],"inLanguage":"ca"}]}},"_links":{"self":[{"href":"https:\/\/forcadell.com\/ca\/wp-json\/wp\/v2\/properties_post\/63097"}],"collection":[{"href":"https:\/\/forcadell.com\/ca\/wp-json\/wp\/v2\/properties_post"}],"about":[{"href":"https:\/\/forcadell.com\/ca\/wp-json\/wp\/v2\/types\/properties_post"}],"wp:attachment":[{"href":"https:\/\/forcadell.com\/ca\/wp-json\/wp\/v2\/media?parent=63097"}],"curies":[{"name":"wp","href":"https:\/\/api.w.org\/{rel}","templated":true}]}}