{"id":62845,"date":"2026-03-10T10:25:33","date_gmt":"2026-03-10T08:25:33","guid":{"rendered":"https:\/\/forcadell.com\/propiedades\/alquiler-oficina-calle-bravo-murillo-madrid\/"},"modified":"2026-04-27T22:00:08","modified_gmt":"2026-04-27T20:00:08","slug":"alquiler-oficina-calle-bravo-murillo-madrid","status":"publish","type":"properties_post","link":"https:\/\/forcadell.com\/ca\/propiedades\/alquiler-oficina-calle-bravo-murillo-madrid\/","title":{"rendered":"Alquiler Oficina Calle Bravo Murillo, Madrid"},"content":{"rendered":"<p>Edificio exclusivo de oficinas, exento y representativo, ubicado en el consolidado distrito de Tetu\u00e1n, a escasos metros del Paseo de la Castellana, una de las principales arterias empresariales de Madrid. El inmueble goza de excelentes comunicaciones mediante diversas l\u00edneas de transporte p\u00fablico, lo que facilita un acceso c\u00f3modo y eficiente para empleados y visitantes.<\/p>\n<p>El edificio se desarrolla en planta baja m\u00e1s cuatro plantas sobre rasante, ofreciendo espacios de trabajo amplios y funcionales. Dispone de servicio de conserjer\u00eda, zona habilitada para carga y descarga, as\u00ed como servicios complementarios que aportan comodidad al d\u00eda a d\u00eda, entre ellos lavadero de coches y parking en el propio inmueble.<\/p>\n<p>Las plantas de oficinas cuentan con superficies di\u00e1fanas, exteriores y con abundante luz natural, proporcionando un entorno de trabajo luminoso y confortable. T\u00e9cnicamente, el edificio est\u00e1 equipado con suelo t\u00e9cnico y falso techo registrable, lo que permite una gran flexibilidad en la distribuci\u00f3n de los espacios. La climatizaci\u00f3n se realiza mediante un sistema de fr\u00edo y calor con fancoils a cuatro tubos, garantizando un \u00f3ptimo confort t\u00e9rmico durante todo el a\u00f1o.<\/p>\n<p>Transporte p\u00fablico: Metro: L-1- Estrecho. Autob\u00fas: 3, 43, 66,124, N23.<br \/>\n*Im\u00e1genes pertenecen a oficina tipo*<\/p>\n","protected":false},"template":"","class_list":["post-62845","properties_post","type-properties_post","status-publish","hentry","properties_modality-rent","properties_district-tetuan","properties_province-madrid","properties_zone-centro","properties_state-madrid","properties_subclass-oficina","properties_type-oficina"],"acf":{"post_type_properties_post_property_code":"11247408","post_type_properties_post_property_reference":"IE-226123","post_type_properties_post_owner_id":"53857","post_type_properties_post_owner_name":"Alejandro Gonz\u00e1lez","post_type_properties_post_property_code_encrypted":"MjQ5JDMxOTc1","post_type_properties_post_published":"1","post_type_properties_post_property_visibility":"idealista","post_type_properties_post_contact_name":"Forcadell Oficinas Madrid","post_type_properties_post_contact_email":"forcadell.oficinas.madrid@movin.cloud","post_type_properties_post_contact_primary_phone_prefix":"34","post_type_properties_post_contact_primary_phone_number":"917886880","post_type_properties_post_address_visibility":"street","post_type_properties_post_address_country":"Spain","post_type_properties_post_address_coordinates_precision":"exact","post_type_properties_post_address_postal_code":"28020","post_type_properties_post_address_coordinates_latitude":"40.4539259","post_type_properties_post_address_coordinates_longitude":"-3.7019612","post_type_properties_post_address_street_name":"CALLE Bravo Murillo N\u00ba 178","post_type_properties_post_address_floor":"1","post_type_properties_post_address_town":"Madrid","post_type_properties_post_building":null,"post_type_properties_post_property":[{"properties_post_description_language":"spanish","properties_post_title":"Alquiler Oficina Calle Bravo Murillo, Madrid","properties_post_short_description_text_alt":"","properties_post_description_text_alt":"","properties_post_short_description_text":"","properties_post_link_demanda_inmueble":"https:\/\/movin.cloud\/es\/Forcadell Oficinas Madrid\/formulario-peticion-inmueble\/sth\/2462&&11247408","properties_post_link_demanda_calendario_inmueble":"https:\/\/movin.cloud\/es\/Forcadell Oficinas Madrid\/calendario-peticion-inmueble\/sth\/2462&&11247408","properties_post_description_text":"Edificio exclusivo de oficinas, exento y representativo, ubicado en el consolidado distrito de Tetu\u00e1n, a escasos metros del Paseo de la Castellana, una de las principales arterias empresariales de Madrid. El inmueble goza de excelentes comunicaciones mediante diversas l\u00edneas de transporte p\u00fablico, lo que facilita un acceso c\u00f3modo y eficiente para empleados y visitantes.\n\nEl edificio se desarrolla en planta baja m\u00e1s cuatro plantas sobre rasante, ofreciendo espacios de trabajo amplios y funcionales. Dispone de servicio de conserjer\u00eda, zona habilitada para carga y descarga, as\u00ed como servicios complementarios que aportan comodidad al d\u00eda a d\u00eda, entre ellos lavadero de coches y parking en el propio inmueble.\n\nLas plantas de oficinas cuentan con superficies di\u00e1fanas, exteriores y con abundante luz natural, proporcionando un entorno de trabajo luminoso y confortable. T\u00e9cnicamente, el edificio est\u00e1 equipado con suelo t\u00e9cnico y falso techo registrable, lo que permite una gran flexibilidad en la distribuci\u00f3n de los espacios. La climatizaci\u00f3n se realiza mediante un sistema de fr\u00edo y calor con fancoils a cuatro tubos, garantizando un \u00f3ptimo confort t\u00e9rmico durante todo el a\u00f1o.\n\nTransporte p\u00fablico: Metro: L-1- Estrecho. Autob\u00fas: 3, 43, 66,124, N23.\n*Im\u00e1genes pertenecen a oficina tipo*\n","properties_post_seo_title":"","properties_post_seo_alias":"","properties_post_seo_metadescription":"","properties_post_seo_key_words":"","properties_post_seo_url":"","properties_post_terms_conditions":""}],"post_type_properties_post_features_type":"office","post_type_properties_post_id_building":"","post_type_properties_post_features_area_constructed":1152,"post_type_properties_post_features_conditioned_air":true,"post_type_properties_post_features_doorman":false,"post_type_properties_post_features_heating":true,"post_type_properties_post_features_equipped_kitchen":false,"post_type_properties_post_features_windows_location":"exterior","post_type_properties_post_features_floors_property":false,"post_type_properties_post_features_storage":false,"post_type_properties_post_features_security_door":false,"post_type_properties_post_features_energy_certificate_rating":"inProcess","post_type_properties_post_features_energy_certificate_emissions_rating":"","post_type_properties_post_features_energy_certificate_emissions_value":"","post_type_properties_post_features_energy_certificate_performance":"","post_type_properties_post_features_bathroom_inside":true,"post_type_properties_post_precio":19584,"post_type_properties_post_precio_alquiler":19584,"post_type_properties_post_record_type_id":"Oficina","post_type_properties_post_categoria__producto":"Oficina","post_type_properties_post_amueblado":false,"post_type_properties_post_precio_m2":17,"post_type_properties_post_zona__comunitaria":false,"post_type_properties_post_electrodomesticos":false,"post_type_properties_post_patio__interior":false,"post_type_properties_post_certificado_energetico_general":"ZZ (En tr\u00e1mite)","post_type_properties_post_certificado_energetico_consumo":"ZZ (En tr\u00e1mite)","post_type_properties_post_certificado_energetico_valor_emisiones":"","post_type_properties_post_certificado_energetico_valor_consumo":"","post_type_properties_post_modalidad":"rent","post_type_properties_post_provincia":"Madrid","post_type_properties_post_poblacion":"Madrid","post_type_properties_post_centro__urbano":false,"post_type_properties_post_zonificacion":"Centro","post_type_properties_post_cartera":"Segunda mano","post_type_properties_post_titulo_catalan":"","post_type_properties_post_internet_catalan":"","post_type_properties_post_titulo_castellano":"Alquiler Oficina Calle Bravo Murillo, Madrid","post_type_properties_post_internet_castellano":"Edificio exclusivo de oficinas, exento y representativo, ubicado en el consolidado distrito de Tetu\u00e1n, a escasos metros del Paseo de la Castellana, una de las principales arterias empresariales de Madrid. El inmueble goza de excelentes comunicaciones mediante diversas l\u00edneas de transporte p\u00fablico, lo que facilita un acceso c\u00f3modo y eficiente para empleados y visitantes.\n\nEl edificio se desarrolla en planta baja m\u00e1s cuatro plantas sobre rasante, ofreciendo espacios de trabajo amplios y funcionales. Dispone de servicio de conserjer\u00eda, zona habilitada para carga y descarga, as\u00ed como servicios complementarios que aportan comodidad al d\u00eda a d\u00eda, entre ellos lavadero de coches y parking en el propio inmueble.\n\nLas plantas de oficinas cuentan con superficies di\u00e1fanas, exteriores y con abundante luz natural, proporcionando un entorno de trabajo luminoso y confortable. T\u00e9cnicamente, el edificio est\u00e1 equipado con suelo t\u00e9cnico y falso techo registrable, lo que permite una gran flexibilidad en la distribuci\u00f3n de los espacios. La climatizaci\u00f3n se realiza mediante un sistema de fr\u00edo y calor con fancoils a cuatro tubos, garantizando un \u00f3ptimo confort t\u00e9rmico durante todo el a\u00f1o.\n\nTransporte p\u00fablico: Metro: L-1- Estrecho. Autob\u00fas: 3, 43, 66,124, N23.\n*Im\u00e1genes pertenecen a oficina tipo*\n","post_type_properties_post_titulo_ingles":"","post_type_properties_post_internet_ingles":"","post_type_properties_post_features_classification_commercial":false,"post_type_properties_post_features_conservation":"","post_type_properties_post_features_security_personnel":false,"post_type_properties_post_features_parking_available":false,"post_type_properties_post_features_garage_capacity_type":"","post_type_properties_post_features_bathroom_number":"","post_type_properties_post_eje":"","post_type_properties_post_zona":"","post_type_properties_post_comarca":"","post_type_properties_post_features_built_year":"","post_type_properties_post_renta_mensual":"","post_type_properties_post_fianza":"","post_type_properties_post_features_area_plot":"","post_type_properties_post_features_area_buildable":"","post_type_properties_post_features_classification_industrial":false,"post_type_properties_post_distrito":"","post_type_properties_post_features_balcony":false,"post_type_properties_post_features_bedroom_number":"","post_type_properties_post_features_heating_type":"","post_type_properties_post_features_equipped_with_furniture":false,"post_type_properties_post_features_pets_allowed":false,"post_type_properties_post_features_pool":false,"post_type_properties_post_features_terrace":false,"post_type_properties_post_features_wardrobes":false,"post_type_properties_post_features_lift_available":false,"post_type_properties_post_features_handicap_adapted_access":false,"post_type_properties_post_features_orientation_east":false,"post_type_properties_post_features_orientation_west":false,"post_type_properties_post_features_orientation_north":false,"post_type_properties_post_features_orientation_south":false,"post_type_properties_post_features_parking_spaces_number":"","post_type_properties_post_features_security_alarm":false,"post_type_properties_post_features_security_system":false,"post_type_properties_post_open_plan":false,"post_type_properties_post_acceso_24_7":false,"post_type_properties_post_oficina_privada":false,"post_type_properties_post_sala_reuniones":false,"post_type_properties_post_espacio_eventos":false,"post_type_properties_post_office":false,"post_type_properties_post_restaurant":false,"post_type_properties_post_acepta_traspaso":false,"post_type_properties_post_vigilancia":false,"post_type_properties_post_features_suite":false,"post_type_properties_post_features_vitro":false,"post_type_properties_post_features_oven":false,"post_type_properties_post_features_microwave":false,"post_type_properties_post_features_washing_machine":false,"post_type_properties_post_features_dryer":false,"post_type_properties_post_features_dishwasher":false,"post_type_properties_post_features_fridge":false,"post_type_properties_post_features_fridge_mini":false,"post_type_properties_post_features_kettle":false,"post_type_properties_post_features_toaster":false,"post_type_properties_post_features_coffee_maker":false,"post_type_properties_post_features_iron":false,"post_type_properties_post_features_ironing_board":false,"post_type_properties_post_features_safe":false,"post_type_properties_post_features_internet":false,"post_type_properties_post_features_solarium":false,"post_type_properties_post_features_clean_service":false,"post_type_properties_post_features_t_v":false,"post_type_properties_post_features_satellite_t_v":false,"post_type_properties_post_features_gas_kitchen":false,"post_type_properties_post_features_view_mountain":false,"post_type_properties_post_features_view_sea":false,"post_type_properties_post_features_concierge":false,"post_type_properties_post_features_loading_dock":false,"post_type_properties_post_features_bridge_crane":false,"post_type_properties_post_features_located_at_corner":false,"post_type_properties_post_features_smoke_extraction":false,"post_type_properties_post_features_rooms":"","post_type_properties_post_features_garden_area":"","post_type_properties_post_features_utilities_water":false,"post_type_properties_post_features_utilities_electricity":false,"post_type_properties_post_features_utilities_natural_gas":false,"post_type_properties_post_features_building_adapted":false,"post_type_properties_post_features_garden":false,"post_type_properties_post_features_classification_hotel":false,"post_type_properties_post_features_classification_chalet":false,"post_type_properties_post_certificado_energetico_emisiones":"ZZ (En tr\u00e1mite)","post_type_properties_post_barrio":"","post_type_properties_post_distrito_empresa":"Tetu\u00e1n","post_type_properties_post_features_property_category_intern":"","post_type_properties_post_implantada":false,"post_type_properties_post_sello_leed":"","post_type_properties_post_sello_well":"","post_type_properties_post_sello_breeam":false,"post_type_properties_post_images":[{"properties_post_image_order":1,"properties_post_image_url":"https:\/\/movin.cloud\/empresas\/2462\/imagenes\/11247408\/alquilar.webp","properties_post_image_url_thumbnail":"https:\/\/movin.cloud\/empresas\/2462\/imagenes\/thumbnails\/11247408\/alquilar.webp","properties_post_title":"alquilar","properties_post_alt":"alquilar"},{"properties_post_image_order":2,"properties_post_image_url":"https:\/\/movin.cloud\/empresas\/2462\/imagenes\/11247408\/en-alquiler.webp","properties_post_image_url_thumbnail":"https:\/\/movin.cloud\/empresas\/2462\/imagenes\/thumbnails\/11247408\/en-alquiler.webp","properties_post_title":"en alquiler","properties_post_alt":"en alquiler"},{"properties_post_image_order":3,"properties_post_image_url":"https:\/\/movin.cloud\/empresas\/2462\/imagenes\/11247408\/alquiler.webp","properties_post_image_url_thumbnail":"https:\/\/movin.cloud\/empresas\/2462\/imagenes\/thumbnails\/11247408\/alquiler.webp","properties_post_title":"alquiler","properties_post_alt":"alquiler"},{"properties_post_image_order":4,"properties_post_image_url":"https:\/\/movin.cloud\/empresas\/2462\/imagenes\/11247408\/alquiler-idealistas.webp","properties_post_image_url_thumbnail":"https:\/\/movin.cloud\/empresas\/2462\/imagenes\/thumbnails\/11247408\/alquiler-idealistas.webp","properties_post_title":"alquiler idealistas","properties_post_alt":"alquiler idealistas"},{"properties_post_image_order":5,"properties_post_image_url":"https:\/\/movin.cloud\/empresas\/2462\/imagenes\/11247408\/habitalia.webp","properties_post_image_url_thumbnail":"https:\/\/movin.cloud\/empresas\/2462\/imagenes\/thumbnails\/11247408\/habitalia.webp","properties_post_title":"habitalia","properties_post_alt":"habitalia"}],"post_type_properties_post_videos":null,"post_type_properties_post_tour":null,"post_type_properties_post_dossier_url":"","post_type_properties_post_operation_type":"rent","post_type_properties_post_operation_price":19584,"post_type_properties_post_features_hidden_price":false},"yoast_head":"<!-- This site is optimized with the Yoast SEO plugin v27.4 - https:\/\/yoast.com\/product\/yoast-seo-wordpress\/ -->\n<title>Alquiler Oficina Calle Bravo Murillo, Madrid - Forcadell<\/title>\n<meta name=\"robots\" content=\"index, follow, max-snippet:-1, max-image-preview:large, max-video-preview:-1\" \/>\n<link rel=\"canonical\" href=\"https:\/\/forcadell.com\/ca\/propiedades\/alquiler-oficina-calle-bravo-murillo-madrid\/\" \/>\n<meta property=\"og:locale\" content=\"ca_ES\" \/>\n<meta property=\"og:type\" content=\"article\" \/>\n<meta property=\"og:title\" content=\"Alquiler Oficina Calle Bravo Murillo, Madrid - Forcadell\" \/>\n<meta property=\"og:description\" content=\"Edificio exclusivo de oficinas, exento y representativo, ubicado en el consolidado distrito de Tetu\u00e1n, a escasos metros del Paseo de la Castellana, una de las principales arterias empresariales de Madrid. El inmueble goza de excelentes comunicaciones mediante diversas l\u00edneas de transporte p\u00fablico, lo que facilita un acceso c\u00f3modo y eficiente para empleados y visitantes. El [&hellip;]\" \/>\n<meta property=\"og:url\" content=\"https:\/\/forcadell.com\/ca\/propiedades\/alquiler-oficina-calle-bravo-murillo-madrid\/\" \/>\n<meta property=\"og:site_name\" content=\"Forcadell\" \/>\n<meta property=\"article:modified_time\" content=\"2026-04-27T20:00:08+00:00\" \/>\n<meta name=\"twitter:card\" content=\"summary_large_image\" \/>\n<meta name=\"twitter:label1\" content=\"Temps estimat de lectura\" \/>\n\t<meta name=\"twitter:data1\" content=\"1 minut\" \/>\n<!-- \/ Yoast SEO plugin. -->","yoast_head_json":{"title":"Alquiler Oficina Calle Bravo Murillo, Madrid - Forcadell","robots":{"index":"index","follow":"follow","max-snippet":"max-snippet:-1","max-image-preview":"max-image-preview:large","max-video-preview":"max-video-preview:-1"},"canonical":"https:\/\/forcadell.com\/ca\/propiedades\/alquiler-oficina-calle-bravo-murillo-madrid\/","og_locale":"ca_ES","og_type":"article","og_title":"Alquiler Oficina Calle Bravo Murillo, Madrid - Forcadell","og_description":"Edificio exclusivo de oficinas, exento y representativo, ubicado en el consolidado distrito de Tetu\u00e1n, a escasos metros del Paseo de la Castellana, una de las principales arterias empresariales de Madrid. El inmueble goza de excelentes comunicaciones mediante diversas l\u00edneas de transporte p\u00fablico, lo que facilita un acceso c\u00f3modo y eficiente para empleados y visitantes. El [&hellip;]","og_url":"https:\/\/forcadell.com\/ca\/propiedades\/alquiler-oficina-calle-bravo-murillo-madrid\/","og_site_name":"Forcadell","article_modified_time":"2026-04-27T20:00:08+00:00","twitter_card":"summary_large_image","twitter_misc":{"Temps estimat de lectura":"1 minut"},"schema":{"@context":"https:\/\/schema.org","@graph":[{"@type":"WebPage","@id":"https:\/\/forcadell.com\/ca\/propiedades\/alquiler-oficina-calle-bravo-murillo-madrid\/","url":"https:\/\/forcadell.com\/ca\/propiedades\/alquiler-oficina-calle-bravo-murillo-madrid\/","name":"Alquiler Oficina Calle Bravo Murillo, Madrid - Forcadell","isPartOf":{"@id":"https:\/\/forcadell.com\/ca\/#website"},"datePublished":"2026-03-10T08:25:33+00:00","dateModified":"2026-04-27T20:00:08+00:00","breadcrumb":{"@id":"https:\/\/forcadell.com\/ca\/propiedades\/alquiler-oficina-calle-bravo-murillo-madrid\/#breadcrumb"},"inLanguage":"ca","potentialAction":[{"@type":"ReadAction","target":["https:\/\/forcadell.com\/ca\/propiedades\/alquiler-oficina-calle-bravo-murillo-madrid\/"]}]},{"@type":"BreadcrumbList","@id":"https:\/\/forcadell.com\/ca\/propiedades\/alquiler-oficina-calle-bravo-murillo-madrid\/#breadcrumb","itemListElement":[{"@type":"ListItem","position":1,"name":"Portada","item":"https:\/\/forcadell.com\/ca\/"},{"@type":"ListItem","position":2,"name":"Properties","item":"https:\/\/forcadell.com\/ca\/propiedades\/"},{"@type":"ListItem","position":3,"name":"Alquiler Oficina Calle Bravo Murillo, Madrid"}]},{"@type":"WebSite","@id":"https:\/\/forcadell.com\/ca\/#website","url":"https:\/\/forcadell.com\/ca\/","name":"Forcadell","description":"Inmobiliaria Barcelona | Consultores inmobiliarios","potentialAction":[{"@type":"SearchAction","target":{"@type":"EntryPoint","urlTemplate":"https:\/\/forcadell.com\/ca\/?s={search_term_string}"},"query-input":{"@type":"PropertyValueSpecification","valueRequired":true,"valueName":"search_term_string"}}],"inLanguage":"ca"}]}},"_links":{"self":[{"href":"https:\/\/forcadell.com\/ca\/wp-json\/wp\/v2\/properties_post\/62845","targetHints":{"allow":["GET"]}}],"collection":[{"href":"https:\/\/forcadell.com\/ca\/wp-json\/wp\/v2\/properties_post"}],"about":[{"href":"https:\/\/forcadell.com\/ca\/wp-json\/wp\/v2\/types\/properties_post"}],"wp:attachment":[{"href":"https:\/\/forcadell.com\/ca\/wp-json\/wp\/v2\/media?parent=62845"}],"curies":[{"name":"wp","href":"https:\/\/api.w.org\/{rel}","templated":true}]}}