{"id":62281,"date":"2026-02-19T12:35:52","date_gmt":"2026-02-19T10:35:52","guid":{"rendered":"https:\/\/forcadell.com\/propiedades\/av-diagonal-5\/"},"modified":"2026-04-28T13:00:54","modified_gmt":"2026-04-28T11:00:54","slug":"av-diagonal-5","status":"publish","type":"properties_post","link":"https:\/\/forcadell.com\/ca\/propiedades\/av-diagonal-5\/","title":{"rendered":"AV DIAGONAL"},"content":{"rendered":"<p> \u00a1Oficinas de primer nivel en la Avenida Diagonal, Barcelona!<\/p>\n<p>Ubicado en uno de los tramos m\u00e1s emblem\u00e1ticos y consolidados de Barcelona, entre Paseo de Gracia y Plaza Francesc Maci\u00e0, este edificio es el epicentro de los ejes empresariales y financieros m\u00e1s importantes de la ciudad. Una ubicaci\u00f3n premium con excelentes comunicaciones por metro, FGC y m\u00faltiples l\u00edneas de bus.<\/p>\n<p>Caracter\u00edsticas del edificio:<\/p>\n<p>Fachada a la Av. Diagonal y rehabilitaci\u00f3n integral (dic-2025)<br \/>\nServicio de conserjer\u00eda y vigilancia CCTV 24h\/365<br \/>\nControl de accesos, ascensores de \u00faltima generaci\u00f3n y montacargas<br \/>\nParking propio y p\u00fablico a 100 m<br \/>\nEdificio clase A, con espacios luminosos y oficinas nuevas a estrenar<\/p>\n<p>Oficinas:<\/p>\n<p>Superficies di\u00e1fanas listas para ocupar<br \/>\nBa\u00f1os privativos por planta<br \/>\nSistema de climatizaci\u00f3n eficiente e individualizado<br \/>\nSuelo t\u00e9cnico y falso techo con luminarias encastadas<br \/>\nEspectacular planta 10 con terrazas y vistas panor\u00e1micas de Barcelona<\/p>\n<p>Transporte p\u00fablico cercano:<\/p>\n<p>Bus: 6, 7, 15, 27, 31, 32, 33, 34, 58, 64, 67, 68<br \/>\nFGC: \u201cProven\u00e7a\u201d (L6, L7, S1, S2, S5, S55)<br \/>\nMetro: L3, L5 \u2013 \u201cDiagonal\u201d<\/p>\n<p>Ubica tu empresa en el coraz\u00f3n financiero de Barcelona y disfruta de un espacio moderno, funcional y con presencia de prestigio. \u00a1Listo para empezar a trabajar desde el primer d\u00eda!<\/p>\n","protected":false},"template":"","class_list":["post-62281","properties_post","type-properties_post","status-publish","hentry","properties_modality-rent","properties_district-eixample","properties_province-barcelona","properties_zone-cbd-diagonal-po-de-gracia","properties_state-barcelona","properties_subclass-oficina","properties_type-oficina"],"acf":{"post_type_properties_post_property_code":"240526","post_type_properties_post_property_reference":"IE-196712","post_type_properties_post_owner_id":"49802","post_type_properties_post_owner_name":"ZURICH INSURANCE PLC SUCURSAL EN ESPA\u00d1A","post_type_properties_post_property_code_encrypted":"MjkkMjUwOTM=","post_type_properties_post_published":"1","post_type_properties_post_property_visibility":"idealista","post_type_properties_post_contact_name":"Forcadell Oficinas Barcelona","post_type_properties_post_contact_email":"forcadell.oficinas.barcelona@movin.cloud","post_type_properties_post_contact_primary_phone_prefix":"34","post_type_properties_post_contact_primary_phone_number":"934965413","post_type_properties_post_address_visibility":"street","post_type_properties_post_address_country":"Spain","post_type_properties_post_address_coordinates_precision":"exact","post_type_properties_post_address_postal_code":"08036","post_type_properties_post_address_coordinates_latitude":"41.39457","post_type_properties_post_address_coordinates_longitude":"2.15223","post_type_properties_post_address_street_name":"AV Diagonal 431","post_type_properties_post_address_floor":"4","post_type_properties_post_address_town":"Barcelona","post_type_properties_post_building":null,"post_type_properties_post_property":[{"properties_post_description_language":"catalan","properties_post_title":" AV DIAGONAL","properties_post_short_description_text_alt":"","properties_post_description_text_alt":"","properties_post_short_description_text":" ","properties_post_link_demanda_inmueble":"https:\/\/movin.cloud\/ca\/Forcadell Oficinas Barcelona\/formulari-peticio-immoble\/sth\/2438&&240526","properties_post_link_demanda_calendario_inmueble":"https:\/\/movin.cloud\/ca\/Forcadell Oficinas Barcelona\/calendari-peticio-immoble\/sth\/2438&&240526","properties_post_description_text":" Oficines de primer nivell a l'Avinguda Diagonal, Barcelona!\n\nUbicat en un dels trams m\u00e9s emblem\u00e0tics i consolidats de Barcelona, entre el Passeig de Gr\u00e0cia i la Pla\u00e7a Francesc Maci\u00e0, aquest edifici \u00e9s l'epicentre dels eixos empresarials i financers m\u00e9s importants de la ciutat. Una ubicaci\u00f3 premium amb excel\u00b7lents comunicacions per metro, FGC i m\u00faltiples l\u00ednies de bus.\n\nCaracter\u00edstiques de l'edifici:\n\nFa\u00e7ana a l'Av. Diagonal i rehabilitaci\u00f3 integral (dic-2025)\nServei de consergeria i vigil\u00e0ncia CCTV 24h\/365\nControl d'accessos, ascensors d'\u00faltima generaci\u00f3 i muntac\u00e0rregues\nP\u00e0rquing propi i p\u00fablic a 100 m\nEdifici classe A, amb espais lluminosos i oficines noves a estrenar\n\nOficines:\n\nSuperf\u00edcies di\u00e0fanes llestes per ocupar\nBanys privatius per planta\nSistema de climatitzaci\u00f3 eficient i individualitzat\nS\u00f2l t\u00e8cnic i fals sostre amb llumin\u00e0ries encastades\nEspectacular planta 10 amb terrasses i vistes panor\u00e0miques de Barcelona\n\nTransport p\u00fablic proper:\n\nBus: 6, 7, 15, 27, 31, 32, 33, 34, 58, 64, 67, 68\nFGC: \u201cProven\u00e7a\u201d (L6, L7, S1, S2, S5, S55)\nMetro: L3, L5 \u2013 \u201cDiagonal\u201d\n\nUbica la teva empresa al cor financer de Barcelona i gaudeix d\u00b4un espai modern, funcional i amb pres\u00e8ncia de prestigi. A punt per comen\u00e7ar a treballar des del primer dia!","properties_post_seo_title":"","properties_post_seo_alias":"","properties_post_seo_metadescription":"Oficina de lloguer a zona prime de Barcelona. Av. Diagonal. Forcadell \u00e9s la seva ag\u00e8ncia de confian\u00e7a per al lloguer d'aquesta oficina.","properties_post_seo_key_words":"oficina lloguer zona prime, lloguer oficina zona prime, oficina zona prime","properties_post_seo_url":"","properties_post_terms_conditions":""},{"properties_post_description_language":"spanish","properties_post_title":"AV DIAGONAL","properties_post_short_description_text_alt":"","properties_post_description_text_alt":"","properties_post_short_description_text":" ","properties_post_link_demanda_inmueble":"https:\/\/movin.cloud\/es\/Forcadell Oficinas Barcelona\/formulario-peticion-inmueble\/sth\/2438&&240526","properties_post_link_demanda_calendario_inmueble":"https:\/\/movin.cloud\/es\/Forcadell Oficinas Barcelona\/calendario-peticion-inmueble\/sth\/2438&&240526","properties_post_description_text":" \u00a1Oficinas de primer nivel en la Avenida Diagonal, Barcelona!\n\nUbicado en uno de los tramos m\u00e1s emblem\u00e1ticos y consolidados de Barcelona, entre Paseo de Gracia y Plaza Francesc Maci\u00e0, este edificio es el epicentro de los ejes empresariales y financieros m\u00e1s importantes de la ciudad. Una ubicaci\u00f3n premium con excelentes comunicaciones por metro, FGC y m\u00faltiples l\u00edneas de bus.\n\nCaracter\u00edsticas del edificio:\n\nFachada a la Av. Diagonal y rehabilitaci\u00f3n integral (dic-2025)\nServicio de conserjer\u00eda y vigilancia CCTV 24h\/365\nControl de accesos, ascensores de \u00faltima generaci\u00f3n y montacargas\nParking propio y p\u00fablico a 100 m\nEdificio clase A, con espacios luminosos y oficinas nuevas a estrenar\n\nOficinas:\n\nSuperficies di\u00e1fanas listas para ocupar\nBa\u00f1os privativos por planta\nSistema de climatizaci\u00f3n eficiente e individualizado\nSuelo t\u00e9cnico y falso techo con luminarias encastadas\nEspectacular planta 10 con terrazas y vistas panor\u00e1micas de Barcelona\n\nTransporte p\u00fablico cercano:\n\nBus: 6, 7, 15, 27, 31, 32, 33, 34, 58, 64, 67, 68\nFGC: \u201cProven\u00e7a\u201d (L6, L7, S1, S2, S5, S55)\nMetro: L3, L5 \u2013 \u201cDiagonal\u201d\n\nUbica tu empresa en el coraz\u00f3n financiero de Barcelona y disfruta de un espacio moderno, funcional y con presencia de prestigio. \u00a1Listo para empezar a trabajar desde el primer d\u00eda!\n ","properties_post_seo_title":"","properties_post_seo_alias":"","properties_post_seo_metadescription":"Oficina en alquiler en zona prime de Barcelona. Av. Diagonal. Forcadell es su agencia de confianza para el alquiler de esta oficina.","properties_post_seo_key_words":"oficina alquiler zona prime, alquiler oficina zona prime, oficina zona prime","properties_post_seo_url":"","properties_post_terms_conditions":""}],"post_type_properties_post_features_type":"office","post_type_properties_post_id_building":"MjkkMjc1Mjk=","post_type_properties_post_features_area_constructed":541,"post_type_properties_post_features_conditioned_air":true,"post_type_properties_post_features_doorman":false,"post_type_properties_post_features_heating":true,"post_type_properties_post_features_equipped_kitchen":false,"post_type_properties_post_features_windows_location":"exterior","post_type_properties_post_features_floors_property":false,"post_type_properties_post_features_storage":false,"post_type_properties_post_features_security_door":false,"post_type_properties_post_features_energy_certificate_rating":"B","post_type_properties_post_features_energy_certificate_emissions_rating":"B","post_type_properties_post_features_energy_certificate_emissions_value":"","post_type_properties_post_features_energy_certificate_performance":"","post_type_properties_post_features_bathroom_inside":true,"post_type_properties_post_precio":17319,"post_type_properties_post_precio_alquiler":17319,"post_type_properties_post_record_type_id":"Oficina","post_type_properties_post_categoria__producto":"Oficina","post_type_properties_post_amueblado":false,"post_type_properties_post_precio_m2":32,"post_type_properties_post_zona__comunitaria":false,"post_type_properties_post_electrodomesticos":false,"post_type_properties_post_patio__interior":false,"post_type_properties_post_certificado_energetico_general":"B","post_type_properties_post_certificado_energetico_consumo":"B","post_type_properties_post_certificado_energetico_valor_emisiones":"","post_type_properties_post_certificado_energetico_valor_consumo":"","post_type_properties_post_modalidad":"rent","post_type_properties_post_provincia":"Barcelona","post_type_properties_post_poblacion":"Barcelona","post_type_properties_post_centro__urbano":false,"post_type_properties_post_zonificacion":"CBD - Diagonal \/ P\u00ba de Gracia","post_type_properties_post_cartera":"","post_type_properties_post_titulo_catalan":" AV DIAGONAL","post_type_properties_post_internet_catalan":" Oficines de primer nivell a l'Avinguda Diagonal, Barcelona!\n\nUbicat en un dels trams m\u00e9s emblem\u00e0tics i consolidats de Barcelona, entre el Passeig de Gr\u00e0cia i la Pla\u00e7a Francesc Maci\u00e0, aquest edifici \u00e9s l'epicentre dels eixos empresarials i financers m\u00e9s importants de la ciutat. Una ubicaci\u00f3 premium amb excel\u00b7lents comunicacions per metro, FGC i m\u00faltiples l\u00ednies de bus.\n\nCaracter\u00edstiques de l'edifici:\n\nFa\u00e7ana a l'Av. Diagonal i rehabilitaci\u00f3 integral (dic-2025)\nServei de consergeria i vigil\u00e0ncia CCTV 24h\/365\nControl d'accessos, ascensors d'\u00faltima generaci\u00f3 i muntac\u00e0rregues\nP\u00e0rquing propi i p\u00fablic a 100 m\nEdifici classe A, amb espais lluminosos i oficines noves a estrenar\n\nOficines:\n\nSuperf\u00edcies di\u00e0fanes llestes per ocupar\nBanys privatius per planta\nSistema de climatitzaci\u00f3 eficient i individualitzat\nS\u00f2l t\u00e8cnic i fals sostre amb llumin\u00e0ries encastades\nEspectacular planta 10 amb terrasses i vistes panor\u00e0miques de Barcelona\n\nTransport p\u00fablic proper:\n\nBus: 6, 7, 15, 27, 31, 32, 33, 34, 58, 64, 67, 68\nFGC: \u201cProven\u00e7a\u201d (L6, L7, S1, S2, S5, S55)\nMetro: L3, L5 \u2013 \u201cDiagonal\u201d\n\nUbica la teva empresa al cor financer de Barcelona i gaudeix d\u00b4un espai modern, funcional i amb pres\u00e8ncia de prestigi. A punt per comen\u00e7ar a treballar des del primer dia!","post_type_properties_post_titulo_castellano":"AV DIAGONAL","post_type_properties_post_internet_castellano":" \u00a1Oficinas de primer nivel en la Avenida Diagonal, Barcelona!\n\nUbicado en uno de los tramos m\u00e1s emblem\u00e1ticos y consolidados de Barcelona, entre Paseo de Gracia y Plaza Francesc Maci\u00e0, este edificio es el epicentro de los ejes empresariales y financieros m\u00e1s importantes de la ciudad. Una ubicaci\u00f3n premium con excelentes comunicaciones por metro, FGC y m\u00faltiples l\u00edneas de bus.\n\nCaracter\u00edsticas del edificio:\n\nFachada a la Av. Diagonal y rehabilitaci\u00f3n integral (dic-2025)\nServicio de conserjer\u00eda y vigilancia CCTV 24h\/365\nControl de accesos, ascensores de \u00faltima generaci\u00f3n y montacargas\nParking propio y p\u00fablico a 100 m\nEdificio clase A, con espacios luminosos y oficinas nuevas a estrenar\n\nOficinas:\n\nSuperficies di\u00e1fanas listas para ocupar\nBa\u00f1os privativos por planta\nSistema de climatizaci\u00f3n eficiente e individualizado\nSuelo t\u00e9cnico y falso techo con luminarias encastadas\nEspectacular planta 10 con terrazas y vistas panor\u00e1micas de Barcelona\n\nTransporte p\u00fablico cercano:\n\nBus: 6, 7, 15, 27, 31, 32, 33, 34, 58, 64, 67, 68\nFGC: \u201cProven\u00e7a\u201d (L6, L7, S1, S2, S5, S55)\nMetro: L3, L5 \u2013 \u201cDiagonal\u201d\n\nUbica tu empresa en el coraz\u00f3n financiero de Barcelona y disfruta de un espacio moderno, funcional y con presencia de prestigio. \u00a1Listo para empezar a trabajar desde el primer d\u00eda!\n ","post_type_properties_post_titulo_ingles":"","post_type_properties_post_internet_ingles":"","post_type_properties_post_features_classification_commercial":false,"post_type_properties_post_features_conservation":"","post_type_properties_post_features_security_personnel":false,"post_type_properties_post_features_parking_available":false,"post_type_properties_post_features_garage_capacity_type":"","post_type_properties_post_features_bathroom_number":"","post_type_properties_post_eje":"","post_type_properties_post_zona":"","post_type_properties_post_comarca":"","post_type_properties_post_features_built_year":"","post_type_properties_post_renta_mensual":17319,"post_type_properties_post_fianza":"","post_type_properties_post_features_area_plot":"","post_type_properties_post_features_area_buildable":"","post_type_properties_post_features_classification_industrial":false,"post_type_properties_post_distrito":"","post_type_properties_post_features_balcony":false,"post_type_properties_post_features_bedroom_number":"","post_type_properties_post_features_heating_type":"","post_type_properties_post_features_equipped_with_furniture":false,"post_type_properties_post_features_pets_allowed":false,"post_type_properties_post_features_pool":false,"post_type_properties_post_features_terrace":false,"post_type_properties_post_features_wardrobes":false,"post_type_properties_post_features_lift_available":false,"post_type_properties_post_features_handicap_adapted_access":false,"post_type_properties_post_features_orientation_east":false,"post_type_properties_post_features_orientation_west":false,"post_type_properties_post_features_orientation_north":false,"post_type_properties_post_features_orientation_south":false,"post_type_properties_post_features_parking_spaces_number":"","post_type_properties_post_features_security_alarm":false,"post_type_properties_post_features_security_system":false,"post_type_properties_post_open_plan":false,"post_type_properties_post_acceso_24_7":false,"post_type_properties_post_oficina_privada":false,"post_type_properties_post_sala_reuniones":false,"post_type_properties_post_espacio_eventos":false,"post_type_properties_post_office":false,"post_type_properties_post_restaurant":false,"post_type_properties_post_acepta_traspaso":false,"post_type_properties_post_vigilancia":false,"post_type_properties_post_features_suite":false,"post_type_properties_post_features_vitro":false,"post_type_properties_post_features_oven":false,"post_type_properties_post_features_microwave":false,"post_type_properties_post_features_washing_machine":false,"post_type_properties_post_features_dryer":false,"post_type_properties_post_features_dishwasher":false,"post_type_properties_post_features_fridge":false,"post_type_properties_post_features_fridge_mini":false,"post_type_properties_post_features_kettle":false,"post_type_properties_post_features_toaster":false,"post_type_properties_post_features_coffee_maker":false,"post_type_properties_post_features_iron":false,"post_type_properties_post_features_ironing_board":false,"post_type_properties_post_features_safe":false,"post_type_properties_post_features_internet":false,"post_type_properties_post_features_solarium":false,"post_type_properties_post_features_clean_service":false,"post_type_properties_post_features_t_v":false,"post_type_properties_post_features_satellite_t_v":false,"post_type_properties_post_features_gas_kitchen":false,"post_type_properties_post_features_view_mountain":false,"post_type_properties_post_features_view_sea":false,"post_type_properties_post_features_concierge":false,"post_type_properties_post_features_loading_dock":false,"post_type_properties_post_features_bridge_crane":false,"post_type_properties_post_features_located_at_corner":false,"post_type_properties_post_features_smoke_extraction":false,"post_type_properties_post_features_rooms":"","post_type_properties_post_features_garden_area":"","post_type_properties_post_features_utilities_water":false,"post_type_properties_post_features_utilities_electricity":false,"post_type_properties_post_features_utilities_natural_gas":false,"post_type_properties_post_features_building_adapted":false,"post_type_properties_post_features_garden":false,"post_type_properties_post_features_classification_hotel":false,"post_type_properties_post_features_classification_chalet":false,"post_type_properties_post_certificado_energetico_emisiones":"B","post_type_properties_post_barrio":"","post_type_properties_post_distrito_empresa":"Eixample","post_type_properties_post_features_property_category_intern":"","post_type_properties_post_implantada":false,"post_type_properties_post_sello_leed":"1","post_type_properties_post_sello_well":"","post_type_properties_post_sello_breeam":false,"post_type_properties_post_images":[{"properties_post_image_order":1,"properties_post_image_url":"https:\/\/movin.cloud\/empresas\/2438\/imagenes\/240526\/viviendas.webp","properties_post_image_url_thumbnail":"https:\/\/movin.cloud\/empresas\/2438\/imagenes\/thumbnails\/240526\/viviendas.webp","properties_post_title":"viviendas","properties_post_alt":"viviendas"},{"properties_post_image_order":2,"properties_post_image_url":"https:\/\/movin.cloud\/empresas\/2438\/imagenes\/240526\/en-alquiler.webp","properties_post_image_url_thumbnail":"https:\/\/movin.cloud\/empresas\/2438\/imagenes\/thumbnails\/240526\/en-alquiler.webp","properties_post_title":"en alquiler","properties_post_alt":"en alquiler"},{"properties_post_image_order":3,"properties_post_image_url":"https:\/\/movin.cloud\/empresas\/2438\/imagenes\/240526\/alquiler.webp","properties_post_image_url_thumbnail":"https:\/\/movin.cloud\/empresas\/2438\/imagenes\/thumbnails\/240526\/alquiler.webp","properties_post_title":"alquiler","properties_post_alt":"alquiler"},{"properties_post_image_order":4,"properties_post_image_url":"https:\/\/movin.cloud\/empresas\/2438\/imagenes\/240526\/alquiler-para-idealista.webp","properties_post_image_url_thumbnail":"https:\/\/movin.cloud\/empresas\/2438\/imagenes\/thumbnails\/240526\/alquiler-para-idealista.webp","properties_post_title":"alquiler para idealista","properties_post_alt":"alquiler para idealista"},{"properties_post_image_order":5,"properties_post_image_url":"https:\/\/movin.cloud\/empresas\/2438\/imagenes\/240526\/fincas.webp","properties_post_image_url_thumbnail":"https:\/\/movin.cloud\/empresas\/2438\/imagenes\/thumbnails\/240526\/fincas.webp","properties_post_title":"fincas","properties_post_alt":"fincas"},{"properties_post_image_order":6,"properties_post_image_url":"https:\/\/movin.cloud\/empresas\/2438\/imagenes\/240526\/rent.webp","properties_post_image_url_thumbnail":"https:\/\/movin.cloud\/empresas\/2438\/imagenes\/thumbnails\/240526\/rent.webp","properties_post_title":"rent","properties_post_alt":"rent"},{"properties_post_image_order":7,"properties_post_image_url":"https:\/\/movin.cloud\/empresas\/2438\/imagenes\/240526\/alquilar.webp","properties_post_image_url_thumbnail":"https:\/\/movin.cloud\/empresas\/2438\/imagenes\/thumbnails\/240526\/alquilar.webp","properties_post_title":"alquilar","properties_post_alt":"alquilar"},{"properties_post_image_order":8,"properties_post_image_url":"https:\/\/movin.cloud\/empresas\/2438\/imagenes\/240526\/alquiler-para-idealistas.webp","properties_post_image_url_thumbnail":"https:\/\/movin.cloud\/empresas\/2438\/imagenes\/thumbnails\/240526\/alquiler-para-idealistas.webp","properties_post_title":"alquiler para idealistas","properties_post_alt":"alquiler para idealistas"},{"properties_post_image_order":9,"properties_post_image_url":"https:\/\/movin.cloud\/empresas\/2438\/imagenes\/240526\/alquiler-barcelona.webp","properties_post_image_url_thumbnail":"https:\/\/movin.cloud\/empresas\/2438\/imagenes\/thumbnails\/240526\/alquiler-barcelona.webp","properties_post_title":"alquiler barcelona","properties_post_alt":"alquiler barcelona"},{"properties_post_image_order":10,"properties_post_image_url":"https:\/\/movin.cloud\/empresas\/2438\/imagenes\/240526\/inmobiliarias.webp","properties_post_image_url_thumbnail":"https:\/\/movin.cloud\/empresas\/2438\/imagenes\/thumbnails\/240526\/inmobiliarias.webp","properties_post_title":"inmobiliarias","properties_post_alt":"inmobiliarias"},{"properties_post_image_order":11,"properties_post_image_url":"https:\/\/movin.cloud\/empresas\/2438\/imagenes\/240526\/en-alquiler-barcelona.webp","properties_post_image_url_thumbnail":"https:\/\/movin.cloud\/empresas\/2438\/imagenes\/thumbnails\/240526\/en-alquiler-barcelona.webp","properties_post_title":"en alquiler barcelona","properties_post_alt":"en alquiler barcelona"},{"properties_post_image_order":12,"properties_post_image_url":"https:\/\/movin.cloud\/empresas\/2438\/imagenes\/240526\/habitalia.webp","properties_post_image_url_thumbnail":"https:\/\/movin.cloud\/empresas\/2438\/imagenes\/thumbnails\/240526\/habitalia.webp","properties_post_title":"habitalia","properties_post_alt":"habitalia"},{"properties_post_image_order":13,"properties_post_image_url":"https:\/\/movin.cloud\/empresas\/2438\/imagenes\/240526\/alquiler-idealistas.webp","properties_post_image_url_thumbnail":"https:\/\/movin.cloud\/empresas\/2438\/imagenes\/thumbnails\/240526\/alquiler-idealistas.webp","properties_post_title":"alquiler idealistas","properties_post_alt":"alquiler idealistas"},{"properties_post_image_order":14,"properties_post_image_url":"https:\/\/movin.cloud\/empresas\/2438\/imagenes\/240526\/inmobiliaria.webp","properties_post_image_url_thumbnail":"https:\/\/movin.cloud\/empresas\/2438\/imagenes\/thumbnails\/240526\/inmobiliaria.webp","properties_post_title":"inmobiliaria","properties_post_alt":"inmobiliaria"},{"properties_post_image_order":15,"properties_post_image_url":"https:\/\/movin.cloud\/empresas\/2438\/imagenes\/240526\/alquiler-idealistas-barcelona.webp","properties_post_image_url_thumbnail":"https:\/\/movin.cloud\/empresas\/2438\/imagenes\/thumbnails\/240526\/alquiler-idealistas-barcelona.webp","properties_post_title":"alquiler idealistas barcelona","properties_post_alt":"alquiler idealistas barcelona"}],"post_type_properties_post_videos":null,"post_type_properties_post_tour":null,"post_type_properties_post_dossier_url":"","post_type_properties_post_operation_type":"rent","post_type_properties_post_operation_price":17319,"post_type_properties_post_features_hidden_price":false},"yoast_head":"<!-- This site is optimized with the Yoast SEO plugin v27.4 - https:\/\/yoast.com\/product\/yoast-seo-wordpress\/ -->\n<title>AV DIAGONAL - Forcadell<\/title>\n<meta name=\"robots\" content=\"index, follow, max-snippet:-1, max-image-preview:large, max-video-preview:-1\" \/>\n<link rel=\"canonical\" href=\"https:\/\/forcadell.com\/ca\/propiedades\/av-diagonal-5\/\" \/>\n<meta property=\"og:locale\" content=\"ca_ES\" \/>\n<meta property=\"og:type\" content=\"article\" \/>\n<meta property=\"og:title\" content=\"AV DIAGONAL - Forcadell\" \/>\n<meta property=\"og:description\" content=\"\u00a1Oficinas de primer nivel en la Avenida Diagonal, Barcelona! Ubicado en uno de los tramos m\u00e1s emblem\u00e1ticos y consolidados de Barcelona, entre Paseo de Gracia y Plaza Francesc Maci\u00e0, este edificio es el epicentro de los ejes empresariales y financieros m\u00e1s importantes de la ciudad. Una ubicaci\u00f3n premium con excelentes comunicaciones por metro, FGC y [&hellip;]\" \/>\n<meta property=\"og:url\" content=\"https:\/\/forcadell.com\/ca\/propiedades\/av-diagonal-5\/\" \/>\n<meta property=\"og:site_name\" content=\"Forcadell\" \/>\n<meta property=\"article:modified_time\" content=\"2026-04-28T11:00:54+00:00\" \/>\n<meta name=\"twitter:card\" content=\"summary_large_image\" \/>\n<meta name=\"twitter:label1\" content=\"Temps estimat de lectura\" \/>\n\t<meta name=\"twitter:data1\" content=\"1 minut\" \/>\n<!-- \/ Yoast SEO plugin. -->","yoast_head_json":{"title":"AV DIAGONAL - Forcadell","robots":{"index":"index","follow":"follow","max-snippet":"max-snippet:-1","max-image-preview":"max-image-preview:large","max-video-preview":"max-video-preview:-1"},"canonical":"https:\/\/forcadell.com\/ca\/propiedades\/av-diagonal-5\/","og_locale":"ca_ES","og_type":"article","og_title":"AV DIAGONAL - Forcadell","og_description":"\u00a1Oficinas de primer nivel en la Avenida Diagonal, Barcelona! Ubicado en uno de los tramos m\u00e1s emblem\u00e1ticos y consolidados de Barcelona, entre Paseo de Gracia y Plaza Francesc Maci\u00e0, este edificio es el epicentro de los ejes empresariales y financieros m\u00e1s importantes de la ciudad. Una ubicaci\u00f3n premium con excelentes comunicaciones por metro, FGC y [&hellip;]","og_url":"https:\/\/forcadell.com\/ca\/propiedades\/av-diagonal-5\/","og_site_name":"Forcadell","article_modified_time":"2026-04-28T11:00:54+00:00","twitter_card":"summary_large_image","twitter_misc":{"Temps estimat de lectura":"1 minut"},"schema":{"@context":"https:\/\/schema.org","@graph":[{"@type":"WebPage","@id":"https:\/\/forcadell.com\/ca\/propiedades\/av-diagonal-5\/","url":"https:\/\/forcadell.com\/ca\/propiedades\/av-diagonal-5\/","name":"AV DIAGONAL - Forcadell","isPartOf":{"@id":"https:\/\/forcadell.com\/ca\/#website"},"datePublished":"2026-02-19T10:35:52+00:00","dateModified":"2026-04-28T11:00:54+00:00","breadcrumb":{"@id":"https:\/\/forcadell.com\/ca\/propiedades\/av-diagonal-5\/#breadcrumb"},"inLanguage":"ca","potentialAction":[{"@type":"ReadAction","target":["https:\/\/forcadell.com\/ca\/propiedades\/av-diagonal-5\/"]}]},{"@type":"BreadcrumbList","@id":"https:\/\/forcadell.com\/ca\/propiedades\/av-diagonal-5\/#breadcrumb","itemListElement":[{"@type":"ListItem","position":1,"name":"Portada","item":"https:\/\/forcadell.com\/ca\/"},{"@type":"ListItem","position":2,"name":"Properties","item":"https:\/\/forcadell.com\/ca\/propiedades\/"},{"@type":"ListItem","position":3,"name":"AV DIAGONAL"}]},{"@type":"WebSite","@id":"https:\/\/forcadell.com\/ca\/#website","url":"https:\/\/forcadell.com\/ca\/","name":"Forcadell","description":"Inmobiliaria Barcelona | Consultores inmobiliarios","potentialAction":[{"@type":"SearchAction","target":{"@type":"EntryPoint","urlTemplate":"https:\/\/forcadell.com\/ca\/?s={search_term_string}"},"query-input":{"@type":"PropertyValueSpecification","valueRequired":true,"valueName":"search_term_string"}}],"inLanguage":"ca"}]}},"_links":{"self":[{"href":"https:\/\/forcadell.com\/ca\/wp-json\/wp\/v2\/properties_post\/62281","targetHints":{"allow":["GET"]}}],"collection":[{"href":"https:\/\/forcadell.com\/ca\/wp-json\/wp\/v2\/properties_post"}],"about":[{"href":"https:\/\/forcadell.com\/ca\/wp-json\/wp\/v2\/types\/properties_post"}],"wp:attachment":[{"href":"https:\/\/forcadell.com\/ca\/wp-json\/wp\/v2\/media?parent=62281"}],"curies":[{"name":"wp","href":"https:\/\/api.w.org\/{rel}","templated":true}]}}