{"id":61949,"date":"2026-02-06T12:04:42","date_gmt":"2026-02-06T10:04:42","guid":{"rendered":"https:\/\/forcadell.com\/propiedades\/alquiler-oficina-en-calle-obenque-madrid\/"},"modified":"2026-04-29T17:04:55","modified_gmt":"2026-04-29T15:04:55","slug":"alquiler-oficina-en-calle-obenque-madrid","status":"publish","type":"properties_post","link":"https:\/\/forcadell.com\/ca\/propiedades\/alquiler-oficina-en-calle-obenque-madrid\/","title":{"rendered":"Alquiler Oficina en Calle Obenque, Madrid"},"content":{"rendered":"<p>Edificio exento recientemente rehabilitado, concebido como una soluci\u00f3n \u00f3ptima para sede corporativa, que destaca por su excelente visibilidad desde la A-2 y la M-14 y por su proximidad al Aeropuerto Adolfo Su\u00e1rez Madrid-Barajas. Se sit\u00faa en una zona empresarial plenamente consolidada, en la que conviven compa\u00f1\u00edas de referencia de los sectores tecnol\u00f3gico, farmac\u00e9utico, de la comunicaci\u00f3n y de la aviaci\u00f3n civil, lo que refuerza su car\u00e1cter estrat\u00e9gico y representativo.<\/p>\n<p>El inmueble, de uso exclusivo de oficinas y reformado en fechas recientes, ofrece una imagen corporativa moderna y funcional. Dispone de un luminoso hall de entrada con sistema de control de accesos, que aporta seguridad y una primera impresi\u00f3n de calidad. Las plantas se distribuyen en amplias superficies di\u00e1fanas, con abundante luz natural, lo que facilita una organizaci\u00f3n flexible de los espacios de trabajo.<\/p>\n<p>Cuenta con suelo t\u00e9cnico y falso techo equipado con luminarias LED, as\u00ed como sistema de climatizaci\u00f3n VRV, garantizando confort y eficiencia energ\u00e9tica. La altura libre es de 2,62 m en plantas tipo y de 3,5 m en planta baja, aportando una mayor sensaci\u00f3n de amplitud. El edificio se completa con parking privado, tanto exterior como interior, proporcionando una soluci\u00f3n c\u00f3moda y eficiente para usuarios y visitantes.<\/p>\n<p>Transportes: Metro: L5 \u2013 El Capricho, Autob\u00fas Urbano: 101, 114, 115, 151, N4, Autob\u00fas Interurbano: 222, 224, 224 A, 227.<\/p>\n<p>Renta Parking: 100\u20ac\/plaza\/mes.<\/p>\n<p>*Im\u00e1genes corresponden a oficina tipo*<\/p>\n","protected":false},"template":"","class_list":["post-61949","properties_post","type-properties_post","status-publish","hentry","properties_modality-rent","properties_district-barajas","properties_province-madrid","properties_zone-descentralizada","properties_state-madrid","properties_subclass-oficina","properties_type-oficina"],"acf":{"post_type_properties_post_property_code":"231503","post_type_properties_post_property_reference":"IE-222347","post_type_properties_post_owner_id":"53884","post_type_properties_post_owner_name":"SILICIUS REAL ESTATE SOCIMI, S.A","post_type_properties_post_property_code_encrypted":"MjkkMTYwNzA=","post_type_properties_post_published":"1","post_type_properties_post_property_visibility":"idealista","post_type_properties_post_contact_name":"Forcadell Oficinas Madrid","post_type_properties_post_contact_email":"forcadell.oficinas.madrid@movin.cloud","post_type_properties_post_contact_primary_phone_prefix":"34","post_type_properties_post_contact_primary_phone_number":"917886880","post_type_properties_post_address_visibility":"street","post_type_properties_post_address_country":"Spain","post_type_properties_post_address_coordinates_precision":"exact","post_type_properties_post_address_postal_code":"28042","post_type_properties_post_address_coordinates_latitude":"40.4508542","post_type_properties_post_address_coordinates_longitude":"-3.5940333","post_type_properties_post_address_street_name":"Calle Obenque 4","post_type_properties_post_address_floor":"1","post_type_properties_post_address_town":"Madrid","post_type_properties_post_building":null,"post_type_properties_post_property":[{"properties_post_description_language":"spanish","properties_post_title":"Alquiler Oficina en Calle Obenque, Madrid","properties_post_short_description_text_alt":"","properties_post_description_text_alt":"","properties_post_short_description_text":"","properties_post_link_demanda_inmueble":"https:\/\/movin.cloud\/es\/Forcadell Oficinas Madrid\/formulario-peticion-inmueble\/sth\/2462&&231503","properties_post_link_demanda_calendario_inmueble":"https:\/\/movin.cloud\/es\/Forcadell Oficinas Madrid\/calendario-peticion-inmueble\/sth\/2462&&231503","properties_post_description_text":"Edificio exento recientemente rehabilitado, concebido como una soluci\u00f3n \u00f3ptima para sede corporativa, que destaca por su excelente visibilidad desde la A-2 y la M-14 y por su proximidad al Aeropuerto Adolfo Su\u00e1rez Madrid-Barajas. Se sit\u00faa en una zona empresarial plenamente consolidada, en la que conviven compa\u00f1\u00edas de referencia de los sectores tecnol\u00f3gico, farmac\u00e9utico, de la comunicaci\u00f3n y de la aviaci\u00f3n civil, lo que refuerza su car\u00e1cter estrat\u00e9gico y representativo.\n\nEl inmueble, de uso exclusivo de oficinas y reformado en fechas recientes, ofrece una imagen corporativa moderna y funcional. Dispone de un luminoso hall de entrada con sistema de control de accesos, que aporta seguridad y una primera impresi\u00f3n de calidad. Las plantas se distribuyen en amplias superficies di\u00e1fanas, con abundante luz natural, lo que facilita una organizaci\u00f3n flexible de los espacios de trabajo.\n\nCuenta con suelo t\u00e9cnico y falso techo equipado con luminarias LED, as\u00ed como sistema de climatizaci\u00f3n VRV, garantizando confort y eficiencia energ\u00e9tica. La altura libre es de 2,62 m en plantas tipo y de 3,5 m en planta baja, aportando una mayor sensaci\u00f3n de amplitud. El edificio se completa con parking privado, tanto exterior como interior, proporcionando una soluci\u00f3n c\u00f3moda y eficiente para usuarios y visitantes.\n\nTransportes: Metro: L5 \u2013 El Capricho, Autob\u00fas Urbano: 101, 114, 115, 151, N4, Autob\u00fas Interurbano: 222, 224, 224 A, 227.\n\nRenta Parking: 100\u20ac\/plaza\/mes.\n\n*Im\u00e1genes corresponden a oficina tipo*\n\n","properties_post_seo_title":"","properties_post_seo_alias":"","properties_post_seo_metadescription":"","properties_post_seo_key_words":"","properties_post_seo_url":"","properties_post_terms_conditions":""}],"post_type_properties_post_features_type":"office","post_type_properties_post_id_building":"","post_type_properties_post_features_area_constructed":1143,"post_type_properties_post_features_conditioned_air":true,"post_type_properties_post_features_doorman":false,"post_type_properties_post_features_heating":true,"post_type_properties_post_features_equipped_kitchen":false,"post_type_properties_post_features_windows_location":"exterior","post_type_properties_post_features_floors_property":false,"post_type_properties_post_features_storage":false,"post_type_properties_post_features_security_door":false,"post_type_properties_post_features_energy_certificate_rating":"unknown","post_type_properties_post_features_energy_certificate_emissions_rating":"","post_type_properties_post_features_energy_certificate_emissions_value":"","post_type_properties_post_features_energy_certificate_performance":"","post_type_properties_post_features_bathroom_inside":true,"post_type_properties_post_precio":13725.24,"post_type_properties_post_precio_alquiler":13725.24,"post_type_properties_post_record_type_id":"Oficina","post_type_properties_post_categoria__producto":"Oficina","post_type_properties_post_amueblado":false,"post_type_properties_post_precio_m2":12,"post_type_properties_post_zona__comunitaria":false,"post_type_properties_post_electrodomesticos":false,"post_type_properties_post_patio__interior":false,"post_type_properties_post_certificado_energetico_general":"","post_type_properties_post_certificado_energetico_consumo":"","post_type_properties_post_certificado_energetico_valor_emisiones":"","post_type_properties_post_certificado_energetico_valor_consumo":"","post_type_properties_post_modalidad":"rent","post_type_properties_post_provincia":"Madrid","post_type_properties_post_poblacion":"Madrid","post_type_properties_post_centro__urbano":false,"post_type_properties_post_zonificacion":"Descentralizada","post_type_properties_post_cartera":"Segunda mano","post_type_properties_post_titulo_catalan":"","post_type_properties_post_internet_catalan":"","post_type_properties_post_titulo_castellano":"Alquiler Oficina en Calle Obenque, Madrid","post_type_properties_post_internet_castellano":"Edificio exento recientemente rehabilitado, concebido como una soluci\u00f3n \u00f3ptima para sede corporativa, que destaca por su excelente visibilidad desde la A-2 y la M-14 y por su proximidad al Aeropuerto Adolfo Su\u00e1rez Madrid-Barajas. Se sit\u00faa en una zona empresarial plenamente consolidada, en la que conviven compa\u00f1\u00edas de referencia de los sectores tecnol\u00f3gico, farmac\u00e9utico, de la comunicaci\u00f3n y de la aviaci\u00f3n civil, lo que refuerza su car\u00e1cter estrat\u00e9gico y representativo.\n\nEl inmueble, de uso exclusivo de oficinas y reformado en fechas recientes, ofrece una imagen corporativa moderna y funcional. Dispone de un luminoso hall de entrada con sistema de control de accesos, que aporta seguridad y una primera impresi\u00f3n de calidad. Las plantas se distribuyen en amplias superficies di\u00e1fanas, con abundante luz natural, lo que facilita una organizaci\u00f3n flexible de los espacios de trabajo.\n\nCuenta con suelo t\u00e9cnico y falso techo equipado con luminarias LED, as\u00ed como sistema de climatizaci\u00f3n VRV, garantizando confort y eficiencia energ\u00e9tica. La altura libre es de 2,62 m en plantas tipo y de 3,5 m en planta baja, aportando una mayor sensaci\u00f3n de amplitud. El edificio se completa con parking privado, tanto exterior como interior, proporcionando una soluci\u00f3n c\u00f3moda y eficiente para usuarios y visitantes.\n\nTransportes: Metro: L5 \u2013 El Capricho, Autob\u00fas Urbano: 101, 114, 115, 151, N4, Autob\u00fas Interurbano: 222, 224, 224 A, 227.\n\nRenta Parking: 100\u20ac\/plaza\/mes.\n\n*Im\u00e1genes corresponden a oficina tipo*\n\n","post_type_properties_post_titulo_ingles":"","post_type_properties_post_internet_ingles":"","post_type_properties_post_features_classification_commercial":false,"post_type_properties_post_features_conservation":"","post_type_properties_post_features_security_personnel":false,"post_type_properties_post_features_parking_available":false,"post_type_properties_post_features_garage_capacity_type":"","post_type_properties_post_features_bathroom_number":"","post_type_properties_post_eje":"","post_type_properties_post_zona":"","post_type_properties_post_comarca":"","post_type_properties_post_features_built_year":"","post_type_properties_post_renta_mensual":13725.24,"post_type_properties_post_fianza":"","post_type_properties_post_features_area_plot":"","post_type_properties_post_features_area_buildable":"","post_type_properties_post_features_classification_industrial":false,"post_type_properties_post_distrito":"","post_type_properties_post_features_balcony":false,"post_type_properties_post_features_bedroom_number":"","post_type_properties_post_features_heating_type":"","post_type_properties_post_features_equipped_with_furniture":false,"post_type_properties_post_features_pets_allowed":false,"post_type_properties_post_features_pool":false,"post_type_properties_post_features_terrace":false,"post_type_properties_post_features_wardrobes":false,"post_type_properties_post_features_lift_available":false,"post_type_properties_post_features_handicap_adapted_access":false,"post_type_properties_post_features_orientation_east":false,"post_type_properties_post_features_orientation_west":false,"post_type_properties_post_features_orientation_north":false,"post_type_properties_post_features_orientation_south":false,"post_type_properties_post_features_parking_spaces_number":"","post_type_properties_post_features_security_alarm":false,"post_type_properties_post_features_security_system":false,"post_type_properties_post_open_plan":false,"post_type_properties_post_acceso_24_7":false,"post_type_properties_post_oficina_privada":false,"post_type_properties_post_sala_reuniones":false,"post_type_properties_post_espacio_eventos":false,"post_type_properties_post_office":false,"post_type_properties_post_restaurant":false,"post_type_properties_post_acepta_traspaso":false,"post_type_properties_post_vigilancia":false,"post_type_properties_post_features_suite":false,"post_type_properties_post_features_vitro":false,"post_type_properties_post_features_oven":false,"post_type_properties_post_features_microwave":false,"post_type_properties_post_features_washing_machine":false,"post_type_properties_post_features_dryer":false,"post_type_properties_post_features_dishwasher":false,"post_type_properties_post_features_fridge":false,"post_type_properties_post_features_fridge_mini":false,"post_type_properties_post_features_kettle":false,"post_type_properties_post_features_toaster":false,"post_type_properties_post_features_coffee_maker":false,"post_type_properties_post_features_iron":false,"post_type_properties_post_features_ironing_board":false,"post_type_properties_post_features_safe":false,"post_type_properties_post_features_internet":false,"post_type_properties_post_features_solarium":false,"post_type_properties_post_features_clean_service":false,"post_type_properties_post_features_t_v":false,"post_type_properties_post_features_satellite_t_v":false,"post_type_properties_post_features_gas_kitchen":false,"post_type_properties_post_features_view_mountain":false,"post_type_properties_post_features_view_sea":false,"post_type_properties_post_features_concierge":false,"post_type_properties_post_features_loading_dock":false,"post_type_properties_post_features_bridge_crane":false,"post_type_properties_post_features_located_at_corner":false,"post_type_properties_post_features_smoke_extraction":false,"post_type_properties_post_features_rooms":"","post_type_properties_post_features_garden_area":"","post_type_properties_post_features_utilities_water":false,"post_type_properties_post_features_utilities_electricity":false,"post_type_properties_post_features_utilities_natural_gas":false,"post_type_properties_post_features_building_adapted":false,"post_type_properties_post_features_garden":false,"post_type_properties_post_features_classification_hotel":false,"post_type_properties_post_features_classification_chalet":false,"post_type_properties_post_certificado_energetico_emisiones":"","post_type_properties_post_barrio":"","post_type_properties_post_distrito_empresa":"Barajas","post_type_properties_post_features_property_category_intern":"","post_type_properties_post_implantada":false,"post_type_properties_post_sello_leed":"","post_type_properties_post_sello_well":"","post_type_properties_post_sello_breeam":false,"post_type_properties_post_images":[{"properties_post_image_order":1,"properties_post_image_url":"https:\/\/movin.cloud\/empresas\/2462\/imagenes\/231503\/habitalia.webp","properties_post_image_url_thumbnail":"https:\/\/movin.cloud\/empresas\/2462\/imagenes\/thumbnails\/231503\/habitalia.webp","properties_post_title":"habitalia","properties_post_alt":"habitalia"},{"properties_post_image_order":2,"properties_post_image_url":"https:\/\/movin.cloud\/empresas\/2462\/imagenes\/231503\/alquiler-idealistas.webp","properties_post_image_url_thumbnail":"https:\/\/movin.cloud\/empresas\/2462\/imagenes\/thumbnails\/231503\/alquiler-idealistas.webp","properties_post_title":"alquiler idealistas","properties_post_alt":"alquiler idealistas"},{"properties_post_image_order":3,"properties_post_image_url":"https:\/\/movin.cloud\/empresas\/2462\/imagenes\/231503\/en-alquiler.webp","properties_post_image_url_thumbnail":"https:\/\/movin.cloud\/empresas\/2462\/imagenes\/thumbnails\/231503\/en-alquiler.webp","properties_post_title":"en alquiler","properties_post_alt":"en alquiler"}],"post_type_properties_post_videos":null,"post_type_properties_post_tour":null,"post_type_properties_post_dossier_url":"","post_type_properties_post_operation_type":"rent","post_type_properties_post_operation_price":13725,"post_type_properties_post_features_hidden_price":false},"yoast_head":"<!-- This site is optimized with the Yoast SEO plugin v27.4 - https:\/\/yoast.com\/product\/yoast-seo-wordpress\/ -->\n<title>Alquiler Oficina en Calle Obenque, Madrid - Forcadell<\/title>\n<meta name=\"robots\" content=\"index, follow, max-snippet:-1, max-image-preview:large, max-video-preview:-1\" \/>\n<link rel=\"canonical\" href=\"https:\/\/forcadell.com\/ca\/propiedades\/alquiler-oficina-en-calle-obenque-madrid\/\" \/>\n<meta property=\"og:locale\" content=\"ca_ES\" \/>\n<meta property=\"og:type\" content=\"article\" \/>\n<meta property=\"og:title\" content=\"Alquiler Oficina en Calle Obenque, Madrid - Forcadell\" \/>\n<meta property=\"og:description\" content=\"Edificio exento recientemente rehabilitado, concebido como una soluci\u00f3n \u00f3ptima para sede corporativa, que destaca por su excelente visibilidad desde la A-2 y la M-14 y por su proximidad al Aeropuerto Adolfo Su\u00e1rez Madrid-Barajas. Se sit\u00faa en una zona empresarial plenamente consolidada, en la que conviven compa\u00f1\u00edas de referencia de los sectores tecnol\u00f3gico, farmac\u00e9utico, de la [&hellip;]\" \/>\n<meta property=\"og:url\" content=\"https:\/\/forcadell.com\/ca\/propiedades\/alquiler-oficina-en-calle-obenque-madrid\/\" \/>\n<meta property=\"og:site_name\" content=\"Forcadell\" \/>\n<meta property=\"article:modified_time\" content=\"2026-04-29T15:04:55+00:00\" \/>\n<meta name=\"twitter:card\" content=\"summary_large_image\" \/>\n<meta name=\"twitter:label1\" content=\"Temps estimat de lectura\" \/>\n\t<meta name=\"twitter:data1\" content=\"1 minut\" \/>\n<!-- \/ Yoast SEO plugin. -->","yoast_head_json":{"title":"Alquiler Oficina en Calle Obenque, Madrid - Forcadell","robots":{"index":"index","follow":"follow","max-snippet":"max-snippet:-1","max-image-preview":"max-image-preview:large","max-video-preview":"max-video-preview:-1"},"canonical":"https:\/\/forcadell.com\/ca\/propiedades\/alquiler-oficina-en-calle-obenque-madrid\/","og_locale":"ca_ES","og_type":"article","og_title":"Alquiler Oficina en Calle Obenque, Madrid - Forcadell","og_description":"Edificio exento recientemente rehabilitado, concebido como una soluci\u00f3n \u00f3ptima para sede corporativa, que destaca por su excelente visibilidad desde la A-2 y la M-14 y por su proximidad al Aeropuerto Adolfo Su\u00e1rez Madrid-Barajas. Se sit\u00faa en una zona empresarial plenamente consolidada, en la que conviven compa\u00f1\u00edas de referencia de los sectores tecnol\u00f3gico, farmac\u00e9utico, de la [&hellip;]","og_url":"https:\/\/forcadell.com\/ca\/propiedades\/alquiler-oficina-en-calle-obenque-madrid\/","og_site_name":"Forcadell","article_modified_time":"2026-04-29T15:04:55+00:00","twitter_card":"summary_large_image","twitter_misc":{"Temps estimat de lectura":"1 minut"},"schema":{"@context":"https:\/\/schema.org","@graph":[{"@type":"WebPage","@id":"https:\/\/forcadell.com\/ca\/propiedades\/alquiler-oficina-en-calle-obenque-madrid\/","url":"https:\/\/forcadell.com\/ca\/propiedades\/alquiler-oficina-en-calle-obenque-madrid\/","name":"Alquiler Oficina en Calle Obenque, Madrid - Forcadell","isPartOf":{"@id":"https:\/\/forcadell.com\/ca\/#website"},"datePublished":"2026-02-06T10:04:42+00:00","dateModified":"2026-04-29T15:04:55+00:00","breadcrumb":{"@id":"https:\/\/forcadell.com\/ca\/propiedades\/alquiler-oficina-en-calle-obenque-madrid\/#breadcrumb"},"inLanguage":"ca","potentialAction":[{"@type":"ReadAction","target":["https:\/\/forcadell.com\/ca\/propiedades\/alquiler-oficina-en-calle-obenque-madrid\/"]}]},{"@type":"BreadcrumbList","@id":"https:\/\/forcadell.com\/ca\/propiedades\/alquiler-oficina-en-calle-obenque-madrid\/#breadcrumb","itemListElement":[{"@type":"ListItem","position":1,"name":"Portada","item":"https:\/\/forcadell.com\/ca\/"},{"@type":"ListItem","position":2,"name":"Properties","item":"https:\/\/forcadell.com\/ca\/propiedades\/"},{"@type":"ListItem","position":3,"name":"Alquiler Oficina en Calle Obenque, Madrid"}]},{"@type":"WebSite","@id":"https:\/\/forcadell.com\/ca\/#website","url":"https:\/\/forcadell.com\/ca\/","name":"Forcadell","description":"Inmobiliaria Barcelona | Consultores inmobiliarios","potentialAction":[{"@type":"SearchAction","target":{"@type":"EntryPoint","urlTemplate":"https:\/\/forcadell.com\/ca\/?s={search_term_string}"},"query-input":{"@type":"PropertyValueSpecification","valueRequired":true,"valueName":"search_term_string"}}],"inLanguage":"ca"}]}},"_links":{"self":[{"href":"https:\/\/forcadell.com\/ca\/wp-json\/wp\/v2\/properties_post\/61949","targetHints":{"allow":["GET"]}}],"collection":[{"href":"https:\/\/forcadell.com\/ca\/wp-json\/wp\/v2\/properties_post"}],"about":[{"href":"https:\/\/forcadell.com\/ca\/wp-json\/wp\/v2\/types\/properties_post"}],"wp:attachment":[{"href":"https:\/\/forcadell.com\/ca\/wp-json\/wp\/v2\/media?parent=61949"}],"curies":[{"name":"wp","href":"https:\/\/api.w.org\/{rel}","templated":true}]}}