{"id":61947,"date":"2026-02-06T12:01:50","date_gmt":"2026-02-06T10:01:50","guid":{"rendered":"https:\/\/forcadell.com\/propiedades\/alquiler-de-oficina-en-calle-amaltea-madrid\/"},"modified":"2026-04-27T23:00:19","modified_gmt":"2026-04-27T21:00:19","slug":"alquiler-de-oficina-en-calle-amaltea-madrid","status":"publish","type":"properties_post","link":"https:\/\/forcadell.com\/ca\/propiedades\/alquiler-de-oficina-en-calle-amaltea-madrid\/","title":{"rendered":"Alquiler de Oficina en calle Amaltea, Madrid"},"content":{"rendered":"<p>Singular edificio de nueva construcci\u00f3n dise\u00f1ado por el reconocido estudio de arquitectura Rafael de la Hoz, concebido para dar respuesta a las necesidades actuales de los usuarios mediante espacios de trabajo di\u00e1fanos, flexibles y altamente funcionales, integrados con cuidadas zonas ajardinadas que favorecen el bienestar y la productividad.<\/p>\n<p>Ubicado al sur de Madrid, en un \u00e1rea en plena expansi\u00f3n y con una s\u00f3lida proyecci\u00f3n empresarial, el inmueble disfruta de una localizaci\u00f3n estrat\u00e9gica a pocos minutos de la estaci\u00f3n de Atocha y de M\u00e9ndez \u00c1lvaro, as\u00ed como de un r\u00e1pido acceso a la M-30 y al centro de la ciudad, garantizando una excelente conectividad tanto en transporte p\u00fablico como privado.<\/p>\n<p>De uso exclusivo de oficinas, el edificio cuenta con un representativo hall de entrada con control de accesos, que refuerza su imagen corporativa y la seguridad del conjunto. Incorpora servicios innovadores como taquillas inteligentes, amplias zonas verdes y terrazas, concebidas como espacios de descanso y encuentro. Las plantas de oficinas se organizan en superficies di\u00e1fanas y altamente adaptables, con un ratio de ocupaci\u00f3n de 1 persona por cada 8 m\u00b2, lo que permite una implantaci\u00f3n eficiente y confortable.<\/p>\n<p>Entre sus calidades destacan el suelo t\u00e9cnico, la iluminaci\u00f3n LED de bajo consumo y una altura libre que oscila entre 2,70 y 2,80 metros, aportando amplitud y luminosidad a los espacios de trabajo. El edificio dispone de accesos adaptados y un parking propio con plazas habilitadas para veh\u00edculos el\u00e9ctricos y bicicletas, completando una propuesta moderna, sostenible y alineada con las nuevas formas de trabajo.<\/p>\n<p>Transportes: Metro: L6 \u2013 M\u00e9ndez \u00c1lvaro, Cercan\u00edas: M\u00e9ndez \u00c1lvaro, Atocha, Autob\u00fas: 102, 148, 152, 156, N11, N13.<\/p>\n<p>*Renta parking: 150\u20ac\/plaza\/mes.*<br \/>\n** Im\u00e1genes corresponden a oficina tipo**<\/p>\n","protected":false},"template":"","class_list":["post-61947","properties_post","type-properties_post","status-publish","hentry","properties_modality-rent","properties_district-arganzuela","properties_province-madrid","properties_zone-centro","properties_state-madrid","properties_subclass-oficina","properties_type-oficina"],"acf":{"post_type_properties_post_property_code":"230110","post_type_properties_post_property_reference":"IE-216997","post_type_properties_post_owner_id":"50223","post_type_properties_post_owner_name":"INMOBILIARIA COLONIAL - SOCIMI SA","post_type_properties_post_property_code_encrypted":"MjkkMTQ2Nzc=","post_type_properties_post_published":"1","post_type_properties_post_property_visibility":"idealista","post_type_properties_post_contact_name":"Forcadell Oficinas Madrid","post_type_properties_post_contact_email":"forcadell.oficinas.madrid@movin.cloud","post_type_properties_post_contact_primary_phone_prefix":"34","post_type_properties_post_contact_primary_phone_number":"917886880","post_type_properties_post_address_visibility":"street","post_type_properties_post_address_country":"Spain","post_type_properties_post_address_coordinates_precision":"exact","post_type_properties_post_address_postal_code":"28000","post_type_properties_post_address_coordinates_latitude":"40.397052000002","post_type_properties_post_address_coordinates_longitude":"-3.682265999998","post_type_properties_post_address_street_name":"CL Amaltea 32","post_type_properties_post_address_floor":"9","post_type_properties_post_address_town":"Madrid","post_type_properties_post_building":null,"post_type_properties_post_property":[{"properties_post_description_language":"spanish","properties_post_title":"Alquiler de Oficina en calle Amaltea, Madrid","properties_post_short_description_text_alt":"","properties_post_description_text_alt":"","properties_post_short_description_text":"","properties_post_link_demanda_inmueble":"https:\/\/movin.cloud\/es\/Forcadell Oficinas Madrid\/formulario-peticion-inmueble\/sth\/2462&&230110","properties_post_link_demanda_calendario_inmueble":"https:\/\/movin.cloud\/es\/Forcadell Oficinas Madrid\/calendario-peticion-inmueble\/sth\/2462&&230110","properties_post_description_text":"Singular edificio de nueva construcci\u00f3n dise\u00f1ado por el reconocido estudio de arquitectura Rafael de la Hoz, concebido para dar respuesta a las necesidades actuales de los usuarios mediante espacios de trabajo di\u00e1fanos, flexibles y altamente funcionales, integrados con cuidadas zonas ajardinadas que favorecen el bienestar y la productividad.\n\nUbicado al sur de Madrid, en un \u00e1rea en plena expansi\u00f3n y con una s\u00f3lida proyecci\u00f3n empresarial, el inmueble disfruta de una localizaci\u00f3n estrat\u00e9gica a pocos minutos de la estaci\u00f3n de Atocha y de M\u00e9ndez \u00c1lvaro, as\u00ed como de un r\u00e1pido acceso a la M-30 y al centro de la ciudad, garantizando una excelente conectividad tanto en transporte p\u00fablico como privado.\n\nDe uso exclusivo de oficinas, el edificio cuenta con un representativo hall de entrada con control de accesos, que refuerza su imagen corporativa y la seguridad del conjunto. Incorpora servicios innovadores como taquillas inteligentes, amplias zonas verdes y terrazas, concebidas como espacios de descanso y encuentro. Las plantas de oficinas se organizan en superficies di\u00e1fanas y altamente adaptables, con un ratio de ocupaci\u00f3n de 1 persona por cada 8 m\u00b2, lo que permite una implantaci\u00f3n eficiente y confortable.\n\nEntre sus calidades destacan el suelo t\u00e9cnico, la iluminaci\u00f3n LED de bajo consumo y una altura libre que oscila entre 2,70 y 2,80 metros, aportando amplitud y luminosidad a los espacios de trabajo. El edificio dispone de accesos adaptados y un parking propio con plazas habilitadas para veh\u00edculos el\u00e9ctricos y bicicletas, completando una propuesta moderna, sostenible y alineada con las nuevas formas de trabajo.\n\nTransportes: Metro: L6 \u2013 M\u00e9ndez \u00c1lvaro, Cercan\u00edas: M\u00e9ndez \u00c1lvaro, Atocha, Autob\u00fas: 102, 148, 152, 156, N11, N13.\n\n*Renta parking: 150\u20ac\/plaza\/mes.*\n** Im\u00e1genes corresponden a oficina tipo**\n\n\n\n","properties_post_seo_title":"","properties_post_seo_alias":"","properties_post_seo_metadescription":"","properties_post_seo_key_words":"","properties_post_seo_url":"","properties_post_terms_conditions":""},{"properties_post_description_language":"english","properties_post_title":"Office rental on Amaltea street, Madrid","properties_post_short_description_text_alt":"","properties_post_description_text_alt":"","properties_post_short_description_text":"","properties_post_link_demanda_inmueble":"https:\/\/movin.cloud\/en\/Forcadell Oficinas Madrid\/property-form-request\/sth\/2462&&230110","properties_post_link_demanda_calendario_inmueble":"https:\/\/movin.cloud\/en\/Forcadell Oficinas Madrid\/property-calendar-request\/sth\/2462&&230110","properties_post_description_text":"A unique, newly constructed building designed by the renowned architecture firm Rafael de la Hoz, conceived to meet the current needs of users through open-plan, flexible, and highly functional workspaces, integrated with beautifully landscaped areas that promote well-being and productivity.\n\nLocated south of Madrid, in a rapidly developing area with a strong business outlook, the building enjoys a strategic location just minutes from the Atocha and M\u00e9ndez \u00c1lvaro train stations, as well as quick access to the M-30 ring road and the city center, guaranteeing excellent connectivity by both public and private transport.\n\nExclusively for office use, the building features a striking entrance hall with access control, reinforcing its corporate image and the overall security of the complex. It incorporates innovative amenities such as smart lockers, ample green spaces, and terraces, designed as areas for relaxation and networking. The office floors are organized into open-plan, highly adaptable spaces, with an occupancy ratio of 1 person per 8 m\u00b2, allowing for efficient and comfortable layouts.\n\nAmong its features are raised access flooring, energy-efficient LED lighting, and ceiling heights ranging from 2.70 to 2.80 meters, providing spaciousness and brightness to the workspaces. The building offers accessible entrances and its own parking with designated spaces for electric vehicles and bicycles, completing a modern, sustainable design aligned with new ways of working.","properties_post_seo_title":"","properties_post_seo_alias":"","properties_post_seo_metadescription":"","properties_post_seo_key_words":"Office rental on Amaltea street, Madrid","properties_post_seo_url":"","properties_post_terms_conditions":""}],"post_type_properties_post_features_type":"office","post_type_properties_post_id_building":"","post_type_properties_post_features_area_constructed":726,"post_type_properties_post_features_conditioned_air":true,"post_type_properties_post_features_doorman":false,"post_type_properties_post_features_heating":true,"post_type_properties_post_features_equipped_kitchen":false,"post_type_properties_post_features_windows_location":"exterior","post_type_properties_post_features_floors_property":false,"post_type_properties_post_features_storage":false,"post_type_properties_post_features_security_door":false,"post_type_properties_post_features_energy_certificate_rating":"C","post_type_properties_post_features_energy_certificate_emissions_rating":"C","post_type_properties_post_features_energy_certificate_emissions_value":"","post_type_properties_post_features_energy_certificate_performance":"","post_type_properties_post_features_bathroom_inside":true,"post_type_properties_post_precio":19250.4,"post_type_properties_post_precio_alquiler":19250.4,"post_type_properties_post_record_type_id":"Oficina","post_type_properties_post_categoria__producto":"Oficina","post_type_properties_post_amueblado":false,"post_type_properties_post_precio_m2":26.5,"post_type_properties_post_zona__comunitaria":false,"post_type_properties_post_electrodomesticos":false,"post_type_properties_post_patio__interior":false,"post_type_properties_post_certificado_energetico_general":"C","post_type_properties_post_certificado_energetico_consumo":"C","post_type_properties_post_certificado_energetico_valor_emisiones":"","post_type_properties_post_certificado_energetico_valor_consumo":"","post_type_properties_post_modalidad":"rent","post_type_properties_post_provincia":"Madrid","post_type_properties_post_poblacion":"Madrid","post_type_properties_post_centro__urbano":false,"post_type_properties_post_zonificacion":"Centro","post_type_properties_post_cartera":"Segunda mano","post_type_properties_post_titulo_catalan":"","post_type_properties_post_internet_catalan":"","post_type_properties_post_titulo_castellano":"Alquiler de Oficina en calle Amaltea, Madrid","post_type_properties_post_internet_castellano":"Singular edificio de nueva construcci\u00f3n dise\u00f1ado por el reconocido estudio de arquitectura Rafael de la Hoz, concebido para dar respuesta a las necesidades actuales de los usuarios mediante espacios de trabajo di\u00e1fanos, flexibles y altamente funcionales, integrados con cuidadas zonas ajardinadas que favorecen el bienestar y la productividad.\n\nUbicado al sur de Madrid, en un \u00e1rea en plena expansi\u00f3n y con una s\u00f3lida proyecci\u00f3n empresarial, el inmueble disfruta de una localizaci\u00f3n estrat\u00e9gica a pocos minutos de la estaci\u00f3n de Atocha y de M\u00e9ndez \u00c1lvaro, as\u00ed como de un r\u00e1pido acceso a la M-30 y al centro de la ciudad, garantizando una excelente conectividad tanto en transporte p\u00fablico como privado.\n\nDe uso exclusivo de oficinas, el edificio cuenta con un representativo hall de entrada con control de accesos, que refuerza su imagen corporativa y la seguridad del conjunto. Incorpora servicios innovadores como taquillas inteligentes, amplias zonas verdes y terrazas, concebidas como espacios de descanso y encuentro. Las plantas de oficinas se organizan en superficies di\u00e1fanas y altamente adaptables, con un ratio de ocupaci\u00f3n de 1 persona por cada 8 m\u00b2, lo que permite una implantaci\u00f3n eficiente y confortable.\n\nEntre sus calidades destacan el suelo t\u00e9cnico, la iluminaci\u00f3n LED de bajo consumo y una altura libre que oscila entre 2,70 y 2,80 metros, aportando amplitud y luminosidad a los espacios de trabajo. El edificio dispone de accesos adaptados y un parking propio con plazas habilitadas para veh\u00edculos el\u00e9ctricos y bicicletas, completando una propuesta moderna, sostenible y alineada con las nuevas formas de trabajo.\n\nTransportes: Metro: L6 \u2013 M\u00e9ndez \u00c1lvaro, Cercan\u00edas: M\u00e9ndez \u00c1lvaro, Atocha, Autob\u00fas: 102, 148, 152, 156, N11, N13.\n\n*Renta parking: 150\u20ac\/plaza\/mes.*\n** Im\u00e1genes corresponden a oficina tipo**\n\n\n\n","post_type_properties_post_titulo_ingles":"Office rental on Amaltea street, Madrid","post_type_properties_post_internet_ingles":"A unique, newly constructed building designed by the renowned architecture firm Rafael de la Hoz, conceived to meet the current needs of users through open-plan, flexible, and highly functional workspaces, integrated with beautifully landscaped areas that promote well-being and productivity.\n\nLocated south of Madrid, in a rapidly developing area with a strong business outlook, the building enjoys a strategic location just minutes from the Atocha and M\u00e9ndez \u00c1lvaro train stations, as well as quick access to the M-30 ring road and the city center, guaranteeing excellent connectivity by both public and private transport.\n\nExclusively for office use, the building features a striking entrance hall with access control, reinforcing its corporate image and the overall security of the complex. It incorporates innovative amenities such as smart lockers, ample green spaces, and terraces, designed as areas for relaxation and networking. The office floors are organized into open-plan, highly adaptable spaces, with an occupancy ratio of 1 person per 8 m\u00b2, allowing for efficient and comfortable layouts.\n\nAmong its features are raised access flooring, energy-efficient LED lighting, and ceiling heights ranging from 2.70 to 2.80 meters, providing spaciousness and brightness to the workspaces. The building offers accessible entrances and its own parking with designated spaces for electric vehicles and bicycles, completing a modern, sustainable design aligned with new ways of working.","post_type_properties_post_features_classification_commercial":false,"post_type_properties_post_features_conservation":"","post_type_properties_post_features_security_personnel":false,"post_type_properties_post_features_parking_available":false,"post_type_properties_post_features_garage_capacity_type":"","post_type_properties_post_features_bathroom_number":"","post_type_properties_post_eje":"","post_type_properties_post_zona":"","post_type_properties_post_comarca":"","post_type_properties_post_features_built_year":"","post_type_properties_post_renta_mensual":19250.4,"post_type_properties_post_fianza":"","post_type_properties_post_features_area_plot":"","post_type_properties_post_features_area_buildable":"","post_type_properties_post_features_classification_industrial":false,"post_type_properties_post_distrito":"","post_type_properties_post_features_balcony":false,"post_type_properties_post_features_bedroom_number":"","post_type_properties_post_features_heating_type":"","post_type_properties_post_features_equipped_with_furniture":false,"post_type_properties_post_features_pets_allowed":false,"post_type_properties_post_features_pool":false,"post_type_properties_post_features_terrace":false,"post_type_properties_post_features_wardrobes":false,"post_type_properties_post_features_lift_available":false,"post_type_properties_post_features_handicap_adapted_access":false,"post_type_properties_post_features_orientation_east":false,"post_type_properties_post_features_orientation_west":false,"post_type_properties_post_features_orientation_north":false,"post_type_properties_post_features_orientation_south":false,"post_type_properties_post_features_parking_spaces_number":"","post_type_properties_post_features_security_alarm":false,"post_type_properties_post_features_security_system":false,"post_type_properties_post_open_plan":false,"post_type_properties_post_acceso_24_7":false,"post_type_properties_post_oficina_privada":false,"post_type_properties_post_sala_reuniones":false,"post_type_properties_post_espacio_eventos":false,"post_type_properties_post_office":false,"post_type_properties_post_restaurant":false,"post_type_properties_post_acepta_traspaso":false,"post_type_properties_post_vigilancia":false,"post_type_properties_post_features_suite":false,"post_type_properties_post_features_vitro":false,"post_type_properties_post_features_oven":false,"post_type_properties_post_features_microwave":false,"post_type_properties_post_features_washing_machine":false,"post_type_properties_post_features_dryer":false,"post_type_properties_post_features_dishwasher":false,"post_type_properties_post_features_fridge":false,"post_type_properties_post_features_fridge_mini":false,"post_type_properties_post_features_kettle":false,"post_type_properties_post_features_toaster":false,"post_type_properties_post_features_coffee_maker":false,"post_type_properties_post_features_iron":false,"post_type_properties_post_features_ironing_board":false,"post_type_properties_post_features_safe":false,"post_type_properties_post_features_internet":false,"post_type_properties_post_features_solarium":false,"post_type_properties_post_features_clean_service":false,"post_type_properties_post_features_t_v":false,"post_type_properties_post_features_satellite_t_v":false,"post_type_properties_post_features_gas_kitchen":false,"post_type_properties_post_features_view_mountain":false,"post_type_properties_post_features_view_sea":false,"post_type_properties_post_features_concierge":false,"post_type_properties_post_features_loading_dock":false,"post_type_properties_post_features_bridge_crane":false,"post_type_properties_post_features_located_at_corner":false,"post_type_properties_post_features_smoke_extraction":false,"post_type_properties_post_features_rooms":"","post_type_properties_post_features_garden_area":"","post_type_properties_post_features_utilities_water":false,"post_type_properties_post_features_utilities_electricity":false,"post_type_properties_post_features_utilities_natural_gas":false,"post_type_properties_post_features_building_adapted":false,"post_type_properties_post_features_garden":false,"post_type_properties_post_features_classification_hotel":false,"post_type_properties_post_features_classification_chalet":false,"post_type_properties_post_certificado_energetico_emisiones":"C","post_type_properties_post_barrio":"","post_type_properties_post_distrito_empresa":"Arganzuela","post_type_properties_post_features_property_category_intern":"","post_type_properties_post_implantada":false,"post_type_properties_post_sello_leed":"1","post_type_properties_post_sello_well":"","post_type_properties_post_sello_breeam":false,"post_type_properties_post_images":[{"properties_post_image_order":1,"properties_post_image_url":"https:\/\/movin.cloud\/empresas\/2462\/imagenes\/230110\/alquiler-idealistas.webp","properties_post_image_url_thumbnail":"https:\/\/movin.cloud\/empresas\/2462\/imagenes\/thumbnails\/230110\/alquiler-idealistas.webp","properties_post_title":"alquiler idealistas","properties_post_alt":"alquiler idealistas"},{"properties_post_image_order":2,"properties_post_image_url":"https:\/\/movin.cloud\/empresas\/2462\/imagenes\/230110\/en-alquiler.webp","properties_post_image_url_thumbnail":"https:\/\/movin.cloud\/empresas\/2462\/imagenes\/thumbnails\/230110\/en-alquiler.webp","properties_post_title":"en alquiler","properties_post_alt":"en alquiler"},{"properties_post_image_order":3,"properties_post_image_url":"https:\/\/movin.cloud\/empresas\/2462\/imagenes\/230110\/viviendas.webp","properties_post_image_url_thumbnail":"https:\/\/movin.cloud\/empresas\/2462\/imagenes\/thumbnails\/230110\/viviendas.webp","properties_post_title":"viviendas","properties_post_alt":"viviendas"},{"properties_post_image_order":4,"properties_post_image_url":"https:\/\/movin.cloud\/empresas\/2462\/imagenes\/230110\/rent.webp","properties_post_image_url_thumbnail":"https:\/\/movin.cloud\/empresas\/2462\/imagenes\/thumbnails\/230110\/rent.webp","properties_post_title":"rent","properties_post_alt":"rent"},{"properties_post_image_order":5,"properties_post_image_url":"https:\/\/movin.cloud\/empresas\/2462\/imagenes\/230110\/alquiler-para-idealistas.webp","properties_post_image_url_thumbnail":"https:\/\/movin.cloud\/empresas\/2462\/imagenes\/thumbnails\/230110\/alquiler-para-idealistas.webp","properties_post_title":"alquiler para idealistas","properties_post_alt":"alquiler para idealistas"},{"properties_post_image_order":6,"properties_post_image_url":"https:\/\/movin.cloud\/empresas\/2462\/imagenes\/230110\/habitalia.webp","properties_post_image_url_thumbnail":"https:\/\/movin.cloud\/empresas\/2462\/imagenes\/thumbnails\/230110\/habitalia.webp","properties_post_title":"habitalia","properties_post_alt":"habitalia"},{"properties_post_image_order":7,"properties_post_image_url":"https:\/\/movin.cloud\/empresas\/2462\/imagenes\/230110\/alquilar.webp","properties_post_image_url_thumbnail":"https:\/\/movin.cloud\/empresas\/2462\/imagenes\/thumbnails\/230110\/alquilar.webp","properties_post_title":"alquilar","properties_post_alt":"alquilar"},{"properties_post_image_order":8,"properties_post_image_url":"https:\/\/movin.cloud\/empresas\/2462\/imagenes\/230110\/alquiler-para-idealista.webp","properties_post_image_url_thumbnail":"https:\/\/movin.cloud\/empresas\/2462\/imagenes\/thumbnails\/230110\/alquiler-para-idealista.webp","properties_post_title":"alquiler para idealista","properties_post_alt":"alquiler para idealista"},{"properties_post_image_order":9,"properties_post_image_url":"https:\/\/movin.cloud\/empresas\/2462\/imagenes\/230110\/fincas.webp","properties_post_image_url_thumbnail":"https:\/\/movin.cloud\/empresas\/2462\/imagenes\/thumbnails\/230110\/fincas.webp","properties_post_title":"fincas","properties_post_alt":"fincas"},{"properties_post_image_order":10,"properties_post_image_url":"https:\/\/movin.cloud\/empresas\/2462\/imagenes\/230110\/alquiler.webp","properties_post_image_url_thumbnail":"https:\/\/movin.cloud\/empresas\/2462\/imagenes\/thumbnails\/230110\/alquiler.webp","properties_post_title":"alquiler","properties_post_alt":"alquiler"}],"post_type_properties_post_videos":null,"post_type_properties_post_tour":null,"post_type_properties_post_dossier_url":"","post_type_properties_post_operation_type":"rent","post_type_properties_post_operation_price":19250,"post_type_properties_post_features_hidden_price":false},"yoast_head":"<!-- This site is optimized with the Yoast SEO plugin v27.4 - https:\/\/yoast.com\/product\/yoast-seo-wordpress\/ -->\n<title>Alquiler de Oficina en calle Amaltea, Madrid - Forcadell<\/title>\n<meta name=\"robots\" content=\"index, follow, max-snippet:-1, max-image-preview:large, max-video-preview:-1\" \/>\n<link rel=\"canonical\" href=\"https:\/\/forcadell.com\/ca\/propiedades\/alquiler-de-oficina-en-calle-amaltea-madrid\/\" \/>\n<meta property=\"og:locale\" content=\"ca_ES\" \/>\n<meta property=\"og:type\" content=\"article\" \/>\n<meta property=\"og:title\" content=\"Alquiler de Oficina en calle Amaltea, Madrid - Forcadell\" \/>\n<meta property=\"og:description\" content=\"Singular edificio de nueva construcci\u00f3n dise\u00f1ado por el reconocido estudio de arquitectura Rafael de la Hoz, concebido para dar respuesta a las necesidades actuales de los usuarios mediante espacios de trabajo di\u00e1fanos, flexibles y altamente funcionales, integrados con cuidadas zonas ajardinadas que favorecen el bienestar y la productividad. Ubicado al sur de Madrid, en un [&hellip;]\" \/>\n<meta property=\"og:url\" content=\"https:\/\/forcadell.com\/ca\/propiedades\/alquiler-de-oficina-en-calle-amaltea-madrid\/\" \/>\n<meta property=\"og:site_name\" content=\"Forcadell\" \/>\n<meta property=\"article:modified_time\" content=\"2026-04-27T21:00:19+00:00\" \/>\n<meta name=\"twitter:card\" content=\"summary_large_image\" \/>\n<meta name=\"twitter:label1\" content=\"Temps estimat de lectura\" \/>\n\t<meta name=\"twitter:data1\" content=\"1 minut\" \/>\n<!-- \/ Yoast SEO plugin. -->","yoast_head_json":{"title":"Alquiler de Oficina en calle Amaltea, Madrid - Forcadell","robots":{"index":"index","follow":"follow","max-snippet":"max-snippet:-1","max-image-preview":"max-image-preview:large","max-video-preview":"max-video-preview:-1"},"canonical":"https:\/\/forcadell.com\/ca\/propiedades\/alquiler-de-oficina-en-calle-amaltea-madrid\/","og_locale":"ca_ES","og_type":"article","og_title":"Alquiler de Oficina en calle Amaltea, Madrid - Forcadell","og_description":"Singular edificio de nueva construcci\u00f3n dise\u00f1ado por el reconocido estudio de arquitectura Rafael de la Hoz, concebido para dar respuesta a las necesidades actuales de los usuarios mediante espacios de trabajo di\u00e1fanos, flexibles y altamente funcionales, integrados con cuidadas zonas ajardinadas que favorecen el bienestar y la productividad. Ubicado al sur de Madrid, en un [&hellip;]","og_url":"https:\/\/forcadell.com\/ca\/propiedades\/alquiler-de-oficina-en-calle-amaltea-madrid\/","og_site_name":"Forcadell","article_modified_time":"2026-04-27T21:00:19+00:00","twitter_card":"summary_large_image","twitter_misc":{"Temps estimat de lectura":"1 minut"},"schema":{"@context":"https:\/\/schema.org","@graph":[{"@type":"WebPage","@id":"https:\/\/forcadell.com\/ca\/propiedades\/alquiler-de-oficina-en-calle-amaltea-madrid\/","url":"https:\/\/forcadell.com\/ca\/propiedades\/alquiler-de-oficina-en-calle-amaltea-madrid\/","name":"Alquiler de Oficina en calle Amaltea, Madrid - Forcadell","isPartOf":{"@id":"https:\/\/forcadell.com\/ca\/#website"},"datePublished":"2026-02-06T10:01:50+00:00","dateModified":"2026-04-27T21:00:19+00:00","breadcrumb":{"@id":"https:\/\/forcadell.com\/ca\/propiedades\/alquiler-de-oficina-en-calle-amaltea-madrid\/#breadcrumb"},"inLanguage":"ca","potentialAction":[{"@type":"ReadAction","target":["https:\/\/forcadell.com\/ca\/propiedades\/alquiler-de-oficina-en-calle-amaltea-madrid\/"]}]},{"@type":"BreadcrumbList","@id":"https:\/\/forcadell.com\/ca\/propiedades\/alquiler-de-oficina-en-calle-amaltea-madrid\/#breadcrumb","itemListElement":[{"@type":"ListItem","position":1,"name":"Portada","item":"https:\/\/forcadell.com\/ca\/"},{"@type":"ListItem","position":2,"name":"Properties","item":"https:\/\/forcadell.com\/ca\/propiedades\/"},{"@type":"ListItem","position":3,"name":"Alquiler de Oficina en calle Amaltea, Madrid"}]},{"@type":"WebSite","@id":"https:\/\/forcadell.com\/ca\/#website","url":"https:\/\/forcadell.com\/ca\/","name":"Forcadell","description":"Inmobiliaria Barcelona | Consultores inmobiliarios","potentialAction":[{"@type":"SearchAction","target":{"@type":"EntryPoint","urlTemplate":"https:\/\/forcadell.com\/ca\/?s={search_term_string}"},"query-input":{"@type":"PropertyValueSpecification","valueRequired":true,"valueName":"search_term_string"}}],"inLanguage":"ca"}]}},"_links":{"self":[{"href":"https:\/\/forcadell.com\/ca\/wp-json\/wp\/v2\/properties_post\/61947","targetHints":{"allow":["GET"]}}],"collection":[{"href":"https:\/\/forcadell.com\/ca\/wp-json\/wp\/v2\/properties_post"}],"about":[{"href":"https:\/\/forcadell.com\/ca\/wp-json\/wp\/v2\/types\/properties_post"}],"wp:attachment":[{"href":"https:\/\/forcadell.com\/ca\/wp-json\/wp\/v2\/media?parent=61947"}],"curies":[{"name":"wp","href":"https:\/\/api.w.org\/{rel}","templated":true}]}}