{"id":61944,"date":"2026-02-06T11:59:19","date_gmt":"2026-02-06T09:59:19","guid":{"rendered":"https:\/\/forcadell.com\/propiedades\/alquiler-oficina-en-avda-de-la-vega-madrid\/"},"modified":"2026-04-28T20:04:40","modified_gmt":"2026-04-28T18:04:40","slug":"alquiler-oficina-en-avda-de-la-vega-madrid","status":"publish","type":"properties_post","link":"https:\/\/forcadell.com\/ca\/propiedades\/alquiler-oficina-en-avda-de-la-vega-madrid\/","title":{"rendered":"Alquiler oficina en Avda. de la Vega, Madrid"},"content":{"rendered":"<p>Campus empresarial de altas prestaciones, recientemente renovado, concebido para ofrecer a las compa\u00f1\u00edas un entorno de trabajo inspirador, flexible y altamente eficiente. El complejo est\u00e1 compuesto por cuatro edificios que pueden conectarse entre s\u00ed, aportando una notable versatilidad para adaptarse a distintos modelos de ocupaci\u00f3n y crecimiento corporativo.<\/p>\n<p>Ubicado en la zona norte de Madrid, uno de los principales polos de negocio e innovaci\u00f3n de la capital, se sit\u00faa en el consolidado entorno empresarial de Arroyo de la Vega, en Alcobendas. Dispone de excelente accesibilidad desde la A-1 y se encuentra a tan solo 10 minutos del Aeropuerto Adolfo Su\u00e1rez Madrid-Barajas, lo que refuerza su atractivo estrat\u00e9gico tanto a nivel nacional como internacional.<\/p>\n<p>El campus se articula en torno a amplias zonas ajardinadas que integran \u00e1reas de descanso, gimnasio y pistas de p\u00e1del, creando un entorno equilibrado entre trabajo y bienestar. Complementa su oferta con cafeter\u00eda, zonas de coworking y salas de reuniones de uso com\u00fan, favoreciendo la colaboraci\u00f3n y la interacci\u00f3n entre usuarios.<\/p>\n<p>Los edificios, de cinco plantas sobre rasante, cuentan con dos s\u00f3tanos de aparcamiento y un semis\u00f3tano con acabados de oficina destinado a usos auxiliares. Las superficies de oficinas son di\u00e1fanas, con un ratio de ocupaci\u00f3n de 1 persona por cada 8 m\u00b2, y disfrutan de una excelente luz natural gracias a su fachada de muro cortina, que aporta luminosidad y una imagen arquitect\u00f3nica contempor\u00e1nea.<\/p>\n<p>En cuanto a calidades, dispone de falso techo registrable con luminarias empotradas, pavimento de granito en zonas comunes y falso suelo t\u00e9cnico para facilitar la instalaci\u00f3n de cableado. El sistema de climatizaci\u00f3n fr\u00edo\/calor, distribuido mediante fan coils a cuatro tubos, garantiza confort y flexibilidad. El complejo cuenta adem\u00e1s con sistemas de seguridad activos y pasivos 24 horas, control de accesos, servicio de recepci\u00f3n y parking en el propio edificio, con plazas adaptadas para veh\u00edculos el\u00e9ctricos, as\u00ed como un servicio de alquiler de bicicletas el\u00e9ctricas. Todo ello se completa con una cuidada zona deportiva y de restauraci\u00f3n, configurando un campus empresarial de referencia en el norte de Madrid.<\/p>\n<p>Transportes: Metro: L10 &#8211; La Moraleja. Autobuses interurbanos: 2, 5, 9, 10, 159.<\/p>\n<p>Renta Parking: 120\u20ac\/plaza\/mes.<\/p>\n<p>*Im\u00e1genes pertenecen a oficina tipo*<\/p>\n","protected":false},"template":"","class_list":["post-61944","properties_post","type-properties_post","status-publish","hentry","properties_modality-rent","properties_province-madrid","properties_zone-periferia","properties_state-alcobendas","properties_subclass-oficina","properties_type-oficina"],"acf":{"post_type_properties_post_property_code":"239069","post_type_properties_post_property_reference":"IE-196371","post_type_properties_post_owner_id":"31026","post_type_properties_post_owner_name":"CBRE REAL ESTATE SA","post_type_properties_post_property_code_encrypted":"MjkkMjM2MzY=","post_type_properties_post_published":"1","post_type_properties_post_property_visibility":"idealista","post_type_properties_post_contact_name":"Forcadell Oficinas Madrid","post_type_properties_post_contact_email":"forcadell.oficinas.madrid@movin.cloud","post_type_properties_post_contact_primary_phone_prefix":"34","post_type_properties_post_contact_primary_phone_number":"917886880","post_type_properties_post_address_visibility":"street","post_type_properties_post_address_country":"Spain","post_type_properties_post_address_coordinates_precision":"exact","post_type_properties_post_address_postal_code":"28100","post_type_properties_post_address_coordinates_latitude":"40.534342436756","post_type_properties_post_address_coordinates_longitude":"-3.630961021999","post_type_properties_post_address_street_name":"AV de la Vega 15","post_type_properties_post_address_floor":"3","post_type_properties_post_address_town":"Alcobendas","post_type_properties_post_building":null,"post_type_properties_post_property":[{"properties_post_description_language":"spanish","properties_post_title":"Alquiler oficina en Avda. de la Vega, Madrid","properties_post_short_description_text_alt":"","properties_post_description_text_alt":"","properties_post_short_description_text":"","properties_post_link_demanda_inmueble":"https:\/\/movin.cloud\/es\/Forcadell Oficinas Madrid\/formulario-peticion-inmueble\/sth\/2462&&239069","properties_post_link_demanda_calendario_inmueble":"https:\/\/movin.cloud\/es\/Forcadell Oficinas Madrid\/calendario-peticion-inmueble\/sth\/2462&&239069","properties_post_description_text":"Campus empresarial de altas prestaciones, recientemente renovado, concebido para ofrecer a las compa\u00f1\u00edas un entorno de trabajo inspirador, flexible y altamente eficiente. El complejo est\u00e1 compuesto por cuatro edificios que pueden conectarse entre s\u00ed, aportando una notable versatilidad para adaptarse a distintos modelos de ocupaci\u00f3n y crecimiento corporativo.\n\nUbicado en la zona norte de Madrid, uno de los principales polos de negocio e innovaci\u00f3n de la capital, se sit\u00faa en el consolidado entorno empresarial de Arroyo de la Vega, en Alcobendas. Dispone de excelente accesibilidad desde la A-1 y se encuentra a tan solo 10 minutos del Aeropuerto Adolfo Su\u00e1rez Madrid-Barajas, lo que refuerza su atractivo estrat\u00e9gico tanto a nivel nacional como internacional.\n\nEl campus se articula en torno a amplias zonas ajardinadas que integran \u00e1reas de descanso, gimnasio y pistas de p\u00e1del, creando un entorno equilibrado entre trabajo y bienestar. Complementa su oferta con cafeter\u00eda, zonas de coworking y salas de reuniones de uso com\u00fan, favoreciendo la colaboraci\u00f3n y la interacci\u00f3n entre usuarios.\n\nLos edificios, de cinco plantas sobre rasante, cuentan con dos s\u00f3tanos de aparcamiento y un semis\u00f3tano con acabados de oficina destinado a usos auxiliares. Las superficies de oficinas son di\u00e1fanas, con un ratio de ocupaci\u00f3n de 1 persona por cada 8 m\u00b2, y disfrutan de una excelente luz natural gracias a su fachada de muro cortina, que aporta luminosidad y una imagen arquitect\u00f3nica contempor\u00e1nea.\n\nEn cuanto a calidades, dispone de falso techo registrable con luminarias empotradas, pavimento de granito en zonas comunes y falso suelo t\u00e9cnico para facilitar la instalaci\u00f3n de cableado. El sistema de climatizaci\u00f3n fr\u00edo\/calor, distribuido mediante fan coils a cuatro tubos, garantiza confort y flexibilidad. El complejo cuenta adem\u00e1s con sistemas de seguridad activos y pasivos 24 horas, control de accesos, servicio de recepci\u00f3n y parking en el propio edificio, con plazas adaptadas para veh\u00edculos el\u00e9ctricos, as\u00ed como un servicio de alquiler de bicicletas el\u00e9ctricas. Todo ello se completa con una cuidada zona deportiva y de restauraci\u00f3n, configurando un campus empresarial de referencia en el norte de Madrid.\n\nTransportes: Metro: L10 - La Moraleja. Autobuses interurbanos: 2, 5, 9, 10, 159.\n\nRenta Parking: 120\u20ac\/plaza\/mes.\n\n*Im\u00e1genes pertenecen a oficina tipo*\n\n","properties_post_seo_title":"","properties_post_seo_alias":"","properties_post_seo_metadescription":"","properties_post_seo_key_words":"","properties_post_seo_url":"","properties_post_terms_conditions":""}],"post_type_properties_post_features_type":"office","post_type_properties_post_id_building":"","post_type_properties_post_features_area_constructed":1208,"post_type_properties_post_features_conditioned_air":true,"post_type_properties_post_features_doorman":false,"post_type_properties_post_features_heating":true,"post_type_properties_post_features_equipped_kitchen":false,"post_type_properties_post_features_windows_location":"exterior","post_type_properties_post_features_floors_property":false,"post_type_properties_post_features_storage":false,"post_type_properties_post_features_security_door":false,"post_type_properties_post_features_energy_certificate_rating":"D","post_type_properties_post_features_energy_certificate_emissions_rating":"D","post_type_properties_post_features_energy_certificate_emissions_value":"","post_type_properties_post_features_energy_certificate_performance":"","post_type_properties_post_features_bathroom_inside":false,"post_type_properties_post_precio":16310.7,"post_type_properties_post_precio_alquiler":16310.7,"post_type_properties_post_record_type_id":"Oficina","post_type_properties_post_categoria__producto":"Oficina","post_type_properties_post_amueblado":false,"post_type_properties_post_precio_m2":13.5,"post_type_properties_post_zona__comunitaria":false,"post_type_properties_post_electrodomesticos":false,"post_type_properties_post_patio__interior":true,"post_type_properties_post_certificado_energetico_general":"D","post_type_properties_post_certificado_energetico_consumo":"D","post_type_properties_post_certificado_energetico_valor_emisiones":"","post_type_properties_post_certificado_energetico_valor_consumo":"","post_type_properties_post_modalidad":"rent","post_type_properties_post_provincia":"Madrid","post_type_properties_post_poblacion":"Alcobendas","post_type_properties_post_centro__urbano":false,"post_type_properties_post_zonificacion":"Periferia","post_type_properties_post_cartera":"Segunda mano","post_type_properties_post_titulo_catalan":"","post_type_properties_post_internet_catalan":"","post_type_properties_post_titulo_castellano":"Alquiler oficina en Avda. de la Vega, Madrid","post_type_properties_post_internet_castellano":"Campus empresarial de altas prestaciones, recientemente renovado, concebido para ofrecer a las compa\u00f1\u00edas un entorno de trabajo inspirador, flexible y altamente eficiente. El complejo est\u00e1 compuesto por cuatro edificios que pueden conectarse entre s\u00ed, aportando una notable versatilidad para adaptarse a distintos modelos de ocupaci\u00f3n y crecimiento corporativo.\n\nUbicado en la zona norte de Madrid, uno de los principales polos de negocio e innovaci\u00f3n de la capital, se sit\u00faa en el consolidado entorno empresarial de Arroyo de la Vega, en Alcobendas. Dispone de excelente accesibilidad desde la A-1 y se encuentra a tan solo 10 minutos del Aeropuerto Adolfo Su\u00e1rez Madrid-Barajas, lo que refuerza su atractivo estrat\u00e9gico tanto a nivel nacional como internacional.\n\nEl campus se articula en torno a amplias zonas ajardinadas que integran \u00e1reas de descanso, gimnasio y pistas de p\u00e1del, creando un entorno equilibrado entre trabajo y bienestar. Complementa su oferta con cafeter\u00eda, zonas de coworking y salas de reuniones de uso com\u00fan, favoreciendo la colaboraci\u00f3n y la interacci\u00f3n entre usuarios.\n\nLos edificios, de cinco plantas sobre rasante, cuentan con dos s\u00f3tanos de aparcamiento y un semis\u00f3tano con acabados de oficina destinado a usos auxiliares. Las superficies de oficinas son di\u00e1fanas, con un ratio de ocupaci\u00f3n de 1 persona por cada 8 m\u00b2, y disfrutan de una excelente luz natural gracias a su fachada de muro cortina, que aporta luminosidad y una imagen arquitect\u00f3nica contempor\u00e1nea.\n\nEn cuanto a calidades, dispone de falso techo registrable con luminarias empotradas, pavimento de granito en zonas comunes y falso suelo t\u00e9cnico para facilitar la instalaci\u00f3n de cableado. El sistema de climatizaci\u00f3n fr\u00edo\/calor, distribuido mediante fan coils a cuatro tubos, garantiza confort y flexibilidad. El complejo cuenta adem\u00e1s con sistemas de seguridad activos y pasivos 24 horas, control de accesos, servicio de recepci\u00f3n y parking en el propio edificio, con plazas adaptadas para veh\u00edculos el\u00e9ctricos, as\u00ed como un servicio de alquiler de bicicletas el\u00e9ctricas. Todo ello se completa con una cuidada zona deportiva y de restauraci\u00f3n, configurando un campus empresarial de referencia en el norte de Madrid.\n\nTransportes: Metro: L10 - La Moraleja. Autobuses interurbanos: 2, 5, 9, 10, 159.\n\nRenta Parking: 120\u20ac\/plaza\/mes.\n\n*Im\u00e1genes pertenecen a oficina tipo*\n\n","post_type_properties_post_titulo_ingles":"","post_type_properties_post_internet_ingles":"","post_type_properties_post_features_classification_commercial":false,"post_type_properties_post_features_conservation":"","post_type_properties_post_features_security_personnel":false,"post_type_properties_post_features_parking_available":false,"post_type_properties_post_features_garage_capacity_type":"","post_type_properties_post_features_bathroom_number":"","post_type_properties_post_eje":"","post_type_properties_post_zona":"","post_type_properties_post_comarca":"","post_type_properties_post_features_built_year":"","post_type_properties_post_renta_mensual":15012,"post_type_properties_post_fianza":"","post_type_properties_post_features_area_plot":"","post_type_properties_post_features_area_buildable":"","post_type_properties_post_features_classification_industrial":false,"post_type_properties_post_distrito":"","post_type_properties_post_features_balcony":false,"post_type_properties_post_features_bedroom_number":"","post_type_properties_post_features_heating_type":"","post_type_properties_post_features_equipped_with_furniture":false,"post_type_properties_post_features_pets_allowed":false,"post_type_properties_post_features_pool":false,"post_type_properties_post_features_terrace":false,"post_type_properties_post_features_wardrobes":false,"post_type_properties_post_features_lift_available":false,"post_type_properties_post_features_handicap_adapted_access":false,"post_type_properties_post_features_orientation_east":false,"post_type_properties_post_features_orientation_west":false,"post_type_properties_post_features_orientation_north":false,"post_type_properties_post_features_orientation_south":false,"post_type_properties_post_features_parking_spaces_number":"","post_type_properties_post_features_security_alarm":false,"post_type_properties_post_features_security_system":false,"post_type_properties_post_open_plan":false,"post_type_properties_post_acceso_24_7":false,"post_type_properties_post_oficina_privada":false,"post_type_properties_post_sala_reuniones":false,"post_type_properties_post_espacio_eventos":false,"post_type_properties_post_office":false,"post_type_properties_post_restaurant":false,"post_type_properties_post_acepta_traspaso":false,"post_type_properties_post_vigilancia":true,"post_type_properties_post_features_suite":false,"post_type_properties_post_features_vitro":false,"post_type_properties_post_features_oven":false,"post_type_properties_post_features_microwave":false,"post_type_properties_post_features_washing_machine":false,"post_type_properties_post_features_dryer":false,"post_type_properties_post_features_dishwasher":false,"post_type_properties_post_features_fridge":false,"post_type_properties_post_features_fridge_mini":false,"post_type_properties_post_features_kettle":false,"post_type_properties_post_features_toaster":false,"post_type_properties_post_features_coffee_maker":false,"post_type_properties_post_features_iron":false,"post_type_properties_post_features_ironing_board":false,"post_type_properties_post_features_safe":false,"post_type_properties_post_features_internet":false,"post_type_properties_post_features_solarium":false,"post_type_properties_post_features_clean_service":false,"post_type_properties_post_features_t_v":false,"post_type_properties_post_features_satellite_t_v":false,"post_type_properties_post_features_gas_kitchen":false,"post_type_properties_post_features_view_mountain":false,"post_type_properties_post_features_view_sea":false,"post_type_properties_post_features_concierge":false,"post_type_properties_post_features_loading_dock":false,"post_type_properties_post_features_bridge_crane":false,"post_type_properties_post_features_located_at_corner":false,"post_type_properties_post_features_smoke_extraction":false,"post_type_properties_post_features_rooms":"","post_type_properties_post_features_garden_area":"","post_type_properties_post_features_utilities_water":false,"post_type_properties_post_features_utilities_electricity":false,"post_type_properties_post_features_utilities_natural_gas":false,"post_type_properties_post_features_building_adapted":false,"post_type_properties_post_features_garden":false,"post_type_properties_post_features_classification_hotel":false,"post_type_properties_post_features_classification_chalet":false,"post_type_properties_post_certificado_energetico_emisiones":"D","post_type_properties_post_barrio":"","post_type_properties_post_distrito_empresa":"","post_type_properties_post_features_property_category_intern":"","post_type_properties_post_implantada":false,"post_type_properties_post_sello_leed":"1","post_type_properties_post_sello_well":"","post_type_properties_post_sello_breeam":false,"post_type_properties_post_images":[{"properties_post_image_order":1,"properties_post_image_url":"https:\/\/movin.cloud\/empresas\/2462\/imagenes\/239069\/en-alquiler.webp","properties_post_image_url_thumbnail":"https:\/\/movin.cloud\/empresas\/2462\/imagenes\/thumbnails\/239069\/en-alquiler.webp","properties_post_title":"en alquiler","properties_post_alt":"en alquiler"},{"properties_post_image_order":2,"properties_post_image_url":"https:\/\/movin.cloud\/empresas\/2462\/imagenes\/239069\/alquilar.webp","properties_post_image_url_thumbnail":"https:\/\/movin.cloud\/empresas\/2462\/imagenes\/thumbnails\/239069\/alquilar.webp","properties_post_title":"alquilar","properties_post_alt":"alquilar"},{"properties_post_image_order":3,"properties_post_image_url":"https:\/\/movin.cloud\/empresas\/2462\/imagenes\/239069\/alquiler-para-idealista.webp","properties_post_image_url_thumbnail":"https:\/\/movin.cloud\/empresas\/2462\/imagenes\/thumbnails\/239069\/alquiler-para-idealista.webp","properties_post_title":"alquiler para idealista","properties_post_alt":"alquiler para idealista"},{"properties_post_image_order":4,"properties_post_image_url":"https:\/\/movin.cloud\/empresas\/2462\/imagenes\/239069\/alquiler-para-idealistas.webp","properties_post_image_url_thumbnail":"https:\/\/movin.cloud\/empresas\/2462\/imagenes\/thumbnails\/239069\/alquiler-para-idealistas.webp","properties_post_title":"alquiler para idealistas","properties_post_alt":"alquiler para idealistas"},{"properties_post_image_order":5,"properties_post_image_url":"https:\/\/movin.cloud\/empresas\/2462\/imagenes\/239069\/rent.webp","properties_post_image_url_thumbnail":"https:\/\/movin.cloud\/empresas\/2462\/imagenes\/thumbnails\/239069\/rent.webp","properties_post_title":"rent","properties_post_alt":"rent"},{"properties_post_image_order":6,"properties_post_image_url":"https:\/\/movin.cloud\/empresas\/2462\/imagenes\/239069\/inmobiliarias.webp","properties_post_image_url_thumbnail":"https:\/\/movin.cloud\/empresas\/2462\/imagenes\/thumbnails\/239069\/inmobiliarias.webp","properties_post_title":"inmobiliarias","properties_post_alt":"inmobiliarias"},{"properties_post_image_order":7,"properties_post_image_url":"https:\/\/movin.cloud\/empresas\/2462\/imagenes\/239069\/fincas.webp","properties_post_image_url_thumbnail":"https:\/\/movin.cloud\/empresas\/2462\/imagenes\/thumbnails\/239069\/fincas.webp","properties_post_title":"fincas","properties_post_alt":"fincas"},{"properties_post_image_order":8,"properties_post_image_url":"https:\/\/movin.cloud\/empresas\/2462\/imagenes\/239069\/habitalia.webp","properties_post_image_url_thumbnail":"https:\/\/movin.cloud\/empresas\/2462\/imagenes\/thumbnails\/239069\/habitalia.webp","properties_post_title":"habitalia","properties_post_alt":"habitalia"},{"properties_post_image_order":9,"properties_post_image_url":"https:\/\/movin.cloud\/empresas\/2462\/imagenes\/239069\/alquiler.webp","properties_post_image_url_thumbnail":"https:\/\/movin.cloud\/empresas\/2462\/imagenes\/thumbnails\/239069\/alquiler.webp","properties_post_title":"alquiler","properties_post_alt":"alquiler"},{"properties_post_image_order":10,"properties_post_image_url":"https:\/\/movin.cloud\/empresas\/2462\/imagenes\/239069\/alquiler-idealistas.webp","properties_post_image_url_thumbnail":"https:\/\/movin.cloud\/empresas\/2462\/imagenes\/thumbnails\/239069\/alquiler-idealistas.webp","properties_post_title":"alquiler idealistas","properties_post_alt":"alquiler idealistas"}],"post_type_properties_post_videos":null,"post_type_properties_post_tour":null,"post_type_properties_post_dossier_url":"","post_type_properties_post_operation_type":"rent","post_type_properties_post_operation_price":16310,"post_type_properties_post_features_hidden_price":false},"yoast_head":"<!-- This site is optimized with the Yoast SEO plugin v27.4 - https:\/\/yoast.com\/product\/yoast-seo-wordpress\/ -->\n<title>Alquiler oficina en Avda. de la Vega, Madrid - Forcadell<\/title>\n<meta name=\"robots\" content=\"index, follow, max-snippet:-1, max-image-preview:large, max-video-preview:-1\" \/>\n<link rel=\"canonical\" href=\"https:\/\/forcadell.com\/ca\/propiedades\/alquiler-oficina-en-avda-de-la-vega-madrid\/\" \/>\n<meta property=\"og:locale\" content=\"ca_ES\" \/>\n<meta property=\"og:type\" content=\"article\" \/>\n<meta property=\"og:title\" content=\"Alquiler oficina en Avda. de la Vega, Madrid - Forcadell\" \/>\n<meta property=\"og:description\" content=\"Campus empresarial de altas prestaciones, recientemente renovado, concebido para ofrecer a las compa\u00f1\u00edas un entorno de trabajo inspirador, flexible y altamente eficiente. El complejo est\u00e1 compuesto por cuatro edificios que pueden conectarse entre s\u00ed, aportando una notable versatilidad para adaptarse a distintos modelos de ocupaci\u00f3n y crecimiento corporativo. Ubicado en la zona norte de Madrid, [&hellip;]\" \/>\n<meta property=\"og:url\" content=\"https:\/\/forcadell.com\/ca\/propiedades\/alquiler-oficina-en-avda-de-la-vega-madrid\/\" \/>\n<meta property=\"og:site_name\" content=\"Forcadell\" \/>\n<meta property=\"article:modified_time\" content=\"2026-04-28T18:04:40+00:00\" \/>\n<meta name=\"twitter:card\" content=\"summary_large_image\" \/>\n<meta name=\"twitter:label1\" content=\"Temps estimat de lectura\" \/>\n\t<meta name=\"twitter:data1\" content=\"2 minuts\" \/>\n<!-- \/ Yoast SEO plugin. -->","yoast_head_json":{"title":"Alquiler oficina en Avda. de la Vega, Madrid - Forcadell","robots":{"index":"index","follow":"follow","max-snippet":"max-snippet:-1","max-image-preview":"max-image-preview:large","max-video-preview":"max-video-preview:-1"},"canonical":"https:\/\/forcadell.com\/ca\/propiedades\/alquiler-oficina-en-avda-de-la-vega-madrid\/","og_locale":"ca_ES","og_type":"article","og_title":"Alquiler oficina en Avda. de la Vega, Madrid - Forcadell","og_description":"Campus empresarial de altas prestaciones, recientemente renovado, concebido para ofrecer a las compa\u00f1\u00edas un entorno de trabajo inspirador, flexible y altamente eficiente. El complejo est\u00e1 compuesto por cuatro edificios que pueden conectarse entre s\u00ed, aportando una notable versatilidad para adaptarse a distintos modelos de ocupaci\u00f3n y crecimiento corporativo. Ubicado en la zona norte de Madrid, [&hellip;]","og_url":"https:\/\/forcadell.com\/ca\/propiedades\/alquiler-oficina-en-avda-de-la-vega-madrid\/","og_site_name":"Forcadell","article_modified_time":"2026-04-28T18:04:40+00:00","twitter_card":"summary_large_image","twitter_misc":{"Temps estimat de lectura":"2 minuts"},"schema":{"@context":"https:\/\/schema.org","@graph":[{"@type":"WebPage","@id":"https:\/\/forcadell.com\/ca\/propiedades\/alquiler-oficina-en-avda-de-la-vega-madrid\/","url":"https:\/\/forcadell.com\/ca\/propiedades\/alquiler-oficina-en-avda-de-la-vega-madrid\/","name":"Alquiler oficina en Avda. de la Vega, Madrid - Forcadell","isPartOf":{"@id":"https:\/\/forcadell.com\/ca\/#website"},"datePublished":"2026-02-06T09:59:19+00:00","dateModified":"2026-04-28T18:04:40+00:00","breadcrumb":{"@id":"https:\/\/forcadell.com\/ca\/propiedades\/alquiler-oficina-en-avda-de-la-vega-madrid\/#breadcrumb"},"inLanguage":"ca","potentialAction":[{"@type":"ReadAction","target":["https:\/\/forcadell.com\/ca\/propiedades\/alquiler-oficina-en-avda-de-la-vega-madrid\/"]}]},{"@type":"BreadcrumbList","@id":"https:\/\/forcadell.com\/ca\/propiedades\/alquiler-oficina-en-avda-de-la-vega-madrid\/#breadcrumb","itemListElement":[{"@type":"ListItem","position":1,"name":"Portada","item":"https:\/\/forcadell.com\/ca\/"},{"@type":"ListItem","position":2,"name":"Properties","item":"https:\/\/forcadell.com\/ca\/propiedades\/"},{"@type":"ListItem","position":3,"name":"Alquiler oficina en Avda. de la Vega, Madrid"}]},{"@type":"WebSite","@id":"https:\/\/forcadell.com\/ca\/#website","url":"https:\/\/forcadell.com\/ca\/","name":"Forcadell","description":"Inmobiliaria Barcelona | Consultores inmobiliarios","potentialAction":[{"@type":"SearchAction","target":{"@type":"EntryPoint","urlTemplate":"https:\/\/forcadell.com\/ca\/?s={search_term_string}"},"query-input":{"@type":"PropertyValueSpecification","valueRequired":true,"valueName":"search_term_string"}}],"inLanguage":"ca"}]}},"_links":{"self":[{"href":"https:\/\/forcadell.com\/ca\/wp-json\/wp\/v2\/properties_post\/61944","targetHints":{"allow":["GET"]}}],"collection":[{"href":"https:\/\/forcadell.com\/ca\/wp-json\/wp\/v2\/properties_post"}],"about":[{"href":"https:\/\/forcadell.com\/ca\/wp-json\/wp\/v2\/types\/properties_post"}],"wp:attachment":[{"href":"https:\/\/forcadell.com\/ca\/wp-json\/wp\/v2\/media?parent=61944"}],"curies":[{"name":"wp","href":"https:\/\/api.w.org\/{rel}","templated":true}]}}