{"id":61807,"date":"2026-02-04T11:20:32","date_gmt":"2026-02-04T09:20:32","guid":{"rendered":"https:\/\/forcadell.com\/propiedades\/oficina-en-alquiler-calle-julian-camarillo-madbit\/"},"modified":"2026-04-26T23:04:05","modified_gmt":"2026-04-26T21:04:05","slug":"oficina-en-alquiler-calle-julian-camarillo-madbit","status":"publish","type":"properties_post","link":"https:\/\/forcadell.com\/ca\/propiedades\/oficina-en-alquiler-calle-julian-camarillo-madbit\/","title":{"rendered":"Oficina en alquiler &#8211; Calle Juli\u00e1n Camarillo &#8211; Madbit"},"content":{"rendered":"<p>Oficina en alquiler en Madrid ubicada en la calle Juli\u00e1n Camarillo, en el Distrito MADBIT, conocido por ser una zona de negocios en crecimiento donde empresas del sector de tecnolog\u00eda, ingenier\u00eda y telecomunicaciones han establecido sus principales sedes. Adem\u00e1s, est\u00e1 rodeada de una gran variedad de servicios como restaurantes, parques p\u00fablicos y centros de formaci\u00f3n.<\/p>\n<p>Caracter\u00edsticas:<br \/>\n&#8211; Atrio principal para el uso de salas de reuniones, espacios de trabajo flexibles y eventos.<br \/>\n&#8211; Servicios de restauraci\u00f3n en el complejo.<br \/>\n&#8211; Cuenta con 13 ascensores y escaleras mec\u00e1nicas conectadas directamente desde el aparcamiento.<br \/>\n&#8211; Zonas verdes y jardines interiores.<br \/>\n&#8211; Gimnasio y zona de bienestar.<br \/>\n&#8211; Oficina distribuida en espacios di\u00e1fanos con excelente luz natural.<br \/>\n&#8211; Suelo t\u00e9cnico y falso techo con una altura libre de 2,90 m.<br \/>\n&#8211; 3 plantas subterr\u00e1neas de aparcamiento con zona de carga y descarga, plazas para veh\u00edculos el\u00e9ctricos y bicicletas.<\/p>\n<p>Privilegiada ubicaci\u00f3n a tan solo 10 minutos del aeropuerto de Barajas y f\u00e1cil acceso a la A2, M30 y M40. Cuenta con buena comunicaci\u00f3n al centro de Madrid a trav\u00e9s de la l\u00ednea de metro Ciudad Lineal y Garc\u00eda Noblejas.<\/p>\n<p>Transportes:<br \/>\nMetro: L5 &#8211; Ciudad Lineal; L7 &#8211; Garc\u00eda Noblejas<br \/>\nAutobuses urbanos: 4, 28, 38, 48, 70, 105<br \/>\nAutobuses interurbanos: 286, 288, 289<\/p>\n<p>*Im\u00e1genes pertenecen a oficina tipo*<\/p>\n","protected":false},"template":"","class_list":["post-61807","properties_post","type-properties_post","status-publish","hentry","properties_modality-rent","properties_district-san-blas-canillejas","properties_province-madrid","properties_zone-descentralizada","properties_state-madrid","properties_subclass-oficina","properties_type-oficina"],"acf":{"post_type_properties_post_property_code":"224070","post_type_properties_post_property_reference":"IE-199139","post_type_properties_post_owner_id":"49479","post_type_properties_post_owner_name":"SAVILLS RE SPAIN S.A.U","post_type_properties_post_property_code_encrypted":"MjkkODYzNw==","post_type_properties_post_published":"1","post_type_properties_post_property_visibility":"idealista","post_type_properties_post_contact_name":"Forcadell Oficinas Madrid","post_type_properties_post_contact_email":"forcadell.oficinas.madrid@movin.cloud","post_type_properties_post_contact_primary_phone_prefix":"34","post_type_properties_post_contact_primary_phone_number":"917886880","post_type_properties_post_address_visibility":"street","post_type_properties_post_address_country":"Spain","post_type_properties_post_address_coordinates_precision":"exact","post_type_properties_post_address_postal_code":"28037","post_type_properties_post_address_coordinates_latitude":"40.435275000002","post_type_properties_post_address_coordinates_longitude":"-3.627708999998","post_type_properties_post_address_street_name":"CL Juli\u00e1n Camarillo 31","post_type_properties_post_address_floor":"2","post_type_properties_post_address_town":"Madrid","post_type_properties_post_building":null,"post_type_properties_post_property":[{"properties_post_description_language":"spanish","properties_post_title":"Oficina en alquiler - Calle Juli\u00e1n Camarillo - Madbit","properties_post_short_description_text_alt":"","properties_post_description_text_alt":"","properties_post_short_description_text":"Oficina en alquiler - Calle Juli\u00e1n Camarillo - Madbit","properties_post_link_demanda_inmueble":"https:\/\/movin.cloud\/es\/Forcadell Oficinas Madrid\/formulario-peticion-inmueble\/sth\/2462&&224070","properties_post_link_demanda_calendario_inmueble":"https:\/\/movin.cloud\/es\/Forcadell Oficinas Madrid\/calendario-peticion-inmueble\/sth\/2462&&224070","properties_post_description_text":"Oficina en alquiler en Madrid ubicada en la calle Juli\u00e1n Camarillo, en el Distrito MADBIT, conocido por ser una zona de negocios en crecimiento donde empresas del sector de tecnolog\u00eda, ingenier\u00eda y telecomunicaciones han establecido sus principales sedes. Adem\u00e1s, est\u00e1 rodeada de una gran variedad de servicios como restaurantes, parques p\u00fablicos y centros de formaci\u00f3n.\n\nCaracter\u00edsticas:\n- Atrio principal para el uso de salas de reuniones, espacios de trabajo flexibles y eventos.\n- Servicios de restauraci\u00f3n en el complejo.\n- Cuenta con 13 ascensores y escaleras mec\u00e1nicas conectadas directamente desde el aparcamiento.\n- Zonas verdes y jardines interiores.\n- Gimnasio y zona de bienestar.\n- Oficina distribuida en espacios di\u00e1fanos con excelente luz natural.\n- Suelo t\u00e9cnico y falso techo con una altura libre de 2,90 m.\n- 3 plantas subterr\u00e1neas de aparcamiento con zona de carga y descarga, plazas para veh\u00edculos el\u00e9ctricos y bicicletas.\n\nPrivilegiada ubicaci\u00f3n a tan solo 10 minutos del aeropuerto de Barajas y f\u00e1cil acceso a la A2, M30 y M40. Cuenta con buena comunicaci\u00f3n al centro de Madrid a trav\u00e9s de la l\u00ednea de metro Ciudad Lineal y Garc\u00eda Noblejas.\n\nTransportes:\nMetro: L5 - Ciudad Lineal; L7 - Garc\u00eda Noblejas \nAutobuses urbanos: 4, 28, 38, 48, 70, 105 \nAutobuses interurbanos: 286, 288, 289\n\n*Im\u00e1genes pertenecen a oficina tipo*","properties_post_seo_title":"","properties_post_seo_alias":"","properties_post_seo_metadescription":"oficina alquiler madrid, alquiler oficina madrid, oficina madrid, oficina forcadell","properties_post_seo_key_words":"oficina alquiler madrid, alquiler oficina madrid, oficina madrid, madbit, alquiler oficina","properties_post_seo_url":"","properties_post_terms_conditions":""},{"properties_post_description_language":"english","properties_post_title":"Office for rent - Calle Juli\u00e1n Camarillo \u2013 Madbit","properties_post_short_description_text_alt":"","properties_post_description_text_alt":"","properties_post_short_description_text":"Office for rent in Madrid located in Juli\u00e1n Camarillo street, in the MADBIT District, known for being a growing business area where companies in the technology, engineering and telecommunications sector have established their main headquarters. In addition, it is surrounded by a wide variety of services such as restaurants, public parks and training centers.","properties_post_link_demanda_inmueble":"https:\/\/movin.cloud\/en\/Forcadell Oficinas Madrid\/property-form-request\/sth\/2462&&224070","properties_post_link_demanda_calendario_inmueble":"https:\/\/movin.cloud\/en\/Forcadell Oficinas Madrid\/property-calendar-request\/sth\/2462&&224070","properties_post_description_text":"Office for rent in Madrid located in Juli\u00e1n Camarillo street, in the MADBIT District, known for being a growing business area where companies in the technology, engineering and telecommunications sector have established their main headquarters. In addition, it is surrounded by a wide variety of services such as restaurants, public parks and training centers.\n\nFeatures:\n- Main atrium for use as meeting rooms, flexible workspaces and events.\n- Catering services in the complex.\n- 13 elevators and escalators connected directly from the parking garage.\n- Green areas and interior gardens.\n- Gymnasium and wellness area.\n- Office distributed in open spaces with excellent natural light.\n- Raised floor and false ceiling with a clear height of 2.90 m.\n- 3 subway parking floors with loading and unloading area, parking spaces for electric vehicles and bicycles.\n\nPrivileged location just 10 minutes from Barajas airport and easy access to the A2, M30 and M40. It has good communication to the center of Madrid through the metro line Ciudad Lineal and Garc\u00eda Noblejas.\n\nTransportation:\nMetro: L5 - Ciudad Lineal; L7 - Garc\u00eda Noblejas. \nCity buses: 4, 28, 38, 48, 48, 70, 105 \nIntercity buses: 286, 288, 289","properties_post_seo_title":"","properties_post_seo_alias":"","properties_post_seo_metadescription":"madrid office for rent, madrid office for rent, madrid office, madrid office, madrid office forcadell","properties_post_seo_key_words":"madrid office for rent, madrid office for rent, madrid office, madrid office, madrid office forcadell","properties_post_seo_url":"","properties_post_terms_conditions":""}],"post_type_properties_post_features_type":"office","post_type_properties_post_id_building":"","post_type_properties_post_features_area_constructed":1403,"post_type_properties_post_features_conditioned_air":true,"post_type_properties_post_features_doorman":false,"post_type_properties_post_features_heating":true,"post_type_properties_post_features_equipped_kitchen":false,"post_type_properties_post_features_windows_location":"exterior","post_type_properties_post_features_floors_property":false,"post_type_properties_post_features_storage":false,"post_type_properties_post_features_security_door":false,"post_type_properties_post_features_energy_certificate_rating":"A","post_type_properties_post_features_energy_certificate_emissions_rating":"A","post_type_properties_post_features_energy_certificate_emissions_value":"","post_type_properties_post_features_energy_certificate_performance":"","post_type_properties_post_features_bathroom_inside":false,"post_type_properties_post_precio":23165.01,"post_type_properties_post_precio_alquiler":23165.01,"post_type_properties_post_record_type_id":"Oficina","post_type_properties_post_categoria__producto":"Oficina","post_type_properties_post_amueblado":false,"post_type_properties_post_precio_m2":16.5,"post_type_properties_post_zona__comunitaria":false,"post_type_properties_post_electrodomesticos":false,"post_type_properties_post_patio__interior":false,"post_type_properties_post_certificado_energetico_general":"A","post_type_properties_post_certificado_energetico_consumo":"A","post_type_properties_post_certificado_energetico_valor_emisiones":"","post_type_properties_post_certificado_energetico_valor_consumo":"","post_type_properties_post_modalidad":"rent","post_type_properties_post_provincia":"Madrid","post_type_properties_post_poblacion":"Madrid","post_type_properties_post_centro__urbano":false,"post_type_properties_post_zonificacion":"Descentralizada","post_type_properties_post_cartera":"Segunda mano","post_type_properties_post_titulo_catalan":"","post_type_properties_post_internet_catalan":"","post_type_properties_post_titulo_castellano":"Oficina en alquiler - Calle Juli\u00e1n Camarillo - Madbit","post_type_properties_post_internet_castellano":"Oficina en alquiler en Madrid ubicada en la calle Juli\u00e1n Camarillo, en el Distrito MADBIT, conocido por ser una zona de negocios en crecimiento donde empresas del sector de tecnolog\u00eda, ingenier\u00eda y telecomunicaciones han establecido sus principales sedes. Adem\u00e1s, est\u00e1 rodeada de una gran variedad de servicios como restaurantes, parques p\u00fablicos y centros de formaci\u00f3n.\n\nCaracter\u00edsticas:\n- Atrio principal para el uso de salas de reuniones, espacios de trabajo flexibles y eventos.\n- Servicios de restauraci\u00f3n en el complejo.\n- Cuenta con 13 ascensores y escaleras mec\u00e1nicas conectadas directamente desde el aparcamiento.\n- Zonas verdes y jardines interiores.\n- Gimnasio y zona de bienestar.\n- Oficina distribuida en espacios di\u00e1fanos con excelente luz natural.\n- Suelo t\u00e9cnico y falso techo con una altura libre de 2,90 m.\n- 3 plantas subterr\u00e1neas de aparcamiento con zona de carga y descarga, plazas para veh\u00edculos el\u00e9ctricos y bicicletas.\n\nPrivilegiada ubicaci\u00f3n a tan solo 10 minutos del aeropuerto de Barajas y f\u00e1cil acceso a la A2, M30 y M40. Cuenta con buena comunicaci\u00f3n al centro de Madrid a trav\u00e9s de la l\u00ednea de metro Ciudad Lineal y Garc\u00eda Noblejas.\n\nTransportes:\nMetro: L5 - Ciudad Lineal; L7 - Garc\u00eda Noblejas \nAutobuses urbanos: 4, 28, 38, 48, 70, 105 \nAutobuses interurbanos: 286, 288, 289\n\n*Im\u00e1genes pertenecen a oficina tipo*","post_type_properties_post_titulo_ingles":"Office for rent - Calle Juli\u00e1n Camarillo \u2013 Madbit","post_type_properties_post_internet_ingles":"Office for rent in Madrid located in Juli\u00e1n Camarillo street, in the MADBIT District, known for being a growing business area where companies in the technology, engineering and telecommunications sector have established their main headquarters. In addition, it is surrounded by a wide variety of services such as restaurants, public parks and training centers.\n\nFeatures:\n- Main atrium for use as meeting rooms, flexible workspaces and events.\n- Catering services in the complex.\n- 13 elevators and escalators connected directly from the parking garage.\n- Green areas and interior gardens.\n- Gymnasium and wellness area.\n- Office distributed in open spaces with excellent natural light.\n- Raised floor and false ceiling with a clear height of 2.90 m.\n- 3 subway parking floors with loading and unloading area, parking spaces for electric vehicles and bicycles.\n\nPrivileged location just 10 minutes from Barajas airport and easy access to the A2, M30 and M40. It has good communication to the center of Madrid through the metro line Ciudad Lineal and Garc\u00eda Noblejas.\n\nTransportation:\nMetro: L5 - Ciudad Lineal; L7 - Garc\u00eda Noblejas. \nCity buses: 4, 28, 38, 48, 48, 70, 105 \nIntercity buses: 286, 288, 289","post_type_properties_post_features_classification_commercial":false,"post_type_properties_post_features_conservation":"","post_type_properties_post_features_security_personnel":false,"post_type_properties_post_features_parking_available":false,"post_type_properties_post_features_garage_capacity_type":"","post_type_properties_post_features_bathroom_number":"","post_type_properties_post_eje":"","post_type_properties_post_zona":"","post_type_properties_post_comarca":"","post_type_properties_post_features_built_year":"","post_type_properties_post_renta_mensual":23165.01,"post_type_properties_post_fianza":"","post_type_properties_post_features_area_plot":"","post_type_properties_post_features_area_buildable":"","post_type_properties_post_features_classification_industrial":false,"post_type_properties_post_distrito":"","post_type_properties_post_features_balcony":false,"post_type_properties_post_features_bedroom_number":"","post_type_properties_post_features_heating_type":"","post_type_properties_post_features_equipped_with_furniture":false,"post_type_properties_post_features_pets_allowed":false,"post_type_properties_post_features_pool":false,"post_type_properties_post_features_terrace":false,"post_type_properties_post_features_wardrobes":false,"post_type_properties_post_features_lift_available":false,"post_type_properties_post_features_handicap_adapted_access":false,"post_type_properties_post_features_orientation_east":false,"post_type_properties_post_features_orientation_west":false,"post_type_properties_post_features_orientation_north":false,"post_type_properties_post_features_orientation_south":false,"post_type_properties_post_features_parking_spaces_number":"","post_type_properties_post_features_security_alarm":false,"post_type_properties_post_features_security_system":false,"post_type_properties_post_open_plan":false,"post_type_properties_post_acceso_24_7":false,"post_type_properties_post_oficina_privada":false,"post_type_properties_post_sala_reuniones":false,"post_type_properties_post_espacio_eventos":false,"post_type_properties_post_office":false,"post_type_properties_post_restaurant":false,"post_type_properties_post_acepta_traspaso":false,"post_type_properties_post_vigilancia":true,"post_type_properties_post_features_suite":false,"post_type_properties_post_features_vitro":false,"post_type_properties_post_features_oven":false,"post_type_properties_post_features_microwave":false,"post_type_properties_post_features_washing_machine":false,"post_type_properties_post_features_dryer":false,"post_type_properties_post_features_dishwasher":false,"post_type_properties_post_features_fridge":false,"post_type_properties_post_features_fridge_mini":false,"post_type_properties_post_features_kettle":false,"post_type_properties_post_features_toaster":false,"post_type_properties_post_features_coffee_maker":false,"post_type_properties_post_features_iron":false,"post_type_properties_post_features_ironing_board":false,"post_type_properties_post_features_safe":false,"post_type_properties_post_features_internet":false,"post_type_properties_post_features_solarium":false,"post_type_properties_post_features_clean_service":false,"post_type_properties_post_features_t_v":false,"post_type_properties_post_features_satellite_t_v":false,"post_type_properties_post_features_gas_kitchen":false,"post_type_properties_post_features_view_mountain":false,"post_type_properties_post_features_view_sea":false,"post_type_properties_post_features_concierge":false,"post_type_properties_post_features_loading_dock":false,"post_type_properties_post_features_bridge_crane":false,"post_type_properties_post_features_located_at_corner":false,"post_type_properties_post_features_smoke_extraction":false,"post_type_properties_post_features_rooms":"","post_type_properties_post_features_garden_area":"","post_type_properties_post_features_utilities_water":false,"post_type_properties_post_features_utilities_electricity":false,"post_type_properties_post_features_utilities_natural_gas":false,"post_type_properties_post_features_building_adapted":false,"post_type_properties_post_features_garden":false,"post_type_properties_post_features_classification_hotel":false,"post_type_properties_post_features_classification_chalet":false,"post_type_properties_post_certificado_energetico_emisiones":"A","post_type_properties_post_barrio":"","post_type_properties_post_distrito_empresa":"San Blas-Canillejas","post_type_properties_post_features_property_category_intern":"","post_type_properties_post_implantada":false,"post_type_properties_post_sello_leed":"2","post_type_properties_post_sello_well":"","post_type_properties_post_sello_breeam":false,"post_type_properties_post_images":[{"properties_post_image_order":1,"properties_post_image_url":"https:\/\/movin.cloud\/empresas\/2462\/imagenes\/224070\/inmobiliarias.webp","properties_post_image_url_thumbnail":"https:\/\/movin.cloud\/empresas\/2462\/imagenes\/thumbnails\/224070\/inmobiliarias.webp","properties_post_title":"inmobiliarias","properties_post_alt":"inmobiliarias"},{"properties_post_image_order":2,"properties_post_image_url":"https:\/\/movin.cloud\/empresas\/2462\/imagenes\/224070\/viviendas.webp","properties_post_image_url_thumbnail":"https:\/\/movin.cloud\/empresas\/2462\/imagenes\/thumbnails\/224070\/viviendas.webp","properties_post_title":"viviendas","properties_post_alt":"viviendas"},{"properties_post_image_order":3,"properties_post_image_url":"https:\/\/movin.cloud\/empresas\/2462\/imagenes\/224070\/alquiler-madrid.webp","properties_post_image_url_thumbnail":"https:\/\/movin.cloud\/empresas\/2462\/imagenes\/thumbnails\/224070\/alquiler-madrid.webp","properties_post_title":"alquiler madrid","properties_post_alt":"alquiler madrid"},{"properties_post_image_order":4,"properties_post_image_url":"https:\/\/movin.cloud\/empresas\/2462\/imagenes\/224070\/en-alquiler-madrid.webp","properties_post_image_url_thumbnail":"https:\/\/movin.cloud\/empresas\/2462\/imagenes\/thumbnails\/224070\/en-alquiler-madrid.webp","properties_post_title":"en alquiler madrid","properties_post_alt":"en alquiler madrid"},{"properties_post_image_order":5,"properties_post_image_url":"https:\/\/movin.cloud\/empresas\/2462\/imagenes\/224070\/alquiler-para-idealistas.webp","properties_post_image_url_thumbnail":"https:\/\/movin.cloud\/empresas\/2462\/imagenes\/thumbnails\/224070\/alquiler-para-idealistas.webp","properties_post_title":"alquiler para idealistas","properties_post_alt":"alquiler para idealistas"},{"properties_post_image_order":6,"properties_post_image_url":"https:\/\/movin.cloud\/empresas\/2462\/imagenes\/224070\/rent.webp","properties_post_image_url_thumbnail":"https:\/\/movin.cloud\/empresas\/2462\/imagenes\/thumbnails\/224070\/rent.webp","properties_post_title":"rent","properties_post_alt":"rent"},{"properties_post_image_order":7,"properties_post_image_url":"https:\/\/movin.cloud\/empresas\/2462\/imagenes\/224070\/fincas.webp","properties_post_image_url_thumbnail":"https:\/\/movin.cloud\/empresas\/2462\/imagenes\/thumbnails\/224070\/fincas.webp","properties_post_title":"fincas","properties_post_alt":"fincas"},{"properties_post_image_order":8,"properties_post_image_url":"https:\/\/movin.cloud\/empresas\/2462\/imagenes\/224070\/inmobiliaria.webp","properties_post_image_url_thumbnail":"https:\/\/movin.cloud\/empresas\/2462\/imagenes\/thumbnails\/224070\/inmobiliaria.webp","properties_post_title":"inmobiliaria","properties_post_alt":"inmobiliaria"}],"post_type_properties_post_videos":null,"post_type_properties_post_tour":null,"post_type_properties_post_dossier_url":"","post_type_properties_post_operation_type":"rent","post_type_properties_post_operation_price":23165,"post_type_properties_post_features_hidden_price":false},"yoast_head":"<!-- This site is optimized with the Yoast SEO plugin v25.6 - https:\/\/yoast.com\/wordpress\/plugins\/seo\/ -->\n<title>Oficina en alquiler - Calle Juli\u00e1n Camarillo - Madbit - Forcadell<\/title>\n<meta name=\"robots\" content=\"index, follow, max-snippet:-1, max-image-preview:large, max-video-preview:-1\" \/>\n<link rel=\"canonical\" href=\"https:\/\/forcadell.com\/ca\/propiedades\/oficina-en-alquiler-calle-julian-camarillo-madbit\/\" \/>\n<meta property=\"og:locale\" content=\"ca_ES\" \/>\n<meta property=\"og:type\" content=\"article\" \/>\n<meta property=\"og:title\" content=\"Oficina en alquiler - Calle Juli\u00e1n Camarillo - Madbit - Forcadell\" \/>\n<meta property=\"og:description\" content=\"Oficina en alquiler en Madrid ubicada en la calle Juli\u00e1n Camarillo, en el Distrito MADBIT, conocido por ser una zona de negocios en crecimiento donde empresas del sector de tecnolog\u00eda, ingenier\u00eda y telecomunicaciones han establecido sus principales sedes. Adem\u00e1s, est\u00e1 rodeada de una gran variedad de servicios como restaurantes, parques p\u00fablicos y centros de formaci\u00f3n. [&hellip;]\" \/>\n<meta property=\"og:url\" content=\"https:\/\/forcadell.com\/ca\/propiedades\/oficina-en-alquiler-calle-julian-camarillo-madbit\/\" \/>\n<meta property=\"og:site_name\" content=\"Forcadell\" \/>\n<meta property=\"article:modified_time\" content=\"2026-04-26T21:04:05+00:00\" \/>\n<meta name=\"twitter:card\" content=\"summary_large_image\" \/>\n<meta name=\"twitter:label1\" content=\"Temps estimat de lectura\" \/>\n\t<meta name=\"twitter:data1\" content=\"1 minut\" \/>\n<!-- \/ Yoast SEO plugin. -->","yoast_head_json":{"title":"Oficina en alquiler - Calle Juli\u00e1n Camarillo - Madbit - Forcadell","robots":{"index":"index","follow":"follow","max-snippet":"max-snippet:-1","max-image-preview":"max-image-preview:large","max-video-preview":"max-video-preview:-1"},"canonical":"https:\/\/forcadell.com\/ca\/propiedades\/oficina-en-alquiler-calle-julian-camarillo-madbit\/","og_locale":"ca_ES","og_type":"article","og_title":"Oficina en alquiler - Calle Juli\u00e1n Camarillo - Madbit - Forcadell","og_description":"Oficina en alquiler en Madrid ubicada en la calle Juli\u00e1n Camarillo, en el Distrito MADBIT, conocido por ser una zona de negocios en crecimiento donde empresas del sector de tecnolog\u00eda, ingenier\u00eda y telecomunicaciones han establecido sus principales sedes. Adem\u00e1s, est\u00e1 rodeada de una gran variedad de servicios como restaurantes, parques p\u00fablicos y centros de formaci\u00f3n. [&hellip;]","og_url":"https:\/\/forcadell.com\/ca\/propiedades\/oficina-en-alquiler-calle-julian-camarillo-madbit\/","og_site_name":"Forcadell","article_modified_time":"2026-04-26T21:04:05+00:00","twitter_card":"summary_large_image","twitter_misc":{"Temps estimat de lectura":"1 minut"},"schema":{"@context":"https:\/\/schema.org","@graph":[{"@type":"WebPage","@id":"https:\/\/forcadell.com\/ca\/propiedades\/oficina-en-alquiler-calle-julian-camarillo-madbit\/","url":"https:\/\/forcadell.com\/ca\/propiedades\/oficina-en-alquiler-calle-julian-camarillo-madbit\/","name":"Oficina en alquiler - Calle Juli\u00e1n Camarillo - Madbit - Forcadell","isPartOf":{"@id":"https:\/\/forcadell.com\/ca\/#website"},"datePublished":"2026-02-04T09:20:32+00:00","dateModified":"2026-04-26T21:04:05+00:00","breadcrumb":{"@id":"https:\/\/forcadell.com\/ca\/propiedades\/oficina-en-alquiler-calle-julian-camarillo-madbit\/#breadcrumb"},"inLanguage":"ca","potentialAction":[{"@type":"ReadAction","target":["https:\/\/forcadell.com\/ca\/propiedades\/oficina-en-alquiler-calle-julian-camarillo-madbit\/"]}]},{"@type":"BreadcrumbList","@id":"https:\/\/forcadell.com\/ca\/propiedades\/oficina-en-alquiler-calle-julian-camarillo-madbit\/#breadcrumb","itemListElement":[{"@type":"ListItem","position":1,"name":"Portada","item":"https:\/\/forcadell.com\/ca\/"},{"@type":"ListItem","position":2,"name":"Properties","item":"https:\/\/forcadell.com\/ca\/propiedades\/"},{"@type":"ListItem","position":3,"name":"Oficina en alquiler &#8211; Calle Juli\u00e1n Camarillo &#8211; Madbit"}]},{"@type":"WebSite","@id":"https:\/\/forcadell.com\/ca\/#website","url":"https:\/\/forcadell.com\/ca\/","name":"Forcadell","description":"Inmobiliaria Barcelona | Consultores inmobiliarios","potentialAction":[{"@type":"SearchAction","target":{"@type":"EntryPoint","urlTemplate":"https:\/\/forcadell.com\/ca\/?s={search_term_string}"},"query-input":{"@type":"PropertyValueSpecification","valueRequired":true,"valueName":"search_term_string"}}],"inLanguage":"ca"}]}},"_links":{"self":[{"href":"https:\/\/forcadell.com\/ca\/wp-json\/wp\/v2\/properties_post\/61807"}],"collection":[{"href":"https:\/\/forcadell.com\/ca\/wp-json\/wp\/v2\/properties_post"}],"about":[{"href":"https:\/\/forcadell.com\/ca\/wp-json\/wp\/v2\/types\/properties_post"}],"wp:attachment":[{"href":"https:\/\/forcadell.com\/ca\/wp-json\/wp\/v2\/media?parent=61807"}],"curies":[{"name":"wp","href":"https:\/\/api.w.org\/{rel}","templated":true}]}}